{"id":4225,"date":"2026-02-20T10:15:05","date_gmt":"2026-02-20T13:15:05","guid":{"rendered":"https:\/\/radioportoseguro.com.br\/site\/2026\/02\/20\/israel-o-grande-milagre-do-oriente-medio\/"},"modified":"2026-02-20T10:15:05","modified_gmt":"2026-02-20T13:15:05","slug":"israel-o-grande-milagre-do-oriente-medio","status":"publish","type":"post","link":"https:\/\/radioportoseguro.com.br\/site\/2026\/02\/20\/israel-o-grande-milagre-do-oriente-medio\/","title":{"rendered":"Israel, o grande milagre do Oriente M\u00e9dio"},"content":{"rendered":"<p><br \/>\n<br \/><\/p>\n<div>\n<p><span style=\"font-weight: 400;\">Durante um evento com a comunidade judaica, realizado no Memorial do Holocausto de S\u00e3o Paulo, em conversa com o jornalista e escritor Victor Grinbaum, surgiu uma reflex\u00e3o sobre dois retratos distintos dos judeus: o que a m\u00eddia aberta costuma difundir e o que se encontra na vida real.<\/span><\/p>\n<p><span style=\"font-weight: 400;\">Na m\u00eddia, frequentemente s\u00e3o apresentados como colonizadores, imperialistas, ricos, brancos e at\u00e9 mesmo como \u201cdonos do mundo\u201d. Essa caricatura, marcada por estere\u00f3tipos, contrasta fortemente com a realidade cotidiana da maioria dos judeus. Longe de qualquer ideia de domina\u00e7\u00e3o global, s\u00e3o pessoas que enfrentam os mesmos desafios que qualquer cidad\u00e3o: trabalham duro, lutam para pagar as contas e convivem com d\u00favidas e incertezas comuns a todos.<\/span><\/p>\n<p><span style=\"font-weight: 400;\">Grande parte da popula\u00e7\u00e3o brasileira \u2014 inclusive setores evang\u00e9licos \u2014 desconhece a geografia e a complexidade geopol\u00edtica de Israel. Esse desconhecimento alimenta vis\u00f5es distorcidas.<\/span><\/p>\n<p><span style=\"font-weight: 400;\">Os judeus, na pr\u00e1tica, formam um povo diverso, sem uniformidade cultural, pol\u00edtica ou religiosa. A liberdade de express\u00e3o e o debate de ideias s\u00e3o valores centrais. N\u00e3o \u00e9 raro que diverg\u00eancias internas se tornem intensas, a ponto de um ditado popular afirmar: \u201conde estiverem tr\u00eas judeus, haver\u00e1 quatro opini\u00f5es\u201d.<\/span><\/p>\n<p><span style=\"font-weight: 400;\">Apesar das diferen\u00e7as, h\u00e1 um consenso marcante: os judeus se reconhecem como um milagre hist\u00f3rico. A travessia do deserto com Mois\u00e9s \u00e9 apenas o primeiro de muitos epis\u00f3dios de sobreviv\u00eancia e resist\u00eancia que marcaram sua trajet\u00f3ria.<\/span><\/p>\n<p><span style=\"font-weight: 400;\">O antissemitismo, por sua vez, possui ra\u00edzes espirituais profundas e precisa ser compreendido nesse contexto para que se possa analisar de forma mais ampla o Oriente M\u00e9dio.<\/span><\/p>\n<p><span style=\"font-weight: 400;\">Quando se estudam os n\u00fameros, a percep\u00e7\u00e3o sobre Israel tamb\u00e9m se transforma:<\/span><\/p>\n<p><span style=\"font-weight: 400;\">&#8211; Israel ocupa apenas 0,3% da \u00e1rea do Oriente M\u00e9dio<\/span><\/p>\n<p><span style=\"font-weight: 400;\">&#8211; Sua extens\u00e3o territorial \u00e9 de aproximadamente 22 mil km\u00b2<\/span><\/p>\n<p><span style=\"font-weight: 400;\">&#8211; O Oriente M\u00e9dio, em sua totalidade, soma cerca de 7 milh\u00f5es de km\u00b2<\/span><\/p>\n<p><span style=\"font-weight: 400;\">&#8211; 90% da regi\u00e3o \u00e9 isl\u00e2mica<\/span><\/p>\n<p><span style=\"font-weight: 400;\">Esses dados ajudam a dimensionar a realidade de Israel e a desfazer mitos que ainda persistem no imagin\u00e1rio coletivo.<\/span><\/p>\n<p><span style=\"font-weight: 400;\">No v\u00eddeo apresento mais detalhes:<\/span><\/p>\n<blockquote class=\"instagram-media\" style=\"background: #FFF; border: 0; border-radius: 3px; box-shadow: 0 0 1px 0 rgba(0,0,0,0.5),0 1px 10px 0 rgba(0,0,0,0.15); margin: 1px; max-width: 540px; min-width: 326px; padding: 0; width: calc(100% - 2px);\" data-instgrm-captioned=\"\" data-instgrm-permalink=\"https:\/\/www.instagram.com\/reel\/DTBgG58gLP5\/?utm_source=ig_embed&amp;utm_campaign=loading\" data-instgrm-version=\"14\"><p>&#13;<br \/>\n&#13;\n<\/p><\/blockquote>\n<p><strong>Silas Anast\u00e1cio<\/strong><span style=\"font-weight: 400;\"> \u00e9 fundador do Minist\u00e9rio Davar, evangelista e expositor b\u00edblico com s\u00f3lida atua\u00e7\u00e3o h\u00e1 mais de uma d\u00e9cada em temas relacionados ao Estado de Israel e \u00e0 comunidade judaica. Tamb\u00e9m desempenha papel estrat\u00e9gico nos bastidores da m\u00eddia evang\u00e9lica, contribuindo para a articula\u00e7\u00e3o e divulga\u00e7\u00e3o de conte\u00fados que fortalecem os valores\u00a0da\u00a0f\u00e9\u00a0crist\u00e3.<\/span><\/p>\n<p><em><span style=\"font-weight: 400;\">* O conte\u00fado do texto acima \u00e9 de colabora\u00e7\u00e3o volunt\u00e1ria, seu teor \u00e9 de total responsabilidade do autor e n\u00e3o reflete necessariamente a opini\u00e3o do Portal Guiame.<\/span><\/em><\/p>\n<p><span style=\"font-weight: 400;\">Leia o artigo anterior: <span style=\"color: #993300;\"><strong>StandWithUs Brasil: Igor Sabino ressalta liberdade religiosa em Israel<\/strong><\/span><\/span><\/p>\n<\/div>\n<p><script async src=\"\/\/www.instagram.com\/embed.js\"><\/script><br \/>\n<br \/><br \/>\n<br \/>Fonte: Guiame <\/p>\n","protected":false},"excerpt":{"rendered":"<p>Durante um evento com a comunidade judaica, realizado no Memorial do Holocausto de S\u00e3o Paulo, em conversa com o jornalista e escritor Victor Grinbaum, surgiu uma reflex\u00e3o sobre dois retratos distintos dos judeus: o que a m\u00eddia aberta costuma difundir e o que se encontra na vida real. Na m\u00eddia, frequentemente s\u00e3o apresentados como colonizadores, [&hellip;]<\/p>\n","protected":false},"author":1,"featured_media":4226,"comment_status":"","ping_status":"open","sticky":false,"template":"","format":"standard","meta":{"footnotes":""},"categories":[43],"tags":[],"class_list":["post-4225","post","type-post","status-publish","format-standard","has-post-thumbnail","hentry","category-destaques"],"yoast_head":"<!-- This site is optimized with the Yoast SEO plugin v26.8 - https:\/\/yoast.com\/product\/yoast-seo-wordpress\/ -->\n<title>Israel, o grande milagre do Oriente M\u00e9dio - R\u00e1dio Porto Seguro<\/title>\n<meta name=\"robots\" content=\"index, follow, max-snippet:-1, max-image-preview:large, max-video-preview:-1\" \/>\n<link rel=\"canonical\" href=\"https:\/\/radioportoseguro.com.br\/site\/2026\/02\/20\/israel-o-grande-milagre-do-oriente-medio\/\" \/>\n<meta property=\"og:locale\" content=\"pt_BR\" \/>\n<meta property=\"og:type\" content=\"article\" \/>\n<meta property=\"og:title\" content=\"Israel, o grande milagre do Oriente M\u00e9dio - R\u00e1dio Porto Seguro\" \/>\n<meta property=\"og:description\" content=\"Durante um evento com a comunidade judaica, realizado no Memorial do Holocausto de S\u00e3o Paulo, em conversa com o jornalista e escritor Victor Grinbaum, surgiu uma reflex\u00e3o sobre dois retratos distintos dos judeus: o que a m\u00eddia aberta costuma difundir e o que se encontra na vida real. Na m\u00eddia, frequentemente s\u00e3o apresentados como colonizadores, [&hellip;]\" \/>\n<meta property=\"og:url\" content=\"https:\/\/radioportoseguro.com.br\/site\/2026\/02\/20\/israel-o-grande-milagre-do-oriente-medio\/\" \/>\n<meta property=\"og:site_name\" content=\"R\u00e1dio Porto Seguro\" \/>\n<meta property=\"article:published_time\" content=\"2026-02-20T13:15:05+00:00\" \/>\n<meta property=\"og:image\" content=\"https:\/\/media.guiame.com.br\/archives\/2026\/02\/19\/2062305656-benjamin-netanyahu.jpeg\" \/>\n<meta name=\"author\" content=\"admin\" \/>\n<meta name=\"twitter:card\" content=\"summary_large_image\" \/>\n<meta name=\"twitter:label1\" content=\"Escrito por\" \/>\n\t<meta name=\"twitter:data1\" content=\"admin\" \/>\n\t<meta name=\"twitter:label2\" content=\"Est. tempo de leitura\" \/>\n\t<meta name=\"twitter:data2\" content=\"2 minutos\" \/>\n<script type=\"application\/ld+json\" class=\"yoast-schema-graph\">{\"@context\":\"https:\/\/schema.org\",\"@graph\":[{\"@type\":\"Article\",\"@id\":\"https:\/\/radioportoseguro.com.br\/site\/2026\/02\/20\/israel-o-grande-milagre-do-oriente-medio\/#article\",\"isPartOf\":{\"@id\":\"https:\/\/radioportoseguro.com.br\/site\/2026\/02\/20\/israel-o-grande-milagre-do-oriente-medio\/\"},\"author\":{\"name\":\"admin\",\"@id\":\"https:\/\/radioportoseguro.com.br\/site\/#\/schema\/person\/7630acdc320186f13639d3c067ec089b\"},\"headline\":\"Israel, o grande milagre do Oriente M\u00e9dio\",\"datePublished\":\"2026-02-20T13:15:05+00:00\",\"mainEntityOfPage\":{\"@id\":\"https:\/\/radioportoseguro.com.br\/site\/2026\/02\/20\/israel-o-grande-milagre-do-oriente-medio\/\"},\"wordCount\":476,\"image\":{\"@id\":\"https:\/\/radioportoseguro.com.br\/site\/2026\/02\/20\/israel-o-grande-milagre-do-oriente-medio\/#primaryimage\"},\"thumbnailUrl\":\"https:\/\/radioportoseguro.com.br\/site\/wp-content\/uploads\/2026\/02\/2062305656-benjamin-netanyahu.jpeg\",\"articleSection\":[\"Destaques\"],\"inLanguage\":\"pt-BR\"},{\"@type\":\"WebPage\",\"@id\":\"https:\/\/radioportoseguro.com.br\/site\/2026\/02\/20\/israel-o-grande-milagre-do-oriente-medio\/\",\"url\":\"https:\/\/radioportoseguro.com.br\/site\/2026\/02\/20\/israel-o-grande-milagre-do-oriente-medio\/\",\"name\":\"Israel, o grande milagre do Oriente M\u00e9dio - R\u00e1dio Porto Seguro\",\"isPartOf\":{\"@id\":\"https:\/\/radioportoseguro.com.br\/site\/#website\"},\"primaryImageOfPage\":{\"@id\":\"https:\/\/radioportoseguro.com.br\/site\/2026\/02\/20\/israel-o-grande-milagre-do-oriente-medio\/#primaryimage\"},\"image\":{\"@id\":\"https:\/\/radioportoseguro.com.br\/site\/2026\/02\/20\/israel-o-grande-milagre-do-oriente-medio\/#primaryimage\"},\"thumbnailUrl\":\"https:\/\/radioportoseguro.com.br\/site\/wp-content\/uploads\/2026\/02\/2062305656-benjamin-netanyahu.jpeg\",\"datePublished\":\"2026-02-20T13:15:05+00:00\",\"author\":{\"@id\":\"https:\/\/radioportoseguro.com.br\/site\/#\/schema\/person\/7630acdc320186f13639d3c067ec089b\"},\"breadcrumb\":{\"@id\":\"https:\/\/radioportoseguro.com.br\/site\/2026\/02\/20\/israel-o-grande-milagre-do-oriente-medio\/#breadcrumb\"},\"inLanguage\":\"pt-BR\",\"potentialAction\":[{\"@type\":\"ReadAction\",\"target\":[\"https:\/\/radioportoseguro.com.br\/site\/2026\/02\/20\/israel-o-grande-milagre-do-oriente-medio\/\"]}]},{\"@type\":\"ImageObject\",\"inLanguage\":\"pt-BR\",\"@id\":\"https:\/\/radioportoseguro.com.br\/site\/2026\/02\/20\/israel-o-grande-milagre-do-oriente-medio\/#primaryimage\",\"url\":\"https:\/\/radioportoseguro.com.br\/site\/wp-content\/uploads\/2026\/02\/2062305656-benjamin-netanyahu.jpeg\",\"contentUrl\":\"https:\/\/radioportoseguro.com.br\/site\/wp-content\/uploads\/2026\/02\/2062305656-benjamin-netanyahu.jpeg\",\"width\":1200,\"height\":600},{\"@type\":\"BreadcrumbList\",\"@id\":\"https:\/\/radioportoseguro.com.br\/site\/2026\/02\/20\/israel-o-grande-milagre-do-oriente-medio\/#breadcrumb\",\"itemListElement\":[{\"@type\":\"ListItem\",\"position\":1,\"name\":\"In\u00edcio\",\"item\":\"https:\/\/radioportoseguro.com.br\/site\/\"},{\"@type\":\"ListItem\",\"position\":2,\"name\":\"Israel, o grande milagre do Oriente M\u00e9dio\"}]},{\"@type\":\"WebSite\",\"@id\":\"https:\/\/radioportoseguro.com.br\/site\/#website\",\"url\":\"https:\/\/radioportoseguro.com.br\/site\/\",\"name\":\"R\u00e1dio Porto Seguro\",\"description\":\"\",\"potentialAction\":[{\"@type\":\"SearchAction\",\"target\":{\"@type\":\"EntryPoint\",\"urlTemplate\":\"https:\/\/radioportoseguro.com.br\/site\/?s={search_term_string}\"},\"query-input\":{\"@type\":\"PropertyValueSpecification\",\"valueRequired\":true,\"valueName\":\"search_term_string\"}}],\"inLanguage\":\"pt-BR\"},{\"@type\":\"Person\",\"@id\":\"https:\/\/radioportoseguro.com.br\/site\/#\/schema\/person\/7630acdc320186f13639d3c067ec089b\",\"name\":\"admin\",\"image\":{\"@type\":\"ImageObject\",\"inLanguage\":\"pt-BR\",\"@id\":\"https:\/\/radioportoseguro.com.br\/site\/#\/schema\/person\/image\/\",\"url\":\"https:\/\/secure.gravatar.com\/avatar\/caacf4dc1eedb68fab0df8e1ed46c448e578b2466351bbcb61e47d2ac0caaef0?s=96&d=mm&r=g\",\"contentUrl\":\"https:\/\/secure.gravatar.com\/avatar\/caacf4dc1eedb68fab0df8e1ed46c448e578b2466351bbcb61e47d2ac0caaef0?s=96&d=mm&r=g\",\"caption\":\"admin\"},\"sameAs\":[\"https:\/\/radioportoseguro.com.br\/site\"],\"url\":\"https:\/\/radioportoseguro.com.br\/site\/author\/hezio\/\"}]}<\/script>\n<!-- \/ Yoast SEO plugin. -->","yoast_head_json":{"title":"Israel, o grande milagre do Oriente M\u00e9dio - R\u00e1dio Porto Seguro","robots":{"index":"index","follow":"follow","max-snippet":"max-snippet:-1","max-image-preview":"max-image-preview:large","max-video-preview":"max-video-preview:-1"},"canonical":"https:\/\/radioportoseguro.com.br\/site\/2026\/02\/20\/israel-o-grande-milagre-do-oriente-medio\/","og_locale":"pt_BR","og_type":"article","og_title":"Israel, o grande milagre do Oriente M\u00e9dio - R\u00e1dio Porto Seguro","og_description":"Durante um evento com a comunidade judaica, realizado no Memorial do Holocausto de S\u00e3o Paulo, em conversa com o jornalista e escritor Victor Grinbaum, surgiu uma reflex\u00e3o sobre dois retratos distintos dos judeus: o que a m\u00eddia aberta costuma difundir e o que se encontra na vida real. Na m\u00eddia, frequentemente s\u00e3o apresentados como colonizadores, [&hellip;]","og_url":"https:\/\/radioportoseguro.com.br\/site\/2026\/02\/20\/israel-o-grande-milagre-do-oriente-medio\/","og_site_name":"R\u00e1dio Porto Seguro","article_published_time":"2026-02-20T13:15:05+00:00","og_image":[{"url":"https:\/\/media.guiame.com.br\/archives\/2026\/02\/19\/2062305656-benjamin-netanyahu.jpeg","type":"","width":"","height":""}],"author":"admin","twitter_card":"summary_large_image","twitter_misc":{"Escrito por":"admin","Est. tempo de leitura":"2 minutos"},"schema":{"@context":"https:\/\/schema.org","@graph":[{"@type":"Article","@id":"https:\/\/radioportoseguro.com.br\/site\/2026\/02\/20\/israel-o-grande-milagre-do-oriente-medio\/#article","isPartOf":{"@id":"https:\/\/radioportoseguro.com.br\/site\/2026\/02\/20\/israel-o-grande-milagre-do-oriente-medio\/"},"author":{"name":"admin","@id":"https:\/\/radioportoseguro.com.br\/site\/#\/schema\/person\/7630acdc320186f13639d3c067ec089b"},"headline":"Israel, o grande milagre do Oriente M\u00e9dio","datePublished":"2026-02-20T13:15:05+00:00","mainEntityOfPage":{"@id":"https:\/\/radioportoseguro.com.br\/site\/2026\/02\/20\/israel-o-grande-milagre-do-oriente-medio\/"},"wordCount":476,"image":{"@id":"https:\/\/radioportoseguro.com.br\/site\/2026\/02\/20\/israel-o-grande-milagre-do-oriente-medio\/#primaryimage"},"thumbnailUrl":"https:\/\/radioportoseguro.com.br\/site\/wp-content\/uploads\/2026\/02\/2062305656-benjamin-netanyahu.jpeg","articleSection":["Destaques"],"inLanguage":"pt-BR"},{"@type":"WebPage","@id":"https:\/\/radioportoseguro.com.br\/site\/2026\/02\/20\/israel-o-grande-milagre-do-oriente-medio\/","url":"https:\/\/radioportoseguro.com.br\/site\/2026\/02\/20\/israel-o-grande-milagre-do-oriente-medio\/","name":"Israel, o grande milagre do Oriente M\u00e9dio - R\u00e1dio Porto Seguro","isPartOf":{"@id":"https:\/\/radioportoseguro.com.br\/site\/#website"},"primaryImageOfPage":{"@id":"https:\/\/radioportoseguro.com.br\/site\/2026\/02\/20\/israel-o-grande-milagre-do-oriente-medio\/#primaryimage"},"image":{"@id":"https:\/\/radioportoseguro.com.br\/site\/2026\/02\/20\/israel-o-grande-milagre-do-oriente-medio\/#primaryimage"},"thumbnailUrl":"https:\/\/radioportoseguro.com.br\/site\/wp-content\/uploads\/2026\/02\/2062305656-benjamin-netanyahu.jpeg","datePublished":"2026-02-20T13:15:05+00:00","author":{"@id":"https:\/\/radioportoseguro.com.br\/site\/#\/schema\/person\/7630acdc320186f13639d3c067ec089b"},"breadcrumb":{"@id":"https:\/\/radioportoseguro.com.br\/site\/2026\/02\/20\/israel-o-grande-milagre-do-oriente-medio\/#breadcrumb"},"inLanguage":"pt-BR","potentialAction":[{"@type":"ReadAction","target":["https:\/\/radioportoseguro.com.br\/site\/2026\/02\/20\/israel-o-grande-milagre-do-oriente-medio\/"]}]},{"@type":"ImageObject","inLanguage":"pt-BR","@id":"https:\/\/radioportoseguro.com.br\/site\/2026\/02\/20\/israel-o-grande-milagre-do-oriente-medio\/#primaryimage","url":"https:\/\/radioportoseguro.com.br\/site\/wp-content\/uploads\/2026\/02\/2062305656-benjamin-netanyahu.jpeg","contentUrl":"https:\/\/radioportoseguro.com.br\/site\/wp-content\/uploads\/2026\/02\/2062305656-benjamin-netanyahu.jpeg","width":1200,"height":600},{"@type":"BreadcrumbList","@id":"https:\/\/radioportoseguro.com.br\/site\/2026\/02\/20\/israel-o-grande-milagre-do-oriente-medio\/#breadcrumb","itemListElement":[{"@type":"ListItem","position":1,"name":"In\u00edcio","item":"https:\/\/radioportoseguro.com.br\/site\/"},{"@type":"ListItem","position":2,"name":"Israel, o grande milagre do Oriente M\u00e9dio"}]},{"@type":"WebSite","@id":"https:\/\/radioportoseguro.com.br\/site\/#website","url":"https:\/\/radioportoseguro.com.br\/site\/","name":"R\u00e1dio Porto Seguro","description":"","potentialAction":[{"@type":"SearchAction","target":{"@type":"EntryPoint","urlTemplate":"https:\/\/radioportoseguro.com.br\/site\/?s={search_term_string}"},"query-input":{"@type":"PropertyValueSpecification","valueRequired":true,"valueName":"search_term_string"}}],"inLanguage":"pt-BR"},{"@type":"Person","@id":"https:\/\/radioportoseguro.com.br\/site\/#\/schema\/person\/7630acdc320186f13639d3c067ec089b","name":"admin","image":{"@type":"ImageObject","inLanguage":"pt-BR","@id":"https:\/\/radioportoseguro.com.br\/site\/#\/schema\/person\/image\/","url":"https:\/\/secure.gravatar.com\/avatar\/caacf4dc1eedb68fab0df8e1ed46c448e578b2466351bbcb61e47d2ac0caaef0?s=96&d=mm&r=g","contentUrl":"https:\/\/secure.gravatar.com\/avatar\/caacf4dc1eedb68fab0df8e1ed46c448e578b2466351bbcb61e47d2ac0caaef0?s=96&d=mm&r=g","caption":"admin"},"sameAs":["https:\/\/radioportoseguro.com.br\/site"],"url":"https:\/\/radioportoseguro.com.br\/site\/author\/hezio\/"}]}},"_links":{"self":[{"href":"https:\/\/radioportoseguro.com.br\/site\/wp-json\/wp\/v2\/posts\/4225","targetHints":{"allow":["GET"]}}],"collection":[{"href":"https:\/\/radioportoseguro.com.br\/site\/wp-json\/wp\/v2\/posts"}],"about":[{"href":"https:\/\/radioportoseguro.com.br\/site\/wp-json\/wp\/v2\/types\/post"}],"author":[{"embeddable":true,"href":"https:\/\/radioportoseguro.com.br\/site\/wp-json\/wp\/v2\/users\/1"}],"replies":[{"embeddable":true,"href":"https:\/\/radioportoseguro.com.br\/site\/wp-json\/wp\/v2\/comments?post=4225"}],"version-history":[{"count":0,"href":"https:\/\/radioportoseguro.com.br\/site\/wp-json\/wp\/v2\/posts\/4225\/revisions"}],"wp:featuredmedia":[{"embeddable":true,"href":"https:\/\/radioportoseguro.com.br\/site\/wp-json\/wp\/v2\/media\/4226"}],"wp:attachment":[{"href":"https:\/\/radioportoseguro.com.br\/site\/wp-json\/wp\/v2\/media?parent=4225"}],"wp:term":[{"taxonomy":"category","embeddable":true,"href":"https:\/\/radioportoseguro.com.br\/site\/wp-json\/wp\/v2\/categories?post=4225"},{"taxonomy":"post_tag","embeddable":true,"href":"https:\/\/radioportoseguro.com.br\/site\/wp-json\/wp\/v2\/tags?post=4225"}],"curies":[{"name":"wp","href":"https:\/\/api.w.org\/{rel}","templated":true}]}}