{"id":4227,"date":"2026-02-20T12:19:37","date_gmt":"2026-02-20T15:19:37","guid":{"rendered":"https:\/\/radioportoseguro.com.br\/site\/2026\/02\/20\/as-dinamicas-da-vida-espiritual-em-richard-f-lovelace-o-desafio-de-ser-confrontado\/"},"modified":"2026-02-20T12:19:37","modified_gmt":"2026-02-20T15:19:37","slug":"as-dinamicas-da-vida-espiritual-em-richard-f-lovelace-o-desafio-de-ser-confrontado","status":"publish","type":"post","link":"https:\/\/radioportoseguro.com.br\/site\/2026\/02\/20\/as-dinamicas-da-vida-espiritual-em-richard-f-lovelace-o-desafio-de-ser-confrontado\/","title":{"rendered":"As din\u00e2micas da vida espiritual em Richard F. Lovelace: O desafio de ser confrontado"},"content":{"rendered":"<p><br \/>\n<br \/><\/p>\n<div>\n<p><strong><em>1. Introdu\u00e7\u00e3o: \u201cA Teologia Evang\u00e9lica da Renova\u00e7\u00e3o\u201d\u00a0<\/em><\/strong><\/p>\n<p><span style=\"font-weight: 400;\">O livro <\/span><strong>&#8220;Din\u00e2micas da Vida Espiritual: Uma Teologia Evang\u00e9lica de Renova\u00e7\u00e3o&#8221; <\/strong><span style=\"font-weight: 400;\">(originalmente <\/span><em><span style=\"font-weight: 400;\">Dynamics of Spiritual Life: An Evangelical Theology of Renewal<\/span><\/em><span style=\"font-weight: 400;\">), de Richard F. Lovelace, professor em\u00e9rito de Hist\u00f3ria da Igreja no <\/span><em><span style=\"font-weight: 400;\">Gordon-Conwell Theological Seminary<\/span><\/em><span style=\"font-weight: 400;\">, \u00e9 amplamente reconhecido como um manual cl\u00e1ssico de teologia espiritual. Publicado em 1979 (e reeditado com acr\u00e9scimos), ele se prop\u00f5e a ser mais do que uma mera descri\u00e7\u00e3o da experi\u00eancia crist\u00e3; \u00e9 uma an\u00e1lise hist\u00f3rica, teol\u00f3gica e pastoral dos movimentos de avivamento e renova\u00e7\u00e3o na igreja, oferecendo um <\/span><em><span style=\"font-weight: 400;\">blueprint <\/span><\/em><span style=\"font-weight: 400;\">(projeto) para a vitalidade espiritual individual e corporativa.\u00a0<\/span><\/p>\n<p><span style=\"font-weight: 400;\">O objetivo central de Lovelace \u00e9 articular uma abordagem abrangente \u00e0 renova\u00e7\u00e3o da igreja, que unifique modelos de diferentes tradi\u00e7\u00f5es protestantes, combinando a espiritualidade individual com a corporativa, o ativismo social e o evangelismo. A obra busca construir uma ponte entre a teologia pastoral cl\u00e1ssica e as novas abordagens da psicologia pastoral.\u00a0<\/span><\/p>\n<p><strong><em>2. Fundamentos Hist\u00f3ricos e Teol\u00f3gicos\u00a0<\/em><\/strong><\/p>\n<p><span style=\"font-weight: 400;\">A primeira metade do livro estabelece uma base hist\u00f3rica e teol\u00f3gica, examinando os movimentos de despertamento desde a Reforma.\u00a0<\/span><\/p>\n<p><strong>A. O Ciclo de Decl\u00ednio e Renova\u00e7\u00e3o. <\/strong><span style=\"font-weight: 400;\">Lovelace, como historiador, observa um padr\u00e3o c\u00edclico na hist\u00f3ria da igreja: um per\u00edodo de vitalidade e expans\u00e3o \u00e9 seguido por um de decl\u00ednio espiritual (caracterizado por legalismo, emocionalismo subjetivo, superficialidade e conformidade cultural) que, por sua vez, exige a interven\u00e7\u00e3o de Deus atrav\u00e9s de um avivamento ou renova\u00e7\u00e3o.\u00a0<\/span><\/p>\n<p><span style=\"font-weight: 400;\">O autor define o avivamento n\u00e3o como um mero entusiasmo religioso extraordin\u00e1rio, mas como uma restaura\u00e7\u00e3o \u00e0 vida espiritual normal ap\u00f3s um per\u00edodo de decl\u00ednio corporativo. \u00c9 um movimento em grande escala do Esp\u00edrito Santo que intensifica a vitalidade espiritual na igreja e fomenta sua expans\u00e3o mission\u00e1ria e evangel\u00edstica.\u00a0<\/span><\/p>\n<p><strong>B. \u00canfase na Teologia de Jonathan Edwards. <\/strong><span style=\"font-weight: 400;\">Uma \u00eanfase particular \u00e9 dada \u00e0 teologia da renova\u00e7\u00e3o de Jonathan Edwards (1703-1758), uma figura-chave no Primeiro Grande Despertamento. Lovelace utiliza Edwards para sublinhar a necessidade de uma obra sobrenatural do Esp\u00edrito, ao mesmo tempo que alerta contra o emocionalismo<\/span><\/p>\n<p><span style=\"font-weight: 400;\">descontrolado e a substitui\u00e7\u00e3o da verdadeira piedade por um mero ativismo humano ou por uma ades\u00e3o r\u00edgida a dogmas.\u00a0<\/span><\/p>\n<p><strong><em>3. Os Ingredientes Essenciais da Renova\u00e7\u00e3o\u00a0<\/em><\/strong><\/p>\n<p><span style=\"font-weight: 400;\">O cerne da tese de Lovelace, frequentemente resumido na p\u00e1gina 75 do livro, \u00e9 que a hist\u00f3ria revela consistentemente os ingredientes necess\u00e1rios para a renova\u00e7\u00e3o pessoal, corporativa e social. Ele isola os elementos que constituem a &#8220;ortodoxia viva&#8221; (ou vitalidade espiritual), que incluem:\u00a0<\/span><\/p>\n<p><strong>A. Consci\u00eancia da Santidade e do Pecado. <\/strong><span style=\"font-weight: 400;\">A renova\u00e7\u00e3o \u00e9 precedida por duas consci\u00eancias cruciais:\u00a0<\/span><\/p>\n<p>&#8211; Uma consci\u00eancia da Santidade de Deus, em particular Sua justi\u00e7a e amor.<\/p>\n<p>&#8211; Uma consci\u00eancia profunda da extens\u00e3o do Pecado, tanto na vida individual quanto na comunidade.\u00a0<\/p>\n<p>Lovelace argumenta que, sem um senso claro do abismo entre a santidade de Deus e a profundidade do pecado humano, o evangelho perde sua urg\u00eancia e poder transformador.\u00a0<\/p>\n<p><strong>B. O Equil\u00edbrio: Justi<\/strong><span style=\"font-weight: 400;\">fi<\/span><strong>ca\u00e7\u00e3o e Santi<\/strong><span style=\"font-weight: 400;\">fi<\/span><strong>ca\u00e7\u00e3o. <\/strong><span style=\"font-weight: 400;\">Lovelace aborda a &#8220;lacuna da santifica\u00e7\u00e3o&#8221; (o <\/span><em><span style=\"font-weight: 400;\">sancti<\/span><\/em><span style=\"font-weight: 400;\">fi<\/span><em><span style=\"font-weight: 400;\">cation gap<\/span><\/em><span style=\"font-weight: 400;\">), que \u00e9 o hiato entre a realidade da justifica\u00e7\u00e3o (ser aceito por Deus) e a experi\u00eancia de uma vida transformada (santifica\u00e7\u00e3o progressiva). O autor critica uma teologia que enfatiza a justifica\u00e7\u00e3o (aceita\u00e7\u00e3o perdoada) de modo que negligencia o poder do Esp\u00edrito para a liberta\u00e7\u00e3o do dom\u00ednio do pecado (santifica\u00e7\u00e3o).\u00a0<\/span><\/p>\n<p><span style=\"font-weight: 400;\">Ele afirma que a seguran\u00e7a do crente prov\u00e9m da justifica\u00e7\u00e3o \u2014 a aceita\u00e7\u00e3o em Cristo, independentemente das realiza\u00e7\u00f5es espirituais atuais. Esta seguran\u00e7a gera uma confian\u00e7a relaxada, que \u00e9 a base a partir da qual o crente, por amor e gratid\u00e3o, avan\u00e7a na obedi\u00eancia (santifica\u00e7\u00e3o), dependendo do Esp\u00edrito Santo.\u00a0<\/span><\/p>\n<p><strong><em>4. Implica\u00e7\u00f5es Pr\u00e1ticas da Din\u00e2mica\u00a0<\/em><\/strong><\/p>\n<p><span style=\"font-weight: 400;\">A segunda metade do livro se aprofunda nos elementos pr\u00e1ticos dos movimentos de renova\u00e7\u00e3o, destacando suas implica\u00e7\u00f5es para a vida da igreja contempor\u00e2nea.\u00a0<\/span><\/p>\n<p><strong>A. A Renova\u00e7\u00e3o na Congrega\u00e7\u00e3o Local. <\/strong><span style=\"font-weight: 400;\">Lovelace examina quest\u00f5es pr\u00e1ticas, como a renova\u00e7\u00e3o da <\/span><strong>congrega\u00e7\u00e3o local<\/strong><span style=\"font-weight: 400;\">, e os perigos inerentes aos avivamentos (como eles podem &#8220;dar errado&#8221;).\u00a0<\/span><\/p>\n<p><strong>B. O Papel da Ora\u00e7\u00e3o e do Ativismo Social. <\/strong><span style=\"font-weight: 400;\">O autor consistentemente enfatiza a necessidade do compromisso em grande escala com a ora\u00e7\u00e3o como o motor por tr\u00e1s de todo avivamento genu\u00edno. Al\u00e9m disso, ele desafia a dicotomia entre f\u00e9 e a\u00e7\u00e3o social, argumentando que uma espiritualidade vital se manifesta tanto na piedade pessoal quanto na preocupa\u00e7\u00e3o com o reino de Deus na esfera social e cultural. Lovelace prop\u00f5e um modelo de renova\u00e7\u00e3o que integra:\u00a0<\/span><\/p>\n<p><span style=\"font-weight: 400;\">&#8211; <\/span><strong>Piedade Pessoal: <\/strong><span style=\"font-weight: 400;\">Foco no crescimento interior e depend\u00eancia do Esp\u00edrito.\u00a0<\/span><\/p>\n<p><span style=\"font-weight: 400;\">&#8211; <\/span><strong>Vida Comunit\u00e1ria: <\/strong><span style=\"font-weight: 400;\">Renova\u00e7\u00e3o da igreja como corpo.\u00a0<\/span><\/p>\n<p><span style=\"font-weight: 400;\">&#8211; <\/span><strong>Miss\u00e3o e Evangelismo: <\/strong><span style=\"font-weight: 400;\">Expans\u00e3o do Reino.\u00a0<\/span><\/p>\n<p><span style=\"font-weight: 400;\">&#8211; <\/span><strong>A\u00e7\u00e3o Social: <\/strong><span style=\"font-weight: 400;\">Envolvimento nas quest\u00f5es de justi\u00e7a e cultura.\u00a0<\/span><\/p>\n<p><strong><em>5. Conclus\u00e3o e Legado\u00a0<\/em><\/strong><\/p>\n<p><em><span style=\"font-weight: 400;\">&#8220;Din\u00e2micas da Vida Espiritual&#8221; <\/span><\/em><span style=\"font-weight: 400;\">permanece uma obra fundamental para a teologia da vida crist\u00e3 e para os estudos de eclesiologia pr\u00e1tica. O legado de Lovelace reside na sua capacidade de unir a erudi\u00e7\u00e3o do historiador da igreja com a perspic\u00e1cia pastoral, fornecendo um quadro coerente para a renova\u00e7\u00e3o evang\u00e9lica.\u00a0<\/span><\/p>\n<p><span style=\"font-weight: 400;\">A principal contribui\u00e7\u00e3o da obra \u00e9 a sua proposta de um modelo de renova\u00e7\u00e3o que \u00e9 biblicamente fundamentado e historicamente informado, rejeitando tanto o ativismo vazio de doutrina quanto o intelectualismo que ignora a obra vitalizadora do Esp\u00edrito Santo. O livro \u00e9 um chamado prof\u00e9tico cont\u00ednuo \u00e0 igreja para buscar um despertamento que n\u00e3o se baseie no emocionalismo, mas na santifica\u00e7\u00e3o e na demonstra\u00e7\u00e3o da vida de Cristo em todas as dimens\u00f5es da exist\u00eancia.\u00a0<\/span><\/p>\n<p><em><span style=\"font-weight: 400;\">Acesse mais sobre o assunto no podcast:\u00a0<\/span><\/em><\/p>\n<p style=\"text-align: center;\"><strong><div class=\"ose-youtube ose-uid-4c531ab9b9792a60129a0692f8eb6fa0 ose-embedpress-responsive\" style=\"width:600px; height:600px; max-height:600px; max-width:100%; display:inline-block;\" data-embed-type=\"Youtube\"><iframe allowFullScreen=\"true\" title=\"\ud83d\udce2#57 As Din\u00e2micas da Vida Espiritual em Richard F. Lovelace: O Desafio de Ser Confrontado #podcast\" width=\"600\" height=\"600\" src=\"https:\/\/www.youtube.com\/embed\/sbS5zSk5cRY?feature=oembed&color=red&rel=0&controls=1&start=&end=&fs=0&iv_load_policy=0&autoplay=0&mute=0&modestbranding=0&cc_load_policy=1&playsinline=1\" frameborder=\"0\" allow=\"accelerometer; encrypted-media;accelerometer;autoplay;clipboard-write;gyroscope;picture-in-picture clipboard-write; encrypted-media; gyroscope; picture-in-picture; web-share\" referrerpolicy=\"strict-origin-when-cross-origin\" allowfullscreen><\/iframe><\/div><\/strong><\/p>\n<p><strong>Daniel Santos Ramos<\/strong><span style=\"font-weight: 400;\"> (@profdanielramos) \u00e9 professor (Portugu\u00eas\/Ingl\u00eas &#8211; SEE-MG, EJA\/EM\/EFII), colunista do Guia-me e professor de Teologia em diversos semin\u00e1rios. Possui Licenciatura em Letras (2024), Bacharelado\/Mestrado em Teologia (2013\/2015) e p\u00f3s-gradua\u00e7\u00e3o em Doc\u00eancia. Autor de 2 livros de Teologia, tem mais de 20 anos de experi\u00eancia ministerial e \u00e9 membro da Assembleia\u00a0de\u00a0Deus\u00a0em\u00a0BH.<\/span><\/p>\n<p><em><span style=\"font-weight: 400;\">* O conte\u00fado do texto acima \u00e9 uma colabora\u00e7\u00e3o volunt\u00e1ria, de total responsabilidade do autor e n\u00e3o reflete necessariamente a opini\u00e3o do Portal Guiame.<\/span><\/em><\/p>\n<p><span style=\"font-weight: 400;\">Leia o artigo anterior:<\/span><span style=\"color: #993300;\"><strong> As indulg\u00eancias da igreja na p\u00f3s-modernidade\u00a0<\/strong><\/span><\/p>\n<\/div>\n<p><br \/>\n<br \/>Fonte: Guiame <\/p>\n","protected":false},"excerpt":{"rendered":"<p>1. Introdu\u00e7\u00e3o: \u201cA Teologia Evang\u00e9lica da Renova\u00e7\u00e3o\u201d\u00a0 O livro &#8220;Din\u00e2micas da Vida Espiritual: Uma Teologia Evang\u00e9lica de Renova\u00e7\u00e3o&#8221; (originalmente Dynamics of Spiritual Life: An Evangelical Theology of Renewal), de Richard F. Lovelace, professor em\u00e9rito de Hist\u00f3ria da Igreja no Gordon-Conwell Theological Seminary, \u00e9 amplamente reconhecido como um manual cl\u00e1ssico de teologia espiritual. Publicado em 1979 [&hellip;]<\/p>\n","protected":false},"author":1,"featured_media":4228,"comment_status":"","ping_status":"open","sticky":false,"template":"","format":"standard","meta":{"footnotes":""},"categories":[43],"tags":[],"class_list":["post-4227","post","type-post","status-publish","format-standard","has-post-thumbnail","hentry","category-destaques"],"yoast_head":"<!-- This site is optimized with the Yoast SEO plugin v26.8 - https:\/\/yoast.com\/product\/yoast-seo-wordpress\/ -->\n<title>As din\u00e2micas da vida espiritual em Richard F. Lovelace: O desafio de ser confrontado - R\u00e1dio Porto Seguro<\/title>\n<meta name=\"robots\" content=\"index, follow, max-snippet:-1, max-image-preview:large, max-video-preview:-1\" \/>\n<link rel=\"canonical\" href=\"https:\/\/radioportoseguro.com.br\/site\/2026\/02\/20\/as-dinamicas-da-vida-espiritual-em-richard-f-lovelace-o-desafio-de-ser-confrontado\/\" \/>\n<meta property=\"og:locale\" content=\"pt_BR\" \/>\n<meta property=\"og:type\" content=\"article\" \/>\n<meta property=\"og:title\" content=\"As din\u00e2micas da vida espiritual em Richard F. Lovelace: O desafio de ser confrontado - R\u00e1dio Porto Seguro\" \/>\n<meta property=\"og:description\" content=\"1. Introdu\u00e7\u00e3o: \u201cA Teologia Evang\u00e9lica da Renova\u00e7\u00e3o\u201d\u00a0 O livro &#8220;Din\u00e2micas da Vida Espiritual: Uma Teologia Evang\u00e9lica de Renova\u00e7\u00e3o&#8221; (originalmente Dynamics of Spiritual Life: An Evangelical Theology of Renewal), de Richard F. Lovelace, professor em\u00e9rito de Hist\u00f3ria da Igreja no Gordon-Conwell Theological Seminary, \u00e9 amplamente reconhecido como um manual cl\u00e1ssico de teologia espiritual. Publicado em 1979 [&hellip;]\" \/>\n<meta property=\"og:url\" content=\"https:\/\/radioportoseguro.com.br\/site\/2026\/02\/20\/as-dinamicas-da-vida-espiritual-em-richard-f-lovelace-o-desafio-de-ser-confrontado\/\" \/>\n<meta property=\"og:site_name\" content=\"R\u00e1dio Porto Seguro\" \/>\n<meta property=\"article:published_time\" content=\"2026-02-20T15:19:37+00:00\" \/>\n<meta property=\"og:image\" content=\"https:\/\/media.guiame.com.br\/archives\/2026\/02\/19\/1650770229-richard-f-lovelace.png\" \/>\n<meta name=\"author\" content=\"admin\" \/>\n<meta name=\"twitter:card\" content=\"summary_large_image\" \/>\n<meta name=\"twitter:label1\" content=\"Escrito por\" \/>\n\t<meta name=\"twitter:data1\" content=\"admin\" \/>\n\t<meta name=\"twitter:label2\" content=\"Est. tempo de leitura\" \/>\n\t<meta name=\"twitter:data2\" content=\"6 minutos\" \/>\n<script type=\"application\/ld+json\" class=\"yoast-schema-graph\">{\"@context\":\"https:\/\/schema.org\",\"@graph\":[{\"@type\":\"Article\",\"@id\":\"https:\/\/radioportoseguro.com.br\/site\/2026\/02\/20\/as-dinamicas-da-vida-espiritual-em-richard-f-lovelace-o-desafio-de-ser-confrontado\/#article\",\"isPartOf\":{\"@id\":\"https:\/\/radioportoseguro.com.br\/site\/2026\/02\/20\/as-dinamicas-da-vida-espiritual-em-richard-f-lovelace-o-desafio-de-ser-confrontado\/\"},\"author\":{\"name\":\"admin\",\"@id\":\"https:\/\/radioportoseguro.com.br\/site\/#\/schema\/person\/7630acdc320186f13639d3c067ec089b\"},\"headline\":\"As din\u00e2micas da vida espiritual em Richard F. Lovelace: O desafio de ser confrontado\",\"datePublished\":\"2026-02-20T15:19:37+00:00\",\"mainEntityOfPage\":{\"@id\":\"https:\/\/radioportoseguro.com.br\/site\/2026\/02\/20\/as-dinamicas-da-vida-espiritual-em-richard-f-lovelace-o-desafio-de-ser-confrontado\/\"},\"wordCount\":1124,\"image\":{\"@id\":\"https:\/\/radioportoseguro.com.br\/site\/2026\/02\/20\/as-dinamicas-da-vida-espiritual-em-richard-f-lovelace-o-desafio-de-ser-confrontado\/#primaryimage\"},\"thumbnailUrl\":\"https:\/\/radioportoseguro.com.br\/site\/wp-content\/uploads\/2026\/02\/1650770229-richard-f-lovelace.png\",\"articleSection\":[\"Destaques\"],\"inLanguage\":\"pt-BR\"},{\"@type\":\"WebPage\",\"@id\":\"https:\/\/radioportoseguro.com.br\/site\/2026\/02\/20\/as-dinamicas-da-vida-espiritual-em-richard-f-lovelace-o-desafio-de-ser-confrontado\/\",\"url\":\"https:\/\/radioportoseguro.com.br\/site\/2026\/02\/20\/as-dinamicas-da-vida-espiritual-em-richard-f-lovelace-o-desafio-de-ser-confrontado\/\",\"name\":\"As din\u00e2micas da vida espiritual em Richard F. Lovelace: O desafio de ser confrontado - R\u00e1dio Porto Seguro\",\"isPartOf\":{\"@id\":\"https:\/\/radioportoseguro.com.br\/site\/#website\"},\"primaryImageOfPage\":{\"@id\":\"https:\/\/radioportoseguro.com.br\/site\/2026\/02\/20\/as-dinamicas-da-vida-espiritual-em-richard-f-lovelace-o-desafio-de-ser-confrontado\/#primaryimage\"},\"image\":{\"@id\":\"https:\/\/radioportoseguro.com.br\/site\/2026\/02\/20\/as-dinamicas-da-vida-espiritual-em-richard-f-lovelace-o-desafio-de-ser-confrontado\/#primaryimage\"},\"thumbnailUrl\":\"https:\/\/radioportoseguro.com.br\/site\/wp-content\/uploads\/2026\/02\/1650770229-richard-f-lovelace.png\",\"datePublished\":\"2026-02-20T15:19:37+00:00\",\"author\":{\"@id\":\"https:\/\/radioportoseguro.com.br\/site\/#\/schema\/person\/7630acdc320186f13639d3c067ec089b\"},\"breadcrumb\":{\"@id\":\"https:\/\/radioportoseguro.com.br\/site\/2026\/02\/20\/as-dinamicas-da-vida-espiritual-em-richard-f-lovelace-o-desafio-de-ser-confrontado\/#breadcrumb\"},\"inLanguage\":\"pt-BR\",\"potentialAction\":[{\"@type\":\"ReadAction\",\"target\":[\"https:\/\/radioportoseguro.com.br\/site\/2026\/02\/20\/as-dinamicas-da-vida-espiritual-em-richard-f-lovelace-o-desafio-de-ser-confrontado\/\"]}]},{\"@type\":\"ImageObject\",\"inLanguage\":\"pt-BR\",\"@id\":\"https:\/\/radioportoseguro.com.br\/site\/2026\/02\/20\/as-dinamicas-da-vida-espiritual-em-richard-f-lovelace-o-desafio-de-ser-confrontado\/#primaryimage\",\"url\":\"https:\/\/radioportoseguro.com.br\/site\/wp-content\/uploads\/2026\/02\/1650770229-richard-f-lovelace.png\",\"contentUrl\":\"https:\/\/radioportoseguro.com.br\/site\/wp-content\/uploads\/2026\/02\/1650770229-richard-f-lovelace.png\",\"width\":1200,\"height\":600},{\"@type\":\"BreadcrumbList\",\"@id\":\"https:\/\/radioportoseguro.com.br\/site\/2026\/02\/20\/as-dinamicas-da-vida-espiritual-em-richard-f-lovelace-o-desafio-de-ser-confrontado\/#breadcrumb\",\"itemListElement\":[{\"@type\":\"ListItem\",\"position\":1,\"name\":\"In\u00edcio\",\"item\":\"https:\/\/radioportoseguro.com.br\/site\/\"},{\"@type\":\"ListItem\",\"position\":2,\"name\":\"As din\u00e2micas da vida espiritual em Richard F. Lovelace: O desafio de ser confrontado\"}]},{\"@type\":\"WebSite\",\"@id\":\"https:\/\/radioportoseguro.com.br\/site\/#website\",\"url\":\"https:\/\/radioportoseguro.com.br\/site\/\",\"name\":\"R\u00e1dio Porto Seguro\",\"description\":\"\",\"potentialAction\":[{\"@type\":\"SearchAction\",\"target\":{\"@type\":\"EntryPoint\",\"urlTemplate\":\"https:\/\/radioportoseguro.com.br\/site\/?s={search_term_string}\"},\"query-input\":{\"@type\":\"PropertyValueSpecification\",\"valueRequired\":true,\"valueName\":\"search_term_string\"}}],\"inLanguage\":\"pt-BR\"},{\"@type\":\"Person\",\"@id\":\"https:\/\/radioportoseguro.com.br\/site\/#\/schema\/person\/7630acdc320186f13639d3c067ec089b\",\"name\":\"admin\",\"image\":{\"@type\":\"ImageObject\",\"inLanguage\":\"pt-BR\",\"@id\":\"https:\/\/radioportoseguro.com.br\/site\/#\/schema\/person\/image\/\",\"url\":\"https:\/\/secure.gravatar.com\/avatar\/caacf4dc1eedb68fab0df8e1ed46c448e578b2466351bbcb61e47d2ac0caaef0?s=96&d=mm&r=g\",\"contentUrl\":\"https:\/\/secure.gravatar.com\/avatar\/caacf4dc1eedb68fab0df8e1ed46c448e578b2466351bbcb61e47d2ac0caaef0?s=96&d=mm&r=g\",\"caption\":\"admin\"},\"sameAs\":[\"https:\/\/radioportoseguro.com.br\/site\"],\"url\":\"https:\/\/radioportoseguro.com.br\/site\/author\/hezio\/\"}]}<\/script>\n<!-- \/ Yoast SEO plugin. -->","yoast_head_json":{"title":"As din\u00e2micas da vida espiritual em Richard F. Lovelace: O desafio de ser confrontado - R\u00e1dio Porto Seguro","robots":{"index":"index","follow":"follow","max-snippet":"max-snippet:-1","max-image-preview":"max-image-preview:large","max-video-preview":"max-video-preview:-1"},"canonical":"https:\/\/radioportoseguro.com.br\/site\/2026\/02\/20\/as-dinamicas-da-vida-espiritual-em-richard-f-lovelace-o-desafio-de-ser-confrontado\/","og_locale":"pt_BR","og_type":"article","og_title":"As din\u00e2micas da vida espiritual em Richard F. Lovelace: O desafio de ser confrontado - R\u00e1dio Porto Seguro","og_description":"1. Introdu\u00e7\u00e3o: \u201cA Teologia Evang\u00e9lica da Renova\u00e7\u00e3o\u201d\u00a0 O livro &#8220;Din\u00e2micas da Vida Espiritual: Uma Teologia Evang\u00e9lica de Renova\u00e7\u00e3o&#8221; (originalmente Dynamics of Spiritual Life: An Evangelical Theology of Renewal), de Richard F. Lovelace, professor em\u00e9rito de Hist\u00f3ria da Igreja no Gordon-Conwell Theological Seminary, \u00e9 amplamente reconhecido como um manual cl\u00e1ssico de teologia espiritual. Publicado em 1979 [&hellip;]","og_url":"https:\/\/radioportoseguro.com.br\/site\/2026\/02\/20\/as-dinamicas-da-vida-espiritual-em-richard-f-lovelace-o-desafio-de-ser-confrontado\/","og_site_name":"R\u00e1dio Porto Seguro","article_published_time":"2026-02-20T15:19:37+00:00","og_image":[{"url":"https:\/\/media.guiame.com.br\/archives\/2026\/02\/19\/1650770229-richard-f-lovelace.png","type":"","width":"","height":""}],"author":"admin","twitter_card":"summary_large_image","twitter_misc":{"Escrito por":"admin","Est. tempo de leitura":"6 minutos"},"schema":{"@context":"https:\/\/schema.org","@graph":[{"@type":"Article","@id":"https:\/\/radioportoseguro.com.br\/site\/2026\/02\/20\/as-dinamicas-da-vida-espiritual-em-richard-f-lovelace-o-desafio-de-ser-confrontado\/#article","isPartOf":{"@id":"https:\/\/radioportoseguro.com.br\/site\/2026\/02\/20\/as-dinamicas-da-vida-espiritual-em-richard-f-lovelace-o-desafio-de-ser-confrontado\/"},"author":{"name":"admin","@id":"https:\/\/radioportoseguro.com.br\/site\/#\/schema\/person\/7630acdc320186f13639d3c067ec089b"},"headline":"As din\u00e2micas da vida espiritual em Richard F. Lovelace: O desafio de ser confrontado","datePublished":"2026-02-20T15:19:37+00:00","mainEntityOfPage":{"@id":"https:\/\/radioportoseguro.com.br\/site\/2026\/02\/20\/as-dinamicas-da-vida-espiritual-em-richard-f-lovelace-o-desafio-de-ser-confrontado\/"},"wordCount":1124,"image":{"@id":"https:\/\/radioportoseguro.com.br\/site\/2026\/02\/20\/as-dinamicas-da-vida-espiritual-em-richard-f-lovelace-o-desafio-de-ser-confrontado\/#primaryimage"},"thumbnailUrl":"https:\/\/radioportoseguro.com.br\/site\/wp-content\/uploads\/2026\/02\/1650770229-richard-f-lovelace.png","articleSection":["Destaques"],"inLanguage":"pt-BR"},{"@type":"WebPage","@id":"https:\/\/radioportoseguro.com.br\/site\/2026\/02\/20\/as-dinamicas-da-vida-espiritual-em-richard-f-lovelace-o-desafio-de-ser-confrontado\/","url":"https:\/\/radioportoseguro.com.br\/site\/2026\/02\/20\/as-dinamicas-da-vida-espiritual-em-richard-f-lovelace-o-desafio-de-ser-confrontado\/","name":"As din\u00e2micas da vida espiritual em Richard F. Lovelace: O desafio de ser confrontado - R\u00e1dio Porto Seguro","isPartOf":{"@id":"https:\/\/radioportoseguro.com.br\/site\/#website"},"primaryImageOfPage":{"@id":"https:\/\/radioportoseguro.com.br\/site\/2026\/02\/20\/as-dinamicas-da-vida-espiritual-em-richard-f-lovelace-o-desafio-de-ser-confrontado\/#primaryimage"},"image":{"@id":"https:\/\/radioportoseguro.com.br\/site\/2026\/02\/20\/as-dinamicas-da-vida-espiritual-em-richard-f-lovelace-o-desafio-de-ser-confrontado\/#primaryimage"},"thumbnailUrl":"https:\/\/radioportoseguro.com.br\/site\/wp-content\/uploads\/2026\/02\/1650770229-richard-f-lovelace.png","datePublished":"2026-02-20T15:19:37+00:00","author":{"@id":"https:\/\/radioportoseguro.com.br\/site\/#\/schema\/person\/7630acdc320186f13639d3c067ec089b"},"breadcrumb":{"@id":"https:\/\/radioportoseguro.com.br\/site\/2026\/02\/20\/as-dinamicas-da-vida-espiritual-em-richard-f-lovelace-o-desafio-de-ser-confrontado\/#breadcrumb"},"inLanguage":"pt-BR","potentialAction":[{"@type":"ReadAction","target":["https:\/\/radioportoseguro.com.br\/site\/2026\/02\/20\/as-dinamicas-da-vida-espiritual-em-richard-f-lovelace-o-desafio-de-ser-confrontado\/"]}]},{"@type":"ImageObject","inLanguage":"pt-BR","@id":"https:\/\/radioportoseguro.com.br\/site\/2026\/02\/20\/as-dinamicas-da-vida-espiritual-em-richard-f-lovelace-o-desafio-de-ser-confrontado\/#primaryimage","url":"https:\/\/radioportoseguro.com.br\/site\/wp-content\/uploads\/2026\/02\/1650770229-richard-f-lovelace.png","contentUrl":"https:\/\/radioportoseguro.com.br\/site\/wp-content\/uploads\/2026\/02\/1650770229-richard-f-lovelace.png","width":1200,"height":600},{"@type":"BreadcrumbList","@id":"https:\/\/radioportoseguro.com.br\/site\/2026\/02\/20\/as-dinamicas-da-vida-espiritual-em-richard-f-lovelace-o-desafio-de-ser-confrontado\/#breadcrumb","itemListElement":[{"@type":"ListItem","position":1,"name":"In\u00edcio","item":"https:\/\/radioportoseguro.com.br\/site\/"},{"@type":"ListItem","position":2,"name":"As din\u00e2micas da vida espiritual em Richard F. Lovelace: O desafio de ser confrontado"}]},{"@type":"WebSite","@id":"https:\/\/radioportoseguro.com.br\/site\/#website","url":"https:\/\/radioportoseguro.com.br\/site\/","name":"R\u00e1dio Porto Seguro","description":"","potentialAction":[{"@type":"SearchAction","target":{"@type":"EntryPoint","urlTemplate":"https:\/\/radioportoseguro.com.br\/site\/?s={search_term_string}"},"query-input":{"@type":"PropertyValueSpecification","valueRequired":true,"valueName":"search_term_string"}}],"inLanguage":"pt-BR"},{"@type":"Person","@id":"https:\/\/radioportoseguro.com.br\/site\/#\/schema\/person\/7630acdc320186f13639d3c067ec089b","name":"admin","image":{"@type":"ImageObject","inLanguage":"pt-BR","@id":"https:\/\/radioportoseguro.com.br\/site\/#\/schema\/person\/image\/","url":"https:\/\/secure.gravatar.com\/avatar\/caacf4dc1eedb68fab0df8e1ed46c448e578b2466351bbcb61e47d2ac0caaef0?s=96&d=mm&r=g","contentUrl":"https:\/\/secure.gravatar.com\/avatar\/caacf4dc1eedb68fab0df8e1ed46c448e578b2466351bbcb61e47d2ac0caaef0?s=96&d=mm&r=g","caption":"admin"},"sameAs":["https:\/\/radioportoseguro.com.br\/site"],"url":"https:\/\/radioportoseguro.com.br\/site\/author\/hezio\/"}]}},"_links":{"self":[{"href":"https:\/\/radioportoseguro.com.br\/site\/wp-json\/wp\/v2\/posts\/4227","targetHints":{"allow":["GET"]}}],"collection":[{"href":"https:\/\/radioportoseguro.com.br\/site\/wp-json\/wp\/v2\/posts"}],"about":[{"href":"https:\/\/radioportoseguro.com.br\/site\/wp-json\/wp\/v2\/types\/post"}],"author":[{"embeddable":true,"href":"https:\/\/radioportoseguro.com.br\/site\/wp-json\/wp\/v2\/users\/1"}],"replies":[{"embeddable":true,"href":"https:\/\/radioportoseguro.com.br\/site\/wp-json\/wp\/v2\/comments?post=4227"}],"version-history":[{"count":0,"href":"https:\/\/radioportoseguro.com.br\/site\/wp-json\/wp\/v2\/posts\/4227\/revisions"}],"wp:featuredmedia":[{"embeddable":true,"href":"https:\/\/radioportoseguro.com.br\/site\/wp-json\/wp\/v2\/media\/4228"}],"wp:attachment":[{"href":"https:\/\/radioportoseguro.com.br\/site\/wp-json\/wp\/v2\/media?parent=4227"}],"wp:term":[{"taxonomy":"category","embeddable":true,"href":"https:\/\/radioportoseguro.com.br\/site\/wp-json\/wp\/v2\/categories?post=4227"},{"taxonomy":"post_tag","embeddable":true,"href":"https:\/\/radioportoseguro.com.br\/site\/wp-json\/wp\/v2\/tags?post=4227"}],"curies":[{"name":"wp","href":"https:\/\/api.w.org\/{rel}","templated":true}]}}