{"id":4235,"date":"2026-02-20T16:31:06","date_gmt":"2026-02-20T19:31:06","guid":{"rendered":"https:\/\/radioportoseguro.com.br\/site\/2026\/02\/20\/tres-anos-apos-parada-cardiaca-jogador-da-nfl-e-batizado-me-deu-paz\/"},"modified":"2026-02-20T16:31:06","modified_gmt":"2026-02-20T19:31:06","slug":"tres-anos-apos-parada-cardiaca-jogador-da-nfl-e-batizado-me-deu-paz","status":"publish","type":"post","link":"https:\/\/radioportoseguro.com.br\/site\/2026\/02\/20\/tres-anos-apos-parada-cardiaca-jogador-da-nfl-e-batizado-me-deu-paz\/","title":{"rendered":"Tr\u00eas anos ap\u00f3s parada card\u00edaca, jogador da NFL \u00e9 batizado: \u2018Me deu paz\u2019"},"content":{"rendered":"<p><br \/>\n<br \/><\/p>\n<div>\n<p><span style=\"font-weight: 400;\">Tr\u00eas anos depois de sofrer uma parada card\u00edaca em campo, o jogador da NFL <\/span><span style=\"color: #993300;\"><strong>Damar Hamlin<\/strong><\/span><span style=\"font-weight: 400;\"> foi batizado e afirmou ter se reconciliado com Deus.\u00a0<\/span><\/p>\n<p><span style=\"font-weight: 400;\">O atleta do Buffalo Bills compartilhou publicamente sua f\u00e9 no dia 9 de janeiro, em Buffalo, cercado por familiares, companheiros de equipe e l\u00edderes espirituais.<\/span><\/p>\n<p><span style=\"font-weight: 400;\">Damar foi batizado pelo capel\u00e3o do time, Len Vanden Bos, ao lado do companheiro de equipe Christian Benford. Segundo ele, a decis\u00e3o vinha sendo amadurecida h\u00e1 mais de um ano.<\/span><\/p>\n<blockquote class=\"instagram-media\" style=\"background: #FFF; border: 0; border-radius: 3px; box-shadow: 0 0 1px 0 rgba(0,0,0,0.5),0 1px 10px 0 rgba(0,0,0,0.15); margin: 1px; max-width: 540px; min-width: 326px; padding: 0; width: calc(100% - 2px);\" data-instgrm-permalink=\"https:\/\/www.instagram.com\/p\/DT_rMM3DOCF\/?utm_source=ig_embed&amp;utm_campaign=loading\" data-instgrm-version=\"14\"><p>&#13;<br \/>\n&#13;\n<\/p><\/blockquote>\n<p><span style=\"font-weight: 400;\">\u201cEra importante que fosse o momento certo. Eu queria que minha fam\u00edlia pudesse vir a Buffalo para estar presente.\u00a0 N\u00e3o quero dizer que sou uma pessoa completamente diferente, mas meu senso de dire\u00e7\u00e3o, prop\u00f3sito e alinhamento com quem eu sinto que devo ser est\u00e3o perfeitos. Isso me traz paz\u201d, disse ele ao Sports Spectrum.<\/span><\/p>\n<p><strong>Prop\u00f3sito de Deus\u00a0<\/strong><\/p>\n<p><span style=\"font-weight: 400;\">O nome do atleta ficou conhecido mundialmente ap\u00f3s ele <\/span><span style=\"color: #993300;\"><strong>sofrer uma parada card\u00edaca<\/strong><\/span><span style=\"font-weight: 400;\"> em 2 de janeiro de 2023, durante uma partida do \u201cMonday Night Football\u201d contra o Cincinnati Bengals.\u00a0<\/span><\/p>\n<p><span style=\"font-weight: 400;\">O jogo foi interrompido enquanto uma equipe m\u00e9dica tentava reanim\u00e1-lo em campo. A cena gerou uma onda de ora\u00e7\u00e3o que foi al\u00e9m do p\u00fablico esportivo.<\/span><\/p>\n<p><span style=\"font-weight: 400;\">Ao relembrar o epis\u00f3dio, Damar afirmou que consegue ver como Deus o estava moldando para suportar aquela experi\u00eancia e us\u00e1-la para apontar as pessoas para Ele.<\/span><\/p>\n<p><span style=\"font-weight: 400;\">\u201cMinha f\u00e9 sempre foi muito forte. Sempre tive uma conex\u00e3o interna com o Senhor. Sinto que cada experi\u00eancia que vivi, tudo o que passei quando crian\u00e7a, foram momentos que me prepararam para as b\u00ean\u00e7\u00e3os que Deus me daria\u201d, declarou ele.\u00a0<\/span><\/p>\n<p><span style=\"font-weight: 400;\">E continuou: &#8220;Sinto que, em todo o trabalho que eu estava fazendo, Deus realmente me escolheu a dedo e disse: &#8216;Eu vou te escolher para isso'&#8221;.<\/span><\/p>\n<p><span style=\"font-weight: 400;\">O jogador acredita que sua hist\u00f3ria se tornou um testemunho p\u00fablico maior do que o futebol, levando muitas pessoas a se voltarem para Deus.\u00a0<\/span><\/p>\n<p><span style=\"font-weight: 400;\">\u201cConhe\u00e7o pessoas que nunca foram crentes \u2014 nunca mesmo \u2014 que se ajoelharam, falaram com Deus e encontraram o Senhor ao cuidarem de mim. \u00c9 uma posi\u00e7\u00e3o aben\u00e7oada\u201d, disse ele.\u00a0<\/span><\/p>\n<p><strong>\u2018Deus me escolheu\u2019<\/strong><\/p>\n<p><span style=\"font-weight: 400;\">Ap\u00f3s quase duas semanas internado, ele lidou com d\u00favidas sobre a possibilidade de voltar a jogar profissionalmente.\u00a0<\/span><\/p>\n<p><span style=\"font-weight: 400;\">Damar explicou como superou esse per\u00edodo dif\u00edcil: \u201cTer essa perspectiva, saber que Deus me escolheu para um prop\u00f3sito maior \u2014 at\u00e9 mesmo al\u00e9m do jogo \u2014 realmente me faz sentir como um escolhido\u201d.<\/span><\/p>\n<p><span style=\"font-weight: 400;\">Criado em um lar crist\u00e3o, o jogador contou que essa experi\u00eancia fortaleceu seu relacionamento com Deus. Recentemente, a amizade com Christian e Len o ajudou a se aprofundar ainda mais em sua jornada de f\u00e9.<\/span><\/p>\n<p><span style=\"font-weight: 400;\">\u201cO Len tem me incentivado e me ajudado a crescer na minha f\u00e9. Nos reunimos uma vez por semana e continuamos a evoluir juntos\u201d, disse Damar.\u00a0<\/span><\/p>\n<p><span style=\"font-weight: 400;\">Ele <\/span><span style=\"color: #993300;\"><strong>retornou aos campos<\/strong><\/span><span style=\"font-weight: 400;\"> e disputou cinco partidas na temporada de 2023. Em 2024, foi titular em 14 jogos. J\u00e1 em 2025, atuou em cinco partidas, per\u00edodo que descreveu como o mais feliz e espiritualmente focado de sua vida.<\/span><\/p>\n<p><span style=\"font-weight: 400;\">\u201cEsse processo me ensinou muito sobre mim mesmo. N\u00e3o tive a temporada que queria, mas tive a temporada que precisava. Diminu\u00ed o ritmo. Me reconciliei com Deus. Precisei ouvir. Precisei me acalmar e ouvir. O isolamento longe do time me deu tempo\u201d, relatou Damar.\u00a0<\/span><\/p>\n<p><span style=\"font-weight: 400;\">\u201cAcredito sinceramente que esse per\u00edodo que perdi nesta temporada prolongar\u00e1 minha carreira pelo tempo que eu quiser jogar. E isso acabou me levando ao batismo. Era exatamente o que eu precisava, ent\u00e3o n\u00e3o me arrependo\u201d, concluiu. <\/span><\/p>\n<\/div>\n<p><script async src=\"\/\/www.instagram.com\/embed.js\"><\/script><br \/>\n<br \/><br \/>\n<br \/>Fonte: Guiame <\/p>\n","protected":false},"excerpt":{"rendered":"<p>Tr\u00eas anos depois de sofrer uma parada card\u00edaca em campo, o jogador da NFL Damar Hamlin foi batizado e afirmou ter se reconciliado com Deus.\u00a0 O atleta do Buffalo Bills compartilhou publicamente sua f\u00e9 no dia 9 de janeiro, em Buffalo, cercado por familiares, companheiros de equipe e l\u00edderes espirituais. Damar foi batizado pelo capel\u00e3o [&hellip;]<\/p>\n","protected":false},"author":1,"featured_media":4236,"comment_status":"","ping_status":"open","sticky":false,"template":"","format":"standard","meta":{"footnotes":""},"categories":[43],"tags":[],"class_list":["post-4235","post","type-post","status-publish","format-standard","has-post-thumbnail","hentry","category-destaques"],"yoast_head":"<!-- This site is optimized with the Yoast SEO plugin v26.8 - https:\/\/yoast.com\/product\/yoast-seo-wordpress\/ -->\n<title>Tr\u00eas anos ap\u00f3s parada card\u00edaca, jogador da NFL \u00e9 batizado: \u2018Me deu paz\u2019 - R\u00e1dio Porto Seguro<\/title>\n<meta name=\"robots\" content=\"index, follow, max-snippet:-1, max-image-preview:large, max-video-preview:-1\" \/>\n<link rel=\"canonical\" href=\"https:\/\/radioportoseguro.com.br\/site\/2026\/02\/20\/tres-anos-apos-parada-cardiaca-jogador-da-nfl-e-batizado-me-deu-paz\/\" \/>\n<meta property=\"og:locale\" content=\"pt_BR\" \/>\n<meta property=\"og:type\" content=\"article\" \/>\n<meta property=\"og:title\" content=\"Tr\u00eas anos ap\u00f3s parada card\u00edaca, jogador da NFL \u00e9 batizado: \u2018Me deu paz\u2019 - R\u00e1dio Porto Seguro\" \/>\n<meta property=\"og:description\" content=\"Tr\u00eas anos depois de sofrer uma parada card\u00edaca em campo, o jogador da NFL Damar Hamlin foi batizado e afirmou ter se reconciliado com Deus.\u00a0 O atleta do Buffalo Bills compartilhou publicamente sua f\u00e9 no dia 9 de janeiro, em Buffalo, cercado por familiares, companheiros de equipe e l\u00edderes espirituais. Damar foi batizado pelo capel\u00e3o [&hellip;]\" \/>\n<meta property=\"og:url\" content=\"https:\/\/radioportoseguro.com.br\/site\/2026\/02\/20\/tres-anos-apos-parada-cardiaca-jogador-da-nfl-e-batizado-me-deu-paz\/\" \/>\n<meta property=\"og:site_name\" content=\"R\u00e1dio Porto Seguro\" \/>\n<meta property=\"article:published_time\" content=\"2026-02-20T19:31:06+00:00\" \/>\n<meta property=\"og:image\" content=\"https:\/\/media.guiame.com.br\/archives\/2026\/02\/19\/4219775297-damar-hamlin.png\" \/>\n<meta name=\"author\" content=\"admin\" \/>\n<meta name=\"twitter:card\" content=\"summary_large_image\" \/>\n<meta name=\"twitter:label1\" content=\"Escrito por\" \/>\n\t<meta name=\"twitter:data1\" content=\"admin\" \/>\n\t<meta name=\"twitter:label2\" content=\"Est. tempo de leitura\" \/>\n\t<meta name=\"twitter:data2\" content=\"3 minutos\" \/>\n<script type=\"application\/ld+json\" class=\"yoast-schema-graph\">{\"@context\":\"https:\/\/schema.org\",\"@graph\":[{\"@type\":\"Article\",\"@id\":\"https:\/\/radioportoseguro.com.br\/site\/2026\/02\/20\/tres-anos-apos-parada-cardiaca-jogador-da-nfl-e-batizado-me-deu-paz\/#article\",\"isPartOf\":{\"@id\":\"https:\/\/radioportoseguro.com.br\/site\/2026\/02\/20\/tres-anos-apos-parada-cardiaca-jogador-da-nfl-e-batizado-me-deu-paz\/\"},\"author\":{\"name\":\"admin\",\"@id\":\"https:\/\/radioportoseguro.com.br\/site\/#\/schema\/person\/7630acdc320186f13639d3c067ec089b\"},\"headline\":\"Tr\u00eas anos ap\u00f3s parada card\u00edaca, jogador da NFL \u00e9 batizado: \u2018Me deu paz\u2019\",\"datePublished\":\"2026-02-20T19:31:06+00:00\",\"mainEntityOfPage\":{\"@id\":\"https:\/\/radioportoseguro.com.br\/site\/2026\/02\/20\/tres-anos-apos-parada-cardiaca-jogador-da-nfl-e-batizado-me-deu-paz\/\"},\"wordCount\":622,\"image\":{\"@id\":\"https:\/\/radioportoseguro.com.br\/site\/2026\/02\/20\/tres-anos-apos-parada-cardiaca-jogador-da-nfl-e-batizado-me-deu-paz\/#primaryimage\"},\"thumbnailUrl\":\"https:\/\/radioportoseguro.com.br\/site\/wp-content\/uploads\/2026\/02\/4219775297-damar-hamlin.png\",\"articleSection\":[\"Destaques\"],\"inLanguage\":\"pt-BR\"},{\"@type\":\"WebPage\",\"@id\":\"https:\/\/radioportoseguro.com.br\/site\/2026\/02\/20\/tres-anos-apos-parada-cardiaca-jogador-da-nfl-e-batizado-me-deu-paz\/\",\"url\":\"https:\/\/radioportoseguro.com.br\/site\/2026\/02\/20\/tres-anos-apos-parada-cardiaca-jogador-da-nfl-e-batizado-me-deu-paz\/\",\"name\":\"Tr\u00eas anos ap\u00f3s parada card\u00edaca, jogador da NFL \u00e9 batizado: \u2018Me deu paz\u2019 - R\u00e1dio Porto Seguro\",\"isPartOf\":{\"@id\":\"https:\/\/radioportoseguro.com.br\/site\/#website\"},\"primaryImageOfPage\":{\"@id\":\"https:\/\/radioportoseguro.com.br\/site\/2026\/02\/20\/tres-anos-apos-parada-cardiaca-jogador-da-nfl-e-batizado-me-deu-paz\/#primaryimage\"},\"image\":{\"@id\":\"https:\/\/radioportoseguro.com.br\/site\/2026\/02\/20\/tres-anos-apos-parada-cardiaca-jogador-da-nfl-e-batizado-me-deu-paz\/#primaryimage\"},\"thumbnailUrl\":\"https:\/\/radioportoseguro.com.br\/site\/wp-content\/uploads\/2026\/02\/4219775297-damar-hamlin.png\",\"datePublished\":\"2026-02-20T19:31:06+00:00\",\"author\":{\"@id\":\"https:\/\/radioportoseguro.com.br\/site\/#\/schema\/person\/7630acdc320186f13639d3c067ec089b\"},\"breadcrumb\":{\"@id\":\"https:\/\/radioportoseguro.com.br\/site\/2026\/02\/20\/tres-anos-apos-parada-cardiaca-jogador-da-nfl-e-batizado-me-deu-paz\/#breadcrumb\"},\"inLanguage\":\"pt-BR\",\"potentialAction\":[{\"@type\":\"ReadAction\",\"target\":[\"https:\/\/radioportoseguro.com.br\/site\/2026\/02\/20\/tres-anos-apos-parada-cardiaca-jogador-da-nfl-e-batizado-me-deu-paz\/\"]}]},{\"@type\":\"ImageObject\",\"inLanguage\":\"pt-BR\",\"@id\":\"https:\/\/radioportoseguro.com.br\/site\/2026\/02\/20\/tres-anos-apos-parada-cardiaca-jogador-da-nfl-e-batizado-me-deu-paz\/#primaryimage\",\"url\":\"https:\/\/radioportoseguro.com.br\/site\/wp-content\/uploads\/2026\/02\/4219775297-damar-hamlin.png\",\"contentUrl\":\"https:\/\/radioportoseguro.com.br\/site\/wp-content\/uploads\/2026\/02\/4219775297-damar-hamlin.png\",\"width\":1200,\"height\":600},{\"@type\":\"BreadcrumbList\",\"@id\":\"https:\/\/radioportoseguro.com.br\/site\/2026\/02\/20\/tres-anos-apos-parada-cardiaca-jogador-da-nfl-e-batizado-me-deu-paz\/#breadcrumb\",\"itemListElement\":[{\"@type\":\"ListItem\",\"position\":1,\"name\":\"In\u00edcio\",\"item\":\"https:\/\/radioportoseguro.com.br\/site\/\"},{\"@type\":\"ListItem\",\"position\":2,\"name\":\"Tr\u00eas anos ap\u00f3s parada card\u00edaca, jogador da NFL \u00e9 batizado: \u2018Me deu paz\u2019\"}]},{\"@type\":\"WebSite\",\"@id\":\"https:\/\/radioportoseguro.com.br\/site\/#website\",\"url\":\"https:\/\/radioportoseguro.com.br\/site\/\",\"name\":\"R\u00e1dio Porto Seguro\",\"description\":\"\",\"potentialAction\":[{\"@type\":\"SearchAction\",\"target\":{\"@type\":\"EntryPoint\",\"urlTemplate\":\"https:\/\/radioportoseguro.com.br\/site\/?s={search_term_string}\"},\"query-input\":{\"@type\":\"PropertyValueSpecification\",\"valueRequired\":true,\"valueName\":\"search_term_string\"}}],\"inLanguage\":\"pt-BR\"},{\"@type\":\"Person\",\"@id\":\"https:\/\/radioportoseguro.com.br\/site\/#\/schema\/person\/7630acdc320186f13639d3c067ec089b\",\"name\":\"admin\",\"image\":{\"@type\":\"ImageObject\",\"inLanguage\":\"pt-BR\",\"@id\":\"https:\/\/radioportoseguro.com.br\/site\/#\/schema\/person\/image\/\",\"url\":\"https:\/\/secure.gravatar.com\/avatar\/caacf4dc1eedb68fab0df8e1ed46c448e578b2466351bbcb61e47d2ac0caaef0?s=96&d=mm&r=g\",\"contentUrl\":\"https:\/\/secure.gravatar.com\/avatar\/caacf4dc1eedb68fab0df8e1ed46c448e578b2466351bbcb61e47d2ac0caaef0?s=96&d=mm&r=g\",\"caption\":\"admin\"},\"sameAs\":[\"https:\/\/radioportoseguro.com.br\/site\"],\"url\":\"https:\/\/radioportoseguro.com.br\/site\/author\/hezio\/\"}]}<\/script>\n<!-- \/ Yoast SEO plugin. -->","yoast_head_json":{"title":"Tr\u00eas anos ap\u00f3s parada card\u00edaca, jogador da NFL \u00e9 batizado: \u2018Me deu paz\u2019 - R\u00e1dio Porto Seguro","robots":{"index":"index","follow":"follow","max-snippet":"max-snippet:-1","max-image-preview":"max-image-preview:large","max-video-preview":"max-video-preview:-1"},"canonical":"https:\/\/radioportoseguro.com.br\/site\/2026\/02\/20\/tres-anos-apos-parada-cardiaca-jogador-da-nfl-e-batizado-me-deu-paz\/","og_locale":"pt_BR","og_type":"article","og_title":"Tr\u00eas anos ap\u00f3s parada card\u00edaca, jogador da NFL \u00e9 batizado: \u2018Me deu paz\u2019 - R\u00e1dio Porto Seguro","og_description":"Tr\u00eas anos depois de sofrer uma parada card\u00edaca em campo, o jogador da NFL Damar Hamlin foi batizado e afirmou ter se reconciliado com Deus.\u00a0 O atleta do Buffalo Bills compartilhou publicamente sua f\u00e9 no dia 9 de janeiro, em Buffalo, cercado por familiares, companheiros de equipe e l\u00edderes espirituais. Damar foi batizado pelo capel\u00e3o [&hellip;]","og_url":"https:\/\/radioportoseguro.com.br\/site\/2026\/02\/20\/tres-anos-apos-parada-cardiaca-jogador-da-nfl-e-batizado-me-deu-paz\/","og_site_name":"R\u00e1dio Porto Seguro","article_published_time":"2026-02-20T19:31:06+00:00","og_image":[{"url":"https:\/\/media.guiame.com.br\/archives\/2026\/02\/19\/4219775297-damar-hamlin.png","type":"","width":"","height":""}],"author":"admin","twitter_card":"summary_large_image","twitter_misc":{"Escrito por":"admin","Est. tempo de leitura":"3 minutos"},"schema":{"@context":"https:\/\/schema.org","@graph":[{"@type":"Article","@id":"https:\/\/radioportoseguro.com.br\/site\/2026\/02\/20\/tres-anos-apos-parada-cardiaca-jogador-da-nfl-e-batizado-me-deu-paz\/#article","isPartOf":{"@id":"https:\/\/radioportoseguro.com.br\/site\/2026\/02\/20\/tres-anos-apos-parada-cardiaca-jogador-da-nfl-e-batizado-me-deu-paz\/"},"author":{"name":"admin","@id":"https:\/\/radioportoseguro.com.br\/site\/#\/schema\/person\/7630acdc320186f13639d3c067ec089b"},"headline":"Tr\u00eas anos ap\u00f3s parada card\u00edaca, jogador da NFL \u00e9 batizado: \u2018Me deu paz\u2019","datePublished":"2026-02-20T19:31:06+00:00","mainEntityOfPage":{"@id":"https:\/\/radioportoseguro.com.br\/site\/2026\/02\/20\/tres-anos-apos-parada-cardiaca-jogador-da-nfl-e-batizado-me-deu-paz\/"},"wordCount":622,"image":{"@id":"https:\/\/radioportoseguro.com.br\/site\/2026\/02\/20\/tres-anos-apos-parada-cardiaca-jogador-da-nfl-e-batizado-me-deu-paz\/#primaryimage"},"thumbnailUrl":"https:\/\/radioportoseguro.com.br\/site\/wp-content\/uploads\/2026\/02\/4219775297-damar-hamlin.png","articleSection":["Destaques"],"inLanguage":"pt-BR"},{"@type":"WebPage","@id":"https:\/\/radioportoseguro.com.br\/site\/2026\/02\/20\/tres-anos-apos-parada-cardiaca-jogador-da-nfl-e-batizado-me-deu-paz\/","url":"https:\/\/radioportoseguro.com.br\/site\/2026\/02\/20\/tres-anos-apos-parada-cardiaca-jogador-da-nfl-e-batizado-me-deu-paz\/","name":"Tr\u00eas anos ap\u00f3s parada card\u00edaca, jogador da NFL \u00e9 batizado: \u2018Me deu paz\u2019 - R\u00e1dio Porto Seguro","isPartOf":{"@id":"https:\/\/radioportoseguro.com.br\/site\/#website"},"primaryImageOfPage":{"@id":"https:\/\/radioportoseguro.com.br\/site\/2026\/02\/20\/tres-anos-apos-parada-cardiaca-jogador-da-nfl-e-batizado-me-deu-paz\/#primaryimage"},"image":{"@id":"https:\/\/radioportoseguro.com.br\/site\/2026\/02\/20\/tres-anos-apos-parada-cardiaca-jogador-da-nfl-e-batizado-me-deu-paz\/#primaryimage"},"thumbnailUrl":"https:\/\/radioportoseguro.com.br\/site\/wp-content\/uploads\/2026\/02\/4219775297-damar-hamlin.png","datePublished":"2026-02-20T19:31:06+00:00","author":{"@id":"https:\/\/radioportoseguro.com.br\/site\/#\/schema\/person\/7630acdc320186f13639d3c067ec089b"},"breadcrumb":{"@id":"https:\/\/radioportoseguro.com.br\/site\/2026\/02\/20\/tres-anos-apos-parada-cardiaca-jogador-da-nfl-e-batizado-me-deu-paz\/#breadcrumb"},"inLanguage":"pt-BR","potentialAction":[{"@type":"ReadAction","target":["https:\/\/radioportoseguro.com.br\/site\/2026\/02\/20\/tres-anos-apos-parada-cardiaca-jogador-da-nfl-e-batizado-me-deu-paz\/"]}]},{"@type":"ImageObject","inLanguage":"pt-BR","@id":"https:\/\/radioportoseguro.com.br\/site\/2026\/02\/20\/tres-anos-apos-parada-cardiaca-jogador-da-nfl-e-batizado-me-deu-paz\/#primaryimage","url":"https:\/\/radioportoseguro.com.br\/site\/wp-content\/uploads\/2026\/02\/4219775297-damar-hamlin.png","contentUrl":"https:\/\/radioportoseguro.com.br\/site\/wp-content\/uploads\/2026\/02\/4219775297-damar-hamlin.png","width":1200,"height":600},{"@type":"BreadcrumbList","@id":"https:\/\/radioportoseguro.com.br\/site\/2026\/02\/20\/tres-anos-apos-parada-cardiaca-jogador-da-nfl-e-batizado-me-deu-paz\/#breadcrumb","itemListElement":[{"@type":"ListItem","position":1,"name":"In\u00edcio","item":"https:\/\/radioportoseguro.com.br\/site\/"},{"@type":"ListItem","position":2,"name":"Tr\u00eas anos ap\u00f3s parada card\u00edaca, jogador da NFL \u00e9 batizado: \u2018Me deu paz\u2019"}]},{"@type":"WebSite","@id":"https:\/\/radioportoseguro.com.br\/site\/#website","url":"https:\/\/radioportoseguro.com.br\/site\/","name":"R\u00e1dio Porto Seguro","description":"","potentialAction":[{"@type":"SearchAction","target":{"@type":"EntryPoint","urlTemplate":"https:\/\/radioportoseguro.com.br\/site\/?s={search_term_string}"},"query-input":{"@type":"PropertyValueSpecification","valueRequired":true,"valueName":"search_term_string"}}],"inLanguage":"pt-BR"},{"@type":"Person","@id":"https:\/\/radioportoseguro.com.br\/site\/#\/schema\/person\/7630acdc320186f13639d3c067ec089b","name":"admin","image":{"@type":"ImageObject","inLanguage":"pt-BR","@id":"https:\/\/radioportoseguro.com.br\/site\/#\/schema\/person\/image\/","url":"https:\/\/secure.gravatar.com\/avatar\/caacf4dc1eedb68fab0df8e1ed46c448e578b2466351bbcb61e47d2ac0caaef0?s=96&d=mm&r=g","contentUrl":"https:\/\/secure.gravatar.com\/avatar\/caacf4dc1eedb68fab0df8e1ed46c448e578b2466351bbcb61e47d2ac0caaef0?s=96&d=mm&r=g","caption":"admin"},"sameAs":["https:\/\/radioportoseguro.com.br\/site"],"url":"https:\/\/radioportoseguro.com.br\/site\/author\/hezio\/"}]}},"_links":{"self":[{"href":"https:\/\/radioportoseguro.com.br\/site\/wp-json\/wp\/v2\/posts\/4235","targetHints":{"allow":["GET"]}}],"collection":[{"href":"https:\/\/radioportoseguro.com.br\/site\/wp-json\/wp\/v2\/posts"}],"about":[{"href":"https:\/\/radioportoseguro.com.br\/site\/wp-json\/wp\/v2\/types\/post"}],"author":[{"embeddable":true,"href":"https:\/\/radioportoseguro.com.br\/site\/wp-json\/wp\/v2\/users\/1"}],"replies":[{"embeddable":true,"href":"https:\/\/radioportoseguro.com.br\/site\/wp-json\/wp\/v2\/comments?post=4235"}],"version-history":[{"count":0,"href":"https:\/\/radioportoseguro.com.br\/site\/wp-json\/wp\/v2\/posts\/4235\/revisions"}],"wp:featuredmedia":[{"embeddable":true,"href":"https:\/\/radioportoseguro.com.br\/site\/wp-json\/wp\/v2\/media\/4236"}],"wp:attachment":[{"href":"https:\/\/radioportoseguro.com.br\/site\/wp-json\/wp\/v2\/media?parent=4235"}],"wp:term":[{"taxonomy":"category","embeddable":true,"href":"https:\/\/radioportoseguro.com.br\/site\/wp-json\/wp\/v2\/categories?post=4235"},{"taxonomy":"post_tag","embeddable":true,"href":"https:\/\/radioportoseguro.com.br\/site\/wp-json\/wp\/v2\/tags?post=4235"}],"curies":[{"name":"wp","href":"https:\/\/api.w.org\/{rel}","templated":true}]}}