{"id":4239,"date":"2026-02-20T18:31:42","date_gmt":"2026-02-20T21:31:42","guid":{"rendered":"https:\/\/radioportoseguro.com.br\/site\/2026\/02\/20\/justica-adia-indenizacao-a-familia-de-pastor-sequestrado-na-malasia\/"},"modified":"2026-02-20T18:31:42","modified_gmt":"2026-02-20T21:31:42","slug":"justica-adia-indenizacao-a-familia-de-pastor-sequestrado-na-malasia","status":"publish","type":"post","link":"https:\/\/radioportoseguro.com.br\/site\/2026\/02\/20\/justica-adia-indenizacao-a-familia-de-pastor-sequestrado-na-malasia\/","title":{"rendered":"Justi\u00e7a adia indeniza\u00e7\u00e3o a fam\u00edlia de pastor sequestrado na Mal\u00e1sia"},"content":{"rendered":"<p><br \/>\n<br \/><\/p>\n<div>\n<p><span style=\"font-weight: 400;\">A Justi\u00e7a da <\/span><span style=\"color: #800000;\"><strong>Mal\u00e1sia<\/strong><\/span><span style=\"font-weight: 400;\"> adiou o pagamento da indeniza\u00e7\u00e3o dada \u00e0 fam\u00edlia do pastor <\/span><span style=\"color: #800000;\"><strong>Raymond Koh<\/strong><\/span><span style=\"font-weight: 400;\">, que foi sequestrado e est\u00e1 desaparecido h\u00e1 9 anos, segundo a Miss\u00e3o Portas Abertas.<\/span><\/p>\n<p><span style=\"font-weight: 400;\">No fim de janeiro, um juiz suspendeu a execu\u00e7\u00e3o da ordem da Suprema Corte que determinava que o governo pagasse mais de 37 milh\u00f5es ringgits malaios (aproximadamente 9,3 milh\u00f5es de d\u00f3lares) em indeniza\u00e7\u00e3o.<\/span><\/p>\n<p><span style=\"font-weight: 400;\">Na nova decis\u00e3o, o juiz alegou que o pagamento imediato poderia ser um \u201crisco financeiro\u201d para as contas do governo da Mal\u00e1sia.<\/span><\/p>\n<p><span style=\"font-weight: 400;\">Durante a suspens\u00e3o, o governo vai recorrer \u00e0 Corte para reduzir ou anular a indeniza\u00e7\u00e3o.<\/span><\/p>\n<p><span style=\"font-weight: 400;\">A esposa do pastor raptado, Susanna Koh, informou que vai recorrer da decis\u00e3o. \u201cFiquei desapontada com a ordem de suspens\u00e3o da execu\u00e7\u00e3o emitida pelo juiz Mahazan, do Tribunal Superior, que interrompeu as decis\u00f5es da ju\u00edza Su, inclusive as investiga\u00e7\u00f5es sobre o paradeiro do pastor Raymond e o pagamento da indeniza\u00e7\u00e3o. Ore pelo nosso recurso contra a ordem de suspens\u00e3o. O novo processo pode levar de tr\u00eas a cinco anos\u201c, disse ela, \u00e0 Portas Abertas nesta semana.<\/span><\/p>\n<p><span style=\"font-weight: 400;\">Susanna ainda observou que a suspens\u00e3o reverte princ\u00edpios legais j\u00e1 estabelecidos pelo Tribunal Federal e isso acaba enfraquecendo o julgamento original que responsabilizou o governo pelo rapto do marido.<\/span><\/p>\n<p><strong>Busca por respostas<\/strong><\/p>\n<p><span style=\"font-weight: 400;\">A fam\u00edlia do pastor Koh luta na Justi\u00e7a h\u00e1 anos para que os respons\u00e1veis pelo sequestro sejam identificados e punidos, e para receber not\u00edcias do paradeiro do l\u00edder crist\u00e3o.<\/span><\/p>\n<p><span style=\"font-weight: 400;\">Seis anos ap\u00f3s o desaparecimento, a investiga\u00e7\u00e3o chegou \u00e0 Suprema Corte da Mal\u00e1sia. Em 5 de novembro de 2025, a Corte encerrou o caso, reconhecendo que agentes policiais estavam envolvidos no rapto e cometeram abuso de poder.<\/span><\/p>\n<p><span style=\"font-weight: 400;\">A Suprema Corte ordenou que o governo pague ao pastor Raymond Koh 10 mil ringgits malaios (cerca de 2.300 d\u00f3lares) por dia, desde 13 de fevereiro de 2017, quando ele foi sequestrado, at\u00e9 que seja encontrado.\u00a0<\/span><\/p>\n<p><strong>Amea\u00e7ado de morte<\/strong><\/p>\n<p><span style=\"font-weight: 400;\">Antes de ser raptado, o pastor Koh recebeu uma carta com amea\u00e7a de morte pelo correio. No envelope, havia cinco balas e um aviso para ele parar de evangelizar os mu\u00e7ulmanos malaios. O l\u00edder tamb\u00e9m recebeu amea\u00e7as e mensagens de \u00f3dio por telefone.\u00a0<\/span><\/p>\n<p><span style=\"font-weight: 400;\">At\u00e9 agora, n\u00e3o h\u00e1 informa\u00e7\u00f5es sobre o paradeiro do pastor, apenas a certeza de que ele foi v\u00edtima de desaparecimento for\u00e7ado pelo grupo especial da pol\u00edcia da Mal\u00e1sia.<\/span><\/p>\n<p><span style=\"font-weight: 400;\">\u201cOre por Susanna Koh e sua fam\u00edlia enquanto continuam sua busca por justi\u00e7a e respostas do governo\u201d, pediu a Portas Abertas.<\/span><\/p>\n<p><span style=\"font-weight: 400;\">Para marcar os nove anos do caso e manter a hist\u00f3ria viva na consci\u00eancia p\u00fablica, a miss\u00e3o lan\u00e7ou hoje uma s\u00e9rie especial do PAcast, com tr\u00eas epis\u00f3dios narrativos que reconstroem a trajet\u00f3ria do pastor, os detalhes do sequestro e as perguntas que seguem sem resposta.\u00a0<\/span><\/p>\n<p><span style=\"font-weight: 400;\">Acesse\u00a0a s\u00e9rie especial <\/span><strong><span style=\"color: #800000;\">no Spotify<\/span><\/strong><span style=\"font-weight: 400;\">\u00a0ou\u00a0<\/span><strong><span style=\"color: #800000;\">no YouTube<\/span><\/strong><span style=\"font-weight: 400;\">.<\/span><\/p>\n<p style=\"text-align: center;\"><span style=\"font-weight: 400;\"><div class=\"ose-youtube ose-uid-05b14279e43310651f4b1afc170cd99c ose-embedpress-responsive\" style=\"width:600px; height:600px; max-height:600px; max-width:100%; display:inline-block;\" data-embed-type=\"Youtube\"><iframe allowFullScreen=\"true\" title=\"Epis\u00f3dio 1: Quem \u00e9 Raymond Koh? - ONDE EST\u00c1 RAYMOND KOH?\" width=\"600\" height=\"600\" src=\"https:\/\/www.youtube.com\/embed\/E_EZn3Zz7jY?feature=oembed&color=red&rel=0&controls=1&start=&end=&fs=0&iv_load_policy=0&autoplay=0&mute=0&modestbranding=0&cc_load_policy=1&playsinline=1\" frameborder=\"0\" allow=\"accelerometer; encrypted-media;accelerometer;autoplay;clipboard-write;gyroscope;picture-in-picture clipboard-write; encrypted-media; gyroscope; picture-in-picture; web-share\" referrerpolicy=\"strict-origin-when-cross-origin\" allowfullscreen><\/iframe><\/div><\/span><\/p>\n<\/div>\n<p><br \/>\n<br \/>Fonte: Guiame <\/p>\n","protected":false},"excerpt":{"rendered":"<p>A Justi\u00e7a da Mal\u00e1sia adiou o pagamento da indeniza\u00e7\u00e3o dada \u00e0 fam\u00edlia do pastor Raymond Koh, que foi sequestrado e est\u00e1 desaparecido h\u00e1 9 anos, segundo a Miss\u00e3o Portas Abertas. No fim de janeiro, um juiz suspendeu a execu\u00e7\u00e3o da ordem da Suprema Corte que determinava que o governo pagasse mais de 37 milh\u00f5es ringgits [&hellip;]<\/p>\n","protected":false},"author":1,"featured_media":4240,"comment_status":"","ping_status":"open","sticky":false,"template":"","format":"standard","meta":{"footnotes":""},"categories":[43],"tags":[],"class_list":["post-4239","post","type-post","status-publish","format-standard","has-post-thumbnail","hentry","category-destaques"],"yoast_head":"<!-- This site is optimized with the Yoast SEO plugin v26.8 - https:\/\/yoast.com\/product\/yoast-seo-wordpress\/ -->\n<title>Justi\u00e7a adia indeniza\u00e7\u00e3o a fam\u00edlia de pastor sequestrado na Mal\u00e1sia - R\u00e1dio Porto Seguro<\/title>\n<meta name=\"robots\" content=\"index, follow, max-snippet:-1, max-image-preview:large, max-video-preview:-1\" \/>\n<link rel=\"canonical\" href=\"https:\/\/radioportoseguro.com.br\/site\/2026\/02\/20\/justica-adia-indenizacao-a-familia-de-pastor-sequestrado-na-malasia\/\" \/>\n<meta property=\"og:locale\" content=\"pt_BR\" \/>\n<meta property=\"og:type\" content=\"article\" \/>\n<meta property=\"og:title\" content=\"Justi\u00e7a adia indeniza\u00e7\u00e3o a fam\u00edlia de pastor sequestrado na Mal\u00e1sia - R\u00e1dio Porto Seguro\" \/>\n<meta property=\"og:description\" content=\"A Justi\u00e7a da Mal\u00e1sia adiou o pagamento da indeniza\u00e7\u00e3o dada \u00e0 fam\u00edlia do pastor Raymond Koh, que foi sequestrado e est\u00e1 desaparecido h\u00e1 9 anos, segundo a Miss\u00e3o Portas Abertas. No fim de janeiro, um juiz suspendeu a execu\u00e7\u00e3o da ordem da Suprema Corte que determinava que o governo pagasse mais de 37 milh\u00f5es ringgits [&hellip;]\" \/>\n<meta property=\"og:url\" content=\"https:\/\/radioportoseguro.com.br\/site\/2026\/02\/20\/justica-adia-indenizacao-a-familia-de-pastor-sequestrado-na-malasia\/\" \/>\n<meta property=\"og:site_name\" content=\"R\u00e1dio Porto Seguro\" \/>\n<meta property=\"article:published_time\" content=\"2026-02-20T21:31:42+00:00\" \/>\n<meta property=\"og:image\" content=\"https:\/\/media.guiame.com.br\/archives\/2026\/02\/19\/83840416-koh.jpg\" \/>\n<meta name=\"author\" content=\"admin\" \/>\n<meta name=\"twitter:card\" content=\"summary_large_image\" \/>\n<meta name=\"twitter:label1\" content=\"Escrito por\" \/>\n\t<meta name=\"twitter:data1\" content=\"admin\" \/>\n\t<meta name=\"twitter:label2\" content=\"Est. tempo de leitura\" \/>\n\t<meta name=\"twitter:data2\" content=\"3 minutos\" \/>\n<script type=\"application\/ld+json\" class=\"yoast-schema-graph\">{\"@context\":\"https:\/\/schema.org\",\"@graph\":[{\"@type\":\"Article\",\"@id\":\"https:\/\/radioportoseguro.com.br\/site\/2026\/02\/20\/justica-adia-indenizacao-a-familia-de-pastor-sequestrado-na-malasia\/#article\",\"isPartOf\":{\"@id\":\"https:\/\/radioportoseguro.com.br\/site\/2026\/02\/20\/justica-adia-indenizacao-a-familia-de-pastor-sequestrado-na-malasia\/\"},\"author\":{\"name\":\"admin\",\"@id\":\"https:\/\/radioportoseguro.com.br\/site\/#\/schema\/person\/7630acdc320186f13639d3c067ec089b\"},\"headline\":\"Justi\u00e7a adia indeniza\u00e7\u00e3o a fam\u00edlia de pastor sequestrado na Mal\u00e1sia\",\"datePublished\":\"2026-02-20T21:31:42+00:00\",\"mainEntityOfPage\":{\"@id\":\"https:\/\/radioportoseguro.com.br\/site\/2026\/02\/20\/justica-adia-indenizacao-a-familia-de-pastor-sequestrado-na-malasia\/\"},\"wordCount\":535,\"image\":{\"@id\":\"https:\/\/radioportoseguro.com.br\/site\/2026\/02\/20\/justica-adia-indenizacao-a-familia-de-pastor-sequestrado-na-malasia\/#primaryimage\"},\"thumbnailUrl\":\"https:\/\/radioportoseguro.com.br\/site\/wp-content\/uploads\/2026\/02\/83840416-koh.jpg\",\"articleSection\":[\"Destaques\"],\"inLanguage\":\"pt-BR\"},{\"@type\":\"WebPage\",\"@id\":\"https:\/\/radioportoseguro.com.br\/site\/2026\/02\/20\/justica-adia-indenizacao-a-familia-de-pastor-sequestrado-na-malasia\/\",\"url\":\"https:\/\/radioportoseguro.com.br\/site\/2026\/02\/20\/justica-adia-indenizacao-a-familia-de-pastor-sequestrado-na-malasia\/\",\"name\":\"Justi\u00e7a adia indeniza\u00e7\u00e3o a fam\u00edlia de pastor sequestrado na Mal\u00e1sia - R\u00e1dio Porto Seguro\",\"isPartOf\":{\"@id\":\"https:\/\/radioportoseguro.com.br\/site\/#website\"},\"primaryImageOfPage\":{\"@id\":\"https:\/\/radioportoseguro.com.br\/site\/2026\/02\/20\/justica-adia-indenizacao-a-familia-de-pastor-sequestrado-na-malasia\/#primaryimage\"},\"image\":{\"@id\":\"https:\/\/radioportoseguro.com.br\/site\/2026\/02\/20\/justica-adia-indenizacao-a-familia-de-pastor-sequestrado-na-malasia\/#primaryimage\"},\"thumbnailUrl\":\"https:\/\/radioportoseguro.com.br\/site\/wp-content\/uploads\/2026\/02\/83840416-koh.jpg\",\"datePublished\":\"2026-02-20T21:31:42+00:00\",\"author\":{\"@id\":\"https:\/\/radioportoseguro.com.br\/site\/#\/schema\/person\/7630acdc320186f13639d3c067ec089b\"},\"breadcrumb\":{\"@id\":\"https:\/\/radioportoseguro.com.br\/site\/2026\/02\/20\/justica-adia-indenizacao-a-familia-de-pastor-sequestrado-na-malasia\/#breadcrumb\"},\"inLanguage\":\"pt-BR\",\"potentialAction\":[{\"@type\":\"ReadAction\",\"target\":[\"https:\/\/radioportoseguro.com.br\/site\/2026\/02\/20\/justica-adia-indenizacao-a-familia-de-pastor-sequestrado-na-malasia\/\"]}]},{\"@type\":\"ImageObject\",\"inLanguage\":\"pt-BR\",\"@id\":\"https:\/\/radioportoseguro.com.br\/site\/2026\/02\/20\/justica-adia-indenizacao-a-familia-de-pastor-sequestrado-na-malasia\/#primaryimage\",\"url\":\"https:\/\/radioportoseguro.com.br\/site\/wp-content\/uploads\/2026\/02\/83840416-koh.jpg\",\"contentUrl\":\"https:\/\/radioportoseguro.com.br\/site\/wp-content\/uploads\/2026\/02\/83840416-koh.jpg\",\"width\":1200,\"height\":600},{\"@type\":\"BreadcrumbList\",\"@id\":\"https:\/\/radioportoseguro.com.br\/site\/2026\/02\/20\/justica-adia-indenizacao-a-familia-de-pastor-sequestrado-na-malasia\/#breadcrumb\",\"itemListElement\":[{\"@type\":\"ListItem\",\"position\":1,\"name\":\"In\u00edcio\",\"item\":\"https:\/\/radioportoseguro.com.br\/site\/\"},{\"@type\":\"ListItem\",\"position\":2,\"name\":\"Justi\u00e7a adia indeniza\u00e7\u00e3o a fam\u00edlia de pastor sequestrado na Mal\u00e1sia\"}]},{\"@type\":\"WebSite\",\"@id\":\"https:\/\/radioportoseguro.com.br\/site\/#website\",\"url\":\"https:\/\/radioportoseguro.com.br\/site\/\",\"name\":\"R\u00e1dio Porto Seguro\",\"description\":\"\",\"potentialAction\":[{\"@type\":\"SearchAction\",\"target\":{\"@type\":\"EntryPoint\",\"urlTemplate\":\"https:\/\/radioportoseguro.com.br\/site\/?s={search_term_string}\"},\"query-input\":{\"@type\":\"PropertyValueSpecification\",\"valueRequired\":true,\"valueName\":\"search_term_string\"}}],\"inLanguage\":\"pt-BR\"},{\"@type\":\"Person\",\"@id\":\"https:\/\/radioportoseguro.com.br\/site\/#\/schema\/person\/7630acdc320186f13639d3c067ec089b\",\"name\":\"admin\",\"image\":{\"@type\":\"ImageObject\",\"inLanguage\":\"pt-BR\",\"@id\":\"https:\/\/radioportoseguro.com.br\/site\/#\/schema\/person\/image\/\",\"url\":\"https:\/\/secure.gravatar.com\/avatar\/caacf4dc1eedb68fab0df8e1ed46c448e578b2466351bbcb61e47d2ac0caaef0?s=96&d=mm&r=g\",\"contentUrl\":\"https:\/\/secure.gravatar.com\/avatar\/caacf4dc1eedb68fab0df8e1ed46c448e578b2466351bbcb61e47d2ac0caaef0?s=96&d=mm&r=g\",\"caption\":\"admin\"},\"sameAs\":[\"https:\/\/radioportoseguro.com.br\/site\"],\"url\":\"https:\/\/radioportoseguro.com.br\/site\/author\/hezio\/\"}]}<\/script>\n<!-- \/ Yoast SEO plugin. -->","yoast_head_json":{"title":"Justi\u00e7a adia indeniza\u00e7\u00e3o a fam\u00edlia de pastor sequestrado na Mal\u00e1sia - R\u00e1dio Porto Seguro","robots":{"index":"index","follow":"follow","max-snippet":"max-snippet:-1","max-image-preview":"max-image-preview:large","max-video-preview":"max-video-preview:-1"},"canonical":"https:\/\/radioportoseguro.com.br\/site\/2026\/02\/20\/justica-adia-indenizacao-a-familia-de-pastor-sequestrado-na-malasia\/","og_locale":"pt_BR","og_type":"article","og_title":"Justi\u00e7a adia indeniza\u00e7\u00e3o a fam\u00edlia de pastor sequestrado na Mal\u00e1sia - R\u00e1dio Porto Seguro","og_description":"A Justi\u00e7a da Mal\u00e1sia adiou o pagamento da indeniza\u00e7\u00e3o dada \u00e0 fam\u00edlia do pastor Raymond Koh, que foi sequestrado e est\u00e1 desaparecido h\u00e1 9 anos, segundo a Miss\u00e3o Portas Abertas. No fim de janeiro, um juiz suspendeu a execu\u00e7\u00e3o da ordem da Suprema Corte que determinava que o governo pagasse mais de 37 milh\u00f5es ringgits [&hellip;]","og_url":"https:\/\/radioportoseguro.com.br\/site\/2026\/02\/20\/justica-adia-indenizacao-a-familia-de-pastor-sequestrado-na-malasia\/","og_site_name":"R\u00e1dio Porto Seguro","article_published_time":"2026-02-20T21:31:42+00:00","og_image":[{"url":"https:\/\/media.guiame.com.br\/archives\/2026\/02\/19\/83840416-koh.jpg","type":"","width":"","height":""}],"author":"admin","twitter_card":"summary_large_image","twitter_misc":{"Escrito por":"admin","Est. tempo de leitura":"3 minutos"},"schema":{"@context":"https:\/\/schema.org","@graph":[{"@type":"Article","@id":"https:\/\/radioportoseguro.com.br\/site\/2026\/02\/20\/justica-adia-indenizacao-a-familia-de-pastor-sequestrado-na-malasia\/#article","isPartOf":{"@id":"https:\/\/radioportoseguro.com.br\/site\/2026\/02\/20\/justica-adia-indenizacao-a-familia-de-pastor-sequestrado-na-malasia\/"},"author":{"name":"admin","@id":"https:\/\/radioportoseguro.com.br\/site\/#\/schema\/person\/7630acdc320186f13639d3c067ec089b"},"headline":"Justi\u00e7a adia indeniza\u00e7\u00e3o a fam\u00edlia de pastor sequestrado na Mal\u00e1sia","datePublished":"2026-02-20T21:31:42+00:00","mainEntityOfPage":{"@id":"https:\/\/radioportoseguro.com.br\/site\/2026\/02\/20\/justica-adia-indenizacao-a-familia-de-pastor-sequestrado-na-malasia\/"},"wordCount":535,"image":{"@id":"https:\/\/radioportoseguro.com.br\/site\/2026\/02\/20\/justica-adia-indenizacao-a-familia-de-pastor-sequestrado-na-malasia\/#primaryimage"},"thumbnailUrl":"https:\/\/radioportoseguro.com.br\/site\/wp-content\/uploads\/2026\/02\/83840416-koh.jpg","articleSection":["Destaques"],"inLanguage":"pt-BR"},{"@type":"WebPage","@id":"https:\/\/radioportoseguro.com.br\/site\/2026\/02\/20\/justica-adia-indenizacao-a-familia-de-pastor-sequestrado-na-malasia\/","url":"https:\/\/radioportoseguro.com.br\/site\/2026\/02\/20\/justica-adia-indenizacao-a-familia-de-pastor-sequestrado-na-malasia\/","name":"Justi\u00e7a adia indeniza\u00e7\u00e3o a fam\u00edlia de pastor sequestrado na Mal\u00e1sia - R\u00e1dio Porto Seguro","isPartOf":{"@id":"https:\/\/radioportoseguro.com.br\/site\/#website"},"primaryImageOfPage":{"@id":"https:\/\/radioportoseguro.com.br\/site\/2026\/02\/20\/justica-adia-indenizacao-a-familia-de-pastor-sequestrado-na-malasia\/#primaryimage"},"image":{"@id":"https:\/\/radioportoseguro.com.br\/site\/2026\/02\/20\/justica-adia-indenizacao-a-familia-de-pastor-sequestrado-na-malasia\/#primaryimage"},"thumbnailUrl":"https:\/\/radioportoseguro.com.br\/site\/wp-content\/uploads\/2026\/02\/83840416-koh.jpg","datePublished":"2026-02-20T21:31:42+00:00","author":{"@id":"https:\/\/radioportoseguro.com.br\/site\/#\/schema\/person\/7630acdc320186f13639d3c067ec089b"},"breadcrumb":{"@id":"https:\/\/radioportoseguro.com.br\/site\/2026\/02\/20\/justica-adia-indenizacao-a-familia-de-pastor-sequestrado-na-malasia\/#breadcrumb"},"inLanguage":"pt-BR","potentialAction":[{"@type":"ReadAction","target":["https:\/\/radioportoseguro.com.br\/site\/2026\/02\/20\/justica-adia-indenizacao-a-familia-de-pastor-sequestrado-na-malasia\/"]}]},{"@type":"ImageObject","inLanguage":"pt-BR","@id":"https:\/\/radioportoseguro.com.br\/site\/2026\/02\/20\/justica-adia-indenizacao-a-familia-de-pastor-sequestrado-na-malasia\/#primaryimage","url":"https:\/\/radioportoseguro.com.br\/site\/wp-content\/uploads\/2026\/02\/83840416-koh.jpg","contentUrl":"https:\/\/radioportoseguro.com.br\/site\/wp-content\/uploads\/2026\/02\/83840416-koh.jpg","width":1200,"height":600},{"@type":"BreadcrumbList","@id":"https:\/\/radioportoseguro.com.br\/site\/2026\/02\/20\/justica-adia-indenizacao-a-familia-de-pastor-sequestrado-na-malasia\/#breadcrumb","itemListElement":[{"@type":"ListItem","position":1,"name":"In\u00edcio","item":"https:\/\/radioportoseguro.com.br\/site\/"},{"@type":"ListItem","position":2,"name":"Justi\u00e7a adia indeniza\u00e7\u00e3o a fam\u00edlia de pastor sequestrado na Mal\u00e1sia"}]},{"@type":"WebSite","@id":"https:\/\/radioportoseguro.com.br\/site\/#website","url":"https:\/\/radioportoseguro.com.br\/site\/","name":"R\u00e1dio Porto Seguro","description":"","potentialAction":[{"@type":"SearchAction","target":{"@type":"EntryPoint","urlTemplate":"https:\/\/radioportoseguro.com.br\/site\/?s={search_term_string}"},"query-input":{"@type":"PropertyValueSpecification","valueRequired":true,"valueName":"search_term_string"}}],"inLanguage":"pt-BR"},{"@type":"Person","@id":"https:\/\/radioportoseguro.com.br\/site\/#\/schema\/person\/7630acdc320186f13639d3c067ec089b","name":"admin","image":{"@type":"ImageObject","inLanguage":"pt-BR","@id":"https:\/\/radioportoseguro.com.br\/site\/#\/schema\/person\/image\/","url":"https:\/\/secure.gravatar.com\/avatar\/caacf4dc1eedb68fab0df8e1ed46c448e578b2466351bbcb61e47d2ac0caaef0?s=96&d=mm&r=g","contentUrl":"https:\/\/secure.gravatar.com\/avatar\/caacf4dc1eedb68fab0df8e1ed46c448e578b2466351bbcb61e47d2ac0caaef0?s=96&d=mm&r=g","caption":"admin"},"sameAs":["https:\/\/radioportoseguro.com.br\/site"],"url":"https:\/\/radioportoseguro.com.br\/site\/author\/hezio\/"}]}},"_links":{"self":[{"href":"https:\/\/radioportoseguro.com.br\/site\/wp-json\/wp\/v2\/posts\/4239","targetHints":{"allow":["GET"]}}],"collection":[{"href":"https:\/\/radioportoseguro.com.br\/site\/wp-json\/wp\/v2\/posts"}],"about":[{"href":"https:\/\/radioportoseguro.com.br\/site\/wp-json\/wp\/v2\/types\/post"}],"author":[{"embeddable":true,"href":"https:\/\/radioportoseguro.com.br\/site\/wp-json\/wp\/v2\/users\/1"}],"replies":[{"embeddable":true,"href":"https:\/\/radioportoseguro.com.br\/site\/wp-json\/wp\/v2\/comments?post=4239"}],"version-history":[{"count":0,"href":"https:\/\/radioportoseguro.com.br\/site\/wp-json\/wp\/v2\/posts\/4239\/revisions"}],"wp:featuredmedia":[{"embeddable":true,"href":"https:\/\/radioportoseguro.com.br\/site\/wp-json\/wp\/v2\/media\/4240"}],"wp:attachment":[{"href":"https:\/\/radioportoseguro.com.br\/site\/wp-json\/wp\/v2\/media?parent=4239"}],"wp:term":[{"taxonomy":"category","embeddable":true,"href":"https:\/\/radioportoseguro.com.br\/site\/wp-json\/wp\/v2\/categories?post=4239"},{"taxonomy":"post_tag","embeddable":true,"href":"https:\/\/radioportoseguro.com.br\/site\/wp-json\/wp\/v2\/tags?post=4239"}],"curies":[{"name":"wp","href":"https:\/\/api.w.org\/{rel}","templated":true}]}}