{"id":4247,"date":"2026-02-20T22:38:47","date_gmt":"2026-02-21T01:38:47","guid":{"rendered":"https:\/\/radioportoseguro.com.br\/site\/2026\/02\/20\/antissemitismo-boneco-com-estrela-de-davi-e-queimado-em-carnaval-na-europa\/"},"modified":"2026-02-20T22:38:47","modified_gmt":"2026-02-21T01:38:47","slug":"antissemitismo-boneco-com-estrela-de-davi-e-queimado-em-carnaval-na-europa","status":"publish","type":"post","link":"https:\/\/radioportoseguro.com.br\/site\/2026\/02\/20\/antissemitismo-boneco-com-estrela-de-davi-e-queimado-em-carnaval-na-europa\/","title":{"rendered":"Antissemitismo: Boneco com Estrela de Davi \u00e9 queimado em Carnaval na Europa"},"content":{"rendered":"<p><br \/>\n<br \/><\/p>\n<div>\n<p><span style=\"font-weight: 400;\">Um boneco com as cores da bandeira de <\/span><span style=\"color: #800000;\"><strong>Israel<\/strong><\/span><span style=\"font-weight: 400;\"> e com a Estrela de Davi foi queimado durante uma tradicional festa de <\/span><span style=\"color: #800000;\"><strong>Carnaval<\/strong><\/span><span style=\"font-weight: 400;\"> em Andorra, um pequeno pa\u00eds entre a Fran\u00e7a e a Espanha.<\/span><\/p>\n<p><span style=\"font-weight: 400;\">Segundo o jornal Ynet News, o epis\u00f3dio antissemita aconteceu na cerim\u00f4nia de fim do <\/span><span style=\"color: #800000;\"><strong>Carnaval<\/strong><\/span><span style=\"font-weight: 400;\"> de Andorra, no distrito de Encamp, na \u00faltima segunda-feira (16).<\/span><\/p>\n<p><span style=\"font-weight: 400;\">Os foli\u00f5es exibiram um boneco com a Estrela de Davi no rosto, que foi julgado e condenado \u00e0 morte em uma encena\u00e7\u00e3o.\u00a0<\/span><\/p>\n<p><span style=\"font-weight: 400;\">Em seguida, o boneco, que representava o Estado de Israel, foi enforcado, baleado e incendiado durante a festa, na presen\u00e7a de autoridades locais.<\/span><\/p>\n<blockquote class=\"twitter-tweet\"><p>&#13;<\/p>\n<p dir=\"ltr\" lang=\"es\">ABERRANTE muestra de antisemitismo en Andorra durante el carnaval. <a href=\"https:\/\/t.co\/GeIdF635wd\">pic.twitter.com\/GeIdF635wd<\/a><\/p>\n<p>&#13;<br \/>\n\u2014 Dani Lerer (@danilerer) <a href=\"https:\/\/twitter.com\/danilerer\/status\/2023446038934405570?ref_src=twsrc%5Etfw\">February 16, 2026<\/a><\/p><\/blockquote>\n<p><span style=\"font-weight: 400;\">A cerim\u00f4nia tradicional do Carnaval de Andorra \u00e9 focada em &#8220;Carnestoltes&#8221;, um rei cujo boneco \u00e9 julgado e queimado, em um ato simb\u00f3lico marcando o fim das festividades.<\/span><\/p>\n<p><strong>Comunidade judaica de Andorra indignada<\/strong><\/p>\n<p><span style=\"font-weight: 400;\">O incidente causou indigna\u00e7\u00e3o entre a pequena comunidade judaica que mora no pa\u00eds, cerca de 160 pessoas. Os membros disseram que \u00e9 a primeira vez que o boneco do Carnaval \u00e9 exibido com s\u00edmbolos israelenses.<\/span><\/p>\n<p><span style=\"font-weight: 400;\">\u201cEsse \u00e9 um ritual que eles realizam todo ano como parte do Carnaval, onde zombam de muitas coisas&#8221;, disse Esther Pujol, uma judia que mora em Andorra, ao Ynet News.<\/span><\/p>\n<p><span style=\"font-weight: 400;\">&#8220;Desta vez, eles vestiram o boneco com as cores da bandeira israelense, com uma Estrela de Davi no rosto. Eles o levaram a julgamento, o condenaram \u00e0 morte e executaram a senten\u00e7a atirando e o queimando. \u00c9 completamente inaceit\u00e1vel\u201d, criticou ela.<\/span><\/p>\n<p><span style=\"font-weight: 400;\">Esther relatou que a comunidade judaica local ficou muito abalada e que ela denunciou o caso ao presidente do parlamento de Andorra, que tamb\u00e9m expressou indigna\u00e7\u00e3o.<\/span><\/p>\n<p><span style=\"font-weight: 400;\">Segundo ela, houve protestos contra Israel no pa\u00eds ap\u00f3s o ataque do grupo terrorista Hamas em 7 de outubro de 2023, mas ainda n\u00e3o havia acontecido um epis\u00f3dio explicitamente antissemita.<\/span><\/p>\n<p><span style=\"font-weight: 400;\">&#8220;\u00c9 muito s\u00e9rio. N\u00e3o chegamos a um est\u00e1gio de viol\u00eancia em Andorra, mas isso come\u00e7ou com um boneco e pode piorar. Nunca houve nada assim aqui\u201d, alertou.<\/span><\/p>\n<p><span style=\"font-weight: 400;\">Outros membros da comunidade judaica contaram que est\u00e3o assustados com a exibi\u00e7\u00e3o que &#8220;colocou o Estado de Israel na fogueira\u201d.<\/span><\/p>\n<p><span style=\"font-weight: 400;\">Outro morador disse que a cerim\u00f4nia foi &#8220;perturbadora&#8221;, acrescentando que, enquanto os incidentes antissemitas aumentaram na Europa, Andorra n\u00e3o estava nessa estimativa at\u00e9 agora.<\/span><\/p>\n<\/div>\n<p><script async src=\"\/\/platform.twitter.com\/widgets.js\" charset=\"utf-8\"><\/script><br \/>\n<br \/><br \/>\n<br \/>Fonte: Guiame <\/p>\n","protected":false},"excerpt":{"rendered":"<p>Um boneco com as cores da bandeira de Israel e com a Estrela de Davi foi queimado durante uma tradicional festa de Carnaval em Andorra, um pequeno pa\u00eds entre a Fran\u00e7a e a Espanha. Segundo o jornal Ynet News, o epis\u00f3dio antissemita aconteceu na cerim\u00f4nia de fim do Carnaval de Andorra, no distrito de Encamp, [&hellip;]<\/p>\n","protected":false},"author":1,"featured_media":4248,"comment_status":"","ping_status":"open","sticky":false,"template":"","format":"standard","meta":{"footnotes":""},"categories":[43],"tags":[],"class_list":["post-4247","post","type-post","status-publish","format-standard","has-post-thumbnail","hentry","category-destaques"],"yoast_head":"<!-- This site is optimized with the Yoast SEO plugin v26.8 - https:\/\/yoast.com\/product\/yoast-seo-wordpress\/ -->\n<title>Antissemitismo: Boneco com Estrela de Davi \u00e9 queimado em Carnaval na Europa - R\u00e1dio Porto Seguro<\/title>\n<meta name=\"robots\" content=\"index, follow, max-snippet:-1, max-image-preview:large, max-video-preview:-1\" \/>\n<link rel=\"canonical\" href=\"https:\/\/radioportoseguro.com.br\/site\/2026\/02\/20\/antissemitismo-boneco-com-estrela-de-davi-e-queimado-em-carnaval-na-europa\/\" \/>\n<meta property=\"og:locale\" content=\"pt_BR\" \/>\n<meta property=\"og:type\" content=\"article\" \/>\n<meta property=\"og:title\" content=\"Antissemitismo: Boneco com Estrela de Davi \u00e9 queimado em Carnaval na Europa - R\u00e1dio Porto Seguro\" \/>\n<meta property=\"og:description\" content=\"Um boneco com as cores da bandeira de Israel e com a Estrela de Davi foi queimado durante uma tradicional festa de Carnaval em Andorra, um pequeno pa\u00eds entre a Fran\u00e7a e a Espanha. Segundo o jornal Ynet News, o epis\u00f3dio antissemita aconteceu na cerim\u00f4nia de fim do Carnaval de Andorra, no distrito de Encamp, [&hellip;]\" \/>\n<meta property=\"og:url\" content=\"https:\/\/radioportoseguro.com.br\/site\/2026\/02\/20\/antissemitismo-boneco-com-estrela-de-davi-e-queimado-em-carnaval-na-europa\/\" \/>\n<meta property=\"og:site_name\" content=\"R\u00e1dio Porto Seguro\" \/>\n<meta property=\"article:published_time\" content=\"2026-02-21T01:38:47+00:00\" \/>\n<meta property=\"og:image\" content=\"https:\/\/media.guiame.com.br\/archives\/2026\/02\/19\/2627975640-boneco.jpeg\" \/>\n<meta name=\"author\" content=\"admin\" \/>\n<meta name=\"twitter:card\" content=\"summary_large_image\" \/>\n<meta name=\"twitter:label1\" content=\"Escrito por\" \/>\n\t<meta name=\"twitter:data1\" content=\"admin\" \/>\n\t<meta name=\"twitter:label2\" content=\"Est. tempo de leitura\" \/>\n\t<meta name=\"twitter:data2\" content=\"2 minutos\" \/>\n<script type=\"application\/ld+json\" class=\"yoast-schema-graph\">{\"@context\":\"https:\/\/schema.org\",\"@graph\":[{\"@type\":\"Article\",\"@id\":\"https:\/\/radioportoseguro.com.br\/site\/2026\/02\/20\/antissemitismo-boneco-com-estrela-de-davi-e-queimado-em-carnaval-na-europa\/#article\",\"isPartOf\":{\"@id\":\"https:\/\/radioportoseguro.com.br\/site\/2026\/02\/20\/antissemitismo-boneco-com-estrela-de-davi-e-queimado-em-carnaval-na-europa\/\"},\"author\":{\"name\":\"admin\",\"@id\":\"https:\/\/radioportoseguro.com.br\/site\/#\/schema\/person\/7630acdc320186f13639d3c067ec089b\"},\"headline\":\"Antissemitismo: Boneco com Estrela de Davi \u00e9 queimado em Carnaval na Europa\",\"datePublished\":\"2026-02-21T01:38:47+00:00\",\"mainEntityOfPage\":{\"@id\":\"https:\/\/radioportoseguro.com.br\/site\/2026\/02\/20\/antissemitismo-boneco-com-estrela-de-davi-e-queimado-em-carnaval-na-europa\/\"},\"wordCount\":419,\"image\":{\"@id\":\"https:\/\/radioportoseguro.com.br\/site\/2026\/02\/20\/antissemitismo-boneco-com-estrela-de-davi-e-queimado-em-carnaval-na-europa\/#primaryimage\"},\"thumbnailUrl\":\"https:\/\/radioportoseguro.com.br\/site\/wp-content\/uploads\/2026\/02\/2627975640-boneco.jpeg\",\"articleSection\":[\"Destaques\"],\"inLanguage\":\"pt-BR\"},{\"@type\":\"WebPage\",\"@id\":\"https:\/\/radioportoseguro.com.br\/site\/2026\/02\/20\/antissemitismo-boneco-com-estrela-de-davi-e-queimado-em-carnaval-na-europa\/\",\"url\":\"https:\/\/radioportoseguro.com.br\/site\/2026\/02\/20\/antissemitismo-boneco-com-estrela-de-davi-e-queimado-em-carnaval-na-europa\/\",\"name\":\"Antissemitismo: Boneco com Estrela de Davi \u00e9 queimado em Carnaval na Europa - R\u00e1dio Porto Seguro\",\"isPartOf\":{\"@id\":\"https:\/\/radioportoseguro.com.br\/site\/#website\"},\"primaryImageOfPage\":{\"@id\":\"https:\/\/radioportoseguro.com.br\/site\/2026\/02\/20\/antissemitismo-boneco-com-estrela-de-davi-e-queimado-em-carnaval-na-europa\/#primaryimage\"},\"image\":{\"@id\":\"https:\/\/radioportoseguro.com.br\/site\/2026\/02\/20\/antissemitismo-boneco-com-estrela-de-davi-e-queimado-em-carnaval-na-europa\/#primaryimage\"},\"thumbnailUrl\":\"https:\/\/radioportoseguro.com.br\/site\/wp-content\/uploads\/2026\/02\/2627975640-boneco.jpeg\",\"datePublished\":\"2026-02-21T01:38:47+00:00\",\"author\":{\"@id\":\"https:\/\/radioportoseguro.com.br\/site\/#\/schema\/person\/7630acdc320186f13639d3c067ec089b\"},\"breadcrumb\":{\"@id\":\"https:\/\/radioportoseguro.com.br\/site\/2026\/02\/20\/antissemitismo-boneco-com-estrela-de-davi-e-queimado-em-carnaval-na-europa\/#breadcrumb\"},\"inLanguage\":\"pt-BR\",\"potentialAction\":[{\"@type\":\"ReadAction\",\"target\":[\"https:\/\/radioportoseguro.com.br\/site\/2026\/02\/20\/antissemitismo-boneco-com-estrela-de-davi-e-queimado-em-carnaval-na-europa\/\"]}]},{\"@type\":\"ImageObject\",\"inLanguage\":\"pt-BR\",\"@id\":\"https:\/\/radioportoseguro.com.br\/site\/2026\/02\/20\/antissemitismo-boneco-com-estrela-de-davi-e-queimado-em-carnaval-na-europa\/#primaryimage\",\"url\":\"https:\/\/radioportoseguro.com.br\/site\/wp-content\/uploads\/2026\/02\/2627975640-boneco.jpeg\",\"contentUrl\":\"https:\/\/radioportoseguro.com.br\/site\/wp-content\/uploads\/2026\/02\/2627975640-boneco.jpeg\",\"width\":1200,\"height\":600},{\"@type\":\"BreadcrumbList\",\"@id\":\"https:\/\/radioportoseguro.com.br\/site\/2026\/02\/20\/antissemitismo-boneco-com-estrela-de-davi-e-queimado-em-carnaval-na-europa\/#breadcrumb\",\"itemListElement\":[{\"@type\":\"ListItem\",\"position\":1,\"name\":\"In\u00edcio\",\"item\":\"https:\/\/radioportoseguro.com.br\/site\/\"},{\"@type\":\"ListItem\",\"position\":2,\"name\":\"Antissemitismo: Boneco com Estrela de Davi \u00e9 queimado em Carnaval na Europa\"}]},{\"@type\":\"WebSite\",\"@id\":\"https:\/\/radioportoseguro.com.br\/site\/#website\",\"url\":\"https:\/\/radioportoseguro.com.br\/site\/\",\"name\":\"R\u00e1dio Porto Seguro\",\"description\":\"\",\"potentialAction\":[{\"@type\":\"SearchAction\",\"target\":{\"@type\":\"EntryPoint\",\"urlTemplate\":\"https:\/\/radioportoseguro.com.br\/site\/?s={search_term_string}\"},\"query-input\":{\"@type\":\"PropertyValueSpecification\",\"valueRequired\":true,\"valueName\":\"search_term_string\"}}],\"inLanguage\":\"pt-BR\"},{\"@type\":\"Person\",\"@id\":\"https:\/\/radioportoseguro.com.br\/site\/#\/schema\/person\/7630acdc320186f13639d3c067ec089b\",\"name\":\"admin\",\"image\":{\"@type\":\"ImageObject\",\"inLanguage\":\"pt-BR\",\"@id\":\"https:\/\/radioportoseguro.com.br\/site\/#\/schema\/person\/image\/\",\"url\":\"https:\/\/secure.gravatar.com\/avatar\/caacf4dc1eedb68fab0df8e1ed46c448e578b2466351bbcb61e47d2ac0caaef0?s=96&d=mm&r=g\",\"contentUrl\":\"https:\/\/secure.gravatar.com\/avatar\/caacf4dc1eedb68fab0df8e1ed46c448e578b2466351bbcb61e47d2ac0caaef0?s=96&d=mm&r=g\",\"caption\":\"admin\"},\"sameAs\":[\"https:\/\/radioportoseguro.com.br\/site\"],\"url\":\"https:\/\/radioportoseguro.com.br\/site\/author\/hezio\/\"}]}<\/script>\n<!-- \/ Yoast SEO plugin. -->","yoast_head_json":{"title":"Antissemitismo: Boneco com Estrela de Davi \u00e9 queimado em Carnaval na Europa - R\u00e1dio Porto Seguro","robots":{"index":"index","follow":"follow","max-snippet":"max-snippet:-1","max-image-preview":"max-image-preview:large","max-video-preview":"max-video-preview:-1"},"canonical":"https:\/\/radioportoseguro.com.br\/site\/2026\/02\/20\/antissemitismo-boneco-com-estrela-de-davi-e-queimado-em-carnaval-na-europa\/","og_locale":"pt_BR","og_type":"article","og_title":"Antissemitismo: Boneco com Estrela de Davi \u00e9 queimado em Carnaval na Europa - R\u00e1dio Porto Seguro","og_description":"Um boneco com as cores da bandeira de Israel e com a Estrela de Davi foi queimado durante uma tradicional festa de Carnaval em Andorra, um pequeno pa\u00eds entre a Fran\u00e7a e a Espanha. Segundo o jornal Ynet News, o epis\u00f3dio antissemita aconteceu na cerim\u00f4nia de fim do Carnaval de Andorra, no distrito de Encamp, [&hellip;]","og_url":"https:\/\/radioportoseguro.com.br\/site\/2026\/02\/20\/antissemitismo-boneco-com-estrela-de-davi-e-queimado-em-carnaval-na-europa\/","og_site_name":"R\u00e1dio Porto Seguro","article_published_time":"2026-02-21T01:38:47+00:00","og_image":[{"url":"https:\/\/media.guiame.com.br\/archives\/2026\/02\/19\/2627975640-boneco.jpeg","type":"","width":"","height":""}],"author":"admin","twitter_card":"summary_large_image","twitter_misc":{"Escrito por":"admin","Est. tempo de leitura":"2 minutos"},"schema":{"@context":"https:\/\/schema.org","@graph":[{"@type":"Article","@id":"https:\/\/radioportoseguro.com.br\/site\/2026\/02\/20\/antissemitismo-boneco-com-estrela-de-davi-e-queimado-em-carnaval-na-europa\/#article","isPartOf":{"@id":"https:\/\/radioportoseguro.com.br\/site\/2026\/02\/20\/antissemitismo-boneco-com-estrela-de-davi-e-queimado-em-carnaval-na-europa\/"},"author":{"name":"admin","@id":"https:\/\/radioportoseguro.com.br\/site\/#\/schema\/person\/7630acdc320186f13639d3c067ec089b"},"headline":"Antissemitismo: Boneco com Estrela de Davi \u00e9 queimado em Carnaval na Europa","datePublished":"2026-02-21T01:38:47+00:00","mainEntityOfPage":{"@id":"https:\/\/radioportoseguro.com.br\/site\/2026\/02\/20\/antissemitismo-boneco-com-estrela-de-davi-e-queimado-em-carnaval-na-europa\/"},"wordCount":419,"image":{"@id":"https:\/\/radioportoseguro.com.br\/site\/2026\/02\/20\/antissemitismo-boneco-com-estrela-de-davi-e-queimado-em-carnaval-na-europa\/#primaryimage"},"thumbnailUrl":"https:\/\/radioportoseguro.com.br\/site\/wp-content\/uploads\/2026\/02\/2627975640-boneco.jpeg","articleSection":["Destaques"],"inLanguage":"pt-BR"},{"@type":"WebPage","@id":"https:\/\/radioportoseguro.com.br\/site\/2026\/02\/20\/antissemitismo-boneco-com-estrela-de-davi-e-queimado-em-carnaval-na-europa\/","url":"https:\/\/radioportoseguro.com.br\/site\/2026\/02\/20\/antissemitismo-boneco-com-estrela-de-davi-e-queimado-em-carnaval-na-europa\/","name":"Antissemitismo: Boneco com Estrela de Davi \u00e9 queimado em Carnaval na Europa - R\u00e1dio Porto Seguro","isPartOf":{"@id":"https:\/\/radioportoseguro.com.br\/site\/#website"},"primaryImageOfPage":{"@id":"https:\/\/radioportoseguro.com.br\/site\/2026\/02\/20\/antissemitismo-boneco-com-estrela-de-davi-e-queimado-em-carnaval-na-europa\/#primaryimage"},"image":{"@id":"https:\/\/radioportoseguro.com.br\/site\/2026\/02\/20\/antissemitismo-boneco-com-estrela-de-davi-e-queimado-em-carnaval-na-europa\/#primaryimage"},"thumbnailUrl":"https:\/\/radioportoseguro.com.br\/site\/wp-content\/uploads\/2026\/02\/2627975640-boneco.jpeg","datePublished":"2026-02-21T01:38:47+00:00","author":{"@id":"https:\/\/radioportoseguro.com.br\/site\/#\/schema\/person\/7630acdc320186f13639d3c067ec089b"},"breadcrumb":{"@id":"https:\/\/radioportoseguro.com.br\/site\/2026\/02\/20\/antissemitismo-boneco-com-estrela-de-davi-e-queimado-em-carnaval-na-europa\/#breadcrumb"},"inLanguage":"pt-BR","potentialAction":[{"@type":"ReadAction","target":["https:\/\/radioportoseguro.com.br\/site\/2026\/02\/20\/antissemitismo-boneco-com-estrela-de-davi-e-queimado-em-carnaval-na-europa\/"]}]},{"@type":"ImageObject","inLanguage":"pt-BR","@id":"https:\/\/radioportoseguro.com.br\/site\/2026\/02\/20\/antissemitismo-boneco-com-estrela-de-davi-e-queimado-em-carnaval-na-europa\/#primaryimage","url":"https:\/\/radioportoseguro.com.br\/site\/wp-content\/uploads\/2026\/02\/2627975640-boneco.jpeg","contentUrl":"https:\/\/radioportoseguro.com.br\/site\/wp-content\/uploads\/2026\/02\/2627975640-boneco.jpeg","width":1200,"height":600},{"@type":"BreadcrumbList","@id":"https:\/\/radioportoseguro.com.br\/site\/2026\/02\/20\/antissemitismo-boneco-com-estrela-de-davi-e-queimado-em-carnaval-na-europa\/#breadcrumb","itemListElement":[{"@type":"ListItem","position":1,"name":"In\u00edcio","item":"https:\/\/radioportoseguro.com.br\/site\/"},{"@type":"ListItem","position":2,"name":"Antissemitismo: Boneco com Estrela de Davi \u00e9 queimado em Carnaval na Europa"}]},{"@type":"WebSite","@id":"https:\/\/radioportoseguro.com.br\/site\/#website","url":"https:\/\/radioportoseguro.com.br\/site\/","name":"R\u00e1dio Porto Seguro","description":"","potentialAction":[{"@type":"SearchAction","target":{"@type":"EntryPoint","urlTemplate":"https:\/\/radioportoseguro.com.br\/site\/?s={search_term_string}"},"query-input":{"@type":"PropertyValueSpecification","valueRequired":true,"valueName":"search_term_string"}}],"inLanguage":"pt-BR"},{"@type":"Person","@id":"https:\/\/radioportoseguro.com.br\/site\/#\/schema\/person\/7630acdc320186f13639d3c067ec089b","name":"admin","image":{"@type":"ImageObject","inLanguage":"pt-BR","@id":"https:\/\/radioportoseguro.com.br\/site\/#\/schema\/person\/image\/","url":"https:\/\/secure.gravatar.com\/avatar\/caacf4dc1eedb68fab0df8e1ed46c448e578b2466351bbcb61e47d2ac0caaef0?s=96&d=mm&r=g","contentUrl":"https:\/\/secure.gravatar.com\/avatar\/caacf4dc1eedb68fab0df8e1ed46c448e578b2466351bbcb61e47d2ac0caaef0?s=96&d=mm&r=g","caption":"admin"},"sameAs":["https:\/\/radioportoseguro.com.br\/site"],"url":"https:\/\/radioportoseguro.com.br\/site\/author\/hezio\/"}]}},"_links":{"self":[{"href":"https:\/\/radioportoseguro.com.br\/site\/wp-json\/wp\/v2\/posts\/4247","targetHints":{"allow":["GET"]}}],"collection":[{"href":"https:\/\/radioportoseguro.com.br\/site\/wp-json\/wp\/v2\/posts"}],"about":[{"href":"https:\/\/radioportoseguro.com.br\/site\/wp-json\/wp\/v2\/types\/post"}],"author":[{"embeddable":true,"href":"https:\/\/radioportoseguro.com.br\/site\/wp-json\/wp\/v2\/users\/1"}],"replies":[{"embeddable":true,"href":"https:\/\/radioportoseguro.com.br\/site\/wp-json\/wp\/v2\/comments?post=4247"}],"version-history":[{"count":0,"href":"https:\/\/radioportoseguro.com.br\/site\/wp-json\/wp\/v2\/posts\/4247\/revisions"}],"wp:featuredmedia":[{"embeddable":true,"href":"https:\/\/radioportoseguro.com.br\/site\/wp-json\/wp\/v2\/media\/4248"}],"wp:attachment":[{"href":"https:\/\/radioportoseguro.com.br\/site\/wp-json\/wp\/v2\/media?parent=4247"}],"wp:term":[{"taxonomy":"category","embeddable":true,"href":"https:\/\/radioportoseguro.com.br\/site\/wp-json\/wp\/v2\/categories?post=4247"},{"taxonomy":"post_tag","embeddable":true,"href":"https:\/\/radioportoseguro.com.br\/site\/wp-json\/wp\/v2\/tags?post=4247"}],"curies":[{"name":"wp","href":"https:\/\/api.w.org\/{rel}","templated":true}]}}