{"id":4249,"date":"2026-02-21T00:42:38","date_gmt":"2026-02-21T03:42:38","guid":{"rendered":"https:\/\/radioportoseguro.com.br\/site\/2026\/02\/21\/medalhista-glorifica-a-deus-apos-ouro-historico-nos-jogos-olimpicos-de-inverno\/"},"modified":"2026-02-21T00:42:38","modified_gmt":"2026-02-21T03:42:38","slug":"medalhista-glorifica-a-deus-apos-ouro-historico-nos-jogos-olimpicos-de-inverno","status":"publish","type":"post","link":"https:\/\/radioportoseguro.com.br\/site\/2026\/02\/21\/medalhista-glorifica-a-deus-apos-ouro-historico-nos-jogos-olimpicos-de-inverno\/","title":{"rendered":"Medalhista glorifica a Deus ap\u00f3s ouro hist\u00f3rico nos Jogos Ol\u00edmpicos de Inverno"},"content":{"rendered":"<p><br \/>\n<br \/><\/p>\n<div>\n<p><span style=\"font-weight: 400;\">A atleta ol\u00edmpica Elana Meyers Taylor conquistou sua primeira medalha de ouro na \u00faltima segunda-feira (16), nos <\/span><span style=\"color: #993300;\"><strong>Jogos Ol\u00edmpicos de Inverno<\/strong><\/span><span style=\"font-weight: 400;\"> de Mil\u00e3o\u2013Cortina 2026, ao vencer a prova de monobob feminino pelos Estados Unidos. Ap\u00f3s a vit\u00f3ria, ela glorificou a Deus pela conquista.<\/span><\/p>\n<p><span style=\"font-weight: 400;\">Aos 41 anos, Elana se tornou a atleta mais velha a <\/span><span style=\"color: #993300;\"><strong>ganhar uma medalha de ouro<\/strong><\/span><span style=\"font-weight: 400;\"> individual na hist\u00f3ria dos Jogos Ol\u00edmpicos de Inverno. Ap\u00f3s a prova, ela destacou que sua miss\u00e3o vai al\u00e9m do esporte:<\/span><\/p>\n<p><span style=\"font-weight: 400;\">\u201cO momento pelo qual oramos. Gl\u00f3ria a Deus. Deus me colocou aqui por um motivo espec\u00edfico e eu n\u00e3o acho que seja apenas para ganhar medalhas. Estou neste esporte para glorificar a Deus\u201d.\u00a0<\/span><\/p>\n<p><span style=\"font-weight: 400;\">E continuou: \u201cUma das grandes raz\u00f5es pelas quais fui colocada no bobsled \u00e9 para ajudar as pessoas n\u00e3o apenas a alcan\u00e7arem seus objetivos, mas a virem a Cristo\u201d.<\/span><\/p>\n<blockquote class=\"instagram-media\" style=\"background: #FFF; border: 0; border-radius: 3px; box-shadow: 0 0 1px 0 rgba(0,0,0,0.5),0 1px 10px 0 rgba(0,0,0,0.15); margin: 1px; max-width: 540px; min-width: 326px; padding: 0; width: calc(100% - 2px);\" data-instgrm-permalink=\"https:\/\/www.instagram.com\/p\/DU3CAerjX3a\/?utm_source=ig_embed&amp;utm_campaign=loading\" data-instgrm-version=\"14\"><p>&#13;<br \/>\n&#13;\n<\/p><\/blockquote>\n<p><span style=\"font-weight: 400;\">O monobob \u00e9 uma vers\u00e3o individual do bobsled, um esporte ol\u00edmpico de inverno em que atletas descem uma pista de gelo dentro de um tren\u00f3 especial, em alta velocidade.<\/span><\/p>\n<p><span style=\"font-weight: 400;\">Na final do monobob feminino, Elana completou as quatro descidas com o tempo total de 3min57s93. Ela superou a alem\u00e3 Laura Nolte por apenas 0,04 segundo e a tamb\u00e9m norte-americana Kaillie Armbruster Humphries por 0,12.<\/span><\/p>\n<p><strong>Exemplo de f\u00e9<\/strong><\/p>\n<p><span style=\"font-weight: 400;\">Agora, a americana soma seis medalhas ol\u00edmpicas: tr\u00eas de prata, duas de bronze e uma de ouro. Desde sua estreia nos Jogos Ol\u00edmpicos de Inverno de 2010, ela construiu uma carreira marcada pela supera\u00e7\u00e3o.<\/span><\/p>\n<p><span style=\"font-weight: 400;\">M\u00e3e de dois filhos e defensora dos atletas negros, Elana destaca que sua trajet\u00f3ria tem impacto al\u00e9m das pistas de gelo. Ela tamb\u00e9m se tornou uma refer\u00eancia para fam\u00edlias que criam filhos com defici\u00eancia, especialmente nas comunidades de surdos e pessoas com s\u00edndrome de Down.<\/span><\/p>\n<blockquote class=\"instagram-media\" style=\"background: #FFF; border: 0; border-radius: 3px; box-shadow: 0 0 1px 0 rgba(0,0,0,0.5),0 1px 10px 0 rgba(0,0,0,0.15); margin: 1px; max-width: 540px; min-width: 326px; padding: 0; width: calc(100% - 2px);\" data-instgrm-permalink=\"https:\/\/www.instagram.com\/p\/DU1btnCjihA\/?utm_source=ig_embed&amp;utm_campaign=loading\" data-instgrm-version=\"14\"><p>&#13;<br \/>\n&#13;\n<\/p><\/blockquote>\n<p><span style=\"font-weight: 400;\">Com a vit\u00f3ria, ela superou o recorde do snowboarder austr\u00edaco Benjamin Karl e se tornou a campe\u00e3 ol\u00edmpica individual mais velha da hist\u00f3ria dos Jogos de Inverno.\u00a0<\/span><\/p>\n<p><span style=\"font-weight: 400;\">A conquista tamb\u00e9m a consolida como a piloto de bobsleigh feminina mais premiada de todos os tempos e a primeira m\u00e3e a ganhar uma medalha de ouro ol\u00edmpica na modalidade.<\/span><\/p>\n<p><span style=\"font-weight: 400;\">\u201cHouve tantos momentos durante toda esta temporada, ao longo destes \u00faltimos quatro anos, em que simplesmente pens\u00e1vamos que era imposs\u00edvel. Minha equipe ao meu redor acreditou em mim o tempo todo. E foi isso que realmente me permitiu estar aqui hoje\u201d, disse ela em uma coletiva de imprensa.<\/span><\/p>\n<p><span style=\"font-weight: 400;\">Desde a inf\u00e2ncia, Elana sonhava em disputar os Jogos Ol\u00edmpicos. Ao longo da carreira, no entanto, sempre deixou claro que sua maior motiva\u00e7\u00e3o n\u00e3o \u00e9 conquistar medalhas, mas glorificar a Deus.<\/span><\/p>\n<p><span style=\"font-weight: 400;\">\u201cDeus me colocou aqui por um motivo espec\u00edfico e n\u00e3o acho que seja apenas para ganhar medalhas. No fim das contas, estou neste esporte para glorificar a Deus, ent\u00e3o, se isso significar chegar em \u00faltimo lugar ou ganhar a medalha de ouro, \u00e9 isso que farei\u201d, disse ela \u00e0 revista Athletes in Action em 2014.\u00a0<\/span><\/p>\n<p><span style=\"font-weight: 400;\">A atleta se converteu ao cristianismo enquanto jogava softball na George Washington University. Em 2013, foi batizada ao lado do ent\u00e3o namorado, Nic Taylor, que hoje \u00e9 seu marido.<\/span><\/p>\n<\/div>\n<p><script async src=\"\/\/www.instagram.com\/embed.js\"><\/script><br \/>\n<br \/><br \/>\n<br \/>Fonte: Guiame <\/p>\n","protected":false},"excerpt":{"rendered":"<p>A atleta ol\u00edmpica Elana Meyers Taylor conquistou sua primeira medalha de ouro na \u00faltima segunda-feira (16), nos Jogos Ol\u00edmpicos de Inverno de Mil\u00e3o\u2013Cortina 2026, ao vencer a prova de monobob feminino pelos Estados Unidos. Ap\u00f3s a vit\u00f3ria, ela glorificou a Deus pela conquista. Aos 41 anos, Elana se tornou a atleta mais velha a ganhar [&hellip;]<\/p>\n","protected":false},"author":1,"featured_media":4250,"comment_status":"","ping_status":"open","sticky":false,"template":"","format":"standard","meta":{"footnotes":""},"categories":[43],"tags":[],"class_list":["post-4249","post","type-post","status-publish","format-standard","has-post-thumbnail","hentry","category-destaques"],"yoast_head":"<!-- This site is optimized with the Yoast SEO plugin v26.8 - https:\/\/yoast.com\/product\/yoast-seo-wordpress\/ -->\n<title>Medalhista glorifica a Deus ap\u00f3s ouro hist\u00f3rico nos Jogos Ol\u00edmpicos de Inverno - R\u00e1dio Porto Seguro<\/title>\n<meta name=\"robots\" content=\"index, follow, max-snippet:-1, max-image-preview:large, max-video-preview:-1\" \/>\n<link rel=\"canonical\" href=\"https:\/\/radioportoseguro.com.br\/site\/2026\/02\/21\/medalhista-glorifica-a-deus-apos-ouro-historico-nos-jogos-olimpicos-de-inverno\/\" \/>\n<meta property=\"og:locale\" content=\"pt_BR\" \/>\n<meta property=\"og:type\" content=\"article\" \/>\n<meta property=\"og:title\" content=\"Medalhista glorifica a Deus ap\u00f3s ouro hist\u00f3rico nos Jogos Ol\u00edmpicos de Inverno - R\u00e1dio Porto Seguro\" \/>\n<meta property=\"og:description\" content=\"A atleta ol\u00edmpica Elana Meyers Taylor conquistou sua primeira medalha de ouro na \u00faltima segunda-feira (16), nos Jogos Ol\u00edmpicos de Inverno de Mil\u00e3o\u2013Cortina 2026, ao vencer a prova de monobob feminino pelos Estados Unidos. Ap\u00f3s a vit\u00f3ria, ela glorificou a Deus pela conquista. Aos 41 anos, Elana se tornou a atleta mais velha a ganhar [&hellip;]\" \/>\n<meta property=\"og:url\" content=\"https:\/\/radioportoseguro.com.br\/site\/2026\/02\/21\/medalhista-glorifica-a-deus-apos-ouro-historico-nos-jogos-olimpicos-de-inverno\/\" \/>\n<meta property=\"og:site_name\" content=\"R\u00e1dio Porto Seguro\" \/>\n<meta property=\"article:published_time\" content=\"2026-02-21T03:42:38+00:00\" \/>\n<meta property=\"og:image\" content=\"https:\/\/media.guiame.com.br\/archives\/2026\/02\/19\/2303396048-elana-meyers-taylor.jpeg\" \/>\n<meta name=\"author\" content=\"admin\" \/>\n<meta name=\"twitter:card\" content=\"summary_large_image\" \/>\n<meta name=\"twitter:label1\" content=\"Escrito por\" \/>\n\t<meta name=\"twitter:data1\" content=\"admin\" \/>\n\t<meta name=\"twitter:label2\" content=\"Est. tempo de leitura\" \/>\n\t<meta name=\"twitter:data2\" content=\"3 minutos\" \/>\n<script type=\"application\/ld+json\" class=\"yoast-schema-graph\">{\"@context\":\"https:\/\/schema.org\",\"@graph\":[{\"@type\":\"Article\",\"@id\":\"https:\/\/radioportoseguro.com.br\/site\/2026\/02\/21\/medalhista-glorifica-a-deus-apos-ouro-historico-nos-jogos-olimpicos-de-inverno\/#article\",\"isPartOf\":{\"@id\":\"https:\/\/radioportoseguro.com.br\/site\/2026\/02\/21\/medalhista-glorifica-a-deus-apos-ouro-historico-nos-jogos-olimpicos-de-inverno\/\"},\"author\":{\"name\":\"admin\",\"@id\":\"https:\/\/radioportoseguro.com.br\/site\/#\/schema\/person\/7630acdc320186f13639d3c067ec089b\"},\"headline\":\"Medalhista glorifica a Deus ap\u00f3s ouro hist\u00f3rico nos Jogos Ol\u00edmpicos de Inverno\",\"datePublished\":\"2026-02-21T03:42:38+00:00\",\"mainEntityOfPage\":{\"@id\":\"https:\/\/radioportoseguro.com.br\/site\/2026\/02\/21\/medalhista-glorifica-a-deus-apos-ouro-historico-nos-jogos-olimpicos-de-inverno\/\"},\"wordCount\":561,\"image\":{\"@id\":\"https:\/\/radioportoseguro.com.br\/site\/2026\/02\/21\/medalhista-glorifica-a-deus-apos-ouro-historico-nos-jogos-olimpicos-de-inverno\/#primaryimage\"},\"thumbnailUrl\":\"https:\/\/radioportoseguro.com.br\/site\/wp-content\/uploads\/2026\/02\/2303396048-elana-meyers-taylor.jpeg\",\"articleSection\":[\"Destaques\"],\"inLanguage\":\"pt-BR\"},{\"@type\":\"WebPage\",\"@id\":\"https:\/\/radioportoseguro.com.br\/site\/2026\/02\/21\/medalhista-glorifica-a-deus-apos-ouro-historico-nos-jogos-olimpicos-de-inverno\/\",\"url\":\"https:\/\/radioportoseguro.com.br\/site\/2026\/02\/21\/medalhista-glorifica-a-deus-apos-ouro-historico-nos-jogos-olimpicos-de-inverno\/\",\"name\":\"Medalhista glorifica a Deus ap\u00f3s ouro hist\u00f3rico nos Jogos Ol\u00edmpicos de Inverno - R\u00e1dio Porto Seguro\",\"isPartOf\":{\"@id\":\"https:\/\/radioportoseguro.com.br\/site\/#website\"},\"primaryImageOfPage\":{\"@id\":\"https:\/\/radioportoseguro.com.br\/site\/2026\/02\/21\/medalhista-glorifica-a-deus-apos-ouro-historico-nos-jogos-olimpicos-de-inverno\/#primaryimage\"},\"image\":{\"@id\":\"https:\/\/radioportoseguro.com.br\/site\/2026\/02\/21\/medalhista-glorifica-a-deus-apos-ouro-historico-nos-jogos-olimpicos-de-inverno\/#primaryimage\"},\"thumbnailUrl\":\"https:\/\/radioportoseguro.com.br\/site\/wp-content\/uploads\/2026\/02\/2303396048-elana-meyers-taylor.jpeg\",\"datePublished\":\"2026-02-21T03:42:38+00:00\",\"author\":{\"@id\":\"https:\/\/radioportoseguro.com.br\/site\/#\/schema\/person\/7630acdc320186f13639d3c067ec089b\"},\"breadcrumb\":{\"@id\":\"https:\/\/radioportoseguro.com.br\/site\/2026\/02\/21\/medalhista-glorifica-a-deus-apos-ouro-historico-nos-jogos-olimpicos-de-inverno\/#breadcrumb\"},\"inLanguage\":\"pt-BR\",\"potentialAction\":[{\"@type\":\"ReadAction\",\"target\":[\"https:\/\/radioportoseguro.com.br\/site\/2026\/02\/21\/medalhista-glorifica-a-deus-apos-ouro-historico-nos-jogos-olimpicos-de-inverno\/\"]}]},{\"@type\":\"ImageObject\",\"inLanguage\":\"pt-BR\",\"@id\":\"https:\/\/radioportoseguro.com.br\/site\/2026\/02\/21\/medalhista-glorifica-a-deus-apos-ouro-historico-nos-jogos-olimpicos-de-inverno\/#primaryimage\",\"url\":\"https:\/\/radioportoseguro.com.br\/site\/wp-content\/uploads\/2026\/02\/2303396048-elana-meyers-taylor.jpeg\",\"contentUrl\":\"https:\/\/radioportoseguro.com.br\/site\/wp-content\/uploads\/2026\/02\/2303396048-elana-meyers-taylor.jpeg\",\"width\":1200,\"height\":600},{\"@type\":\"BreadcrumbList\",\"@id\":\"https:\/\/radioportoseguro.com.br\/site\/2026\/02\/21\/medalhista-glorifica-a-deus-apos-ouro-historico-nos-jogos-olimpicos-de-inverno\/#breadcrumb\",\"itemListElement\":[{\"@type\":\"ListItem\",\"position\":1,\"name\":\"In\u00edcio\",\"item\":\"https:\/\/radioportoseguro.com.br\/site\/\"},{\"@type\":\"ListItem\",\"position\":2,\"name\":\"Medalhista glorifica a Deus ap\u00f3s ouro hist\u00f3rico nos Jogos Ol\u00edmpicos de Inverno\"}]},{\"@type\":\"WebSite\",\"@id\":\"https:\/\/radioportoseguro.com.br\/site\/#website\",\"url\":\"https:\/\/radioportoseguro.com.br\/site\/\",\"name\":\"R\u00e1dio Porto Seguro\",\"description\":\"\",\"potentialAction\":[{\"@type\":\"SearchAction\",\"target\":{\"@type\":\"EntryPoint\",\"urlTemplate\":\"https:\/\/radioportoseguro.com.br\/site\/?s={search_term_string}\"},\"query-input\":{\"@type\":\"PropertyValueSpecification\",\"valueRequired\":true,\"valueName\":\"search_term_string\"}}],\"inLanguage\":\"pt-BR\"},{\"@type\":\"Person\",\"@id\":\"https:\/\/radioportoseguro.com.br\/site\/#\/schema\/person\/7630acdc320186f13639d3c067ec089b\",\"name\":\"admin\",\"image\":{\"@type\":\"ImageObject\",\"inLanguage\":\"pt-BR\",\"@id\":\"https:\/\/radioportoseguro.com.br\/site\/#\/schema\/person\/image\/\",\"url\":\"https:\/\/secure.gravatar.com\/avatar\/caacf4dc1eedb68fab0df8e1ed46c448e578b2466351bbcb61e47d2ac0caaef0?s=96&d=mm&r=g\",\"contentUrl\":\"https:\/\/secure.gravatar.com\/avatar\/caacf4dc1eedb68fab0df8e1ed46c448e578b2466351bbcb61e47d2ac0caaef0?s=96&d=mm&r=g\",\"caption\":\"admin\"},\"sameAs\":[\"https:\/\/radioportoseguro.com.br\/site\"],\"url\":\"https:\/\/radioportoseguro.com.br\/site\/author\/hezio\/\"}]}<\/script>\n<!-- \/ Yoast SEO plugin. -->","yoast_head_json":{"title":"Medalhista glorifica a Deus ap\u00f3s ouro hist\u00f3rico nos Jogos Ol\u00edmpicos de Inverno - R\u00e1dio Porto Seguro","robots":{"index":"index","follow":"follow","max-snippet":"max-snippet:-1","max-image-preview":"max-image-preview:large","max-video-preview":"max-video-preview:-1"},"canonical":"https:\/\/radioportoseguro.com.br\/site\/2026\/02\/21\/medalhista-glorifica-a-deus-apos-ouro-historico-nos-jogos-olimpicos-de-inverno\/","og_locale":"pt_BR","og_type":"article","og_title":"Medalhista glorifica a Deus ap\u00f3s ouro hist\u00f3rico nos Jogos Ol\u00edmpicos de Inverno - R\u00e1dio Porto Seguro","og_description":"A atleta ol\u00edmpica Elana Meyers Taylor conquistou sua primeira medalha de ouro na \u00faltima segunda-feira (16), nos Jogos Ol\u00edmpicos de Inverno de Mil\u00e3o\u2013Cortina 2026, ao vencer a prova de monobob feminino pelos Estados Unidos. Ap\u00f3s a vit\u00f3ria, ela glorificou a Deus pela conquista. Aos 41 anos, Elana se tornou a atleta mais velha a ganhar [&hellip;]","og_url":"https:\/\/radioportoseguro.com.br\/site\/2026\/02\/21\/medalhista-glorifica-a-deus-apos-ouro-historico-nos-jogos-olimpicos-de-inverno\/","og_site_name":"R\u00e1dio Porto Seguro","article_published_time":"2026-02-21T03:42:38+00:00","og_image":[{"url":"https:\/\/media.guiame.com.br\/archives\/2026\/02\/19\/2303396048-elana-meyers-taylor.jpeg","type":"","width":"","height":""}],"author":"admin","twitter_card":"summary_large_image","twitter_misc":{"Escrito por":"admin","Est. tempo de leitura":"3 minutos"},"schema":{"@context":"https:\/\/schema.org","@graph":[{"@type":"Article","@id":"https:\/\/radioportoseguro.com.br\/site\/2026\/02\/21\/medalhista-glorifica-a-deus-apos-ouro-historico-nos-jogos-olimpicos-de-inverno\/#article","isPartOf":{"@id":"https:\/\/radioportoseguro.com.br\/site\/2026\/02\/21\/medalhista-glorifica-a-deus-apos-ouro-historico-nos-jogos-olimpicos-de-inverno\/"},"author":{"name":"admin","@id":"https:\/\/radioportoseguro.com.br\/site\/#\/schema\/person\/7630acdc320186f13639d3c067ec089b"},"headline":"Medalhista glorifica a Deus ap\u00f3s ouro hist\u00f3rico nos Jogos Ol\u00edmpicos de Inverno","datePublished":"2026-02-21T03:42:38+00:00","mainEntityOfPage":{"@id":"https:\/\/radioportoseguro.com.br\/site\/2026\/02\/21\/medalhista-glorifica-a-deus-apos-ouro-historico-nos-jogos-olimpicos-de-inverno\/"},"wordCount":561,"image":{"@id":"https:\/\/radioportoseguro.com.br\/site\/2026\/02\/21\/medalhista-glorifica-a-deus-apos-ouro-historico-nos-jogos-olimpicos-de-inverno\/#primaryimage"},"thumbnailUrl":"https:\/\/radioportoseguro.com.br\/site\/wp-content\/uploads\/2026\/02\/2303396048-elana-meyers-taylor.jpeg","articleSection":["Destaques"],"inLanguage":"pt-BR"},{"@type":"WebPage","@id":"https:\/\/radioportoseguro.com.br\/site\/2026\/02\/21\/medalhista-glorifica-a-deus-apos-ouro-historico-nos-jogos-olimpicos-de-inverno\/","url":"https:\/\/radioportoseguro.com.br\/site\/2026\/02\/21\/medalhista-glorifica-a-deus-apos-ouro-historico-nos-jogos-olimpicos-de-inverno\/","name":"Medalhista glorifica a Deus ap\u00f3s ouro hist\u00f3rico nos Jogos Ol\u00edmpicos de Inverno - R\u00e1dio Porto Seguro","isPartOf":{"@id":"https:\/\/radioportoseguro.com.br\/site\/#website"},"primaryImageOfPage":{"@id":"https:\/\/radioportoseguro.com.br\/site\/2026\/02\/21\/medalhista-glorifica-a-deus-apos-ouro-historico-nos-jogos-olimpicos-de-inverno\/#primaryimage"},"image":{"@id":"https:\/\/radioportoseguro.com.br\/site\/2026\/02\/21\/medalhista-glorifica-a-deus-apos-ouro-historico-nos-jogos-olimpicos-de-inverno\/#primaryimage"},"thumbnailUrl":"https:\/\/radioportoseguro.com.br\/site\/wp-content\/uploads\/2026\/02\/2303396048-elana-meyers-taylor.jpeg","datePublished":"2026-02-21T03:42:38+00:00","author":{"@id":"https:\/\/radioportoseguro.com.br\/site\/#\/schema\/person\/7630acdc320186f13639d3c067ec089b"},"breadcrumb":{"@id":"https:\/\/radioportoseguro.com.br\/site\/2026\/02\/21\/medalhista-glorifica-a-deus-apos-ouro-historico-nos-jogos-olimpicos-de-inverno\/#breadcrumb"},"inLanguage":"pt-BR","potentialAction":[{"@type":"ReadAction","target":["https:\/\/radioportoseguro.com.br\/site\/2026\/02\/21\/medalhista-glorifica-a-deus-apos-ouro-historico-nos-jogos-olimpicos-de-inverno\/"]}]},{"@type":"ImageObject","inLanguage":"pt-BR","@id":"https:\/\/radioportoseguro.com.br\/site\/2026\/02\/21\/medalhista-glorifica-a-deus-apos-ouro-historico-nos-jogos-olimpicos-de-inverno\/#primaryimage","url":"https:\/\/radioportoseguro.com.br\/site\/wp-content\/uploads\/2026\/02\/2303396048-elana-meyers-taylor.jpeg","contentUrl":"https:\/\/radioportoseguro.com.br\/site\/wp-content\/uploads\/2026\/02\/2303396048-elana-meyers-taylor.jpeg","width":1200,"height":600},{"@type":"BreadcrumbList","@id":"https:\/\/radioportoseguro.com.br\/site\/2026\/02\/21\/medalhista-glorifica-a-deus-apos-ouro-historico-nos-jogos-olimpicos-de-inverno\/#breadcrumb","itemListElement":[{"@type":"ListItem","position":1,"name":"In\u00edcio","item":"https:\/\/radioportoseguro.com.br\/site\/"},{"@type":"ListItem","position":2,"name":"Medalhista glorifica a Deus ap\u00f3s ouro hist\u00f3rico nos Jogos Ol\u00edmpicos de Inverno"}]},{"@type":"WebSite","@id":"https:\/\/radioportoseguro.com.br\/site\/#website","url":"https:\/\/radioportoseguro.com.br\/site\/","name":"R\u00e1dio Porto Seguro","description":"","potentialAction":[{"@type":"SearchAction","target":{"@type":"EntryPoint","urlTemplate":"https:\/\/radioportoseguro.com.br\/site\/?s={search_term_string}"},"query-input":{"@type":"PropertyValueSpecification","valueRequired":true,"valueName":"search_term_string"}}],"inLanguage":"pt-BR"},{"@type":"Person","@id":"https:\/\/radioportoseguro.com.br\/site\/#\/schema\/person\/7630acdc320186f13639d3c067ec089b","name":"admin","image":{"@type":"ImageObject","inLanguage":"pt-BR","@id":"https:\/\/radioportoseguro.com.br\/site\/#\/schema\/person\/image\/","url":"https:\/\/secure.gravatar.com\/avatar\/caacf4dc1eedb68fab0df8e1ed46c448e578b2466351bbcb61e47d2ac0caaef0?s=96&d=mm&r=g","contentUrl":"https:\/\/secure.gravatar.com\/avatar\/caacf4dc1eedb68fab0df8e1ed46c448e578b2466351bbcb61e47d2ac0caaef0?s=96&d=mm&r=g","caption":"admin"},"sameAs":["https:\/\/radioportoseguro.com.br\/site"],"url":"https:\/\/radioportoseguro.com.br\/site\/author\/hezio\/"}]}},"_links":{"self":[{"href":"https:\/\/radioportoseguro.com.br\/site\/wp-json\/wp\/v2\/posts\/4249","targetHints":{"allow":["GET"]}}],"collection":[{"href":"https:\/\/radioportoseguro.com.br\/site\/wp-json\/wp\/v2\/posts"}],"about":[{"href":"https:\/\/radioportoseguro.com.br\/site\/wp-json\/wp\/v2\/types\/post"}],"author":[{"embeddable":true,"href":"https:\/\/radioportoseguro.com.br\/site\/wp-json\/wp\/v2\/users\/1"}],"replies":[{"embeddable":true,"href":"https:\/\/radioportoseguro.com.br\/site\/wp-json\/wp\/v2\/comments?post=4249"}],"version-history":[{"count":0,"href":"https:\/\/radioportoseguro.com.br\/site\/wp-json\/wp\/v2\/posts\/4249\/revisions"}],"wp:featuredmedia":[{"embeddable":true,"href":"https:\/\/radioportoseguro.com.br\/site\/wp-json\/wp\/v2\/media\/4250"}],"wp:attachment":[{"href":"https:\/\/radioportoseguro.com.br\/site\/wp-json\/wp\/v2\/media?parent=4249"}],"wp:term":[{"taxonomy":"category","embeddable":true,"href":"https:\/\/radioportoseguro.com.br\/site\/wp-json\/wp\/v2\/categories?post=4249"},{"taxonomy":"post_tag","embeddable":true,"href":"https:\/\/radioportoseguro.com.br\/site\/wp-json\/wp\/v2\/tags?post=4249"}],"curies":[{"name":"wp","href":"https:\/\/api.w.org\/{rel}","templated":true}]}}