{"id":4253,"date":"2026-02-21T02:44:03","date_gmt":"2026-02-21T05:44:03","guid":{"rendered":"https:\/\/radioportoseguro.com.br\/site\/2026\/02\/21\/brasil-esta-entre-os-85-paises-que-assinaram-condenacao-a-israel-na-onu\/"},"modified":"2026-02-21T02:44:03","modified_gmt":"2026-02-21T05:44:03","slug":"brasil-esta-entre-os-85-paises-que-assinaram-condenacao-a-israel-na-onu","status":"publish","type":"post","link":"https:\/\/radioportoseguro.com.br\/site\/2026\/02\/21\/brasil-esta-entre-os-85-paises-que-assinaram-condenacao-a-israel-na-onu\/","title":{"rendered":"Brasil est\u00e1 entre os 85 pa\u00edses que assinaram condena\u00e7\u00e3o a Israel na ONU"},"content":{"rendered":"<p><br \/>\n<br \/><\/p>\n<div>\n<p><span style=\"font-weight: 400;\">O <\/span><span style=\"color: #800000;\"><strong>Brasil<\/strong><\/span><span style=\"font-weight: 400;\"> assinou uma declara\u00e7\u00e3o que condena <\/span><span style=\"color: #800000;\"><strong>Israel<\/strong><\/span><span style=\"font-weight: 400;\"> por medidas que expandem a presen\u00e7a israelense na <\/span><span style=\"color: #800000;\"><strong>Cisjord\u00e2nia<\/strong><\/span><span style=\"font-weight: 400;\">. No total, 85 pa\u00edses assinaram o documento.<\/span><\/p>\n<p><span style=\"font-weight: 400;\">A carta conjunta foi apresentada nas Na\u00e7\u00f5es Unidas pelo embaixador da Palestina, Riyad Mansour, na ter\u00e7a-feira (17).<\/span><\/p>\n<p><span style=\"font-weight: 400;\">\u201cCondenamos veementemente as decis\u00f5es e medidas unilaterais de Israel que visam expandir a presen\u00e7a ilegal do pa\u00eds na Cisjord\u00e2nia. Tais decis\u00f5es s\u00e3o contr\u00e1rias \u00e0s obriga\u00e7\u00f5es de Israel nos termos do direito internacional e devem ser imediatamente revertidas. Sublinhamos, a esse respeito, a nossa firme oposi\u00e7\u00e3o a qualquer forma de anexa\u00e7\u00e3o\u201d, afirma o documento.<\/span><\/p>\n<p><span style=\"font-weight: 400;\">A declara\u00e7\u00e3o na ONU \u00e9 uma resposta a uma decis\u00e3o de Israel que aprovou o registro de assentamentos judaicos na Cisjord\u00e2nia, no \u00faltimo domingo (15).<\/span><\/p>\n<p><span style=\"font-weight: 400;\">A medida foi apresentada pelo ministro <\/span><span style=\"font-weight: 400;\">das Finan\u00e7as, Bezalel Smotrich, pelo ministro da Justi\u00e7a, Yariv Levin, e pelo ministro da defesa, Israel Katz, com o objetivo de regular as propriedades agr\u00edcolas dos israelenses na regi\u00e3o.<\/span><\/p>\n<p><span style=\"font-weight: 400;\">O Brasil, junto com os outros 84 pa\u00edses, acusaram Israel de violar o direito internacional e resolu\u00e7\u00f5es da ONU.<\/span><\/p>\n<p><span style=\"font-weight: 400;\">Entre as na\u00e7\u00f5es que assinaram o documento, est\u00e3o Reino Unido, It\u00e1lia, Indon\u00e9sia, Turquia, Espanha e a Uni\u00e3o. J\u00e1 os Estados Unidos e Argentina n\u00e3o est\u00e3o entre os signat\u00e1rios.<\/span><\/p>\n<p><span style=\"font-weight: 400;\">Em nota, o Itamaraty declarou que a presen\u00e7a de Israel na Cisjord\u00e2nia \u00e9 ilegal e que as recentes medidas para o registro dos assentamentos judaicos devem ser \u201cimediatamente revertidas\u201d.<\/span><\/p>\n<p><span style=\"font-weight: 400;\">\u201cReiteramos a nossa rejei\u00e7\u00e3o a todas as medidas destinadas a alterar a composi\u00e7\u00e3o demogr\u00e1fica, o car\u00e1ter e o status do Territ\u00f3rio Palestino Ocupado desde 1967, incluindo Jerusal\u00e9m Oriental. Tais medidas violam o direito internacional, minam os esfor\u00e7os em curso em prol da paz e da estabilidade na regi\u00e3o, v\u00e3o de encontro ao Plano Abrangente e colocam em risco a perspectiva de alcan\u00e7ar um acordo de paz que ponha fim ao conflito\u201d, afirmou.<\/span><\/p>\n<p><span style=\"font-weight: 400;\">O secret\u00e1rio-geral das Na\u00e7\u00f5es Unidas, Ant\u00f3nio Guterres, tamb\u00e9m condenou a decis\u00e3o do governo israelenses, em discurso na ONU.<\/span><\/p>\n<p><span style=\"font-weight: 400;\">\u201cCondeno a decis\u00e3o do governo israelense de retomar os procedimentos de registro de terras na Cisjord\u00e2nia ocupada. Essa decis\u00e3o pode levar ao desapossamento de palestinos de suas propriedades e corre o risco de expandir o controle ilegal de Israel sobre terras na regi\u00e3o. Apelo a Israel para que reverta essas medidas e a todos para que preservem o \u00fanico caminho para uma paz duradoura: uma solu\u00e7\u00e3o negociada de dois Estados, em conformidade com o direito internacional\u201d, afirmou Guterres.<\/span><\/p>\n<p><strong>Direito \u00e0s terras<\/strong><\/p>\n<p><span style=\"font-weight: 400;\">Durante uma sess\u00e3o do Conselho de Seguran\u00e7a da ONU sobre o Oriente M\u00e9dio na quarta-feira (18), o ministro das Rela\u00e7\u00f5es Exteriores Gideon Sa&#8217;ar rebateu as cr\u00edticas e ressaltou o direito do povo judeu \u00e0s terras na Cirjord\u00e2nia.<\/span><\/p>\n<p><span style=\"font-weight: 400;\">&#8220;Onde mais poderia estar sen\u00e3o nesta terra, com a qual por mais de 3.000 anos estiveram intimamente e profundamente associados?&#8221;, disse Gideon.<\/span><\/p>\n<p><span style=\"font-weight: 400;\">O ministro citou a Declara\u00e7\u00e3o Balfour, que influenciou a cria\u00e7\u00e3o do Estado de Israel em 1947.<\/span><\/p>\n<p><span style=\"font-weight: 400;\">&#8220;Em 1917, o governo brit\u00e2nico publicou a hist\u00f3rica Declara\u00e7\u00e3o Balfour para estabelecer um lar nacional para o povo judeu em nossa terra\u201d, lembrou ele.<\/span><\/p>\n<p><span style=\"font-weight: 400;\">\u201cA alega\u00e7\u00e3o de que israelenses n\u00e3o podem viver na Judeia e Samaria (Cisjord\u00e2nia) n\u00e3o \u00e9 apenas inconsistente com o direito internacional e com a pr\u00f3pria Declara\u00e7\u00e3o Balfour brit\u00e2nica, mas tamb\u00e9m \u00e9 moralmente distorcida. Como os judeus podem viver em Londres, Paris ou Nova York, mas n\u00e3o no ber\u00e7o da nossa civiliza\u00e7\u00e3o?&#8221;.<\/span><\/p>\n<p><span style=\"font-weight: 400;\">Gideon Sa&#8217;ar declarou que h\u00e1 uma &#8220;obsess\u00e3o hip\u00f3crita contra a presen\u00e7a judaica no cora\u00e7\u00e3o de nossa pequena terra\u201d.<\/span><\/p>\n<\/div>\n<p><br \/>\n<br \/>Fonte: Guiame <\/p>\n","protected":false},"excerpt":{"rendered":"<p>O Brasil assinou uma declara\u00e7\u00e3o que condena Israel por medidas que expandem a presen\u00e7a israelense na Cisjord\u00e2nia. No total, 85 pa\u00edses assinaram o documento. A carta conjunta foi apresentada nas Na\u00e7\u00f5es Unidas pelo embaixador da Palestina, Riyad Mansour, na ter\u00e7a-feira (17). \u201cCondenamos veementemente as decis\u00f5es e medidas unilaterais de Israel que visam expandir a presen\u00e7a [&hellip;]<\/p>\n","protected":false},"author":1,"featured_media":4254,"comment_status":"","ping_status":"open","sticky":false,"template":"","format":"standard","meta":{"footnotes":""},"categories":[43],"tags":[],"class_list":["post-4253","post","type-post","status-publish","format-standard","has-post-thumbnail","hentry","category-destaques"],"yoast_head":"<!-- This site is optimized with the Yoast SEO plugin v26.8 - https:\/\/yoast.com\/product\/yoast-seo-wordpress\/ -->\n<title>Brasil est\u00e1 entre os 85 pa\u00edses que assinaram condena\u00e7\u00e3o a Israel na ONU - R\u00e1dio Porto Seguro<\/title>\n<meta name=\"robots\" content=\"index, follow, max-snippet:-1, max-image-preview:large, max-video-preview:-1\" \/>\n<link rel=\"canonical\" href=\"https:\/\/radioportoseguro.com.br\/site\/2026\/02\/21\/brasil-esta-entre-os-85-paises-que-assinaram-condenacao-a-israel-na-onu\/\" \/>\n<meta property=\"og:locale\" content=\"pt_BR\" \/>\n<meta property=\"og:type\" content=\"article\" \/>\n<meta property=\"og:title\" content=\"Brasil est\u00e1 entre os 85 pa\u00edses que assinaram condena\u00e7\u00e3o a Israel na ONU - R\u00e1dio Porto Seguro\" \/>\n<meta property=\"og:description\" content=\"O Brasil assinou uma declara\u00e7\u00e3o que condena Israel por medidas que expandem a presen\u00e7a israelense na Cisjord\u00e2nia. No total, 85 pa\u00edses assinaram o documento. A carta conjunta foi apresentada nas Na\u00e7\u00f5es Unidas pelo embaixador da Palestina, Riyad Mansour, na ter\u00e7a-feira (17). \u201cCondenamos veementemente as decis\u00f5es e medidas unilaterais de Israel que visam expandir a presen\u00e7a [&hellip;]\" \/>\n<meta property=\"og:url\" content=\"https:\/\/radioportoseguro.com.br\/site\/2026\/02\/21\/brasil-esta-entre-os-85-paises-que-assinaram-condenacao-a-israel-na-onu\/\" \/>\n<meta property=\"og:site_name\" content=\"R\u00e1dio Porto Seguro\" \/>\n<meta property=\"article:published_time\" content=\"2026-02-21T05:44:03+00:00\" \/>\n<meta property=\"og:image\" content=\"https:\/\/media.guiame.com.br\/archives\/2026\/02\/19\/412431401-onu.jpg\" \/>\n<meta name=\"author\" content=\"admin\" \/>\n<meta name=\"twitter:card\" content=\"summary_large_image\" \/>\n<meta name=\"twitter:label1\" content=\"Escrito por\" \/>\n\t<meta name=\"twitter:data1\" content=\"admin\" \/>\n\t<meta name=\"twitter:label2\" content=\"Est. tempo de leitura\" \/>\n\t<meta name=\"twitter:data2\" content=\"3 minutos\" \/>\n<script type=\"application\/ld+json\" class=\"yoast-schema-graph\">{\"@context\":\"https:\/\/schema.org\",\"@graph\":[{\"@type\":\"Article\",\"@id\":\"https:\/\/radioportoseguro.com.br\/site\/2026\/02\/21\/brasil-esta-entre-os-85-paises-que-assinaram-condenacao-a-israel-na-onu\/#article\",\"isPartOf\":{\"@id\":\"https:\/\/radioportoseguro.com.br\/site\/2026\/02\/21\/brasil-esta-entre-os-85-paises-que-assinaram-condenacao-a-israel-na-onu\/\"},\"author\":{\"name\":\"admin\",\"@id\":\"https:\/\/radioportoseguro.com.br\/site\/#\/schema\/person\/7630acdc320186f13639d3c067ec089b\"},\"headline\":\"Brasil est\u00e1 entre os 85 pa\u00edses que assinaram condena\u00e7\u00e3o a Israel na ONU\",\"datePublished\":\"2026-02-21T05:44:03+00:00\",\"mainEntityOfPage\":{\"@id\":\"https:\/\/radioportoseguro.com.br\/site\/2026\/02\/21\/brasil-esta-entre-os-85-paises-que-assinaram-condenacao-a-israel-na-onu\/\"},\"wordCount\":658,\"image\":{\"@id\":\"https:\/\/radioportoseguro.com.br\/site\/2026\/02\/21\/brasil-esta-entre-os-85-paises-que-assinaram-condenacao-a-israel-na-onu\/#primaryimage\"},\"thumbnailUrl\":\"https:\/\/radioportoseguro.com.br\/site\/wp-content\/uploads\/2026\/02\/412431401-onu.jpg\",\"articleSection\":[\"Destaques\"],\"inLanguage\":\"pt-BR\"},{\"@type\":\"WebPage\",\"@id\":\"https:\/\/radioportoseguro.com.br\/site\/2026\/02\/21\/brasil-esta-entre-os-85-paises-que-assinaram-condenacao-a-israel-na-onu\/\",\"url\":\"https:\/\/radioportoseguro.com.br\/site\/2026\/02\/21\/brasil-esta-entre-os-85-paises-que-assinaram-condenacao-a-israel-na-onu\/\",\"name\":\"Brasil est\u00e1 entre os 85 pa\u00edses que assinaram condena\u00e7\u00e3o a Israel na ONU - R\u00e1dio Porto Seguro\",\"isPartOf\":{\"@id\":\"https:\/\/radioportoseguro.com.br\/site\/#website\"},\"primaryImageOfPage\":{\"@id\":\"https:\/\/radioportoseguro.com.br\/site\/2026\/02\/21\/brasil-esta-entre-os-85-paises-que-assinaram-condenacao-a-israel-na-onu\/#primaryimage\"},\"image\":{\"@id\":\"https:\/\/radioportoseguro.com.br\/site\/2026\/02\/21\/brasil-esta-entre-os-85-paises-que-assinaram-condenacao-a-israel-na-onu\/#primaryimage\"},\"thumbnailUrl\":\"https:\/\/radioportoseguro.com.br\/site\/wp-content\/uploads\/2026\/02\/412431401-onu.jpg\",\"datePublished\":\"2026-02-21T05:44:03+00:00\",\"author\":{\"@id\":\"https:\/\/radioportoseguro.com.br\/site\/#\/schema\/person\/7630acdc320186f13639d3c067ec089b\"},\"breadcrumb\":{\"@id\":\"https:\/\/radioportoseguro.com.br\/site\/2026\/02\/21\/brasil-esta-entre-os-85-paises-que-assinaram-condenacao-a-israel-na-onu\/#breadcrumb\"},\"inLanguage\":\"pt-BR\",\"potentialAction\":[{\"@type\":\"ReadAction\",\"target\":[\"https:\/\/radioportoseguro.com.br\/site\/2026\/02\/21\/brasil-esta-entre-os-85-paises-que-assinaram-condenacao-a-israel-na-onu\/\"]}]},{\"@type\":\"ImageObject\",\"inLanguage\":\"pt-BR\",\"@id\":\"https:\/\/radioportoseguro.com.br\/site\/2026\/02\/21\/brasil-esta-entre-os-85-paises-que-assinaram-condenacao-a-israel-na-onu\/#primaryimage\",\"url\":\"https:\/\/radioportoseguro.com.br\/site\/wp-content\/uploads\/2026\/02\/412431401-onu.jpg\",\"contentUrl\":\"https:\/\/radioportoseguro.com.br\/site\/wp-content\/uploads\/2026\/02\/412431401-onu.jpg\",\"width\":1200,\"height\":600},{\"@type\":\"BreadcrumbList\",\"@id\":\"https:\/\/radioportoseguro.com.br\/site\/2026\/02\/21\/brasil-esta-entre-os-85-paises-que-assinaram-condenacao-a-israel-na-onu\/#breadcrumb\",\"itemListElement\":[{\"@type\":\"ListItem\",\"position\":1,\"name\":\"In\u00edcio\",\"item\":\"https:\/\/radioportoseguro.com.br\/site\/\"},{\"@type\":\"ListItem\",\"position\":2,\"name\":\"Brasil est\u00e1 entre os 85 pa\u00edses que assinaram condena\u00e7\u00e3o a Israel na ONU\"}]},{\"@type\":\"WebSite\",\"@id\":\"https:\/\/radioportoseguro.com.br\/site\/#website\",\"url\":\"https:\/\/radioportoseguro.com.br\/site\/\",\"name\":\"R\u00e1dio Porto Seguro\",\"description\":\"\",\"potentialAction\":[{\"@type\":\"SearchAction\",\"target\":{\"@type\":\"EntryPoint\",\"urlTemplate\":\"https:\/\/radioportoseguro.com.br\/site\/?s={search_term_string}\"},\"query-input\":{\"@type\":\"PropertyValueSpecification\",\"valueRequired\":true,\"valueName\":\"search_term_string\"}}],\"inLanguage\":\"pt-BR\"},{\"@type\":\"Person\",\"@id\":\"https:\/\/radioportoseguro.com.br\/site\/#\/schema\/person\/7630acdc320186f13639d3c067ec089b\",\"name\":\"admin\",\"image\":{\"@type\":\"ImageObject\",\"inLanguage\":\"pt-BR\",\"@id\":\"https:\/\/radioportoseguro.com.br\/site\/#\/schema\/person\/image\/\",\"url\":\"https:\/\/secure.gravatar.com\/avatar\/caacf4dc1eedb68fab0df8e1ed46c448e578b2466351bbcb61e47d2ac0caaef0?s=96&d=mm&r=g\",\"contentUrl\":\"https:\/\/secure.gravatar.com\/avatar\/caacf4dc1eedb68fab0df8e1ed46c448e578b2466351bbcb61e47d2ac0caaef0?s=96&d=mm&r=g\",\"caption\":\"admin\"},\"sameAs\":[\"https:\/\/radioportoseguro.com.br\/site\"],\"url\":\"https:\/\/radioportoseguro.com.br\/site\/author\/hezio\/\"}]}<\/script>\n<!-- \/ Yoast SEO plugin. -->","yoast_head_json":{"title":"Brasil est\u00e1 entre os 85 pa\u00edses que assinaram condena\u00e7\u00e3o a Israel na ONU - R\u00e1dio Porto Seguro","robots":{"index":"index","follow":"follow","max-snippet":"max-snippet:-1","max-image-preview":"max-image-preview:large","max-video-preview":"max-video-preview:-1"},"canonical":"https:\/\/radioportoseguro.com.br\/site\/2026\/02\/21\/brasil-esta-entre-os-85-paises-que-assinaram-condenacao-a-israel-na-onu\/","og_locale":"pt_BR","og_type":"article","og_title":"Brasil est\u00e1 entre os 85 pa\u00edses que assinaram condena\u00e7\u00e3o a Israel na ONU - R\u00e1dio Porto Seguro","og_description":"O Brasil assinou uma declara\u00e7\u00e3o que condena Israel por medidas que expandem a presen\u00e7a israelense na Cisjord\u00e2nia. No total, 85 pa\u00edses assinaram o documento. A carta conjunta foi apresentada nas Na\u00e7\u00f5es Unidas pelo embaixador da Palestina, Riyad Mansour, na ter\u00e7a-feira (17). \u201cCondenamos veementemente as decis\u00f5es e medidas unilaterais de Israel que visam expandir a presen\u00e7a [&hellip;]","og_url":"https:\/\/radioportoseguro.com.br\/site\/2026\/02\/21\/brasil-esta-entre-os-85-paises-que-assinaram-condenacao-a-israel-na-onu\/","og_site_name":"R\u00e1dio Porto Seguro","article_published_time":"2026-02-21T05:44:03+00:00","og_image":[{"url":"https:\/\/media.guiame.com.br\/archives\/2026\/02\/19\/412431401-onu.jpg","type":"","width":"","height":""}],"author":"admin","twitter_card":"summary_large_image","twitter_misc":{"Escrito por":"admin","Est. tempo de leitura":"3 minutos"},"schema":{"@context":"https:\/\/schema.org","@graph":[{"@type":"Article","@id":"https:\/\/radioportoseguro.com.br\/site\/2026\/02\/21\/brasil-esta-entre-os-85-paises-que-assinaram-condenacao-a-israel-na-onu\/#article","isPartOf":{"@id":"https:\/\/radioportoseguro.com.br\/site\/2026\/02\/21\/brasil-esta-entre-os-85-paises-que-assinaram-condenacao-a-israel-na-onu\/"},"author":{"name":"admin","@id":"https:\/\/radioportoseguro.com.br\/site\/#\/schema\/person\/7630acdc320186f13639d3c067ec089b"},"headline":"Brasil est\u00e1 entre os 85 pa\u00edses que assinaram condena\u00e7\u00e3o a Israel na ONU","datePublished":"2026-02-21T05:44:03+00:00","mainEntityOfPage":{"@id":"https:\/\/radioportoseguro.com.br\/site\/2026\/02\/21\/brasil-esta-entre-os-85-paises-que-assinaram-condenacao-a-israel-na-onu\/"},"wordCount":658,"image":{"@id":"https:\/\/radioportoseguro.com.br\/site\/2026\/02\/21\/brasil-esta-entre-os-85-paises-que-assinaram-condenacao-a-israel-na-onu\/#primaryimage"},"thumbnailUrl":"https:\/\/radioportoseguro.com.br\/site\/wp-content\/uploads\/2026\/02\/412431401-onu.jpg","articleSection":["Destaques"],"inLanguage":"pt-BR"},{"@type":"WebPage","@id":"https:\/\/radioportoseguro.com.br\/site\/2026\/02\/21\/brasil-esta-entre-os-85-paises-que-assinaram-condenacao-a-israel-na-onu\/","url":"https:\/\/radioportoseguro.com.br\/site\/2026\/02\/21\/brasil-esta-entre-os-85-paises-que-assinaram-condenacao-a-israel-na-onu\/","name":"Brasil est\u00e1 entre os 85 pa\u00edses que assinaram condena\u00e7\u00e3o a Israel na ONU - R\u00e1dio Porto Seguro","isPartOf":{"@id":"https:\/\/radioportoseguro.com.br\/site\/#website"},"primaryImageOfPage":{"@id":"https:\/\/radioportoseguro.com.br\/site\/2026\/02\/21\/brasil-esta-entre-os-85-paises-que-assinaram-condenacao-a-israel-na-onu\/#primaryimage"},"image":{"@id":"https:\/\/radioportoseguro.com.br\/site\/2026\/02\/21\/brasil-esta-entre-os-85-paises-que-assinaram-condenacao-a-israel-na-onu\/#primaryimage"},"thumbnailUrl":"https:\/\/radioportoseguro.com.br\/site\/wp-content\/uploads\/2026\/02\/412431401-onu.jpg","datePublished":"2026-02-21T05:44:03+00:00","author":{"@id":"https:\/\/radioportoseguro.com.br\/site\/#\/schema\/person\/7630acdc320186f13639d3c067ec089b"},"breadcrumb":{"@id":"https:\/\/radioportoseguro.com.br\/site\/2026\/02\/21\/brasil-esta-entre-os-85-paises-que-assinaram-condenacao-a-israel-na-onu\/#breadcrumb"},"inLanguage":"pt-BR","potentialAction":[{"@type":"ReadAction","target":["https:\/\/radioportoseguro.com.br\/site\/2026\/02\/21\/brasil-esta-entre-os-85-paises-que-assinaram-condenacao-a-israel-na-onu\/"]}]},{"@type":"ImageObject","inLanguage":"pt-BR","@id":"https:\/\/radioportoseguro.com.br\/site\/2026\/02\/21\/brasil-esta-entre-os-85-paises-que-assinaram-condenacao-a-israel-na-onu\/#primaryimage","url":"https:\/\/radioportoseguro.com.br\/site\/wp-content\/uploads\/2026\/02\/412431401-onu.jpg","contentUrl":"https:\/\/radioportoseguro.com.br\/site\/wp-content\/uploads\/2026\/02\/412431401-onu.jpg","width":1200,"height":600},{"@type":"BreadcrumbList","@id":"https:\/\/radioportoseguro.com.br\/site\/2026\/02\/21\/brasil-esta-entre-os-85-paises-que-assinaram-condenacao-a-israel-na-onu\/#breadcrumb","itemListElement":[{"@type":"ListItem","position":1,"name":"In\u00edcio","item":"https:\/\/radioportoseguro.com.br\/site\/"},{"@type":"ListItem","position":2,"name":"Brasil est\u00e1 entre os 85 pa\u00edses que assinaram condena\u00e7\u00e3o a Israel na ONU"}]},{"@type":"WebSite","@id":"https:\/\/radioportoseguro.com.br\/site\/#website","url":"https:\/\/radioportoseguro.com.br\/site\/","name":"R\u00e1dio Porto Seguro","description":"","potentialAction":[{"@type":"SearchAction","target":{"@type":"EntryPoint","urlTemplate":"https:\/\/radioportoseguro.com.br\/site\/?s={search_term_string}"},"query-input":{"@type":"PropertyValueSpecification","valueRequired":true,"valueName":"search_term_string"}}],"inLanguage":"pt-BR"},{"@type":"Person","@id":"https:\/\/radioportoseguro.com.br\/site\/#\/schema\/person\/7630acdc320186f13639d3c067ec089b","name":"admin","image":{"@type":"ImageObject","inLanguage":"pt-BR","@id":"https:\/\/radioportoseguro.com.br\/site\/#\/schema\/person\/image\/","url":"https:\/\/secure.gravatar.com\/avatar\/caacf4dc1eedb68fab0df8e1ed46c448e578b2466351bbcb61e47d2ac0caaef0?s=96&d=mm&r=g","contentUrl":"https:\/\/secure.gravatar.com\/avatar\/caacf4dc1eedb68fab0df8e1ed46c448e578b2466351bbcb61e47d2ac0caaef0?s=96&d=mm&r=g","caption":"admin"},"sameAs":["https:\/\/radioportoseguro.com.br\/site"],"url":"https:\/\/radioportoseguro.com.br\/site\/author\/hezio\/"}]}},"_links":{"self":[{"href":"https:\/\/radioportoseguro.com.br\/site\/wp-json\/wp\/v2\/posts\/4253","targetHints":{"allow":["GET"]}}],"collection":[{"href":"https:\/\/radioportoseguro.com.br\/site\/wp-json\/wp\/v2\/posts"}],"about":[{"href":"https:\/\/radioportoseguro.com.br\/site\/wp-json\/wp\/v2\/types\/post"}],"author":[{"embeddable":true,"href":"https:\/\/radioportoseguro.com.br\/site\/wp-json\/wp\/v2\/users\/1"}],"replies":[{"embeddable":true,"href":"https:\/\/radioportoseguro.com.br\/site\/wp-json\/wp\/v2\/comments?post=4253"}],"version-history":[{"count":0,"href":"https:\/\/radioportoseguro.com.br\/site\/wp-json\/wp\/v2\/posts\/4253\/revisions"}],"wp:featuredmedia":[{"embeddable":true,"href":"https:\/\/radioportoseguro.com.br\/site\/wp-json\/wp\/v2\/media\/4254"}],"wp:attachment":[{"href":"https:\/\/radioportoseguro.com.br\/site\/wp-json\/wp\/v2\/media?parent=4253"}],"wp:term":[{"taxonomy":"category","embeddable":true,"href":"https:\/\/radioportoseguro.com.br\/site\/wp-json\/wp\/v2\/categories?post=4253"},{"taxonomy":"post_tag","embeddable":true,"href":"https:\/\/radioportoseguro.com.br\/site\/wp-json\/wp\/v2\/tags?post=4253"}],"curies":[{"name":"wp","href":"https:\/\/api.w.org\/{rel}","templated":true}]}}