{"id":4267,"date":"2026-02-22T01:27:58","date_gmt":"2026-02-22T04:27:58","guid":{"rendered":"https:\/\/radioportoseguro.com.br\/site\/2026\/02\/22\/alem-do-tanque-de-betesda\/"},"modified":"2026-02-22T01:27:58","modified_gmt":"2026-02-22T04:27:58","slug":"alem-do-tanque-de-betesda","status":"publish","type":"post","link":"https:\/\/radioportoseguro.com.br\/site\/2026\/02\/22\/alem-do-tanque-de-betesda\/","title":{"rendered":"Al\u00e9m do Tanque de Betesda"},"content":{"rendered":"<p><br \/>\n<br \/><\/p>\n<div>\n<p><strong>Voc\u00ea j\u00e1 se sentiu invis\u00edvel em meio \u00e0 multid\u00e3o?<\/strong><span style=\"font-weight: 400;\"> Ou talvez, preso a uma situa\u00e7\u00e3o dolorosa por tanto tempo que a solu\u00e7\u00e3o parecia depender exclusivamente da ajuda de terceiros que nunca chegava?<\/span><\/p>\n<p><span style=\"font-weight: 400;\">Em Jo\u00e3o 5, somos transportados para um cen\u00e1rio de desesperan\u00e7a humana e interven\u00e7\u00e3o divina. A hist\u00f3ria do paral\u00edtico no Tanque de Betesda n\u00e3o \u00e9 apenas um relato de cura f\u00edsica; \u00e9 um espelho da condi\u00e7\u00e3o humana, marcada pela solid\u00e3o, pela distra\u00e7\u00e3o espiritual e pela tend\u00eancia de buscarmos socorro nos lugares comuns.<\/span><\/p>\n<p><span style=\"font-weight: 400;\">Neste estudo, vamos mergulhar nas \u00e1guas profundas de <\/span><strong>Jo\u00e3o 5:1-15<\/strong><span style=\"font-weight: 400;\">, analisando como <\/span><strong>a pergunta de Jesus exp\u00f4s a ferida mais profunda<\/strong><span style=\"font-weight: 400;\"> daquele homem e como, muitas vezes, <\/span><strong>focamos no movimento <\/strong><span style=\"font-weight: 400;\">das \u00e1guas enquanto ignoramos <\/span><strong>Aquele que \u00e9<\/strong><span style=\"font-weight: 400;\"> adorado por todos os anjos.<\/span><\/p>\n<p><strong>O Cen\u00e1rio de Mis\u00e9ria em Betesda<\/strong><\/p>\n<p><span style=\"font-weight: 400;\">O texto come\u00e7a situando-nos em Jerusal\u00e9m, pr\u00f3ximo \u00e0 Porta das Ovelhas. Ali havia um tanque chamado Betesda (que significa &#8220;Casa de Miseric\u00f3rdia&#8221;). No entanto, o cen\u00e1rio descrito parecia tudo, menos misericordioso aos olhos humanos.<\/span><\/p>\n<p><em><span style=\"font-weight: 400;\">&#8220;Nestes jazia grande multid\u00e3o de enfermos, cegos, mancos e ressecados, esperando o movimento da \u00e1gua.&#8221;<\/span><\/em><span style=\"font-weight: 400;\"> (Jo\u00e3o 5:3)<\/span><\/p>\n<p><span style=\"font-weight: 400;\">Sua esperan\u00e7a girava em torno de um evento sobrenatural: a descida de um anjo que agitava as \u00e1guas. Certamente ele testemunhou essa realidade que prontamente descreveu: o primeiro a entrava seria curado. E como todos estavam ansiosos para receber seus milagres, o tanque acabou se tornando um ambiente de competi\u00e7\u00e3o cruel, onde a cura era um pr\u00eamio para o mais r\u00e1pido ou o mais forte, e n\u00e3o para o mais necessitado.<\/span><\/p>\n<p><strong>A Pergunta que Revelou a Alma<\/strong><\/p>\n<p><span style=\"font-weight: 400;\">Jesus se aproxima-se de um homem que sofria h\u00e1 trinta e oito anos (quase quatro d\u00e9cadas de dor, imobilidade e frustra\u00e7\u00e3o) e faz uma pergunta que, \u00e0 primeira vista, parece ret\u00f3rica:<\/span><\/p>\n<p><em><span style=\"font-weight: 400;\">&#8220;E Jesus, vendo este deitado, e sabendo que estava neste estado havia muito tempo, disse-lhe: Queres ficar s\u00e3o?&#8221;<\/span><\/em><span style=\"font-weight: 400;\"> (Jo\u00e3o 5:6)<\/span><\/p>\n<p><span style=\"font-weight: 400;\">Por que perguntar o \u00f3bvio? Porque Jesus queria trazer \u00e0 tona o que estava no cora\u00e7\u00e3o daquele homem. A resposta do enfermo \u00e9 surpreendente. Ele n\u00e3o diz &#8220;Sim, Senhor, eu quero!&#8221; ou &#8220;Por favor, cura-me!&#8221;. Em vez disso, ele apresenta uma justificativa baseada em sua solid\u00e3o.<\/span><\/p>\n<p><strong>&#8220;N\u00e3o Tenho Homem Algum&#8221;<\/strong><\/p>\n<p><span style=\"font-weight: 400;\">A resposta do paral\u00edtico revela que sua maior dor talvez n\u00e3o fosse apenas a paralisia das pernas (ou outra), mas a paralisia da alma causada pelo abandono.<\/span><\/p>\n<p><em><span style=\"font-weight: 400;\">&#8220;O enfermo respondeu-lhe: Senhor, n\u00e3o tenho homem algum que, quando a \u00e1gua \u00e9 agitada, me ponha no tanque; mas, enquanto eu vou, desce outro antes de mim.&#8221;<\/span><\/em><span style=\"font-weight: 400;\"> (Jo\u00e3o 5:7)<\/span><\/p>\n<p><span style=\"font-weight: 400;\">Aqui reside uma li\u00e7\u00e3o poderosa. A f\u00e9 desse homem estava limitada \u00e0 interven\u00e7\u00e3o humana. Sua solid\u00e3o \u00e9 evidente (Eclesiastes 4:9-12). Ele acreditava que para o milagre acontecer, ele precisava de dois fatores: Um evento espor\u00e1dico (o anjo agitar a \u00e1gua) e a ajuda humana (algu\u00e9m para empurr\u00e1-lo). E como ele se sentia ignorado e invis\u00edvel, lamentou: <\/span><strong>&#8220;n\u00e3o tenho homem algum&#8221;.<\/strong><span style=\"font-weight: 400;\"> Seu lamento reflete o grito de muitos crist\u00e3os hoje que, mesmo dentro das igrejas, sentem que sua b\u00ean\u00e7\u00e3o depende de conex\u00f5es, de pastores famosos ou da ajuda de terceiros, esquecendo-se do acesso direto ao Trono da Gra\u00e7a (Mateus 6:6; Hebreus 4:16).<\/span><\/p>\n<p><strong>A Distra\u00e7\u00e3o Espiritual<\/strong><\/p>\n<p><span style=\"font-weight: 400;\">H\u00e1 um ponto crucial de <\/span><strong>cegueira espiritual<\/strong><span style=\"font-weight: 400;\"> neste relato. O homem estava t\u00e3o focado no evento, na descida do anjo e na \u00e1gua agitada, que n\u00e3o percebeu Quem estava diante dele.<\/span><\/p>\n<p><span style=\"font-weight: 400;\">Ele lamentava n\u00e3o conseguir chegar a tempo, sem saber que estava conversando com o pr\u00f3prio Criador e Senhor de todos os anjos.<\/span><\/p>\n<p><span style=\"font-weight: 400;\">A B\u00edblia \u00e9 clara sobre a supremacia de Cristo e, por diversas vezes, o ap\u00f3stolo Paulo nos lembra que Deus ordena aos anjos que adorem o Filho:<\/span><\/p>\n<p><em><span style=\"font-weight: 400;\">&#8220;E outra vez, quando introduz no mundo o primog\u00eanito, diz: E todos os anjos de Deus o adorem.&#8221;<\/span><\/em><span style=\"font-weight: 400;\"> (Hebreus 1:6)<\/span><\/p>\n<p><span style=\"font-weight: 400;\">E no Apocalipse, vemos a posi\u00e7\u00e3o exaltada do Cordeiro em rela\u00e7\u00e3o a todos os seres celestiais:<\/span><\/p>\n<p><em><span style=\"font-weight: 400;\">&#8220;Que com grande voz diziam: Digno \u00e9 o Cordeiro, que foi morto, de receber o poder, e riquezas, e sabedoria, e for\u00e7a, e honra, e gl\u00f3ria, e a\u00e7\u00f5es de gra\u00e7as. E ouvi a toda criatura que est\u00e1 no c\u00e9u, e na terra, e debaixo da terra, e que est\u00e3o no mar, e a todas as coisas que neles h\u00e1, dizendo: Ao que est\u00e1 assentado sobre o trono, e ao Cordeiro, sejam dadas a\u00e7\u00f5es de gra\u00e7as, e honra, e gl\u00f3ria, e poder para todo o sempre. E os quatro animais diziam: Am\u00e9m. E os vinte e quatro anci\u00e3os prostraram-se, e adoraram ao que vive para todo o sempre.&#8221;<\/span><\/em><span style=\"font-weight: 400;\"> (Apocalipse 5:12-14)<\/span><\/p>\n<p><span style=\"font-weight: 400;\">O paral\u00edtico olhava para o tanque esperando uma interven\u00e7\u00e3o angelical, enquanto o Rei, a quem os anjos servem e adoram, estava ali para lhe oferecer algo maior. <\/span><strong>Quantas vezes n\u00e3o fazemos o mesmo?<\/strong><span style=\"font-weight: 400;\"> Ficamos distra\u00eddos com a metodologia do milagre (&#8220;tem que ser do jeito que eu imagino&#8221;, &#8220;tem que ser quando a \u00e1gua agitar&#8221;) e perdemos a simplicidade da voz de Cristo.<\/span><\/p>\n<p><strong>A Palavra de Cristo<\/strong><\/p>\n<p><span style=\"font-weight: 400;\">Jesus n\u00e3o discute com o homem. Ele n\u00e3o oferece ajuda para empurr\u00e1-lo para o tanque. Jesus ignora completamente o sistema no qual o homem confiava (o tanque e o anjo) e opera pelo poder de Sua Palavra.<\/span><\/p>\n<p><em><span style=\"font-weight: 400;\">&#8220;Jesus disse-lhe: Levanta-te, toma o teu leito, e anda.&#8221;<\/span><\/em><span style=\"font-weight: 400;\"> (Jo\u00e3o 5:8 &#8211; ACF 2011)<\/span><\/p>\n<p><span style=\"font-weight: 400;\">Observe que <\/span><strong>Jesus n\u00e3o censurou ou descredibilizou o fato sobre o anjo e a \u00e1gua<\/strong><span style=\"font-weight: 400;\">, Ele somente agiu independentemente disso. Observe a autoridade imediata. N\u00e3o houve ora\u00e7\u00e3o longa, n\u00e3o houve necessidade de \u00e1gua, nem de ajuda humana. <\/span><strong>Levanta-te:<\/strong><span style=\"font-weight: 400;\"> A cura foi instant\u00e2nea. <\/span><strong>Toma o teu leito:<\/strong><span style=\"font-weight: 400;\"> O que antes carregava o homem (a cama), agora \u00e9 carregado por ele. O sinal da mis\u00e9ria virou trof\u00e9u da gra\u00e7a. <\/span><strong>Anda:<\/strong><span style=\"font-weight: 400;\"> A restaura\u00e7\u00e3o da vida e da autonomia.<\/span><\/p>\n<p><span style=\"font-weight: 400;\">O vers\u00edculo 9 confirma: <\/span><em><span style=\"font-weight: 400;\">&#8220;Logo aquele homem ficou s\u00e3o&#8221;<\/span><\/em><span style=\"font-weight: 400;\">. A palavra de Jesus foi suficiente. Ele \u00e9 a pr\u00f3pria &#8220;\u00e1gua viva&#8221; muito acima das \u00e1guas paradas daquele tanque.<\/span><\/p>\n<p><strong>Para Onde Voc\u00ea Est\u00e1 Olhando?<\/strong><\/p>\n<p><span style=\"font-weight: 400;\">A hist\u00f3ria de Betesda nos confronta com uma realidade dura, mas libertadora. \u00c9 poss\u00edvel estarmos t\u00e3o viciados em nossa dor e t\u00e3o apegados aos nossos &#8220;m\u00e9todos&#8221; de solu\u00e7\u00e3o que n\u00e3o reconhecemos a presen\u00e7a de Deus ao nosso lado.<\/span><\/p>\n<p><span style=\"font-weight: 400;\">Aquele homem achava que seu problema era a falta de algu\u00e9m (&#8220;n\u00e3o tenho homem algum&#8221;). Jesus mostrou que a solu\u00e7\u00e3o n\u00e3o era <\/span><em><span style=\"font-weight: 400;\">um homem<\/span><\/em><span style=\"font-weight: 400;\"> para empurr\u00e1-lo, mas somente dar ouvidos para <\/span><strong>O Homem<\/strong><span style=\"font-weight: 400;\">, o Deus-Homem, Cristo Jesus, para ser livre.<\/span><\/p>\n<p><span style=\"font-weight: 400;\">Se voc\u00ea tem esperado que &#8220;as \u00e1guas se agitem&#8221; ou que algu\u00e9m note sua dor para que voc\u00ea possa ser aben\u00e7oado, olhe para cima. Tire os olhos do tanque. Aquele que \u00e9 maior que os anjos, Aquele que tem todo o poder no c\u00e9u e na terra, pela Sua Palavra, pergunta a todos n\u00f3s: <\/span><em><span style=\"font-weight: 400;\">&#8220;Queres ficar s\u00e3o?&#8221;<\/span><\/em><span style=\"font-weight: 400;\">.<\/span><\/p>\n<p><span style=\"font-weight: 400;\">Que nossa resposta n\u00e3o seja uma desculpa (<\/span><em><span style=\"font-weight: 400;\">&#8220;<\/span><\/em><span style=\"font-weight: 400;\">ningu\u00e9m faz isso por mim<\/span><em><span style=\"font-weight: 400;\">&#8220;<\/span><\/em><span style=\"font-weight: 400;\">), mas uma entrega total \u00c0quele que pode fazer infinitamente mais do que pedimos ou pensamos (Ef\u00e9sios 3:20).<\/span><\/p>\n<p>\u00a0<\/p>\n<p><strong>Felipe Morais<\/strong><span style=\"font-weight: 400;\">\u00a0\u00e9 servo temente ao Senhor, e atua como pastor na Igreja Batista do Reino. P\u00f3s-graduado em Teologia, \u00e9 um biblicista apaixonado pelas Escrituras. Comentarista, escritor e cronologista b\u00edblico, atua como professor no YouTube pelos canais Curso B\u00edblico Online e Devocional B\u00edblico Online.<\/span><\/p>\n<p><em><span style=\"font-weight: 400;\">* O conte\u00fado do texto acima \u00e9 de colabora\u00e7\u00e3o volunt\u00e1ria, seu teor \u00e9 de total responsabilidade do autor e n\u00e3o reflete necessariamente a opini\u00e3o do Portal Guiame.<\/span><\/em><\/p>\n<p><span style=\"font-weight: 400;\">Leia o artigo anterior: <\/span><span style=\"color: #993300;\"><strong>Desvendando o cora\u00e7\u00e3o de Satan\u00e1s: A estrat\u00e9gia da tenta\u00e7\u00e3o e o uso da Palavra \u2013 Parte 3<\/strong><\/span><\/p>\n<\/div>\n<p><br \/>\n<br \/>Fonte: Guiame <\/p>\n","protected":false},"excerpt":{"rendered":"<p>Voc\u00ea j\u00e1 se sentiu invis\u00edvel em meio \u00e0 multid\u00e3o? Ou talvez, preso a uma situa\u00e7\u00e3o dolorosa por tanto tempo que a solu\u00e7\u00e3o parecia depender exclusivamente da ajuda de terceiros que nunca chegava? Em Jo\u00e3o 5, somos transportados para um cen\u00e1rio de desesperan\u00e7a humana e interven\u00e7\u00e3o divina. A hist\u00f3ria do paral\u00edtico no Tanque de Betesda n\u00e3o [&hellip;]<\/p>\n","protected":false},"author":1,"featured_media":4268,"comment_status":"","ping_status":"open","sticky":false,"template":"","format":"standard","meta":{"footnotes":""},"categories":[43],"tags":[],"class_list":["post-4267","post","type-post","status-publish","format-standard","has-post-thumbnail","hentry","category-destaques"],"yoast_head":"<!-- This site is optimized with the Yoast SEO plugin v26.8 - https:\/\/yoast.com\/product\/yoast-seo-wordpress\/ -->\n<title>Al\u00e9m do Tanque de Betesda - R\u00e1dio Porto Seguro<\/title>\n<meta name=\"robots\" content=\"index, follow, max-snippet:-1, max-image-preview:large, max-video-preview:-1\" \/>\n<link rel=\"canonical\" href=\"https:\/\/radioportoseguro.com.br\/site\/2026\/02\/22\/alem-do-tanque-de-betesda\/\" \/>\n<meta property=\"og:locale\" content=\"pt_BR\" \/>\n<meta property=\"og:type\" content=\"article\" \/>\n<meta property=\"og:title\" content=\"Al\u00e9m do Tanque de Betesda - R\u00e1dio Porto Seguro\" \/>\n<meta property=\"og:description\" content=\"Voc\u00ea j\u00e1 se sentiu invis\u00edvel em meio \u00e0 multid\u00e3o? Ou talvez, preso a uma situa\u00e7\u00e3o dolorosa por tanto tempo que a solu\u00e7\u00e3o parecia depender exclusivamente da ajuda de terceiros que nunca chegava? Em Jo\u00e3o 5, somos transportados para um cen\u00e1rio de desesperan\u00e7a humana e interven\u00e7\u00e3o divina. A hist\u00f3ria do paral\u00edtico no Tanque de Betesda n\u00e3o [&hellip;]\" \/>\n<meta property=\"og:url\" content=\"https:\/\/radioportoseguro.com.br\/site\/2026\/02\/22\/alem-do-tanque-de-betesda\/\" \/>\n<meta property=\"og:site_name\" content=\"R\u00e1dio Porto Seguro\" \/>\n<meta property=\"article:published_time\" content=\"2026-02-22T04:27:58+00:00\" \/>\n<meta property=\"og:image\" content=\"https:\/\/media.guiame.com.br\/archives\/2026\/02\/20\/2716964536-tanque-de-betesda.png\" \/>\n<meta name=\"author\" content=\"admin\" \/>\n<meta name=\"twitter:card\" content=\"summary_large_image\" \/>\n<meta name=\"twitter:label1\" content=\"Escrito por\" \/>\n\t<meta name=\"twitter:data1\" content=\"admin\" \/>\n\t<meta name=\"twitter:label2\" content=\"Est. tempo de leitura\" \/>\n\t<meta name=\"twitter:data2\" content=\"7 minutos\" \/>\n<script type=\"application\/ld+json\" class=\"yoast-schema-graph\">{\"@context\":\"https:\/\/schema.org\",\"@graph\":[{\"@type\":\"Article\",\"@id\":\"https:\/\/radioportoseguro.com.br\/site\/2026\/02\/22\/alem-do-tanque-de-betesda\/#article\",\"isPartOf\":{\"@id\":\"https:\/\/radioportoseguro.com.br\/site\/2026\/02\/22\/alem-do-tanque-de-betesda\/\"},\"author\":{\"name\":\"admin\",\"@id\":\"https:\/\/radioportoseguro.com.br\/site\/#\/schema\/person\/7630acdc320186f13639d3c067ec089b\"},\"headline\":\"Al\u00e9m do Tanque de Betesda\",\"datePublished\":\"2026-02-22T04:27:58+00:00\",\"mainEntityOfPage\":{\"@id\":\"https:\/\/radioportoseguro.com.br\/site\/2026\/02\/22\/alem-do-tanque-de-betesda\/\"},\"wordCount\":1335,\"image\":{\"@id\":\"https:\/\/radioportoseguro.com.br\/site\/2026\/02\/22\/alem-do-tanque-de-betesda\/#primaryimage\"},\"thumbnailUrl\":\"https:\/\/radioportoseguro.com.br\/site\/wp-content\/uploads\/2026\/02\/2716964536-tanque-de-betesda.png\",\"articleSection\":[\"Destaques\"],\"inLanguage\":\"pt-BR\"},{\"@type\":\"WebPage\",\"@id\":\"https:\/\/radioportoseguro.com.br\/site\/2026\/02\/22\/alem-do-tanque-de-betesda\/\",\"url\":\"https:\/\/radioportoseguro.com.br\/site\/2026\/02\/22\/alem-do-tanque-de-betesda\/\",\"name\":\"Al\u00e9m do Tanque de Betesda - R\u00e1dio Porto Seguro\",\"isPartOf\":{\"@id\":\"https:\/\/radioportoseguro.com.br\/site\/#website\"},\"primaryImageOfPage\":{\"@id\":\"https:\/\/radioportoseguro.com.br\/site\/2026\/02\/22\/alem-do-tanque-de-betesda\/#primaryimage\"},\"image\":{\"@id\":\"https:\/\/radioportoseguro.com.br\/site\/2026\/02\/22\/alem-do-tanque-de-betesda\/#primaryimage\"},\"thumbnailUrl\":\"https:\/\/radioportoseguro.com.br\/site\/wp-content\/uploads\/2026\/02\/2716964536-tanque-de-betesda.png\",\"datePublished\":\"2026-02-22T04:27:58+00:00\",\"author\":{\"@id\":\"https:\/\/radioportoseguro.com.br\/site\/#\/schema\/person\/7630acdc320186f13639d3c067ec089b\"},\"breadcrumb\":{\"@id\":\"https:\/\/radioportoseguro.com.br\/site\/2026\/02\/22\/alem-do-tanque-de-betesda\/#breadcrumb\"},\"inLanguage\":\"pt-BR\",\"potentialAction\":[{\"@type\":\"ReadAction\",\"target\":[\"https:\/\/radioportoseguro.com.br\/site\/2026\/02\/22\/alem-do-tanque-de-betesda\/\"]}]},{\"@type\":\"ImageObject\",\"inLanguage\":\"pt-BR\",\"@id\":\"https:\/\/radioportoseguro.com.br\/site\/2026\/02\/22\/alem-do-tanque-de-betesda\/#primaryimage\",\"url\":\"https:\/\/radioportoseguro.com.br\/site\/wp-content\/uploads\/2026\/02\/2716964536-tanque-de-betesda.png\",\"contentUrl\":\"https:\/\/radioportoseguro.com.br\/site\/wp-content\/uploads\/2026\/02\/2716964536-tanque-de-betesda.png\",\"width\":1200,\"height\":600},{\"@type\":\"BreadcrumbList\",\"@id\":\"https:\/\/radioportoseguro.com.br\/site\/2026\/02\/22\/alem-do-tanque-de-betesda\/#breadcrumb\",\"itemListElement\":[{\"@type\":\"ListItem\",\"position\":1,\"name\":\"In\u00edcio\",\"item\":\"https:\/\/radioportoseguro.com.br\/site\/\"},{\"@type\":\"ListItem\",\"position\":2,\"name\":\"Al\u00e9m do Tanque de Betesda\"}]},{\"@type\":\"WebSite\",\"@id\":\"https:\/\/radioportoseguro.com.br\/site\/#website\",\"url\":\"https:\/\/radioportoseguro.com.br\/site\/\",\"name\":\"R\u00e1dio Porto Seguro\",\"description\":\"\",\"potentialAction\":[{\"@type\":\"SearchAction\",\"target\":{\"@type\":\"EntryPoint\",\"urlTemplate\":\"https:\/\/radioportoseguro.com.br\/site\/?s={search_term_string}\"},\"query-input\":{\"@type\":\"PropertyValueSpecification\",\"valueRequired\":true,\"valueName\":\"search_term_string\"}}],\"inLanguage\":\"pt-BR\"},{\"@type\":\"Person\",\"@id\":\"https:\/\/radioportoseguro.com.br\/site\/#\/schema\/person\/7630acdc320186f13639d3c067ec089b\",\"name\":\"admin\",\"image\":{\"@type\":\"ImageObject\",\"inLanguage\":\"pt-BR\",\"@id\":\"https:\/\/radioportoseguro.com.br\/site\/#\/schema\/person\/image\/\",\"url\":\"https:\/\/secure.gravatar.com\/avatar\/caacf4dc1eedb68fab0df8e1ed46c448e578b2466351bbcb61e47d2ac0caaef0?s=96&d=mm&r=g\",\"contentUrl\":\"https:\/\/secure.gravatar.com\/avatar\/caacf4dc1eedb68fab0df8e1ed46c448e578b2466351bbcb61e47d2ac0caaef0?s=96&d=mm&r=g\",\"caption\":\"admin\"},\"sameAs\":[\"https:\/\/radioportoseguro.com.br\/site\"],\"url\":\"https:\/\/radioportoseguro.com.br\/site\/author\/hezio\/\"}]}<\/script>\n<!-- \/ Yoast SEO plugin. -->","yoast_head_json":{"title":"Al\u00e9m do Tanque de Betesda - R\u00e1dio Porto Seguro","robots":{"index":"index","follow":"follow","max-snippet":"max-snippet:-1","max-image-preview":"max-image-preview:large","max-video-preview":"max-video-preview:-1"},"canonical":"https:\/\/radioportoseguro.com.br\/site\/2026\/02\/22\/alem-do-tanque-de-betesda\/","og_locale":"pt_BR","og_type":"article","og_title":"Al\u00e9m do Tanque de Betesda - R\u00e1dio Porto Seguro","og_description":"Voc\u00ea j\u00e1 se sentiu invis\u00edvel em meio \u00e0 multid\u00e3o? Ou talvez, preso a uma situa\u00e7\u00e3o dolorosa por tanto tempo que a solu\u00e7\u00e3o parecia depender exclusivamente da ajuda de terceiros que nunca chegava? Em Jo\u00e3o 5, somos transportados para um cen\u00e1rio de desesperan\u00e7a humana e interven\u00e7\u00e3o divina. A hist\u00f3ria do paral\u00edtico no Tanque de Betesda n\u00e3o [&hellip;]","og_url":"https:\/\/radioportoseguro.com.br\/site\/2026\/02\/22\/alem-do-tanque-de-betesda\/","og_site_name":"R\u00e1dio Porto Seguro","article_published_time":"2026-02-22T04:27:58+00:00","og_image":[{"url":"https:\/\/media.guiame.com.br\/archives\/2026\/02\/20\/2716964536-tanque-de-betesda.png","type":"","width":"","height":""}],"author":"admin","twitter_card":"summary_large_image","twitter_misc":{"Escrito por":"admin","Est. tempo de leitura":"7 minutos"},"schema":{"@context":"https:\/\/schema.org","@graph":[{"@type":"Article","@id":"https:\/\/radioportoseguro.com.br\/site\/2026\/02\/22\/alem-do-tanque-de-betesda\/#article","isPartOf":{"@id":"https:\/\/radioportoseguro.com.br\/site\/2026\/02\/22\/alem-do-tanque-de-betesda\/"},"author":{"name":"admin","@id":"https:\/\/radioportoseguro.com.br\/site\/#\/schema\/person\/7630acdc320186f13639d3c067ec089b"},"headline":"Al\u00e9m do Tanque de Betesda","datePublished":"2026-02-22T04:27:58+00:00","mainEntityOfPage":{"@id":"https:\/\/radioportoseguro.com.br\/site\/2026\/02\/22\/alem-do-tanque-de-betesda\/"},"wordCount":1335,"image":{"@id":"https:\/\/radioportoseguro.com.br\/site\/2026\/02\/22\/alem-do-tanque-de-betesda\/#primaryimage"},"thumbnailUrl":"https:\/\/radioportoseguro.com.br\/site\/wp-content\/uploads\/2026\/02\/2716964536-tanque-de-betesda.png","articleSection":["Destaques"],"inLanguage":"pt-BR"},{"@type":"WebPage","@id":"https:\/\/radioportoseguro.com.br\/site\/2026\/02\/22\/alem-do-tanque-de-betesda\/","url":"https:\/\/radioportoseguro.com.br\/site\/2026\/02\/22\/alem-do-tanque-de-betesda\/","name":"Al\u00e9m do Tanque de Betesda - R\u00e1dio Porto Seguro","isPartOf":{"@id":"https:\/\/radioportoseguro.com.br\/site\/#website"},"primaryImageOfPage":{"@id":"https:\/\/radioportoseguro.com.br\/site\/2026\/02\/22\/alem-do-tanque-de-betesda\/#primaryimage"},"image":{"@id":"https:\/\/radioportoseguro.com.br\/site\/2026\/02\/22\/alem-do-tanque-de-betesda\/#primaryimage"},"thumbnailUrl":"https:\/\/radioportoseguro.com.br\/site\/wp-content\/uploads\/2026\/02\/2716964536-tanque-de-betesda.png","datePublished":"2026-02-22T04:27:58+00:00","author":{"@id":"https:\/\/radioportoseguro.com.br\/site\/#\/schema\/person\/7630acdc320186f13639d3c067ec089b"},"breadcrumb":{"@id":"https:\/\/radioportoseguro.com.br\/site\/2026\/02\/22\/alem-do-tanque-de-betesda\/#breadcrumb"},"inLanguage":"pt-BR","potentialAction":[{"@type":"ReadAction","target":["https:\/\/radioportoseguro.com.br\/site\/2026\/02\/22\/alem-do-tanque-de-betesda\/"]}]},{"@type":"ImageObject","inLanguage":"pt-BR","@id":"https:\/\/radioportoseguro.com.br\/site\/2026\/02\/22\/alem-do-tanque-de-betesda\/#primaryimage","url":"https:\/\/radioportoseguro.com.br\/site\/wp-content\/uploads\/2026\/02\/2716964536-tanque-de-betesda.png","contentUrl":"https:\/\/radioportoseguro.com.br\/site\/wp-content\/uploads\/2026\/02\/2716964536-tanque-de-betesda.png","width":1200,"height":600},{"@type":"BreadcrumbList","@id":"https:\/\/radioportoseguro.com.br\/site\/2026\/02\/22\/alem-do-tanque-de-betesda\/#breadcrumb","itemListElement":[{"@type":"ListItem","position":1,"name":"In\u00edcio","item":"https:\/\/radioportoseguro.com.br\/site\/"},{"@type":"ListItem","position":2,"name":"Al\u00e9m do Tanque de Betesda"}]},{"@type":"WebSite","@id":"https:\/\/radioportoseguro.com.br\/site\/#website","url":"https:\/\/radioportoseguro.com.br\/site\/","name":"R\u00e1dio Porto Seguro","description":"","potentialAction":[{"@type":"SearchAction","target":{"@type":"EntryPoint","urlTemplate":"https:\/\/radioportoseguro.com.br\/site\/?s={search_term_string}"},"query-input":{"@type":"PropertyValueSpecification","valueRequired":true,"valueName":"search_term_string"}}],"inLanguage":"pt-BR"},{"@type":"Person","@id":"https:\/\/radioportoseguro.com.br\/site\/#\/schema\/person\/7630acdc320186f13639d3c067ec089b","name":"admin","image":{"@type":"ImageObject","inLanguage":"pt-BR","@id":"https:\/\/radioportoseguro.com.br\/site\/#\/schema\/person\/image\/","url":"https:\/\/secure.gravatar.com\/avatar\/caacf4dc1eedb68fab0df8e1ed46c448e578b2466351bbcb61e47d2ac0caaef0?s=96&d=mm&r=g","contentUrl":"https:\/\/secure.gravatar.com\/avatar\/caacf4dc1eedb68fab0df8e1ed46c448e578b2466351bbcb61e47d2ac0caaef0?s=96&d=mm&r=g","caption":"admin"},"sameAs":["https:\/\/radioportoseguro.com.br\/site"],"url":"https:\/\/radioportoseguro.com.br\/site\/author\/hezio\/"}]}},"_links":{"self":[{"href":"https:\/\/radioportoseguro.com.br\/site\/wp-json\/wp\/v2\/posts\/4267","targetHints":{"allow":["GET"]}}],"collection":[{"href":"https:\/\/radioportoseguro.com.br\/site\/wp-json\/wp\/v2\/posts"}],"about":[{"href":"https:\/\/radioportoseguro.com.br\/site\/wp-json\/wp\/v2\/types\/post"}],"author":[{"embeddable":true,"href":"https:\/\/radioportoseguro.com.br\/site\/wp-json\/wp\/v2\/users\/1"}],"replies":[{"embeddable":true,"href":"https:\/\/radioportoseguro.com.br\/site\/wp-json\/wp\/v2\/comments?post=4267"}],"version-history":[{"count":0,"href":"https:\/\/radioportoseguro.com.br\/site\/wp-json\/wp\/v2\/posts\/4267\/revisions"}],"wp:featuredmedia":[{"embeddable":true,"href":"https:\/\/radioportoseguro.com.br\/site\/wp-json\/wp\/v2\/media\/4268"}],"wp:attachment":[{"href":"https:\/\/radioportoseguro.com.br\/site\/wp-json\/wp\/v2\/media?parent=4267"}],"wp:term":[{"taxonomy":"category","embeddable":true,"href":"https:\/\/radioportoseguro.com.br\/site\/wp-json\/wp\/v2\/categories?post=4267"},{"taxonomy":"post_tag","embeddable":true,"href":"https:\/\/radioportoseguro.com.br\/site\/wp-json\/wp\/v2\/tags?post=4267"}],"curies":[{"name":"wp","href":"https:\/\/api.w.org\/{rel}","templated":true}]}}