{"id":4273,"date":"2026-02-22T05:30:19","date_gmt":"2026-02-22T08:30:19","guid":{"rendered":"https:\/\/radioportoseguro.com.br\/site\/2026\/02\/22\/pastor-orienta-como-reagir-a-lutas-espirituais-nao-enfrente-a-batalha-sozinho\/"},"modified":"2026-02-22T05:30:19","modified_gmt":"2026-02-22T08:30:19","slug":"pastor-orienta-como-reagir-a-lutas-espirituais-nao-enfrente-a-batalha-sozinho","status":"publish","type":"post","link":"https:\/\/radioportoseguro.com.br\/site\/2026\/02\/22\/pastor-orienta-como-reagir-a-lutas-espirituais-nao-enfrente-a-batalha-sozinho\/","title":{"rendered":"Pastor orienta como reagir a lutas espirituais: \u201cN\u00e3o enfrente a batalha sozinho\u201d"},"content":{"rendered":"<p><br \/>\n<br \/><\/p>\n<div>\n<p><span style=\"font-weight: 400;\">O pastor <\/span><span style=\"color: #993300;\"><strong>Joel Engel<\/strong><\/span><span style=\"font-weight: 400;\"> aplicou a mensagem do livro de Ester como um \u201cmapa\u201d para quem est\u00e1 enfrentando lutas e \u201cdecretos\u201d que tentam paralisar a vida.<\/span><\/p>\n<p><span style=\"font-weight: 400;\">Nesta ter\u00e7a-feira (17), ele lembrou que estamos no m\u00eas de Adar, segundo o calend\u00e1rio b\u00edblico judaico.<\/span><\/p>\n<p><span style=\"font-weight: 400;\">Adar \u00e9 conhecido principalmente por ser o m\u00eas da festa de Purim, que celebra a hist\u00f3ria do livro de Ester \u2014 quando o povo judeu foi salvo de um decreto de morte no Imp\u00e9rio Persa. Por causa disso, na tradi\u00e7\u00e3o judaica, Adar \u00e9 considerado o m\u00eas da alegria.<\/span><\/p>\n<p><span style=\"font-weight: 400;\">\u201cEste \u00e9 o m\u00eas da alegria, \u00e9 o m\u00eas da celebra\u00e7\u00e3o, da revers\u00e3o\u201d, afirmou o pastor.<\/span><\/p>\n<p><span style=\"font-weight: 400;\">Com base na hist\u00f3ria de Ester, ele aplicou alguns ensinos pr\u00e1ticos:<\/span><\/p>\n<p><strong>N\u00e3o encare batalhas sozinho<\/strong><\/p>\n<p><span style=\"font-weight: 400;\">Engel ensina que guerras espirituais n\u00e3o devem ser enfrentadas em isolamento.\u00a0<\/span><\/p>\n<p><span style=\"font-weight: 400;\">\u201cN\u00e3o entre numa batalha espiritual sem seu l\u00edder espiritual\u201d, aconselha. \u201c\u00c9 importante ter uma cobertura de ora\u00e7\u00e3o, ter um povo orando por voc\u00ea\u201d.\u00a0<\/span><\/p>\n<p><span style=\"font-weight: 400;\">Joel Engel tamb\u00e9m incentivou os crist\u00e3os a reagirem com f\u00e9 diante de \u201cdecretos\u201d contr\u00e1rios \u2014 como diagn\u00f3sticos, prazos e amea\u00e7as.<\/span><\/p>\n<p><span style=\"font-weight: 400;\">\u201cSe voc\u00ea est\u00e1 enfrentando hoje uma oposi\u00e7\u00e3o, se voc\u00ea est\u00e1 tendo hoje um decreto contra a sua vida, esse \u00e9 o m\u00eas para mudar isso.\u201d<\/span><\/p>\n<p><span style=\"font-weight: 400;\">\u201cEscreva e apresente a Deus todos os seus pedidos nesses dias\u201d, orientou. \u201cTenha certeza que vai acontecer essa b\u00ean\u00e7\u00e3o chegar na tua vida.\u201d<\/span><\/p>\n<p><strong>Posicione-se em jejum e ora\u00e7\u00e3o<\/strong><\/p>\n<p><span style=\"font-weight: 400;\">Engel disse que h\u00e1 momentos em que Deus nos conduz a um \u201cdia marcado\u201d, que exige consagra\u00e7\u00e3o. \u201cO dia em que Ester entrou em jejum foi o dia que Deus marcou para ela ser aben\u00e7oada\u201d, declarou.\u00a0<\/span><\/p>\n<p><span style=\"font-weight: 400;\">O pastor tamb\u00e9m disse que, quando Deus age, o cen\u00e1rio pode se inverter: \u201cDeus reverte e transforma dia de luto em alegria, dia de tristeza em festa\u201d.<\/span><\/p>\n<p><span style=\"font-weight: 400;\">Por fim, Engel lembrou que o m\u00eas de Adar deve ser vivido de forma ativa: n\u00e3o apenas \u201cesperar\u201d, mas manter uma rotina de ora\u00e7\u00e3o e apresentar pedidos a Deus.<\/span><\/p>\n<p><span style=\"font-weight: 400;\">\u201cContinue consagrando sua vida e sua casa em ora\u00e7\u00e3o nestes dias\u201d, afirmou. \u201cEsse \u00e9 o m\u00eas que Deus pode reverter decretos\u201d.<\/span><\/p>\n<p><em><span style=\"font-weight: 400;\">Veja a prega\u00e7\u00e3o completa:<\/span><\/em><\/p>\n<p style=\"text-align: center;\"><div class=\"ose-youtube ose-uid-c65a0255458334ab35d22a8f91217d63 ose-embedpress-responsive\" style=\"width:600px; height:600px; max-height:600px; max-width:100%; display:inline-block;\" data-embed-type=\"Youtube\"><iframe allowFullScreen=\"true\" title=\"ADAR: O m\u00eas em que Deus muda decretos\" width=\"600\" height=\"600\" src=\"https:\/\/www.youtube.com\/embed\/dVTnTzKh3To?feature=oembed&color=red&rel=0&controls=1&start=&end=&fs=0&iv_load_policy=0&autoplay=0&mute=0&modestbranding=0&cc_load_policy=1&playsinline=1\" frameborder=\"0\" allow=\"accelerometer; encrypted-media;accelerometer;autoplay;clipboard-write;gyroscope;picture-in-picture clipboard-write; encrypted-media; gyroscope; picture-in-picture; web-share\" referrerpolicy=\"strict-origin-when-cross-origin\" allowfullscreen><\/iframe><\/div><\/p>\n<\/div>\n<p><br \/>\n<br \/>Fonte: Guiame <\/p>\n","protected":false},"excerpt":{"rendered":"<p>O pastor Joel Engel aplicou a mensagem do livro de Ester como um \u201cmapa\u201d para quem est\u00e1 enfrentando lutas e \u201cdecretos\u201d que tentam paralisar a vida. Nesta ter\u00e7a-feira (17), ele lembrou que estamos no m\u00eas de Adar, segundo o calend\u00e1rio b\u00edblico judaico. Adar \u00e9 conhecido principalmente por ser o m\u00eas da festa de Purim, que [&hellip;]<\/p>\n","protected":false},"author":1,"featured_media":4274,"comment_status":"","ping_status":"open","sticky":false,"template":"","format":"standard","meta":{"footnotes":""},"categories":[43],"tags":[],"class_list":["post-4273","post","type-post","status-publish","format-standard","has-post-thumbnail","hentry","category-destaques"],"yoast_head":"<!-- This site is optimized with the Yoast SEO plugin v26.8 - https:\/\/yoast.com\/product\/yoast-seo-wordpress\/ -->\n<title>Pastor orienta como reagir a lutas espirituais: \u201cN\u00e3o enfrente a batalha sozinho\u201d - R\u00e1dio Porto Seguro<\/title>\n<meta name=\"robots\" content=\"index, follow, max-snippet:-1, max-image-preview:large, max-video-preview:-1\" \/>\n<link rel=\"canonical\" href=\"https:\/\/radioportoseguro.com.br\/site\/2026\/02\/22\/pastor-orienta-como-reagir-a-lutas-espirituais-nao-enfrente-a-batalha-sozinho\/\" \/>\n<meta property=\"og:locale\" content=\"pt_BR\" \/>\n<meta property=\"og:type\" content=\"article\" \/>\n<meta property=\"og:title\" content=\"Pastor orienta como reagir a lutas espirituais: \u201cN\u00e3o enfrente a batalha sozinho\u201d - R\u00e1dio Porto Seguro\" \/>\n<meta property=\"og:description\" content=\"O pastor Joel Engel aplicou a mensagem do livro de Ester como um \u201cmapa\u201d para quem est\u00e1 enfrentando lutas e \u201cdecretos\u201d que tentam paralisar a vida. Nesta ter\u00e7a-feira (17), ele lembrou que estamos no m\u00eas de Adar, segundo o calend\u00e1rio b\u00edblico judaico. Adar \u00e9 conhecido principalmente por ser o m\u00eas da festa de Purim, que [&hellip;]\" \/>\n<meta property=\"og:url\" content=\"https:\/\/radioportoseguro.com.br\/site\/2026\/02\/22\/pastor-orienta-como-reagir-a-lutas-espirituais-nao-enfrente-a-batalha-sozinho\/\" \/>\n<meta property=\"og:site_name\" content=\"R\u00e1dio Porto Seguro\" \/>\n<meta property=\"article:published_time\" content=\"2026-02-22T08:30:19+00:00\" \/>\n<meta property=\"og:image\" content=\"https:\/\/media.guiame.com.br\/archives\/2026\/02\/20\/724865916-luta.jpg\" \/>\n<meta name=\"author\" content=\"admin\" \/>\n<meta name=\"twitter:card\" content=\"summary_large_image\" \/>\n<meta name=\"twitter:label1\" content=\"Escrito por\" \/>\n\t<meta name=\"twitter:data1\" content=\"admin\" \/>\n\t<meta name=\"twitter:label2\" content=\"Est. tempo de leitura\" \/>\n\t<meta name=\"twitter:data2\" content=\"2 minutos\" \/>\n<script type=\"application\/ld+json\" class=\"yoast-schema-graph\">{\"@context\":\"https:\/\/schema.org\",\"@graph\":[{\"@type\":\"Article\",\"@id\":\"https:\/\/radioportoseguro.com.br\/site\/2026\/02\/22\/pastor-orienta-como-reagir-a-lutas-espirituais-nao-enfrente-a-batalha-sozinho\/#article\",\"isPartOf\":{\"@id\":\"https:\/\/radioportoseguro.com.br\/site\/2026\/02\/22\/pastor-orienta-como-reagir-a-lutas-espirituais-nao-enfrente-a-batalha-sozinho\/\"},\"author\":{\"name\":\"admin\",\"@id\":\"https:\/\/radioportoseguro.com.br\/site\/#\/schema\/person\/7630acdc320186f13639d3c067ec089b\"},\"headline\":\"Pastor orienta como reagir a lutas espirituais: \u201cN\u00e3o enfrente a batalha sozinho\u201d\",\"datePublished\":\"2026-02-22T08:30:19+00:00\",\"mainEntityOfPage\":{\"@id\":\"https:\/\/radioportoseguro.com.br\/site\/2026\/02\/22\/pastor-orienta-como-reagir-a-lutas-espirituais-nao-enfrente-a-batalha-sozinho\/\"},\"wordCount\":402,\"image\":{\"@id\":\"https:\/\/radioportoseguro.com.br\/site\/2026\/02\/22\/pastor-orienta-como-reagir-a-lutas-espirituais-nao-enfrente-a-batalha-sozinho\/#primaryimage\"},\"thumbnailUrl\":\"https:\/\/radioportoseguro.com.br\/site\/wp-content\/uploads\/2026\/02\/724865916-luta.jpg\",\"articleSection\":[\"Destaques\"],\"inLanguage\":\"pt-BR\"},{\"@type\":\"WebPage\",\"@id\":\"https:\/\/radioportoseguro.com.br\/site\/2026\/02\/22\/pastor-orienta-como-reagir-a-lutas-espirituais-nao-enfrente-a-batalha-sozinho\/\",\"url\":\"https:\/\/radioportoseguro.com.br\/site\/2026\/02\/22\/pastor-orienta-como-reagir-a-lutas-espirituais-nao-enfrente-a-batalha-sozinho\/\",\"name\":\"Pastor orienta como reagir a lutas espirituais: \u201cN\u00e3o enfrente a batalha sozinho\u201d - R\u00e1dio Porto Seguro\",\"isPartOf\":{\"@id\":\"https:\/\/radioportoseguro.com.br\/site\/#website\"},\"primaryImageOfPage\":{\"@id\":\"https:\/\/radioportoseguro.com.br\/site\/2026\/02\/22\/pastor-orienta-como-reagir-a-lutas-espirituais-nao-enfrente-a-batalha-sozinho\/#primaryimage\"},\"image\":{\"@id\":\"https:\/\/radioportoseguro.com.br\/site\/2026\/02\/22\/pastor-orienta-como-reagir-a-lutas-espirituais-nao-enfrente-a-batalha-sozinho\/#primaryimage\"},\"thumbnailUrl\":\"https:\/\/radioportoseguro.com.br\/site\/wp-content\/uploads\/2026\/02\/724865916-luta.jpg\",\"datePublished\":\"2026-02-22T08:30:19+00:00\",\"author\":{\"@id\":\"https:\/\/radioportoseguro.com.br\/site\/#\/schema\/person\/7630acdc320186f13639d3c067ec089b\"},\"breadcrumb\":{\"@id\":\"https:\/\/radioportoseguro.com.br\/site\/2026\/02\/22\/pastor-orienta-como-reagir-a-lutas-espirituais-nao-enfrente-a-batalha-sozinho\/#breadcrumb\"},\"inLanguage\":\"pt-BR\",\"potentialAction\":[{\"@type\":\"ReadAction\",\"target\":[\"https:\/\/radioportoseguro.com.br\/site\/2026\/02\/22\/pastor-orienta-como-reagir-a-lutas-espirituais-nao-enfrente-a-batalha-sozinho\/\"]}]},{\"@type\":\"ImageObject\",\"inLanguage\":\"pt-BR\",\"@id\":\"https:\/\/radioportoseguro.com.br\/site\/2026\/02\/22\/pastor-orienta-como-reagir-a-lutas-espirituais-nao-enfrente-a-batalha-sozinho\/#primaryimage\",\"url\":\"https:\/\/radioportoseguro.com.br\/site\/wp-content\/uploads\/2026\/02\/724865916-luta.jpg\",\"contentUrl\":\"https:\/\/radioportoseguro.com.br\/site\/wp-content\/uploads\/2026\/02\/724865916-luta.jpg\",\"width\":1200,\"height\":600},{\"@type\":\"BreadcrumbList\",\"@id\":\"https:\/\/radioportoseguro.com.br\/site\/2026\/02\/22\/pastor-orienta-como-reagir-a-lutas-espirituais-nao-enfrente-a-batalha-sozinho\/#breadcrumb\",\"itemListElement\":[{\"@type\":\"ListItem\",\"position\":1,\"name\":\"In\u00edcio\",\"item\":\"https:\/\/radioportoseguro.com.br\/site\/\"},{\"@type\":\"ListItem\",\"position\":2,\"name\":\"Pastor orienta como reagir a lutas espirituais: \u201cN\u00e3o enfrente a batalha sozinho\u201d\"}]},{\"@type\":\"WebSite\",\"@id\":\"https:\/\/radioportoseguro.com.br\/site\/#website\",\"url\":\"https:\/\/radioportoseguro.com.br\/site\/\",\"name\":\"R\u00e1dio Porto Seguro\",\"description\":\"\",\"potentialAction\":[{\"@type\":\"SearchAction\",\"target\":{\"@type\":\"EntryPoint\",\"urlTemplate\":\"https:\/\/radioportoseguro.com.br\/site\/?s={search_term_string}\"},\"query-input\":{\"@type\":\"PropertyValueSpecification\",\"valueRequired\":true,\"valueName\":\"search_term_string\"}}],\"inLanguage\":\"pt-BR\"},{\"@type\":\"Person\",\"@id\":\"https:\/\/radioportoseguro.com.br\/site\/#\/schema\/person\/7630acdc320186f13639d3c067ec089b\",\"name\":\"admin\",\"image\":{\"@type\":\"ImageObject\",\"inLanguage\":\"pt-BR\",\"@id\":\"https:\/\/radioportoseguro.com.br\/site\/#\/schema\/person\/image\/\",\"url\":\"https:\/\/secure.gravatar.com\/avatar\/caacf4dc1eedb68fab0df8e1ed46c448e578b2466351bbcb61e47d2ac0caaef0?s=96&d=mm&r=g\",\"contentUrl\":\"https:\/\/secure.gravatar.com\/avatar\/caacf4dc1eedb68fab0df8e1ed46c448e578b2466351bbcb61e47d2ac0caaef0?s=96&d=mm&r=g\",\"caption\":\"admin\"},\"sameAs\":[\"https:\/\/radioportoseguro.com.br\/site\"],\"url\":\"https:\/\/radioportoseguro.com.br\/site\/author\/hezio\/\"}]}<\/script>\n<!-- \/ Yoast SEO plugin. -->","yoast_head_json":{"title":"Pastor orienta como reagir a lutas espirituais: \u201cN\u00e3o enfrente a batalha sozinho\u201d - R\u00e1dio Porto Seguro","robots":{"index":"index","follow":"follow","max-snippet":"max-snippet:-1","max-image-preview":"max-image-preview:large","max-video-preview":"max-video-preview:-1"},"canonical":"https:\/\/radioportoseguro.com.br\/site\/2026\/02\/22\/pastor-orienta-como-reagir-a-lutas-espirituais-nao-enfrente-a-batalha-sozinho\/","og_locale":"pt_BR","og_type":"article","og_title":"Pastor orienta como reagir a lutas espirituais: \u201cN\u00e3o enfrente a batalha sozinho\u201d - R\u00e1dio Porto Seguro","og_description":"O pastor Joel Engel aplicou a mensagem do livro de Ester como um \u201cmapa\u201d para quem est\u00e1 enfrentando lutas e \u201cdecretos\u201d que tentam paralisar a vida. Nesta ter\u00e7a-feira (17), ele lembrou que estamos no m\u00eas de Adar, segundo o calend\u00e1rio b\u00edblico judaico. Adar \u00e9 conhecido principalmente por ser o m\u00eas da festa de Purim, que [&hellip;]","og_url":"https:\/\/radioportoseguro.com.br\/site\/2026\/02\/22\/pastor-orienta-como-reagir-a-lutas-espirituais-nao-enfrente-a-batalha-sozinho\/","og_site_name":"R\u00e1dio Porto Seguro","article_published_time":"2026-02-22T08:30:19+00:00","og_image":[{"url":"https:\/\/media.guiame.com.br\/archives\/2026\/02\/20\/724865916-luta.jpg","type":"","width":"","height":""}],"author":"admin","twitter_card":"summary_large_image","twitter_misc":{"Escrito por":"admin","Est. tempo de leitura":"2 minutos"},"schema":{"@context":"https:\/\/schema.org","@graph":[{"@type":"Article","@id":"https:\/\/radioportoseguro.com.br\/site\/2026\/02\/22\/pastor-orienta-como-reagir-a-lutas-espirituais-nao-enfrente-a-batalha-sozinho\/#article","isPartOf":{"@id":"https:\/\/radioportoseguro.com.br\/site\/2026\/02\/22\/pastor-orienta-como-reagir-a-lutas-espirituais-nao-enfrente-a-batalha-sozinho\/"},"author":{"name":"admin","@id":"https:\/\/radioportoseguro.com.br\/site\/#\/schema\/person\/7630acdc320186f13639d3c067ec089b"},"headline":"Pastor orienta como reagir a lutas espirituais: \u201cN\u00e3o enfrente a batalha sozinho\u201d","datePublished":"2026-02-22T08:30:19+00:00","mainEntityOfPage":{"@id":"https:\/\/radioportoseguro.com.br\/site\/2026\/02\/22\/pastor-orienta-como-reagir-a-lutas-espirituais-nao-enfrente-a-batalha-sozinho\/"},"wordCount":402,"image":{"@id":"https:\/\/radioportoseguro.com.br\/site\/2026\/02\/22\/pastor-orienta-como-reagir-a-lutas-espirituais-nao-enfrente-a-batalha-sozinho\/#primaryimage"},"thumbnailUrl":"https:\/\/radioportoseguro.com.br\/site\/wp-content\/uploads\/2026\/02\/724865916-luta.jpg","articleSection":["Destaques"],"inLanguage":"pt-BR"},{"@type":"WebPage","@id":"https:\/\/radioportoseguro.com.br\/site\/2026\/02\/22\/pastor-orienta-como-reagir-a-lutas-espirituais-nao-enfrente-a-batalha-sozinho\/","url":"https:\/\/radioportoseguro.com.br\/site\/2026\/02\/22\/pastor-orienta-como-reagir-a-lutas-espirituais-nao-enfrente-a-batalha-sozinho\/","name":"Pastor orienta como reagir a lutas espirituais: \u201cN\u00e3o enfrente a batalha sozinho\u201d - R\u00e1dio Porto Seguro","isPartOf":{"@id":"https:\/\/radioportoseguro.com.br\/site\/#website"},"primaryImageOfPage":{"@id":"https:\/\/radioportoseguro.com.br\/site\/2026\/02\/22\/pastor-orienta-como-reagir-a-lutas-espirituais-nao-enfrente-a-batalha-sozinho\/#primaryimage"},"image":{"@id":"https:\/\/radioportoseguro.com.br\/site\/2026\/02\/22\/pastor-orienta-como-reagir-a-lutas-espirituais-nao-enfrente-a-batalha-sozinho\/#primaryimage"},"thumbnailUrl":"https:\/\/radioportoseguro.com.br\/site\/wp-content\/uploads\/2026\/02\/724865916-luta.jpg","datePublished":"2026-02-22T08:30:19+00:00","author":{"@id":"https:\/\/radioportoseguro.com.br\/site\/#\/schema\/person\/7630acdc320186f13639d3c067ec089b"},"breadcrumb":{"@id":"https:\/\/radioportoseguro.com.br\/site\/2026\/02\/22\/pastor-orienta-como-reagir-a-lutas-espirituais-nao-enfrente-a-batalha-sozinho\/#breadcrumb"},"inLanguage":"pt-BR","potentialAction":[{"@type":"ReadAction","target":["https:\/\/radioportoseguro.com.br\/site\/2026\/02\/22\/pastor-orienta-como-reagir-a-lutas-espirituais-nao-enfrente-a-batalha-sozinho\/"]}]},{"@type":"ImageObject","inLanguage":"pt-BR","@id":"https:\/\/radioportoseguro.com.br\/site\/2026\/02\/22\/pastor-orienta-como-reagir-a-lutas-espirituais-nao-enfrente-a-batalha-sozinho\/#primaryimage","url":"https:\/\/radioportoseguro.com.br\/site\/wp-content\/uploads\/2026\/02\/724865916-luta.jpg","contentUrl":"https:\/\/radioportoseguro.com.br\/site\/wp-content\/uploads\/2026\/02\/724865916-luta.jpg","width":1200,"height":600},{"@type":"BreadcrumbList","@id":"https:\/\/radioportoseguro.com.br\/site\/2026\/02\/22\/pastor-orienta-como-reagir-a-lutas-espirituais-nao-enfrente-a-batalha-sozinho\/#breadcrumb","itemListElement":[{"@type":"ListItem","position":1,"name":"In\u00edcio","item":"https:\/\/radioportoseguro.com.br\/site\/"},{"@type":"ListItem","position":2,"name":"Pastor orienta como reagir a lutas espirituais: \u201cN\u00e3o enfrente a batalha sozinho\u201d"}]},{"@type":"WebSite","@id":"https:\/\/radioportoseguro.com.br\/site\/#website","url":"https:\/\/radioportoseguro.com.br\/site\/","name":"R\u00e1dio Porto Seguro","description":"","potentialAction":[{"@type":"SearchAction","target":{"@type":"EntryPoint","urlTemplate":"https:\/\/radioportoseguro.com.br\/site\/?s={search_term_string}"},"query-input":{"@type":"PropertyValueSpecification","valueRequired":true,"valueName":"search_term_string"}}],"inLanguage":"pt-BR"},{"@type":"Person","@id":"https:\/\/radioportoseguro.com.br\/site\/#\/schema\/person\/7630acdc320186f13639d3c067ec089b","name":"admin","image":{"@type":"ImageObject","inLanguage":"pt-BR","@id":"https:\/\/radioportoseguro.com.br\/site\/#\/schema\/person\/image\/","url":"https:\/\/secure.gravatar.com\/avatar\/caacf4dc1eedb68fab0df8e1ed46c448e578b2466351bbcb61e47d2ac0caaef0?s=96&d=mm&r=g","contentUrl":"https:\/\/secure.gravatar.com\/avatar\/caacf4dc1eedb68fab0df8e1ed46c448e578b2466351bbcb61e47d2ac0caaef0?s=96&d=mm&r=g","caption":"admin"},"sameAs":["https:\/\/radioportoseguro.com.br\/site"],"url":"https:\/\/radioportoseguro.com.br\/site\/author\/hezio\/"}]}},"_links":{"self":[{"href":"https:\/\/radioportoseguro.com.br\/site\/wp-json\/wp\/v2\/posts\/4273","targetHints":{"allow":["GET"]}}],"collection":[{"href":"https:\/\/radioportoseguro.com.br\/site\/wp-json\/wp\/v2\/posts"}],"about":[{"href":"https:\/\/radioportoseguro.com.br\/site\/wp-json\/wp\/v2\/types\/post"}],"author":[{"embeddable":true,"href":"https:\/\/radioportoseguro.com.br\/site\/wp-json\/wp\/v2\/users\/1"}],"replies":[{"embeddable":true,"href":"https:\/\/radioportoseguro.com.br\/site\/wp-json\/wp\/v2\/comments?post=4273"}],"version-history":[{"count":0,"href":"https:\/\/radioportoseguro.com.br\/site\/wp-json\/wp\/v2\/posts\/4273\/revisions"}],"wp:featuredmedia":[{"embeddable":true,"href":"https:\/\/radioportoseguro.com.br\/site\/wp-json\/wp\/v2\/media\/4274"}],"wp:attachment":[{"href":"https:\/\/radioportoseguro.com.br\/site\/wp-json\/wp\/v2\/media?parent=4273"}],"wp:term":[{"taxonomy":"category","embeddable":true,"href":"https:\/\/radioportoseguro.com.br\/site\/wp-json\/wp\/v2\/categories?post=4273"},{"taxonomy":"post_tag","embeddable":true,"href":"https:\/\/radioportoseguro.com.br\/site\/wp-json\/wp\/v2\/tags?post=4273"}],"curies":[{"name":"wp","href":"https:\/\/api.w.org\/{rel}","templated":true}]}}