{"id":4277,"date":"2026-02-22T09:36:12","date_gmt":"2026-02-22T12:36:12","guid":{"rendered":"https:\/\/radioportoseguro.com.br\/site\/2026\/02\/22\/2a-temporada-de-casa-de-davi-estreia-em-marco-no-prime-video\/"},"modified":"2026-02-22T09:36:12","modified_gmt":"2026-02-22T12:36:12","slug":"2a-temporada-de-casa-de-davi-estreia-em-marco-no-prime-video","status":"publish","type":"post","link":"https:\/\/radioportoseguro.com.br\/site\/2026\/02\/22\/2a-temporada-de-casa-de-davi-estreia-em-marco-no-prime-video\/","title":{"rendered":"2\u00aa temporada de \u201cCasa de Davi\u201d estreia em mar\u00e7o no Prime Video"},"content":{"rendered":"<p><br \/>\n<br \/><\/p>\n<div>\n<p><span style=\"font-weight: 400;\">O Prime Video anunciou oficialmente a data de lan\u00e7amento da segunda temporada de \u201c<\/span><span style=\"color: #993300;\"><strong>Casa de Davi<\/strong><\/span><span style=\"font-weight: 400;\">\u201d os novos epis\u00f3dios chegam \u00e0 plataforma em 27 de mar\u00e7o de 2026.<\/span><\/p>\n<p><span style=\"font-weight: 400;\">Diferente do modelo adotado por muitas produ\u00e7\u00f5es, a s\u00e9rie ser\u00e1 disponibilizada com todos os epis\u00f3dios liberados na data da estreia.<\/span><\/p>\n<p><span style=\"font-weight: 400;\">A estrat\u00e9gia marca uma mudan\u00e7a em rela\u00e7\u00e3o a lan\u00e7amentos semanais e refor\u00e7a a aposta do streaming em maratonas, formato cada vez mais popular entre os assinantes.<\/span><\/p>\n<blockquote class=\"instagram-media\" style=\"background: #FFF; border: 0; border-radius: 3px; box-shadow: 0 0 1px 0 rgba(0,0,0,0.5),0 1px 10px 0 rgba(0,0,0,0.15); margin: 1px; max-width: 540px; min-width: 326px; padding: 0; width: calc(100% - 2px);\" data-instgrm-permalink=\"https:\/\/www.instagram.com\/p\/DU8hKwnDtoD\/?utm_source=ig_embed&amp;utm_campaign=loading\" data-instgrm-version=\"14\"><p>&#13;<br \/>\n&#13;\n<\/p><\/blockquote>\n<p><span style=\"font-weight: 400;\">\u201c\u00c0 medida que Israel se aproxima do colapso com o decl\u00ednio do reinado de Saul, Davi ascende de pastor a guerreiro, dividido entre a lealdade e o destino, enquanto a Idade do Ferro transforma a guerra. Com fam\u00edlias fragmentadas, amores proibidos surgindo e alian\u00e7as se desfazendo, f\u00e9 e poder colidem em uma luta que decidir\u00e1 o futuro de Israel\u201d, diz a sinopse.<\/span><\/p>\n<p><span style=\"font-weight: 400;\">Interpretado por <\/span><span style=\"color: #993300;\"><strong>Michael Iskander<\/strong><\/span><span style=\"font-weight: 400;\">, o protagonista enfrenta desafios pessoais e militares enquanto se aproxima do destino que o conduzir\u00e1 ao trono. Paralelamente, a narrativa acompanha a queda gradual de Saul, marcada por orgulho, decis\u00f5es controversas e tens\u00f5es que impactam o futuro do reino.<\/span><\/p>\n<p><strong>\u2018Ser\u00e1 maior e mais profunda\u2019<\/strong><\/p>\n<p><span style=\"font-weight: 400;\">No Instagram, Michael compartilhou a data de lan\u00e7amento da segunda temporada e comemorou:<\/span><\/p>\n<p><span style=\"font-weight: 400;\">\u201cO grande dia finalmente chegou! Mal posso esperar para que voc\u00eas assistam a esta temporada\u201d.\u00a0<\/span><\/p>\n<blockquote class=\"instagram-media\" style=\"background: #FFF; border: 0; border-radius: 3px; box-shadow: 0 0 1px 0 rgba(0,0,0,0.5),0 1px 10px 0 rgba(0,0,0,0.15); margin: 1px; max-width: 540px; min-width: 326px; padding: 0; width: calc(100% - 2px);\" data-instgrm-permalink=\"https:\/\/www.instagram.com\/p\/DN6O2ijkWxd\/?utm_source=ig_embed&amp;utm_campaign=loading\" data-instgrm-version=\"14\"><p>&#13;<br \/>\n&#13;\n<\/p><\/blockquote>\n<p><span style=\"font-weight: 400;\">Em seguida, o ator deu detalhes sobre a temporada: \u201cEla \u00e9 maior, mais profunda e repleta de a\u00e7\u00e3o, romance, decep\u00e7\u00f5es amorosas, amizade, m\u00fasica e, no centro de tudo, um jovem aprendendo o que significa amar e confiar em Deus de todo o cora\u00e7\u00e3o\u201d.<\/span><\/p>\n<p><span style=\"font-weight: 400;\">\u201cFoi uma honra retornar \u00e0 jornada de David e estou muito animado para que voc\u00eas vejam para onde a hist\u00f3ria vai a seguir\u201d, concluiu.<\/span><\/p>\n<p><span style=\"font-weight: 400;\">O Prime Video anunciou oficialmente a segunda temporada de Casa de Davi com apenas 3 semanas ap\u00f3s a estreia da s\u00e9rie.<\/span><\/p>\n<p><span style=\"font-weight: 400;\">A produ\u00e7\u00e3o foi lan\u00e7ada em 27 de fevereiro de 2025 com tr\u00eas epis\u00f3dios e atraiu 22 milh\u00f5es de espectadores nos primeiros 17 dias e ficou entre as 10 principais estreias de novas s\u00e9ries nos EUA.<\/span><\/p>\n<p><span style=\"font-weight: 400;\">Na \u00e9poca, o ator Michael relatou: \u201cTer a oportunidade de viver isso e mergulhar fundo na hist\u00f3ria \u00e9 incr\u00edvel. Sabe, eu orei e jejuei para gravar a s\u00e9rie. H\u00e1 um texto de Prov\u00e9rbios que diz para confiar no Senhor com todo o seu cora\u00e7\u00e3o e n\u00e3o se apoiar em seu pr\u00f3prio entendimento. Basta que reconhe\u00e7amos o Senhor em todos os seus caminhos, e Ele vir\u00e1\u201d.<\/span><\/p>\n<p><span style=\"font-weight: 400;\">Conforme ele, algumas cenas eram t\u00e3o intensas que os atores terminaram de gravar e choravam sentindo a presen\u00e7a de Deus: \u201c<\/span><strong>O Esp\u00edrito Santo se movia no ambiente<\/strong><span style=\"font-weight: 400;\">. \u00c9 incompar\u00e1vel\u201d.<\/span><\/p>\n<\/div>\n<p><script async src=\"\/\/www.instagram.com\/embed.js\"><\/script><br \/>\n<br \/><br \/>\n<br \/>Fonte: Guiame <\/p>\n","protected":false},"excerpt":{"rendered":"<p>O Prime Video anunciou oficialmente a data de lan\u00e7amento da segunda temporada de \u201cCasa de Davi\u201d os novos epis\u00f3dios chegam \u00e0 plataforma em 27 de mar\u00e7o de 2026. Diferente do modelo adotado por muitas produ\u00e7\u00f5es, a s\u00e9rie ser\u00e1 disponibilizada com todos os epis\u00f3dios liberados na data da estreia. A estrat\u00e9gia marca uma mudan\u00e7a em rela\u00e7\u00e3o [&hellip;]<\/p>\n","protected":false},"author":1,"featured_media":4278,"comment_status":"","ping_status":"open","sticky":false,"template":"","format":"standard","meta":{"footnotes":""},"categories":[43],"tags":[],"class_list":["post-4277","post","type-post","status-publish","format-standard","has-post-thumbnail","hentry","category-destaques"],"yoast_head":"<!-- This site is optimized with the Yoast SEO plugin v26.8 - https:\/\/yoast.com\/product\/yoast-seo-wordpress\/ -->\n<title>2\u00aa temporada de \u201cCasa de Davi\u201d estreia em mar\u00e7o no Prime Video - R\u00e1dio Porto Seguro<\/title>\n<meta name=\"robots\" content=\"index, follow, max-snippet:-1, max-image-preview:large, max-video-preview:-1\" \/>\n<link rel=\"canonical\" href=\"https:\/\/radioportoseguro.com.br\/site\/2026\/02\/22\/2a-temporada-de-casa-de-davi-estreia-em-marco-no-prime-video\/\" \/>\n<meta property=\"og:locale\" content=\"pt_BR\" \/>\n<meta property=\"og:type\" content=\"article\" \/>\n<meta property=\"og:title\" content=\"2\u00aa temporada de \u201cCasa de Davi\u201d estreia em mar\u00e7o no Prime Video - R\u00e1dio Porto Seguro\" \/>\n<meta property=\"og:description\" content=\"O Prime Video anunciou oficialmente a data de lan\u00e7amento da segunda temporada de \u201cCasa de Davi\u201d os novos epis\u00f3dios chegam \u00e0 plataforma em 27 de mar\u00e7o de 2026. Diferente do modelo adotado por muitas produ\u00e7\u00f5es, a s\u00e9rie ser\u00e1 disponibilizada com todos os epis\u00f3dios liberados na data da estreia. A estrat\u00e9gia marca uma mudan\u00e7a em rela\u00e7\u00e3o [&hellip;]\" \/>\n<meta property=\"og:url\" content=\"https:\/\/radioportoseguro.com.br\/site\/2026\/02\/22\/2a-temporada-de-casa-de-davi-estreia-em-marco-no-prime-video\/\" \/>\n<meta property=\"og:site_name\" content=\"R\u00e1dio Porto Seguro\" \/>\n<meta property=\"article:published_time\" content=\"2026-02-22T12:36:12+00:00\" \/>\n<meta property=\"og:image\" content=\"https:\/\/media.guiame.com.br\/archives\/2026\/02\/20\/1980625579-casa-de-davi.jpeg\" \/>\n<meta name=\"author\" content=\"admin\" \/>\n<meta name=\"twitter:card\" content=\"summary_large_image\" \/>\n<meta name=\"twitter:label1\" content=\"Escrito por\" \/>\n\t<meta name=\"twitter:data1\" content=\"admin\" \/>\n\t<meta name=\"twitter:label2\" content=\"Est. tempo de leitura\" \/>\n\t<meta name=\"twitter:data2\" content=\"2 minutos\" \/>\n<script type=\"application\/ld+json\" class=\"yoast-schema-graph\">{\"@context\":\"https:\/\/schema.org\",\"@graph\":[{\"@type\":\"Article\",\"@id\":\"https:\/\/radioportoseguro.com.br\/site\/2026\/02\/22\/2a-temporada-de-casa-de-davi-estreia-em-marco-no-prime-video\/#article\",\"isPartOf\":{\"@id\":\"https:\/\/radioportoseguro.com.br\/site\/2026\/02\/22\/2a-temporada-de-casa-de-davi-estreia-em-marco-no-prime-video\/\"},\"author\":{\"name\":\"admin\",\"@id\":\"https:\/\/radioportoseguro.com.br\/site\/#\/schema\/person\/7630acdc320186f13639d3c067ec089b\"},\"headline\":\"2\u00aa temporada de \u201cCasa de Davi\u201d estreia em mar\u00e7o no Prime Video\",\"datePublished\":\"2026-02-22T12:36:12+00:00\",\"mainEntityOfPage\":{\"@id\":\"https:\/\/radioportoseguro.com.br\/site\/2026\/02\/22\/2a-temporada-de-casa-de-davi-estreia-em-marco-no-prime-video\/\"},\"wordCount\":475,\"image\":{\"@id\":\"https:\/\/radioportoseguro.com.br\/site\/2026\/02\/22\/2a-temporada-de-casa-de-davi-estreia-em-marco-no-prime-video\/#primaryimage\"},\"thumbnailUrl\":\"https:\/\/radioportoseguro.com.br\/site\/wp-content\/uploads\/2026\/02\/1980625579-casa-de-davi.jpeg\",\"articleSection\":[\"Destaques\"],\"inLanguage\":\"pt-BR\"},{\"@type\":\"WebPage\",\"@id\":\"https:\/\/radioportoseguro.com.br\/site\/2026\/02\/22\/2a-temporada-de-casa-de-davi-estreia-em-marco-no-prime-video\/\",\"url\":\"https:\/\/radioportoseguro.com.br\/site\/2026\/02\/22\/2a-temporada-de-casa-de-davi-estreia-em-marco-no-prime-video\/\",\"name\":\"2\u00aa temporada de \u201cCasa de Davi\u201d estreia em mar\u00e7o no Prime Video - R\u00e1dio Porto Seguro\",\"isPartOf\":{\"@id\":\"https:\/\/radioportoseguro.com.br\/site\/#website\"},\"primaryImageOfPage\":{\"@id\":\"https:\/\/radioportoseguro.com.br\/site\/2026\/02\/22\/2a-temporada-de-casa-de-davi-estreia-em-marco-no-prime-video\/#primaryimage\"},\"image\":{\"@id\":\"https:\/\/radioportoseguro.com.br\/site\/2026\/02\/22\/2a-temporada-de-casa-de-davi-estreia-em-marco-no-prime-video\/#primaryimage\"},\"thumbnailUrl\":\"https:\/\/radioportoseguro.com.br\/site\/wp-content\/uploads\/2026\/02\/1980625579-casa-de-davi.jpeg\",\"datePublished\":\"2026-02-22T12:36:12+00:00\",\"author\":{\"@id\":\"https:\/\/radioportoseguro.com.br\/site\/#\/schema\/person\/7630acdc320186f13639d3c067ec089b\"},\"breadcrumb\":{\"@id\":\"https:\/\/radioportoseguro.com.br\/site\/2026\/02\/22\/2a-temporada-de-casa-de-davi-estreia-em-marco-no-prime-video\/#breadcrumb\"},\"inLanguage\":\"pt-BR\",\"potentialAction\":[{\"@type\":\"ReadAction\",\"target\":[\"https:\/\/radioportoseguro.com.br\/site\/2026\/02\/22\/2a-temporada-de-casa-de-davi-estreia-em-marco-no-prime-video\/\"]}]},{\"@type\":\"ImageObject\",\"inLanguage\":\"pt-BR\",\"@id\":\"https:\/\/radioportoseguro.com.br\/site\/2026\/02\/22\/2a-temporada-de-casa-de-davi-estreia-em-marco-no-prime-video\/#primaryimage\",\"url\":\"https:\/\/radioportoseguro.com.br\/site\/wp-content\/uploads\/2026\/02\/1980625579-casa-de-davi.jpeg\",\"contentUrl\":\"https:\/\/radioportoseguro.com.br\/site\/wp-content\/uploads\/2026\/02\/1980625579-casa-de-davi.jpeg\",\"width\":1200,\"height\":600},{\"@type\":\"BreadcrumbList\",\"@id\":\"https:\/\/radioportoseguro.com.br\/site\/2026\/02\/22\/2a-temporada-de-casa-de-davi-estreia-em-marco-no-prime-video\/#breadcrumb\",\"itemListElement\":[{\"@type\":\"ListItem\",\"position\":1,\"name\":\"In\u00edcio\",\"item\":\"https:\/\/radioportoseguro.com.br\/site\/\"},{\"@type\":\"ListItem\",\"position\":2,\"name\":\"2\u00aa temporada de \u201cCasa de Davi\u201d estreia em mar\u00e7o no Prime Video\"}]},{\"@type\":\"WebSite\",\"@id\":\"https:\/\/radioportoseguro.com.br\/site\/#website\",\"url\":\"https:\/\/radioportoseguro.com.br\/site\/\",\"name\":\"R\u00e1dio Porto Seguro\",\"description\":\"\",\"potentialAction\":[{\"@type\":\"SearchAction\",\"target\":{\"@type\":\"EntryPoint\",\"urlTemplate\":\"https:\/\/radioportoseguro.com.br\/site\/?s={search_term_string}\"},\"query-input\":{\"@type\":\"PropertyValueSpecification\",\"valueRequired\":true,\"valueName\":\"search_term_string\"}}],\"inLanguage\":\"pt-BR\"},{\"@type\":\"Person\",\"@id\":\"https:\/\/radioportoseguro.com.br\/site\/#\/schema\/person\/7630acdc320186f13639d3c067ec089b\",\"name\":\"admin\",\"image\":{\"@type\":\"ImageObject\",\"inLanguage\":\"pt-BR\",\"@id\":\"https:\/\/radioportoseguro.com.br\/site\/#\/schema\/person\/image\/\",\"url\":\"https:\/\/secure.gravatar.com\/avatar\/caacf4dc1eedb68fab0df8e1ed46c448e578b2466351bbcb61e47d2ac0caaef0?s=96&d=mm&r=g\",\"contentUrl\":\"https:\/\/secure.gravatar.com\/avatar\/caacf4dc1eedb68fab0df8e1ed46c448e578b2466351bbcb61e47d2ac0caaef0?s=96&d=mm&r=g\",\"caption\":\"admin\"},\"sameAs\":[\"https:\/\/radioportoseguro.com.br\/site\"],\"url\":\"https:\/\/radioportoseguro.com.br\/site\/author\/hezio\/\"}]}<\/script>\n<!-- \/ Yoast SEO plugin. -->","yoast_head_json":{"title":"2\u00aa temporada de \u201cCasa de Davi\u201d estreia em mar\u00e7o no Prime Video - R\u00e1dio Porto Seguro","robots":{"index":"index","follow":"follow","max-snippet":"max-snippet:-1","max-image-preview":"max-image-preview:large","max-video-preview":"max-video-preview:-1"},"canonical":"https:\/\/radioportoseguro.com.br\/site\/2026\/02\/22\/2a-temporada-de-casa-de-davi-estreia-em-marco-no-prime-video\/","og_locale":"pt_BR","og_type":"article","og_title":"2\u00aa temporada de \u201cCasa de Davi\u201d estreia em mar\u00e7o no Prime Video - R\u00e1dio Porto Seguro","og_description":"O Prime Video anunciou oficialmente a data de lan\u00e7amento da segunda temporada de \u201cCasa de Davi\u201d os novos epis\u00f3dios chegam \u00e0 plataforma em 27 de mar\u00e7o de 2026. Diferente do modelo adotado por muitas produ\u00e7\u00f5es, a s\u00e9rie ser\u00e1 disponibilizada com todos os epis\u00f3dios liberados na data da estreia. A estrat\u00e9gia marca uma mudan\u00e7a em rela\u00e7\u00e3o [&hellip;]","og_url":"https:\/\/radioportoseguro.com.br\/site\/2026\/02\/22\/2a-temporada-de-casa-de-davi-estreia-em-marco-no-prime-video\/","og_site_name":"R\u00e1dio Porto Seguro","article_published_time":"2026-02-22T12:36:12+00:00","og_image":[{"url":"https:\/\/media.guiame.com.br\/archives\/2026\/02\/20\/1980625579-casa-de-davi.jpeg","type":"","width":"","height":""}],"author":"admin","twitter_card":"summary_large_image","twitter_misc":{"Escrito por":"admin","Est. tempo de leitura":"2 minutos"},"schema":{"@context":"https:\/\/schema.org","@graph":[{"@type":"Article","@id":"https:\/\/radioportoseguro.com.br\/site\/2026\/02\/22\/2a-temporada-de-casa-de-davi-estreia-em-marco-no-prime-video\/#article","isPartOf":{"@id":"https:\/\/radioportoseguro.com.br\/site\/2026\/02\/22\/2a-temporada-de-casa-de-davi-estreia-em-marco-no-prime-video\/"},"author":{"name":"admin","@id":"https:\/\/radioportoseguro.com.br\/site\/#\/schema\/person\/7630acdc320186f13639d3c067ec089b"},"headline":"2\u00aa temporada de \u201cCasa de Davi\u201d estreia em mar\u00e7o no Prime Video","datePublished":"2026-02-22T12:36:12+00:00","mainEntityOfPage":{"@id":"https:\/\/radioportoseguro.com.br\/site\/2026\/02\/22\/2a-temporada-de-casa-de-davi-estreia-em-marco-no-prime-video\/"},"wordCount":475,"image":{"@id":"https:\/\/radioportoseguro.com.br\/site\/2026\/02\/22\/2a-temporada-de-casa-de-davi-estreia-em-marco-no-prime-video\/#primaryimage"},"thumbnailUrl":"https:\/\/radioportoseguro.com.br\/site\/wp-content\/uploads\/2026\/02\/1980625579-casa-de-davi.jpeg","articleSection":["Destaques"],"inLanguage":"pt-BR"},{"@type":"WebPage","@id":"https:\/\/radioportoseguro.com.br\/site\/2026\/02\/22\/2a-temporada-de-casa-de-davi-estreia-em-marco-no-prime-video\/","url":"https:\/\/radioportoseguro.com.br\/site\/2026\/02\/22\/2a-temporada-de-casa-de-davi-estreia-em-marco-no-prime-video\/","name":"2\u00aa temporada de \u201cCasa de Davi\u201d estreia em mar\u00e7o no Prime Video - R\u00e1dio Porto Seguro","isPartOf":{"@id":"https:\/\/radioportoseguro.com.br\/site\/#website"},"primaryImageOfPage":{"@id":"https:\/\/radioportoseguro.com.br\/site\/2026\/02\/22\/2a-temporada-de-casa-de-davi-estreia-em-marco-no-prime-video\/#primaryimage"},"image":{"@id":"https:\/\/radioportoseguro.com.br\/site\/2026\/02\/22\/2a-temporada-de-casa-de-davi-estreia-em-marco-no-prime-video\/#primaryimage"},"thumbnailUrl":"https:\/\/radioportoseguro.com.br\/site\/wp-content\/uploads\/2026\/02\/1980625579-casa-de-davi.jpeg","datePublished":"2026-02-22T12:36:12+00:00","author":{"@id":"https:\/\/radioportoseguro.com.br\/site\/#\/schema\/person\/7630acdc320186f13639d3c067ec089b"},"breadcrumb":{"@id":"https:\/\/radioportoseguro.com.br\/site\/2026\/02\/22\/2a-temporada-de-casa-de-davi-estreia-em-marco-no-prime-video\/#breadcrumb"},"inLanguage":"pt-BR","potentialAction":[{"@type":"ReadAction","target":["https:\/\/radioportoseguro.com.br\/site\/2026\/02\/22\/2a-temporada-de-casa-de-davi-estreia-em-marco-no-prime-video\/"]}]},{"@type":"ImageObject","inLanguage":"pt-BR","@id":"https:\/\/radioportoseguro.com.br\/site\/2026\/02\/22\/2a-temporada-de-casa-de-davi-estreia-em-marco-no-prime-video\/#primaryimage","url":"https:\/\/radioportoseguro.com.br\/site\/wp-content\/uploads\/2026\/02\/1980625579-casa-de-davi.jpeg","contentUrl":"https:\/\/radioportoseguro.com.br\/site\/wp-content\/uploads\/2026\/02\/1980625579-casa-de-davi.jpeg","width":1200,"height":600},{"@type":"BreadcrumbList","@id":"https:\/\/radioportoseguro.com.br\/site\/2026\/02\/22\/2a-temporada-de-casa-de-davi-estreia-em-marco-no-prime-video\/#breadcrumb","itemListElement":[{"@type":"ListItem","position":1,"name":"In\u00edcio","item":"https:\/\/radioportoseguro.com.br\/site\/"},{"@type":"ListItem","position":2,"name":"2\u00aa temporada de \u201cCasa de Davi\u201d estreia em mar\u00e7o no Prime Video"}]},{"@type":"WebSite","@id":"https:\/\/radioportoseguro.com.br\/site\/#website","url":"https:\/\/radioportoseguro.com.br\/site\/","name":"R\u00e1dio Porto Seguro","description":"","potentialAction":[{"@type":"SearchAction","target":{"@type":"EntryPoint","urlTemplate":"https:\/\/radioportoseguro.com.br\/site\/?s={search_term_string}"},"query-input":{"@type":"PropertyValueSpecification","valueRequired":true,"valueName":"search_term_string"}}],"inLanguage":"pt-BR"},{"@type":"Person","@id":"https:\/\/radioportoseguro.com.br\/site\/#\/schema\/person\/7630acdc320186f13639d3c067ec089b","name":"admin","image":{"@type":"ImageObject","inLanguage":"pt-BR","@id":"https:\/\/radioportoseguro.com.br\/site\/#\/schema\/person\/image\/","url":"https:\/\/secure.gravatar.com\/avatar\/caacf4dc1eedb68fab0df8e1ed46c448e578b2466351bbcb61e47d2ac0caaef0?s=96&d=mm&r=g","contentUrl":"https:\/\/secure.gravatar.com\/avatar\/caacf4dc1eedb68fab0df8e1ed46c448e578b2466351bbcb61e47d2ac0caaef0?s=96&d=mm&r=g","caption":"admin"},"sameAs":["https:\/\/radioportoseguro.com.br\/site"],"url":"https:\/\/radioportoseguro.com.br\/site\/author\/hezio\/"}]}},"_links":{"self":[{"href":"https:\/\/radioportoseguro.com.br\/site\/wp-json\/wp\/v2\/posts\/4277","targetHints":{"allow":["GET"]}}],"collection":[{"href":"https:\/\/radioportoseguro.com.br\/site\/wp-json\/wp\/v2\/posts"}],"about":[{"href":"https:\/\/radioportoseguro.com.br\/site\/wp-json\/wp\/v2\/types\/post"}],"author":[{"embeddable":true,"href":"https:\/\/radioportoseguro.com.br\/site\/wp-json\/wp\/v2\/users\/1"}],"replies":[{"embeddable":true,"href":"https:\/\/radioportoseguro.com.br\/site\/wp-json\/wp\/v2\/comments?post=4277"}],"version-history":[{"count":0,"href":"https:\/\/radioportoseguro.com.br\/site\/wp-json\/wp\/v2\/posts\/4277\/revisions"}],"wp:featuredmedia":[{"embeddable":true,"href":"https:\/\/radioportoseguro.com.br\/site\/wp-json\/wp\/v2\/media\/4278"}],"wp:attachment":[{"href":"https:\/\/radioportoseguro.com.br\/site\/wp-json\/wp\/v2\/media?parent=4277"}],"wp:term":[{"taxonomy":"category","embeddable":true,"href":"https:\/\/radioportoseguro.com.br\/site\/wp-json\/wp\/v2\/categories?post=4277"},{"taxonomy":"post_tag","embeddable":true,"href":"https:\/\/radioportoseguro.com.br\/site\/wp-json\/wp\/v2\/tags?post=4277"}],"curies":[{"name":"wp","href":"https:\/\/api.w.org\/{rel}","templated":true}]}}