{"id":4285,"date":"2026-02-22T13:39:09","date_gmt":"2026-02-22T16:39:09","guid":{"rendered":"https:\/\/radioportoseguro.com.br\/site\/2026\/02\/22\/pelo-menos-20-cristaos-sao-presos-por-seguirem-jesus-no-iemen\/"},"modified":"2026-02-22T13:39:09","modified_gmt":"2026-02-22T16:39:09","slug":"pelo-menos-20-cristaos-sao-presos-por-seguirem-jesus-no-iemen","status":"publish","type":"post","link":"https:\/\/radioportoseguro.com.br\/site\/2026\/02\/22\/pelo-menos-20-cristaos-sao-presos-por-seguirem-jesus-no-iemen\/","title":{"rendered":"Pelo menos 20 crist\u00e3os s\u00e3o presos por seguirem Jesus no I\u00eamen"},"content":{"rendered":"<p><br \/>\n<br \/><\/p>\n<div>\n<p><span style=\"font-weight: 400;\">Pelo menos 20 crist\u00e3os foram presos pelas autoridades no <\/span><span style=\"color: #800000;\"><strong>I\u00eamen<\/strong><\/span><span style=\"font-weight: 400;\">, nos \u00faltimos meses, segundo a International Christian Concern (ICC), uma organiza\u00e7\u00e3o que monitora a persegui\u00e7\u00e3o.<\/span><\/p>\n<p><span style=\"font-weight: 400;\">Os iemenitas crist\u00e3os foram capturados de suas casas ou nas ruas e detidos por seguirem Jesus. Eles correm risco de serem torturados ou mortos na pris\u00e3o.<\/span><\/p>\n<p><span style=\"font-weight: 400;\">O n\u00famero exato de crentes presos \u00e9 dif\u00edcil de verificar devido ao regime fechado do pa\u00eds \u00e1rabe, mas a Human Rights Watch e minist\u00e9rios em contato com crist\u00e3os no I\u00eamen confirmaram que alguns est\u00e3o sendo mantidos em <\/span><span style=\"color: #800000;\"><strong>pris\u00f5es<\/strong><\/span><span style=\"font-weight: 400;\"> administradas pelos <\/span><span style=\"color: #800000;\"><strong>Houthis<\/strong><\/span><span style=\"font-weight: 400;\">, enquanto outros est\u00e3o desaparecidos.<\/span><\/p>\n<p><span style=\"font-weight: 400;\">Os Houthis \u00e9 um grupo terrorista que atua no Noroeste do I\u00eamen. Seu slogan \u00e9 \u201cMorte \u00e0 Am\u00e9rica, Morte a Israel, amaldi\u00e7oe os Judeus e vit\u00f3ria ao Isl\u00e3\u201d.<\/span><\/p>\n<p><span style=\"font-weight: 400;\">No pa\u00eds mu\u00e7ulmano, \u00e9 proibido por lei seguir outras religi\u00f5es que n\u00e3o seja o Isl\u00e3 e igrejas n\u00e3o s\u00e3o permitidas.<\/span><\/p>\n<p><span style=\"font-weight: 400;\">A Igreja iemenita \u00e9 formada principalmente por ex-mu\u00e7ulmanos, que s\u00e3o obrigados a viverem a f\u00e9 em segredo. Os crentes se re\u00fanem secretamente e caso sejam descobertos correm o risco de morte.<\/span><\/p>\n<p><strong>Crescimento em meio a persegui\u00e7\u00e3o<\/strong><\/p>\n<p><span style=\"font-weight: 400;\">Para a International Christian Concern, as recentes pris\u00f5es de dezenas de crist\u00e3os \u00e9 um sinal de que o Evangelho est\u00e1 avan\u00e7ando e mais iemenitas est\u00e3o se convertendo, mesmo em meio a persegui\u00e7\u00e3o extrema.<\/span><\/p>\n<p><span style=\"font-weight: 400;\">A Miss\u00e3o Portas Abertas tamb\u00e9m registrou o crescimento da f\u00e9 crist\u00e3 no pa\u00eds. \u201cDeus est\u00e1 abrindo portas, muitas pessoas est\u00e3o interessadas e querem aprender mais sobre Jesus. Quando me encontro com elas, tento fazer isso em locais p\u00fablicos para evitar quaisquer problemas de seguran\u00e7a\u201d, disse Khaled*, um ieminita que conheceu Jesus atrav\u00e9s de um canal no YouTube.<\/span><\/p>\n<p><span style=\"font-weight: 400;\">O I\u00eamen enfrenta uma das piores crises humanit\u00e1rias do mundo e a comunidade crist\u00e3 \u00e9 a mais vulner\u00e1vel. A ajuda humanit\u00e1ria geralmente \u00e9 distribu\u00edda pelas mesquitas, que discriminam aqueles que n\u00e3o s\u00e3o mu\u00e7ulmanos devotos.<\/span><\/p>\n<p><span style=\"font-weight: 400;\">Al\u00e9m disso, houve um aumento no discurso anticrist\u00e3o no pa\u00eds, causado por propagandas de terroristas na m\u00eddia.<\/span><\/p>\n<p><span style=\"font-weight: 400;\">O I\u00eamen ocupa o 3\u00b0 lugar na Lista Mundial da Persegui\u00e7\u00e3o 2026 da Portas Abertas de pa\u00edses mais dif\u00edceis para ser crist\u00e3o.<\/span><\/p>\n<\/div>\n<p><br \/>\n<br \/>Fonte: Guiame <\/p>\n","protected":false},"excerpt":{"rendered":"<p>Pelo menos 20 crist\u00e3os foram presos pelas autoridades no I\u00eamen, nos \u00faltimos meses, segundo a International Christian Concern (ICC), uma organiza\u00e7\u00e3o que monitora a persegui\u00e7\u00e3o. Os iemenitas crist\u00e3os foram capturados de suas casas ou nas ruas e detidos por seguirem Jesus. Eles correm risco de serem torturados ou mortos na pris\u00e3o. O n\u00famero exato de [&hellip;]<\/p>\n","protected":false},"author":1,"featured_media":4286,"comment_status":"","ping_status":"open","sticky":false,"template":"","format":"standard","meta":{"footnotes":""},"categories":[43],"tags":[],"class_list":["post-4285","post","type-post","status-publish","format-standard","has-post-thumbnail","hentry","category-destaques"],"yoast_head":"<!-- This site is optimized with the Yoast SEO plugin v26.8 - https:\/\/yoast.com\/product\/yoast-seo-wordpress\/ -->\n<title>Pelo menos 20 crist\u00e3os s\u00e3o presos por seguirem Jesus no I\u00eamen - R\u00e1dio Porto Seguro<\/title>\n<meta name=\"robots\" content=\"index, follow, max-snippet:-1, max-image-preview:large, max-video-preview:-1\" \/>\n<link rel=\"canonical\" href=\"https:\/\/radioportoseguro.com.br\/site\/2026\/02\/22\/pelo-menos-20-cristaos-sao-presos-por-seguirem-jesus-no-iemen\/\" \/>\n<meta property=\"og:locale\" content=\"pt_BR\" \/>\n<meta property=\"og:type\" content=\"article\" \/>\n<meta property=\"og:title\" content=\"Pelo menos 20 crist\u00e3os s\u00e3o presos por seguirem Jesus no I\u00eamen - R\u00e1dio Porto Seguro\" \/>\n<meta property=\"og:description\" content=\"Pelo menos 20 crist\u00e3os foram presos pelas autoridades no I\u00eamen, nos \u00faltimos meses, segundo a International Christian Concern (ICC), uma organiza\u00e7\u00e3o que monitora a persegui\u00e7\u00e3o. Os iemenitas crist\u00e3os foram capturados de suas casas ou nas ruas e detidos por seguirem Jesus. Eles correm risco de serem torturados ou mortos na pris\u00e3o. O n\u00famero exato de [&hellip;]\" \/>\n<meta property=\"og:url\" content=\"https:\/\/radioportoseguro.com.br\/site\/2026\/02\/22\/pelo-menos-20-cristaos-sao-presos-por-seguirem-jesus-no-iemen\/\" \/>\n<meta property=\"og:site_name\" content=\"R\u00e1dio Porto Seguro\" \/>\n<meta property=\"article:published_time\" content=\"2026-02-22T16:39:09+00:00\" \/>\n<meta property=\"og:image\" content=\"https:\/\/media.guiame.com.br\/archives\/2026\/02\/20\/3350830283-prisao.JPG\" \/>\n<meta name=\"author\" content=\"admin\" \/>\n<meta name=\"twitter:card\" content=\"summary_large_image\" \/>\n<meta name=\"twitter:label1\" content=\"Escrito por\" \/>\n\t<meta name=\"twitter:data1\" content=\"admin\" \/>\n\t<meta name=\"twitter:label2\" content=\"Est. tempo de leitura\" \/>\n\t<meta name=\"twitter:data2\" content=\"2 minutos\" \/>\n<script type=\"application\/ld+json\" class=\"yoast-schema-graph\">{\"@context\":\"https:\/\/schema.org\",\"@graph\":[{\"@type\":\"Article\",\"@id\":\"https:\/\/radioportoseguro.com.br\/site\/2026\/02\/22\/pelo-menos-20-cristaos-sao-presos-por-seguirem-jesus-no-iemen\/#article\",\"isPartOf\":{\"@id\":\"https:\/\/radioportoseguro.com.br\/site\/2026\/02\/22\/pelo-menos-20-cristaos-sao-presos-por-seguirem-jesus-no-iemen\/\"},\"author\":{\"name\":\"admin\",\"@id\":\"https:\/\/radioportoseguro.com.br\/site\/#\/schema\/person\/7630acdc320186f13639d3c067ec089b\"},\"headline\":\"Pelo menos 20 crist\u00e3os s\u00e3o presos por seguirem Jesus no I\u00eamen\",\"datePublished\":\"2026-02-22T16:39:09+00:00\",\"mainEntityOfPage\":{\"@id\":\"https:\/\/radioportoseguro.com.br\/site\/2026\/02\/22\/pelo-menos-20-cristaos-sao-presos-por-seguirem-jesus-no-iemen\/\"},\"wordCount\":406,\"image\":{\"@id\":\"https:\/\/radioportoseguro.com.br\/site\/2026\/02\/22\/pelo-menos-20-cristaos-sao-presos-por-seguirem-jesus-no-iemen\/#primaryimage\"},\"thumbnailUrl\":\"https:\/\/radioportoseguro.com.br\/site\/wp-content\/uploads\/2026\/02\/3350830283-prisao.JPG\",\"articleSection\":[\"Destaques\"],\"inLanguage\":\"pt-BR\"},{\"@type\":\"WebPage\",\"@id\":\"https:\/\/radioportoseguro.com.br\/site\/2026\/02\/22\/pelo-menos-20-cristaos-sao-presos-por-seguirem-jesus-no-iemen\/\",\"url\":\"https:\/\/radioportoseguro.com.br\/site\/2026\/02\/22\/pelo-menos-20-cristaos-sao-presos-por-seguirem-jesus-no-iemen\/\",\"name\":\"Pelo menos 20 crist\u00e3os s\u00e3o presos por seguirem Jesus no I\u00eamen - R\u00e1dio Porto Seguro\",\"isPartOf\":{\"@id\":\"https:\/\/radioportoseguro.com.br\/site\/#website\"},\"primaryImageOfPage\":{\"@id\":\"https:\/\/radioportoseguro.com.br\/site\/2026\/02\/22\/pelo-menos-20-cristaos-sao-presos-por-seguirem-jesus-no-iemen\/#primaryimage\"},\"image\":{\"@id\":\"https:\/\/radioportoseguro.com.br\/site\/2026\/02\/22\/pelo-menos-20-cristaos-sao-presos-por-seguirem-jesus-no-iemen\/#primaryimage\"},\"thumbnailUrl\":\"https:\/\/radioportoseguro.com.br\/site\/wp-content\/uploads\/2026\/02\/3350830283-prisao.JPG\",\"datePublished\":\"2026-02-22T16:39:09+00:00\",\"author\":{\"@id\":\"https:\/\/radioportoseguro.com.br\/site\/#\/schema\/person\/7630acdc320186f13639d3c067ec089b\"},\"breadcrumb\":{\"@id\":\"https:\/\/radioportoseguro.com.br\/site\/2026\/02\/22\/pelo-menos-20-cristaos-sao-presos-por-seguirem-jesus-no-iemen\/#breadcrumb\"},\"inLanguage\":\"pt-BR\",\"potentialAction\":[{\"@type\":\"ReadAction\",\"target\":[\"https:\/\/radioportoseguro.com.br\/site\/2026\/02\/22\/pelo-menos-20-cristaos-sao-presos-por-seguirem-jesus-no-iemen\/\"]}]},{\"@type\":\"ImageObject\",\"inLanguage\":\"pt-BR\",\"@id\":\"https:\/\/radioportoseguro.com.br\/site\/2026\/02\/22\/pelo-menos-20-cristaos-sao-presos-por-seguirem-jesus-no-iemen\/#primaryimage\",\"url\":\"https:\/\/radioportoseguro.com.br\/site\/wp-content\/uploads\/2026\/02\/3350830283-prisao.JPG\",\"contentUrl\":\"https:\/\/radioportoseguro.com.br\/site\/wp-content\/uploads\/2026\/02\/3350830283-prisao.JPG\",\"width\":1200,\"height\":600},{\"@type\":\"BreadcrumbList\",\"@id\":\"https:\/\/radioportoseguro.com.br\/site\/2026\/02\/22\/pelo-menos-20-cristaos-sao-presos-por-seguirem-jesus-no-iemen\/#breadcrumb\",\"itemListElement\":[{\"@type\":\"ListItem\",\"position\":1,\"name\":\"In\u00edcio\",\"item\":\"https:\/\/radioportoseguro.com.br\/site\/\"},{\"@type\":\"ListItem\",\"position\":2,\"name\":\"Pelo menos 20 crist\u00e3os s\u00e3o presos por seguirem Jesus no I\u00eamen\"}]},{\"@type\":\"WebSite\",\"@id\":\"https:\/\/radioportoseguro.com.br\/site\/#website\",\"url\":\"https:\/\/radioportoseguro.com.br\/site\/\",\"name\":\"R\u00e1dio Porto Seguro\",\"description\":\"\",\"potentialAction\":[{\"@type\":\"SearchAction\",\"target\":{\"@type\":\"EntryPoint\",\"urlTemplate\":\"https:\/\/radioportoseguro.com.br\/site\/?s={search_term_string}\"},\"query-input\":{\"@type\":\"PropertyValueSpecification\",\"valueRequired\":true,\"valueName\":\"search_term_string\"}}],\"inLanguage\":\"pt-BR\"},{\"@type\":\"Person\",\"@id\":\"https:\/\/radioportoseguro.com.br\/site\/#\/schema\/person\/7630acdc320186f13639d3c067ec089b\",\"name\":\"admin\",\"image\":{\"@type\":\"ImageObject\",\"inLanguage\":\"pt-BR\",\"@id\":\"https:\/\/radioportoseguro.com.br\/site\/#\/schema\/person\/image\/\",\"url\":\"https:\/\/secure.gravatar.com\/avatar\/caacf4dc1eedb68fab0df8e1ed46c448e578b2466351bbcb61e47d2ac0caaef0?s=96&d=mm&r=g\",\"contentUrl\":\"https:\/\/secure.gravatar.com\/avatar\/caacf4dc1eedb68fab0df8e1ed46c448e578b2466351bbcb61e47d2ac0caaef0?s=96&d=mm&r=g\",\"caption\":\"admin\"},\"sameAs\":[\"https:\/\/radioportoseguro.com.br\/site\"],\"url\":\"https:\/\/radioportoseguro.com.br\/site\/author\/hezio\/\"}]}<\/script>\n<!-- \/ Yoast SEO plugin. -->","yoast_head_json":{"title":"Pelo menos 20 crist\u00e3os s\u00e3o presos por seguirem Jesus no I\u00eamen - R\u00e1dio Porto Seguro","robots":{"index":"index","follow":"follow","max-snippet":"max-snippet:-1","max-image-preview":"max-image-preview:large","max-video-preview":"max-video-preview:-1"},"canonical":"https:\/\/radioportoseguro.com.br\/site\/2026\/02\/22\/pelo-menos-20-cristaos-sao-presos-por-seguirem-jesus-no-iemen\/","og_locale":"pt_BR","og_type":"article","og_title":"Pelo menos 20 crist\u00e3os s\u00e3o presos por seguirem Jesus no I\u00eamen - R\u00e1dio Porto Seguro","og_description":"Pelo menos 20 crist\u00e3os foram presos pelas autoridades no I\u00eamen, nos \u00faltimos meses, segundo a International Christian Concern (ICC), uma organiza\u00e7\u00e3o que monitora a persegui\u00e7\u00e3o. Os iemenitas crist\u00e3os foram capturados de suas casas ou nas ruas e detidos por seguirem Jesus. Eles correm risco de serem torturados ou mortos na pris\u00e3o. O n\u00famero exato de [&hellip;]","og_url":"https:\/\/radioportoseguro.com.br\/site\/2026\/02\/22\/pelo-menos-20-cristaos-sao-presos-por-seguirem-jesus-no-iemen\/","og_site_name":"R\u00e1dio Porto Seguro","article_published_time":"2026-02-22T16:39:09+00:00","og_image":[{"url":"https:\/\/media.guiame.com.br\/archives\/2026\/02\/20\/3350830283-prisao.JPG","type":"","width":"","height":""}],"author":"admin","twitter_card":"summary_large_image","twitter_misc":{"Escrito por":"admin","Est. tempo de leitura":"2 minutos"},"schema":{"@context":"https:\/\/schema.org","@graph":[{"@type":"Article","@id":"https:\/\/radioportoseguro.com.br\/site\/2026\/02\/22\/pelo-menos-20-cristaos-sao-presos-por-seguirem-jesus-no-iemen\/#article","isPartOf":{"@id":"https:\/\/radioportoseguro.com.br\/site\/2026\/02\/22\/pelo-menos-20-cristaos-sao-presos-por-seguirem-jesus-no-iemen\/"},"author":{"name":"admin","@id":"https:\/\/radioportoseguro.com.br\/site\/#\/schema\/person\/7630acdc320186f13639d3c067ec089b"},"headline":"Pelo menos 20 crist\u00e3os s\u00e3o presos por seguirem Jesus no I\u00eamen","datePublished":"2026-02-22T16:39:09+00:00","mainEntityOfPage":{"@id":"https:\/\/radioportoseguro.com.br\/site\/2026\/02\/22\/pelo-menos-20-cristaos-sao-presos-por-seguirem-jesus-no-iemen\/"},"wordCount":406,"image":{"@id":"https:\/\/radioportoseguro.com.br\/site\/2026\/02\/22\/pelo-menos-20-cristaos-sao-presos-por-seguirem-jesus-no-iemen\/#primaryimage"},"thumbnailUrl":"https:\/\/radioportoseguro.com.br\/site\/wp-content\/uploads\/2026\/02\/3350830283-prisao.JPG","articleSection":["Destaques"],"inLanguage":"pt-BR"},{"@type":"WebPage","@id":"https:\/\/radioportoseguro.com.br\/site\/2026\/02\/22\/pelo-menos-20-cristaos-sao-presos-por-seguirem-jesus-no-iemen\/","url":"https:\/\/radioportoseguro.com.br\/site\/2026\/02\/22\/pelo-menos-20-cristaos-sao-presos-por-seguirem-jesus-no-iemen\/","name":"Pelo menos 20 crist\u00e3os s\u00e3o presos por seguirem Jesus no I\u00eamen - R\u00e1dio Porto Seguro","isPartOf":{"@id":"https:\/\/radioportoseguro.com.br\/site\/#website"},"primaryImageOfPage":{"@id":"https:\/\/radioportoseguro.com.br\/site\/2026\/02\/22\/pelo-menos-20-cristaos-sao-presos-por-seguirem-jesus-no-iemen\/#primaryimage"},"image":{"@id":"https:\/\/radioportoseguro.com.br\/site\/2026\/02\/22\/pelo-menos-20-cristaos-sao-presos-por-seguirem-jesus-no-iemen\/#primaryimage"},"thumbnailUrl":"https:\/\/radioportoseguro.com.br\/site\/wp-content\/uploads\/2026\/02\/3350830283-prisao.JPG","datePublished":"2026-02-22T16:39:09+00:00","author":{"@id":"https:\/\/radioportoseguro.com.br\/site\/#\/schema\/person\/7630acdc320186f13639d3c067ec089b"},"breadcrumb":{"@id":"https:\/\/radioportoseguro.com.br\/site\/2026\/02\/22\/pelo-menos-20-cristaos-sao-presos-por-seguirem-jesus-no-iemen\/#breadcrumb"},"inLanguage":"pt-BR","potentialAction":[{"@type":"ReadAction","target":["https:\/\/radioportoseguro.com.br\/site\/2026\/02\/22\/pelo-menos-20-cristaos-sao-presos-por-seguirem-jesus-no-iemen\/"]}]},{"@type":"ImageObject","inLanguage":"pt-BR","@id":"https:\/\/radioportoseguro.com.br\/site\/2026\/02\/22\/pelo-menos-20-cristaos-sao-presos-por-seguirem-jesus-no-iemen\/#primaryimage","url":"https:\/\/radioportoseguro.com.br\/site\/wp-content\/uploads\/2026\/02\/3350830283-prisao.JPG","contentUrl":"https:\/\/radioportoseguro.com.br\/site\/wp-content\/uploads\/2026\/02\/3350830283-prisao.JPG","width":1200,"height":600},{"@type":"BreadcrumbList","@id":"https:\/\/radioportoseguro.com.br\/site\/2026\/02\/22\/pelo-menos-20-cristaos-sao-presos-por-seguirem-jesus-no-iemen\/#breadcrumb","itemListElement":[{"@type":"ListItem","position":1,"name":"In\u00edcio","item":"https:\/\/radioportoseguro.com.br\/site\/"},{"@type":"ListItem","position":2,"name":"Pelo menos 20 crist\u00e3os s\u00e3o presos por seguirem Jesus no I\u00eamen"}]},{"@type":"WebSite","@id":"https:\/\/radioportoseguro.com.br\/site\/#website","url":"https:\/\/radioportoseguro.com.br\/site\/","name":"R\u00e1dio Porto Seguro","description":"","potentialAction":[{"@type":"SearchAction","target":{"@type":"EntryPoint","urlTemplate":"https:\/\/radioportoseguro.com.br\/site\/?s={search_term_string}"},"query-input":{"@type":"PropertyValueSpecification","valueRequired":true,"valueName":"search_term_string"}}],"inLanguage":"pt-BR"},{"@type":"Person","@id":"https:\/\/radioportoseguro.com.br\/site\/#\/schema\/person\/7630acdc320186f13639d3c067ec089b","name":"admin","image":{"@type":"ImageObject","inLanguage":"pt-BR","@id":"https:\/\/radioportoseguro.com.br\/site\/#\/schema\/person\/image\/","url":"https:\/\/secure.gravatar.com\/avatar\/caacf4dc1eedb68fab0df8e1ed46c448e578b2466351bbcb61e47d2ac0caaef0?s=96&d=mm&r=g","contentUrl":"https:\/\/secure.gravatar.com\/avatar\/caacf4dc1eedb68fab0df8e1ed46c448e578b2466351bbcb61e47d2ac0caaef0?s=96&d=mm&r=g","caption":"admin"},"sameAs":["https:\/\/radioportoseguro.com.br\/site"],"url":"https:\/\/radioportoseguro.com.br\/site\/author\/hezio\/"}]}},"_links":{"self":[{"href":"https:\/\/radioportoseguro.com.br\/site\/wp-json\/wp\/v2\/posts\/4285","targetHints":{"allow":["GET"]}}],"collection":[{"href":"https:\/\/radioportoseguro.com.br\/site\/wp-json\/wp\/v2\/posts"}],"about":[{"href":"https:\/\/radioportoseguro.com.br\/site\/wp-json\/wp\/v2\/types\/post"}],"author":[{"embeddable":true,"href":"https:\/\/radioportoseguro.com.br\/site\/wp-json\/wp\/v2\/users\/1"}],"replies":[{"embeddable":true,"href":"https:\/\/radioportoseguro.com.br\/site\/wp-json\/wp\/v2\/comments?post=4285"}],"version-history":[{"count":0,"href":"https:\/\/radioportoseguro.com.br\/site\/wp-json\/wp\/v2\/posts\/4285\/revisions"}],"wp:featuredmedia":[{"embeddable":true,"href":"https:\/\/radioportoseguro.com.br\/site\/wp-json\/wp\/v2\/media\/4286"}],"wp:attachment":[{"href":"https:\/\/radioportoseguro.com.br\/site\/wp-json\/wp\/v2\/media?parent=4285"}],"wp:term":[{"taxonomy":"category","embeddable":true,"href":"https:\/\/radioportoseguro.com.br\/site\/wp-json\/wp\/v2\/categories?post=4285"},{"taxonomy":"post_tag","embeddable":true,"href":"https:\/\/radioportoseguro.com.br\/site\/wp-json\/wp\/v2\/tags?post=4285"}],"curies":[{"name":"wp","href":"https:\/\/api.w.org\/{rel}","templated":true}]}}