{"id":4287,"date":"2026-02-22T15:40:38","date_gmt":"2026-02-22T18:40:38","guid":{"rendered":"https:\/\/radioportoseguro.com.br\/site\/2026\/02\/22\/avo-grava-biblia-toda-em-audio-para-deixar-para-os-netos-espero-que-isso-os-leve-a-jesus\/"},"modified":"2026-02-22T15:40:38","modified_gmt":"2026-02-22T18:40:38","slug":"avo-grava-biblia-toda-em-audio-para-deixar-para-os-netos-espero-que-isso-os-leve-a-jesus","status":"publish","type":"post","link":"https:\/\/radioportoseguro.com.br\/site\/2026\/02\/22\/avo-grava-biblia-toda-em-audio-para-deixar-para-os-netos-espero-que-isso-os-leve-a-jesus\/","title":{"rendered":"Av\u00f4 grava B\u00edblia toda em \u00e1udio para deixar para os netos: \u201cEspero que isso os leve a Jesus\u201d"},"content":{"rendered":"<p><br \/>\n<br \/><\/p>\n<div>\n<p><span style=\"font-weight: 400;\">Nos Estados Unidos, um av\u00f4 decidiu deixar um legado de f\u00e9 para a fam\u00edlia: ele gravou toda a <\/span><span style=\"color: #993300;\"><strong>B\u00edblia em \u00e1udio<\/strong><\/span><span style=\"font-weight: 400;\"> e deu a grava\u00e7\u00e3o de presente para os cinco netos.<\/span><\/p>\n<p><span style=\"font-weight: 400;\">Johann Klaassen, de 71 anos, morador de Brinnon, Washington, disse que a ideia surgiu depois que seu neto demonstrou interesse por assuntos espirituais.\u00a0<\/span><\/p>\n<p><span style=\"font-weight: 400;\">&#8220;Pensei: \u2018Se eu gravasse a B\u00edblia, poderia dar para ele, e ele teria a voz do av\u00f4 para sempre. Estamos aqui por pouco tempo, ent\u00e3o o que podemos deixar?&#8221;, disse Johann \u00e0 CBN News.\u00a0<\/span><\/p>\n<p><span style=\"font-weight: 400;\">O av\u00f4 seguiu o plano \u201cLer a B\u00edblia em um Ano\u201d e come\u00e7ou as grava\u00e7\u00f5es em 1\u00ba de janeiro de 2025. Utilizando um gravador port\u00e1til, Johann registrou diariamente a leitura das Escrituras.<\/span><\/p>\n<p><span style=\"font-weight: 400;\">\u201cGravei todos os dias\u201d, contou ele. Apesar da disciplina, o av\u00f4 enfrentou momentos dif\u00edceis: \u201cNa maioria dos dias eu estava disposto, mas houve alguns dias em que lutei, pensando: &#8216;Preciso continuar fazendo isso, continuar lendo&#8217;. E continue porque sabia que queria terminar de ler a B\u00edblia&#8221;.<\/span><\/p>\n<p><strong>Legado para a fam\u00edlia\u00a0<\/strong><\/p>\n<p><span style=\"font-weight: 400;\">Ao final do projeto, Johann reuniu mais de 500 arquivos em MP3, armazenou o conte\u00fado em pen drives coloridos, embrulhou-os para presente e entregou aos netos no Natal: &#8220;Eles adoraram. Eles estavam super animados\u201d.<\/span><\/p>\n<p><span style=\"font-weight: 400;\">Embora ame toda a Palavra de Deus, a grava\u00e7\u00e3o favorita de Johann foi a do Serm\u00e3o da Montanha de Jesus, descrita em Mateus 7:<\/span><\/p>\n<p><span style=\"font-weight: 400;\">&#8220;\u2019N\u00e3o julgueis para que n\u00e3o sejais julgados\u2019. Acredito que n\u00f3s, como seres humanos, temos essa tend\u00eancia. Penso que se f\u00f4ssemos mais tolerantes e amorosos uns com os outros, o mundo seria um lugar melhor&#8221;, disse Johann.<\/span><\/p>\n<blockquote class=\"instagram-media\" style=\"background: #FFF; border: 0; border-radius: 3px; box-shadow: 0 0 1px 0 rgba(0,0,0,0.5),0 1px 10px 0 rgba(0,0,0,0.15); margin: 1px; max-width: 540px; min-width: 326px; padding: 0; width: calc(100% - 2px);\" data-instgrm-permalink=\"https:\/\/www.instagram.com\/p\/DS2u2BtkbsC\/?utm_source=ig_embed&amp;utm_campaign=loading\" data-instgrm-version=\"14\"><p>&#13;<br \/>\n&#13;\n<\/p><\/blockquote>\n<p><span style=\"font-weight: 400;\">O av\u00f4 espera que o dom da Palavra de Deus tenha um <\/span><span style=\"color: #993300;\"><strong>impacto duradouro em sua fam\u00edlia<\/strong><\/span><span style=\"font-weight: 400;\"> e alcance outras vidas:<\/span><\/p>\n<p><span style=\"font-weight: 400;\">&#8220;Espero que eles ou\u00e7am. Espero que isso lhes d\u00ea for\u00e7a e os leve de volta \u00e0 igreja e \u00e0 f\u00e9 em Jesus&#8221;, afirmou ele.<\/span><\/p>\n<p><span style=\"font-weight: 400;\">O caso repercutiu nas redes sociais e inspirou muitas pessoas com o legado de f\u00e9 de Johann.<\/span><\/p>\n<p><span style=\"font-weight: 400;\">Sobre esse impacto, ele disse: &#8220;O poder de Cristo. O poder do Esp\u00edrito Santo. Os caminhos de Deus s\u00e3o misteriosos, e este \u00e9 um mist\u00e9rio e tanto&#8221;.<\/span><\/p>\n<\/div>\n<p><script async src=\"\/\/www.instagram.com\/embed.js\"><\/script><br \/>\n<br \/><br \/>\n<br \/>Fonte: Guiame <\/p>\n","protected":false},"excerpt":{"rendered":"<p>Nos Estados Unidos, um av\u00f4 decidiu deixar um legado de f\u00e9 para a fam\u00edlia: ele gravou toda a B\u00edblia em \u00e1udio e deu a grava\u00e7\u00e3o de presente para os cinco netos. Johann Klaassen, de 71 anos, morador de Brinnon, Washington, disse que a ideia surgiu depois que seu neto demonstrou interesse por assuntos espirituais.\u00a0 &#8220;Pensei: [&hellip;]<\/p>\n","protected":false},"author":1,"featured_media":4288,"comment_status":"","ping_status":"open","sticky":false,"template":"","format":"standard","meta":{"footnotes":""},"categories":[43],"tags":[],"class_list":["post-4287","post","type-post","status-publish","format-standard","has-post-thumbnail","hentry","category-destaques"],"yoast_head":"<!-- This site is optimized with the Yoast SEO plugin v26.8 - https:\/\/yoast.com\/product\/yoast-seo-wordpress\/ -->\n<title>Av\u00f4 grava B\u00edblia toda em \u00e1udio para deixar para os netos: \u201cEspero que isso os leve a Jesus\u201d - R\u00e1dio Porto Seguro<\/title>\n<meta name=\"robots\" content=\"index, follow, max-snippet:-1, max-image-preview:large, max-video-preview:-1\" \/>\n<link rel=\"canonical\" href=\"https:\/\/radioportoseguro.com.br\/site\/2026\/02\/22\/avo-grava-biblia-toda-em-audio-para-deixar-para-os-netos-espero-que-isso-os-leve-a-jesus\/\" \/>\n<meta property=\"og:locale\" content=\"pt_BR\" \/>\n<meta property=\"og:type\" content=\"article\" \/>\n<meta property=\"og:title\" content=\"Av\u00f4 grava B\u00edblia toda em \u00e1udio para deixar para os netos: \u201cEspero que isso os leve a Jesus\u201d - R\u00e1dio Porto Seguro\" \/>\n<meta property=\"og:description\" content=\"Nos Estados Unidos, um av\u00f4 decidiu deixar um legado de f\u00e9 para a fam\u00edlia: ele gravou toda a B\u00edblia em \u00e1udio e deu a grava\u00e7\u00e3o de presente para os cinco netos. Johann Klaassen, de 71 anos, morador de Brinnon, Washington, disse que a ideia surgiu depois que seu neto demonstrou interesse por assuntos espirituais.\u00a0 &#8220;Pensei: [&hellip;]\" \/>\n<meta property=\"og:url\" content=\"https:\/\/radioportoseguro.com.br\/site\/2026\/02\/22\/avo-grava-biblia-toda-em-audio-para-deixar-para-os-netos-espero-que-isso-os-leve-a-jesus\/\" \/>\n<meta property=\"og:site_name\" content=\"R\u00e1dio Porto Seguro\" \/>\n<meta property=\"article:published_time\" content=\"2026-02-22T18:40:38+00:00\" \/>\n<meta property=\"og:image\" content=\"https:\/\/media.guiame.com.br\/archives\/2026\/02\/20\/492578551-johann-klaassen-e-familia.jpeg\" \/>\n<meta name=\"author\" content=\"admin\" \/>\n<meta name=\"twitter:card\" content=\"summary_large_image\" \/>\n<meta name=\"twitter:label1\" content=\"Escrito por\" \/>\n\t<meta name=\"twitter:data1\" content=\"admin\" \/>\n\t<meta name=\"twitter:label2\" content=\"Est. tempo de leitura\" \/>\n\t<meta name=\"twitter:data2\" content=\"2 minutos\" \/>\n<script type=\"application\/ld+json\" class=\"yoast-schema-graph\">{\"@context\":\"https:\/\/schema.org\",\"@graph\":[{\"@type\":\"Article\",\"@id\":\"https:\/\/radioportoseguro.com.br\/site\/2026\/02\/22\/avo-grava-biblia-toda-em-audio-para-deixar-para-os-netos-espero-que-isso-os-leve-a-jesus\/#article\",\"isPartOf\":{\"@id\":\"https:\/\/radioportoseguro.com.br\/site\/2026\/02\/22\/avo-grava-biblia-toda-em-audio-para-deixar-para-os-netos-espero-que-isso-os-leve-a-jesus\/\"},\"author\":{\"name\":\"admin\",\"@id\":\"https:\/\/radioportoseguro.com.br\/site\/#\/schema\/person\/7630acdc320186f13639d3c067ec089b\"},\"headline\":\"Av\u00f4 grava B\u00edblia toda em \u00e1udio para deixar para os netos: \u201cEspero que isso os leve a Jesus\u201d\",\"datePublished\":\"2026-02-22T18:40:38+00:00\",\"mainEntityOfPage\":{\"@id\":\"https:\/\/radioportoseguro.com.br\/site\/2026\/02\/22\/avo-grava-biblia-toda-em-audio-para-deixar-para-os-netos-espero-que-isso-os-leve-a-jesus\/\"},\"wordCount\":393,\"image\":{\"@id\":\"https:\/\/radioportoseguro.com.br\/site\/2026\/02\/22\/avo-grava-biblia-toda-em-audio-para-deixar-para-os-netos-espero-que-isso-os-leve-a-jesus\/#primaryimage\"},\"thumbnailUrl\":\"https:\/\/radioportoseguro.com.br\/site\/wp-content\/uploads\/2026\/02\/492578551-johann-klaassen-e-familia.jpeg\",\"articleSection\":[\"Destaques\"],\"inLanguage\":\"pt-BR\"},{\"@type\":\"WebPage\",\"@id\":\"https:\/\/radioportoseguro.com.br\/site\/2026\/02\/22\/avo-grava-biblia-toda-em-audio-para-deixar-para-os-netos-espero-que-isso-os-leve-a-jesus\/\",\"url\":\"https:\/\/radioportoseguro.com.br\/site\/2026\/02\/22\/avo-grava-biblia-toda-em-audio-para-deixar-para-os-netos-espero-que-isso-os-leve-a-jesus\/\",\"name\":\"Av\u00f4 grava B\u00edblia toda em \u00e1udio para deixar para os netos: \u201cEspero que isso os leve a Jesus\u201d - R\u00e1dio Porto Seguro\",\"isPartOf\":{\"@id\":\"https:\/\/radioportoseguro.com.br\/site\/#website\"},\"primaryImageOfPage\":{\"@id\":\"https:\/\/radioportoseguro.com.br\/site\/2026\/02\/22\/avo-grava-biblia-toda-em-audio-para-deixar-para-os-netos-espero-que-isso-os-leve-a-jesus\/#primaryimage\"},\"image\":{\"@id\":\"https:\/\/radioportoseguro.com.br\/site\/2026\/02\/22\/avo-grava-biblia-toda-em-audio-para-deixar-para-os-netos-espero-que-isso-os-leve-a-jesus\/#primaryimage\"},\"thumbnailUrl\":\"https:\/\/radioportoseguro.com.br\/site\/wp-content\/uploads\/2026\/02\/492578551-johann-klaassen-e-familia.jpeg\",\"datePublished\":\"2026-02-22T18:40:38+00:00\",\"author\":{\"@id\":\"https:\/\/radioportoseguro.com.br\/site\/#\/schema\/person\/7630acdc320186f13639d3c067ec089b\"},\"breadcrumb\":{\"@id\":\"https:\/\/radioportoseguro.com.br\/site\/2026\/02\/22\/avo-grava-biblia-toda-em-audio-para-deixar-para-os-netos-espero-que-isso-os-leve-a-jesus\/#breadcrumb\"},\"inLanguage\":\"pt-BR\",\"potentialAction\":[{\"@type\":\"ReadAction\",\"target\":[\"https:\/\/radioportoseguro.com.br\/site\/2026\/02\/22\/avo-grava-biblia-toda-em-audio-para-deixar-para-os-netos-espero-que-isso-os-leve-a-jesus\/\"]}]},{\"@type\":\"ImageObject\",\"inLanguage\":\"pt-BR\",\"@id\":\"https:\/\/radioportoseguro.com.br\/site\/2026\/02\/22\/avo-grava-biblia-toda-em-audio-para-deixar-para-os-netos-espero-que-isso-os-leve-a-jesus\/#primaryimage\",\"url\":\"https:\/\/radioportoseguro.com.br\/site\/wp-content\/uploads\/2026\/02\/492578551-johann-klaassen-e-familia.jpeg\",\"contentUrl\":\"https:\/\/radioportoseguro.com.br\/site\/wp-content\/uploads\/2026\/02\/492578551-johann-klaassen-e-familia.jpeg\",\"width\":1200,\"height\":600},{\"@type\":\"BreadcrumbList\",\"@id\":\"https:\/\/radioportoseguro.com.br\/site\/2026\/02\/22\/avo-grava-biblia-toda-em-audio-para-deixar-para-os-netos-espero-que-isso-os-leve-a-jesus\/#breadcrumb\",\"itemListElement\":[{\"@type\":\"ListItem\",\"position\":1,\"name\":\"In\u00edcio\",\"item\":\"https:\/\/radioportoseguro.com.br\/site\/\"},{\"@type\":\"ListItem\",\"position\":2,\"name\":\"Av\u00f4 grava B\u00edblia toda em \u00e1udio para deixar para os netos: \u201cEspero que isso os leve a Jesus\u201d\"}]},{\"@type\":\"WebSite\",\"@id\":\"https:\/\/radioportoseguro.com.br\/site\/#website\",\"url\":\"https:\/\/radioportoseguro.com.br\/site\/\",\"name\":\"R\u00e1dio Porto Seguro\",\"description\":\"\",\"potentialAction\":[{\"@type\":\"SearchAction\",\"target\":{\"@type\":\"EntryPoint\",\"urlTemplate\":\"https:\/\/radioportoseguro.com.br\/site\/?s={search_term_string}\"},\"query-input\":{\"@type\":\"PropertyValueSpecification\",\"valueRequired\":true,\"valueName\":\"search_term_string\"}}],\"inLanguage\":\"pt-BR\"},{\"@type\":\"Person\",\"@id\":\"https:\/\/radioportoseguro.com.br\/site\/#\/schema\/person\/7630acdc320186f13639d3c067ec089b\",\"name\":\"admin\",\"image\":{\"@type\":\"ImageObject\",\"inLanguage\":\"pt-BR\",\"@id\":\"https:\/\/radioportoseguro.com.br\/site\/#\/schema\/person\/image\/\",\"url\":\"https:\/\/secure.gravatar.com\/avatar\/caacf4dc1eedb68fab0df8e1ed46c448e578b2466351bbcb61e47d2ac0caaef0?s=96&d=mm&r=g\",\"contentUrl\":\"https:\/\/secure.gravatar.com\/avatar\/caacf4dc1eedb68fab0df8e1ed46c448e578b2466351bbcb61e47d2ac0caaef0?s=96&d=mm&r=g\",\"caption\":\"admin\"},\"sameAs\":[\"https:\/\/radioportoseguro.com.br\/site\"],\"url\":\"https:\/\/radioportoseguro.com.br\/site\/author\/hezio\/\"}]}<\/script>\n<!-- \/ Yoast SEO plugin. -->","yoast_head_json":{"title":"Av\u00f4 grava B\u00edblia toda em \u00e1udio para deixar para os netos: \u201cEspero que isso os leve a Jesus\u201d - R\u00e1dio Porto Seguro","robots":{"index":"index","follow":"follow","max-snippet":"max-snippet:-1","max-image-preview":"max-image-preview:large","max-video-preview":"max-video-preview:-1"},"canonical":"https:\/\/radioportoseguro.com.br\/site\/2026\/02\/22\/avo-grava-biblia-toda-em-audio-para-deixar-para-os-netos-espero-que-isso-os-leve-a-jesus\/","og_locale":"pt_BR","og_type":"article","og_title":"Av\u00f4 grava B\u00edblia toda em \u00e1udio para deixar para os netos: \u201cEspero que isso os leve a Jesus\u201d - R\u00e1dio Porto Seguro","og_description":"Nos Estados Unidos, um av\u00f4 decidiu deixar um legado de f\u00e9 para a fam\u00edlia: ele gravou toda a B\u00edblia em \u00e1udio e deu a grava\u00e7\u00e3o de presente para os cinco netos. Johann Klaassen, de 71 anos, morador de Brinnon, Washington, disse que a ideia surgiu depois que seu neto demonstrou interesse por assuntos espirituais.\u00a0 &#8220;Pensei: [&hellip;]","og_url":"https:\/\/radioportoseguro.com.br\/site\/2026\/02\/22\/avo-grava-biblia-toda-em-audio-para-deixar-para-os-netos-espero-que-isso-os-leve-a-jesus\/","og_site_name":"R\u00e1dio Porto Seguro","article_published_time":"2026-02-22T18:40:38+00:00","og_image":[{"url":"https:\/\/media.guiame.com.br\/archives\/2026\/02\/20\/492578551-johann-klaassen-e-familia.jpeg","type":"","width":"","height":""}],"author":"admin","twitter_card":"summary_large_image","twitter_misc":{"Escrito por":"admin","Est. tempo de leitura":"2 minutos"},"schema":{"@context":"https:\/\/schema.org","@graph":[{"@type":"Article","@id":"https:\/\/radioportoseguro.com.br\/site\/2026\/02\/22\/avo-grava-biblia-toda-em-audio-para-deixar-para-os-netos-espero-que-isso-os-leve-a-jesus\/#article","isPartOf":{"@id":"https:\/\/radioportoseguro.com.br\/site\/2026\/02\/22\/avo-grava-biblia-toda-em-audio-para-deixar-para-os-netos-espero-que-isso-os-leve-a-jesus\/"},"author":{"name":"admin","@id":"https:\/\/radioportoseguro.com.br\/site\/#\/schema\/person\/7630acdc320186f13639d3c067ec089b"},"headline":"Av\u00f4 grava B\u00edblia toda em \u00e1udio para deixar para os netos: \u201cEspero que isso os leve a Jesus\u201d","datePublished":"2026-02-22T18:40:38+00:00","mainEntityOfPage":{"@id":"https:\/\/radioportoseguro.com.br\/site\/2026\/02\/22\/avo-grava-biblia-toda-em-audio-para-deixar-para-os-netos-espero-que-isso-os-leve-a-jesus\/"},"wordCount":393,"image":{"@id":"https:\/\/radioportoseguro.com.br\/site\/2026\/02\/22\/avo-grava-biblia-toda-em-audio-para-deixar-para-os-netos-espero-que-isso-os-leve-a-jesus\/#primaryimage"},"thumbnailUrl":"https:\/\/radioportoseguro.com.br\/site\/wp-content\/uploads\/2026\/02\/492578551-johann-klaassen-e-familia.jpeg","articleSection":["Destaques"],"inLanguage":"pt-BR"},{"@type":"WebPage","@id":"https:\/\/radioportoseguro.com.br\/site\/2026\/02\/22\/avo-grava-biblia-toda-em-audio-para-deixar-para-os-netos-espero-que-isso-os-leve-a-jesus\/","url":"https:\/\/radioportoseguro.com.br\/site\/2026\/02\/22\/avo-grava-biblia-toda-em-audio-para-deixar-para-os-netos-espero-que-isso-os-leve-a-jesus\/","name":"Av\u00f4 grava B\u00edblia toda em \u00e1udio para deixar para os netos: \u201cEspero que isso os leve a Jesus\u201d - R\u00e1dio Porto Seguro","isPartOf":{"@id":"https:\/\/radioportoseguro.com.br\/site\/#website"},"primaryImageOfPage":{"@id":"https:\/\/radioportoseguro.com.br\/site\/2026\/02\/22\/avo-grava-biblia-toda-em-audio-para-deixar-para-os-netos-espero-que-isso-os-leve-a-jesus\/#primaryimage"},"image":{"@id":"https:\/\/radioportoseguro.com.br\/site\/2026\/02\/22\/avo-grava-biblia-toda-em-audio-para-deixar-para-os-netos-espero-que-isso-os-leve-a-jesus\/#primaryimage"},"thumbnailUrl":"https:\/\/radioportoseguro.com.br\/site\/wp-content\/uploads\/2026\/02\/492578551-johann-klaassen-e-familia.jpeg","datePublished":"2026-02-22T18:40:38+00:00","author":{"@id":"https:\/\/radioportoseguro.com.br\/site\/#\/schema\/person\/7630acdc320186f13639d3c067ec089b"},"breadcrumb":{"@id":"https:\/\/radioportoseguro.com.br\/site\/2026\/02\/22\/avo-grava-biblia-toda-em-audio-para-deixar-para-os-netos-espero-que-isso-os-leve-a-jesus\/#breadcrumb"},"inLanguage":"pt-BR","potentialAction":[{"@type":"ReadAction","target":["https:\/\/radioportoseguro.com.br\/site\/2026\/02\/22\/avo-grava-biblia-toda-em-audio-para-deixar-para-os-netos-espero-que-isso-os-leve-a-jesus\/"]}]},{"@type":"ImageObject","inLanguage":"pt-BR","@id":"https:\/\/radioportoseguro.com.br\/site\/2026\/02\/22\/avo-grava-biblia-toda-em-audio-para-deixar-para-os-netos-espero-que-isso-os-leve-a-jesus\/#primaryimage","url":"https:\/\/radioportoseguro.com.br\/site\/wp-content\/uploads\/2026\/02\/492578551-johann-klaassen-e-familia.jpeg","contentUrl":"https:\/\/radioportoseguro.com.br\/site\/wp-content\/uploads\/2026\/02\/492578551-johann-klaassen-e-familia.jpeg","width":1200,"height":600},{"@type":"BreadcrumbList","@id":"https:\/\/radioportoseguro.com.br\/site\/2026\/02\/22\/avo-grava-biblia-toda-em-audio-para-deixar-para-os-netos-espero-que-isso-os-leve-a-jesus\/#breadcrumb","itemListElement":[{"@type":"ListItem","position":1,"name":"In\u00edcio","item":"https:\/\/radioportoseguro.com.br\/site\/"},{"@type":"ListItem","position":2,"name":"Av\u00f4 grava B\u00edblia toda em \u00e1udio para deixar para os netos: \u201cEspero que isso os leve a Jesus\u201d"}]},{"@type":"WebSite","@id":"https:\/\/radioportoseguro.com.br\/site\/#website","url":"https:\/\/radioportoseguro.com.br\/site\/","name":"R\u00e1dio Porto Seguro","description":"","potentialAction":[{"@type":"SearchAction","target":{"@type":"EntryPoint","urlTemplate":"https:\/\/radioportoseguro.com.br\/site\/?s={search_term_string}"},"query-input":{"@type":"PropertyValueSpecification","valueRequired":true,"valueName":"search_term_string"}}],"inLanguage":"pt-BR"},{"@type":"Person","@id":"https:\/\/radioportoseguro.com.br\/site\/#\/schema\/person\/7630acdc320186f13639d3c067ec089b","name":"admin","image":{"@type":"ImageObject","inLanguage":"pt-BR","@id":"https:\/\/radioportoseguro.com.br\/site\/#\/schema\/person\/image\/","url":"https:\/\/secure.gravatar.com\/avatar\/caacf4dc1eedb68fab0df8e1ed46c448e578b2466351bbcb61e47d2ac0caaef0?s=96&d=mm&r=g","contentUrl":"https:\/\/secure.gravatar.com\/avatar\/caacf4dc1eedb68fab0df8e1ed46c448e578b2466351bbcb61e47d2ac0caaef0?s=96&d=mm&r=g","caption":"admin"},"sameAs":["https:\/\/radioportoseguro.com.br\/site"],"url":"https:\/\/radioportoseguro.com.br\/site\/author\/hezio\/"}]}},"_links":{"self":[{"href":"https:\/\/radioportoseguro.com.br\/site\/wp-json\/wp\/v2\/posts\/4287","targetHints":{"allow":["GET"]}}],"collection":[{"href":"https:\/\/radioportoseguro.com.br\/site\/wp-json\/wp\/v2\/posts"}],"about":[{"href":"https:\/\/radioportoseguro.com.br\/site\/wp-json\/wp\/v2\/types\/post"}],"author":[{"embeddable":true,"href":"https:\/\/radioportoseguro.com.br\/site\/wp-json\/wp\/v2\/users\/1"}],"replies":[{"embeddable":true,"href":"https:\/\/radioportoseguro.com.br\/site\/wp-json\/wp\/v2\/comments?post=4287"}],"version-history":[{"count":0,"href":"https:\/\/radioportoseguro.com.br\/site\/wp-json\/wp\/v2\/posts\/4287\/revisions"}],"wp:featuredmedia":[{"embeddable":true,"href":"https:\/\/radioportoseguro.com.br\/site\/wp-json\/wp\/v2\/media\/4288"}],"wp:attachment":[{"href":"https:\/\/radioportoseguro.com.br\/site\/wp-json\/wp\/v2\/media?parent=4287"}],"wp:term":[{"taxonomy":"category","embeddable":true,"href":"https:\/\/radioportoseguro.com.br\/site\/wp-json\/wp\/v2\/categories?post=4287"},{"taxonomy":"post_tag","embeddable":true,"href":"https:\/\/radioportoseguro.com.br\/site\/wp-json\/wp\/v2\/tags?post=4287"}],"curies":[{"name":"wp","href":"https:\/\/api.w.org\/{rel}","templated":true}]}}