{"id":4295,"date":"2026-02-22T21:48:49","date_gmt":"2026-02-23T00:48:49","guid":{"rendered":"https:\/\/radioportoseguro.com.br\/site\/2026\/02\/22\/ex-muculmano-se-torna-evangelista-no-oriente-medio-oro-para-mesquitas-virarem-igrejas\/"},"modified":"2026-02-22T21:48:49","modified_gmt":"2026-02-23T00:48:49","slug":"ex-muculmano-se-torna-evangelista-no-oriente-medio-oro-para-mesquitas-virarem-igrejas","status":"publish","type":"post","link":"https:\/\/radioportoseguro.com.br\/site\/2026\/02\/22\/ex-muculmano-se-torna-evangelista-no-oriente-medio-oro-para-mesquitas-virarem-igrejas\/","title":{"rendered":"Ex-mu\u00e7ulmano se torna evangelista no Oriente M\u00e9dio: \u201cOro para mesquitas virarem igrejas\u201d"},"content":{"rendered":"<p><br \/>\n<br \/><\/p>\n<div>\n<p><span style=\"font-weight: 400;\">Um homem que foi obrigado a se converter ao islamismo para n\u00e3o perder o emprego passou a ser perseguido ap\u00f3s se render a Jesus e se tornar um evangelista no <\/span><span style=\"color: #993300;\"><strong>Oriente M\u00e9dio<\/strong><\/span><span style=\"font-weight: 400;\">.<\/span><\/p>\n<p><span style=\"font-weight: 400;\">Abu Sami cresceu em uma fam\u00edlia que praticava a f\u00e9 drusa. Ainda jovem, ao ingressar no servi\u00e7o p\u00fablico em seu pa\u00eds, ele foi obrigado a se converter ao islamismo como condi\u00e7\u00e3o para manter o emprego.\u00a0<\/span><\/p>\n<p><span style=\"font-weight: 400;\">Embora n\u00e3o tenha sido sua primeira escolha, ele passou a se dedicar \u00e0 nova religi\u00e3o: orava, jejuava e chegou a realizar o Hajj \u2014 peregrina\u00e7\u00e3o a Meca exigida dos mu\u00e7ulmanos.<\/span><\/p>\n<p><span style=\"font-weight: 400;\">\u201cEu seguia o Isl\u00e3, especialmente o Alcor\u00e3o. Depois que me aposentei, algu\u00e9m nos falou sobre Cristo. Ent\u00e3o comecei a pesquisar\u201d, disse Abu ao Global Christian Relief.<\/span><\/p>\n<p><span style=\"font-weight: 400;\">Ao come\u00e7ar a questionar a religi\u00e3o, Abu destacou: \u201cPesquisei e comecei a procurar as coisas ocultas que existem no Isl\u00e3. Descobri que \u00e9 uma religi\u00e3o equivocada porque, n\u00e3o \u00e9 permitido discutir com os estudiosos ou fazer perguntas. Descobri que o islamismo n\u00e3o vem de Deus\u201d.<\/span><\/p>\n<p><strong>Convers\u00e3o<\/strong><\/p>\n<p><span style=\"font-weight: 400;\">N\u00e3o satisfeito com o Isl\u00e3, ele decidiu ler a B\u00edblia. No in\u00edcio, relatou n\u00e3o entender completamente as Escrituras, mas passou a acompanhar prega\u00e7\u00f5es pela TV e, posteriormente, foi discipulado por um amigo da fam\u00edlia que era crist\u00e3o. Ap\u00f3s cerca de dois meses de estudo b\u00edblico, ele e a esposa decidiram entregar a vida a Cristo.<\/span><\/p>\n<p><span style=\"font-weight: 400;\">Para Abu, o que o convenceu de que o Evangelho \u00e9 verdadeiro? \u201cFoi toda a vida de Cristo\u201d, afirmou ele.<\/span><\/p>\n<p><span style=\"font-weight: 400;\">E continuou: \u201cQuando comecei a entender o Evangelho e a me aprofundar nele, lendo sobre a jornada do Senhor Jesus Cristo at\u00e9 a cruz, isso abriu uma porta para mim. A cruz de Cristo \u00e9 a maior prova do amor do nosso Senhor por n\u00f3s e da reden\u00e7\u00e3o que Ele ofereceu para que pud\u00e9ssemos ser salvos\u201d.<\/span><\/p>\n<p><span style=\"font-weight: 400;\">\u201cNo Isl\u00e3, a hist\u00f3ria era toda sobre viol\u00eancia, mas o Cristianismo mostrou como Deus nos ama e que Ele se importa conosco\u201d, acrescentou.<\/span><\/p>\n<p><strong>\u2018Tentaram me afastar do Senhor\u2019<\/strong><\/p>\n<p><span style=\"font-weight: 400;\">Desde que aceitou Jesus, Abu passou a compartilhar abertamente o Evangelho: \u201cN\u00e3o consigo evitar. Tenho que falar. Em todas as reuni\u00f5es, em todos os grupos, tenho que falar sobre Cristo. N\u00e3o posso ficar em sil\u00eancio\u201d.<\/span><\/p>\n<p><span style=\"font-weight: 400;\">No entanto, familiares e membros da comunidade passaram a hostiliz\u00e1-lo. Ele relata que irm\u00e3os e parentes pr\u00f3ximos tentaram pression\u00e1-lo a negar Jesus.<\/span><\/p>\n<p><span style=\"font-weight: 400;\">\u201cAs primeiras pessoas que me perseguiram foram meus irm\u00e3os e meus familiares mais pr\u00f3ximos\u201d, contou ele.<\/span><\/p>\n<p><span style=\"font-weight: 400;\">E continuou: \u201cTentei lev\u00e1-los a Cristo, falei sobre os erros do Isl\u00e3 e da f\u00e9 drusa e tentei ajud\u00e1-los a entender quem \u00e9 Jesus. Eles me perseguiram muito e tentaram me afastar do Senhor. Mas, minha resposta foi: \u2018Eu jamais poderia abandonar Cristo\u2019\u201d.<\/span><\/p>\n<p><span style=\"font-weight: 400;\">Ap\u00f3s se aposentar do servi\u00e7o p\u00fablico, Abu abriu uma loja, mas seus vizinhos come\u00e7aram a boicotar seu neg\u00f3cio. At\u00e9 mesmo seus fornecedores se recusaram a trabalhar com ele.\u00a0<\/span><\/p>\n<p><span style=\"font-weight: 400;\">Al\u00e9m disso, quando outras pessoas em sua comunidade se converteram ao cristianismo, ele foi acusado de &#8220;corromper os drusos&#8221; pela lideran\u00e7a local. Assim, ele foi for\u00e7ado a abandonar seus familiares e tamb\u00e9m seu neg\u00f3cio.<\/span><\/p>\n<p><strong>&#8216;Feliz em ser perseguido por causa de Cristo&#8217;<\/strong><\/p>\n<p><span style=\"font-weight: 400;\">Apesar das perdas, Abu permaneceu firme na f\u00e9: \u201cQuando estou com Deus, com o nosso Senhor, n\u00e3o devo me preocupar com as pessoas ou com o que elas querem me fazer. Fico muito feliz em ser perseguido por causa do nome de Cristo\u201d.<\/span><\/p>\n<p><span style=\"font-weight: 400;\">Como evangelista perseguido no Oriente M\u00e9dio, Abu contou que encontra conforto em sua passagem b\u00edblica favorita, Mateus 11:28-29, que diz:\u00a0<\/span><\/p>\n<p><span style=\"font-weight: 400;\">&#8220;<\/span><em><span style=\"font-weight: 400;\">Venham a mim, todos voc\u00eas que est\u00e3o cansados \u200b\u200be sobrecarregados, e eu lhes darei descanso. Tomem sobre voc\u00eas o meu jugo, pois o meu jugo \u00e9 suave e o meu fardo \u00e9 leve<\/span><\/em><span style=\"font-weight: 400;\">&#8220;.<\/span><\/p>\n<p><span style=\"font-weight: 400;\">Apesar das persegui\u00e7\u00f5es, Abu Sami ora por seus inimigos e para que as comunidades drusa e mu\u00e7ulmana se rendam a Cristo.<\/span><\/p>\n<p><span style=\"font-weight: 400;\">\u201cSinto pena deles, n\u00e3o de mim. Porque quem me persegue n\u00e3o conhece a verdade, n\u00e3o conhece Jesus Cristo. Oro para que o Senhor me use para uma colheita abundante e que eu possa ver as mesquitas nos pa\u00edses isl\u00e2micos transformadas em igrejas\u201d.<\/span><\/p>\n<\/div>\n<p><br \/>\n<br \/>Fonte: Guiame <\/p>\n","protected":false},"excerpt":{"rendered":"<p>Um homem que foi obrigado a se converter ao islamismo para n\u00e3o perder o emprego passou a ser perseguido ap\u00f3s se render a Jesus e se tornar um evangelista no Oriente M\u00e9dio. Abu Sami cresceu em uma fam\u00edlia que praticava a f\u00e9 drusa. Ainda jovem, ao ingressar no servi\u00e7o p\u00fablico em seu pa\u00eds, ele foi [&hellip;]<\/p>\n","protected":false},"author":1,"featured_media":4296,"comment_status":"","ping_status":"open","sticky":false,"template":"","format":"standard","meta":{"footnotes":""},"categories":[43],"tags":[],"class_list":["post-4295","post","type-post","status-publish","format-standard","has-post-thumbnail","hentry","category-destaques"],"yoast_head":"<!-- This site is optimized with the Yoast SEO plugin v26.8 - https:\/\/yoast.com\/product\/yoast-seo-wordpress\/ -->\n<title>Ex-mu\u00e7ulmano se torna evangelista no Oriente M\u00e9dio: \u201cOro para mesquitas virarem igrejas\u201d - R\u00e1dio Porto Seguro<\/title>\n<meta name=\"robots\" content=\"index, follow, max-snippet:-1, max-image-preview:large, max-video-preview:-1\" \/>\n<link rel=\"canonical\" href=\"https:\/\/radioportoseguro.com.br\/site\/2026\/02\/22\/ex-muculmano-se-torna-evangelista-no-oriente-medio-oro-para-mesquitas-virarem-igrejas\/\" \/>\n<meta property=\"og:locale\" content=\"pt_BR\" \/>\n<meta property=\"og:type\" content=\"article\" \/>\n<meta property=\"og:title\" content=\"Ex-mu\u00e7ulmano se torna evangelista no Oriente M\u00e9dio: \u201cOro para mesquitas virarem igrejas\u201d - R\u00e1dio Porto Seguro\" \/>\n<meta property=\"og:description\" content=\"Um homem que foi obrigado a se converter ao islamismo para n\u00e3o perder o emprego passou a ser perseguido ap\u00f3s se render a Jesus e se tornar um evangelista no Oriente M\u00e9dio. Abu Sami cresceu em uma fam\u00edlia que praticava a f\u00e9 drusa. Ainda jovem, ao ingressar no servi\u00e7o p\u00fablico em seu pa\u00eds, ele foi [&hellip;]\" \/>\n<meta property=\"og:url\" content=\"https:\/\/radioportoseguro.com.br\/site\/2026\/02\/22\/ex-muculmano-se-torna-evangelista-no-oriente-medio-oro-para-mesquitas-virarem-igrejas\/\" \/>\n<meta property=\"og:site_name\" content=\"R\u00e1dio Porto Seguro\" \/>\n<meta property=\"article:published_time\" content=\"2026-02-23T00:48:49+00:00\" \/>\n<meta property=\"og:image\" content=\"https:\/\/media.guiame.com.br\/archives\/2026\/02\/20\/1088833896-abu-sami.jpeg\" \/>\n<meta name=\"author\" content=\"admin\" \/>\n<meta name=\"twitter:card\" content=\"summary_large_image\" \/>\n<meta name=\"twitter:label1\" content=\"Escrito por\" \/>\n\t<meta name=\"twitter:data1\" content=\"admin\" \/>\n\t<meta name=\"twitter:label2\" content=\"Est. tempo de leitura\" \/>\n\t<meta name=\"twitter:data2\" content=\"4 minutos\" \/>\n<script type=\"application\/ld+json\" class=\"yoast-schema-graph\">{\"@context\":\"https:\/\/schema.org\",\"@graph\":[{\"@type\":\"Article\",\"@id\":\"https:\/\/radioportoseguro.com.br\/site\/2026\/02\/22\/ex-muculmano-se-torna-evangelista-no-oriente-medio-oro-para-mesquitas-virarem-igrejas\/#article\",\"isPartOf\":{\"@id\":\"https:\/\/radioportoseguro.com.br\/site\/2026\/02\/22\/ex-muculmano-se-torna-evangelista-no-oriente-medio-oro-para-mesquitas-virarem-igrejas\/\"},\"author\":{\"name\":\"admin\",\"@id\":\"https:\/\/radioportoseguro.com.br\/site\/#\/schema\/person\/7630acdc320186f13639d3c067ec089b\"},\"headline\":\"Ex-mu\u00e7ulmano se torna evangelista no Oriente M\u00e9dio: \u201cOro para mesquitas virarem igrejas\u201d\",\"datePublished\":\"2026-02-23T00:48:49+00:00\",\"mainEntityOfPage\":{\"@id\":\"https:\/\/radioportoseguro.com.br\/site\/2026\/02\/22\/ex-muculmano-se-torna-evangelista-no-oriente-medio-oro-para-mesquitas-virarem-igrejas\/\"},\"wordCount\":752,\"image\":{\"@id\":\"https:\/\/radioportoseguro.com.br\/site\/2026\/02\/22\/ex-muculmano-se-torna-evangelista-no-oriente-medio-oro-para-mesquitas-virarem-igrejas\/#primaryimage\"},\"thumbnailUrl\":\"https:\/\/radioportoseguro.com.br\/site\/wp-content\/uploads\/2026\/02\/1088833896-abu-sami.jpeg\",\"articleSection\":[\"Destaques\"],\"inLanguage\":\"pt-BR\"},{\"@type\":\"WebPage\",\"@id\":\"https:\/\/radioportoseguro.com.br\/site\/2026\/02\/22\/ex-muculmano-se-torna-evangelista-no-oriente-medio-oro-para-mesquitas-virarem-igrejas\/\",\"url\":\"https:\/\/radioportoseguro.com.br\/site\/2026\/02\/22\/ex-muculmano-se-torna-evangelista-no-oriente-medio-oro-para-mesquitas-virarem-igrejas\/\",\"name\":\"Ex-mu\u00e7ulmano se torna evangelista no Oriente M\u00e9dio: \u201cOro para mesquitas virarem igrejas\u201d - R\u00e1dio Porto Seguro\",\"isPartOf\":{\"@id\":\"https:\/\/radioportoseguro.com.br\/site\/#website\"},\"primaryImageOfPage\":{\"@id\":\"https:\/\/radioportoseguro.com.br\/site\/2026\/02\/22\/ex-muculmano-se-torna-evangelista-no-oriente-medio-oro-para-mesquitas-virarem-igrejas\/#primaryimage\"},\"image\":{\"@id\":\"https:\/\/radioportoseguro.com.br\/site\/2026\/02\/22\/ex-muculmano-se-torna-evangelista-no-oriente-medio-oro-para-mesquitas-virarem-igrejas\/#primaryimage\"},\"thumbnailUrl\":\"https:\/\/radioportoseguro.com.br\/site\/wp-content\/uploads\/2026\/02\/1088833896-abu-sami.jpeg\",\"datePublished\":\"2026-02-23T00:48:49+00:00\",\"author\":{\"@id\":\"https:\/\/radioportoseguro.com.br\/site\/#\/schema\/person\/7630acdc320186f13639d3c067ec089b\"},\"breadcrumb\":{\"@id\":\"https:\/\/radioportoseguro.com.br\/site\/2026\/02\/22\/ex-muculmano-se-torna-evangelista-no-oriente-medio-oro-para-mesquitas-virarem-igrejas\/#breadcrumb\"},\"inLanguage\":\"pt-BR\",\"potentialAction\":[{\"@type\":\"ReadAction\",\"target\":[\"https:\/\/radioportoseguro.com.br\/site\/2026\/02\/22\/ex-muculmano-se-torna-evangelista-no-oriente-medio-oro-para-mesquitas-virarem-igrejas\/\"]}]},{\"@type\":\"ImageObject\",\"inLanguage\":\"pt-BR\",\"@id\":\"https:\/\/radioportoseguro.com.br\/site\/2026\/02\/22\/ex-muculmano-se-torna-evangelista-no-oriente-medio-oro-para-mesquitas-virarem-igrejas\/#primaryimage\",\"url\":\"https:\/\/radioportoseguro.com.br\/site\/wp-content\/uploads\/2026\/02\/1088833896-abu-sami.jpeg\",\"contentUrl\":\"https:\/\/radioportoseguro.com.br\/site\/wp-content\/uploads\/2026\/02\/1088833896-abu-sami.jpeg\",\"width\":1200,\"height\":600},{\"@type\":\"BreadcrumbList\",\"@id\":\"https:\/\/radioportoseguro.com.br\/site\/2026\/02\/22\/ex-muculmano-se-torna-evangelista-no-oriente-medio-oro-para-mesquitas-virarem-igrejas\/#breadcrumb\",\"itemListElement\":[{\"@type\":\"ListItem\",\"position\":1,\"name\":\"In\u00edcio\",\"item\":\"https:\/\/radioportoseguro.com.br\/site\/\"},{\"@type\":\"ListItem\",\"position\":2,\"name\":\"Ex-mu\u00e7ulmano se torna evangelista no Oriente M\u00e9dio: \u201cOro para mesquitas virarem igrejas\u201d\"}]},{\"@type\":\"WebSite\",\"@id\":\"https:\/\/radioportoseguro.com.br\/site\/#website\",\"url\":\"https:\/\/radioportoseguro.com.br\/site\/\",\"name\":\"R\u00e1dio Porto Seguro\",\"description\":\"\",\"potentialAction\":[{\"@type\":\"SearchAction\",\"target\":{\"@type\":\"EntryPoint\",\"urlTemplate\":\"https:\/\/radioportoseguro.com.br\/site\/?s={search_term_string}\"},\"query-input\":{\"@type\":\"PropertyValueSpecification\",\"valueRequired\":true,\"valueName\":\"search_term_string\"}}],\"inLanguage\":\"pt-BR\"},{\"@type\":\"Person\",\"@id\":\"https:\/\/radioportoseguro.com.br\/site\/#\/schema\/person\/7630acdc320186f13639d3c067ec089b\",\"name\":\"admin\",\"image\":{\"@type\":\"ImageObject\",\"inLanguage\":\"pt-BR\",\"@id\":\"https:\/\/radioportoseguro.com.br\/site\/#\/schema\/person\/image\/\",\"url\":\"https:\/\/secure.gravatar.com\/avatar\/caacf4dc1eedb68fab0df8e1ed46c448e578b2466351bbcb61e47d2ac0caaef0?s=96&d=mm&r=g\",\"contentUrl\":\"https:\/\/secure.gravatar.com\/avatar\/caacf4dc1eedb68fab0df8e1ed46c448e578b2466351bbcb61e47d2ac0caaef0?s=96&d=mm&r=g\",\"caption\":\"admin\"},\"sameAs\":[\"https:\/\/radioportoseguro.com.br\/site\"],\"url\":\"https:\/\/radioportoseguro.com.br\/site\/author\/hezio\/\"}]}<\/script>\n<!-- \/ Yoast SEO plugin. -->","yoast_head_json":{"title":"Ex-mu\u00e7ulmano se torna evangelista no Oriente M\u00e9dio: \u201cOro para mesquitas virarem igrejas\u201d - R\u00e1dio Porto Seguro","robots":{"index":"index","follow":"follow","max-snippet":"max-snippet:-1","max-image-preview":"max-image-preview:large","max-video-preview":"max-video-preview:-1"},"canonical":"https:\/\/radioportoseguro.com.br\/site\/2026\/02\/22\/ex-muculmano-se-torna-evangelista-no-oriente-medio-oro-para-mesquitas-virarem-igrejas\/","og_locale":"pt_BR","og_type":"article","og_title":"Ex-mu\u00e7ulmano se torna evangelista no Oriente M\u00e9dio: \u201cOro para mesquitas virarem igrejas\u201d - R\u00e1dio Porto Seguro","og_description":"Um homem que foi obrigado a se converter ao islamismo para n\u00e3o perder o emprego passou a ser perseguido ap\u00f3s se render a Jesus e se tornar um evangelista no Oriente M\u00e9dio. Abu Sami cresceu em uma fam\u00edlia que praticava a f\u00e9 drusa. Ainda jovem, ao ingressar no servi\u00e7o p\u00fablico em seu pa\u00eds, ele foi [&hellip;]","og_url":"https:\/\/radioportoseguro.com.br\/site\/2026\/02\/22\/ex-muculmano-se-torna-evangelista-no-oriente-medio-oro-para-mesquitas-virarem-igrejas\/","og_site_name":"R\u00e1dio Porto Seguro","article_published_time":"2026-02-23T00:48:49+00:00","og_image":[{"url":"https:\/\/media.guiame.com.br\/archives\/2026\/02\/20\/1088833896-abu-sami.jpeg","type":"","width":"","height":""}],"author":"admin","twitter_card":"summary_large_image","twitter_misc":{"Escrito por":"admin","Est. tempo de leitura":"4 minutos"},"schema":{"@context":"https:\/\/schema.org","@graph":[{"@type":"Article","@id":"https:\/\/radioportoseguro.com.br\/site\/2026\/02\/22\/ex-muculmano-se-torna-evangelista-no-oriente-medio-oro-para-mesquitas-virarem-igrejas\/#article","isPartOf":{"@id":"https:\/\/radioportoseguro.com.br\/site\/2026\/02\/22\/ex-muculmano-se-torna-evangelista-no-oriente-medio-oro-para-mesquitas-virarem-igrejas\/"},"author":{"name":"admin","@id":"https:\/\/radioportoseguro.com.br\/site\/#\/schema\/person\/7630acdc320186f13639d3c067ec089b"},"headline":"Ex-mu\u00e7ulmano se torna evangelista no Oriente M\u00e9dio: \u201cOro para mesquitas virarem igrejas\u201d","datePublished":"2026-02-23T00:48:49+00:00","mainEntityOfPage":{"@id":"https:\/\/radioportoseguro.com.br\/site\/2026\/02\/22\/ex-muculmano-se-torna-evangelista-no-oriente-medio-oro-para-mesquitas-virarem-igrejas\/"},"wordCount":752,"image":{"@id":"https:\/\/radioportoseguro.com.br\/site\/2026\/02\/22\/ex-muculmano-se-torna-evangelista-no-oriente-medio-oro-para-mesquitas-virarem-igrejas\/#primaryimage"},"thumbnailUrl":"https:\/\/radioportoseguro.com.br\/site\/wp-content\/uploads\/2026\/02\/1088833896-abu-sami.jpeg","articleSection":["Destaques"],"inLanguage":"pt-BR"},{"@type":"WebPage","@id":"https:\/\/radioportoseguro.com.br\/site\/2026\/02\/22\/ex-muculmano-se-torna-evangelista-no-oriente-medio-oro-para-mesquitas-virarem-igrejas\/","url":"https:\/\/radioportoseguro.com.br\/site\/2026\/02\/22\/ex-muculmano-se-torna-evangelista-no-oriente-medio-oro-para-mesquitas-virarem-igrejas\/","name":"Ex-mu\u00e7ulmano se torna evangelista no Oriente M\u00e9dio: \u201cOro para mesquitas virarem igrejas\u201d - R\u00e1dio Porto Seguro","isPartOf":{"@id":"https:\/\/radioportoseguro.com.br\/site\/#website"},"primaryImageOfPage":{"@id":"https:\/\/radioportoseguro.com.br\/site\/2026\/02\/22\/ex-muculmano-se-torna-evangelista-no-oriente-medio-oro-para-mesquitas-virarem-igrejas\/#primaryimage"},"image":{"@id":"https:\/\/radioportoseguro.com.br\/site\/2026\/02\/22\/ex-muculmano-se-torna-evangelista-no-oriente-medio-oro-para-mesquitas-virarem-igrejas\/#primaryimage"},"thumbnailUrl":"https:\/\/radioportoseguro.com.br\/site\/wp-content\/uploads\/2026\/02\/1088833896-abu-sami.jpeg","datePublished":"2026-02-23T00:48:49+00:00","author":{"@id":"https:\/\/radioportoseguro.com.br\/site\/#\/schema\/person\/7630acdc320186f13639d3c067ec089b"},"breadcrumb":{"@id":"https:\/\/radioportoseguro.com.br\/site\/2026\/02\/22\/ex-muculmano-se-torna-evangelista-no-oriente-medio-oro-para-mesquitas-virarem-igrejas\/#breadcrumb"},"inLanguage":"pt-BR","potentialAction":[{"@type":"ReadAction","target":["https:\/\/radioportoseguro.com.br\/site\/2026\/02\/22\/ex-muculmano-se-torna-evangelista-no-oriente-medio-oro-para-mesquitas-virarem-igrejas\/"]}]},{"@type":"ImageObject","inLanguage":"pt-BR","@id":"https:\/\/radioportoseguro.com.br\/site\/2026\/02\/22\/ex-muculmano-se-torna-evangelista-no-oriente-medio-oro-para-mesquitas-virarem-igrejas\/#primaryimage","url":"https:\/\/radioportoseguro.com.br\/site\/wp-content\/uploads\/2026\/02\/1088833896-abu-sami.jpeg","contentUrl":"https:\/\/radioportoseguro.com.br\/site\/wp-content\/uploads\/2026\/02\/1088833896-abu-sami.jpeg","width":1200,"height":600},{"@type":"BreadcrumbList","@id":"https:\/\/radioportoseguro.com.br\/site\/2026\/02\/22\/ex-muculmano-se-torna-evangelista-no-oriente-medio-oro-para-mesquitas-virarem-igrejas\/#breadcrumb","itemListElement":[{"@type":"ListItem","position":1,"name":"In\u00edcio","item":"https:\/\/radioportoseguro.com.br\/site\/"},{"@type":"ListItem","position":2,"name":"Ex-mu\u00e7ulmano se torna evangelista no Oriente M\u00e9dio: \u201cOro para mesquitas virarem igrejas\u201d"}]},{"@type":"WebSite","@id":"https:\/\/radioportoseguro.com.br\/site\/#website","url":"https:\/\/radioportoseguro.com.br\/site\/","name":"R\u00e1dio Porto Seguro","description":"","potentialAction":[{"@type":"SearchAction","target":{"@type":"EntryPoint","urlTemplate":"https:\/\/radioportoseguro.com.br\/site\/?s={search_term_string}"},"query-input":{"@type":"PropertyValueSpecification","valueRequired":true,"valueName":"search_term_string"}}],"inLanguage":"pt-BR"},{"@type":"Person","@id":"https:\/\/radioportoseguro.com.br\/site\/#\/schema\/person\/7630acdc320186f13639d3c067ec089b","name":"admin","image":{"@type":"ImageObject","inLanguage":"pt-BR","@id":"https:\/\/radioportoseguro.com.br\/site\/#\/schema\/person\/image\/","url":"https:\/\/secure.gravatar.com\/avatar\/caacf4dc1eedb68fab0df8e1ed46c448e578b2466351bbcb61e47d2ac0caaef0?s=96&d=mm&r=g","contentUrl":"https:\/\/secure.gravatar.com\/avatar\/caacf4dc1eedb68fab0df8e1ed46c448e578b2466351bbcb61e47d2ac0caaef0?s=96&d=mm&r=g","caption":"admin"},"sameAs":["https:\/\/radioportoseguro.com.br\/site"],"url":"https:\/\/radioportoseguro.com.br\/site\/author\/hezio\/"}]}},"_links":{"self":[{"href":"https:\/\/radioportoseguro.com.br\/site\/wp-json\/wp\/v2\/posts\/4295","targetHints":{"allow":["GET"]}}],"collection":[{"href":"https:\/\/radioportoseguro.com.br\/site\/wp-json\/wp\/v2\/posts"}],"about":[{"href":"https:\/\/radioportoseguro.com.br\/site\/wp-json\/wp\/v2\/types\/post"}],"author":[{"embeddable":true,"href":"https:\/\/radioportoseguro.com.br\/site\/wp-json\/wp\/v2\/users\/1"}],"replies":[{"embeddable":true,"href":"https:\/\/radioportoseguro.com.br\/site\/wp-json\/wp\/v2\/comments?post=4295"}],"version-history":[{"count":0,"href":"https:\/\/radioportoseguro.com.br\/site\/wp-json\/wp\/v2\/posts\/4295\/revisions"}],"wp:featuredmedia":[{"embeddable":true,"href":"https:\/\/radioportoseguro.com.br\/site\/wp-json\/wp\/v2\/media\/4296"}],"wp:attachment":[{"href":"https:\/\/radioportoseguro.com.br\/site\/wp-json\/wp\/v2\/media?parent=4295"}],"wp:term":[{"taxonomy":"category","embeddable":true,"href":"https:\/\/radioportoseguro.com.br\/site\/wp-json\/wp\/v2\/categories?post=4295"},{"taxonomy":"post_tag","embeddable":true,"href":"https:\/\/radioportoseguro.com.br\/site\/wp-json\/wp\/v2\/tags?post=4295"}],"curies":[{"name":"wp","href":"https:\/\/api.w.org\/{rel}","templated":true}]}}