{"id":4297,"date":"2026-02-22T23:49:58","date_gmt":"2026-02-23T02:49:58","guid":{"rendered":"https:\/\/radioportoseguro.com.br\/site\/2026\/02\/22\/igreja-faz-batismo-em-praia-durante-carnaval-celebramos-vidas-rendidas-a-jesus\/"},"modified":"2026-02-22T23:49:58","modified_gmt":"2026-02-23T02:49:58","slug":"igreja-faz-batismo-em-praia-durante-carnaval-celebramos-vidas-rendidas-a-jesus","status":"publish","type":"post","link":"https:\/\/radioportoseguro.com.br\/site\/2026\/02\/22\/igreja-faz-batismo-em-praia-durante-carnaval-celebramos-vidas-rendidas-a-jesus\/","title":{"rendered":"Igreja faz batismo em praia durante Carnaval: &#8220;Celebramos vidas rendidas a Jesus&#8221;"},"content":{"rendered":"<p><br \/>\n<br \/><\/p>\n<div>\n<p><span style=\"font-weight: 400;\">Uma igreja realizou o batismo de novos <\/span><span style=\"color: #800000;\"><strong>convertidos<\/strong><\/span><span style=\"font-weight: 400;\"> em Macei\u00f3 (AL), na ter\u00e7a-feira de <\/span><span style=\"color: #800000;\"><strong>Carnaval <\/strong><\/span><span style=\"font-weight: 400;\">(17).<\/span><\/p>\n<p><span style=\"font-weight: 400;\">A Believe Church, liderada pelos pastores Samuel Cavalcante e <\/span><span style=\"color: #800000;\"><strong>Fabiola Melo<\/strong><\/span><span style=\"font-weight: 400;\">, celebrou o novo nascimento em Cristo em uma praia da cidade.<\/span><\/p>\n<p><span style=\"font-weight: 400;\">Em meio as festas de Carnaval, a igreja decidiu celebrar a salva\u00e7\u00e3o de almas. \u201cEm plena ter\u00e7a-feira de Carnaval, escolhemos viver algo eterno. Enquanto muitos celebram o passageiro, n\u00f3s celebramos o que \u00e9 eterno: vidas rendidas a Jesus, cora\u00e7\u00f5es transformados e um novo come\u00e7o sendo escrito nas \u00e1guas do batismo\u201d, declarou a Believe, em publica\u00e7\u00e3o no Instagram.<\/span><\/p>\n<p><span style=\"font-weight: 400;\">Os rec\u00e9m convertidos foram batizados no mar pelos l\u00edderes, diante de dezenas de membros.\u00a0<\/span><\/p>\n<p><span style=\"font-weight: 400;\">\u201cO diabo perdeu mais uma! \u00c9 ter\u00e7a-feira do Esp\u00edrito Santo, n\u00e3o \u00e9 festa da carne, \u00e9 festa do Esp\u00edrito, \u00e9 festa do C\u00e9u\u201d, declarou Samuel.<\/span><\/p>\n<blockquote class=\"instagram-media\" style=\"background: #FFF; border: 0; border-radius: 3px; box-shadow: 0 0 1px 0 rgba(0,0,0,0.5),0 1px 10px 0 rgba(0,0,0,0.15); margin: 1px; max-width: 540px; min-width: 326px; padding: 0; width: calc(100% - 2px);\" data-instgrm-captioned=\"\" data-instgrm-permalink=\"https:\/\/www.instagram.com\/reel\/DU3O3UngCef\/?utm_source=ig_embed&amp;utm_campaign=loading\" data-instgrm-version=\"14\"><p>&#13;<br \/>\n&#13;\n<\/p><\/blockquote>\n<p><span style=\"font-weight: 400;\">A cerim\u00f4nia de batismo contou com um momento de louvor, ora\u00e7\u00e3o e prega\u00e7\u00e3o da Palavra na beira do mar.<\/span><\/p>\n<p><span style=\"font-weight: 400;\">\u201cO castigo n\u00e3o era de Jesus, o castigo era nosso. Hoje, quando voc\u00ea se batizar, j\u00e1 n\u00e3o ser\u00e1 mais voc\u00ea, mas ser\u00e1 Cristo em voc\u00ea\u201d, ministrou o pastor Samuel.<\/span><\/p>\n<blockquote class=\"instagram-media\" style=\"background: #FFF; border: 0; border-radius: 3px; box-shadow: 0 0 1px 0 rgba(0,0,0,0.5),0 1px 10px 0 rgba(0,0,0,0.15); margin: 1px; max-width: 540px; min-width: 326px; padding: 0; width: calc(100% - 2px);\" data-instgrm-captioned=\"\" data-instgrm-permalink=\"https:\/\/www.instagram.com\/reel\/DU30W6zkkEK\/?utm_source=ig_embed&amp;utm_campaign=loading\" data-instgrm-version=\"14\"><p>&#13;<br \/>\n&#13;\n<\/p><\/blockquote>\n<p><span style=\"font-weight: 400;\">No batismo, os crist\u00e3os tamb\u00e9m fizeram uma declara\u00e7\u00e3o prof\u00e9tica sobre Macei\u00f3 e sobre o Brasil.<\/span><\/p>\n<p><span style=\"font-weight: 400;\">\u201cEm uma ter\u00e7a-feira de Carnaval, n\u00f3s resolvemos declarar algo diferente: Jesus \u00e9 o Senhor do nosso pa\u00eds e o Senhor das nossas praias. N\u00f3s n\u00e3o entregamos nada para o mundo\u201d, afirmou a igreja.<\/span><\/p>\n<p><span style=\"font-weight: 400;\">E Samuel ressaltou: \u201cEu oro e declaro sobre o Brasil uma nova esta\u00e7\u00e3o. Eu creio que muitos ainda v\u00e3o se converter, que essa na\u00e7\u00e3o ver\u00e1 um mover genu\u00edno do Esp\u00edrito. E eu oro para que aquilo que hoje \u00e9 conhecido como ter\u00e7a-feira de Carnaval, um dia seja conhecido como ter\u00e7a-feira da gl\u00f3ria de Deus\u201d.<\/span><\/p>\n<blockquote class=\"instagram-media\" style=\"background: #FFF; border: 0; border-radius: 3px; box-shadow: 0 0 1px 0 rgba(0,0,0,0.5),0 1px 10px 0 rgba(0,0,0,0.15); margin: 1px; max-width: 540px; min-width: 326px; padding: 0; width: calc(100% - 2px);\" data-instgrm-captioned=\"\" data-instgrm-permalink=\"https:\/\/www.instagram.com\/p\/DU4JRbCgLHO\/?utm_source=ig_embed&amp;utm_campaign=loading\" data-instgrm-version=\"14\"><p>&#13;<br \/>\n&#13;\n<\/p><\/blockquote>\n<\/div>\n<p><script async src=\"\/\/www.instagram.com\/embed.js\"><\/script><br \/>\n<br \/><br \/>\n<br \/>Fonte: Guiame <\/p>\n","protected":false},"excerpt":{"rendered":"<p>Uma igreja realizou o batismo de novos convertidos em Macei\u00f3 (AL), na ter\u00e7a-feira de Carnaval (17). A Believe Church, liderada pelos pastores Samuel Cavalcante e Fabiola Melo, celebrou o novo nascimento em Cristo em uma praia da cidade. Em meio as festas de Carnaval, a igreja decidiu celebrar a salva\u00e7\u00e3o de almas. \u201cEm plena ter\u00e7a-feira [&hellip;]<\/p>\n","protected":false},"author":1,"featured_media":4298,"comment_status":"","ping_status":"open","sticky":false,"template":"","format":"standard","meta":{"footnotes":""},"categories":[43],"tags":[],"class_list":["post-4297","post","type-post","status-publish","format-standard","has-post-thumbnail","hentry","category-destaques"],"yoast_head":"<!-- This site is optimized with the Yoast SEO plugin v26.8 - https:\/\/yoast.com\/product\/yoast-seo-wordpress\/ -->\n<title>Igreja faz batismo em praia durante Carnaval: &quot;Celebramos vidas rendidas a Jesus&quot; - R\u00e1dio Porto Seguro<\/title>\n<meta name=\"robots\" content=\"index, follow, max-snippet:-1, max-image-preview:large, max-video-preview:-1\" \/>\n<link rel=\"canonical\" href=\"https:\/\/radioportoseguro.com.br\/site\/2026\/02\/22\/igreja-faz-batismo-em-praia-durante-carnaval-celebramos-vidas-rendidas-a-jesus\/\" \/>\n<meta property=\"og:locale\" content=\"pt_BR\" \/>\n<meta property=\"og:type\" content=\"article\" \/>\n<meta property=\"og:title\" content=\"Igreja faz batismo em praia durante Carnaval: &quot;Celebramos vidas rendidas a Jesus&quot; - R\u00e1dio Porto Seguro\" \/>\n<meta property=\"og:description\" content=\"Uma igreja realizou o batismo de novos convertidos em Macei\u00f3 (AL), na ter\u00e7a-feira de Carnaval (17). A Believe Church, liderada pelos pastores Samuel Cavalcante e Fabiola Melo, celebrou o novo nascimento em Cristo em uma praia da cidade. Em meio as festas de Carnaval, a igreja decidiu celebrar a salva\u00e7\u00e3o de almas. \u201cEm plena ter\u00e7a-feira [&hellip;]\" \/>\n<meta property=\"og:url\" content=\"https:\/\/radioportoseguro.com.br\/site\/2026\/02\/22\/igreja-faz-batismo-em-praia-durante-carnaval-celebramos-vidas-rendidas-a-jesus\/\" \/>\n<meta property=\"og:site_name\" content=\"R\u00e1dio Porto Seguro\" \/>\n<meta property=\"article:published_time\" content=\"2026-02-23T02:49:58+00:00\" \/>\n<meta property=\"og:image\" content=\"https:\/\/media.guiame.com.br\/archives\/2026\/02\/20\/1709371085-batismo.jpeg\" \/>\n<meta name=\"author\" content=\"admin\" \/>\n<meta name=\"twitter:card\" content=\"summary_large_image\" \/>\n<meta name=\"twitter:label1\" content=\"Escrito por\" \/>\n\t<meta name=\"twitter:data1\" content=\"admin\" \/>\n\t<meta name=\"twitter:label2\" content=\"Est. tempo de leitura\" \/>\n\t<meta name=\"twitter:data2\" content=\"2 minutos\" \/>\n<script type=\"application\/ld+json\" class=\"yoast-schema-graph\">{\"@context\":\"https:\/\/schema.org\",\"@graph\":[{\"@type\":\"Article\",\"@id\":\"https:\/\/radioportoseguro.com.br\/site\/2026\/02\/22\/igreja-faz-batismo-em-praia-durante-carnaval-celebramos-vidas-rendidas-a-jesus\/#article\",\"isPartOf\":{\"@id\":\"https:\/\/radioportoseguro.com.br\/site\/2026\/02\/22\/igreja-faz-batismo-em-praia-durante-carnaval-celebramos-vidas-rendidas-a-jesus\/\"},\"author\":{\"name\":\"admin\",\"@id\":\"https:\/\/radioportoseguro.com.br\/site\/#\/schema\/person\/7630acdc320186f13639d3c067ec089b\"},\"headline\":\"Igreja faz batismo em praia durante Carnaval: &#8220;Celebramos vidas rendidas a Jesus&#8221;\",\"datePublished\":\"2026-02-23T02:49:58+00:00\",\"mainEntityOfPage\":{\"@id\":\"https:\/\/radioportoseguro.com.br\/site\/2026\/02\/22\/igreja-faz-batismo-em-praia-durante-carnaval-celebramos-vidas-rendidas-a-jesus\/\"},\"wordCount\":328,\"image\":{\"@id\":\"https:\/\/radioportoseguro.com.br\/site\/2026\/02\/22\/igreja-faz-batismo-em-praia-durante-carnaval-celebramos-vidas-rendidas-a-jesus\/#primaryimage\"},\"thumbnailUrl\":\"https:\/\/radioportoseguro.com.br\/site\/wp-content\/uploads\/2026\/02\/1709371085-batismo.jpeg\",\"articleSection\":[\"Destaques\"],\"inLanguage\":\"pt-BR\"},{\"@type\":\"WebPage\",\"@id\":\"https:\/\/radioportoseguro.com.br\/site\/2026\/02\/22\/igreja-faz-batismo-em-praia-durante-carnaval-celebramos-vidas-rendidas-a-jesus\/\",\"url\":\"https:\/\/radioportoseguro.com.br\/site\/2026\/02\/22\/igreja-faz-batismo-em-praia-durante-carnaval-celebramos-vidas-rendidas-a-jesus\/\",\"name\":\"Igreja faz batismo em praia durante Carnaval: \\\"Celebramos vidas rendidas a Jesus\\\" - R\u00e1dio Porto Seguro\",\"isPartOf\":{\"@id\":\"https:\/\/radioportoseguro.com.br\/site\/#website\"},\"primaryImageOfPage\":{\"@id\":\"https:\/\/radioportoseguro.com.br\/site\/2026\/02\/22\/igreja-faz-batismo-em-praia-durante-carnaval-celebramos-vidas-rendidas-a-jesus\/#primaryimage\"},\"image\":{\"@id\":\"https:\/\/radioportoseguro.com.br\/site\/2026\/02\/22\/igreja-faz-batismo-em-praia-durante-carnaval-celebramos-vidas-rendidas-a-jesus\/#primaryimage\"},\"thumbnailUrl\":\"https:\/\/radioportoseguro.com.br\/site\/wp-content\/uploads\/2026\/02\/1709371085-batismo.jpeg\",\"datePublished\":\"2026-02-23T02:49:58+00:00\",\"author\":{\"@id\":\"https:\/\/radioportoseguro.com.br\/site\/#\/schema\/person\/7630acdc320186f13639d3c067ec089b\"},\"breadcrumb\":{\"@id\":\"https:\/\/radioportoseguro.com.br\/site\/2026\/02\/22\/igreja-faz-batismo-em-praia-durante-carnaval-celebramos-vidas-rendidas-a-jesus\/#breadcrumb\"},\"inLanguage\":\"pt-BR\",\"potentialAction\":[{\"@type\":\"ReadAction\",\"target\":[\"https:\/\/radioportoseguro.com.br\/site\/2026\/02\/22\/igreja-faz-batismo-em-praia-durante-carnaval-celebramos-vidas-rendidas-a-jesus\/\"]}]},{\"@type\":\"ImageObject\",\"inLanguage\":\"pt-BR\",\"@id\":\"https:\/\/radioportoseguro.com.br\/site\/2026\/02\/22\/igreja-faz-batismo-em-praia-durante-carnaval-celebramos-vidas-rendidas-a-jesus\/#primaryimage\",\"url\":\"https:\/\/radioportoseguro.com.br\/site\/wp-content\/uploads\/2026\/02\/1709371085-batismo.jpeg\",\"contentUrl\":\"https:\/\/radioportoseguro.com.br\/site\/wp-content\/uploads\/2026\/02\/1709371085-batismo.jpeg\",\"width\":1200,\"height\":600},{\"@type\":\"BreadcrumbList\",\"@id\":\"https:\/\/radioportoseguro.com.br\/site\/2026\/02\/22\/igreja-faz-batismo-em-praia-durante-carnaval-celebramos-vidas-rendidas-a-jesus\/#breadcrumb\",\"itemListElement\":[{\"@type\":\"ListItem\",\"position\":1,\"name\":\"In\u00edcio\",\"item\":\"https:\/\/radioportoseguro.com.br\/site\/\"},{\"@type\":\"ListItem\",\"position\":2,\"name\":\"Igreja faz batismo em praia durante Carnaval: &#8220;Celebramos vidas rendidas a Jesus&#8221;\"}]},{\"@type\":\"WebSite\",\"@id\":\"https:\/\/radioportoseguro.com.br\/site\/#website\",\"url\":\"https:\/\/radioportoseguro.com.br\/site\/\",\"name\":\"R\u00e1dio Porto Seguro\",\"description\":\"\",\"potentialAction\":[{\"@type\":\"SearchAction\",\"target\":{\"@type\":\"EntryPoint\",\"urlTemplate\":\"https:\/\/radioportoseguro.com.br\/site\/?s={search_term_string}\"},\"query-input\":{\"@type\":\"PropertyValueSpecification\",\"valueRequired\":true,\"valueName\":\"search_term_string\"}}],\"inLanguage\":\"pt-BR\"},{\"@type\":\"Person\",\"@id\":\"https:\/\/radioportoseguro.com.br\/site\/#\/schema\/person\/7630acdc320186f13639d3c067ec089b\",\"name\":\"admin\",\"image\":{\"@type\":\"ImageObject\",\"inLanguage\":\"pt-BR\",\"@id\":\"https:\/\/radioportoseguro.com.br\/site\/#\/schema\/person\/image\/\",\"url\":\"https:\/\/secure.gravatar.com\/avatar\/caacf4dc1eedb68fab0df8e1ed46c448e578b2466351bbcb61e47d2ac0caaef0?s=96&d=mm&r=g\",\"contentUrl\":\"https:\/\/secure.gravatar.com\/avatar\/caacf4dc1eedb68fab0df8e1ed46c448e578b2466351bbcb61e47d2ac0caaef0?s=96&d=mm&r=g\",\"caption\":\"admin\"},\"sameAs\":[\"https:\/\/radioportoseguro.com.br\/site\"],\"url\":\"https:\/\/radioportoseguro.com.br\/site\/author\/hezio\/\"}]}<\/script>\n<!-- \/ Yoast SEO plugin. -->","yoast_head_json":{"title":"Igreja faz batismo em praia durante Carnaval: \"Celebramos vidas rendidas a Jesus\" - R\u00e1dio Porto Seguro","robots":{"index":"index","follow":"follow","max-snippet":"max-snippet:-1","max-image-preview":"max-image-preview:large","max-video-preview":"max-video-preview:-1"},"canonical":"https:\/\/radioportoseguro.com.br\/site\/2026\/02\/22\/igreja-faz-batismo-em-praia-durante-carnaval-celebramos-vidas-rendidas-a-jesus\/","og_locale":"pt_BR","og_type":"article","og_title":"Igreja faz batismo em praia durante Carnaval: \"Celebramos vidas rendidas a Jesus\" - R\u00e1dio Porto Seguro","og_description":"Uma igreja realizou o batismo de novos convertidos em Macei\u00f3 (AL), na ter\u00e7a-feira de Carnaval (17). A Believe Church, liderada pelos pastores Samuel Cavalcante e Fabiola Melo, celebrou o novo nascimento em Cristo em uma praia da cidade. Em meio as festas de Carnaval, a igreja decidiu celebrar a salva\u00e7\u00e3o de almas. \u201cEm plena ter\u00e7a-feira [&hellip;]","og_url":"https:\/\/radioportoseguro.com.br\/site\/2026\/02\/22\/igreja-faz-batismo-em-praia-durante-carnaval-celebramos-vidas-rendidas-a-jesus\/","og_site_name":"R\u00e1dio Porto Seguro","article_published_time":"2026-02-23T02:49:58+00:00","og_image":[{"url":"https:\/\/media.guiame.com.br\/archives\/2026\/02\/20\/1709371085-batismo.jpeg","type":"","width":"","height":""}],"author":"admin","twitter_card":"summary_large_image","twitter_misc":{"Escrito por":"admin","Est. tempo de leitura":"2 minutos"},"schema":{"@context":"https:\/\/schema.org","@graph":[{"@type":"Article","@id":"https:\/\/radioportoseguro.com.br\/site\/2026\/02\/22\/igreja-faz-batismo-em-praia-durante-carnaval-celebramos-vidas-rendidas-a-jesus\/#article","isPartOf":{"@id":"https:\/\/radioportoseguro.com.br\/site\/2026\/02\/22\/igreja-faz-batismo-em-praia-durante-carnaval-celebramos-vidas-rendidas-a-jesus\/"},"author":{"name":"admin","@id":"https:\/\/radioportoseguro.com.br\/site\/#\/schema\/person\/7630acdc320186f13639d3c067ec089b"},"headline":"Igreja faz batismo em praia durante Carnaval: &#8220;Celebramos vidas rendidas a Jesus&#8221;","datePublished":"2026-02-23T02:49:58+00:00","mainEntityOfPage":{"@id":"https:\/\/radioportoseguro.com.br\/site\/2026\/02\/22\/igreja-faz-batismo-em-praia-durante-carnaval-celebramos-vidas-rendidas-a-jesus\/"},"wordCount":328,"image":{"@id":"https:\/\/radioportoseguro.com.br\/site\/2026\/02\/22\/igreja-faz-batismo-em-praia-durante-carnaval-celebramos-vidas-rendidas-a-jesus\/#primaryimage"},"thumbnailUrl":"https:\/\/radioportoseguro.com.br\/site\/wp-content\/uploads\/2026\/02\/1709371085-batismo.jpeg","articleSection":["Destaques"],"inLanguage":"pt-BR"},{"@type":"WebPage","@id":"https:\/\/radioportoseguro.com.br\/site\/2026\/02\/22\/igreja-faz-batismo-em-praia-durante-carnaval-celebramos-vidas-rendidas-a-jesus\/","url":"https:\/\/radioportoseguro.com.br\/site\/2026\/02\/22\/igreja-faz-batismo-em-praia-durante-carnaval-celebramos-vidas-rendidas-a-jesus\/","name":"Igreja faz batismo em praia durante Carnaval: \"Celebramos vidas rendidas a Jesus\" - R\u00e1dio Porto Seguro","isPartOf":{"@id":"https:\/\/radioportoseguro.com.br\/site\/#website"},"primaryImageOfPage":{"@id":"https:\/\/radioportoseguro.com.br\/site\/2026\/02\/22\/igreja-faz-batismo-em-praia-durante-carnaval-celebramos-vidas-rendidas-a-jesus\/#primaryimage"},"image":{"@id":"https:\/\/radioportoseguro.com.br\/site\/2026\/02\/22\/igreja-faz-batismo-em-praia-durante-carnaval-celebramos-vidas-rendidas-a-jesus\/#primaryimage"},"thumbnailUrl":"https:\/\/radioportoseguro.com.br\/site\/wp-content\/uploads\/2026\/02\/1709371085-batismo.jpeg","datePublished":"2026-02-23T02:49:58+00:00","author":{"@id":"https:\/\/radioportoseguro.com.br\/site\/#\/schema\/person\/7630acdc320186f13639d3c067ec089b"},"breadcrumb":{"@id":"https:\/\/radioportoseguro.com.br\/site\/2026\/02\/22\/igreja-faz-batismo-em-praia-durante-carnaval-celebramos-vidas-rendidas-a-jesus\/#breadcrumb"},"inLanguage":"pt-BR","potentialAction":[{"@type":"ReadAction","target":["https:\/\/radioportoseguro.com.br\/site\/2026\/02\/22\/igreja-faz-batismo-em-praia-durante-carnaval-celebramos-vidas-rendidas-a-jesus\/"]}]},{"@type":"ImageObject","inLanguage":"pt-BR","@id":"https:\/\/radioportoseguro.com.br\/site\/2026\/02\/22\/igreja-faz-batismo-em-praia-durante-carnaval-celebramos-vidas-rendidas-a-jesus\/#primaryimage","url":"https:\/\/radioportoseguro.com.br\/site\/wp-content\/uploads\/2026\/02\/1709371085-batismo.jpeg","contentUrl":"https:\/\/radioportoseguro.com.br\/site\/wp-content\/uploads\/2026\/02\/1709371085-batismo.jpeg","width":1200,"height":600},{"@type":"BreadcrumbList","@id":"https:\/\/radioportoseguro.com.br\/site\/2026\/02\/22\/igreja-faz-batismo-em-praia-durante-carnaval-celebramos-vidas-rendidas-a-jesus\/#breadcrumb","itemListElement":[{"@type":"ListItem","position":1,"name":"In\u00edcio","item":"https:\/\/radioportoseguro.com.br\/site\/"},{"@type":"ListItem","position":2,"name":"Igreja faz batismo em praia durante Carnaval: &#8220;Celebramos vidas rendidas a Jesus&#8221;"}]},{"@type":"WebSite","@id":"https:\/\/radioportoseguro.com.br\/site\/#website","url":"https:\/\/radioportoseguro.com.br\/site\/","name":"R\u00e1dio Porto Seguro","description":"","potentialAction":[{"@type":"SearchAction","target":{"@type":"EntryPoint","urlTemplate":"https:\/\/radioportoseguro.com.br\/site\/?s={search_term_string}"},"query-input":{"@type":"PropertyValueSpecification","valueRequired":true,"valueName":"search_term_string"}}],"inLanguage":"pt-BR"},{"@type":"Person","@id":"https:\/\/radioportoseguro.com.br\/site\/#\/schema\/person\/7630acdc320186f13639d3c067ec089b","name":"admin","image":{"@type":"ImageObject","inLanguage":"pt-BR","@id":"https:\/\/radioportoseguro.com.br\/site\/#\/schema\/person\/image\/","url":"https:\/\/secure.gravatar.com\/avatar\/caacf4dc1eedb68fab0df8e1ed46c448e578b2466351bbcb61e47d2ac0caaef0?s=96&d=mm&r=g","contentUrl":"https:\/\/secure.gravatar.com\/avatar\/caacf4dc1eedb68fab0df8e1ed46c448e578b2466351bbcb61e47d2ac0caaef0?s=96&d=mm&r=g","caption":"admin"},"sameAs":["https:\/\/radioportoseguro.com.br\/site"],"url":"https:\/\/radioportoseguro.com.br\/site\/author\/hezio\/"}]}},"_links":{"self":[{"href":"https:\/\/radioportoseguro.com.br\/site\/wp-json\/wp\/v2\/posts\/4297","targetHints":{"allow":["GET"]}}],"collection":[{"href":"https:\/\/radioportoseguro.com.br\/site\/wp-json\/wp\/v2\/posts"}],"about":[{"href":"https:\/\/radioportoseguro.com.br\/site\/wp-json\/wp\/v2\/types\/post"}],"author":[{"embeddable":true,"href":"https:\/\/radioportoseguro.com.br\/site\/wp-json\/wp\/v2\/users\/1"}],"replies":[{"embeddable":true,"href":"https:\/\/radioportoseguro.com.br\/site\/wp-json\/wp\/v2\/comments?post=4297"}],"version-history":[{"count":0,"href":"https:\/\/radioportoseguro.com.br\/site\/wp-json\/wp\/v2\/posts\/4297\/revisions"}],"wp:featuredmedia":[{"embeddable":true,"href":"https:\/\/radioportoseguro.com.br\/site\/wp-json\/wp\/v2\/media\/4298"}],"wp:attachment":[{"href":"https:\/\/radioportoseguro.com.br\/site\/wp-json\/wp\/v2\/media?parent=4297"}],"wp:term":[{"taxonomy":"category","embeddable":true,"href":"https:\/\/radioportoseguro.com.br\/site\/wp-json\/wp\/v2\/categories?post=4297"},{"taxonomy":"post_tag","embeddable":true,"href":"https:\/\/radioportoseguro.com.br\/site\/wp-json\/wp\/v2\/tags?post=4297"}],"curies":[{"name":"wp","href":"https:\/\/api.w.org\/{rel}","templated":true}]}}