{"id":4318,"date":"2026-02-24T03:11:52","date_gmt":"2026-02-24T06:11:52","guid":{"rendered":"https:\/\/radioportoseguro.com.br\/site\/2026\/02\/24\/boxeador-se-prepara-com-louvor-antes-de-luta-e-se-torna-campeao-deus-me-guiou\/"},"modified":"2026-02-24T03:11:52","modified_gmt":"2026-02-24T06:11:52","slug":"boxeador-se-prepara-com-louvor-antes-de-luta-e-se-torna-campeao-deus-me-guiou","status":"publish","type":"post","link":"https:\/\/radioportoseguro.com.br\/site\/2026\/02\/24\/boxeador-se-prepara-com-louvor-antes-de-luta-e-se-torna-campeao-deus-me-guiou\/","title":{"rendered":"Boxeador se prepara com louvor antes de luta e se torna campe\u00e3o: \u201cDeus me guiou\u201d"},"content":{"rendered":"<p><br \/>\n<br \/><\/p>\n<div>\n<p><span style=\"font-weight: 400;\">O boxeador americano Ryan Garcia, de 27 anos, fez seu preparo com louvores antes da <\/span><span style=\"color: #800000;\"><strong>luta<\/strong><\/span><span style=\"font-weight: 400;\"> pelo cintur\u00e3o do Campeonato Mundial do Conselho Mundial de Boxe (WBC).<\/span><\/p>\n<p><span style=\"font-weight: 400;\">O confronto contra Mario Barrios aconteceu no evento principal de &#8220;The Ring: High Stakes\u201d, na T-Mobile Arena, em Las Vegas, Estados Unidos, no \u00faltimo s\u00e1bado (21), segundo a Ring Magazine.<\/span><\/p>\n<blockquote class=\"instagram-media\" style=\"background: #FFF; border: 0; border-radius: 3px; box-shadow: 0 0 1px 0 rgba(0,0,0,0.5),0 1px 10px 0 rgba(0,0,0,0.15); margin: 1px; max-width: 540px; min-width: 326px; padding: 0; width: calc(100% - 2px);\" data-instgrm-captioned=\"\" data-instgrm-permalink=\"https:\/\/www.instagram.com\/reel\/DVFY9jnEYz9\/?utm_source=ig_embed&amp;utm_campaign=loading\" data-instgrm-version=\"14\"><p>&#13;<br \/>\n&#13;\n<\/p><\/blockquote>\n<p><span style=\"font-weight: 400;\">Antes de entrar no ringue, Ryan se preparou mentalmente e fisicamente ao som de louvores. Enquanto um grupo ministrava a adora\u00e7\u00e3o, ele repassou seus movimentos e colocou as faixas de prote\u00e7\u00e3o nas m\u00e3os.<\/span><\/p>\n<blockquote class=\"instagram-media\" style=\"background: #FFF; border: 0; border-radius: 3px; box-shadow: 0 0 1px 0 rgba(0,0,0,0.5),0 1px 10px 0 rgba(0,0,0,0.15); margin: 1px; max-width: 540px; min-width: 326px; padding: 0; width: calc(100% - 2px);\" data-instgrm-captioned=\"\" data-instgrm-permalink=\"https:\/\/www.instagram.com\/reel\/DVC5xgoiqy5\/?utm_source=ig_embed&amp;utm_campaign=loading\" data-instgrm-version=\"14\"><p>&#13;<br \/>\n&#13;\n<\/p><\/blockquote>\n<p><span style=\"font-weight: 400;\">Em certos momentos, o <\/span><span style=\"color: #800000;\"><strong>lutador<\/strong><\/span><span style=\"font-weight: 400;\"> se concentrava, levantava os bra\u00e7os e cantava junto com o grupo, em adora\u00e7\u00e3o a Deus. V\u00eddeos do momento foram compartilhados no Instagram por portais de esportes.\u00a0<\/span><\/p>\n<blockquote class=\"instagram-media\" style=\"background: #FFF; border: 0; border-radius: 3px; box-shadow: 0 0 1px 0 rgba(0,0,0,0.5),0 1px 10px 0 rgba(0,0,0,0.15); margin: 1px; max-width: 540px; min-width: 326px; padding: 0; width: calc(100% - 2px);\" data-instgrm-captioned=\"\" data-instgrm-permalink=\"https:\/\/www.instagram.com\/reel\/DVC8-e4kZa6\/?utm_source=ig_embed&amp;utm_campaign=loading\" data-instgrm-version=\"14\"><p>&#13;<br \/>\n&#13;\n<\/p><\/blockquote>\n<p><span style=\"font-weight: 400;\">Em seguida, Ryan Garcia e Mario Barrios lutaram, na categoria Peso meio-m\u00e9dio. Garcia derrotou Barrios por 185 a 106 em golpes totais, se tornando campe\u00e3o mundial em sua categoria pela primeira vez.<\/span><\/p>\n<p style=\"text-align: center;\">\u00a0<div class=\"ose-youtube ose-uid-f41dd9f99f9feb9f5ac187862bd48523 ose-embedpress-responsive\" style=\"width:600px; height:600px; max-height:600px; max-width:100%; display:inline-block;\" data-embed-type=\"Youtube\"><iframe allowFullScreen=\"true\" title=\"MARIO BARRIOS VS RYAN GARCIA | FIGHT HIGHLIGHTS\" width=\"600\" height=\"600\" src=\"https:\/\/www.youtube.com\/embed\/1gdM2Hg2VWQ?feature=oembed&color=red&rel=0&controls=1&start=&end=&fs=0&iv_load_policy=0&autoplay=0&mute=0&modestbranding=0&cc_load_policy=1&playsinline=1\" frameborder=\"0\" allow=\"accelerometer; encrypted-media;accelerometer;autoplay;clipboard-write;gyroscope;picture-in-picture clipboard-write; encrypted-media; gyroscope; picture-in-picture; web-share\" referrerpolicy=\"strict-origin-when-cross-origin\" allowfullscreen><\/iframe><\/div><\/p>\n<p><span style=\"font-weight: 400;\">Ryan recebeu o cintur\u00e3o do Conselho Mundial de Boxe no ringue. Quando o apresentador perguntou \u201cComo \u00e9 se sentir campe\u00e3o mundial?\u201d, o lutador louvou a Deus pela vit\u00f3ria.<\/span><\/p>\n<p><span style=\"font-weight: 400;\">\u201c\u00c9 \u00f3timo, cara, mas \u00e9 ainda melhor ser filho de Deus, para ser sincero. Meu Pai Celestial, obrigado! O Senhor me guiou por todo o caminho. Eu n\u00e3o conseguiria sem o Senhor. E eu s\u00f3 quero dar toda a gl\u00f3ria ao meu Senhor e Salvador, Jesus Cristo\u201d, declarou.<\/span><\/p>\n<p><span style=\"font-weight: 400;\">Ele tamb\u00e9m dedicou o cintur\u00e3o ao pai, que estava ao seu lado no momento.\u00a0<\/span><\/p>\n<blockquote class=\"instagram-media\" style=\"background: #FFF; border: 0; border-radius: 3px; box-shadow: 0 0 1px 0 rgba(0,0,0,0.5),0 1px 10px 0 rgba(0,0,0,0.15); margin: 1px; max-width: 540px; min-width: 326px; padding: 0; width: calc(100% - 2px);\" data-instgrm-captioned=\"\" data-instgrm-permalink=\"https:\/\/www.instagram.com\/reel\/DVFSNhDEf8k\/?utm_source=ig_embed&amp;utm_campaign=loading\" data-instgrm-version=\"14\"><p>&#13;<br \/>\n&#13;\n<\/p><\/blockquote>\n<\/div>\n<p><script async src=\"\/\/www.instagram.com\/embed.js\"><\/script><br \/>\n<br \/><br \/>\n<br \/>Fonte: Guiame <\/p>\n","protected":false},"excerpt":{"rendered":"<p>O boxeador americano Ryan Garcia, de 27 anos, fez seu preparo com louvores antes da luta pelo cintur\u00e3o do Campeonato Mundial do Conselho Mundial de Boxe (WBC). O confronto contra Mario Barrios aconteceu no evento principal de &#8220;The Ring: High Stakes\u201d, na T-Mobile Arena, em Las Vegas, Estados Unidos, no \u00faltimo s\u00e1bado (21), segundo a [&hellip;]<\/p>\n","protected":false},"author":1,"featured_media":4319,"comment_status":"","ping_status":"open","sticky":false,"template":"","format":"standard","meta":{"footnotes":""},"categories":[43],"tags":[],"class_list":["post-4318","post","type-post","status-publish","format-standard","has-post-thumbnail","hentry","category-destaques"],"yoast_head":"<!-- This site is optimized with the Yoast SEO plugin v26.8 - https:\/\/yoast.com\/product\/yoast-seo-wordpress\/ -->\n<title>Boxeador se prepara com louvor antes de luta e se torna campe\u00e3o: \u201cDeus me guiou\u201d - R\u00e1dio Porto Seguro<\/title>\n<meta name=\"robots\" content=\"index, follow, max-snippet:-1, max-image-preview:large, max-video-preview:-1\" \/>\n<link rel=\"canonical\" href=\"https:\/\/radioportoseguro.com.br\/site\/2026\/02\/24\/boxeador-se-prepara-com-louvor-antes-de-luta-e-se-torna-campeao-deus-me-guiou\/\" \/>\n<meta property=\"og:locale\" content=\"pt_BR\" \/>\n<meta property=\"og:type\" content=\"article\" \/>\n<meta property=\"og:title\" content=\"Boxeador se prepara com louvor antes de luta e se torna campe\u00e3o: \u201cDeus me guiou\u201d - R\u00e1dio Porto Seguro\" \/>\n<meta property=\"og:description\" content=\"O boxeador americano Ryan Garcia, de 27 anos, fez seu preparo com louvores antes da luta pelo cintur\u00e3o do Campeonato Mundial do Conselho Mundial de Boxe (WBC). O confronto contra Mario Barrios aconteceu no evento principal de &#8220;The Ring: High Stakes\u201d, na T-Mobile Arena, em Las Vegas, Estados Unidos, no \u00faltimo s\u00e1bado (21), segundo a [&hellip;]\" \/>\n<meta property=\"og:url\" content=\"https:\/\/radioportoseguro.com.br\/site\/2026\/02\/24\/boxeador-se-prepara-com-louvor-antes-de-luta-e-se-torna-campeao-deus-me-guiou\/\" \/>\n<meta property=\"og:site_name\" content=\"R\u00e1dio Porto Seguro\" \/>\n<meta property=\"article:published_time\" content=\"2026-02-24T06:11:52+00:00\" \/>\n<meta property=\"og:image\" content=\"https:\/\/media.guiame.com.br\/archives\/2026\/02\/23\/41879895-ryan-garcia.jpeg\" \/>\n<meta name=\"author\" content=\"admin\" \/>\n<meta name=\"twitter:card\" content=\"summary_large_image\" \/>\n<meta name=\"twitter:label1\" content=\"Escrito por\" \/>\n\t<meta name=\"twitter:data1\" content=\"admin\" \/>\n\t<meta name=\"twitter:label2\" content=\"Est. tempo de leitura\" \/>\n\t<meta name=\"twitter:data2\" content=\"1 minuto\" \/>\n<script type=\"application\/ld+json\" class=\"yoast-schema-graph\">{\"@context\":\"https:\/\/schema.org\",\"@graph\":[{\"@type\":\"Article\",\"@id\":\"https:\/\/radioportoseguro.com.br\/site\/2026\/02\/24\/boxeador-se-prepara-com-louvor-antes-de-luta-e-se-torna-campeao-deus-me-guiou\/#article\",\"isPartOf\":{\"@id\":\"https:\/\/radioportoseguro.com.br\/site\/2026\/02\/24\/boxeador-se-prepara-com-louvor-antes-de-luta-e-se-torna-campeao-deus-me-guiou\/\"},\"author\":{\"name\":\"admin\",\"@id\":\"https:\/\/radioportoseguro.com.br\/site\/#\/schema\/person\/7630acdc320186f13639d3c067ec089b\"},\"headline\":\"Boxeador se prepara com louvor antes de luta e se torna campe\u00e3o: \u201cDeus me guiou\u201d\",\"datePublished\":\"2026-02-24T06:11:52+00:00\",\"mainEntityOfPage\":{\"@id\":\"https:\/\/radioportoseguro.com.br\/site\/2026\/02\/24\/boxeador-se-prepara-com-louvor-antes-de-luta-e-se-torna-campeao-deus-me-guiou\/\"},\"wordCount\":284,\"image\":{\"@id\":\"https:\/\/radioportoseguro.com.br\/site\/2026\/02\/24\/boxeador-se-prepara-com-louvor-antes-de-luta-e-se-torna-campeao-deus-me-guiou\/#primaryimage\"},\"thumbnailUrl\":\"https:\/\/radioportoseguro.com.br\/site\/wp-content\/uploads\/2026\/02\/41879895-ryan-garcia.jpeg\",\"articleSection\":[\"Destaques\"],\"inLanguage\":\"pt-BR\"},{\"@type\":\"WebPage\",\"@id\":\"https:\/\/radioportoseguro.com.br\/site\/2026\/02\/24\/boxeador-se-prepara-com-louvor-antes-de-luta-e-se-torna-campeao-deus-me-guiou\/\",\"url\":\"https:\/\/radioportoseguro.com.br\/site\/2026\/02\/24\/boxeador-se-prepara-com-louvor-antes-de-luta-e-se-torna-campeao-deus-me-guiou\/\",\"name\":\"Boxeador se prepara com louvor antes de luta e se torna campe\u00e3o: \u201cDeus me guiou\u201d - R\u00e1dio Porto Seguro\",\"isPartOf\":{\"@id\":\"https:\/\/radioportoseguro.com.br\/site\/#website\"},\"primaryImageOfPage\":{\"@id\":\"https:\/\/radioportoseguro.com.br\/site\/2026\/02\/24\/boxeador-se-prepara-com-louvor-antes-de-luta-e-se-torna-campeao-deus-me-guiou\/#primaryimage\"},\"image\":{\"@id\":\"https:\/\/radioportoseguro.com.br\/site\/2026\/02\/24\/boxeador-se-prepara-com-louvor-antes-de-luta-e-se-torna-campeao-deus-me-guiou\/#primaryimage\"},\"thumbnailUrl\":\"https:\/\/radioportoseguro.com.br\/site\/wp-content\/uploads\/2026\/02\/41879895-ryan-garcia.jpeg\",\"datePublished\":\"2026-02-24T06:11:52+00:00\",\"author\":{\"@id\":\"https:\/\/radioportoseguro.com.br\/site\/#\/schema\/person\/7630acdc320186f13639d3c067ec089b\"},\"breadcrumb\":{\"@id\":\"https:\/\/radioportoseguro.com.br\/site\/2026\/02\/24\/boxeador-se-prepara-com-louvor-antes-de-luta-e-se-torna-campeao-deus-me-guiou\/#breadcrumb\"},\"inLanguage\":\"pt-BR\",\"potentialAction\":[{\"@type\":\"ReadAction\",\"target\":[\"https:\/\/radioportoseguro.com.br\/site\/2026\/02\/24\/boxeador-se-prepara-com-louvor-antes-de-luta-e-se-torna-campeao-deus-me-guiou\/\"]}]},{\"@type\":\"ImageObject\",\"inLanguage\":\"pt-BR\",\"@id\":\"https:\/\/radioportoseguro.com.br\/site\/2026\/02\/24\/boxeador-se-prepara-com-louvor-antes-de-luta-e-se-torna-campeao-deus-me-guiou\/#primaryimage\",\"url\":\"https:\/\/radioportoseguro.com.br\/site\/wp-content\/uploads\/2026\/02\/41879895-ryan-garcia.jpeg\",\"contentUrl\":\"https:\/\/radioportoseguro.com.br\/site\/wp-content\/uploads\/2026\/02\/41879895-ryan-garcia.jpeg\",\"width\":1200,\"height\":600},{\"@type\":\"BreadcrumbList\",\"@id\":\"https:\/\/radioportoseguro.com.br\/site\/2026\/02\/24\/boxeador-se-prepara-com-louvor-antes-de-luta-e-se-torna-campeao-deus-me-guiou\/#breadcrumb\",\"itemListElement\":[{\"@type\":\"ListItem\",\"position\":1,\"name\":\"In\u00edcio\",\"item\":\"https:\/\/radioportoseguro.com.br\/site\/\"},{\"@type\":\"ListItem\",\"position\":2,\"name\":\"Boxeador se prepara com louvor antes de luta e se torna campe\u00e3o: \u201cDeus me guiou\u201d\"}]},{\"@type\":\"WebSite\",\"@id\":\"https:\/\/radioportoseguro.com.br\/site\/#website\",\"url\":\"https:\/\/radioportoseguro.com.br\/site\/\",\"name\":\"R\u00e1dio Porto Seguro\",\"description\":\"\",\"potentialAction\":[{\"@type\":\"SearchAction\",\"target\":{\"@type\":\"EntryPoint\",\"urlTemplate\":\"https:\/\/radioportoseguro.com.br\/site\/?s={search_term_string}\"},\"query-input\":{\"@type\":\"PropertyValueSpecification\",\"valueRequired\":true,\"valueName\":\"search_term_string\"}}],\"inLanguage\":\"pt-BR\"},{\"@type\":\"Person\",\"@id\":\"https:\/\/radioportoseguro.com.br\/site\/#\/schema\/person\/7630acdc320186f13639d3c067ec089b\",\"name\":\"admin\",\"image\":{\"@type\":\"ImageObject\",\"inLanguage\":\"pt-BR\",\"@id\":\"https:\/\/radioportoseguro.com.br\/site\/#\/schema\/person\/image\/\",\"url\":\"https:\/\/secure.gravatar.com\/avatar\/caacf4dc1eedb68fab0df8e1ed46c448e578b2466351bbcb61e47d2ac0caaef0?s=96&d=mm&r=g\",\"contentUrl\":\"https:\/\/secure.gravatar.com\/avatar\/caacf4dc1eedb68fab0df8e1ed46c448e578b2466351bbcb61e47d2ac0caaef0?s=96&d=mm&r=g\",\"caption\":\"admin\"},\"sameAs\":[\"https:\/\/radioportoseguro.com.br\/site\"],\"url\":\"https:\/\/radioportoseguro.com.br\/site\/author\/hezio\/\"}]}<\/script>\n<!-- \/ Yoast SEO plugin. -->","yoast_head_json":{"title":"Boxeador se prepara com louvor antes de luta e se torna campe\u00e3o: \u201cDeus me guiou\u201d - R\u00e1dio Porto Seguro","robots":{"index":"index","follow":"follow","max-snippet":"max-snippet:-1","max-image-preview":"max-image-preview:large","max-video-preview":"max-video-preview:-1"},"canonical":"https:\/\/radioportoseguro.com.br\/site\/2026\/02\/24\/boxeador-se-prepara-com-louvor-antes-de-luta-e-se-torna-campeao-deus-me-guiou\/","og_locale":"pt_BR","og_type":"article","og_title":"Boxeador se prepara com louvor antes de luta e se torna campe\u00e3o: \u201cDeus me guiou\u201d - R\u00e1dio Porto Seguro","og_description":"O boxeador americano Ryan Garcia, de 27 anos, fez seu preparo com louvores antes da luta pelo cintur\u00e3o do Campeonato Mundial do Conselho Mundial de Boxe (WBC). O confronto contra Mario Barrios aconteceu no evento principal de &#8220;The Ring: High Stakes\u201d, na T-Mobile Arena, em Las Vegas, Estados Unidos, no \u00faltimo s\u00e1bado (21), segundo a [&hellip;]","og_url":"https:\/\/radioportoseguro.com.br\/site\/2026\/02\/24\/boxeador-se-prepara-com-louvor-antes-de-luta-e-se-torna-campeao-deus-me-guiou\/","og_site_name":"R\u00e1dio Porto Seguro","article_published_time":"2026-02-24T06:11:52+00:00","og_image":[{"url":"https:\/\/media.guiame.com.br\/archives\/2026\/02\/23\/41879895-ryan-garcia.jpeg","type":"","width":"","height":""}],"author":"admin","twitter_card":"summary_large_image","twitter_misc":{"Escrito por":"admin","Est. tempo de leitura":"1 minuto"},"schema":{"@context":"https:\/\/schema.org","@graph":[{"@type":"Article","@id":"https:\/\/radioportoseguro.com.br\/site\/2026\/02\/24\/boxeador-se-prepara-com-louvor-antes-de-luta-e-se-torna-campeao-deus-me-guiou\/#article","isPartOf":{"@id":"https:\/\/radioportoseguro.com.br\/site\/2026\/02\/24\/boxeador-se-prepara-com-louvor-antes-de-luta-e-se-torna-campeao-deus-me-guiou\/"},"author":{"name":"admin","@id":"https:\/\/radioportoseguro.com.br\/site\/#\/schema\/person\/7630acdc320186f13639d3c067ec089b"},"headline":"Boxeador se prepara com louvor antes de luta e se torna campe\u00e3o: \u201cDeus me guiou\u201d","datePublished":"2026-02-24T06:11:52+00:00","mainEntityOfPage":{"@id":"https:\/\/radioportoseguro.com.br\/site\/2026\/02\/24\/boxeador-se-prepara-com-louvor-antes-de-luta-e-se-torna-campeao-deus-me-guiou\/"},"wordCount":284,"image":{"@id":"https:\/\/radioportoseguro.com.br\/site\/2026\/02\/24\/boxeador-se-prepara-com-louvor-antes-de-luta-e-se-torna-campeao-deus-me-guiou\/#primaryimage"},"thumbnailUrl":"https:\/\/radioportoseguro.com.br\/site\/wp-content\/uploads\/2026\/02\/41879895-ryan-garcia.jpeg","articleSection":["Destaques"],"inLanguage":"pt-BR"},{"@type":"WebPage","@id":"https:\/\/radioportoseguro.com.br\/site\/2026\/02\/24\/boxeador-se-prepara-com-louvor-antes-de-luta-e-se-torna-campeao-deus-me-guiou\/","url":"https:\/\/radioportoseguro.com.br\/site\/2026\/02\/24\/boxeador-se-prepara-com-louvor-antes-de-luta-e-se-torna-campeao-deus-me-guiou\/","name":"Boxeador se prepara com louvor antes de luta e se torna campe\u00e3o: \u201cDeus me guiou\u201d - R\u00e1dio Porto Seguro","isPartOf":{"@id":"https:\/\/radioportoseguro.com.br\/site\/#website"},"primaryImageOfPage":{"@id":"https:\/\/radioportoseguro.com.br\/site\/2026\/02\/24\/boxeador-se-prepara-com-louvor-antes-de-luta-e-se-torna-campeao-deus-me-guiou\/#primaryimage"},"image":{"@id":"https:\/\/radioportoseguro.com.br\/site\/2026\/02\/24\/boxeador-se-prepara-com-louvor-antes-de-luta-e-se-torna-campeao-deus-me-guiou\/#primaryimage"},"thumbnailUrl":"https:\/\/radioportoseguro.com.br\/site\/wp-content\/uploads\/2026\/02\/41879895-ryan-garcia.jpeg","datePublished":"2026-02-24T06:11:52+00:00","author":{"@id":"https:\/\/radioportoseguro.com.br\/site\/#\/schema\/person\/7630acdc320186f13639d3c067ec089b"},"breadcrumb":{"@id":"https:\/\/radioportoseguro.com.br\/site\/2026\/02\/24\/boxeador-se-prepara-com-louvor-antes-de-luta-e-se-torna-campeao-deus-me-guiou\/#breadcrumb"},"inLanguage":"pt-BR","potentialAction":[{"@type":"ReadAction","target":["https:\/\/radioportoseguro.com.br\/site\/2026\/02\/24\/boxeador-se-prepara-com-louvor-antes-de-luta-e-se-torna-campeao-deus-me-guiou\/"]}]},{"@type":"ImageObject","inLanguage":"pt-BR","@id":"https:\/\/radioportoseguro.com.br\/site\/2026\/02\/24\/boxeador-se-prepara-com-louvor-antes-de-luta-e-se-torna-campeao-deus-me-guiou\/#primaryimage","url":"https:\/\/radioportoseguro.com.br\/site\/wp-content\/uploads\/2026\/02\/41879895-ryan-garcia.jpeg","contentUrl":"https:\/\/radioportoseguro.com.br\/site\/wp-content\/uploads\/2026\/02\/41879895-ryan-garcia.jpeg","width":1200,"height":600},{"@type":"BreadcrumbList","@id":"https:\/\/radioportoseguro.com.br\/site\/2026\/02\/24\/boxeador-se-prepara-com-louvor-antes-de-luta-e-se-torna-campeao-deus-me-guiou\/#breadcrumb","itemListElement":[{"@type":"ListItem","position":1,"name":"In\u00edcio","item":"https:\/\/radioportoseguro.com.br\/site\/"},{"@type":"ListItem","position":2,"name":"Boxeador se prepara com louvor antes de luta e se torna campe\u00e3o: \u201cDeus me guiou\u201d"}]},{"@type":"WebSite","@id":"https:\/\/radioportoseguro.com.br\/site\/#website","url":"https:\/\/radioportoseguro.com.br\/site\/","name":"R\u00e1dio Porto Seguro","description":"","potentialAction":[{"@type":"SearchAction","target":{"@type":"EntryPoint","urlTemplate":"https:\/\/radioportoseguro.com.br\/site\/?s={search_term_string}"},"query-input":{"@type":"PropertyValueSpecification","valueRequired":true,"valueName":"search_term_string"}}],"inLanguage":"pt-BR"},{"@type":"Person","@id":"https:\/\/radioportoseguro.com.br\/site\/#\/schema\/person\/7630acdc320186f13639d3c067ec089b","name":"admin","image":{"@type":"ImageObject","inLanguage":"pt-BR","@id":"https:\/\/radioportoseguro.com.br\/site\/#\/schema\/person\/image\/","url":"https:\/\/secure.gravatar.com\/avatar\/caacf4dc1eedb68fab0df8e1ed46c448e578b2466351bbcb61e47d2ac0caaef0?s=96&d=mm&r=g","contentUrl":"https:\/\/secure.gravatar.com\/avatar\/caacf4dc1eedb68fab0df8e1ed46c448e578b2466351bbcb61e47d2ac0caaef0?s=96&d=mm&r=g","caption":"admin"},"sameAs":["https:\/\/radioportoseguro.com.br\/site"],"url":"https:\/\/radioportoseguro.com.br\/site\/author\/hezio\/"}]}},"_links":{"self":[{"href":"https:\/\/radioportoseguro.com.br\/site\/wp-json\/wp\/v2\/posts\/4318","targetHints":{"allow":["GET"]}}],"collection":[{"href":"https:\/\/radioportoseguro.com.br\/site\/wp-json\/wp\/v2\/posts"}],"about":[{"href":"https:\/\/radioportoseguro.com.br\/site\/wp-json\/wp\/v2\/types\/post"}],"author":[{"embeddable":true,"href":"https:\/\/radioportoseguro.com.br\/site\/wp-json\/wp\/v2\/users\/1"}],"replies":[{"embeddable":true,"href":"https:\/\/radioportoseguro.com.br\/site\/wp-json\/wp\/v2\/comments?post=4318"}],"version-history":[{"count":0,"href":"https:\/\/radioportoseguro.com.br\/site\/wp-json\/wp\/v2\/posts\/4318\/revisions"}],"wp:featuredmedia":[{"embeddable":true,"href":"https:\/\/radioportoseguro.com.br\/site\/wp-json\/wp\/v2\/media\/4319"}],"wp:attachment":[{"href":"https:\/\/radioportoseguro.com.br\/site\/wp-json\/wp\/v2\/media?parent=4318"}],"wp:term":[{"taxonomy":"category","embeddable":true,"href":"https:\/\/radioportoseguro.com.br\/site\/wp-json\/wp\/v2\/categories?post=4318"},{"taxonomy":"post_tag","embeddable":true,"href":"https:\/\/radioportoseguro.com.br\/site\/wp-json\/wp\/v2\/tags?post=4318"}],"curies":[{"name":"wp","href":"https:\/\/api.w.org\/{rel}","templated":true}]}}