{"id":4322,"date":"2026-02-24T05:16:01","date_gmt":"2026-02-24T08:16:01","guid":{"rendered":"https:\/\/radioportoseguro.com.br\/site\/2026\/02\/24\/adolescente-que-ficou-2-horas-sem-sinais-vitais-volta-a-vida-apos-oracoes-nos-eua\/"},"modified":"2026-02-24T05:16:01","modified_gmt":"2026-02-24T08:16:01","slug":"adolescente-que-ficou-2-horas-sem-sinais-vitais-volta-a-vida-apos-oracoes-nos-eua","status":"publish","type":"post","link":"https:\/\/radioportoseguro.com.br\/site\/2026\/02\/24\/adolescente-que-ficou-2-horas-sem-sinais-vitais-volta-a-vida-apos-oracoes-nos-eua\/","title":{"rendered":"Adolescente que ficou 2 horas sem sinais vitais volta \u00e0 vida ap\u00f3s ora\u00e7\u00f5es nos EUA"},"content":{"rendered":"<p><br \/>\n<\/p>\n<div>\n<p><span style=\"font-weight: 400;\">Um adolescente de 17 anos foi declarado morto ap\u00f3s um grave acidente de carro, mas <\/span><span style=\"color: #993300;\"><strong>voltou \u00e0 vida<\/strong><\/span><span style=\"font-weight: 400;\"> cerca de duas horas e meia depois, ap\u00f3s ora\u00e7\u00f5es, nos Estados Unidos.<\/span><\/p>\n<p><span style=\"font-weight: 400;\">O caso ocorreu em Lawton, quando a caminhonete de Kobe Devot foi atingida por uma minivan em alta velocidade e capotou em uma estrada. A m\u00e3e do jovem, Courtney Devot, recebeu a not\u00edcia por telefone:<\/span><\/p>\n<p><span style=\"font-weight: 400;\">\u201cEu n\u00e3o tinha no\u00e7\u00e3o da gravidade da situa\u00e7\u00e3o at\u00e9 me mover para um lado e ver o caminh\u00e3o capotado. Enlouqueci completamente. \u00c9 algo que uma m\u00e3e jamais deveria presenciar. Tudo o que eu conseguia pensar era: preciso estar com ele. Preciso chegar at\u00e9 ele\u201d, disse a m\u00e3e \u00e0 CBN News.<\/span><\/p>\n<p><span style=\"font-weight: 400;\">Os primos, que estavam com Kobe, sofreram apenas arranh\u00f5es leves. No entanto, ele estava preso dentro do ve\u00edculo e inconsciente. Os param\u00e9dicos chegaram rapidamente, o retiraram dos destro\u00e7os e o transportaram de helic\u00f3ptero para o hospital mais pr\u00f3ximo.<\/span><\/p>\n<p><span style=\"font-weight: 400;\">&#8220;Eu s\u00f3 conseguia orar: &#8216;Senhor, proteja-o. Por favor, esteja com ele'&#8221;, disse Courtney.<\/span><\/p>\n<p><span style=\"font-weight: 400;\">Enquanto isso, o marido, Steve, estava voltando para casa de uma viagem de trabalho quando soube do acidente do filho: &#8220;Eu estava dirigindo e orando: &#8216;Senhor, por favor, me diga que ele est\u00e1 bem'&#8221;.<\/span><\/p>\n<p><strong>De volta \u00e0 vida<\/strong><\/p>\n<p><span style=\"font-weight: 400;\">Ap\u00f3s exames, os m\u00e9dicos diagnosticaram les\u00e3o na medula espinhal, m\u00faltiplas fraturas nas costelas e perfura\u00e7\u00e3o nos pulm\u00f5es. Kobe foi encaminhado imediatamente para uma cirurgia de emerg\u00eancia. Durante o procedimento, familiares e amigos mobilizaram uma corrente de ora\u00e7\u00e3o.<\/span><\/p>\n<p><span style=\"font-weight: 400;\">Horas depois, a equipe informou aos pais que Kobe havia falecido: \u201cUma parte de mim se foi. Senti que n\u00e3o conseguia continuar. Tudo o que eu conseguia pensar era: \u2018Ser\u00e1 que eu disse ao Kobe que o amava antes dele sair de casa? Ser\u00e1 que ele sabe o quanto eu o amo?\u2019. Eu s\u00f3 implorava a Deus. Eu n\u00e3o me importava com nada \u2014 s\u00f3 queria que ele voltasse\u201d, relembrou a m\u00e3e.<\/span><\/p>\n<p><span style=\"font-weight: 400;\">E Steve acrescentou: \u201cO corpo dele estava gelado. Os olhos estavam arregalados \u2014 sem vida. Minha esposa estava no ch\u00e3o, chorando. N\u00e3o parecia real\u201d.<\/span><\/p>\n<p><span style=\"font-weight: 400;\">Os m\u00e9dicos explicaram que Kobe tinha sangue em excesso nos pulm\u00f5es e, apesar dos esfor\u00e7os, n\u00e3o conseguiram salv\u00e1-lo.<\/span><\/p>\n<p style=\"text-align: center;\"><br \/><sup><span style=\"font-weight: 400; color: #808080;\">Courtney. (Foto: Reprodu\u00e7\u00e3o\/CBN News)<\/span><\/sup><\/p>\n<p><span style=\"font-weight: 400;\">Enquanto Courtney e sua m\u00e3e oravam ao redor de Kobe, o adolescente se mexeu. Em seguida, uma enfermeira se aproximou e disse: &#8220;Kobe, se voc\u00ea puder me ouvir, mostre a l\u00edngua&#8221;. E ele respondeu ao comando.<\/span><\/p>\n<p><span style=\"font-weight: 400;\">Incr\u00e9dula, a equipe m\u00e9dica retomou os procedimentos de reanima\u00e7\u00e3o aproximadamente duas horas e meia ap\u00f3s ele ter sido declarado morto na mesa de cirurgia. Ent\u00e3o, Kobe voltou a apresentar sinais vitais est\u00e1veis.<\/span><\/p>\n<p><span style=\"font-weight: 400;\">&#8220;Eu sabia que Deus era real, mas naquele dia vi algo totalmente diferente. N\u00e3o sei o que Deus planejou para Kobe, mas Ele lhe deu uma segunda chance na vida&#8221;, afirmou a m\u00e3e.<\/span><\/p>\n<p><span style=\"font-weight: 400;\">\u201cQuando voc\u00ea v\u00ea com seus pr\u00f3prios olhos, bem na sua frente, isso fortalece a sua f\u00e9. Deus ouviu as ora\u00e7\u00f5es \u2014 de tantas pessoas \u2014 e o trouxe de volta\u201d, acrescentou o pai.<\/span><\/p>\n<p><strong>\u2018Deus me trouxe de volta\u2019<\/strong><\/p>\n<p><span style=\"font-weight: 400;\">Kobe foi colocado em coma induzido para se estabilizar e passou por mais duas cirurgias na coluna e nos pulm\u00f5es. Ap\u00f3s semanas de interna\u00e7\u00e3o, acordou e iniciou um longo processo de reabilita\u00e7\u00e3o.<\/span><\/p>\n<p><span style=\"font-weight: 400;\">&#8220;\u00c9 dif\u00edcil expressar em palavras. S\u00f3 tenho a agradecer a Deus por me trazer de volta&#8221;, testemunhou Kobe.\u00a0<\/span><\/p>\n<p><span style=\"font-weight: 400;\">E continuou: \u201cEu penso em como eu era no in\u00edcio do acidente e em qu\u00e3o longe Deus me trouxe. Sou muito mais crente agora\u201d.\u00a0<\/span><\/p>\n<p style=\"text-align: center;\"><img decoding=\"async\" src=\"https:\/\/thumbor.guiame.com.br\/unsafe\/smart\/https:\/\/media.guiame.com.br\/archives\/2026\/02\/23\/2031360355-.png\" alt=\"\" width=\"600\"\/><br \/><sup><span style=\"font-weight: 400; color: #808080;\">Steve. (Foto: Reprodu\u00e7\u00e3o\/CBN News)<\/span><\/sup><\/p>\n<p><span style=\"font-weight: 400;\">Ele permaneceu tr\u00eas meses em tratamento intensivo, reaprendendo a falar, comer e se movimentar. Embora tenha ficado paralisado da cintura para baixo, concluiu o ensino m\u00e9dio dentro do prazo previsto e afirma ser grato pela segunda chance.<\/span><\/p>\n<p><span style=\"font-weight: 400;\">A fam\u00edlia compartilha o testemunho do filho, dando toda a gl\u00f3ria a Deus pelo milagre: \u201cMantenha sua f\u00e9 no Senhor. Continue orando. Deus ainda realiza milagres\u201d, disse Steve.<\/span><\/p>\n<p><span style=\"font-weight: 400;\">\u201cNunca perca a f\u00e9 em Deus. Depois de orar sobre algo, deixe Deus cuidar disso. Eu n\u00e3o sei qual \u00e9 o prop\u00f3sito de Kobe, mas sei que h\u00e1 uma raz\u00e3o pela qual Deus o devolveu para n\u00f3s\u201d, concluiu Courtney.<\/span><\/p>\n<\/div>\n<p><br \/>\n<br \/>Fonte: Guiame <\/p>\n","protected":false},"excerpt":{"rendered":"<p>Um adolescente de 17 anos foi declarado morto ap\u00f3s um grave acidente de carro, mas voltou \u00e0 vida cerca de duas horas e meia depois, ap\u00f3s ora\u00e7\u00f5es, nos Estados Unidos. O caso ocorreu em Lawton, quando a caminhonete de Kobe Devot foi atingida por uma minivan em alta velocidade e capotou em uma estrada. A [&hellip;]<\/p>\n","protected":false},"author":1,"featured_media":4323,"comment_status":"","ping_status":"open","sticky":false,"template":"","format":"standard","meta":{"footnotes":""},"categories":[43],"tags":[],"class_list":["post-4322","post","type-post","status-publish","format-standard","has-post-thumbnail","hentry","category-destaques"],"yoast_head":"<!-- This site is optimized with the Yoast SEO plugin v26.8 - https:\/\/yoast.com\/product\/yoast-seo-wordpress\/ -->\n<title>Adolescente que ficou 2 horas sem sinais vitais volta \u00e0 vida ap\u00f3s ora\u00e7\u00f5es nos EUA - R\u00e1dio Porto Seguro<\/title>\n<meta name=\"robots\" content=\"index, follow, max-snippet:-1, max-image-preview:large, max-video-preview:-1\" \/>\n<link rel=\"canonical\" href=\"https:\/\/radioportoseguro.com.br\/site\/2026\/02\/24\/adolescente-que-ficou-2-horas-sem-sinais-vitais-volta-a-vida-apos-oracoes-nos-eua\/\" \/>\n<meta property=\"og:locale\" content=\"pt_BR\" \/>\n<meta property=\"og:type\" content=\"article\" \/>\n<meta property=\"og:title\" content=\"Adolescente que ficou 2 horas sem sinais vitais volta \u00e0 vida ap\u00f3s ora\u00e7\u00f5es nos EUA - R\u00e1dio Porto Seguro\" \/>\n<meta property=\"og:description\" content=\"Um adolescente de 17 anos foi declarado morto ap\u00f3s um grave acidente de carro, mas voltou \u00e0 vida cerca de duas horas e meia depois, ap\u00f3s ora\u00e7\u00f5es, nos Estados Unidos. O caso ocorreu em Lawton, quando a caminhonete de Kobe Devot foi atingida por uma minivan em alta velocidade e capotou em uma estrada. A [&hellip;]\" \/>\n<meta property=\"og:url\" content=\"https:\/\/radioportoseguro.com.br\/site\/2026\/02\/24\/adolescente-que-ficou-2-horas-sem-sinais-vitais-volta-a-vida-apos-oracoes-nos-eua\/\" \/>\n<meta property=\"og:site_name\" content=\"R\u00e1dio Porto Seguro\" \/>\n<meta property=\"article:published_time\" content=\"2026-02-24T08:16:01+00:00\" \/>\n<meta property=\"og:image\" content=\"https:\/\/thumbor.guiame.com.br\/unsafe\/smart\/https:\/\/media.guiame.com.br\/archives\/2026\/02\/23\/2134078860-.png\" \/>\n<meta name=\"author\" content=\"admin\" \/>\n<meta name=\"twitter:card\" content=\"summary_large_image\" \/>\n<meta name=\"twitter:label1\" content=\"Escrito por\" \/>\n\t<meta name=\"twitter:data1\" content=\"admin\" \/>\n\t<meta name=\"twitter:label2\" content=\"Est. tempo de leitura\" \/>\n\t<meta name=\"twitter:data2\" content=\"4 minutos\" \/>\n<script type=\"application\/ld+json\" class=\"yoast-schema-graph\">{\"@context\":\"https:\/\/schema.org\",\"@graph\":[{\"@type\":\"Article\",\"@id\":\"https:\/\/radioportoseguro.com.br\/site\/2026\/02\/24\/adolescente-que-ficou-2-horas-sem-sinais-vitais-volta-a-vida-apos-oracoes-nos-eua\/#article\",\"isPartOf\":{\"@id\":\"https:\/\/radioportoseguro.com.br\/site\/2026\/02\/24\/adolescente-que-ficou-2-horas-sem-sinais-vitais-volta-a-vida-apos-oracoes-nos-eua\/\"},\"author\":{\"name\":\"admin\",\"@id\":\"https:\/\/radioportoseguro.com.br\/site\/#\/schema\/person\/7630acdc320186f13639d3c067ec089b\"},\"headline\":\"Adolescente que ficou 2 horas sem sinais vitais volta \u00e0 vida ap\u00f3s ora\u00e7\u00f5es nos EUA\",\"datePublished\":\"2026-02-24T08:16:01+00:00\",\"mainEntityOfPage\":{\"@id\":\"https:\/\/radioportoseguro.com.br\/site\/2026\/02\/24\/adolescente-que-ficou-2-horas-sem-sinais-vitais-volta-a-vida-apos-oracoes-nos-eua\/\"},\"wordCount\":754,\"image\":{\"@id\":\"https:\/\/radioportoseguro.com.br\/site\/2026\/02\/24\/adolescente-que-ficou-2-horas-sem-sinais-vitais-volta-a-vida-apos-oracoes-nos-eua\/#primaryimage\"},\"thumbnailUrl\":\"https:\/\/radioportoseguro.com.br\/site\/wp-content\/uploads\/2026\/02\/2288389370-kobe-devot.jpeg\",\"articleSection\":[\"Destaques\"],\"inLanguage\":\"pt-BR\"},{\"@type\":\"WebPage\",\"@id\":\"https:\/\/radioportoseguro.com.br\/site\/2026\/02\/24\/adolescente-que-ficou-2-horas-sem-sinais-vitais-volta-a-vida-apos-oracoes-nos-eua\/\",\"url\":\"https:\/\/radioportoseguro.com.br\/site\/2026\/02\/24\/adolescente-que-ficou-2-horas-sem-sinais-vitais-volta-a-vida-apos-oracoes-nos-eua\/\",\"name\":\"Adolescente que ficou 2 horas sem sinais vitais volta \u00e0 vida ap\u00f3s ora\u00e7\u00f5es nos EUA - R\u00e1dio Porto Seguro\",\"isPartOf\":{\"@id\":\"https:\/\/radioportoseguro.com.br\/site\/#website\"},\"primaryImageOfPage\":{\"@id\":\"https:\/\/radioportoseguro.com.br\/site\/2026\/02\/24\/adolescente-que-ficou-2-horas-sem-sinais-vitais-volta-a-vida-apos-oracoes-nos-eua\/#primaryimage\"},\"image\":{\"@id\":\"https:\/\/radioportoseguro.com.br\/site\/2026\/02\/24\/adolescente-que-ficou-2-horas-sem-sinais-vitais-volta-a-vida-apos-oracoes-nos-eua\/#primaryimage\"},\"thumbnailUrl\":\"https:\/\/radioportoseguro.com.br\/site\/wp-content\/uploads\/2026\/02\/2288389370-kobe-devot.jpeg\",\"datePublished\":\"2026-02-24T08:16:01+00:00\",\"author\":{\"@id\":\"https:\/\/radioportoseguro.com.br\/site\/#\/schema\/person\/7630acdc320186f13639d3c067ec089b\"},\"breadcrumb\":{\"@id\":\"https:\/\/radioportoseguro.com.br\/site\/2026\/02\/24\/adolescente-que-ficou-2-horas-sem-sinais-vitais-volta-a-vida-apos-oracoes-nos-eua\/#breadcrumb\"},\"inLanguage\":\"pt-BR\",\"potentialAction\":[{\"@type\":\"ReadAction\",\"target\":[\"https:\/\/radioportoseguro.com.br\/site\/2026\/02\/24\/adolescente-que-ficou-2-horas-sem-sinais-vitais-volta-a-vida-apos-oracoes-nos-eua\/\"]}]},{\"@type\":\"ImageObject\",\"inLanguage\":\"pt-BR\",\"@id\":\"https:\/\/radioportoseguro.com.br\/site\/2026\/02\/24\/adolescente-que-ficou-2-horas-sem-sinais-vitais-volta-a-vida-apos-oracoes-nos-eua\/#primaryimage\",\"url\":\"https:\/\/radioportoseguro.com.br\/site\/wp-content\/uploads\/2026\/02\/2288389370-kobe-devot.jpeg\",\"contentUrl\":\"https:\/\/radioportoseguro.com.br\/site\/wp-content\/uploads\/2026\/02\/2288389370-kobe-devot.jpeg\",\"width\":1200,\"height\":600},{\"@type\":\"BreadcrumbList\",\"@id\":\"https:\/\/radioportoseguro.com.br\/site\/2026\/02\/24\/adolescente-que-ficou-2-horas-sem-sinais-vitais-volta-a-vida-apos-oracoes-nos-eua\/#breadcrumb\",\"itemListElement\":[{\"@type\":\"ListItem\",\"position\":1,\"name\":\"In\u00edcio\",\"item\":\"https:\/\/radioportoseguro.com.br\/site\/\"},{\"@type\":\"ListItem\",\"position\":2,\"name\":\"Adolescente que ficou 2 horas sem sinais vitais volta \u00e0 vida ap\u00f3s ora\u00e7\u00f5es nos EUA\"}]},{\"@type\":\"WebSite\",\"@id\":\"https:\/\/radioportoseguro.com.br\/site\/#website\",\"url\":\"https:\/\/radioportoseguro.com.br\/site\/\",\"name\":\"R\u00e1dio Porto Seguro\",\"description\":\"\",\"potentialAction\":[{\"@type\":\"SearchAction\",\"target\":{\"@type\":\"EntryPoint\",\"urlTemplate\":\"https:\/\/radioportoseguro.com.br\/site\/?s={search_term_string}\"},\"query-input\":{\"@type\":\"PropertyValueSpecification\",\"valueRequired\":true,\"valueName\":\"search_term_string\"}}],\"inLanguage\":\"pt-BR\"},{\"@type\":\"Person\",\"@id\":\"https:\/\/radioportoseguro.com.br\/site\/#\/schema\/person\/7630acdc320186f13639d3c067ec089b\",\"name\":\"admin\",\"image\":{\"@type\":\"ImageObject\",\"inLanguage\":\"pt-BR\",\"@id\":\"https:\/\/radioportoseguro.com.br\/site\/#\/schema\/person\/image\/\",\"url\":\"https:\/\/secure.gravatar.com\/avatar\/caacf4dc1eedb68fab0df8e1ed46c448e578b2466351bbcb61e47d2ac0caaef0?s=96&d=mm&r=g\",\"contentUrl\":\"https:\/\/secure.gravatar.com\/avatar\/caacf4dc1eedb68fab0df8e1ed46c448e578b2466351bbcb61e47d2ac0caaef0?s=96&d=mm&r=g\",\"caption\":\"admin\"},\"sameAs\":[\"https:\/\/radioportoseguro.com.br\/site\"],\"url\":\"https:\/\/radioportoseguro.com.br\/site\/author\/hezio\/\"}]}<\/script>\n<!-- \/ Yoast SEO plugin. -->","yoast_head_json":{"title":"Adolescente que ficou 2 horas sem sinais vitais volta \u00e0 vida ap\u00f3s ora\u00e7\u00f5es nos EUA - R\u00e1dio Porto Seguro","robots":{"index":"index","follow":"follow","max-snippet":"max-snippet:-1","max-image-preview":"max-image-preview:large","max-video-preview":"max-video-preview:-1"},"canonical":"https:\/\/radioportoseguro.com.br\/site\/2026\/02\/24\/adolescente-que-ficou-2-horas-sem-sinais-vitais-volta-a-vida-apos-oracoes-nos-eua\/","og_locale":"pt_BR","og_type":"article","og_title":"Adolescente que ficou 2 horas sem sinais vitais volta \u00e0 vida ap\u00f3s ora\u00e7\u00f5es nos EUA - R\u00e1dio Porto Seguro","og_description":"Um adolescente de 17 anos foi declarado morto ap\u00f3s um grave acidente de carro, mas voltou \u00e0 vida cerca de duas horas e meia depois, ap\u00f3s ora\u00e7\u00f5es, nos Estados Unidos. O caso ocorreu em Lawton, quando a caminhonete de Kobe Devot foi atingida por uma minivan em alta velocidade e capotou em uma estrada. A [&hellip;]","og_url":"https:\/\/radioportoseguro.com.br\/site\/2026\/02\/24\/adolescente-que-ficou-2-horas-sem-sinais-vitais-volta-a-vida-apos-oracoes-nos-eua\/","og_site_name":"R\u00e1dio Porto Seguro","article_published_time":"2026-02-24T08:16:01+00:00","og_image":[{"url":"https:\/\/thumbor.guiame.com.br\/unsafe\/smart\/https:\/\/media.guiame.com.br\/archives\/2026\/02\/23\/2134078860-.png","type":"","width":"","height":""}],"author":"admin","twitter_card":"summary_large_image","twitter_misc":{"Escrito por":"admin","Est. tempo de leitura":"4 minutos"},"schema":{"@context":"https:\/\/schema.org","@graph":[{"@type":"Article","@id":"https:\/\/radioportoseguro.com.br\/site\/2026\/02\/24\/adolescente-que-ficou-2-horas-sem-sinais-vitais-volta-a-vida-apos-oracoes-nos-eua\/#article","isPartOf":{"@id":"https:\/\/radioportoseguro.com.br\/site\/2026\/02\/24\/adolescente-que-ficou-2-horas-sem-sinais-vitais-volta-a-vida-apos-oracoes-nos-eua\/"},"author":{"name":"admin","@id":"https:\/\/radioportoseguro.com.br\/site\/#\/schema\/person\/7630acdc320186f13639d3c067ec089b"},"headline":"Adolescente que ficou 2 horas sem sinais vitais volta \u00e0 vida ap\u00f3s ora\u00e7\u00f5es nos EUA","datePublished":"2026-02-24T08:16:01+00:00","mainEntityOfPage":{"@id":"https:\/\/radioportoseguro.com.br\/site\/2026\/02\/24\/adolescente-que-ficou-2-horas-sem-sinais-vitais-volta-a-vida-apos-oracoes-nos-eua\/"},"wordCount":754,"image":{"@id":"https:\/\/radioportoseguro.com.br\/site\/2026\/02\/24\/adolescente-que-ficou-2-horas-sem-sinais-vitais-volta-a-vida-apos-oracoes-nos-eua\/#primaryimage"},"thumbnailUrl":"https:\/\/radioportoseguro.com.br\/site\/wp-content\/uploads\/2026\/02\/2288389370-kobe-devot.jpeg","articleSection":["Destaques"],"inLanguage":"pt-BR"},{"@type":"WebPage","@id":"https:\/\/radioportoseguro.com.br\/site\/2026\/02\/24\/adolescente-que-ficou-2-horas-sem-sinais-vitais-volta-a-vida-apos-oracoes-nos-eua\/","url":"https:\/\/radioportoseguro.com.br\/site\/2026\/02\/24\/adolescente-que-ficou-2-horas-sem-sinais-vitais-volta-a-vida-apos-oracoes-nos-eua\/","name":"Adolescente que ficou 2 horas sem sinais vitais volta \u00e0 vida ap\u00f3s ora\u00e7\u00f5es nos EUA - R\u00e1dio Porto Seguro","isPartOf":{"@id":"https:\/\/radioportoseguro.com.br\/site\/#website"},"primaryImageOfPage":{"@id":"https:\/\/radioportoseguro.com.br\/site\/2026\/02\/24\/adolescente-que-ficou-2-horas-sem-sinais-vitais-volta-a-vida-apos-oracoes-nos-eua\/#primaryimage"},"image":{"@id":"https:\/\/radioportoseguro.com.br\/site\/2026\/02\/24\/adolescente-que-ficou-2-horas-sem-sinais-vitais-volta-a-vida-apos-oracoes-nos-eua\/#primaryimage"},"thumbnailUrl":"https:\/\/radioportoseguro.com.br\/site\/wp-content\/uploads\/2026\/02\/2288389370-kobe-devot.jpeg","datePublished":"2026-02-24T08:16:01+00:00","author":{"@id":"https:\/\/radioportoseguro.com.br\/site\/#\/schema\/person\/7630acdc320186f13639d3c067ec089b"},"breadcrumb":{"@id":"https:\/\/radioportoseguro.com.br\/site\/2026\/02\/24\/adolescente-que-ficou-2-horas-sem-sinais-vitais-volta-a-vida-apos-oracoes-nos-eua\/#breadcrumb"},"inLanguage":"pt-BR","potentialAction":[{"@type":"ReadAction","target":["https:\/\/radioportoseguro.com.br\/site\/2026\/02\/24\/adolescente-que-ficou-2-horas-sem-sinais-vitais-volta-a-vida-apos-oracoes-nos-eua\/"]}]},{"@type":"ImageObject","inLanguage":"pt-BR","@id":"https:\/\/radioportoseguro.com.br\/site\/2026\/02\/24\/adolescente-que-ficou-2-horas-sem-sinais-vitais-volta-a-vida-apos-oracoes-nos-eua\/#primaryimage","url":"https:\/\/radioportoseguro.com.br\/site\/wp-content\/uploads\/2026\/02\/2288389370-kobe-devot.jpeg","contentUrl":"https:\/\/radioportoseguro.com.br\/site\/wp-content\/uploads\/2026\/02\/2288389370-kobe-devot.jpeg","width":1200,"height":600},{"@type":"BreadcrumbList","@id":"https:\/\/radioportoseguro.com.br\/site\/2026\/02\/24\/adolescente-que-ficou-2-horas-sem-sinais-vitais-volta-a-vida-apos-oracoes-nos-eua\/#breadcrumb","itemListElement":[{"@type":"ListItem","position":1,"name":"In\u00edcio","item":"https:\/\/radioportoseguro.com.br\/site\/"},{"@type":"ListItem","position":2,"name":"Adolescente que ficou 2 horas sem sinais vitais volta \u00e0 vida ap\u00f3s ora\u00e7\u00f5es nos EUA"}]},{"@type":"WebSite","@id":"https:\/\/radioportoseguro.com.br\/site\/#website","url":"https:\/\/radioportoseguro.com.br\/site\/","name":"R\u00e1dio Porto Seguro","description":"","potentialAction":[{"@type":"SearchAction","target":{"@type":"EntryPoint","urlTemplate":"https:\/\/radioportoseguro.com.br\/site\/?s={search_term_string}"},"query-input":{"@type":"PropertyValueSpecification","valueRequired":true,"valueName":"search_term_string"}}],"inLanguage":"pt-BR"},{"@type":"Person","@id":"https:\/\/radioportoseguro.com.br\/site\/#\/schema\/person\/7630acdc320186f13639d3c067ec089b","name":"admin","image":{"@type":"ImageObject","inLanguage":"pt-BR","@id":"https:\/\/radioportoseguro.com.br\/site\/#\/schema\/person\/image\/","url":"https:\/\/secure.gravatar.com\/avatar\/caacf4dc1eedb68fab0df8e1ed46c448e578b2466351bbcb61e47d2ac0caaef0?s=96&d=mm&r=g","contentUrl":"https:\/\/secure.gravatar.com\/avatar\/caacf4dc1eedb68fab0df8e1ed46c448e578b2466351bbcb61e47d2ac0caaef0?s=96&d=mm&r=g","caption":"admin"},"sameAs":["https:\/\/radioportoseguro.com.br\/site"],"url":"https:\/\/radioportoseguro.com.br\/site\/author\/hezio\/"}]}},"_links":{"self":[{"href":"https:\/\/radioportoseguro.com.br\/site\/wp-json\/wp\/v2\/posts\/4322","targetHints":{"allow":["GET"]}}],"collection":[{"href":"https:\/\/radioportoseguro.com.br\/site\/wp-json\/wp\/v2\/posts"}],"about":[{"href":"https:\/\/radioportoseguro.com.br\/site\/wp-json\/wp\/v2\/types\/post"}],"author":[{"embeddable":true,"href":"https:\/\/radioportoseguro.com.br\/site\/wp-json\/wp\/v2\/users\/1"}],"replies":[{"embeddable":true,"href":"https:\/\/radioportoseguro.com.br\/site\/wp-json\/wp\/v2\/comments?post=4322"}],"version-history":[{"count":0,"href":"https:\/\/radioportoseguro.com.br\/site\/wp-json\/wp\/v2\/posts\/4322\/revisions"}],"wp:featuredmedia":[{"embeddable":true,"href":"https:\/\/radioportoseguro.com.br\/site\/wp-json\/wp\/v2\/media\/4323"}],"wp:attachment":[{"href":"https:\/\/radioportoseguro.com.br\/site\/wp-json\/wp\/v2\/media?parent=4322"}],"wp:term":[{"taxonomy":"category","embeddable":true,"href":"https:\/\/radioportoseguro.com.br\/site\/wp-json\/wp\/v2\/categories?post=4322"},{"taxonomy":"post_tag","embeddable":true,"href":"https:\/\/radioportoseguro.com.br\/site\/wp-json\/wp\/v2\/tags?post=4322"}],"curies":[{"name":"wp","href":"https:\/\/api.w.org\/{rel}","templated":true}]}}