{"id":4334,"date":"2026-02-24T11:38:27","date_gmt":"2026-02-24T14:38:27","guid":{"rendered":"https:\/\/radioportoseguro.com.br\/site\/2026\/02\/24\/afegao-armado-com-faca-ataca-estande-das-testemunha-de-jeova-em-estacao-da-alemanha\/"},"modified":"2026-02-24T11:38:27","modified_gmt":"2026-02-24T14:38:27","slug":"afegao-armado-com-faca-ataca-estande-das-testemunha-de-jeova-em-estacao-da-alemanha","status":"publish","type":"post","link":"https:\/\/radioportoseguro.com.br\/site\/2026\/02\/24\/afegao-armado-com-faca-ataca-estande-das-testemunha-de-jeova-em-estacao-da-alemanha\/","title":{"rendered":"Afeg\u00e3o armado com faca ataca estande das Testemunha de Jeov\u00e1 em esta\u00e7\u00e3o da Alemanha"},"content":{"rendered":"<p><br \/>\n<br \/><\/p>\n<div>\n<p>Um afeg\u00e3o armado com uma faca atacou v\u00e1rias pessoas em um estande das Testemunhas de Jeov\u00e1 em uma esta\u00e7\u00e3o de trem na <span style=\"color: #800000;\"><strong>Alemanha<\/strong><\/span>.<\/p>\n<p>O agressor, de 35 anos, foi contido por civis que agiram com bravura na Esta\u00e7\u00e3o Central de W\u00fcrzburg, correndo para socorrer as v\u00edtimas.<\/p>\n<p>A pol\u00edcia trata o caso como tentativa de homic\u00eddio e prendeu um suspeito relacionado ao ataque, que permanece sob cust\u00f3dia.<\/p>\n<p>Segundo relatos da Pol\u00edcia da Baviera, o suspeito estava no sagu\u00e3o da esta\u00e7\u00e3o por volta das 7h50. A cidade de W\u00fcrzburg fica no centro da Alemanha, a leste de Frankfurt, no estado da Baviera.<\/p>\n<p>Segundo a pol\u00edcia, ele se aproximou do estande das <span style=\"color: #800000;\"><strong>Testemunhas de Jeov\u00e1<\/strong><\/span>, esfaqueou um homem de 68 anos e agrediu fisicamente outros dois, de 55 e 51 anos.<\/p>\n<p>Um porta-voz da Pol\u00edcia da Baviera afirmou: \u201cV\u00e1rios transeuntes, entre eles um policial \u00e0 paisana, intervieram imediatamente e conseguiram dominar o homem de 35 anos.\u201d<\/p>\n<p><strong>Suspeito preso<\/strong><\/p>\n<p>Uma equipe da Pol\u00edcia Federal chegou pouco depois da primeira chamada de emerg\u00eancia e conseguiu efetuar a deten\u00e7\u00e3o provis\u00f3ria do suspeito.<\/p>\n<p>V\u00e1rias viaturas da pol\u00edcia de W\u00fcrzburg tamb\u00e9m atenderam rapidamente \u00e0 ocorr\u00eancia.<\/p>\n<p>A pol\u00edcia confirmou que tr\u00eas das pessoas atacadas pelo suspeito sofreram ferimentos leves. Nenhuma delas teve cortes ou foi esfaqueada e todas est\u00e3o recebendo atendimento m\u00e9dico das equipes de emerg\u00eancia.<\/p>\n<p>A \u00e1rea foi isolada e a Pol\u00edcia Criminal de W\u00fcrzburg deu in\u00edcio \u00e0s investiga\u00e7\u00f5es no local.<\/p>\n<p><strong>Testemunhas de Jeov\u00e1<\/strong><\/p>\n<p>As Testemunhas de Jeov\u00e1 s\u00e3o uma denomina\u00e7\u00e3o crist\u00e3 conhecida pelo evangelismo de porta em porta, pela prega\u00e7\u00e3o p\u00fablica e por cren\u00e7as rigorosamente baseadas na B\u00edblia.<\/p>\n<p>Fundada nos EUA no final do s\u00e9culo XIX, a comunidade religiosa foi proibida durante o regime nazista. Atualmente, conta com cerca de oito milh\u00f5es de membros em todo o mundo.<\/p>\n<p>A pol\u00edcia est\u00e1 recolhendo imagens de CCTV das principais c\u00e2meras da esta\u00e7\u00e3o de trem, e o apartamento do suspeito de 35 anos est\u00e1 sendo alvo de buscas.<\/p>\n<p>Testemunhas que estavam na \u00e1rea tamb\u00e9m est\u00e3o sendo ouvidas pela pol\u00edcia, que questiona se algu\u00e9m percebeu a presen\u00e7a do suspeito antes do ataque ou na regi\u00e3o pr\u00f3xima da Kaiserstra\u00dfe.<\/p>\n<p>A pol\u00edcia tamb\u00e9m investiga as \u201cexclama\u00e7\u00f5es\u201d e os \u201cgestos\u201d feitos pelo homem durante o ataque.<\/p>\n<p>Segundo um porta-voz da pol\u00edcia, os servi\u00e7os ferrovi\u00e1rios locais n\u00e3o foram afetados pelo ataque.<\/p>\n<p>A pol\u00edcia local, a Polizei Unterfranken, informou que, ap\u00f3s a pris\u00e3o, \u201cno momento n\u00e3o h\u00e1 perigo para a popula\u00e7\u00e3o.\u201d<\/p>\n<p><strong>Caso anterior<\/strong><\/p>\n<p>O ataque remete a outro esfaqueamento ocorrido em W\u00fcrzburg em junho de 2021, quando um refugiado com transtornos mentais matou tr\u00eas mulheres e feriu outras nove ao atacar indiscriminadamente pedestres no centro da cidade.<\/p>\n<p>As autoridades alem\u00e3s bloquearam, em novembro de 2025, a deporta\u00e7\u00e3o do agressor somali Abdirahman Jibril por temerem que ele pudesse retornar da Som\u00e1lia \u00e0 Alemanha sem supervis\u00e3o e voltar a cometer crimes violentos, informou o Brussels Signal.<\/p>\n<p>Ele matou tr\u00eas mulheres, de 25, 49 e 82 anos, durante ataques aleat\u00f3rios em 25 de junho de 2021. Segundo o Hiraan Online, uma das v\u00edtimas esfaqueadas at\u00e9 a morte tentava proteger a filha de 11 anos do agressor.<\/p>\n<p>Relatos locais da \u00e9poca afirmam que ele gritou \u201cAllahu Akbar\u201d enquanto esfaqueava as mulheres.<\/p>\n<\/div>\n<p><br \/>\n<br \/>Fonte: Guiame <\/p>\n","protected":false},"excerpt":{"rendered":"<p>Um afeg\u00e3o armado com uma faca atacou v\u00e1rias pessoas em um estande das Testemunhas de Jeov\u00e1 em uma esta\u00e7\u00e3o de trem na Alemanha. O agressor, de 35 anos, foi contido por civis que agiram com bravura na Esta\u00e7\u00e3o Central de W\u00fcrzburg, correndo para socorrer as v\u00edtimas. A pol\u00edcia trata o caso como tentativa de homic\u00eddio [&hellip;]<\/p>\n","protected":false},"author":1,"featured_media":4335,"comment_status":"","ping_status":"open","sticky":false,"template":"","format":"standard","meta":{"footnotes":""},"categories":[43],"tags":[],"class_list":["post-4334","post","type-post","status-publish","format-standard","has-post-thumbnail","hentry","category-destaques"],"yoast_head":"<!-- This site is optimized with the Yoast SEO plugin v26.8 - https:\/\/yoast.com\/product\/yoast-seo-wordpress\/ -->\n<title>Afeg\u00e3o armado com faca ataca estande das Testemunha de Jeov\u00e1 em esta\u00e7\u00e3o da Alemanha - R\u00e1dio Porto Seguro<\/title>\n<meta name=\"robots\" content=\"index, follow, max-snippet:-1, max-image-preview:large, max-video-preview:-1\" \/>\n<link rel=\"canonical\" href=\"https:\/\/radioportoseguro.com.br\/site\/2026\/02\/24\/afegao-armado-com-faca-ataca-estande-das-testemunha-de-jeova-em-estacao-da-alemanha\/\" \/>\n<meta property=\"og:locale\" content=\"pt_BR\" \/>\n<meta property=\"og:type\" content=\"article\" \/>\n<meta property=\"og:title\" content=\"Afeg\u00e3o armado com faca ataca estande das Testemunha de Jeov\u00e1 em esta\u00e7\u00e3o da Alemanha - R\u00e1dio Porto Seguro\" \/>\n<meta property=\"og:description\" content=\"Um afeg\u00e3o armado com uma faca atacou v\u00e1rias pessoas em um estande das Testemunhas de Jeov\u00e1 em uma esta\u00e7\u00e3o de trem na Alemanha. O agressor, de 35 anos, foi contido por civis que agiram com bravura na Esta\u00e7\u00e3o Central de W\u00fcrzburg, correndo para socorrer as v\u00edtimas. A pol\u00edcia trata o caso como tentativa de homic\u00eddio [&hellip;]\" \/>\n<meta property=\"og:url\" content=\"https:\/\/radioportoseguro.com.br\/site\/2026\/02\/24\/afegao-armado-com-faca-ataca-estande-das-testemunha-de-jeova-em-estacao-da-alemanha\/\" \/>\n<meta property=\"og:site_name\" content=\"R\u00e1dio Porto Seguro\" \/>\n<meta property=\"article:published_time\" content=\"2026-02-24T14:38:27+00:00\" \/>\n<meta property=\"og:image\" content=\"https:\/\/media.guiame.com.br\/archives\/2026\/02\/23\/2766371870-estacao-central-de-wurzburg.jpg\" \/>\n<meta name=\"author\" content=\"admin\" \/>\n<meta name=\"twitter:card\" content=\"summary_large_image\" \/>\n<meta name=\"twitter:label1\" content=\"Escrito por\" \/>\n\t<meta name=\"twitter:data1\" content=\"admin\" \/>\n\t<meta name=\"twitter:label2\" content=\"Est. tempo de leitura\" \/>\n\t<meta name=\"twitter:data2\" content=\"3 minutos\" \/>\n<script type=\"application\/ld+json\" class=\"yoast-schema-graph\">{\"@context\":\"https:\/\/schema.org\",\"@graph\":[{\"@type\":\"Article\",\"@id\":\"https:\/\/radioportoseguro.com.br\/site\/2026\/02\/24\/afegao-armado-com-faca-ataca-estande-das-testemunha-de-jeova-em-estacao-da-alemanha\/#article\",\"isPartOf\":{\"@id\":\"https:\/\/radioportoseguro.com.br\/site\/2026\/02\/24\/afegao-armado-com-faca-ataca-estande-das-testemunha-de-jeova-em-estacao-da-alemanha\/\"},\"author\":{\"name\":\"admin\",\"@id\":\"https:\/\/radioportoseguro.com.br\/site\/#\/schema\/person\/7630acdc320186f13639d3c067ec089b\"},\"headline\":\"Afeg\u00e3o armado com faca ataca estande das Testemunha de Jeov\u00e1 em esta\u00e7\u00e3o da Alemanha\",\"datePublished\":\"2026-02-24T14:38:27+00:00\",\"mainEntityOfPage\":{\"@id\":\"https:\/\/radioportoseguro.com.br\/site\/2026\/02\/24\/afegao-armado-com-faca-ataca-estande-das-testemunha-de-jeova-em-estacao-da-alemanha\/\"},\"wordCount\":598,\"image\":{\"@id\":\"https:\/\/radioportoseguro.com.br\/site\/2026\/02\/24\/afegao-armado-com-faca-ataca-estande-das-testemunha-de-jeova-em-estacao-da-alemanha\/#primaryimage\"},\"thumbnailUrl\":\"https:\/\/radioportoseguro.com.br\/site\/wp-content\/uploads\/2026\/02\/2766371870-estacao-central-de-wurzburg.jpg\",\"articleSection\":[\"Destaques\"],\"inLanguage\":\"pt-BR\"},{\"@type\":\"WebPage\",\"@id\":\"https:\/\/radioportoseguro.com.br\/site\/2026\/02\/24\/afegao-armado-com-faca-ataca-estande-das-testemunha-de-jeova-em-estacao-da-alemanha\/\",\"url\":\"https:\/\/radioportoseguro.com.br\/site\/2026\/02\/24\/afegao-armado-com-faca-ataca-estande-das-testemunha-de-jeova-em-estacao-da-alemanha\/\",\"name\":\"Afeg\u00e3o armado com faca ataca estande das Testemunha de Jeov\u00e1 em esta\u00e7\u00e3o da Alemanha - R\u00e1dio Porto Seguro\",\"isPartOf\":{\"@id\":\"https:\/\/radioportoseguro.com.br\/site\/#website\"},\"primaryImageOfPage\":{\"@id\":\"https:\/\/radioportoseguro.com.br\/site\/2026\/02\/24\/afegao-armado-com-faca-ataca-estande-das-testemunha-de-jeova-em-estacao-da-alemanha\/#primaryimage\"},\"image\":{\"@id\":\"https:\/\/radioportoseguro.com.br\/site\/2026\/02\/24\/afegao-armado-com-faca-ataca-estande-das-testemunha-de-jeova-em-estacao-da-alemanha\/#primaryimage\"},\"thumbnailUrl\":\"https:\/\/radioportoseguro.com.br\/site\/wp-content\/uploads\/2026\/02\/2766371870-estacao-central-de-wurzburg.jpg\",\"datePublished\":\"2026-02-24T14:38:27+00:00\",\"author\":{\"@id\":\"https:\/\/radioportoseguro.com.br\/site\/#\/schema\/person\/7630acdc320186f13639d3c067ec089b\"},\"breadcrumb\":{\"@id\":\"https:\/\/radioportoseguro.com.br\/site\/2026\/02\/24\/afegao-armado-com-faca-ataca-estande-das-testemunha-de-jeova-em-estacao-da-alemanha\/#breadcrumb\"},\"inLanguage\":\"pt-BR\",\"potentialAction\":[{\"@type\":\"ReadAction\",\"target\":[\"https:\/\/radioportoseguro.com.br\/site\/2026\/02\/24\/afegao-armado-com-faca-ataca-estande-das-testemunha-de-jeova-em-estacao-da-alemanha\/\"]}]},{\"@type\":\"ImageObject\",\"inLanguage\":\"pt-BR\",\"@id\":\"https:\/\/radioportoseguro.com.br\/site\/2026\/02\/24\/afegao-armado-com-faca-ataca-estande-das-testemunha-de-jeova-em-estacao-da-alemanha\/#primaryimage\",\"url\":\"https:\/\/radioportoseguro.com.br\/site\/wp-content\/uploads\/2026\/02\/2766371870-estacao-central-de-wurzburg.jpg\",\"contentUrl\":\"https:\/\/radioportoseguro.com.br\/site\/wp-content\/uploads\/2026\/02\/2766371870-estacao-central-de-wurzburg.jpg\",\"width\":1200,\"height\":600},{\"@type\":\"BreadcrumbList\",\"@id\":\"https:\/\/radioportoseguro.com.br\/site\/2026\/02\/24\/afegao-armado-com-faca-ataca-estande-das-testemunha-de-jeova-em-estacao-da-alemanha\/#breadcrumb\",\"itemListElement\":[{\"@type\":\"ListItem\",\"position\":1,\"name\":\"In\u00edcio\",\"item\":\"https:\/\/radioportoseguro.com.br\/site\/\"},{\"@type\":\"ListItem\",\"position\":2,\"name\":\"Afeg\u00e3o armado com faca ataca estande das Testemunha de Jeov\u00e1 em esta\u00e7\u00e3o da Alemanha\"}]},{\"@type\":\"WebSite\",\"@id\":\"https:\/\/radioportoseguro.com.br\/site\/#website\",\"url\":\"https:\/\/radioportoseguro.com.br\/site\/\",\"name\":\"R\u00e1dio Porto Seguro\",\"description\":\"\",\"potentialAction\":[{\"@type\":\"SearchAction\",\"target\":{\"@type\":\"EntryPoint\",\"urlTemplate\":\"https:\/\/radioportoseguro.com.br\/site\/?s={search_term_string}\"},\"query-input\":{\"@type\":\"PropertyValueSpecification\",\"valueRequired\":true,\"valueName\":\"search_term_string\"}}],\"inLanguage\":\"pt-BR\"},{\"@type\":\"Person\",\"@id\":\"https:\/\/radioportoseguro.com.br\/site\/#\/schema\/person\/7630acdc320186f13639d3c067ec089b\",\"name\":\"admin\",\"image\":{\"@type\":\"ImageObject\",\"inLanguage\":\"pt-BR\",\"@id\":\"https:\/\/radioportoseguro.com.br\/site\/#\/schema\/person\/image\/\",\"url\":\"https:\/\/secure.gravatar.com\/avatar\/caacf4dc1eedb68fab0df8e1ed46c448e578b2466351bbcb61e47d2ac0caaef0?s=96&d=mm&r=g\",\"contentUrl\":\"https:\/\/secure.gravatar.com\/avatar\/caacf4dc1eedb68fab0df8e1ed46c448e578b2466351bbcb61e47d2ac0caaef0?s=96&d=mm&r=g\",\"caption\":\"admin\"},\"sameAs\":[\"https:\/\/radioportoseguro.com.br\/site\"],\"url\":\"https:\/\/radioportoseguro.com.br\/site\/author\/hezio\/\"}]}<\/script>\n<!-- \/ Yoast SEO plugin. -->","yoast_head_json":{"title":"Afeg\u00e3o armado com faca ataca estande das Testemunha de Jeov\u00e1 em esta\u00e7\u00e3o da Alemanha - R\u00e1dio Porto Seguro","robots":{"index":"index","follow":"follow","max-snippet":"max-snippet:-1","max-image-preview":"max-image-preview:large","max-video-preview":"max-video-preview:-1"},"canonical":"https:\/\/radioportoseguro.com.br\/site\/2026\/02\/24\/afegao-armado-com-faca-ataca-estande-das-testemunha-de-jeova-em-estacao-da-alemanha\/","og_locale":"pt_BR","og_type":"article","og_title":"Afeg\u00e3o armado com faca ataca estande das Testemunha de Jeov\u00e1 em esta\u00e7\u00e3o da Alemanha - R\u00e1dio Porto Seguro","og_description":"Um afeg\u00e3o armado com uma faca atacou v\u00e1rias pessoas em um estande das Testemunhas de Jeov\u00e1 em uma esta\u00e7\u00e3o de trem na Alemanha. O agressor, de 35 anos, foi contido por civis que agiram com bravura na Esta\u00e7\u00e3o Central de W\u00fcrzburg, correndo para socorrer as v\u00edtimas. A pol\u00edcia trata o caso como tentativa de homic\u00eddio [&hellip;]","og_url":"https:\/\/radioportoseguro.com.br\/site\/2026\/02\/24\/afegao-armado-com-faca-ataca-estande-das-testemunha-de-jeova-em-estacao-da-alemanha\/","og_site_name":"R\u00e1dio Porto Seguro","article_published_time":"2026-02-24T14:38:27+00:00","og_image":[{"url":"https:\/\/media.guiame.com.br\/archives\/2026\/02\/23\/2766371870-estacao-central-de-wurzburg.jpg","type":"","width":"","height":""}],"author":"admin","twitter_card":"summary_large_image","twitter_misc":{"Escrito por":"admin","Est. tempo de leitura":"3 minutos"},"schema":{"@context":"https:\/\/schema.org","@graph":[{"@type":"Article","@id":"https:\/\/radioportoseguro.com.br\/site\/2026\/02\/24\/afegao-armado-com-faca-ataca-estande-das-testemunha-de-jeova-em-estacao-da-alemanha\/#article","isPartOf":{"@id":"https:\/\/radioportoseguro.com.br\/site\/2026\/02\/24\/afegao-armado-com-faca-ataca-estande-das-testemunha-de-jeova-em-estacao-da-alemanha\/"},"author":{"name":"admin","@id":"https:\/\/radioportoseguro.com.br\/site\/#\/schema\/person\/7630acdc320186f13639d3c067ec089b"},"headline":"Afeg\u00e3o armado com faca ataca estande das Testemunha de Jeov\u00e1 em esta\u00e7\u00e3o da Alemanha","datePublished":"2026-02-24T14:38:27+00:00","mainEntityOfPage":{"@id":"https:\/\/radioportoseguro.com.br\/site\/2026\/02\/24\/afegao-armado-com-faca-ataca-estande-das-testemunha-de-jeova-em-estacao-da-alemanha\/"},"wordCount":598,"image":{"@id":"https:\/\/radioportoseguro.com.br\/site\/2026\/02\/24\/afegao-armado-com-faca-ataca-estande-das-testemunha-de-jeova-em-estacao-da-alemanha\/#primaryimage"},"thumbnailUrl":"https:\/\/radioportoseguro.com.br\/site\/wp-content\/uploads\/2026\/02\/2766371870-estacao-central-de-wurzburg.jpg","articleSection":["Destaques"],"inLanguage":"pt-BR"},{"@type":"WebPage","@id":"https:\/\/radioportoseguro.com.br\/site\/2026\/02\/24\/afegao-armado-com-faca-ataca-estande-das-testemunha-de-jeova-em-estacao-da-alemanha\/","url":"https:\/\/radioportoseguro.com.br\/site\/2026\/02\/24\/afegao-armado-com-faca-ataca-estande-das-testemunha-de-jeova-em-estacao-da-alemanha\/","name":"Afeg\u00e3o armado com faca ataca estande das Testemunha de Jeov\u00e1 em esta\u00e7\u00e3o da Alemanha - R\u00e1dio Porto Seguro","isPartOf":{"@id":"https:\/\/radioportoseguro.com.br\/site\/#website"},"primaryImageOfPage":{"@id":"https:\/\/radioportoseguro.com.br\/site\/2026\/02\/24\/afegao-armado-com-faca-ataca-estande-das-testemunha-de-jeova-em-estacao-da-alemanha\/#primaryimage"},"image":{"@id":"https:\/\/radioportoseguro.com.br\/site\/2026\/02\/24\/afegao-armado-com-faca-ataca-estande-das-testemunha-de-jeova-em-estacao-da-alemanha\/#primaryimage"},"thumbnailUrl":"https:\/\/radioportoseguro.com.br\/site\/wp-content\/uploads\/2026\/02\/2766371870-estacao-central-de-wurzburg.jpg","datePublished":"2026-02-24T14:38:27+00:00","author":{"@id":"https:\/\/radioportoseguro.com.br\/site\/#\/schema\/person\/7630acdc320186f13639d3c067ec089b"},"breadcrumb":{"@id":"https:\/\/radioportoseguro.com.br\/site\/2026\/02\/24\/afegao-armado-com-faca-ataca-estande-das-testemunha-de-jeova-em-estacao-da-alemanha\/#breadcrumb"},"inLanguage":"pt-BR","potentialAction":[{"@type":"ReadAction","target":["https:\/\/radioportoseguro.com.br\/site\/2026\/02\/24\/afegao-armado-com-faca-ataca-estande-das-testemunha-de-jeova-em-estacao-da-alemanha\/"]}]},{"@type":"ImageObject","inLanguage":"pt-BR","@id":"https:\/\/radioportoseguro.com.br\/site\/2026\/02\/24\/afegao-armado-com-faca-ataca-estande-das-testemunha-de-jeova-em-estacao-da-alemanha\/#primaryimage","url":"https:\/\/radioportoseguro.com.br\/site\/wp-content\/uploads\/2026\/02\/2766371870-estacao-central-de-wurzburg.jpg","contentUrl":"https:\/\/radioportoseguro.com.br\/site\/wp-content\/uploads\/2026\/02\/2766371870-estacao-central-de-wurzburg.jpg","width":1200,"height":600},{"@type":"BreadcrumbList","@id":"https:\/\/radioportoseguro.com.br\/site\/2026\/02\/24\/afegao-armado-com-faca-ataca-estande-das-testemunha-de-jeova-em-estacao-da-alemanha\/#breadcrumb","itemListElement":[{"@type":"ListItem","position":1,"name":"In\u00edcio","item":"https:\/\/radioportoseguro.com.br\/site\/"},{"@type":"ListItem","position":2,"name":"Afeg\u00e3o armado com faca ataca estande das Testemunha de Jeov\u00e1 em esta\u00e7\u00e3o da Alemanha"}]},{"@type":"WebSite","@id":"https:\/\/radioportoseguro.com.br\/site\/#website","url":"https:\/\/radioportoseguro.com.br\/site\/","name":"R\u00e1dio Porto Seguro","description":"","potentialAction":[{"@type":"SearchAction","target":{"@type":"EntryPoint","urlTemplate":"https:\/\/radioportoseguro.com.br\/site\/?s={search_term_string}"},"query-input":{"@type":"PropertyValueSpecification","valueRequired":true,"valueName":"search_term_string"}}],"inLanguage":"pt-BR"},{"@type":"Person","@id":"https:\/\/radioportoseguro.com.br\/site\/#\/schema\/person\/7630acdc320186f13639d3c067ec089b","name":"admin","image":{"@type":"ImageObject","inLanguage":"pt-BR","@id":"https:\/\/radioportoseguro.com.br\/site\/#\/schema\/person\/image\/","url":"https:\/\/secure.gravatar.com\/avatar\/caacf4dc1eedb68fab0df8e1ed46c448e578b2466351bbcb61e47d2ac0caaef0?s=96&d=mm&r=g","contentUrl":"https:\/\/secure.gravatar.com\/avatar\/caacf4dc1eedb68fab0df8e1ed46c448e578b2466351bbcb61e47d2ac0caaef0?s=96&d=mm&r=g","caption":"admin"},"sameAs":["https:\/\/radioportoseguro.com.br\/site"],"url":"https:\/\/radioportoseguro.com.br\/site\/author\/hezio\/"}]}},"_links":{"self":[{"href":"https:\/\/radioportoseguro.com.br\/site\/wp-json\/wp\/v2\/posts\/4334","targetHints":{"allow":["GET"]}}],"collection":[{"href":"https:\/\/radioportoseguro.com.br\/site\/wp-json\/wp\/v2\/posts"}],"about":[{"href":"https:\/\/radioportoseguro.com.br\/site\/wp-json\/wp\/v2\/types\/post"}],"author":[{"embeddable":true,"href":"https:\/\/radioportoseguro.com.br\/site\/wp-json\/wp\/v2\/users\/1"}],"replies":[{"embeddable":true,"href":"https:\/\/radioportoseguro.com.br\/site\/wp-json\/wp\/v2\/comments?post=4334"}],"version-history":[{"count":0,"href":"https:\/\/radioportoseguro.com.br\/site\/wp-json\/wp\/v2\/posts\/4334\/revisions"}],"wp:featuredmedia":[{"embeddable":true,"href":"https:\/\/radioportoseguro.com.br\/site\/wp-json\/wp\/v2\/media\/4335"}],"wp:attachment":[{"href":"https:\/\/radioportoseguro.com.br\/site\/wp-json\/wp\/v2\/media?parent=4334"}],"wp:term":[{"taxonomy":"category","embeddable":true,"href":"https:\/\/radioportoseguro.com.br\/site\/wp-json\/wp\/v2\/categories?post=4334"},{"taxonomy":"post_tag","embeddable":true,"href":"https:\/\/radioportoseguro.com.br\/site\/wp-json\/wp\/v2\/tags?post=4334"}],"curies":[{"name":"wp","href":"https:\/\/api.w.org\/{rel}","templated":true}]}}