{"id":4340,"date":"2026-02-24T15:45:32","date_gmt":"2026-02-24T18:45:32","guid":{"rendered":"https:\/\/radioportoseguro.com.br\/site\/2026\/02\/24\/idosa-de-101-anos-emociona-ao-ser-batizada-em-pernambuco-creio-na-minha-salvacao\/"},"modified":"2026-02-24T15:45:32","modified_gmt":"2026-02-24T18:45:32","slug":"idosa-de-101-anos-emociona-ao-ser-batizada-em-pernambuco-creio-na-minha-salvacao","status":"publish","type":"post","link":"https:\/\/radioportoseguro.com.br\/site\/2026\/02\/24\/idosa-de-101-anos-emociona-ao-ser-batizada-em-pernambuco-creio-na-minha-salvacao\/","title":{"rendered":"Idosa de 101 anos emociona ao ser batizada em Pernambuco: \u2018Creio na minha salva\u00e7\u00e3o\u2019"},"content":{"rendered":"<p><br \/>\n<br \/><\/p>\n<div>\n<p><span style=\"font-weight: 400;\">No \u00faltimo domingo (22), uma igreja batizou centenas de pessoas em uma praia de Pernambuco. Dentre os novos convertidos, uma <\/span><strong><span style=\"color: #993300;\">idosa<\/span> <\/strong><span style=\"font-weight: 400;\">de 101 anos emocionou ao testemunhar publicamente sua f\u00e9 em Jesus.<\/span><\/p>\n<p><span style=\"font-weight: 400;\">A Igreja Evang\u00e9lica Assembleia de Deus em Barreiros celebrou o batismo de centenas de pessoas na cidade de S\u00e3o Jos\u00e9 da Coroa Grande.<\/span><\/p>\n<p><span style=\"font-weight: 400;\">Em um v\u00eddeo, pastores apareceram segurando uma idosa que impactou milhares com seu testemunho de f\u00e9.<\/span><\/p>\n<p><span style=\"font-weight: 400;\">\u201cA senhora tem certeza da sua salva\u00e7\u00e3o?\u201d, perguntou um pastor. E ela respondeu: \u201cSim\u201d.<\/span><\/p>\n<p><span style=\"font-weight: 400;\">O l\u00edder continuou: \u201cA senhora promete obedecer a Jesus enquanto viver?\u201d. E ela afirmou: \u201cPrometo\u201d.<\/span><\/p>\n<blockquote class=\"instagram-media\" style=\"background: #FFF; border: 0; border-radius: 3px; box-shadow: 0 0 1px 0 rgba(0,0,0,0.5),0 1px 10px 0 rgba(0,0,0,0.15); margin: 1px; max-width: 540px; min-width: 326px; padding: 0; width: calc(100% - 2px);\" data-instgrm-permalink=\"https:\/\/www.instagram.com\/reel\/DVECxiyDT1Q\/?utm_source=ig_embed&amp;utm_campaign=loading\" data-instgrm-version=\"14\"><p>&#13;<br \/>\n&#13;\n<\/p><\/blockquote>\n<p><span style=\"font-weight: 400;\">Em seguida, os pastores desceram a idosa nas \u00e1guas e celebraram sua nova vida em Cristo.<\/span><\/p>\n<p><span style=\"font-weight: 400;\">\u201cAos 101 anos, ela desceu \u00e0s \u00e1guas e subiu renovada, mostrando que nunca \u00e9 tarde para viver o prop\u00f3sito de Deus. Um testemunho vivo de f\u00e9, coragem e amor que atravessa gera\u00e7\u00f5es\u201d, compartilhou a igreja.<\/span><\/p>\n<p><strong>O batismo na praia\u00a0<\/strong><\/p>\n<p><span style=\"font-weight: 400;\">A caminho da praia, os crist\u00e3os marcharam com bandeiras com o nome de Jesus e uma banda pela principal avenida da cidade.<\/span><\/p>\n<p><span style=\"font-weight: 400;\">\u201cEst\u00e1 uma b\u00ean\u00e7\u00e3o, o povo est\u00e1 animado, o nome do Senhor est\u00e1 sendo glorificado. Continue orando por esta obra. Agradecemos a Deus por tudo aquilo que Ele tem feito. Estamos fazendo a diferen\u00e7a e proclamando: \u2018Pernambuco para Cristo\u2019\u201d, declarou o pastor Eslijanai Carlos.<\/span><\/p>\n<p><span style=\"font-weight: 400;\">A a\u00e7\u00e3o marcou o primeiro <\/span><strong><span style=\"color: #993300;\">batismo<\/span> <\/strong><span style=\"font-weight: 400;\">de 2026, onde \u201cvidas foram marcadas para sempre\u201d.<\/span><\/p>\n<p><span style=\"font-weight: 400;\">\u201cDia de renascimento! Hoje o c\u00e9u celebrou, a igreja se alegrou e vidas foram marcadas para sempre! Que este seja apenas o come\u00e7o de uma caminhada firme, cheia da presen\u00e7a de Deus. Ele est\u00e1 presente em cada l\u00e1grima, em cada ora\u00e7\u00e3o e em cada novo come\u00e7o, selando uma alian\u00e7a de amor eterno. Assim como no Jord\u00e3o, Deus continua presente hoje, confirmando, renovando e derramando gra\u00e7a sobre aqueles que escolhem nascer de novo\u201d, testemunhou a igreja.<\/span><\/p>\n<blockquote class=\"instagram-media\" style=\"background: #FFF; border: 0; border-radius: 3px; box-shadow: 0 0 1px 0 rgba(0,0,0,0.5),0 1px 10px 0 rgba(0,0,0,0.15); margin: 1px; max-width: 540px; min-width: 326px; padding: 0; width: calc(100% - 2px);\" data-instgrm-permalink=\"https:\/\/www.instagram.com\/p\/DVFLuJ1jQUY\/?utm_source=ig_embed&amp;utm_campaign=loading\" data-instgrm-version=\"14\"><p>&#13;<br \/>\n&#13;\n<\/p><\/blockquote>\n<p><span style=\"font-weight: 400;\">Na ocasi\u00e3o, o pastor Luiz M\u00e1rio explicou que o batismo \u00e9 uma ordenan\u00e7a do Senhor e falou sobre os frutos do Evangelho na igreja:<\/span><\/p>\n<p><span style=\"font-weight: 400;\">\u201cN\u00f3s temos a alegria de cumprirmos friamente aquilo que foi determinado pelo Senhor, o avan\u00e7o do Evangelho tem sido uma realidade permanente na igreja em Barreiro que cada vez mais o Senhor tem acrescentado novas vidas ao seu rebanho\u201d.<\/span><\/p>\n<p><span style=\"font-weight: 400;\">\u201cVemos a felicidade nesta manh\u00e3 de termos mais de uma centena de pessoas que confirmaram a sua f\u00e9 no Senhor Jesus Cristo. Podemos dizer que \u00e9 o pleno cumprimento da Palavra de Deus e a disposi\u00e7\u00e3o amorosa de todos os servos do Senhor em levar adiante o Evangelho e os seus efeitos gloriosos na vida daqueles que entendem esta mensagem\u201d, concluiu.\u00a0<\/span><\/p>\n<\/div>\n<p><script async src=\"\/\/www.instagram.com\/embed.js\"><\/script><br \/>\n<br \/><br \/>\n<br \/>Fonte: Guiame <\/p>\n","protected":false},"excerpt":{"rendered":"<p>No \u00faltimo domingo (22), uma igreja batizou centenas de pessoas em uma praia de Pernambuco. Dentre os novos convertidos, uma idosa de 101 anos emocionou ao testemunhar publicamente sua f\u00e9 em Jesus. A Igreja Evang\u00e9lica Assembleia de Deus em Barreiros celebrou o batismo de centenas de pessoas na cidade de S\u00e3o Jos\u00e9 da Coroa Grande. [&hellip;]<\/p>\n","protected":false},"author":1,"featured_media":4341,"comment_status":"","ping_status":"open","sticky":false,"template":"","format":"standard","meta":{"footnotes":""},"categories":[43],"tags":[],"class_list":["post-4340","post","type-post","status-publish","format-standard","has-post-thumbnail","hentry","category-destaques"],"yoast_head":"<!-- This site is optimized with the Yoast SEO plugin v26.8 - https:\/\/yoast.com\/product\/yoast-seo-wordpress\/ -->\n<title>Idosa de 101 anos emociona ao ser batizada em Pernambuco: \u2018Creio na minha salva\u00e7\u00e3o\u2019 - R\u00e1dio Porto Seguro<\/title>\n<meta name=\"robots\" content=\"index, follow, max-snippet:-1, max-image-preview:large, max-video-preview:-1\" \/>\n<link rel=\"canonical\" href=\"https:\/\/radioportoseguro.com.br\/site\/2026\/02\/24\/idosa-de-101-anos-emociona-ao-ser-batizada-em-pernambuco-creio-na-minha-salvacao\/\" \/>\n<meta property=\"og:locale\" content=\"pt_BR\" \/>\n<meta property=\"og:type\" content=\"article\" \/>\n<meta property=\"og:title\" content=\"Idosa de 101 anos emociona ao ser batizada em Pernambuco: \u2018Creio na minha salva\u00e7\u00e3o\u2019 - R\u00e1dio Porto Seguro\" \/>\n<meta property=\"og:description\" content=\"No \u00faltimo domingo (22), uma igreja batizou centenas de pessoas em uma praia de Pernambuco. Dentre os novos convertidos, uma idosa de 101 anos emocionou ao testemunhar publicamente sua f\u00e9 em Jesus. A Igreja Evang\u00e9lica Assembleia de Deus em Barreiros celebrou o batismo de centenas de pessoas na cidade de S\u00e3o Jos\u00e9 da Coroa Grande. [&hellip;]\" \/>\n<meta property=\"og:url\" content=\"https:\/\/radioportoseguro.com.br\/site\/2026\/02\/24\/idosa-de-101-anos-emociona-ao-ser-batizada-em-pernambuco-creio-na-minha-salvacao\/\" \/>\n<meta property=\"og:site_name\" content=\"R\u00e1dio Porto Seguro\" \/>\n<meta property=\"article:published_time\" content=\"2026-02-24T18:45:32+00:00\" \/>\n<meta property=\"og:image\" content=\"https:\/\/media.guiame.com.br\/archives\/2026\/02\/23\/2503811454-o-batismo-da-idosa.jpeg\" \/>\n<meta name=\"author\" content=\"admin\" \/>\n<meta name=\"twitter:card\" content=\"summary_large_image\" \/>\n<meta name=\"twitter:label1\" content=\"Escrito por\" \/>\n\t<meta name=\"twitter:data1\" content=\"admin\" \/>\n\t<meta name=\"twitter:label2\" content=\"Est. tempo de leitura\" \/>\n\t<meta name=\"twitter:data2\" content=\"2 minutos\" \/>\n<script type=\"application\/ld+json\" class=\"yoast-schema-graph\">{\"@context\":\"https:\/\/schema.org\",\"@graph\":[{\"@type\":\"Article\",\"@id\":\"https:\/\/radioportoseguro.com.br\/site\/2026\/02\/24\/idosa-de-101-anos-emociona-ao-ser-batizada-em-pernambuco-creio-na-minha-salvacao\/#article\",\"isPartOf\":{\"@id\":\"https:\/\/radioportoseguro.com.br\/site\/2026\/02\/24\/idosa-de-101-anos-emociona-ao-ser-batizada-em-pernambuco-creio-na-minha-salvacao\/\"},\"author\":{\"name\":\"admin\",\"@id\":\"https:\/\/radioportoseguro.com.br\/site\/#\/schema\/person\/7630acdc320186f13639d3c067ec089b\"},\"headline\":\"Idosa de 101 anos emociona ao ser batizada em Pernambuco: \u2018Creio na minha salva\u00e7\u00e3o\u2019\",\"datePublished\":\"2026-02-24T18:45:32+00:00\",\"mainEntityOfPage\":{\"@id\":\"https:\/\/radioportoseguro.com.br\/site\/2026\/02\/24\/idosa-de-101-anos-emociona-ao-ser-batizada-em-pernambuco-creio-na-minha-salvacao\/\"},\"wordCount\":471,\"image\":{\"@id\":\"https:\/\/radioportoseguro.com.br\/site\/2026\/02\/24\/idosa-de-101-anos-emociona-ao-ser-batizada-em-pernambuco-creio-na-minha-salvacao\/#primaryimage\"},\"thumbnailUrl\":\"https:\/\/radioportoseguro.com.br\/site\/wp-content\/uploads\/2026\/02\/2503811454-o-batismo-da-idosa.jpeg\",\"articleSection\":[\"Destaques\"],\"inLanguage\":\"pt-BR\"},{\"@type\":\"WebPage\",\"@id\":\"https:\/\/radioportoseguro.com.br\/site\/2026\/02\/24\/idosa-de-101-anos-emociona-ao-ser-batizada-em-pernambuco-creio-na-minha-salvacao\/\",\"url\":\"https:\/\/radioportoseguro.com.br\/site\/2026\/02\/24\/idosa-de-101-anos-emociona-ao-ser-batizada-em-pernambuco-creio-na-minha-salvacao\/\",\"name\":\"Idosa de 101 anos emociona ao ser batizada em Pernambuco: \u2018Creio na minha salva\u00e7\u00e3o\u2019 - R\u00e1dio Porto Seguro\",\"isPartOf\":{\"@id\":\"https:\/\/radioportoseguro.com.br\/site\/#website\"},\"primaryImageOfPage\":{\"@id\":\"https:\/\/radioportoseguro.com.br\/site\/2026\/02\/24\/idosa-de-101-anos-emociona-ao-ser-batizada-em-pernambuco-creio-na-minha-salvacao\/#primaryimage\"},\"image\":{\"@id\":\"https:\/\/radioportoseguro.com.br\/site\/2026\/02\/24\/idosa-de-101-anos-emociona-ao-ser-batizada-em-pernambuco-creio-na-minha-salvacao\/#primaryimage\"},\"thumbnailUrl\":\"https:\/\/radioportoseguro.com.br\/site\/wp-content\/uploads\/2026\/02\/2503811454-o-batismo-da-idosa.jpeg\",\"datePublished\":\"2026-02-24T18:45:32+00:00\",\"author\":{\"@id\":\"https:\/\/radioportoseguro.com.br\/site\/#\/schema\/person\/7630acdc320186f13639d3c067ec089b\"},\"breadcrumb\":{\"@id\":\"https:\/\/radioportoseguro.com.br\/site\/2026\/02\/24\/idosa-de-101-anos-emociona-ao-ser-batizada-em-pernambuco-creio-na-minha-salvacao\/#breadcrumb\"},\"inLanguage\":\"pt-BR\",\"potentialAction\":[{\"@type\":\"ReadAction\",\"target\":[\"https:\/\/radioportoseguro.com.br\/site\/2026\/02\/24\/idosa-de-101-anos-emociona-ao-ser-batizada-em-pernambuco-creio-na-minha-salvacao\/\"]}]},{\"@type\":\"ImageObject\",\"inLanguage\":\"pt-BR\",\"@id\":\"https:\/\/radioportoseguro.com.br\/site\/2026\/02\/24\/idosa-de-101-anos-emociona-ao-ser-batizada-em-pernambuco-creio-na-minha-salvacao\/#primaryimage\",\"url\":\"https:\/\/radioportoseguro.com.br\/site\/wp-content\/uploads\/2026\/02\/2503811454-o-batismo-da-idosa.jpeg\",\"contentUrl\":\"https:\/\/radioportoseguro.com.br\/site\/wp-content\/uploads\/2026\/02\/2503811454-o-batismo-da-idosa.jpeg\",\"width\":1200,\"height\":600},{\"@type\":\"BreadcrumbList\",\"@id\":\"https:\/\/radioportoseguro.com.br\/site\/2026\/02\/24\/idosa-de-101-anos-emociona-ao-ser-batizada-em-pernambuco-creio-na-minha-salvacao\/#breadcrumb\",\"itemListElement\":[{\"@type\":\"ListItem\",\"position\":1,\"name\":\"In\u00edcio\",\"item\":\"https:\/\/radioportoseguro.com.br\/site\/\"},{\"@type\":\"ListItem\",\"position\":2,\"name\":\"Idosa de 101 anos emociona ao ser batizada em Pernambuco: \u2018Creio na minha salva\u00e7\u00e3o\u2019\"}]},{\"@type\":\"WebSite\",\"@id\":\"https:\/\/radioportoseguro.com.br\/site\/#website\",\"url\":\"https:\/\/radioportoseguro.com.br\/site\/\",\"name\":\"R\u00e1dio Porto Seguro\",\"description\":\"\",\"potentialAction\":[{\"@type\":\"SearchAction\",\"target\":{\"@type\":\"EntryPoint\",\"urlTemplate\":\"https:\/\/radioportoseguro.com.br\/site\/?s={search_term_string}\"},\"query-input\":{\"@type\":\"PropertyValueSpecification\",\"valueRequired\":true,\"valueName\":\"search_term_string\"}}],\"inLanguage\":\"pt-BR\"},{\"@type\":\"Person\",\"@id\":\"https:\/\/radioportoseguro.com.br\/site\/#\/schema\/person\/7630acdc320186f13639d3c067ec089b\",\"name\":\"admin\",\"image\":{\"@type\":\"ImageObject\",\"inLanguage\":\"pt-BR\",\"@id\":\"https:\/\/radioportoseguro.com.br\/site\/#\/schema\/person\/image\/\",\"url\":\"https:\/\/secure.gravatar.com\/avatar\/caacf4dc1eedb68fab0df8e1ed46c448e578b2466351bbcb61e47d2ac0caaef0?s=96&d=mm&r=g\",\"contentUrl\":\"https:\/\/secure.gravatar.com\/avatar\/caacf4dc1eedb68fab0df8e1ed46c448e578b2466351bbcb61e47d2ac0caaef0?s=96&d=mm&r=g\",\"caption\":\"admin\"},\"sameAs\":[\"https:\/\/radioportoseguro.com.br\/site\"],\"url\":\"https:\/\/radioportoseguro.com.br\/site\/author\/hezio\/\"}]}<\/script>\n<!-- \/ Yoast SEO plugin. -->","yoast_head_json":{"title":"Idosa de 101 anos emociona ao ser batizada em Pernambuco: \u2018Creio na minha salva\u00e7\u00e3o\u2019 - R\u00e1dio Porto Seguro","robots":{"index":"index","follow":"follow","max-snippet":"max-snippet:-1","max-image-preview":"max-image-preview:large","max-video-preview":"max-video-preview:-1"},"canonical":"https:\/\/radioportoseguro.com.br\/site\/2026\/02\/24\/idosa-de-101-anos-emociona-ao-ser-batizada-em-pernambuco-creio-na-minha-salvacao\/","og_locale":"pt_BR","og_type":"article","og_title":"Idosa de 101 anos emociona ao ser batizada em Pernambuco: \u2018Creio na minha salva\u00e7\u00e3o\u2019 - R\u00e1dio Porto Seguro","og_description":"No \u00faltimo domingo (22), uma igreja batizou centenas de pessoas em uma praia de Pernambuco. Dentre os novos convertidos, uma idosa de 101 anos emocionou ao testemunhar publicamente sua f\u00e9 em Jesus. A Igreja Evang\u00e9lica Assembleia de Deus em Barreiros celebrou o batismo de centenas de pessoas na cidade de S\u00e3o Jos\u00e9 da Coroa Grande. [&hellip;]","og_url":"https:\/\/radioportoseguro.com.br\/site\/2026\/02\/24\/idosa-de-101-anos-emociona-ao-ser-batizada-em-pernambuco-creio-na-minha-salvacao\/","og_site_name":"R\u00e1dio Porto Seguro","article_published_time":"2026-02-24T18:45:32+00:00","og_image":[{"url":"https:\/\/media.guiame.com.br\/archives\/2026\/02\/23\/2503811454-o-batismo-da-idosa.jpeg","type":"","width":"","height":""}],"author":"admin","twitter_card":"summary_large_image","twitter_misc":{"Escrito por":"admin","Est. tempo de leitura":"2 minutos"},"schema":{"@context":"https:\/\/schema.org","@graph":[{"@type":"Article","@id":"https:\/\/radioportoseguro.com.br\/site\/2026\/02\/24\/idosa-de-101-anos-emociona-ao-ser-batizada-em-pernambuco-creio-na-minha-salvacao\/#article","isPartOf":{"@id":"https:\/\/radioportoseguro.com.br\/site\/2026\/02\/24\/idosa-de-101-anos-emociona-ao-ser-batizada-em-pernambuco-creio-na-minha-salvacao\/"},"author":{"name":"admin","@id":"https:\/\/radioportoseguro.com.br\/site\/#\/schema\/person\/7630acdc320186f13639d3c067ec089b"},"headline":"Idosa de 101 anos emociona ao ser batizada em Pernambuco: \u2018Creio na minha salva\u00e7\u00e3o\u2019","datePublished":"2026-02-24T18:45:32+00:00","mainEntityOfPage":{"@id":"https:\/\/radioportoseguro.com.br\/site\/2026\/02\/24\/idosa-de-101-anos-emociona-ao-ser-batizada-em-pernambuco-creio-na-minha-salvacao\/"},"wordCount":471,"image":{"@id":"https:\/\/radioportoseguro.com.br\/site\/2026\/02\/24\/idosa-de-101-anos-emociona-ao-ser-batizada-em-pernambuco-creio-na-minha-salvacao\/#primaryimage"},"thumbnailUrl":"https:\/\/radioportoseguro.com.br\/site\/wp-content\/uploads\/2026\/02\/2503811454-o-batismo-da-idosa.jpeg","articleSection":["Destaques"],"inLanguage":"pt-BR"},{"@type":"WebPage","@id":"https:\/\/radioportoseguro.com.br\/site\/2026\/02\/24\/idosa-de-101-anos-emociona-ao-ser-batizada-em-pernambuco-creio-na-minha-salvacao\/","url":"https:\/\/radioportoseguro.com.br\/site\/2026\/02\/24\/idosa-de-101-anos-emociona-ao-ser-batizada-em-pernambuco-creio-na-minha-salvacao\/","name":"Idosa de 101 anos emociona ao ser batizada em Pernambuco: \u2018Creio na minha salva\u00e7\u00e3o\u2019 - R\u00e1dio Porto Seguro","isPartOf":{"@id":"https:\/\/radioportoseguro.com.br\/site\/#website"},"primaryImageOfPage":{"@id":"https:\/\/radioportoseguro.com.br\/site\/2026\/02\/24\/idosa-de-101-anos-emociona-ao-ser-batizada-em-pernambuco-creio-na-minha-salvacao\/#primaryimage"},"image":{"@id":"https:\/\/radioportoseguro.com.br\/site\/2026\/02\/24\/idosa-de-101-anos-emociona-ao-ser-batizada-em-pernambuco-creio-na-minha-salvacao\/#primaryimage"},"thumbnailUrl":"https:\/\/radioportoseguro.com.br\/site\/wp-content\/uploads\/2026\/02\/2503811454-o-batismo-da-idosa.jpeg","datePublished":"2026-02-24T18:45:32+00:00","author":{"@id":"https:\/\/radioportoseguro.com.br\/site\/#\/schema\/person\/7630acdc320186f13639d3c067ec089b"},"breadcrumb":{"@id":"https:\/\/radioportoseguro.com.br\/site\/2026\/02\/24\/idosa-de-101-anos-emociona-ao-ser-batizada-em-pernambuco-creio-na-minha-salvacao\/#breadcrumb"},"inLanguage":"pt-BR","potentialAction":[{"@type":"ReadAction","target":["https:\/\/radioportoseguro.com.br\/site\/2026\/02\/24\/idosa-de-101-anos-emociona-ao-ser-batizada-em-pernambuco-creio-na-minha-salvacao\/"]}]},{"@type":"ImageObject","inLanguage":"pt-BR","@id":"https:\/\/radioportoseguro.com.br\/site\/2026\/02\/24\/idosa-de-101-anos-emociona-ao-ser-batizada-em-pernambuco-creio-na-minha-salvacao\/#primaryimage","url":"https:\/\/radioportoseguro.com.br\/site\/wp-content\/uploads\/2026\/02\/2503811454-o-batismo-da-idosa.jpeg","contentUrl":"https:\/\/radioportoseguro.com.br\/site\/wp-content\/uploads\/2026\/02\/2503811454-o-batismo-da-idosa.jpeg","width":1200,"height":600},{"@type":"BreadcrumbList","@id":"https:\/\/radioportoseguro.com.br\/site\/2026\/02\/24\/idosa-de-101-anos-emociona-ao-ser-batizada-em-pernambuco-creio-na-minha-salvacao\/#breadcrumb","itemListElement":[{"@type":"ListItem","position":1,"name":"In\u00edcio","item":"https:\/\/radioportoseguro.com.br\/site\/"},{"@type":"ListItem","position":2,"name":"Idosa de 101 anos emociona ao ser batizada em Pernambuco: \u2018Creio na minha salva\u00e7\u00e3o\u2019"}]},{"@type":"WebSite","@id":"https:\/\/radioportoseguro.com.br\/site\/#website","url":"https:\/\/radioportoseguro.com.br\/site\/","name":"R\u00e1dio Porto Seguro","description":"","potentialAction":[{"@type":"SearchAction","target":{"@type":"EntryPoint","urlTemplate":"https:\/\/radioportoseguro.com.br\/site\/?s={search_term_string}"},"query-input":{"@type":"PropertyValueSpecification","valueRequired":true,"valueName":"search_term_string"}}],"inLanguage":"pt-BR"},{"@type":"Person","@id":"https:\/\/radioportoseguro.com.br\/site\/#\/schema\/person\/7630acdc320186f13639d3c067ec089b","name":"admin","image":{"@type":"ImageObject","inLanguage":"pt-BR","@id":"https:\/\/radioportoseguro.com.br\/site\/#\/schema\/person\/image\/","url":"https:\/\/secure.gravatar.com\/avatar\/caacf4dc1eedb68fab0df8e1ed46c448e578b2466351bbcb61e47d2ac0caaef0?s=96&d=mm&r=g","contentUrl":"https:\/\/secure.gravatar.com\/avatar\/caacf4dc1eedb68fab0df8e1ed46c448e578b2466351bbcb61e47d2ac0caaef0?s=96&d=mm&r=g","caption":"admin"},"sameAs":["https:\/\/radioportoseguro.com.br\/site"],"url":"https:\/\/radioportoseguro.com.br\/site\/author\/hezio\/"}]}},"_links":{"self":[{"href":"https:\/\/radioportoseguro.com.br\/site\/wp-json\/wp\/v2\/posts\/4340","targetHints":{"allow":["GET"]}}],"collection":[{"href":"https:\/\/radioportoseguro.com.br\/site\/wp-json\/wp\/v2\/posts"}],"about":[{"href":"https:\/\/radioportoseguro.com.br\/site\/wp-json\/wp\/v2\/types\/post"}],"author":[{"embeddable":true,"href":"https:\/\/radioportoseguro.com.br\/site\/wp-json\/wp\/v2\/users\/1"}],"replies":[{"embeddable":true,"href":"https:\/\/radioportoseguro.com.br\/site\/wp-json\/wp\/v2\/comments?post=4340"}],"version-history":[{"count":0,"href":"https:\/\/radioportoseguro.com.br\/site\/wp-json\/wp\/v2\/posts\/4340\/revisions"}],"wp:featuredmedia":[{"embeddable":true,"href":"https:\/\/radioportoseguro.com.br\/site\/wp-json\/wp\/v2\/media\/4341"}],"wp:attachment":[{"href":"https:\/\/radioportoseguro.com.br\/site\/wp-json\/wp\/v2\/media?parent=4340"}],"wp:term":[{"taxonomy":"category","embeddable":true,"href":"https:\/\/radioportoseguro.com.br\/site\/wp-json\/wp\/v2\/categories?post=4340"},{"taxonomy":"post_tag","embeddable":true,"href":"https:\/\/radioportoseguro.com.br\/site\/wp-json\/wp\/v2\/tags?post=4340"}],"curies":[{"name":"wp","href":"https:\/\/api.w.org\/{rel}","templated":true}]}}