{"id":4344,"date":"2026-02-24T17:47:37","date_gmt":"2026-02-24T20:47:37","guid":{"rendered":"https:\/\/radioportoseguro.com.br\/site\/2026\/02\/24\/abuso-da-menina-de-12-anos-absolvido-pela-justica-alerta-a-consciencia-crista-e-juridica\/"},"modified":"2026-02-24T17:47:37","modified_gmt":"2026-02-24T20:47:37","slug":"abuso-da-menina-de-12-anos-absolvido-pela-justica-alerta-a-consciencia-crista-e-juridica","status":"publish","type":"post","link":"https:\/\/radioportoseguro.com.br\/site\/2026\/02\/24\/abuso-da-menina-de-12-anos-absolvido-pela-justica-alerta-a-consciencia-crista-e-juridica\/","title":{"rendered":"Abuso da menina de 12 anos absolvido pela Justi\u00e7a: Alerta \u00e0 consci\u00eancia crist\u00e3 e jur\u00eddica"},"content":{"rendered":"<p><br \/>\n<br \/><\/p>\n<div>\n<p>H\u00e1 decis\u00f5es que n\u00e3o podem ser tratadas como simples diverg\u00eancia interpretativa.<\/p>\n<p>Elas exigem posicionamento.<\/p>\n<p>O caso da menina de 12 anos envolvida com um homem de 35 anos, culminando em absolvi\u00e7\u00e3o judicial, ultrapassa o campo jur\u00eddico e entra na esfera \u00e9tica, psicol\u00f3gica e espiritual.<\/p>\n<p>\u00c9 necess\u00e1rio afirmar, sem hesita\u00e7\u00e3o: uma crian\u00e7a de 12 anos n\u00e3o consente.<\/p>\n<p><strong>A Ci\u00eancia \u00e9 Inequ\u00edvoca<\/strong><\/p>\n<p>Aos 12 anos:<\/p>\n<p>O c\u00f3rtex pr\u00e9-frontal est\u00e1 em matura\u00e7\u00e3o.<\/p>\n<p>A capacidade de prever consequ\u00eancias \u00e9 limitada.<\/p>\n<p>A identidade est\u00e1 em forma\u00e7\u00e3o.<\/p>\n<p>A busca por valida\u00e7\u00e3o afetiva \u00e9 intensa.<\/p>\n<p>A compreens\u00e3o de din\u00e2micas de poder \u00e9 incipiente.<\/p>\n<p>Um adulto de 35 anos:<\/p>\n<p>Possui maturidade cognitiva consolidada.<\/p>\n<p>Compreende implica\u00e7\u00f5es morais e legais.<\/p>\n<p>Det\u00e9m superioridade f\u00edsica e psicol\u00f3gica.<\/p>\n<p>Essa rela\u00e7\u00e3o \u00e9 estruturalmente desigual.<\/p>\n<p>A literatura psicol\u00f3gica descreve o fen\u00f4meno do grooming \u2014 manipula\u00e7\u00e3o emocional progressiva que leva a crian\u00e7a a interpretar explora\u00e7\u00e3o como afeto.<\/p>\n<p>Se a crian\u00e7a diz que quis, isso n\u00e3o \u00e9 consentimento.<\/p>\n<p>\u00c9 consequ\u00eancia da manipula\u00e7\u00e3o.<\/p>\n<p><strong>A Lei Brasileira<\/strong><\/p>\n<p>A Constitui\u00e7\u00e3o Federal (art. 227) determina prioridade absoluta \u00e0 crian\u00e7a.<\/p>\n<p>O Estatuto da Crian\u00e7a e do Adolescente estabelece prote\u00e7\u00e3o integral.<\/p>\n<p>O C\u00f3digo Penal reconhece vulnerabilidade objetiva do menor de 14 anos.<\/p>\n<p>Relativizar essa prote\u00e7\u00e3o \u00e9 enfraquecer a pr\u00f3pria base jur\u00eddica de defesa da inf\u00e2ncia.<\/p>\n<p><strong>A Dimens\u00e3o Espiritual<\/strong><\/p>\n<p>Em Evangelho de Mateus 18:6, Cristo declara:<\/p>\n<p>\u201cQualquer que fizer trope\u00e7ar um destes pequeninos que creem em mim, melhor lhe fora que se lhe pendurasse ao pesco\u00e7o uma grande pedra de moinho\u2026\u201d<\/p>\n<p>A cosmovis\u00e3o crist\u00e3 n\u00e3o relativiza a inf\u00e2ncia.<\/p>\n<p>Ela a protege.<\/p>\n<p><strong>O Dano Institucional<\/strong><\/p>\n<p>Quando juiz e desembargador absolvem um adulto nessa assimetria:<\/p>\n<p>H\u00e1 revitimiza\u00e7\u00e3o institucional.<\/p>\n<p>H\u00e1 invalida\u00e7\u00e3o do sofrimento.<\/p>\n<p>H\u00e1 mensagem social de toler\u00e2ncia impl\u00edcita.<\/p>\n<p>A psicologia do trauma demonstra que a descren\u00e7a institucional aprofunda o dano.<\/p>\n<p>A inf\u00e2ncia n\u00e3o \u00e9 interpret\u00e1vel.<\/p>\n<p>\u00c9 proteg\u00edvel.<\/p>\n<p>\u00a0<\/p>\n<p><strong>Marisa Lobo<\/strong> (CRP 08\/07512) \u00e9 psic\u00f3loga, mission\u00e1ria, ativista pelos direitos da inf\u00e2ncia e da fam\u00edlia e autora de livros sobre sa\u00fade mental, educa\u00e7\u00e3o de filhos e autoestima infantil, entre eles &#8220;Por que as pessoas Mentem?&#8221;, &#8220;A Ideologia de G\u00eanero na Educa\u00e7\u00e3o&#8221; e &#8220;Fam\u00edlias em Perigo&#8221;. Especialista em Direitos Humanos, preside o movimento Pr\u00f3-Mulher.<\/p>\n<p><em>* O conte\u00fado do texto acima \u00e9 uma colabora\u00e7\u00e3o volunt\u00e1ria, de total responsabilidade do autor e n\u00e3o reflete necessariamente a opini\u00e3o do Portal Guiame.<\/em><\/p>\n<p>Leia o artigo anterior: <span style=\"color: #800000;\"><strong>Carnaval como instrumento de intoler\u00e2ncia e esc\u00e1rnio religioso<\/strong><\/span><\/p>\n<\/div>\n<p><br \/>\n<br \/>Fonte: Guiame <\/p>\n","protected":false},"excerpt":{"rendered":"<p>H\u00e1 decis\u00f5es que n\u00e3o podem ser tratadas como simples diverg\u00eancia interpretativa. Elas exigem posicionamento. O caso da menina de 12 anos envolvida com um homem de 35 anos, culminando em absolvi\u00e7\u00e3o judicial, ultrapassa o campo jur\u00eddico e entra na esfera \u00e9tica, psicol\u00f3gica e espiritual. \u00c9 necess\u00e1rio afirmar, sem hesita\u00e7\u00e3o: uma crian\u00e7a de 12 anos n\u00e3o [&hellip;]<\/p>\n","protected":false},"author":1,"featured_media":4345,"comment_status":"","ping_status":"open","sticky":false,"template":"","format":"standard","meta":{"footnotes":""},"categories":[43],"tags":[],"class_list":["post-4344","post","type-post","status-publish","format-standard","has-post-thumbnail","hentry","category-destaques"],"yoast_head":"<!-- This site is optimized with the Yoast SEO plugin v26.8 - https:\/\/yoast.com\/product\/yoast-seo-wordpress\/ -->\n<title>Abuso da menina de 12 anos absolvido pela Justi\u00e7a: Alerta \u00e0 consci\u00eancia crist\u00e3 e jur\u00eddica - R\u00e1dio Porto Seguro<\/title>\n<meta name=\"robots\" content=\"index, follow, max-snippet:-1, max-image-preview:large, max-video-preview:-1\" \/>\n<link rel=\"canonical\" href=\"https:\/\/radioportoseguro.com.br\/site\/2026\/02\/24\/abuso-da-menina-de-12-anos-absolvido-pela-justica-alerta-a-consciencia-crista-e-juridica\/\" \/>\n<meta property=\"og:locale\" content=\"pt_BR\" \/>\n<meta property=\"og:type\" content=\"article\" \/>\n<meta property=\"og:title\" content=\"Abuso da menina de 12 anos absolvido pela Justi\u00e7a: Alerta \u00e0 consci\u00eancia crist\u00e3 e jur\u00eddica - R\u00e1dio Porto Seguro\" \/>\n<meta property=\"og:description\" content=\"H\u00e1 decis\u00f5es que n\u00e3o podem ser tratadas como simples diverg\u00eancia interpretativa. Elas exigem posicionamento. O caso da menina de 12 anos envolvida com um homem de 35 anos, culminando em absolvi\u00e7\u00e3o judicial, ultrapassa o campo jur\u00eddico e entra na esfera \u00e9tica, psicol\u00f3gica e espiritual. \u00c9 necess\u00e1rio afirmar, sem hesita\u00e7\u00e3o: uma crian\u00e7a de 12 anos n\u00e3o [&hellip;]\" \/>\n<meta property=\"og:url\" content=\"https:\/\/radioportoseguro.com.br\/site\/2026\/02\/24\/abuso-da-menina-de-12-anos-absolvido-pela-justica-alerta-a-consciencia-crista-e-juridica\/\" \/>\n<meta property=\"og:site_name\" content=\"R\u00e1dio Porto Seguro\" \/>\n<meta property=\"article:published_time\" content=\"2026-02-24T20:47:37+00:00\" \/>\n<meta property=\"og:image\" content=\"https:\/\/media.guiame.com.br\/archives\/2026\/02\/23\/1465139959-tribunal-de-justica-de-minas-gerais.jpg\" \/>\n<meta name=\"author\" content=\"admin\" \/>\n<meta name=\"twitter:card\" content=\"summary_large_image\" \/>\n<meta name=\"twitter:label1\" content=\"Escrito por\" \/>\n\t<meta name=\"twitter:data1\" content=\"admin\" \/>\n\t<meta name=\"twitter:label2\" content=\"Est. tempo de leitura\" \/>\n\t<meta name=\"twitter:data2\" content=\"2 minutos\" \/>\n<script type=\"application\/ld+json\" class=\"yoast-schema-graph\">{\"@context\":\"https:\/\/schema.org\",\"@graph\":[{\"@type\":\"Article\",\"@id\":\"https:\/\/radioportoseguro.com.br\/site\/2026\/02\/24\/abuso-da-menina-de-12-anos-absolvido-pela-justica-alerta-a-consciencia-crista-e-juridica\/#article\",\"isPartOf\":{\"@id\":\"https:\/\/radioportoseguro.com.br\/site\/2026\/02\/24\/abuso-da-menina-de-12-anos-absolvido-pela-justica-alerta-a-consciencia-crista-e-juridica\/\"},\"author\":{\"name\":\"admin\",\"@id\":\"https:\/\/radioportoseguro.com.br\/site\/#\/schema\/person\/7630acdc320186f13639d3c067ec089b\"},\"headline\":\"Abuso da menina de 12 anos absolvido pela Justi\u00e7a: Alerta \u00e0 consci\u00eancia crist\u00e3 e jur\u00eddica\",\"datePublished\":\"2026-02-24T20:47:37+00:00\",\"mainEntityOfPage\":{\"@id\":\"https:\/\/radioportoseguro.com.br\/site\/2026\/02\/24\/abuso-da-menina-de-12-anos-absolvido-pela-justica-alerta-a-consciencia-crista-e-juridica\/\"},\"wordCount\":450,\"image\":{\"@id\":\"https:\/\/radioportoseguro.com.br\/site\/2026\/02\/24\/abuso-da-menina-de-12-anos-absolvido-pela-justica-alerta-a-consciencia-crista-e-juridica\/#primaryimage\"},\"thumbnailUrl\":\"https:\/\/radioportoseguro.com.br\/site\/wp-content\/uploads\/2026\/02\/1465139959-tribunal-de-justica-de-minas-gerais.jpg\",\"articleSection\":[\"Destaques\"],\"inLanguage\":\"pt-BR\"},{\"@type\":\"WebPage\",\"@id\":\"https:\/\/radioportoseguro.com.br\/site\/2026\/02\/24\/abuso-da-menina-de-12-anos-absolvido-pela-justica-alerta-a-consciencia-crista-e-juridica\/\",\"url\":\"https:\/\/radioportoseguro.com.br\/site\/2026\/02\/24\/abuso-da-menina-de-12-anos-absolvido-pela-justica-alerta-a-consciencia-crista-e-juridica\/\",\"name\":\"Abuso da menina de 12 anos absolvido pela Justi\u00e7a: Alerta \u00e0 consci\u00eancia crist\u00e3 e jur\u00eddica - R\u00e1dio Porto Seguro\",\"isPartOf\":{\"@id\":\"https:\/\/radioportoseguro.com.br\/site\/#website\"},\"primaryImageOfPage\":{\"@id\":\"https:\/\/radioportoseguro.com.br\/site\/2026\/02\/24\/abuso-da-menina-de-12-anos-absolvido-pela-justica-alerta-a-consciencia-crista-e-juridica\/#primaryimage\"},\"image\":{\"@id\":\"https:\/\/radioportoseguro.com.br\/site\/2026\/02\/24\/abuso-da-menina-de-12-anos-absolvido-pela-justica-alerta-a-consciencia-crista-e-juridica\/#primaryimage\"},\"thumbnailUrl\":\"https:\/\/radioportoseguro.com.br\/site\/wp-content\/uploads\/2026\/02\/1465139959-tribunal-de-justica-de-minas-gerais.jpg\",\"datePublished\":\"2026-02-24T20:47:37+00:00\",\"author\":{\"@id\":\"https:\/\/radioportoseguro.com.br\/site\/#\/schema\/person\/7630acdc320186f13639d3c067ec089b\"},\"breadcrumb\":{\"@id\":\"https:\/\/radioportoseguro.com.br\/site\/2026\/02\/24\/abuso-da-menina-de-12-anos-absolvido-pela-justica-alerta-a-consciencia-crista-e-juridica\/#breadcrumb\"},\"inLanguage\":\"pt-BR\",\"potentialAction\":[{\"@type\":\"ReadAction\",\"target\":[\"https:\/\/radioportoseguro.com.br\/site\/2026\/02\/24\/abuso-da-menina-de-12-anos-absolvido-pela-justica-alerta-a-consciencia-crista-e-juridica\/\"]}]},{\"@type\":\"ImageObject\",\"inLanguage\":\"pt-BR\",\"@id\":\"https:\/\/radioportoseguro.com.br\/site\/2026\/02\/24\/abuso-da-menina-de-12-anos-absolvido-pela-justica-alerta-a-consciencia-crista-e-juridica\/#primaryimage\",\"url\":\"https:\/\/radioportoseguro.com.br\/site\/wp-content\/uploads\/2026\/02\/1465139959-tribunal-de-justica-de-minas-gerais.jpg\",\"contentUrl\":\"https:\/\/radioportoseguro.com.br\/site\/wp-content\/uploads\/2026\/02\/1465139959-tribunal-de-justica-de-minas-gerais.jpg\",\"width\":1200,\"height\":600},{\"@type\":\"BreadcrumbList\",\"@id\":\"https:\/\/radioportoseguro.com.br\/site\/2026\/02\/24\/abuso-da-menina-de-12-anos-absolvido-pela-justica-alerta-a-consciencia-crista-e-juridica\/#breadcrumb\",\"itemListElement\":[{\"@type\":\"ListItem\",\"position\":1,\"name\":\"In\u00edcio\",\"item\":\"https:\/\/radioportoseguro.com.br\/site\/\"},{\"@type\":\"ListItem\",\"position\":2,\"name\":\"Abuso da menina de 12 anos absolvido pela Justi\u00e7a: Alerta \u00e0 consci\u00eancia crist\u00e3 e jur\u00eddica\"}]},{\"@type\":\"WebSite\",\"@id\":\"https:\/\/radioportoseguro.com.br\/site\/#website\",\"url\":\"https:\/\/radioportoseguro.com.br\/site\/\",\"name\":\"R\u00e1dio Porto Seguro\",\"description\":\"\",\"potentialAction\":[{\"@type\":\"SearchAction\",\"target\":{\"@type\":\"EntryPoint\",\"urlTemplate\":\"https:\/\/radioportoseguro.com.br\/site\/?s={search_term_string}\"},\"query-input\":{\"@type\":\"PropertyValueSpecification\",\"valueRequired\":true,\"valueName\":\"search_term_string\"}}],\"inLanguage\":\"pt-BR\"},{\"@type\":\"Person\",\"@id\":\"https:\/\/radioportoseguro.com.br\/site\/#\/schema\/person\/7630acdc320186f13639d3c067ec089b\",\"name\":\"admin\",\"image\":{\"@type\":\"ImageObject\",\"inLanguage\":\"pt-BR\",\"@id\":\"https:\/\/radioportoseguro.com.br\/site\/#\/schema\/person\/image\/\",\"url\":\"https:\/\/secure.gravatar.com\/avatar\/caacf4dc1eedb68fab0df8e1ed46c448e578b2466351bbcb61e47d2ac0caaef0?s=96&d=mm&r=g\",\"contentUrl\":\"https:\/\/secure.gravatar.com\/avatar\/caacf4dc1eedb68fab0df8e1ed46c448e578b2466351bbcb61e47d2ac0caaef0?s=96&d=mm&r=g\",\"caption\":\"admin\"},\"sameAs\":[\"https:\/\/radioportoseguro.com.br\/site\"],\"url\":\"https:\/\/radioportoseguro.com.br\/site\/author\/hezio\/\"}]}<\/script>\n<!-- \/ Yoast SEO plugin. -->","yoast_head_json":{"title":"Abuso da menina de 12 anos absolvido pela Justi\u00e7a: Alerta \u00e0 consci\u00eancia crist\u00e3 e jur\u00eddica - R\u00e1dio Porto Seguro","robots":{"index":"index","follow":"follow","max-snippet":"max-snippet:-1","max-image-preview":"max-image-preview:large","max-video-preview":"max-video-preview:-1"},"canonical":"https:\/\/radioportoseguro.com.br\/site\/2026\/02\/24\/abuso-da-menina-de-12-anos-absolvido-pela-justica-alerta-a-consciencia-crista-e-juridica\/","og_locale":"pt_BR","og_type":"article","og_title":"Abuso da menina de 12 anos absolvido pela Justi\u00e7a: Alerta \u00e0 consci\u00eancia crist\u00e3 e jur\u00eddica - R\u00e1dio Porto Seguro","og_description":"H\u00e1 decis\u00f5es que n\u00e3o podem ser tratadas como simples diverg\u00eancia interpretativa. Elas exigem posicionamento. O caso da menina de 12 anos envolvida com um homem de 35 anos, culminando em absolvi\u00e7\u00e3o judicial, ultrapassa o campo jur\u00eddico e entra na esfera \u00e9tica, psicol\u00f3gica e espiritual. \u00c9 necess\u00e1rio afirmar, sem hesita\u00e7\u00e3o: uma crian\u00e7a de 12 anos n\u00e3o [&hellip;]","og_url":"https:\/\/radioportoseguro.com.br\/site\/2026\/02\/24\/abuso-da-menina-de-12-anos-absolvido-pela-justica-alerta-a-consciencia-crista-e-juridica\/","og_site_name":"R\u00e1dio Porto Seguro","article_published_time":"2026-02-24T20:47:37+00:00","og_image":[{"url":"https:\/\/media.guiame.com.br\/archives\/2026\/02\/23\/1465139959-tribunal-de-justica-de-minas-gerais.jpg","type":"","width":"","height":""}],"author":"admin","twitter_card":"summary_large_image","twitter_misc":{"Escrito por":"admin","Est. tempo de leitura":"2 minutos"},"schema":{"@context":"https:\/\/schema.org","@graph":[{"@type":"Article","@id":"https:\/\/radioportoseguro.com.br\/site\/2026\/02\/24\/abuso-da-menina-de-12-anos-absolvido-pela-justica-alerta-a-consciencia-crista-e-juridica\/#article","isPartOf":{"@id":"https:\/\/radioportoseguro.com.br\/site\/2026\/02\/24\/abuso-da-menina-de-12-anos-absolvido-pela-justica-alerta-a-consciencia-crista-e-juridica\/"},"author":{"name":"admin","@id":"https:\/\/radioportoseguro.com.br\/site\/#\/schema\/person\/7630acdc320186f13639d3c067ec089b"},"headline":"Abuso da menina de 12 anos absolvido pela Justi\u00e7a: Alerta \u00e0 consci\u00eancia crist\u00e3 e jur\u00eddica","datePublished":"2026-02-24T20:47:37+00:00","mainEntityOfPage":{"@id":"https:\/\/radioportoseguro.com.br\/site\/2026\/02\/24\/abuso-da-menina-de-12-anos-absolvido-pela-justica-alerta-a-consciencia-crista-e-juridica\/"},"wordCount":450,"image":{"@id":"https:\/\/radioportoseguro.com.br\/site\/2026\/02\/24\/abuso-da-menina-de-12-anos-absolvido-pela-justica-alerta-a-consciencia-crista-e-juridica\/#primaryimage"},"thumbnailUrl":"https:\/\/radioportoseguro.com.br\/site\/wp-content\/uploads\/2026\/02\/1465139959-tribunal-de-justica-de-minas-gerais.jpg","articleSection":["Destaques"],"inLanguage":"pt-BR"},{"@type":"WebPage","@id":"https:\/\/radioportoseguro.com.br\/site\/2026\/02\/24\/abuso-da-menina-de-12-anos-absolvido-pela-justica-alerta-a-consciencia-crista-e-juridica\/","url":"https:\/\/radioportoseguro.com.br\/site\/2026\/02\/24\/abuso-da-menina-de-12-anos-absolvido-pela-justica-alerta-a-consciencia-crista-e-juridica\/","name":"Abuso da menina de 12 anos absolvido pela Justi\u00e7a: Alerta \u00e0 consci\u00eancia crist\u00e3 e jur\u00eddica - R\u00e1dio Porto Seguro","isPartOf":{"@id":"https:\/\/radioportoseguro.com.br\/site\/#website"},"primaryImageOfPage":{"@id":"https:\/\/radioportoseguro.com.br\/site\/2026\/02\/24\/abuso-da-menina-de-12-anos-absolvido-pela-justica-alerta-a-consciencia-crista-e-juridica\/#primaryimage"},"image":{"@id":"https:\/\/radioportoseguro.com.br\/site\/2026\/02\/24\/abuso-da-menina-de-12-anos-absolvido-pela-justica-alerta-a-consciencia-crista-e-juridica\/#primaryimage"},"thumbnailUrl":"https:\/\/radioportoseguro.com.br\/site\/wp-content\/uploads\/2026\/02\/1465139959-tribunal-de-justica-de-minas-gerais.jpg","datePublished":"2026-02-24T20:47:37+00:00","author":{"@id":"https:\/\/radioportoseguro.com.br\/site\/#\/schema\/person\/7630acdc320186f13639d3c067ec089b"},"breadcrumb":{"@id":"https:\/\/radioportoseguro.com.br\/site\/2026\/02\/24\/abuso-da-menina-de-12-anos-absolvido-pela-justica-alerta-a-consciencia-crista-e-juridica\/#breadcrumb"},"inLanguage":"pt-BR","potentialAction":[{"@type":"ReadAction","target":["https:\/\/radioportoseguro.com.br\/site\/2026\/02\/24\/abuso-da-menina-de-12-anos-absolvido-pela-justica-alerta-a-consciencia-crista-e-juridica\/"]}]},{"@type":"ImageObject","inLanguage":"pt-BR","@id":"https:\/\/radioportoseguro.com.br\/site\/2026\/02\/24\/abuso-da-menina-de-12-anos-absolvido-pela-justica-alerta-a-consciencia-crista-e-juridica\/#primaryimage","url":"https:\/\/radioportoseguro.com.br\/site\/wp-content\/uploads\/2026\/02\/1465139959-tribunal-de-justica-de-minas-gerais.jpg","contentUrl":"https:\/\/radioportoseguro.com.br\/site\/wp-content\/uploads\/2026\/02\/1465139959-tribunal-de-justica-de-minas-gerais.jpg","width":1200,"height":600},{"@type":"BreadcrumbList","@id":"https:\/\/radioportoseguro.com.br\/site\/2026\/02\/24\/abuso-da-menina-de-12-anos-absolvido-pela-justica-alerta-a-consciencia-crista-e-juridica\/#breadcrumb","itemListElement":[{"@type":"ListItem","position":1,"name":"In\u00edcio","item":"https:\/\/radioportoseguro.com.br\/site\/"},{"@type":"ListItem","position":2,"name":"Abuso da menina de 12 anos absolvido pela Justi\u00e7a: Alerta \u00e0 consci\u00eancia crist\u00e3 e jur\u00eddica"}]},{"@type":"WebSite","@id":"https:\/\/radioportoseguro.com.br\/site\/#website","url":"https:\/\/radioportoseguro.com.br\/site\/","name":"R\u00e1dio Porto Seguro","description":"","potentialAction":[{"@type":"SearchAction","target":{"@type":"EntryPoint","urlTemplate":"https:\/\/radioportoseguro.com.br\/site\/?s={search_term_string}"},"query-input":{"@type":"PropertyValueSpecification","valueRequired":true,"valueName":"search_term_string"}}],"inLanguage":"pt-BR"},{"@type":"Person","@id":"https:\/\/radioportoseguro.com.br\/site\/#\/schema\/person\/7630acdc320186f13639d3c067ec089b","name":"admin","image":{"@type":"ImageObject","inLanguage":"pt-BR","@id":"https:\/\/radioportoseguro.com.br\/site\/#\/schema\/person\/image\/","url":"https:\/\/secure.gravatar.com\/avatar\/caacf4dc1eedb68fab0df8e1ed46c448e578b2466351bbcb61e47d2ac0caaef0?s=96&d=mm&r=g","contentUrl":"https:\/\/secure.gravatar.com\/avatar\/caacf4dc1eedb68fab0df8e1ed46c448e578b2466351bbcb61e47d2ac0caaef0?s=96&d=mm&r=g","caption":"admin"},"sameAs":["https:\/\/radioportoseguro.com.br\/site"],"url":"https:\/\/radioportoseguro.com.br\/site\/author\/hezio\/"}]}},"_links":{"self":[{"href":"https:\/\/radioportoseguro.com.br\/site\/wp-json\/wp\/v2\/posts\/4344","targetHints":{"allow":["GET"]}}],"collection":[{"href":"https:\/\/radioportoseguro.com.br\/site\/wp-json\/wp\/v2\/posts"}],"about":[{"href":"https:\/\/radioportoseguro.com.br\/site\/wp-json\/wp\/v2\/types\/post"}],"author":[{"embeddable":true,"href":"https:\/\/radioportoseguro.com.br\/site\/wp-json\/wp\/v2\/users\/1"}],"replies":[{"embeddable":true,"href":"https:\/\/radioportoseguro.com.br\/site\/wp-json\/wp\/v2\/comments?post=4344"}],"version-history":[{"count":0,"href":"https:\/\/radioportoseguro.com.br\/site\/wp-json\/wp\/v2\/posts\/4344\/revisions"}],"wp:featuredmedia":[{"embeddable":true,"href":"https:\/\/radioportoseguro.com.br\/site\/wp-json\/wp\/v2\/media\/4345"}],"wp:attachment":[{"href":"https:\/\/radioportoseguro.com.br\/site\/wp-json\/wp\/v2\/media?parent=4344"}],"wp:term":[{"taxonomy":"category","embeddable":true,"href":"https:\/\/radioportoseguro.com.br\/site\/wp-json\/wp\/v2\/categories?post=4344"},{"taxonomy":"post_tag","embeddable":true,"href":"https:\/\/radioportoseguro.com.br\/site\/wp-json\/wp\/v2\/tags?post=4344"}],"curies":[{"name":"wp","href":"https:\/\/api.w.org\/{rel}","templated":true}]}}