{"id":4348,"date":"2026-02-24T19:51:09","date_gmt":"2026-02-24T22:51:09","guid":{"rendered":"https:\/\/radioportoseguro.com.br\/site\/2026\/02\/24\/adolescente-de-15-anos-e-dois-cristaos-sao-mortos-por-parentes-apos-seguirem-jesus-na-india\/"},"modified":"2026-02-24T19:51:09","modified_gmt":"2026-02-24T22:51:09","slug":"adolescente-de-15-anos-e-dois-cristaos-sao-mortos-por-parentes-apos-seguirem-jesus-na-india","status":"publish","type":"post","link":"https:\/\/radioportoseguro.com.br\/site\/2026\/02\/24\/adolescente-de-15-anos-e-dois-cristaos-sao-mortos-por-parentes-apos-seguirem-jesus-na-india\/","title":{"rendered":"Adolescente de 15 anos e dois crist\u00e3os s\u00e3o mortos por parentes ap\u00f3s seguirem Jesus na \u00cdndia"},"content":{"rendered":"<p><br \/>\n<br \/><\/p>\n<div>\n<p><span style=\"font-weight: 400;\">Uma adolescente de 15 anos e seus pais foram assassinados por serem crist\u00e3os no estado de Odisha, na <\/span><span style=\"color: #993300;\"><strong>\u00cdndia<\/strong><\/span><span style=\"font-weight: 400;\">. O ataque deixou tr\u00eas filhos \u00f3rf\u00e3os e os obrigou a se esconder por medo de novas repres\u00e1lias.<\/span><\/p>\n<p><span style=\"font-weight: 400;\">O crime ocorreu em 25 de janeiro, na vila de Nialijharan, distrito de Keonjhar. As v\u00edtimas foram identificadas como Jitendra Soren, 35 anos; sua esposa, Malati Soren, 32; e a filha do casal, Sasmita Soren, de 15 anos.\u00a0<\/span><\/p>\n<p><span style=\"font-weight: 400;\">Segundo familiares e l\u00edderes crist\u00e3os, os acusados s\u00e3o parentes das v\u00edtimas que, por causa de suas cren\u00e7as tribais, passaram a acreditar que a convers\u00e3o da fam\u00edlia ao cristianismo teria provocado doen\u00e7as entre seus familiares.<\/span><\/p>\n<p><span style=\"font-weight: 400;\">Embora o boletim de ocorr\u00eancia registrado na delegacia de Ghasipura tenha inicialmente apresentado o caso como uma disputa de terras, Suguda Soren, filho do casal, disse ao Morning Star News:<\/span><\/p>\n<p><span style=\"font-weight: 400;\">\u201cO fato de sermos crist\u00e3os teve um papel enorme nesses assassinatos\u201d. Ele estava em um alojamento estudantil em Bhubaneswar no momento do ataque.<\/span><\/p>\n<p><span style=\"font-weight: 400;\">O casal deixou tr\u00eas filhos: Pana Soren, de 21 anos, que mora com a fam\u00edlia do marido; Suguda Soren, de 18 anos; e a ca\u00e7ula, Rani Soren, de 12 anos, que vivia com os pais. Pana e Rani testemunharam o ataque e escaparam por pouco com vida.<\/span><\/p>\n<p><span style=\"font-weight: 400;\">A pol\u00edcia registrou o caso como \u201chomic\u00eddio\u201d e \u201cato criminoso com inten\u00e7\u00e3o comum\u201d, o que resultou na pris\u00e3o dos tr\u00eas suspeitos. O boletim foi registrado pela filha mais velha das v\u00edtimas.<\/span><\/p>\n<p><strong>Acusados de praticar bruxaria<\/strong><\/p>\n<p><span style=\"font-weight: 400;\">Jitendra Soren come\u00e7ou a seguir a Cristo cerca de oito meses antes do crime, enquanto enfrentava s\u00e9rios problemas de sa\u00fade. Ap\u00f3s receber ora\u00e7\u00f5es de um pastor, ele foi curado e, com a fam\u00edlia, passou a frequentar regularmente os cultos.<\/span><\/p>\n<p><span style=\"font-weight: 400;\">Anil Kumar Nayak, l\u00edder crist\u00e3o em Bhubaneswar, afirmou que a recupera\u00e7\u00e3o f\u00edsica e a f\u00e9 da fam\u00edlia provocaram forte oposi\u00e7\u00e3o de parentes que seguem cren\u00e7as tribais tradicionais.<\/span><\/p>\n<p><span style=\"font-weight: 400;\">\u201cQuando aceitamos a Jesus, meus tios se opuseram \u00e0 nossa f\u00e9 e frequentemente discutiam com meus pais\u201d, contou Suguda Soren.<\/span><\/p>\n<p><span style=\"font-weight: 400;\">Tempos depois, a filha do irm\u00e3o de Jitendra adoeceu e passou a ter febres recorrentes. Ent\u00e3o, ele culpou a f\u00e9 do crist\u00e3o e a frequ\u00eancia da fam\u00edlia \u00e0 igreja pela doen\u00e7a da menina.<\/span><\/p>\n<p><span style=\"font-weight: 400;\">\u201cEle culpou Jitendra, dizendo que ele foi \u00e0 igreja e, por meio de feiti\u00e7aria, transferiu sua doen\u00e7a para a filha\u201d, relatou o pastor.<\/span><\/p>\n<p><span style=\"font-weight: 400;\">Dois dias antes dos assassinatos, Jitendra foi confrontado pelo irm\u00e3o sobre &#8220;ir \u00e0 igreja e praticar bruxaria&#8221;.<\/span><\/p>\n<p><span style=\"font-weight: 400;\">\u201cNo domingo [dia dos assassinatos], meu tio amea\u00e7ou meu pai e disse que, se a filha dele n\u00e3o se recuperasse, ele mataria toda a fam\u00edlia\u201d, disse Suguda Soren.<\/span><\/p>\n<p><strong>O ataque<\/strong><\/p>\n<p><span style=\"font-weight: 400;\">Na tarde do dia 25 de janeiro, pouco depois de retornarem de um culto, parentes com varas de bambu e um machado invadiram a resid\u00eancia da fam\u00edlia.<\/span><\/p>\n<p><span style=\"font-weight: 400;\">Ao ouvir a confus\u00e3o, a adolescente Sasmita Soren correu para proteger o pai, mas foi morta com um corte na garganta, assim como a m\u00e3e, Malati. Jitendra tentou fugir, por\u00e9m foi perseguido e morto. Duas filhas do casal \u2014 Pana, de 21 anos, que visitava os pais com os filhos pequenos, e Rani, de 12 anos \u2014 presenciaram o ataque e conseguiram escapar.<\/span><\/p>\n<p><span style=\"font-weight: 400;\">Ao chegar em outra aldeia, Rani informou os moradores locais sobre os assassinatos, e eles chamaram a pol\u00edcia.<\/span><\/p>\n<p><span style=\"font-weight: 400;\">Atualmente, Suguda e Rani est\u00e3o abrigados por uma fam\u00edlia crist\u00e3 e temem voltar para casa. Segundo eles, seus parentes enviaram mensagens dizendo: \u201cVoc\u00eas n\u00e3o t\u00eam mais ningu\u00e9m. <\/span><span style=\"color: #993300;\"><strong>Parem de seguir a Cristo<\/strong><\/span><span style=\"font-weight: 400;\"> e n\u00f3s cuidaremos de voc\u00eas e viveremos juntos\u201d.<\/span><\/p>\n<p><span style=\"font-weight: 400;\">No entanto, Suguda respondeu: \u201cN\u00e3o abandonaremos Cristo. Viveremos como crist\u00e3os e, quando morrermos, morreremos como crist\u00e3os\u201d.<\/span><\/p>\n<p><strong>\u2018Ore pela fam\u00edlia\u2019<\/strong><\/p>\n<p><span style=\"font-weight: 400;\">Mesmo diante das amea\u00e7as, l\u00edderes crist\u00e3os realizaram uma grande reuni\u00e3o de ora\u00e7\u00e3o na resid\u00eancia da fam\u00edlia assassinada, com prote\u00e7\u00e3o policial.\u00a0<\/span><\/p>\n<p><span style=\"font-weight: 400;\">\u201cEmbora houvesse muitos riscos, todos os l\u00edderes crist\u00e3os disseram que realizar ora\u00e7\u00f5es na resid\u00eancia era o que traria paz \u00e0 fam\u00edlia sobrevivente. Cerca de 400 pessoas se reuniram para o encontro e, pela gra\u00e7a de Deus, o culto foi aben\u00e7oado\u201d, disse o pastor.\u00a0<\/span><\/p>\n<p><span style=\"font-weight: 400;\">Ele pediu ora\u00e7\u00f5es pelos filhos do casal, especialmente por Suguda Soren e Rani, \u201cpara que a paz sobrenatural de Deus proteja suas mentes, para uma profunda cura emocional e para sua seguran\u00e7a f\u00edsica sob a prote\u00e7\u00e3o da igreja\u201d.<\/span><\/p>\n<p><span style=\"font-weight: 400;\">E concluiu dizendo: \u201cOre para que a verdade por tr\u00e1s da viol\u00eancia, motivada pela hostilidade religiosa, seja revelada. Orem para que as autoridades ajam com integridade e que o processo legal reflita a realidade da persegui\u00e7\u00e3o que enfrentaram\u201d.<\/span><\/p>\n<\/div>\n<p><br \/>\n<br \/>Fonte: Guiame <\/p>\n","protected":false},"excerpt":{"rendered":"<p>Uma adolescente de 15 anos e seus pais foram assassinados por serem crist\u00e3os no estado de Odisha, na \u00cdndia. O ataque deixou tr\u00eas filhos \u00f3rf\u00e3os e os obrigou a se esconder por medo de novas repres\u00e1lias. O crime ocorreu em 25 de janeiro, na vila de Nialijharan, distrito de Keonjhar. As v\u00edtimas foram identificadas como [&hellip;]<\/p>\n","protected":false},"author":1,"featured_media":4349,"comment_status":"","ping_status":"open","sticky":false,"template":"","format":"standard","meta":{"footnotes":""},"categories":[43],"tags":[],"class_list":["post-4348","post","type-post","status-publish","format-standard","has-post-thumbnail","hentry","category-destaques"],"yoast_head":"<!-- This site is optimized with the Yoast SEO plugin v26.8 - https:\/\/yoast.com\/product\/yoast-seo-wordpress\/ -->\n<title>Adolescente de 15 anos e dois crist\u00e3os s\u00e3o mortos por parentes ap\u00f3s seguirem Jesus na \u00cdndia - R\u00e1dio Porto Seguro<\/title>\n<meta name=\"robots\" content=\"index, follow, max-snippet:-1, max-image-preview:large, max-video-preview:-1\" \/>\n<link rel=\"canonical\" href=\"https:\/\/radioportoseguro.com.br\/site\/2026\/02\/24\/adolescente-de-15-anos-e-dois-cristaos-sao-mortos-por-parentes-apos-seguirem-jesus-na-india\/\" \/>\n<meta property=\"og:locale\" content=\"pt_BR\" \/>\n<meta property=\"og:type\" content=\"article\" \/>\n<meta property=\"og:title\" content=\"Adolescente de 15 anos e dois crist\u00e3os s\u00e3o mortos por parentes ap\u00f3s seguirem Jesus na \u00cdndia - R\u00e1dio Porto Seguro\" \/>\n<meta property=\"og:description\" content=\"Uma adolescente de 15 anos e seus pais foram assassinados por serem crist\u00e3os no estado de Odisha, na \u00cdndia. O ataque deixou tr\u00eas filhos \u00f3rf\u00e3os e os obrigou a se esconder por medo de novas repres\u00e1lias. O crime ocorreu em 25 de janeiro, na vila de Nialijharan, distrito de Keonjhar. As v\u00edtimas foram identificadas como [&hellip;]\" \/>\n<meta property=\"og:url\" content=\"https:\/\/radioportoseguro.com.br\/site\/2026\/02\/24\/adolescente-de-15-anos-e-dois-cristaos-sao-mortos-por-parentes-apos-seguirem-jesus-na-india\/\" \/>\n<meta property=\"og:site_name\" content=\"R\u00e1dio Porto Seguro\" \/>\n<meta property=\"article:published_time\" content=\"2026-02-24T22:51:09+00:00\" \/>\n<meta property=\"og:image\" content=\"https:\/\/media.guiame.com.br\/archives\/2026\/02\/23\/2811507674-reuniao-de-oracao-apos-o-crime.jpeg\" \/>\n<meta name=\"author\" content=\"admin\" \/>\n<meta name=\"twitter:card\" content=\"summary_large_image\" \/>\n<meta name=\"twitter:label1\" content=\"Escrito por\" \/>\n\t<meta name=\"twitter:data1\" content=\"admin\" \/>\n\t<meta name=\"twitter:label2\" content=\"Est. tempo de leitura\" \/>\n\t<meta name=\"twitter:data2\" content=\"4 minutos\" \/>\n<script type=\"application\/ld+json\" class=\"yoast-schema-graph\">{\"@context\":\"https:\/\/schema.org\",\"@graph\":[{\"@type\":\"Article\",\"@id\":\"https:\/\/radioportoseguro.com.br\/site\/2026\/02\/24\/adolescente-de-15-anos-e-dois-cristaos-sao-mortos-por-parentes-apos-seguirem-jesus-na-india\/#article\",\"isPartOf\":{\"@id\":\"https:\/\/radioportoseguro.com.br\/site\/2026\/02\/24\/adolescente-de-15-anos-e-dois-cristaos-sao-mortos-por-parentes-apos-seguirem-jesus-na-india\/\"},\"author\":{\"name\":\"admin\",\"@id\":\"https:\/\/radioportoseguro.com.br\/site\/#\/schema\/person\/7630acdc320186f13639d3c067ec089b\"},\"headline\":\"Adolescente de 15 anos e dois crist\u00e3os s\u00e3o mortos por parentes ap\u00f3s seguirem Jesus na \u00cdndia\",\"datePublished\":\"2026-02-24T22:51:09+00:00\",\"mainEntityOfPage\":{\"@id\":\"https:\/\/radioportoseguro.com.br\/site\/2026\/02\/24\/adolescente-de-15-anos-e-dois-cristaos-sao-mortos-por-parentes-apos-seguirem-jesus-na-india\/\"},\"wordCount\":830,\"image\":{\"@id\":\"https:\/\/radioportoseguro.com.br\/site\/2026\/02\/24\/adolescente-de-15-anos-e-dois-cristaos-sao-mortos-por-parentes-apos-seguirem-jesus-na-india\/#primaryimage\"},\"thumbnailUrl\":\"https:\/\/radioportoseguro.com.br\/site\/wp-content\/uploads\/2026\/02\/2811507674-reuniao-de-oracao-apos-o-crime.jpeg\",\"articleSection\":[\"Destaques\"],\"inLanguage\":\"pt-BR\"},{\"@type\":\"WebPage\",\"@id\":\"https:\/\/radioportoseguro.com.br\/site\/2026\/02\/24\/adolescente-de-15-anos-e-dois-cristaos-sao-mortos-por-parentes-apos-seguirem-jesus-na-india\/\",\"url\":\"https:\/\/radioportoseguro.com.br\/site\/2026\/02\/24\/adolescente-de-15-anos-e-dois-cristaos-sao-mortos-por-parentes-apos-seguirem-jesus-na-india\/\",\"name\":\"Adolescente de 15 anos e dois crist\u00e3os s\u00e3o mortos por parentes ap\u00f3s seguirem Jesus na \u00cdndia - R\u00e1dio Porto Seguro\",\"isPartOf\":{\"@id\":\"https:\/\/radioportoseguro.com.br\/site\/#website\"},\"primaryImageOfPage\":{\"@id\":\"https:\/\/radioportoseguro.com.br\/site\/2026\/02\/24\/adolescente-de-15-anos-e-dois-cristaos-sao-mortos-por-parentes-apos-seguirem-jesus-na-india\/#primaryimage\"},\"image\":{\"@id\":\"https:\/\/radioportoseguro.com.br\/site\/2026\/02\/24\/adolescente-de-15-anos-e-dois-cristaos-sao-mortos-por-parentes-apos-seguirem-jesus-na-india\/#primaryimage\"},\"thumbnailUrl\":\"https:\/\/radioportoseguro.com.br\/site\/wp-content\/uploads\/2026\/02\/2811507674-reuniao-de-oracao-apos-o-crime.jpeg\",\"datePublished\":\"2026-02-24T22:51:09+00:00\",\"author\":{\"@id\":\"https:\/\/radioportoseguro.com.br\/site\/#\/schema\/person\/7630acdc320186f13639d3c067ec089b\"},\"breadcrumb\":{\"@id\":\"https:\/\/radioportoseguro.com.br\/site\/2026\/02\/24\/adolescente-de-15-anos-e-dois-cristaos-sao-mortos-por-parentes-apos-seguirem-jesus-na-india\/#breadcrumb\"},\"inLanguage\":\"pt-BR\",\"potentialAction\":[{\"@type\":\"ReadAction\",\"target\":[\"https:\/\/radioportoseguro.com.br\/site\/2026\/02\/24\/adolescente-de-15-anos-e-dois-cristaos-sao-mortos-por-parentes-apos-seguirem-jesus-na-india\/\"]}]},{\"@type\":\"ImageObject\",\"inLanguage\":\"pt-BR\",\"@id\":\"https:\/\/radioportoseguro.com.br\/site\/2026\/02\/24\/adolescente-de-15-anos-e-dois-cristaos-sao-mortos-por-parentes-apos-seguirem-jesus-na-india\/#primaryimage\",\"url\":\"https:\/\/radioportoseguro.com.br\/site\/wp-content\/uploads\/2026\/02\/2811507674-reuniao-de-oracao-apos-o-crime.jpeg\",\"contentUrl\":\"https:\/\/radioportoseguro.com.br\/site\/wp-content\/uploads\/2026\/02\/2811507674-reuniao-de-oracao-apos-o-crime.jpeg\",\"width\":1200,\"height\":600},{\"@type\":\"BreadcrumbList\",\"@id\":\"https:\/\/radioportoseguro.com.br\/site\/2026\/02\/24\/adolescente-de-15-anos-e-dois-cristaos-sao-mortos-por-parentes-apos-seguirem-jesus-na-india\/#breadcrumb\",\"itemListElement\":[{\"@type\":\"ListItem\",\"position\":1,\"name\":\"In\u00edcio\",\"item\":\"https:\/\/radioportoseguro.com.br\/site\/\"},{\"@type\":\"ListItem\",\"position\":2,\"name\":\"Adolescente de 15 anos e dois crist\u00e3os s\u00e3o mortos por parentes ap\u00f3s seguirem Jesus na \u00cdndia\"}]},{\"@type\":\"WebSite\",\"@id\":\"https:\/\/radioportoseguro.com.br\/site\/#website\",\"url\":\"https:\/\/radioportoseguro.com.br\/site\/\",\"name\":\"R\u00e1dio Porto Seguro\",\"description\":\"\",\"potentialAction\":[{\"@type\":\"SearchAction\",\"target\":{\"@type\":\"EntryPoint\",\"urlTemplate\":\"https:\/\/radioportoseguro.com.br\/site\/?s={search_term_string}\"},\"query-input\":{\"@type\":\"PropertyValueSpecification\",\"valueRequired\":true,\"valueName\":\"search_term_string\"}}],\"inLanguage\":\"pt-BR\"},{\"@type\":\"Person\",\"@id\":\"https:\/\/radioportoseguro.com.br\/site\/#\/schema\/person\/7630acdc320186f13639d3c067ec089b\",\"name\":\"admin\",\"image\":{\"@type\":\"ImageObject\",\"inLanguage\":\"pt-BR\",\"@id\":\"https:\/\/radioportoseguro.com.br\/site\/#\/schema\/person\/image\/\",\"url\":\"https:\/\/secure.gravatar.com\/avatar\/caacf4dc1eedb68fab0df8e1ed46c448e578b2466351bbcb61e47d2ac0caaef0?s=96&d=mm&r=g\",\"contentUrl\":\"https:\/\/secure.gravatar.com\/avatar\/caacf4dc1eedb68fab0df8e1ed46c448e578b2466351bbcb61e47d2ac0caaef0?s=96&d=mm&r=g\",\"caption\":\"admin\"},\"sameAs\":[\"https:\/\/radioportoseguro.com.br\/site\"],\"url\":\"https:\/\/radioportoseguro.com.br\/site\/author\/hezio\/\"}]}<\/script>\n<!-- \/ Yoast SEO plugin. -->","yoast_head_json":{"title":"Adolescente de 15 anos e dois crist\u00e3os s\u00e3o mortos por parentes ap\u00f3s seguirem Jesus na \u00cdndia - R\u00e1dio Porto Seguro","robots":{"index":"index","follow":"follow","max-snippet":"max-snippet:-1","max-image-preview":"max-image-preview:large","max-video-preview":"max-video-preview:-1"},"canonical":"https:\/\/radioportoseguro.com.br\/site\/2026\/02\/24\/adolescente-de-15-anos-e-dois-cristaos-sao-mortos-por-parentes-apos-seguirem-jesus-na-india\/","og_locale":"pt_BR","og_type":"article","og_title":"Adolescente de 15 anos e dois crist\u00e3os s\u00e3o mortos por parentes ap\u00f3s seguirem Jesus na \u00cdndia - R\u00e1dio Porto Seguro","og_description":"Uma adolescente de 15 anos e seus pais foram assassinados por serem crist\u00e3os no estado de Odisha, na \u00cdndia. O ataque deixou tr\u00eas filhos \u00f3rf\u00e3os e os obrigou a se esconder por medo de novas repres\u00e1lias. O crime ocorreu em 25 de janeiro, na vila de Nialijharan, distrito de Keonjhar. As v\u00edtimas foram identificadas como [&hellip;]","og_url":"https:\/\/radioportoseguro.com.br\/site\/2026\/02\/24\/adolescente-de-15-anos-e-dois-cristaos-sao-mortos-por-parentes-apos-seguirem-jesus-na-india\/","og_site_name":"R\u00e1dio Porto Seguro","article_published_time":"2026-02-24T22:51:09+00:00","og_image":[{"url":"https:\/\/media.guiame.com.br\/archives\/2026\/02\/23\/2811507674-reuniao-de-oracao-apos-o-crime.jpeg","type":"","width":"","height":""}],"author":"admin","twitter_card":"summary_large_image","twitter_misc":{"Escrito por":"admin","Est. tempo de leitura":"4 minutos"},"schema":{"@context":"https:\/\/schema.org","@graph":[{"@type":"Article","@id":"https:\/\/radioportoseguro.com.br\/site\/2026\/02\/24\/adolescente-de-15-anos-e-dois-cristaos-sao-mortos-por-parentes-apos-seguirem-jesus-na-india\/#article","isPartOf":{"@id":"https:\/\/radioportoseguro.com.br\/site\/2026\/02\/24\/adolescente-de-15-anos-e-dois-cristaos-sao-mortos-por-parentes-apos-seguirem-jesus-na-india\/"},"author":{"name":"admin","@id":"https:\/\/radioportoseguro.com.br\/site\/#\/schema\/person\/7630acdc320186f13639d3c067ec089b"},"headline":"Adolescente de 15 anos e dois crist\u00e3os s\u00e3o mortos por parentes ap\u00f3s seguirem Jesus na \u00cdndia","datePublished":"2026-02-24T22:51:09+00:00","mainEntityOfPage":{"@id":"https:\/\/radioportoseguro.com.br\/site\/2026\/02\/24\/adolescente-de-15-anos-e-dois-cristaos-sao-mortos-por-parentes-apos-seguirem-jesus-na-india\/"},"wordCount":830,"image":{"@id":"https:\/\/radioportoseguro.com.br\/site\/2026\/02\/24\/adolescente-de-15-anos-e-dois-cristaos-sao-mortos-por-parentes-apos-seguirem-jesus-na-india\/#primaryimage"},"thumbnailUrl":"https:\/\/radioportoseguro.com.br\/site\/wp-content\/uploads\/2026\/02\/2811507674-reuniao-de-oracao-apos-o-crime.jpeg","articleSection":["Destaques"],"inLanguage":"pt-BR"},{"@type":"WebPage","@id":"https:\/\/radioportoseguro.com.br\/site\/2026\/02\/24\/adolescente-de-15-anos-e-dois-cristaos-sao-mortos-por-parentes-apos-seguirem-jesus-na-india\/","url":"https:\/\/radioportoseguro.com.br\/site\/2026\/02\/24\/adolescente-de-15-anos-e-dois-cristaos-sao-mortos-por-parentes-apos-seguirem-jesus-na-india\/","name":"Adolescente de 15 anos e dois crist\u00e3os s\u00e3o mortos por parentes ap\u00f3s seguirem Jesus na \u00cdndia - R\u00e1dio Porto Seguro","isPartOf":{"@id":"https:\/\/radioportoseguro.com.br\/site\/#website"},"primaryImageOfPage":{"@id":"https:\/\/radioportoseguro.com.br\/site\/2026\/02\/24\/adolescente-de-15-anos-e-dois-cristaos-sao-mortos-por-parentes-apos-seguirem-jesus-na-india\/#primaryimage"},"image":{"@id":"https:\/\/radioportoseguro.com.br\/site\/2026\/02\/24\/adolescente-de-15-anos-e-dois-cristaos-sao-mortos-por-parentes-apos-seguirem-jesus-na-india\/#primaryimage"},"thumbnailUrl":"https:\/\/radioportoseguro.com.br\/site\/wp-content\/uploads\/2026\/02\/2811507674-reuniao-de-oracao-apos-o-crime.jpeg","datePublished":"2026-02-24T22:51:09+00:00","author":{"@id":"https:\/\/radioportoseguro.com.br\/site\/#\/schema\/person\/7630acdc320186f13639d3c067ec089b"},"breadcrumb":{"@id":"https:\/\/radioportoseguro.com.br\/site\/2026\/02\/24\/adolescente-de-15-anos-e-dois-cristaos-sao-mortos-por-parentes-apos-seguirem-jesus-na-india\/#breadcrumb"},"inLanguage":"pt-BR","potentialAction":[{"@type":"ReadAction","target":["https:\/\/radioportoseguro.com.br\/site\/2026\/02\/24\/adolescente-de-15-anos-e-dois-cristaos-sao-mortos-por-parentes-apos-seguirem-jesus-na-india\/"]}]},{"@type":"ImageObject","inLanguage":"pt-BR","@id":"https:\/\/radioportoseguro.com.br\/site\/2026\/02\/24\/adolescente-de-15-anos-e-dois-cristaos-sao-mortos-por-parentes-apos-seguirem-jesus-na-india\/#primaryimage","url":"https:\/\/radioportoseguro.com.br\/site\/wp-content\/uploads\/2026\/02\/2811507674-reuniao-de-oracao-apos-o-crime.jpeg","contentUrl":"https:\/\/radioportoseguro.com.br\/site\/wp-content\/uploads\/2026\/02\/2811507674-reuniao-de-oracao-apos-o-crime.jpeg","width":1200,"height":600},{"@type":"BreadcrumbList","@id":"https:\/\/radioportoseguro.com.br\/site\/2026\/02\/24\/adolescente-de-15-anos-e-dois-cristaos-sao-mortos-por-parentes-apos-seguirem-jesus-na-india\/#breadcrumb","itemListElement":[{"@type":"ListItem","position":1,"name":"In\u00edcio","item":"https:\/\/radioportoseguro.com.br\/site\/"},{"@type":"ListItem","position":2,"name":"Adolescente de 15 anos e dois crist\u00e3os s\u00e3o mortos por parentes ap\u00f3s seguirem Jesus na \u00cdndia"}]},{"@type":"WebSite","@id":"https:\/\/radioportoseguro.com.br\/site\/#website","url":"https:\/\/radioportoseguro.com.br\/site\/","name":"R\u00e1dio Porto Seguro","description":"","potentialAction":[{"@type":"SearchAction","target":{"@type":"EntryPoint","urlTemplate":"https:\/\/radioportoseguro.com.br\/site\/?s={search_term_string}"},"query-input":{"@type":"PropertyValueSpecification","valueRequired":true,"valueName":"search_term_string"}}],"inLanguage":"pt-BR"},{"@type":"Person","@id":"https:\/\/radioportoseguro.com.br\/site\/#\/schema\/person\/7630acdc320186f13639d3c067ec089b","name":"admin","image":{"@type":"ImageObject","inLanguage":"pt-BR","@id":"https:\/\/radioportoseguro.com.br\/site\/#\/schema\/person\/image\/","url":"https:\/\/secure.gravatar.com\/avatar\/caacf4dc1eedb68fab0df8e1ed46c448e578b2466351bbcb61e47d2ac0caaef0?s=96&d=mm&r=g","contentUrl":"https:\/\/secure.gravatar.com\/avatar\/caacf4dc1eedb68fab0df8e1ed46c448e578b2466351bbcb61e47d2ac0caaef0?s=96&d=mm&r=g","caption":"admin"},"sameAs":["https:\/\/radioportoseguro.com.br\/site"],"url":"https:\/\/radioportoseguro.com.br\/site\/author\/hezio\/"}]}},"_links":{"self":[{"href":"https:\/\/radioportoseguro.com.br\/site\/wp-json\/wp\/v2\/posts\/4348","targetHints":{"allow":["GET"]}}],"collection":[{"href":"https:\/\/radioportoseguro.com.br\/site\/wp-json\/wp\/v2\/posts"}],"about":[{"href":"https:\/\/radioportoseguro.com.br\/site\/wp-json\/wp\/v2\/types\/post"}],"author":[{"embeddable":true,"href":"https:\/\/radioportoseguro.com.br\/site\/wp-json\/wp\/v2\/users\/1"}],"replies":[{"embeddable":true,"href":"https:\/\/radioportoseguro.com.br\/site\/wp-json\/wp\/v2\/comments?post=4348"}],"version-history":[{"count":0,"href":"https:\/\/radioportoseguro.com.br\/site\/wp-json\/wp\/v2\/posts\/4348\/revisions"}],"wp:featuredmedia":[{"embeddable":true,"href":"https:\/\/radioportoseguro.com.br\/site\/wp-json\/wp\/v2\/media\/4349"}],"wp:attachment":[{"href":"https:\/\/radioportoseguro.com.br\/site\/wp-json\/wp\/v2\/media?parent=4348"}],"wp:term":[{"taxonomy":"category","embeddable":true,"href":"https:\/\/radioportoseguro.com.br\/site\/wp-json\/wp\/v2\/categories?post=4348"},{"taxonomy":"post_tag","embeddable":true,"href":"https:\/\/radioportoseguro.com.br\/site\/wp-json\/wp\/v2\/tags?post=4348"}],"curies":[{"name":"wp","href":"https:\/\/api.w.org\/{rel}","templated":true}]}}