{"id":4356,"date":"2026-02-24T23:55:06","date_gmt":"2026-02-25T02:55:06","guid":{"rendered":"https:\/\/radioportoseguro.com.br\/site\/2026\/02\/24\/idoso-sob-cuidados-paliativos-e-batizado-dentro-de-hospital-no-parana\/"},"modified":"2026-02-24T23:55:06","modified_gmt":"2026-02-25T02:55:06","slug":"idoso-sob-cuidados-paliativos-e-batizado-dentro-de-hospital-no-parana","status":"publish","type":"post","link":"https:\/\/radioportoseguro.com.br\/site\/2026\/02\/24\/idoso-sob-cuidados-paliativos-e-batizado-dentro-de-hospital-no-parana\/","title":{"rendered":"Idoso sob cuidados paliativos \u00e9 batizado dentro de hospital no Paran\u00e1"},"content":{"rendered":"<p><br \/>\n<br \/><\/p>\n<div>\n<p>Em um ambiente normalmente marcado por monitores, protocolos e procedimentos cl\u00ednicos, um <span style=\"color: #800000;\"><strong>hospital <\/strong><\/span>se transformou, ainda que por alguns instantes, em um espa\u00e7o de f\u00e9, despedida e profundo significado humano.<\/p>\n<p>A postagem que registrou o <span style=\"color: #800000;\"><strong>batismo nas \u00e1guas<\/strong><\/span> de um idoso em cuidados paliativos, feita pelo m\u00e9dico Jos\u00e9 Ant\u00f4nio Assis Zerbetto Filho, revelou empatia e respeito diante de um quadro de grande fragilidade.<\/p>\n<p>O paciente internado no Hospital Municipal de Rio Branco do Sul, na Regi\u00e3o Metropolitana de Curitiba, recebeu autoriza\u00e7\u00e3o do Dr. Zerbetto para ser batizado dentro da pr\u00f3pria unidade hospitalar.<\/p>\n<p>\u201cHoje liberei um paciente para ser batizado no hospital. N\u00e3o era sobre protocolos, exames ou prescri\u00e7\u00f5es. Era sobre f\u00e9. Sobre fam\u00edlia. Sobre um momento que precisava acontecer agora \u2013 porque o agora \u00e9 tudo o que temos\u201d, escreveu o m\u00e9dico.<\/p>\n<blockquote class=\"instagram-media\" style=\"background: #FFF; border: 0; border-radius: 3px; box-shadow: 0 0 1px 0 rgba(0,0,0,0.5),0 1px 10px 0 rgba(0,0,0,0.15); margin: 1px; max-width: 540px; min-width: 326px; padding: 0; width: calc(100% - 2px);\" data-instgrm-captioned=\"\" data-instgrm-permalink=\"https:\/\/www.instagram.com\/p\/DU_zRF_FcHq\/?utm_source=ig_embed&amp;utm_campaign=loading\" data-instgrm-version=\"14\"><p>&#13;<br \/>\n&#13;\n<\/p><\/blockquote>\n<p>Segundo ele, a decis\u00e3o partiu de um entendimento que vai al\u00e9m da medicina tradicional.<\/p>\n<p>\u201cNos cuidados paliativos, entendemos que quando a medicina j\u00e1 n\u00e3o pode oferecer a cura, ainda podemos \u2013 e devemos \u2013 oferecer presen\u00e7a, dignidade e significado. Cada gesto passa a ter um peso diferente. Cada escolha carrega amor.\u201d<\/p>\n<p>O m\u00e9dico destacou que a decis\u00e3o foi, acima de tudo, um ato de respeito \u00e0 f\u00e9 do paciente e ao desejo de sua fam\u00edlia de vivenciar um momento espiritual que n\u00e3o podia esperar.<\/p>\n<p>\u201cO cuidado paliativo mostra que dignidade n\u00e3o \u00e9 apenas controlar a dor, mas permitir que o paciente viva seus \u00faltimos cap\u00edtulos da forma que faz sentido para ele. E, hoje, fez sentido celebrar um sacramento\u201d, afirmou.<\/p>\n<p>O batismo aconteceu ali mesmo, em meio ao sil\u00eancio respeitoso do hospital. \u201cHouve \u00e1gua, <span style=\"color: #800000;\"><strong>ora\u00e7\u00e3o<\/strong><\/span> e l\u00e1grimas. Houve vida, mesmo diante da finitude\u201d, descreveu o m\u00e9dico.<\/p>\n<p>Em seu texto, o Dr. Zerbetto explicou: \u201cA medicina salva quando pode, mas sempre deve acolher\u201d.<\/p>\n<p><strong>Gratid\u00e3o a Deus<\/strong><\/p>\n<p>O m\u00e9dico declarou que aquele batismo, dentro do hospital, o ensinou mais uma vez que \u201ccuidar vai muito al\u00e9m de curar.\u201d<\/p>\n<p>O momento tamb\u00e9m foi marcado por gratid\u00e3o: \u00e0 equipe que tornou o batismo poss\u00edvel e a Deus.<\/p>\n<p>\u201cObrigado equipe! Obrigado Deus\u201d, finalizou o m\u00e9dico.<\/p>\n<p>A postagem recebeu in\u00fameros coment\u00e1rios:<\/p>\n<p>Uma pessoa escreveu: \u201cSuas atitudes tocam nossos cora\u00e7\u00f5es, elas carregam o real significado de CUIDAR. Pois mais do que conhecimento as pessoas precisam de acolhimento.\u201d<\/p>\n<p>Outra destacou gesto de bondade e f\u00e9: \u201cJesus Cristo lhe aben\u00e7oe, n\u00e3o \u00e9 s\u00f3 um gesto de bondade, mas como voc\u00ea falou, \u00e9 a F\u00e9 de algu\u00e9m que cr\u00ea na salva\u00e7\u00e3o.\u201d<\/p>\n<p>Uma internauta elogiou a atitude: \u201cLindas palavras! Imposs\u00edvel n\u00e3o se emocionar e sentir o agir de Deus! Parab\u00e9ns a todos envolvidos.\u201d<\/p>\n<\/div>\n<p><script async src=\"\/\/www.instagram.com\/embed.js\"><\/script><br \/>\n<br \/><br \/>\n<br \/>Fonte: Guiame <\/p>\n","protected":false},"excerpt":{"rendered":"<p>Em um ambiente normalmente marcado por monitores, protocolos e procedimentos cl\u00ednicos, um hospital se transformou, ainda que por alguns instantes, em um espa\u00e7o de f\u00e9, despedida e profundo significado humano. A postagem que registrou o batismo nas \u00e1guas de um idoso em cuidados paliativos, feita pelo m\u00e9dico Jos\u00e9 Ant\u00f4nio Assis Zerbetto Filho, revelou empatia e [&hellip;]<\/p>\n","protected":false},"author":1,"featured_media":4357,"comment_status":"","ping_status":"open","sticky":false,"template":"","format":"standard","meta":{"footnotes":""},"categories":[43],"tags":[],"class_list":["post-4356","post","type-post","status-publish","format-standard","has-post-thumbnail","hentry","category-destaques"],"yoast_head":"<!-- This site is optimized with the Yoast SEO plugin v26.8 - https:\/\/yoast.com\/product\/yoast-seo-wordpress\/ -->\n<title>Idoso sob cuidados paliativos \u00e9 batizado dentro de hospital no Paran\u00e1 - R\u00e1dio Porto Seguro<\/title>\n<meta name=\"robots\" content=\"index, follow, max-snippet:-1, max-image-preview:large, max-video-preview:-1\" \/>\n<link rel=\"canonical\" href=\"https:\/\/radioportoseguro.com.br\/site\/2026\/02\/24\/idoso-sob-cuidados-paliativos-e-batizado-dentro-de-hospital-no-parana\/\" \/>\n<meta property=\"og:locale\" content=\"pt_BR\" \/>\n<meta property=\"og:type\" content=\"article\" \/>\n<meta property=\"og:title\" content=\"Idoso sob cuidados paliativos \u00e9 batizado dentro de hospital no Paran\u00e1 - R\u00e1dio Porto Seguro\" \/>\n<meta property=\"og:description\" content=\"Em um ambiente normalmente marcado por monitores, protocolos e procedimentos cl\u00ednicos, um hospital se transformou, ainda que por alguns instantes, em um espa\u00e7o de f\u00e9, despedida e profundo significado humano. A postagem que registrou o batismo nas \u00e1guas de um idoso em cuidados paliativos, feita pelo m\u00e9dico Jos\u00e9 Ant\u00f4nio Assis Zerbetto Filho, revelou empatia e [&hellip;]\" \/>\n<meta property=\"og:url\" content=\"https:\/\/radioportoseguro.com.br\/site\/2026\/02\/24\/idoso-sob-cuidados-paliativos-e-batizado-dentro-de-hospital-no-parana\/\" \/>\n<meta property=\"og:site_name\" content=\"R\u00e1dio Porto Seguro\" \/>\n<meta property=\"article:published_time\" content=\"2026-02-25T02:55:06+00:00\" \/>\n<meta property=\"og:image\" content=\"https:\/\/media.guiame.com.br\/archives\/2026\/02\/23\/3811382367-batismo-hospital.png\" \/>\n<meta name=\"author\" content=\"admin\" \/>\n<meta name=\"twitter:card\" content=\"summary_large_image\" \/>\n<meta name=\"twitter:label1\" content=\"Escrito por\" \/>\n\t<meta name=\"twitter:data1\" content=\"admin\" \/>\n\t<meta name=\"twitter:label2\" content=\"Est. tempo de leitura\" \/>\n\t<meta name=\"twitter:data2\" content=\"2 minutos\" \/>\n<script type=\"application\/ld+json\" class=\"yoast-schema-graph\">{\"@context\":\"https:\/\/schema.org\",\"@graph\":[{\"@type\":\"Article\",\"@id\":\"https:\/\/radioportoseguro.com.br\/site\/2026\/02\/24\/idoso-sob-cuidados-paliativos-e-batizado-dentro-de-hospital-no-parana\/#article\",\"isPartOf\":{\"@id\":\"https:\/\/radioportoseguro.com.br\/site\/2026\/02\/24\/idoso-sob-cuidados-paliativos-e-batizado-dentro-de-hospital-no-parana\/\"},\"author\":{\"name\":\"admin\",\"@id\":\"https:\/\/radioportoseguro.com.br\/site\/#\/schema\/person\/7630acdc320186f13639d3c067ec089b\"},\"headline\":\"Idoso sob cuidados paliativos \u00e9 batizado dentro de hospital no Paran\u00e1\",\"datePublished\":\"2026-02-25T02:55:06+00:00\",\"mainEntityOfPage\":{\"@id\":\"https:\/\/radioportoseguro.com.br\/site\/2026\/02\/24\/idoso-sob-cuidados-paliativos-e-batizado-dentro-de-hospital-no-parana\/\"},\"wordCount\":471,\"image\":{\"@id\":\"https:\/\/radioportoseguro.com.br\/site\/2026\/02\/24\/idoso-sob-cuidados-paliativos-e-batizado-dentro-de-hospital-no-parana\/#primaryimage\"},\"thumbnailUrl\":\"https:\/\/radioportoseguro.com.br\/site\/wp-content\/uploads\/2026\/02\/3811382367-batismo-hospital.png\",\"articleSection\":[\"Destaques\"],\"inLanguage\":\"pt-BR\"},{\"@type\":\"WebPage\",\"@id\":\"https:\/\/radioportoseguro.com.br\/site\/2026\/02\/24\/idoso-sob-cuidados-paliativos-e-batizado-dentro-de-hospital-no-parana\/\",\"url\":\"https:\/\/radioportoseguro.com.br\/site\/2026\/02\/24\/idoso-sob-cuidados-paliativos-e-batizado-dentro-de-hospital-no-parana\/\",\"name\":\"Idoso sob cuidados paliativos \u00e9 batizado dentro de hospital no Paran\u00e1 - R\u00e1dio Porto Seguro\",\"isPartOf\":{\"@id\":\"https:\/\/radioportoseguro.com.br\/site\/#website\"},\"primaryImageOfPage\":{\"@id\":\"https:\/\/radioportoseguro.com.br\/site\/2026\/02\/24\/idoso-sob-cuidados-paliativos-e-batizado-dentro-de-hospital-no-parana\/#primaryimage\"},\"image\":{\"@id\":\"https:\/\/radioportoseguro.com.br\/site\/2026\/02\/24\/idoso-sob-cuidados-paliativos-e-batizado-dentro-de-hospital-no-parana\/#primaryimage\"},\"thumbnailUrl\":\"https:\/\/radioportoseguro.com.br\/site\/wp-content\/uploads\/2026\/02\/3811382367-batismo-hospital.png\",\"datePublished\":\"2026-02-25T02:55:06+00:00\",\"author\":{\"@id\":\"https:\/\/radioportoseguro.com.br\/site\/#\/schema\/person\/7630acdc320186f13639d3c067ec089b\"},\"breadcrumb\":{\"@id\":\"https:\/\/radioportoseguro.com.br\/site\/2026\/02\/24\/idoso-sob-cuidados-paliativos-e-batizado-dentro-de-hospital-no-parana\/#breadcrumb\"},\"inLanguage\":\"pt-BR\",\"potentialAction\":[{\"@type\":\"ReadAction\",\"target\":[\"https:\/\/radioportoseguro.com.br\/site\/2026\/02\/24\/idoso-sob-cuidados-paliativos-e-batizado-dentro-de-hospital-no-parana\/\"]}]},{\"@type\":\"ImageObject\",\"inLanguage\":\"pt-BR\",\"@id\":\"https:\/\/radioportoseguro.com.br\/site\/2026\/02\/24\/idoso-sob-cuidados-paliativos-e-batizado-dentro-de-hospital-no-parana\/#primaryimage\",\"url\":\"https:\/\/radioportoseguro.com.br\/site\/wp-content\/uploads\/2026\/02\/3811382367-batismo-hospital.png\",\"contentUrl\":\"https:\/\/radioportoseguro.com.br\/site\/wp-content\/uploads\/2026\/02\/3811382367-batismo-hospital.png\",\"width\":1200,\"height\":600},{\"@type\":\"BreadcrumbList\",\"@id\":\"https:\/\/radioportoseguro.com.br\/site\/2026\/02\/24\/idoso-sob-cuidados-paliativos-e-batizado-dentro-de-hospital-no-parana\/#breadcrumb\",\"itemListElement\":[{\"@type\":\"ListItem\",\"position\":1,\"name\":\"In\u00edcio\",\"item\":\"https:\/\/radioportoseguro.com.br\/site\/\"},{\"@type\":\"ListItem\",\"position\":2,\"name\":\"Idoso sob cuidados paliativos \u00e9 batizado dentro de hospital no Paran\u00e1\"}]},{\"@type\":\"WebSite\",\"@id\":\"https:\/\/radioportoseguro.com.br\/site\/#website\",\"url\":\"https:\/\/radioportoseguro.com.br\/site\/\",\"name\":\"R\u00e1dio Porto Seguro\",\"description\":\"\",\"potentialAction\":[{\"@type\":\"SearchAction\",\"target\":{\"@type\":\"EntryPoint\",\"urlTemplate\":\"https:\/\/radioportoseguro.com.br\/site\/?s={search_term_string}\"},\"query-input\":{\"@type\":\"PropertyValueSpecification\",\"valueRequired\":true,\"valueName\":\"search_term_string\"}}],\"inLanguage\":\"pt-BR\"},{\"@type\":\"Person\",\"@id\":\"https:\/\/radioportoseguro.com.br\/site\/#\/schema\/person\/7630acdc320186f13639d3c067ec089b\",\"name\":\"admin\",\"image\":{\"@type\":\"ImageObject\",\"inLanguage\":\"pt-BR\",\"@id\":\"https:\/\/radioportoseguro.com.br\/site\/#\/schema\/person\/image\/\",\"url\":\"https:\/\/secure.gravatar.com\/avatar\/caacf4dc1eedb68fab0df8e1ed46c448e578b2466351bbcb61e47d2ac0caaef0?s=96&d=mm&r=g\",\"contentUrl\":\"https:\/\/secure.gravatar.com\/avatar\/caacf4dc1eedb68fab0df8e1ed46c448e578b2466351bbcb61e47d2ac0caaef0?s=96&d=mm&r=g\",\"caption\":\"admin\"},\"sameAs\":[\"https:\/\/radioportoseguro.com.br\/site\"],\"url\":\"https:\/\/radioportoseguro.com.br\/site\/author\/hezio\/\"}]}<\/script>\n<!-- \/ Yoast SEO plugin. -->","yoast_head_json":{"title":"Idoso sob cuidados paliativos \u00e9 batizado dentro de hospital no Paran\u00e1 - R\u00e1dio Porto Seguro","robots":{"index":"index","follow":"follow","max-snippet":"max-snippet:-1","max-image-preview":"max-image-preview:large","max-video-preview":"max-video-preview:-1"},"canonical":"https:\/\/radioportoseguro.com.br\/site\/2026\/02\/24\/idoso-sob-cuidados-paliativos-e-batizado-dentro-de-hospital-no-parana\/","og_locale":"pt_BR","og_type":"article","og_title":"Idoso sob cuidados paliativos \u00e9 batizado dentro de hospital no Paran\u00e1 - R\u00e1dio Porto Seguro","og_description":"Em um ambiente normalmente marcado por monitores, protocolos e procedimentos cl\u00ednicos, um hospital se transformou, ainda que por alguns instantes, em um espa\u00e7o de f\u00e9, despedida e profundo significado humano. A postagem que registrou o batismo nas \u00e1guas de um idoso em cuidados paliativos, feita pelo m\u00e9dico Jos\u00e9 Ant\u00f4nio Assis Zerbetto Filho, revelou empatia e [&hellip;]","og_url":"https:\/\/radioportoseguro.com.br\/site\/2026\/02\/24\/idoso-sob-cuidados-paliativos-e-batizado-dentro-de-hospital-no-parana\/","og_site_name":"R\u00e1dio Porto Seguro","article_published_time":"2026-02-25T02:55:06+00:00","og_image":[{"url":"https:\/\/media.guiame.com.br\/archives\/2026\/02\/23\/3811382367-batismo-hospital.png","type":"","width":"","height":""}],"author":"admin","twitter_card":"summary_large_image","twitter_misc":{"Escrito por":"admin","Est. tempo de leitura":"2 minutos"},"schema":{"@context":"https:\/\/schema.org","@graph":[{"@type":"Article","@id":"https:\/\/radioportoseguro.com.br\/site\/2026\/02\/24\/idoso-sob-cuidados-paliativos-e-batizado-dentro-de-hospital-no-parana\/#article","isPartOf":{"@id":"https:\/\/radioportoseguro.com.br\/site\/2026\/02\/24\/idoso-sob-cuidados-paliativos-e-batizado-dentro-de-hospital-no-parana\/"},"author":{"name":"admin","@id":"https:\/\/radioportoseguro.com.br\/site\/#\/schema\/person\/7630acdc320186f13639d3c067ec089b"},"headline":"Idoso sob cuidados paliativos \u00e9 batizado dentro de hospital no Paran\u00e1","datePublished":"2026-02-25T02:55:06+00:00","mainEntityOfPage":{"@id":"https:\/\/radioportoseguro.com.br\/site\/2026\/02\/24\/idoso-sob-cuidados-paliativos-e-batizado-dentro-de-hospital-no-parana\/"},"wordCount":471,"image":{"@id":"https:\/\/radioportoseguro.com.br\/site\/2026\/02\/24\/idoso-sob-cuidados-paliativos-e-batizado-dentro-de-hospital-no-parana\/#primaryimage"},"thumbnailUrl":"https:\/\/radioportoseguro.com.br\/site\/wp-content\/uploads\/2026\/02\/3811382367-batismo-hospital.png","articleSection":["Destaques"],"inLanguage":"pt-BR"},{"@type":"WebPage","@id":"https:\/\/radioportoseguro.com.br\/site\/2026\/02\/24\/idoso-sob-cuidados-paliativos-e-batizado-dentro-de-hospital-no-parana\/","url":"https:\/\/radioportoseguro.com.br\/site\/2026\/02\/24\/idoso-sob-cuidados-paliativos-e-batizado-dentro-de-hospital-no-parana\/","name":"Idoso sob cuidados paliativos \u00e9 batizado dentro de hospital no Paran\u00e1 - R\u00e1dio Porto Seguro","isPartOf":{"@id":"https:\/\/radioportoseguro.com.br\/site\/#website"},"primaryImageOfPage":{"@id":"https:\/\/radioportoseguro.com.br\/site\/2026\/02\/24\/idoso-sob-cuidados-paliativos-e-batizado-dentro-de-hospital-no-parana\/#primaryimage"},"image":{"@id":"https:\/\/radioportoseguro.com.br\/site\/2026\/02\/24\/idoso-sob-cuidados-paliativos-e-batizado-dentro-de-hospital-no-parana\/#primaryimage"},"thumbnailUrl":"https:\/\/radioportoseguro.com.br\/site\/wp-content\/uploads\/2026\/02\/3811382367-batismo-hospital.png","datePublished":"2026-02-25T02:55:06+00:00","author":{"@id":"https:\/\/radioportoseguro.com.br\/site\/#\/schema\/person\/7630acdc320186f13639d3c067ec089b"},"breadcrumb":{"@id":"https:\/\/radioportoseguro.com.br\/site\/2026\/02\/24\/idoso-sob-cuidados-paliativos-e-batizado-dentro-de-hospital-no-parana\/#breadcrumb"},"inLanguage":"pt-BR","potentialAction":[{"@type":"ReadAction","target":["https:\/\/radioportoseguro.com.br\/site\/2026\/02\/24\/idoso-sob-cuidados-paliativos-e-batizado-dentro-de-hospital-no-parana\/"]}]},{"@type":"ImageObject","inLanguage":"pt-BR","@id":"https:\/\/radioportoseguro.com.br\/site\/2026\/02\/24\/idoso-sob-cuidados-paliativos-e-batizado-dentro-de-hospital-no-parana\/#primaryimage","url":"https:\/\/radioportoseguro.com.br\/site\/wp-content\/uploads\/2026\/02\/3811382367-batismo-hospital.png","contentUrl":"https:\/\/radioportoseguro.com.br\/site\/wp-content\/uploads\/2026\/02\/3811382367-batismo-hospital.png","width":1200,"height":600},{"@type":"BreadcrumbList","@id":"https:\/\/radioportoseguro.com.br\/site\/2026\/02\/24\/idoso-sob-cuidados-paliativos-e-batizado-dentro-de-hospital-no-parana\/#breadcrumb","itemListElement":[{"@type":"ListItem","position":1,"name":"In\u00edcio","item":"https:\/\/radioportoseguro.com.br\/site\/"},{"@type":"ListItem","position":2,"name":"Idoso sob cuidados paliativos \u00e9 batizado dentro de hospital no Paran\u00e1"}]},{"@type":"WebSite","@id":"https:\/\/radioportoseguro.com.br\/site\/#website","url":"https:\/\/radioportoseguro.com.br\/site\/","name":"R\u00e1dio Porto Seguro","description":"","potentialAction":[{"@type":"SearchAction","target":{"@type":"EntryPoint","urlTemplate":"https:\/\/radioportoseguro.com.br\/site\/?s={search_term_string}"},"query-input":{"@type":"PropertyValueSpecification","valueRequired":true,"valueName":"search_term_string"}}],"inLanguage":"pt-BR"},{"@type":"Person","@id":"https:\/\/radioportoseguro.com.br\/site\/#\/schema\/person\/7630acdc320186f13639d3c067ec089b","name":"admin","image":{"@type":"ImageObject","inLanguage":"pt-BR","@id":"https:\/\/radioportoseguro.com.br\/site\/#\/schema\/person\/image\/","url":"https:\/\/secure.gravatar.com\/avatar\/caacf4dc1eedb68fab0df8e1ed46c448e578b2466351bbcb61e47d2ac0caaef0?s=96&d=mm&r=g","contentUrl":"https:\/\/secure.gravatar.com\/avatar\/caacf4dc1eedb68fab0df8e1ed46c448e578b2466351bbcb61e47d2ac0caaef0?s=96&d=mm&r=g","caption":"admin"},"sameAs":["https:\/\/radioportoseguro.com.br\/site"],"url":"https:\/\/radioportoseguro.com.br\/site\/author\/hezio\/"}]}},"_links":{"self":[{"href":"https:\/\/radioportoseguro.com.br\/site\/wp-json\/wp\/v2\/posts\/4356","targetHints":{"allow":["GET"]}}],"collection":[{"href":"https:\/\/radioportoseguro.com.br\/site\/wp-json\/wp\/v2\/posts"}],"about":[{"href":"https:\/\/radioportoseguro.com.br\/site\/wp-json\/wp\/v2\/types\/post"}],"author":[{"embeddable":true,"href":"https:\/\/radioportoseguro.com.br\/site\/wp-json\/wp\/v2\/users\/1"}],"replies":[{"embeddable":true,"href":"https:\/\/radioportoseguro.com.br\/site\/wp-json\/wp\/v2\/comments?post=4356"}],"version-history":[{"count":0,"href":"https:\/\/radioportoseguro.com.br\/site\/wp-json\/wp\/v2\/posts\/4356\/revisions"}],"wp:featuredmedia":[{"embeddable":true,"href":"https:\/\/radioportoseguro.com.br\/site\/wp-json\/wp\/v2\/media\/4357"}],"wp:attachment":[{"href":"https:\/\/radioportoseguro.com.br\/site\/wp-json\/wp\/v2\/media?parent=4356"}],"wp:term":[{"taxonomy":"category","embeddable":true,"href":"https:\/\/radioportoseguro.com.br\/site\/wp-json\/wp\/v2\/categories?post=4356"},{"taxonomy":"post_tag","embeddable":true,"href":"https:\/\/radioportoseguro.com.br\/site\/wp-json\/wp\/v2\/tags?post=4356"}],"curies":[{"name":"wp","href":"https:\/\/api.w.org\/{rel}","templated":true}]}}