{"id":4374,"date":"2026-02-25T20:11:37","date_gmt":"2026-02-25T23:11:37","guid":{"rendered":"https:\/\/radioportoseguro.com.br\/site\/?p=4374"},"modified":"2026-02-25T20:25:28","modified_gmt":"2026-02-25T23:25:28","slug":"mensagens-de-fe-e-de-posicionamento-marcaram-o-acampamento-verbo-da-vida-2026","status":"publish","type":"post","link":"https:\/\/radioportoseguro.com.br\/site\/2026\/02\/25\/mensagens-de-fe-e-de-posicionamento-marcaram-o-acampamento-verbo-da-vida-2026\/","title":{"rendered":"Mensagens de f\u00e9 e de posicionamento marcaram o Acampamento Verbo da Vida 2026"},"content":{"rendered":"<p>O Acampamento Verbo da Vida 2026 foi marcado por uma sequ\u00eancia de ministra\u00e7\u00f5es centradas na Palavra de Deus, na pr\u00e1tica da f\u00e9 e no posicionamento espiritual dos crist\u00e3os diante dos desafios contempor\u00e2neos. Durante cinco dias, l\u00edderes e ministros conduziram a igreja em momentos de ora\u00e7\u00e3o, adora\u00e7\u00e3o, ensino b\u00edblico e consagra\u00e7\u00e3o, refor\u00e7ando a centralidade das Escrituras como fundamento da vida crist\u00e3.<\/p>\n<figure class=\"wp-block-image size-large\"><a href=\"https:\/\/verbodavida.com\/campinagrande\/wp-content\/uploads\/sites\/7\/2026\/02\/Acampamento-Verbo-da-Vida-2026-2.jpg\"><picture><source srcset=\"https:\/\/verbodavida.com\/campinagrande\/wp-content\/webp-express\/webp-images\/uploads\/sites\/7\/2026\/02\/Acampamento-Verbo-da-Vida-2026-2-1024x683.jpg.webp 1024w, https:\/\/verbodavida.com\/campinagrande\/wp-content\/webp-express\/webp-images\/uploads\/sites\/7\/2026\/02\/Acampamento-Verbo-da-Vida-2026-2-300x200.jpg.webp 300w, https:\/\/verbodavida.com\/campinagrande\/wp-content\/webp-express\/webp-images\/uploads\/sites\/7\/2026\/02\/Acampamento-Verbo-da-Vida-2026-2-768x512.jpg.webp 768w, https:\/\/verbodavida.com\/campinagrande\/wp-content\/webp-express\/webp-images\/uploads\/sites\/7\/2026\/02\/Acampamento-Verbo-da-Vida-2026-2.jpg.webp 1080w\" type=\"image\/webp\" sizes=\"(max-width: 1024px) 100vw, 1024px\" \/><img fetchpriority=\"high\" decoding=\"async\" class=\"wp-image-34522 webpexpress-processed\" src=\"https:\/\/verbodavida.com\/campinagrande\/wp-content\/uploads\/sites\/7\/2026\/02\/Acampamento-Verbo-da-Vida-2026-2-1024x683.jpg\" sizes=\"(max-width: 1024px) 100vw, 1024px\" srcset=\"https:\/\/verbodavida.com\/campinagrande\/wp-content\/uploads\/sites\/7\/2026\/02\/Acampamento-Verbo-da-Vida-2026-2-1024x683.jpg 1024w, https:\/\/verbodavida.com\/campinagrande\/wp-content\/uploads\/sites\/7\/2026\/02\/Acampamento-Verbo-da-Vida-2026-2-300x200.jpg 300w, https:\/\/verbodavida.com\/campinagrande\/wp-content\/uploads\/sites\/7\/2026\/02\/Acampamento-Verbo-da-Vida-2026-2-768x512.jpg 768w, https:\/\/verbodavida.com\/campinagrande\/wp-content\/uploads\/sites\/7\/2026\/02\/Acampamento-Verbo-da-Vida-2026-2.jpg 1080w\" alt=\"Mensagens de f\u00e9 e posicionamento marcaram o Acampamento Verbo da Vida 2026\" width=\"1024\" height=\"683\" \/><\/picture><\/a><\/figure>\n<h2 class=\"wp-block-heading has-text-color has-link-color wp-elements-556fa63b5630680b7bc745b95725e201\">Sexta-feira: f\u00e9 aplicada \u00e0 Palavra<\/h2>\n<p>A abertura do Acampamento, na sexta-feira, teve in\u00edcio com um per\u00edodo de m\u00fasica conduzido por Euller Oliveira, preparando o ambiente para a primeira ministra\u00e7\u00e3o da noite, com Thiago Garcia. Ele leu Salmos 119.97-105 e destacou a import\u00e2ncia de n\u00e3o apenas conhecer a Palavra de Deus, mas aplic\u00e1-la de forma pr\u00e1tica.<\/p>\n<p>Ao enfatizar a necessidade de a\u00e7\u00e3o, afirmou: \u201cMisturar a f\u00e9 com a Palavra de Deus \u00e9 permitir que ela saia da sua boca\u201d, ressaltando que a confiss\u00e3o alinhada \u00e0s Escrituras \u00e9 parte essencial da vida de f\u00e9.<\/p>\n<p>Na sequ\u00eancia, Suellen Emery alertou sobre o perigo de dar ouvidos \u00e0s m\u00faltiplas vozes presentes no mundo atual. Com base em I Tessalonicenses 5.23, destacou que Deus guia seus filhos por meio do Esp\u00edrito Santo, que testifica no esp\u00edrito humano. A ministra refor\u00e7ou a necessidade de discernimento e decis\u00e3o intencional de seguir a voz de Deus acima de qualquer outra influ\u00eancia.<\/p>\n<h2 class=\"wp-block-heading has-text-color has-link-color wp-elements-c987e52ca05f0bbed88ad7fbc7fde5c0\">S\u00e1bado: evid\u00eancias, posicionamento e declara\u00e7\u00f5es de f\u00e9<\/h2>\n<p>O segundo dia come\u00e7ou com um per\u00edodo de ora\u00e7\u00e3o conduzido por Marconi Raulino e Rodrigo Lima, levando os fi\u00e9is a um momento de consagra\u00e7\u00e3o. Em seguida, \u00c9lica Julianny dirigiu o per\u00edodo de adora\u00e7\u00e3o.<\/p>\n<p>Durante o momento mission\u00e1rio, C\u00e9lia Regina, mission\u00e1ria em Mo\u00e7ambique, compartilhou relatos sobre o avan\u00e7o do Evangelho no continente africano, destacando os desafios enfrentados no campo e o impacto da prega\u00e7\u00e3o da Palavra na transforma\u00e7\u00e3o de vidas, fam\u00edlias e comunidades locais.<\/p>\n<p>\u00c0 noite, Renato Gaudard iniciou a ministra\u00e7\u00e3o abordando evid\u00eancias que sustentam a veracidade da B\u00edblia Sagrada. Ele ressaltou que, apesar de frequentemente questionada, a Escritura \u00e9 constantemente confirmada ao longo da hist\u00f3ria. \u201cA B\u00edblia, por mais questionada que seja, \u00e9 sempre confirmada, o que atesta ainda mais a sua precis\u00e3o\u201d, declarou, enfatizando o prop\u00f3sito divino ao nos entregar a Palavra.<\/p>\n<p>No segundo per\u00edodo, o ap\u00f3stolo Guto Emery relembrou os primeiros Acampamentos Verbo da Vida e tra\u00e7ou um paralelo entre Mois\u00e9s e Josu\u00e9. Ele destacou a import\u00e2ncia do posicionamento e da declara\u00e7\u00e3o correta no tempo certo, incentivando a igreja a alinhar suas palavras \u00e0s promessas de Deus. \u201cN\u00e3o podemos dar lugar a palavras de incredulidade; devemos falar aquilo que a Palavra diz sobre n\u00f3s e sobre o nosso futuro\u201d, afirmou.<\/p>\n<figure class=\"wp-block-image size-large\"><a href=\"https:\/\/verbodavida.com\/campinagrande\/wp-content\/uploads\/sites\/7\/2026\/02\/Guto-Emery.jpg\"><picture><source srcset=\"https:\/\/verbodavida.com\/campinagrande\/wp-content\/webp-express\/webp-images\/uploads\/sites\/7\/2026\/02\/Guto-Emery-1024x683.jpg.webp 1024w, https:\/\/verbodavida.com\/campinagrande\/wp-content\/webp-express\/webp-images\/uploads\/sites\/7\/2026\/02\/Guto-Emery-300x200.jpg.webp 300w, https:\/\/verbodavida.com\/campinagrande\/wp-content\/webp-express\/webp-images\/uploads\/sites\/7\/2026\/02\/Guto-Emery-768x512.jpg.webp 768w, https:\/\/verbodavida.com\/campinagrande\/wp-content\/webp-express\/webp-images\/uploads\/sites\/7\/2026\/02\/Guto-Emery.jpg.webp 1080w\" type=\"image\/webp\" sizes=\"(max-width: 1024px) 100vw, 1024px\" \/><img decoding=\"async\" class=\"wp-image-34524 webpexpress-processed\" src=\"https:\/\/verbodavida.com\/campinagrande\/wp-content\/uploads\/sites\/7\/2026\/02\/Guto-Emery-1024x683.jpg\" sizes=\"(max-width: 1024px) 100vw, 1024px\" srcset=\"https:\/\/verbodavida.com\/campinagrande\/wp-content\/uploads\/sites\/7\/2026\/02\/Guto-Emery-1024x683.jpg 1024w, https:\/\/verbodavida.com\/campinagrande\/wp-content\/uploads\/sites\/7\/2026\/02\/Guto-Emery-300x200.jpg 300w, https:\/\/verbodavida.com\/campinagrande\/wp-content\/uploads\/sites\/7\/2026\/02\/Guto-Emery-768x512.jpg 768w, https:\/\/verbodavida.com\/campinagrande\/wp-content\/uploads\/sites\/7\/2026\/02\/Guto-Emery.jpg 1080w\" alt=\"Mensagens de f\u00e9 e posicionamento marcaram o Acampamento Verbo da Vida 2026\" width=\"1024\" height=\"683\" \/><\/picture><\/a><\/figure>\n<h2 class=\"wp-block-heading has-text-color has-link-color wp-elements-edab8bf0f1720f65f1c5652906787426\">Domingo pela manh\u00e3: a verdade que exige resposta<\/h2>\n<p>O terceiro dia, no per\u00edodo matinal, iniciou com ora\u00e7\u00e3o conduzida pelo Coronel Yassaki e Ramon Cavalcanti. Em seguida, Wivian Klart liderou um momento de louvor marcado por alegria e liberdade.<\/p>\n<p>Thiago Freitas foi o primeiro preletor da manh\u00e3. Com base em I Pedro 3.15-16, Josu\u00e9 23.6 e Colossenses 3.16, enfatizou que a f\u00e9 crist\u00e3 n\u00e3o \u00e9 irracional, mas fundamentada na verdade. Ele destacou a necessidade de os crentes estarem preparados para responder aos questionamentos sobre a B\u00edblia, defendendo com mansid\u00e3o e firmeza a esperan\u00e7a que possuem.<\/p>\n<p>Na sequ\u00eancia, Raquel Garcia falou sobre a import\u00e2ncia de inclinar os ouvidos \u00e0 Palavra e obedec\u00ea-la de forma completa e imediata. Segundo ela, a transforma\u00e7\u00e3o ocorre quando a obedi\u00eancia n\u00e3o \u00e9 parcial. \u201cA Palavra produz resultados quando encontra cora\u00e7\u00f5es dispostos a obedecer sem reservas\u201d, afirmou, ressaltando que a pr\u00e1tica das Escrituras gera dire\u00e7\u00e3o, prote\u00e7\u00e3o e crescimento espiritual.<\/p>\n<h2 class=\"wp-block-heading has-text-color has-link-color wp-elements-c8141998429113cda38aff5007851a94\">Domingo \u00e0 noite: maturidade e medita\u00e7\u00e3o constante<\/h2>\n<p>O culto da noite come\u00e7ou com m\u00fasica conduzida por Douglas Ferraz. A congrega\u00e7\u00e3o declarou em un\u00edssono: \u201cTe seguirei at\u00e9 o fim\u201d. O per\u00edodo de avisos contou com participa\u00e7\u00e3o mission\u00e1ria de Luiz e L\u00facia Cortez, que atuam na Espanha, e de Raimundo Garcia, fundador do Projeto Curumim entre o povo potiguara, apresentando a\u00e7\u00f5es desenvolvidas nos \u00faltimos meses.<\/p>\n<p>Thiago Borba ministrou sobre a Palavra como alimento essencial para o crescimento espiritual. Utilizando os exemplos de Josias e Jeoaquim, afirmou que ouvir ou ler as Escrituras n\u00e3o \u00e9 suficiente, sendo necess\u00e1ria uma resposta pr\u00e1tica e arrependida. Destacou que somente quando a Palavra ocupa prioridade di\u00e1ria \u00e9 poss\u00edvel permanecer firme e discernir a verdade.<\/p>\n<p>Em seguida, Fernando Leal refor\u00e7ou que a Palavra de Deus possui poder transformador quando continuamente meditada. Citando exemplos b\u00edblicos como Abra\u00e3o e Neemias, al\u00e9m do testemunho do irm\u00e3o Hagin, ressaltou que a medita\u00e7\u00e3o constante gera firmeza, cura e restaura\u00e7\u00e3o, independentemente das circunst\u00e2ncias externas. A noite foi marcada por forte impacto espiritual e renova\u00e7\u00e3o de convic\u00e7\u00f5es.<\/p>\n<h2 class=\"wp-block-heading has-text-color has-link-color wp-elements-af5a8a28a19995e49525803156299a0f\">Segunda-feira: Dia Rhema<\/h2>\n<figure class=\"wp-block-image size-large\"><a href=\"https:\/\/verbodavida.com\/campinagrande\/wp-content\/uploads\/sites\/7\/2026\/02\/Dia-Rhema.jpg\"><picture><source srcset=\"https:\/\/verbodavida.com\/campinagrande\/wp-content\/webp-express\/webp-images\/uploads\/sites\/7\/2026\/02\/Dia-Rhema-1024x683.jpg.webp 1024w, https:\/\/verbodavida.com\/campinagrande\/wp-content\/webp-express\/webp-images\/uploads\/sites\/7\/2026\/02\/Dia-Rhema-300x200.jpg.webp 300w, https:\/\/verbodavida.com\/campinagrande\/wp-content\/webp-express\/webp-images\/uploads\/sites\/7\/2026\/02\/Dia-Rhema-768x512.jpg.webp 768w, https:\/\/verbodavida.com\/campinagrande\/wp-content\/webp-express\/webp-images\/uploads\/sites\/7\/2026\/02\/Dia-Rhema.jpg.webp 1080w\" type=\"image\/webp\" sizes=\"(max-width: 1024px) 100vw, 1024px\" \/><img decoding=\"async\" class=\"wp-image-34525 webpexpress-processed\" src=\"https:\/\/verbodavida.com\/campinagrande\/wp-content\/uploads\/sites\/7\/2026\/02\/Dia-Rhema-1024x683.jpg\" sizes=\"(max-width: 1024px) 100vw, 1024px\" srcset=\"https:\/\/verbodavida.com\/campinagrande\/wp-content\/uploads\/sites\/7\/2026\/02\/Dia-Rhema-1024x683.jpg 1024w, https:\/\/verbodavida.com\/campinagrande\/wp-content\/uploads\/sites\/7\/2026\/02\/Dia-Rhema-300x200.jpg 300w, https:\/\/verbodavida.com\/campinagrande\/wp-content\/uploads\/sites\/7\/2026\/02\/Dia-Rhema-768x512.jpg 768w, https:\/\/verbodavida.com\/campinagrande\/wp-content\/uploads\/sites\/7\/2026\/02\/Dia-Rhema.jpg 1080w\" alt=\"Mensagens de f\u00e9 e posicionamento marcaram o Acampamento Verbo da Vida 2026\" width=\"1024\" height=\"683\" \/><\/picture><\/a><\/figure>\n<p>Na segunda-feira, o Dia Rhema celebrou a Palavra da F\u00e9. A programa\u00e7\u00e3o come\u00e7ou com ora\u00e7\u00e3o conduzida por B\u00e1rbara Giselle e Izabele Albuquerque, seguida por um per\u00edodo de m\u00fasica liderado por Camila Dias, com can\u00e7\u00f5es que declaravam f\u00e9.<\/p>\n<p>Douglas Ferraz conduziu os avisos, incluindo a entrada das bandeiras das na\u00e7\u00f5es onde o Rhema est\u00e1 estabelecido e a execu\u00e7\u00e3o do Hino do Rhema Brasil.<\/p>\n<p>Klycia Gaudard ministrou sobre a f\u00e9 como ess\u00eancia da vida crist\u00e3. Enfatizou a import\u00e2ncia de trazer \u00e0 mem\u00f3ria aquilo que fortalece a esperan\u00e7a e de permanecer firme nas declara\u00e7\u00f5es alinhadas \u00e0 Palavra. Destacou que a Palavra \u00e9 semente poderosa, capaz de gerar provis\u00e3o, cura e transforma\u00e7\u00e3o quando crida e confessada com convic\u00e7\u00e3o.<\/p>\n<p>Jo\u00e3o Roberto, no segundo momento, falou sobre honrar e reconhecer a Palavra revelada como vis\u00e3o dada por Deus. Ele alertou contra uma religiosidade meramente rotineira e destacou que a f\u00e9 deve ser simples e absoluta, sem desconfian\u00e7a. Comparou o poder da Palavra a uma \u201cradia\u00e7\u00e3o\u201d que produz vida, cura e mudan\u00e7a quando recebida e declarada com convic\u00e7\u00e3o.<\/p>\n<h2 class=\"wp-block-heading has-text-color has-link-color wp-elements-593111630e2a32a1d9ecda7f512711ed\">Ter\u00e7a-feira: Santa Ceia e encerramento<\/h2>\n<p>No \u00faltimo dia do Acampamento, as igrejas Verbo da Vida de Campina Grande e regi\u00e3o se reuniram para o Culto de Ceia. Cinthya Miranda conduziu o per\u00edodo de m\u00fasica, seguida por Norberto Cunha nos avisos, com participa\u00e7\u00e3o mission\u00e1ria de Jos\u00e9 e K\u00e1tia Alegria.<\/p>\n<p>Agnaldo Marques ministrou sobre a gratid\u00e3o como estilo de vida do crist\u00e3o, fundamentada na obra de Jesus. Destacou que somos mais que vencedores porque Cristo venceu por n\u00f3s e que celebrar antes de ver os resultados \u00e9 express\u00e3o de f\u00e9. Comparou a Palavra a uma fonte de energia que precisa ser colocada em pr\u00e1tica para iluminar o caminho.<\/p>\n<p>Encerrando o evento, Manoel Dias trouxe uma mensagem de despertamento espiritual. Ressaltou que vivemos de todo Rhema que procede da boca de Deus e que \u00e9 tempo de dar voz \u00e0 Palavra viva, permanecendo sob a influ\u00eancia do Esp\u00edrito Santo. Chamou a igreja a retornar \u00e0 depend\u00eancia de Deus, permitindo que a revela\u00e7\u00e3o das Escrituras transforme vida e minist\u00e9rio.<\/p>\n<p>A programa\u00e7\u00e3o foi conclu\u00edda com a celebra\u00e7\u00e3o da Santa Ceia, encerrando dias descritos pelos participantes como intensos, marcados por renova\u00e7\u00e3o, consagra\u00e7\u00e3o e profunda transforma\u00e7\u00e3o pela Palavra de Deus.<\/p>\n<p>Fonte: verbodavida.com \/ Acampamento 2026<\/p>\n<p>Cobertura especial com transmiss\u00e3o em \u00e1udio realizada pela R\u00e1dio Porto Seguro Web durante todo o Acampamento Verbo da Vida 2026.<\/p>\n","protected":false},"excerpt":{"rendered":"<p>O Acampamento Verbo da Vida 2026 foi marcado por uma sequ\u00eancia de ministra\u00e7\u00f5es centradas na Palavra de Deus, na pr\u00e1tica da f\u00e9 e no posicionamento espiritual dos crist\u00e3os diante dos desafios contempor\u00e2neos. Durante cinco dias, l\u00edderes e ministros conduziram a igreja em momentos de ora\u00e7\u00e3o, adora\u00e7\u00e3o, ensino b\u00edblico e consagra\u00e7\u00e3o, refor\u00e7ando a centralidade das Escrituras [&hellip;]<\/p>\n","protected":false},"author":2,"featured_media":4375,"comment_status":"closed","ping_status":"open","sticky":false,"template":"","format":"standard","meta":{"footnotes":""},"categories":[43,3],"tags":[],"class_list":["post-4374","post","type-post","status-publish","format-standard","has-post-thumbnail","hentry","category-destaques","category-gospel"],"yoast_head":"<!-- This site is optimized with the Yoast SEO plugin v26.8 - https:\/\/yoast.com\/product\/yoast-seo-wordpress\/ -->\n<title>Mensagens de f\u00e9 e de posicionamento marcaram o Acampamento Verbo da Vida 2026 - R\u00e1dio Porto Seguro<\/title>\n<meta name=\"robots\" content=\"index, follow, max-snippet:-1, max-image-preview:large, max-video-preview:-1\" \/>\n<link rel=\"canonical\" href=\"https:\/\/radioportoseguro.com.br\/site\/2026\/02\/25\/mensagens-de-fe-e-de-posicionamento-marcaram-o-acampamento-verbo-da-vida-2026\/\" \/>\n<meta property=\"og:locale\" content=\"pt_BR\" \/>\n<meta property=\"og:type\" content=\"article\" \/>\n<meta property=\"og:title\" content=\"Mensagens de f\u00e9 e de posicionamento marcaram o Acampamento Verbo da Vida 2026 - R\u00e1dio Porto Seguro\" \/>\n<meta property=\"og:description\" content=\"O Acampamento Verbo da Vida 2026 foi marcado por uma sequ\u00eancia de ministra\u00e7\u00f5es centradas na Palavra de Deus, na pr\u00e1tica da f\u00e9 e no posicionamento espiritual dos crist\u00e3os diante dos desafios contempor\u00e2neos. Durante cinco dias, l\u00edderes e ministros conduziram a igreja em momentos de ora\u00e7\u00e3o, adora\u00e7\u00e3o, ensino b\u00edblico e consagra\u00e7\u00e3o, refor\u00e7ando a centralidade das Escrituras [&hellip;]\" \/>\n<meta property=\"og:url\" content=\"https:\/\/radioportoseguro.com.br\/site\/2026\/02\/25\/mensagens-de-fe-e-de-posicionamento-marcaram-o-acampamento-verbo-da-vida-2026\/\" \/>\n<meta property=\"og:site_name\" content=\"R\u00e1dio Porto Seguro\" \/>\n<meta property=\"article:published_time\" content=\"2026-02-25T23:11:37+00:00\" \/>\n<meta property=\"article:modified_time\" content=\"2026-02-25T23:25:28+00:00\" \/>\n<meta property=\"og:image\" content=\"https:\/\/radioportoseguro.com.br\/site\/wp-content\/uploads\/2026\/02\/ACAMPAMENTO-VERDO-DA-VIDA-2026.png\" \/>\n\t<meta property=\"og:image:width\" content=\"863\" \/>\n\t<meta property=\"og:image:height\" content=\"576\" \/>\n\t<meta property=\"og:image:type\" content=\"image\/png\" \/>\n<meta name=\"author\" content=\"Leandro\" \/>\n<meta name=\"twitter:card\" content=\"summary_large_image\" \/>\n<meta name=\"twitter:label1\" content=\"Escrito por\" \/>\n\t<meta name=\"twitter:data1\" content=\"Leandro\" \/>\n\t<meta name=\"twitter:label2\" content=\"Est. tempo de leitura\" \/>\n\t<meta name=\"twitter:data2\" content=\"8 minutos\" \/>\n<script type=\"application\/ld+json\" class=\"yoast-schema-graph\">{\"@context\":\"https:\/\/schema.org\",\"@graph\":[{\"@type\":\"Article\",\"@id\":\"https:\/\/radioportoseguro.com.br\/site\/2026\/02\/25\/mensagens-de-fe-e-de-posicionamento-marcaram-o-acampamento-verbo-da-vida-2026\/#article\",\"isPartOf\":{\"@id\":\"https:\/\/radioportoseguro.com.br\/site\/2026\/02\/25\/mensagens-de-fe-e-de-posicionamento-marcaram-o-acampamento-verbo-da-vida-2026\/\"},\"author\":{\"name\":\"Leandro\",\"@id\":\"https:\/\/radioportoseguro.com.br\/site\/#\/schema\/person\/d1960d33baebee56275cbda6d8aef297\"},\"headline\":\"Mensagens de f\u00e9 e de posicionamento marcaram o Acampamento Verbo da Vida 2026\",\"datePublished\":\"2026-02-25T23:11:37+00:00\",\"dateModified\":\"2026-02-25T23:25:28+00:00\",\"mainEntityOfPage\":{\"@id\":\"https:\/\/radioportoseguro.com.br\/site\/2026\/02\/25\/mensagens-de-fe-e-de-posicionamento-marcaram-o-acampamento-verbo-da-vida-2026\/\"},\"wordCount\":1274,\"image\":{\"@id\":\"https:\/\/radioportoseguro.com.br\/site\/2026\/02\/25\/mensagens-de-fe-e-de-posicionamento-marcaram-o-acampamento-verbo-da-vida-2026\/#primaryimage\"},\"thumbnailUrl\":\"https:\/\/radioportoseguro.com.br\/site\/wp-content\/uploads\/2026\/02\/ACAMPAMENTO-VERDO-DA-VIDA-2026.png\",\"articleSection\":[\"Destaques\",\"Gospel\"],\"inLanguage\":\"pt-BR\"},{\"@type\":\"WebPage\",\"@id\":\"https:\/\/radioportoseguro.com.br\/site\/2026\/02\/25\/mensagens-de-fe-e-de-posicionamento-marcaram-o-acampamento-verbo-da-vida-2026\/\",\"url\":\"https:\/\/radioportoseguro.com.br\/site\/2026\/02\/25\/mensagens-de-fe-e-de-posicionamento-marcaram-o-acampamento-verbo-da-vida-2026\/\",\"name\":\"Mensagens de f\u00e9 e de posicionamento marcaram o Acampamento Verbo da Vida 2026 - R\u00e1dio Porto Seguro\",\"isPartOf\":{\"@id\":\"https:\/\/radioportoseguro.com.br\/site\/#website\"},\"primaryImageOfPage\":{\"@id\":\"https:\/\/radioportoseguro.com.br\/site\/2026\/02\/25\/mensagens-de-fe-e-de-posicionamento-marcaram-o-acampamento-verbo-da-vida-2026\/#primaryimage\"},\"image\":{\"@id\":\"https:\/\/radioportoseguro.com.br\/site\/2026\/02\/25\/mensagens-de-fe-e-de-posicionamento-marcaram-o-acampamento-verbo-da-vida-2026\/#primaryimage\"},\"thumbnailUrl\":\"https:\/\/radioportoseguro.com.br\/site\/wp-content\/uploads\/2026\/02\/ACAMPAMENTO-VERDO-DA-VIDA-2026.png\",\"datePublished\":\"2026-02-25T23:11:37+00:00\",\"dateModified\":\"2026-02-25T23:25:28+00:00\",\"author\":{\"@id\":\"https:\/\/radioportoseguro.com.br\/site\/#\/schema\/person\/d1960d33baebee56275cbda6d8aef297\"},\"breadcrumb\":{\"@id\":\"https:\/\/radioportoseguro.com.br\/site\/2026\/02\/25\/mensagens-de-fe-e-de-posicionamento-marcaram-o-acampamento-verbo-da-vida-2026\/#breadcrumb\"},\"inLanguage\":\"pt-BR\",\"potentialAction\":[{\"@type\":\"ReadAction\",\"target\":[\"https:\/\/radioportoseguro.com.br\/site\/2026\/02\/25\/mensagens-de-fe-e-de-posicionamento-marcaram-o-acampamento-verbo-da-vida-2026\/\"]}]},{\"@type\":\"ImageObject\",\"inLanguage\":\"pt-BR\",\"@id\":\"https:\/\/radioportoseguro.com.br\/site\/2026\/02\/25\/mensagens-de-fe-e-de-posicionamento-marcaram-o-acampamento-verbo-da-vida-2026\/#primaryimage\",\"url\":\"https:\/\/radioportoseguro.com.br\/site\/wp-content\/uploads\/2026\/02\/ACAMPAMENTO-VERDO-DA-VIDA-2026.png\",\"contentUrl\":\"https:\/\/radioportoseguro.com.br\/site\/wp-content\/uploads\/2026\/02\/ACAMPAMENTO-VERDO-DA-VIDA-2026.png\",\"width\":863,\"height\":576},{\"@type\":\"BreadcrumbList\",\"@id\":\"https:\/\/radioportoseguro.com.br\/site\/2026\/02\/25\/mensagens-de-fe-e-de-posicionamento-marcaram-o-acampamento-verbo-da-vida-2026\/#breadcrumb\",\"itemListElement\":[{\"@type\":\"ListItem\",\"position\":1,\"name\":\"In\u00edcio\",\"item\":\"https:\/\/radioportoseguro.com.br\/site\/\"},{\"@type\":\"ListItem\",\"position\":2,\"name\":\"Mensagens de f\u00e9 e de posicionamento marcaram o Acampamento Verbo da Vida 2026\"}]},{\"@type\":\"WebSite\",\"@id\":\"https:\/\/radioportoseguro.com.br\/site\/#website\",\"url\":\"https:\/\/radioportoseguro.com.br\/site\/\",\"name\":\"R\u00e1dio Porto Seguro\",\"description\":\"\",\"potentialAction\":[{\"@type\":\"SearchAction\",\"target\":{\"@type\":\"EntryPoint\",\"urlTemplate\":\"https:\/\/radioportoseguro.com.br\/site\/?s={search_term_string}\"},\"query-input\":{\"@type\":\"PropertyValueSpecification\",\"valueRequired\":true,\"valueName\":\"search_term_string\"}}],\"inLanguage\":\"pt-BR\"},{\"@type\":\"Person\",\"@id\":\"https:\/\/radioportoseguro.com.br\/site\/#\/schema\/person\/d1960d33baebee56275cbda6d8aef297\",\"name\":\"Leandro\",\"image\":{\"@type\":\"ImageObject\",\"inLanguage\":\"pt-BR\",\"@id\":\"https:\/\/radioportoseguro.com.br\/site\/#\/schema\/person\/image\/\",\"url\":\"https:\/\/secure.gravatar.com\/avatar\/ef93c9092aa97a95069df7b16c09c8dbc33c82d44a4f084e05b8f74f7ee2dd04?s=96&d=mm&r=g\",\"contentUrl\":\"https:\/\/secure.gravatar.com\/avatar\/ef93c9092aa97a95069df7b16c09c8dbc33c82d44a4f084e05b8f74f7ee2dd04?s=96&d=mm&r=g\",\"caption\":\"Leandro\"},\"url\":\"https:\/\/radioportoseguro.com.br\/site\/author\/leandro\/\"}]}<\/script>\n<!-- \/ Yoast SEO plugin. -->","yoast_head_json":{"title":"Mensagens de f\u00e9 e de posicionamento marcaram o Acampamento Verbo da Vida 2026 - R\u00e1dio Porto Seguro","robots":{"index":"index","follow":"follow","max-snippet":"max-snippet:-1","max-image-preview":"max-image-preview:large","max-video-preview":"max-video-preview:-1"},"canonical":"https:\/\/radioportoseguro.com.br\/site\/2026\/02\/25\/mensagens-de-fe-e-de-posicionamento-marcaram-o-acampamento-verbo-da-vida-2026\/","og_locale":"pt_BR","og_type":"article","og_title":"Mensagens de f\u00e9 e de posicionamento marcaram o Acampamento Verbo da Vida 2026 - R\u00e1dio Porto Seguro","og_description":"O Acampamento Verbo da Vida 2026 foi marcado por uma sequ\u00eancia de ministra\u00e7\u00f5es centradas na Palavra de Deus, na pr\u00e1tica da f\u00e9 e no posicionamento espiritual dos crist\u00e3os diante dos desafios contempor\u00e2neos. Durante cinco dias, l\u00edderes e ministros conduziram a igreja em momentos de ora\u00e7\u00e3o, adora\u00e7\u00e3o, ensino b\u00edblico e consagra\u00e7\u00e3o, refor\u00e7ando a centralidade das Escrituras [&hellip;]","og_url":"https:\/\/radioportoseguro.com.br\/site\/2026\/02\/25\/mensagens-de-fe-e-de-posicionamento-marcaram-o-acampamento-verbo-da-vida-2026\/","og_site_name":"R\u00e1dio Porto Seguro","article_published_time":"2026-02-25T23:11:37+00:00","article_modified_time":"2026-02-25T23:25:28+00:00","og_image":[{"width":863,"height":576,"url":"https:\/\/radioportoseguro.com.br\/site\/wp-content\/uploads\/2026\/02\/ACAMPAMENTO-VERDO-DA-VIDA-2026.png","type":"image\/png"}],"author":"Leandro","twitter_card":"summary_large_image","twitter_misc":{"Escrito por":"Leandro","Est. tempo de leitura":"8 minutos"},"schema":{"@context":"https:\/\/schema.org","@graph":[{"@type":"Article","@id":"https:\/\/radioportoseguro.com.br\/site\/2026\/02\/25\/mensagens-de-fe-e-de-posicionamento-marcaram-o-acampamento-verbo-da-vida-2026\/#article","isPartOf":{"@id":"https:\/\/radioportoseguro.com.br\/site\/2026\/02\/25\/mensagens-de-fe-e-de-posicionamento-marcaram-o-acampamento-verbo-da-vida-2026\/"},"author":{"name":"Leandro","@id":"https:\/\/radioportoseguro.com.br\/site\/#\/schema\/person\/d1960d33baebee56275cbda6d8aef297"},"headline":"Mensagens de f\u00e9 e de posicionamento marcaram o Acampamento Verbo da Vida 2026","datePublished":"2026-02-25T23:11:37+00:00","dateModified":"2026-02-25T23:25:28+00:00","mainEntityOfPage":{"@id":"https:\/\/radioportoseguro.com.br\/site\/2026\/02\/25\/mensagens-de-fe-e-de-posicionamento-marcaram-o-acampamento-verbo-da-vida-2026\/"},"wordCount":1274,"image":{"@id":"https:\/\/radioportoseguro.com.br\/site\/2026\/02\/25\/mensagens-de-fe-e-de-posicionamento-marcaram-o-acampamento-verbo-da-vida-2026\/#primaryimage"},"thumbnailUrl":"https:\/\/radioportoseguro.com.br\/site\/wp-content\/uploads\/2026\/02\/ACAMPAMENTO-VERDO-DA-VIDA-2026.png","articleSection":["Destaques","Gospel"],"inLanguage":"pt-BR"},{"@type":"WebPage","@id":"https:\/\/radioportoseguro.com.br\/site\/2026\/02\/25\/mensagens-de-fe-e-de-posicionamento-marcaram-o-acampamento-verbo-da-vida-2026\/","url":"https:\/\/radioportoseguro.com.br\/site\/2026\/02\/25\/mensagens-de-fe-e-de-posicionamento-marcaram-o-acampamento-verbo-da-vida-2026\/","name":"Mensagens de f\u00e9 e de posicionamento marcaram o Acampamento Verbo da Vida 2026 - R\u00e1dio Porto Seguro","isPartOf":{"@id":"https:\/\/radioportoseguro.com.br\/site\/#website"},"primaryImageOfPage":{"@id":"https:\/\/radioportoseguro.com.br\/site\/2026\/02\/25\/mensagens-de-fe-e-de-posicionamento-marcaram-o-acampamento-verbo-da-vida-2026\/#primaryimage"},"image":{"@id":"https:\/\/radioportoseguro.com.br\/site\/2026\/02\/25\/mensagens-de-fe-e-de-posicionamento-marcaram-o-acampamento-verbo-da-vida-2026\/#primaryimage"},"thumbnailUrl":"https:\/\/radioportoseguro.com.br\/site\/wp-content\/uploads\/2026\/02\/ACAMPAMENTO-VERDO-DA-VIDA-2026.png","datePublished":"2026-02-25T23:11:37+00:00","dateModified":"2026-02-25T23:25:28+00:00","author":{"@id":"https:\/\/radioportoseguro.com.br\/site\/#\/schema\/person\/d1960d33baebee56275cbda6d8aef297"},"breadcrumb":{"@id":"https:\/\/radioportoseguro.com.br\/site\/2026\/02\/25\/mensagens-de-fe-e-de-posicionamento-marcaram-o-acampamento-verbo-da-vida-2026\/#breadcrumb"},"inLanguage":"pt-BR","potentialAction":[{"@type":"ReadAction","target":["https:\/\/radioportoseguro.com.br\/site\/2026\/02\/25\/mensagens-de-fe-e-de-posicionamento-marcaram-o-acampamento-verbo-da-vida-2026\/"]}]},{"@type":"ImageObject","inLanguage":"pt-BR","@id":"https:\/\/radioportoseguro.com.br\/site\/2026\/02\/25\/mensagens-de-fe-e-de-posicionamento-marcaram-o-acampamento-verbo-da-vida-2026\/#primaryimage","url":"https:\/\/radioportoseguro.com.br\/site\/wp-content\/uploads\/2026\/02\/ACAMPAMENTO-VERDO-DA-VIDA-2026.png","contentUrl":"https:\/\/radioportoseguro.com.br\/site\/wp-content\/uploads\/2026\/02\/ACAMPAMENTO-VERDO-DA-VIDA-2026.png","width":863,"height":576},{"@type":"BreadcrumbList","@id":"https:\/\/radioportoseguro.com.br\/site\/2026\/02\/25\/mensagens-de-fe-e-de-posicionamento-marcaram-o-acampamento-verbo-da-vida-2026\/#breadcrumb","itemListElement":[{"@type":"ListItem","position":1,"name":"In\u00edcio","item":"https:\/\/radioportoseguro.com.br\/site\/"},{"@type":"ListItem","position":2,"name":"Mensagens de f\u00e9 e de posicionamento marcaram o Acampamento Verbo da Vida 2026"}]},{"@type":"WebSite","@id":"https:\/\/radioportoseguro.com.br\/site\/#website","url":"https:\/\/radioportoseguro.com.br\/site\/","name":"R\u00e1dio Porto Seguro","description":"","potentialAction":[{"@type":"SearchAction","target":{"@type":"EntryPoint","urlTemplate":"https:\/\/radioportoseguro.com.br\/site\/?s={search_term_string}"},"query-input":{"@type":"PropertyValueSpecification","valueRequired":true,"valueName":"search_term_string"}}],"inLanguage":"pt-BR"},{"@type":"Person","@id":"https:\/\/radioportoseguro.com.br\/site\/#\/schema\/person\/d1960d33baebee56275cbda6d8aef297","name":"Leandro","image":{"@type":"ImageObject","inLanguage":"pt-BR","@id":"https:\/\/radioportoseguro.com.br\/site\/#\/schema\/person\/image\/","url":"https:\/\/secure.gravatar.com\/avatar\/ef93c9092aa97a95069df7b16c09c8dbc33c82d44a4f084e05b8f74f7ee2dd04?s=96&d=mm&r=g","contentUrl":"https:\/\/secure.gravatar.com\/avatar\/ef93c9092aa97a95069df7b16c09c8dbc33c82d44a4f084e05b8f74f7ee2dd04?s=96&d=mm&r=g","caption":"Leandro"},"url":"https:\/\/radioportoseguro.com.br\/site\/author\/leandro\/"}]}},"_links":{"self":[{"href":"https:\/\/radioportoseguro.com.br\/site\/wp-json\/wp\/v2\/posts\/4374","targetHints":{"allow":["GET"]}}],"collection":[{"href":"https:\/\/radioportoseguro.com.br\/site\/wp-json\/wp\/v2\/posts"}],"about":[{"href":"https:\/\/radioportoseguro.com.br\/site\/wp-json\/wp\/v2\/types\/post"}],"author":[{"embeddable":true,"href":"https:\/\/radioportoseguro.com.br\/site\/wp-json\/wp\/v2\/users\/2"}],"replies":[{"embeddable":true,"href":"https:\/\/radioportoseguro.com.br\/site\/wp-json\/wp\/v2\/comments?post=4374"}],"version-history":[{"count":4,"href":"https:\/\/radioportoseguro.com.br\/site\/wp-json\/wp\/v2\/posts\/4374\/revisions"}],"predecessor-version":[{"id":4379,"href":"https:\/\/radioportoseguro.com.br\/site\/wp-json\/wp\/v2\/posts\/4374\/revisions\/4379"}],"wp:featuredmedia":[{"embeddable":true,"href":"https:\/\/radioportoseguro.com.br\/site\/wp-json\/wp\/v2\/media\/4375"}],"wp:attachment":[{"href":"https:\/\/radioportoseguro.com.br\/site\/wp-json\/wp\/v2\/media?parent=4374"}],"wp:term":[{"taxonomy":"category","embeddable":true,"href":"https:\/\/radioportoseguro.com.br\/site\/wp-json\/wp\/v2\/categories?post=4374"},{"taxonomy":"post_tag","embeddable":true,"href":"https:\/\/radioportoseguro.com.br\/site\/wp-json\/wp\/v2\/tags?post=4374"}],"curies":[{"name":"wp","href":"https:\/\/api.w.org\/{rel}","templated":true}]}}