{"id":4388,"date":"2026-02-26T03:32:12","date_gmt":"2026-02-26T06:32:12","guid":{"rendered":"https:\/\/radioportoseguro.com.br\/site\/2026\/02\/26\/1-em-cada-4-profissionais-judeus-ja-presenciou-situacoes-de-antissemitismo-diz-pesquisa\/"},"modified":"2026-02-26T03:32:12","modified_gmt":"2026-02-26T06:32:12","slug":"1-em-cada-4-profissionais-judeus-ja-presenciou-situacoes-de-antissemitismo-diz-pesquisa","status":"publish","type":"post","link":"https:\/\/radioportoseguro.com.br\/site\/2026\/02\/26\/1-em-cada-4-profissionais-judeus-ja-presenciou-situacoes-de-antissemitismo-diz-pesquisa\/","title":{"rendered":"1 em cada 4 profissionais judeus j\u00e1 presenciou situa\u00e7\u00f5es de antissemitismo, diz pesquisa"},"content":{"rendered":"<p><br \/>\n<\/p>\n<div>\n<p>Danni Mnitentag, cofundador do movimento Executivos Contra o Antissemitismo (ECOA), destaca a resili\u00eancia do povo judeu, inclusive no ambiente empresarial.<\/p>\n<p style=\"text-align: left;\">O ECOA surgiu como resposta ao avan\u00e7o do antissemitismo nas empresas, com a proposta de transformar a dor em a\u00e7\u00e3o e impactar tanto a gera\u00e7\u00e3o atual quanto as futuras.<\/p>\n<p><\/p>\n<p>O projeto oferece apoio \u00e0s organiza\u00e7\u00f5es de forma pr\u00f3-bono, totalmente gratuito e adaptado \u00e0 agenda dispon\u00edvel, com foco em educa\u00e7\u00e3o e sensibiliza\u00e7\u00e3o.<\/p>\n<p style=\"text-align: left;\">Uma pesquisa realizada pelo movimento aponta que 1 em cada 4 profissionais judeus relatou ter presenciado situa\u00e7\u00f5es de antissemitismo no local de trabalho. Muitos epis\u00f3dios de preconceito, discrimina\u00e7\u00e3o e piadas envolvendo judeus s\u00e3o recorrentes, mas frequentemente ignorados pelas empresas.<\/p>\n<p><img decoding=\"async\" style=\"display: block; margin-left: auto; margin-right: auto;\" src=\"https:\/\/thumbor.guiame.com.br\/unsafe\/smart\/https:\/\/media.guiame.com.br\/archives\/2026\/02\/24\/3787206737-antissemitismo-pesquisa2.jpeg\" alt=\"\" width=\"600\"\/><\/p>\n<p style=\"text-align: left;\">O levantamento tamb\u00e9m mostra que apenas 15% das empresas possuem pol\u00edticas claras ou est\u00e3o desenvolvendo iniciativas concretas para combater o antissemitismo. Na maioria dos casos em que ocorreram incidentes, n\u00e3o houve a\u00e7\u00f5es corretivas nem repreens\u00e3o por parte da lideran\u00e7a.<\/p>\n<p><img decoding=\"async\" style=\"display: block; margin-left: auto; margin-right: auto;\" src=\"https:\/\/thumbor.guiame.com.br\/unsafe\/smart\/https:\/\/media.guiame.com.br\/archives\/2026\/02\/24\/582030077-antissemitismo-pesquisa3.jpeg\" alt=\"\" width=\"600\"\/><\/p>\n<p>Para 83% dos participantes, o tema precisa ser tratado de forma mais expl\u00edcita nas pol\u00edticas corporativas.<\/p>\n<p style=\"text-align: left;\">Danni tamb\u00e9m chama aten\u00e7\u00e3o para o cen\u00e1rio acad\u00eamico, que influencia diretamente o ambiente corporativo ao formar novos profissionais. Segundo ele, o meio universit\u00e1rio tem repercutido narrativas perigosas contra a comunidade judaica e contra Israel.<\/p>\n<p><img decoding=\"async\" style=\"display: block; margin-left: auto; margin-right: auto;\" src=\"https:\/\/thumbor.guiame.com.br\/unsafe\/smart\/https:\/\/media.guiame.com.br\/archives\/2026\/02\/24\/692482954-antissemitismo-pesquisa4.jpeg\" alt=\"\" width=\"600\"\/><\/p>\n<p>Desde o ataque do Hamas no sul de Israel, em 7 de outubro de 2023, os casos de antissemitismo cresceram significativamente em v\u00e1rias partes do mundo, atingindo n\u00edveis alarmantes \u2014 inclusive no Brasil.<\/p>\n<blockquote class=\"instagram-media\" style=\"background: #FFF; border: 0; border-radius: 3px; box-shadow: 0 0 1px 0 rgba(0,0,0,0.5),0 1px 10px 0 rgba(0,0,0,0.15); margin: 1px; max-width: 540px; min-width: 326px; padding: 0; width: calc(100% - 2px);\" data-instgrm-captioned=\"\" data-instgrm-permalink=\"https:\/\/www.instagram.com\/reel\/DSkXD9zj7Z4\/?utm_source=ig_embed&amp;utm_campaign=loading\" data-instgrm-version=\"14\"><p>&#13;<br \/>\n&#13;\n<\/p><\/blockquote>\n<p>\u00a0<\/p>\n<p><strong>Silas Anast\u00e1cio<\/strong> \u00e9 fundador do Minist\u00e9rio Davar, evangelista e expositor b\u00edblico com s\u00f3lida atua\u00e7\u00e3o h\u00e1 mais de uma d\u00e9cada em temas relacionados ao Estado de Israel e \u00e0 comunidade judaica. Tamb\u00e9m desempenha papel estrat\u00e9gico nos bastidores da m\u00eddia evang\u00e9lica, contribuindo para a articula\u00e7\u00e3o e divulga\u00e7\u00e3o de conte\u00fados que fortalecem os valores\u00a0da\u00a0f\u00e9\u00a0crist\u00e3.<\/p>\n<p><em>* O conte\u00fado do texto acima \u00e9 de colabora\u00e7\u00e3o volunt\u00e1ria, seu teor \u00e9 de total responsabilidade do autor e n\u00e3o reflete necessariamente a opini\u00e3o do Portal Guiame.<\/em><\/p>\n<p>Leia o artigo anterior: <span style=\"color: #800000;\"><strong>Israel, o grande milagre do Oriente M\u00e9dio<\/strong><\/span><\/p>\n<\/div>\n<p><script async src=\"\/\/www.instagram.com\/embed.js\"><\/script><br \/>\n<br \/><br \/>\n<br \/>Fonte: Guiame <\/p>\n","protected":false},"excerpt":{"rendered":"<p>Danni Mnitentag, cofundador do movimento Executivos Contra o Antissemitismo (ECOA), destaca a resili\u00eancia do povo judeu, inclusive no ambiente empresarial. O ECOA surgiu como resposta ao avan\u00e7o do antissemitismo nas empresas, com a proposta de transformar a dor em a\u00e7\u00e3o e impactar tanto a gera\u00e7\u00e3o atual quanto as futuras. O projeto oferece apoio \u00e0s organiza\u00e7\u00f5es [&hellip;]<\/p>\n","protected":false},"author":1,"featured_media":4389,"comment_status":"","ping_status":"open","sticky":false,"template":"","format":"standard","meta":{"footnotes":""},"categories":[43],"tags":[],"class_list":["post-4388","post","type-post","status-publish","format-standard","has-post-thumbnail","hentry","category-destaques"],"yoast_head":"<!-- This site is optimized with the Yoast SEO plugin v26.8 - https:\/\/yoast.com\/product\/yoast-seo-wordpress\/ -->\n<title>1 em cada 4 profissionais judeus j\u00e1 presenciou situa\u00e7\u00f5es de antissemitismo, diz pesquisa - R\u00e1dio Porto Seguro<\/title>\n<meta name=\"robots\" content=\"index, follow, max-snippet:-1, max-image-preview:large, max-video-preview:-1\" \/>\n<link rel=\"canonical\" href=\"https:\/\/radioportoseguro.com.br\/site\/2026\/02\/26\/1-em-cada-4-profissionais-judeus-ja-presenciou-situacoes-de-antissemitismo-diz-pesquisa\/\" \/>\n<meta property=\"og:locale\" content=\"pt_BR\" \/>\n<meta property=\"og:type\" content=\"article\" \/>\n<meta property=\"og:title\" content=\"1 em cada 4 profissionais judeus j\u00e1 presenciou situa\u00e7\u00f5es de antissemitismo, diz pesquisa - R\u00e1dio Porto Seguro\" \/>\n<meta property=\"og:description\" content=\"Danni Mnitentag, cofundador do movimento Executivos Contra o Antissemitismo (ECOA), destaca a resili\u00eancia do povo judeu, inclusive no ambiente empresarial. O ECOA surgiu como resposta ao avan\u00e7o do antissemitismo nas empresas, com a proposta de transformar a dor em a\u00e7\u00e3o e impactar tanto a gera\u00e7\u00e3o atual quanto as futuras. O projeto oferece apoio \u00e0s organiza\u00e7\u00f5es [&hellip;]\" \/>\n<meta property=\"og:url\" content=\"https:\/\/radioportoseguro.com.br\/site\/2026\/02\/26\/1-em-cada-4-profissionais-judeus-ja-presenciou-situacoes-de-antissemitismo-diz-pesquisa\/\" \/>\n<meta property=\"og:site_name\" content=\"R\u00e1dio Porto Seguro\" \/>\n<meta property=\"article:published_time\" content=\"2026-02-26T06:32:12+00:00\" \/>\n<meta property=\"og:image\" content=\"https:\/\/thumbor.guiame.com.br\/unsafe\/smart\/https:\/\/media.guiame.com.br\/archives\/2026\/02\/24\/2537207649-antissemitismo-pesquisa1.jpeg\" \/>\n<meta name=\"author\" content=\"admin\" \/>\n<meta name=\"twitter:card\" content=\"summary_large_image\" \/>\n<meta name=\"twitter:label1\" content=\"Escrito por\" \/>\n\t<meta name=\"twitter:data1\" content=\"admin\" \/>\n\t<meta name=\"twitter:label2\" content=\"Est. tempo de leitura\" \/>\n\t<meta name=\"twitter:data2\" content=\"2 minutos\" \/>\n<script type=\"application\/ld+json\" class=\"yoast-schema-graph\">{\"@context\":\"https:\/\/schema.org\",\"@graph\":[{\"@type\":\"Article\",\"@id\":\"https:\/\/radioportoseguro.com.br\/site\/2026\/02\/26\/1-em-cada-4-profissionais-judeus-ja-presenciou-situacoes-de-antissemitismo-diz-pesquisa\/#article\",\"isPartOf\":{\"@id\":\"https:\/\/radioportoseguro.com.br\/site\/2026\/02\/26\/1-em-cada-4-profissionais-judeus-ja-presenciou-situacoes-de-antissemitismo-diz-pesquisa\/\"},\"author\":{\"name\":\"admin\",\"@id\":\"https:\/\/radioportoseguro.com.br\/site\/#\/schema\/person\/7630acdc320186f13639d3c067ec089b\"},\"headline\":\"1 em cada 4 profissionais judeus j\u00e1 presenciou situa\u00e7\u00f5es de antissemitismo, diz pesquisa\",\"datePublished\":\"2026-02-26T06:32:12+00:00\",\"mainEntityOfPage\":{\"@id\":\"https:\/\/radioportoseguro.com.br\/site\/2026\/02\/26\/1-em-cada-4-profissionais-judeus-ja-presenciou-situacoes-de-antissemitismo-diz-pesquisa\/\"},\"wordCount\":375,\"image\":{\"@id\":\"https:\/\/radioportoseguro.com.br\/site\/2026\/02\/26\/1-em-cada-4-profissionais-judeus-ja-presenciou-situacoes-de-antissemitismo-diz-pesquisa\/#primaryimage\"},\"thumbnailUrl\":\"https:\/\/radioportoseguro.com.br\/site\/wp-content\/uploads\/2026\/02\/3618474030-danni-mnitentag.jpeg\",\"articleSection\":[\"Destaques\"],\"inLanguage\":\"pt-BR\"},{\"@type\":\"WebPage\",\"@id\":\"https:\/\/radioportoseguro.com.br\/site\/2026\/02\/26\/1-em-cada-4-profissionais-judeus-ja-presenciou-situacoes-de-antissemitismo-diz-pesquisa\/\",\"url\":\"https:\/\/radioportoseguro.com.br\/site\/2026\/02\/26\/1-em-cada-4-profissionais-judeus-ja-presenciou-situacoes-de-antissemitismo-diz-pesquisa\/\",\"name\":\"1 em cada 4 profissionais judeus j\u00e1 presenciou situa\u00e7\u00f5es de antissemitismo, diz pesquisa - R\u00e1dio Porto Seguro\",\"isPartOf\":{\"@id\":\"https:\/\/radioportoseguro.com.br\/site\/#website\"},\"primaryImageOfPage\":{\"@id\":\"https:\/\/radioportoseguro.com.br\/site\/2026\/02\/26\/1-em-cada-4-profissionais-judeus-ja-presenciou-situacoes-de-antissemitismo-diz-pesquisa\/#primaryimage\"},\"image\":{\"@id\":\"https:\/\/radioportoseguro.com.br\/site\/2026\/02\/26\/1-em-cada-4-profissionais-judeus-ja-presenciou-situacoes-de-antissemitismo-diz-pesquisa\/#primaryimage\"},\"thumbnailUrl\":\"https:\/\/radioportoseguro.com.br\/site\/wp-content\/uploads\/2026\/02\/3618474030-danni-mnitentag.jpeg\",\"datePublished\":\"2026-02-26T06:32:12+00:00\",\"author\":{\"@id\":\"https:\/\/radioportoseguro.com.br\/site\/#\/schema\/person\/7630acdc320186f13639d3c067ec089b\"},\"breadcrumb\":{\"@id\":\"https:\/\/radioportoseguro.com.br\/site\/2026\/02\/26\/1-em-cada-4-profissionais-judeus-ja-presenciou-situacoes-de-antissemitismo-diz-pesquisa\/#breadcrumb\"},\"inLanguage\":\"pt-BR\",\"potentialAction\":[{\"@type\":\"ReadAction\",\"target\":[\"https:\/\/radioportoseguro.com.br\/site\/2026\/02\/26\/1-em-cada-4-profissionais-judeus-ja-presenciou-situacoes-de-antissemitismo-diz-pesquisa\/\"]}]},{\"@type\":\"ImageObject\",\"inLanguage\":\"pt-BR\",\"@id\":\"https:\/\/radioportoseguro.com.br\/site\/2026\/02\/26\/1-em-cada-4-profissionais-judeus-ja-presenciou-situacoes-de-antissemitismo-diz-pesquisa\/#primaryimage\",\"url\":\"https:\/\/radioportoseguro.com.br\/site\/wp-content\/uploads\/2026\/02\/3618474030-danni-mnitentag.jpeg\",\"contentUrl\":\"https:\/\/radioportoseguro.com.br\/site\/wp-content\/uploads\/2026\/02\/3618474030-danni-mnitentag.jpeg\",\"width\":1200,\"height\":600},{\"@type\":\"BreadcrumbList\",\"@id\":\"https:\/\/radioportoseguro.com.br\/site\/2026\/02\/26\/1-em-cada-4-profissionais-judeus-ja-presenciou-situacoes-de-antissemitismo-diz-pesquisa\/#breadcrumb\",\"itemListElement\":[{\"@type\":\"ListItem\",\"position\":1,\"name\":\"In\u00edcio\",\"item\":\"https:\/\/radioportoseguro.com.br\/site\/\"},{\"@type\":\"ListItem\",\"position\":2,\"name\":\"1 em cada 4 profissionais judeus j\u00e1 presenciou situa\u00e7\u00f5es de antissemitismo, diz pesquisa\"}]},{\"@type\":\"WebSite\",\"@id\":\"https:\/\/radioportoseguro.com.br\/site\/#website\",\"url\":\"https:\/\/radioportoseguro.com.br\/site\/\",\"name\":\"R\u00e1dio Porto Seguro\",\"description\":\"\",\"potentialAction\":[{\"@type\":\"SearchAction\",\"target\":{\"@type\":\"EntryPoint\",\"urlTemplate\":\"https:\/\/radioportoseguro.com.br\/site\/?s={search_term_string}\"},\"query-input\":{\"@type\":\"PropertyValueSpecification\",\"valueRequired\":true,\"valueName\":\"search_term_string\"}}],\"inLanguage\":\"pt-BR\"},{\"@type\":\"Person\",\"@id\":\"https:\/\/radioportoseguro.com.br\/site\/#\/schema\/person\/7630acdc320186f13639d3c067ec089b\",\"name\":\"admin\",\"image\":{\"@type\":\"ImageObject\",\"inLanguage\":\"pt-BR\",\"@id\":\"https:\/\/radioportoseguro.com.br\/site\/#\/schema\/person\/image\/\",\"url\":\"https:\/\/secure.gravatar.com\/avatar\/caacf4dc1eedb68fab0df8e1ed46c448e578b2466351bbcb61e47d2ac0caaef0?s=96&d=mm&r=g\",\"contentUrl\":\"https:\/\/secure.gravatar.com\/avatar\/caacf4dc1eedb68fab0df8e1ed46c448e578b2466351bbcb61e47d2ac0caaef0?s=96&d=mm&r=g\",\"caption\":\"admin\"},\"sameAs\":[\"https:\/\/radioportoseguro.com.br\/site\"],\"url\":\"https:\/\/radioportoseguro.com.br\/site\/author\/hezio\/\"}]}<\/script>\n<!-- \/ Yoast SEO plugin. -->","yoast_head_json":{"title":"1 em cada 4 profissionais judeus j\u00e1 presenciou situa\u00e7\u00f5es de antissemitismo, diz pesquisa - R\u00e1dio Porto Seguro","robots":{"index":"index","follow":"follow","max-snippet":"max-snippet:-1","max-image-preview":"max-image-preview:large","max-video-preview":"max-video-preview:-1"},"canonical":"https:\/\/radioportoseguro.com.br\/site\/2026\/02\/26\/1-em-cada-4-profissionais-judeus-ja-presenciou-situacoes-de-antissemitismo-diz-pesquisa\/","og_locale":"pt_BR","og_type":"article","og_title":"1 em cada 4 profissionais judeus j\u00e1 presenciou situa\u00e7\u00f5es de antissemitismo, diz pesquisa - R\u00e1dio Porto Seguro","og_description":"Danni Mnitentag, cofundador do movimento Executivos Contra o Antissemitismo (ECOA), destaca a resili\u00eancia do povo judeu, inclusive no ambiente empresarial. O ECOA surgiu como resposta ao avan\u00e7o do antissemitismo nas empresas, com a proposta de transformar a dor em a\u00e7\u00e3o e impactar tanto a gera\u00e7\u00e3o atual quanto as futuras. O projeto oferece apoio \u00e0s organiza\u00e7\u00f5es [&hellip;]","og_url":"https:\/\/radioportoseguro.com.br\/site\/2026\/02\/26\/1-em-cada-4-profissionais-judeus-ja-presenciou-situacoes-de-antissemitismo-diz-pesquisa\/","og_site_name":"R\u00e1dio Porto Seguro","article_published_time":"2026-02-26T06:32:12+00:00","og_image":[{"url":"https:\/\/thumbor.guiame.com.br\/unsafe\/smart\/https:\/\/media.guiame.com.br\/archives\/2026\/02\/24\/2537207649-antissemitismo-pesquisa1.jpeg","type":"","width":"","height":""}],"author":"admin","twitter_card":"summary_large_image","twitter_misc":{"Escrito por":"admin","Est. tempo de leitura":"2 minutos"},"schema":{"@context":"https:\/\/schema.org","@graph":[{"@type":"Article","@id":"https:\/\/radioportoseguro.com.br\/site\/2026\/02\/26\/1-em-cada-4-profissionais-judeus-ja-presenciou-situacoes-de-antissemitismo-diz-pesquisa\/#article","isPartOf":{"@id":"https:\/\/radioportoseguro.com.br\/site\/2026\/02\/26\/1-em-cada-4-profissionais-judeus-ja-presenciou-situacoes-de-antissemitismo-diz-pesquisa\/"},"author":{"name":"admin","@id":"https:\/\/radioportoseguro.com.br\/site\/#\/schema\/person\/7630acdc320186f13639d3c067ec089b"},"headline":"1 em cada 4 profissionais judeus j\u00e1 presenciou situa\u00e7\u00f5es de antissemitismo, diz pesquisa","datePublished":"2026-02-26T06:32:12+00:00","mainEntityOfPage":{"@id":"https:\/\/radioportoseguro.com.br\/site\/2026\/02\/26\/1-em-cada-4-profissionais-judeus-ja-presenciou-situacoes-de-antissemitismo-diz-pesquisa\/"},"wordCount":375,"image":{"@id":"https:\/\/radioportoseguro.com.br\/site\/2026\/02\/26\/1-em-cada-4-profissionais-judeus-ja-presenciou-situacoes-de-antissemitismo-diz-pesquisa\/#primaryimage"},"thumbnailUrl":"https:\/\/radioportoseguro.com.br\/site\/wp-content\/uploads\/2026\/02\/3618474030-danni-mnitentag.jpeg","articleSection":["Destaques"],"inLanguage":"pt-BR"},{"@type":"WebPage","@id":"https:\/\/radioportoseguro.com.br\/site\/2026\/02\/26\/1-em-cada-4-profissionais-judeus-ja-presenciou-situacoes-de-antissemitismo-diz-pesquisa\/","url":"https:\/\/radioportoseguro.com.br\/site\/2026\/02\/26\/1-em-cada-4-profissionais-judeus-ja-presenciou-situacoes-de-antissemitismo-diz-pesquisa\/","name":"1 em cada 4 profissionais judeus j\u00e1 presenciou situa\u00e7\u00f5es de antissemitismo, diz pesquisa - R\u00e1dio Porto Seguro","isPartOf":{"@id":"https:\/\/radioportoseguro.com.br\/site\/#website"},"primaryImageOfPage":{"@id":"https:\/\/radioportoseguro.com.br\/site\/2026\/02\/26\/1-em-cada-4-profissionais-judeus-ja-presenciou-situacoes-de-antissemitismo-diz-pesquisa\/#primaryimage"},"image":{"@id":"https:\/\/radioportoseguro.com.br\/site\/2026\/02\/26\/1-em-cada-4-profissionais-judeus-ja-presenciou-situacoes-de-antissemitismo-diz-pesquisa\/#primaryimage"},"thumbnailUrl":"https:\/\/radioportoseguro.com.br\/site\/wp-content\/uploads\/2026\/02\/3618474030-danni-mnitentag.jpeg","datePublished":"2026-02-26T06:32:12+00:00","author":{"@id":"https:\/\/radioportoseguro.com.br\/site\/#\/schema\/person\/7630acdc320186f13639d3c067ec089b"},"breadcrumb":{"@id":"https:\/\/radioportoseguro.com.br\/site\/2026\/02\/26\/1-em-cada-4-profissionais-judeus-ja-presenciou-situacoes-de-antissemitismo-diz-pesquisa\/#breadcrumb"},"inLanguage":"pt-BR","potentialAction":[{"@type":"ReadAction","target":["https:\/\/radioportoseguro.com.br\/site\/2026\/02\/26\/1-em-cada-4-profissionais-judeus-ja-presenciou-situacoes-de-antissemitismo-diz-pesquisa\/"]}]},{"@type":"ImageObject","inLanguage":"pt-BR","@id":"https:\/\/radioportoseguro.com.br\/site\/2026\/02\/26\/1-em-cada-4-profissionais-judeus-ja-presenciou-situacoes-de-antissemitismo-diz-pesquisa\/#primaryimage","url":"https:\/\/radioportoseguro.com.br\/site\/wp-content\/uploads\/2026\/02\/3618474030-danni-mnitentag.jpeg","contentUrl":"https:\/\/radioportoseguro.com.br\/site\/wp-content\/uploads\/2026\/02\/3618474030-danni-mnitentag.jpeg","width":1200,"height":600},{"@type":"BreadcrumbList","@id":"https:\/\/radioportoseguro.com.br\/site\/2026\/02\/26\/1-em-cada-4-profissionais-judeus-ja-presenciou-situacoes-de-antissemitismo-diz-pesquisa\/#breadcrumb","itemListElement":[{"@type":"ListItem","position":1,"name":"In\u00edcio","item":"https:\/\/radioportoseguro.com.br\/site\/"},{"@type":"ListItem","position":2,"name":"1 em cada 4 profissionais judeus j\u00e1 presenciou situa\u00e7\u00f5es de antissemitismo, diz pesquisa"}]},{"@type":"WebSite","@id":"https:\/\/radioportoseguro.com.br\/site\/#website","url":"https:\/\/radioportoseguro.com.br\/site\/","name":"R\u00e1dio Porto Seguro","description":"","potentialAction":[{"@type":"SearchAction","target":{"@type":"EntryPoint","urlTemplate":"https:\/\/radioportoseguro.com.br\/site\/?s={search_term_string}"},"query-input":{"@type":"PropertyValueSpecification","valueRequired":true,"valueName":"search_term_string"}}],"inLanguage":"pt-BR"},{"@type":"Person","@id":"https:\/\/radioportoseguro.com.br\/site\/#\/schema\/person\/7630acdc320186f13639d3c067ec089b","name":"admin","image":{"@type":"ImageObject","inLanguage":"pt-BR","@id":"https:\/\/radioportoseguro.com.br\/site\/#\/schema\/person\/image\/","url":"https:\/\/secure.gravatar.com\/avatar\/caacf4dc1eedb68fab0df8e1ed46c448e578b2466351bbcb61e47d2ac0caaef0?s=96&d=mm&r=g","contentUrl":"https:\/\/secure.gravatar.com\/avatar\/caacf4dc1eedb68fab0df8e1ed46c448e578b2466351bbcb61e47d2ac0caaef0?s=96&d=mm&r=g","caption":"admin"},"sameAs":["https:\/\/radioportoseguro.com.br\/site"],"url":"https:\/\/radioportoseguro.com.br\/site\/author\/hezio\/"}]}},"_links":{"self":[{"href":"https:\/\/radioportoseguro.com.br\/site\/wp-json\/wp\/v2\/posts\/4388","targetHints":{"allow":["GET"]}}],"collection":[{"href":"https:\/\/radioportoseguro.com.br\/site\/wp-json\/wp\/v2\/posts"}],"about":[{"href":"https:\/\/radioportoseguro.com.br\/site\/wp-json\/wp\/v2\/types\/post"}],"author":[{"embeddable":true,"href":"https:\/\/radioportoseguro.com.br\/site\/wp-json\/wp\/v2\/users\/1"}],"replies":[{"embeddable":true,"href":"https:\/\/radioportoseguro.com.br\/site\/wp-json\/wp\/v2\/comments?post=4388"}],"version-history":[{"count":0,"href":"https:\/\/radioportoseguro.com.br\/site\/wp-json\/wp\/v2\/posts\/4388\/revisions"}],"wp:featuredmedia":[{"embeddable":true,"href":"https:\/\/radioportoseguro.com.br\/site\/wp-json\/wp\/v2\/media\/4389"}],"wp:attachment":[{"href":"https:\/\/radioportoseguro.com.br\/site\/wp-json\/wp\/v2\/media?parent=4388"}],"wp:term":[{"taxonomy":"category","embeddable":true,"href":"https:\/\/radioportoseguro.com.br\/site\/wp-json\/wp\/v2\/categories?post=4388"},{"taxonomy":"post_tag","embeddable":true,"href":"https:\/\/radioportoseguro.com.br\/site\/wp-json\/wp\/v2\/tags?post=4388"}],"curies":[{"name":"wp","href":"https:\/\/api.w.org\/{rel}","templated":true}]}}