{"id":4396,"date":"2026-02-26T09:41:45","date_gmt":"2026-02-26T12:41:45","guid":{"rendered":"https:\/\/radioportoseguro.com.br\/site\/2026\/02\/26\/a-pluralidade-do-pentecostalismo-entre-identidade-e-caricaturas\/"},"modified":"2026-02-26T09:41:45","modified_gmt":"2026-02-26T12:41:45","slug":"a-pluralidade-do-pentecostalismo-entre-identidade-e-caricaturas","status":"publish","type":"post","link":"https:\/\/radioportoseguro.com.br\/site\/2026\/02\/26\/a-pluralidade-do-pentecostalismo-entre-identidade-e-caricaturas\/","title":{"rendered":"A pluralidade do pentecostalismo: Entre identidade e caricaturas"},"content":{"rendered":"<p><br \/>\n<br \/><\/p>\n<div>\n<p>Falar de pentecostalismo no Brasil \u00e9 tratar de um dos movimentos religiosos mais influentes do nosso tempo. No entanto, um dos equ\u00edvocos mais comuns no debate p\u00fablico \u00e9 imaginar que o pentecostalismo seja um bloco uniforme, com uma \u00fanica forma de culto, uma \u00fanica teologia e uma \u00fanica express\u00e3o institucional. Essa percep\u00e7\u00e3o n\u00e3o corresponde \u00e0 realidade hist\u00f3rica nem teol\u00f3gica do movimento.<\/p>\n<p>O que chamamos de pentecostalismo \u00e9, na verdade, um fen\u00f4meno plural. Trata-se de um movimento que nasceu no in\u00edcio do s\u00e9culo XX, marcado pela \u00eanfase no batismo no Esp\u00edrito Santo, na atualidade dos dons espirituais e na expectativa da volta de Cristo. No Brasil, igrejas como a Assembleia de Deus desempenharam papel decisivo na consolida\u00e7\u00e3o dessa espiritualidade, formando comunidades profundamente comprometidas com ora\u00e7\u00e3o, santidade e miss\u00e3o.<\/p>\n<p>Com o passar das d\u00e9cadas, novas express\u00f5es surgiram. Movimentos com forte \u00eanfase em cura divina e evangelismo de massa ampliaram o alcance do pentecostalismo nas cidades brasileiras. Posteriormente, correntes que passaram a ser identificadas como neopentecostais introduziram novas linguagens, novas estruturas administrativas e novas \u00eanfases teol\u00f3gicas, especialmente na \u00e1rea de batalha espiritual e prosperidade. Paralelamente, experi\u00eancias carism\u00e1ticas atravessaram igrejas hist\u00f3ricas, mostrando que o fen\u00f4meno pentecostal n\u00e3o se restringe a uma \u00fanica tradi\u00e7\u00e3o denominacional.<\/p>\n<p>Essa diversidade hist\u00f3rica revela que o pentecostalismo n\u00e3o \u00e9 homog\u00eaneo. A pluralidade tamb\u00e9m se manifesta no campo teol\u00f3gico. Dentro do pr\u00f3prio universo pentecostal h\u00e1 diferen\u00e7as relevantes na compreens\u00e3o da gra\u00e7a, do livre-arb\u00edtrio, da seguran\u00e7a da salva\u00e7\u00e3o, da santifica\u00e7\u00e3o e da escatologia. Grande parte do pentecostalismo cl\u00e1ssico brasileiro desenvolveu-se em di\u00e1logo com a tradi\u00e7\u00e3o arminiana, enfatizando a responsabilidade humana diante da gra\u00e7a divina. Em outros contextos, h\u00e1 aproxima\u00e7\u00f5es com perspectivas reformadas, al\u00e9m do surgimento de produ\u00e7\u00f5es teol\u00f3gicas contextualizadas na Am\u00e9rica Latina, na \u00c1frica e nos Estados Unidos.<\/p>\n<p>Ignorar essa pluralidade \u00e9 reduzir um fen\u00f4meno complexo a uma caricatura. No debate p\u00fablico, muitas vezes o pentecostalismo \u00e9 identificado exclusivamente com suas express\u00f5es mais midi\u00e1ticas ou controversas. Esse recorte parcial gera generaliza\u00e7\u00f5es injustas. H\u00e1 comunidades pentecostais profundamente comprometidas com forma\u00e7\u00e3o b\u00edblica s\u00e9ria, responsabilidade social, \u00e9tica p\u00fablica e produ\u00e7\u00e3o acad\u00eamica. H\u00e1 igrejas que investem em educa\u00e7\u00e3o teol\u00f3gica, a\u00e7\u00e3o social e miss\u00f5es transculturais. Tomar uma parte pelo todo \u00e9 intelectualmente inadequado.<\/p>\n<p>A pluralidade, contudo, n\u00e3o significa aus\u00eancia de identidade. Apesar das diferen\u00e7as internas, h\u00e1 elementos que atravessam as diversas express\u00f5es pentecostais, como a centralidade da experi\u00eancia com o Esp\u00edrito Santo, a cren\u00e7a na atualidade dos dons espirituais, uma espiritualidade participativa e um forte impulso mission\u00e1rio. O desafio contempor\u00e2neo n\u00e3o \u00e9 negar a diversidade, mas discernir o que pertence \u00e0 ess\u00eancia do movimento e o que constitui express\u00e3o cultural ou contextual.<\/p>\n<p>O pentecostalismo brasileiro amadureceu. Ele deixou de ser apenas um fen\u00f4meno perif\u00e9rico e tornou-se ator relevante na cultura, na pol\u00edtica e na vida p\u00fablica. Esse novo cen\u00e1rio exige maturidade teol\u00f3gica e responsabilidade intelectual. A pluralidade do pentecostalismo n\u00e3o \u00e9 sinal de fragilidade, mas de vitalidade hist\u00f3rica. No entanto, vitalidade sem discernimento pode gerar confus\u00e3o. Por isso, compreender a diversidade interna do movimento \u00e9 passo fundamental para um di\u00e1logo p\u00fablico mais honesto e para uma reflex\u00e3o teol\u00f3gica mais consistente sobre sua identidade e miss\u00e3o no s\u00e9culo XXI.<\/p>\n<p>\u00a0<\/p>\n<p><strong>Ediudson Fontes<\/strong> (@ediudsonfontes) \u00e9 pastor auxiliar da Assembleia de Deus Cidade Santa (RJ), te\u00f3logo, p\u00f3s-graduado em Ci\u00eancias da Religi\u00e3o e mestrando em Teologia Sistem\u00e1tico-Pastoral pela PUC-Rio. Escritor, professor de Teologia, casado com Caroline Fontes e pai de\u00a0Calebe\u00a0Fontes.<\/p>\n<p><em>* O conte\u00fado do texto acima \u00e9 de colabora\u00e7\u00e3o volunt\u00e1ria, seu teor \u00e9 de total responsabilidade do autor e n\u00e3o reflete necessariamente a opini\u00e3o do Portal Guiame.<\/em><\/p>\n<p>Leia o artigo anterior: <span style=\"color: #800000;\"><strong>A gra\u00e7a de Deus e a rela\u00e7\u00e3o com o poder do Esp\u00edrito Santo<\/strong><\/span><\/p>\n<p>\u00a0<\/p>\n<\/div>\n<p><br \/>\n<br \/>Fonte: Guiame <\/p>\n","protected":false},"excerpt":{"rendered":"<p>Falar de pentecostalismo no Brasil \u00e9 tratar de um dos movimentos religiosos mais influentes do nosso tempo. No entanto, um dos equ\u00edvocos mais comuns no debate p\u00fablico \u00e9 imaginar que o pentecostalismo seja um bloco uniforme, com uma \u00fanica forma de culto, uma \u00fanica teologia e uma \u00fanica express\u00e3o institucional. Essa percep\u00e7\u00e3o n\u00e3o corresponde \u00e0 [&hellip;]<\/p>\n","protected":false},"author":1,"featured_media":4397,"comment_status":"","ping_status":"open","sticky":false,"template":"","format":"standard","meta":{"footnotes":""},"categories":[43],"tags":[],"class_list":["post-4396","post","type-post","status-publish","format-standard","has-post-thumbnail","hentry","category-destaques"],"yoast_head":"<!-- This site is optimized with the Yoast SEO plugin v26.8 - https:\/\/yoast.com\/product\/yoast-seo-wordpress\/ -->\n<title>A pluralidade do pentecostalismo: Entre identidade e caricaturas - R\u00e1dio Porto Seguro<\/title>\n<meta name=\"robots\" content=\"index, follow, max-snippet:-1, max-image-preview:large, max-video-preview:-1\" \/>\n<link rel=\"canonical\" href=\"https:\/\/radioportoseguro.com.br\/site\/2026\/02\/26\/a-pluralidade-do-pentecostalismo-entre-identidade-e-caricaturas\/\" \/>\n<meta property=\"og:locale\" content=\"pt_BR\" \/>\n<meta property=\"og:type\" content=\"article\" \/>\n<meta property=\"og:title\" content=\"A pluralidade do pentecostalismo: Entre identidade e caricaturas - R\u00e1dio Porto Seguro\" \/>\n<meta property=\"og:description\" content=\"Falar de pentecostalismo no Brasil \u00e9 tratar de um dos movimentos religiosos mais influentes do nosso tempo. No entanto, um dos equ\u00edvocos mais comuns no debate p\u00fablico \u00e9 imaginar que o pentecostalismo seja um bloco uniforme, com uma \u00fanica forma de culto, uma \u00fanica teologia e uma \u00fanica express\u00e3o institucional. Essa percep\u00e7\u00e3o n\u00e3o corresponde \u00e0 [&hellip;]\" \/>\n<meta property=\"og:url\" content=\"https:\/\/radioportoseguro.com.br\/site\/2026\/02\/26\/a-pluralidade-do-pentecostalismo-entre-identidade-e-caricaturas\/\" \/>\n<meta property=\"og:site_name\" content=\"R\u00e1dio Porto Seguro\" \/>\n<meta property=\"article:published_time\" content=\"2026-02-26T12:41:45+00:00\" \/>\n<meta property=\"og:image\" content=\"https:\/\/media.guiame.com.br\/archives\/2026\/02\/24\/3818652765-william-seymour.png\" \/>\n<meta name=\"author\" content=\"admin\" \/>\n<meta name=\"twitter:card\" content=\"summary_large_image\" \/>\n<meta name=\"twitter:label1\" content=\"Escrito por\" \/>\n\t<meta name=\"twitter:data1\" content=\"admin\" \/>\n\t<meta name=\"twitter:label2\" content=\"Est. tempo de leitura\" \/>\n\t<meta name=\"twitter:data2\" content=\"3 minutos\" \/>\n<script type=\"application\/ld+json\" class=\"yoast-schema-graph\">{\"@context\":\"https:\/\/schema.org\",\"@graph\":[{\"@type\":\"Article\",\"@id\":\"https:\/\/radioportoseguro.com.br\/site\/2026\/02\/26\/a-pluralidade-do-pentecostalismo-entre-identidade-e-caricaturas\/#article\",\"isPartOf\":{\"@id\":\"https:\/\/radioportoseguro.com.br\/site\/2026\/02\/26\/a-pluralidade-do-pentecostalismo-entre-identidade-e-caricaturas\/\"},\"author\":{\"name\":\"admin\",\"@id\":\"https:\/\/radioportoseguro.com.br\/site\/#\/schema\/person\/7630acdc320186f13639d3c067ec089b\"},\"headline\":\"A pluralidade do pentecostalismo: Entre identidade e caricaturas\",\"datePublished\":\"2026-02-26T12:41:45+00:00\",\"mainEntityOfPage\":{\"@id\":\"https:\/\/radioportoseguro.com.br\/site\/2026\/02\/26\/a-pluralidade-do-pentecostalismo-entre-identidade-e-caricaturas\/\"},\"wordCount\":690,\"image\":{\"@id\":\"https:\/\/radioportoseguro.com.br\/site\/2026\/02\/26\/a-pluralidade-do-pentecostalismo-entre-identidade-e-caricaturas\/#primaryimage\"},\"thumbnailUrl\":\"https:\/\/radioportoseguro.com.br\/site\/wp-content\/uploads\/2026\/02\/3818652765-william-seymour.png\",\"articleSection\":[\"Destaques\"],\"inLanguage\":\"pt-BR\"},{\"@type\":\"WebPage\",\"@id\":\"https:\/\/radioportoseguro.com.br\/site\/2026\/02\/26\/a-pluralidade-do-pentecostalismo-entre-identidade-e-caricaturas\/\",\"url\":\"https:\/\/radioportoseguro.com.br\/site\/2026\/02\/26\/a-pluralidade-do-pentecostalismo-entre-identidade-e-caricaturas\/\",\"name\":\"A pluralidade do pentecostalismo: Entre identidade e caricaturas - R\u00e1dio Porto Seguro\",\"isPartOf\":{\"@id\":\"https:\/\/radioportoseguro.com.br\/site\/#website\"},\"primaryImageOfPage\":{\"@id\":\"https:\/\/radioportoseguro.com.br\/site\/2026\/02\/26\/a-pluralidade-do-pentecostalismo-entre-identidade-e-caricaturas\/#primaryimage\"},\"image\":{\"@id\":\"https:\/\/radioportoseguro.com.br\/site\/2026\/02\/26\/a-pluralidade-do-pentecostalismo-entre-identidade-e-caricaturas\/#primaryimage\"},\"thumbnailUrl\":\"https:\/\/radioportoseguro.com.br\/site\/wp-content\/uploads\/2026\/02\/3818652765-william-seymour.png\",\"datePublished\":\"2026-02-26T12:41:45+00:00\",\"author\":{\"@id\":\"https:\/\/radioportoseguro.com.br\/site\/#\/schema\/person\/7630acdc320186f13639d3c067ec089b\"},\"breadcrumb\":{\"@id\":\"https:\/\/radioportoseguro.com.br\/site\/2026\/02\/26\/a-pluralidade-do-pentecostalismo-entre-identidade-e-caricaturas\/#breadcrumb\"},\"inLanguage\":\"pt-BR\",\"potentialAction\":[{\"@type\":\"ReadAction\",\"target\":[\"https:\/\/radioportoseguro.com.br\/site\/2026\/02\/26\/a-pluralidade-do-pentecostalismo-entre-identidade-e-caricaturas\/\"]}]},{\"@type\":\"ImageObject\",\"inLanguage\":\"pt-BR\",\"@id\":\"https:\/\/radioportoseguro.com.br\/site\/2026\/02\/26\/a-pluralidade-do-pentecostalismo-entre-identidade-e-caricaturas\/#primaryimage\",\"url\":\"https:\/\/radioportoseguro.com.br\/site\/wp-content\/uploads\/2026\/02\/3818652765-william-seymour.png\",\"contentUrl\":\"https:\/\/radioportoseguro.com.br\/site\/wp-content\/uploads\/2026\/02\/3818652765-william-seymour.png\",\"width\":1200,\"height\":600},{\"@type\":\"BreadcrumbList\",\"@id\":\"https:\/\/radioportoseguro.com.br\/site\/2026\/02\/26\/a-pluralidade-do-pentecostalismo-entre-identidade-e-caricaturas\/#breadcrumb\",\"itemListElement\":[{\"@type\":\"ListItem\",\"position\":1,\"name\":\"In\u00edcio\",\"item\":\"https:\/\/radioportoseguro.com.br\/site\/\"},{\"@type\":\"ListItem\",\"position\":2,\"name\":\"A pluralidade do pentecostalismo: Entre identidade e caricaturas\"}]},{\"@type\":\"WebSite\",\"@id\":\"https:\/\/radioportoseguro.com.br\/site\/#website\",\"url\":\"https:\/\/radioportoseguro.com.br\/site\/\",\"name\":\"R\u00e1dio Porto Seguro\",\"description\":\"\",\"potentialAction\":[{\"@type\":\"SearchAction\",\"target\":{\"@type\":\"EntryPoint\",\"urlTemplate\":\"https:\/\/radioportoseguro.com.br\/site\/?s={search_term_string}\"},\"query-input\":{\"@type\":\"PropertyValueSpecification\",\"valueRequired\":true,\"valueName\":\"search_term_string\"}}],\"inLanguage\":\"pt-BR\"},{\"@type\":\"Person\",\"@id\":\"https:\/\/radioportoseguro.com.br\/site\/#\/schema\/person\/7630acdc320186f13639d3c067ec089b\",\"name\":\"admin\",\"image\":{\"@type\":\"ImageObject\",\"inLanguage\":\"pt-BR\",\"@id\":\"https:\/\/radioportoseguro.com.br\/site\/#\/schema\/person\/image\/\",\"url\":\"https:\/\/secure.gravatar.com\/avatar\/caacf4dc1eedb68fab0df8e1ed46c448e578b2466351bbcb61e47d2ac0caaef0?s=96&d=mm&r=g\",\"contentUrl\":\"https:\/\/secure.gravatar.com\/avatar\/caacf4dc1eedb68fab0df8e1ed46c448e578b2466351bbcb61e47d2ac0caaef0?s=96&d=mm&r=g\",\"caption\":\"admin\"},\"sameAs\":[\"https:\/\/radioportoseguro.com.br\/site\"],\"url\":\"https:\/\/radioportoseguro.com.br\/site\/author\/hezio\/\"}]}<\/script>\n<!-- \/ Yoast SEO plugin. -->","yoast_head_json":{"title":"A pluralidade do pentecostalismo: Entre identidade e caricaturas - R\u00e1dio Porto Seguro","robots":{"index":"index","follow":"follow","max-snippet":"max-snippet:-1","max-image-preview":"max-image-preview:large","max-video-preview":"max-video-preview:-1"},"canonical":"https:\/\/radioportoseguro.com.br\/site\/2026\/02\/26\/a-pluralidade-do-pentecostalismo-entre-identidade-e-caricaturas\/","og_locale":"pt_BR","og_type":"article","og_title":"A pluralidade do pentecostalismo: Entre identidade e caricaturas - R\u00e1dio Porto Seguro","og_description":"Falar de pentecostalismo no Brasil \u00e9 tratar de um dos movimentos religiosos mais influentes do nosso tempo. No entanto, um dos equ\u00edvocos mais comuns no debate p\u00fablico \u00e9 imaginar que o pentecostalismo seja um bloco uniforme, com uma \u00fanica forma de culto, uma \u00fanica teologia e uma \u00fanica express\u00e3o institucional. Essa percep\u00e7\u00e3o n\u00e3o corresponde \u00e0 [&hellip;]","og_url":"https:\/\/radioportoseguro.com.br\/site\/2026\/02\/26\/a-pluralidade-do-pentecostalismo-entre-identidade-e-caricaturas\/","og_site_name":"R\u00e1dio Porto Seguro","article_published_time":"2026-02-26T12:41:45+00:00","og_image":[{"url":"https:\/\/media.guiame.com.br\/archives\/2026\/02\/24\/3818652765-william-seymour.png","type":"","width":"","height":""}],"author":"admin","twitter_card":"summary_large_image","twitter_misc":{"Escrito por":"admin","Est. tempo de leitura":"3 minutos"},"schema":{"@context":"https:\/\/schema.org","@graph":[{"@type":"Article","@id":"https:\/\/radioportoseguro.com.br\/site\/2026\/02\/26\/a-pluralidade-do-pentecostalismo-entre-identidade-e-caricaturas\/#article","isPartOf":{"@id":"https:\/\/radioportoseguro.com.br\/site\/2026\/02\/26\/a-pluralidade-do-pentecostalismo-entre-identidade-e-caricaturas\/"},"author":{"name":"admin","@id":"https:\/\/radioportoseguro.com.br\/site\/#\/schema\/person\/7630acdc320186f13639d3c067ec089b"},"headline":"A pluralidade do pentecostalismo: Entre identidade e caricaturas","datePublished":"2026-02-26T12:41:45+00:00","mainEntityOfPage":{"@id":"https:\/\/radioportoseguro.com.br\/site\/2026\/02\/26\/a-pluralidade-do-pentecostalismo-entre-identidade-e-caricaturas\/"},"wordCount":690,"image":{"@id":"https:\/\/radioportoseguro.com.br\/site\/2026\/02\/26\/a-pluralidade-do-pentecostalismo-entre-identidade-e-caricaturas\/#primaryimage"},"thumbnailUrl":"https:\/\/radioportoseguro.com.br\/site\/wp-content\/uploads\/2026\/02\/3818652765-william-seymour.png","articleSection":["Destaques"],"inLanguage":"pt-BR"},{"@type":"WebPage","@id":"https:\/\/radioportoseguro.com.br\/site\/2026\/02\/26\/a-pluralidade-do-pentecostalismo-entre-identidade-e-caricaturas\/","url":"https:\/\/radioportoseguro.com.br\/site\/2026\/02\/26\/a-pluralidade-do-pentecostalismo-entre-identidade-e-caricaturas\/","name":"A pluralidade do pentecostalismo: Entre identidade e caricaturas - R\u00e1dio Porto Seguro","isPartOf":{"@id":"https:\/\/radioportoseguro.com.br\/site\/#website"},"primaryImageOfPage":{"@id":"https:\/\/radioportoseguro.com.br\/site\/2026\/02\/26\/a-pluralidade-do-pentecostalismo-entre-identidade-e-caricaturas\/#primaryimage"},"image":{"@id":"https:\/\/radioportoseguro.com.br\/site\/2026\/02\/26\/a-pluralidade-do-pentecostalismo-entre-identidade-e-caricaturas\/#primaryimage"},"thumbnailUrl":"https:\/\/radioportoseguro.com.br\/site\/wp-content\/uploads\/2026\/02\/3818652765-william-seymour.png","datePublished":"2026-02-26T12:41:45+00:00","author":{"@id":"https:\/\/radioportoseguro.com.br\/site\/#\/schema\/person\/7630acdc320186f13639d3c067ec089b"},"breadcrumb":{"@id":"https:\/\/radioportoseguro.com.br\/site\/2026\/02\/26\/a-pluralidade-do-pentecostalismo-entre-identidade-e-caricaturas\/#breadcrumb"},"inLanguage":"pt-BR","potentialAction":[{"@type":"ReadAction","target":["https:\/\/radioportoseguro.com.br\/site\/2026\/02\/26\/a-pluralidade-do-pentecostalismo-entre-identidade-e-caricaturas\/"]}]},{"@type":"ImageObject","inLanguage":"pt-BR","@id":"https:\/\/radioportoseguro.com.br\/site\/2026\/02\/26\/a-pluralidade-do-pentecostalismo-entre-identidade-e-caricaturas\/#primaryimage","url":"https:\/\/radioportoseguro.com.br\/site\/wp-content\/uploads\/2026\/02\/3818652765-william-seymour.png","contentUrl":"https:\/\/radioportoseguro.com.br\/site\/wp-content\/uploads\/2026\/02\/3818652765-william-seymour.png","width":1200,"height":600},{"@type":"BreadcrumbList","@id":"https:\/\/radioportoseguro.com.br\/site\/2026\/02\/26\/a-pluralidade-do-pentecostalismo-entre-identidade-e-caricaturas\/#breadcrumb","itemListElement":[{"@type":"ListItem","position":1,"name":"In\u00edcio","item":"https:\/\/radioportoseguro.com.br\/site\/"},{"@type":"ListItem","position":2,"name":"A pluralidade do pentecostalismo: Entre identidade e caricaturas"}]},{"@type":"WebSite","@id":"https:\/\/radioportoseguro.com.br\/site\/#website","url":"https:\/\/radioportoseguro.com.br\/site\/","name":"R\u00e1dio Porto Seguro","description":"","potentialAction":[{"@type":"SearchAction","target":{"@type":"EntryPoint","urlTemplate":"https:\/\/radioportoseguro.com.br\/site\/?s={search_term_string}"},"query-input":{"@type":"PropertyValueSpecification","valueRequired":true,"valueName":"search_term_string"}}],"inLanguage":"pt-BR"},{"@type":"Person","@id":"https:\/\/radioportoseguro.com.br\/site\/#\/schema\/person\/7630acdc320186f13639d3c067ec089b","name":"admin","image":{"@type":"ImageObject","inLanguage":"pt-BR","@id":"https:\/\/radioportoseguro.com.br\/site\/#\/schema\/person\/image\/","url":"https:\/\/secure.gravatar.com\/avatar\/caacf4dc1eedb68fab0df8e1ed46c448e578b2466351bbcb61e47d2ac0caaef0?s=96&d=mm&r=g","contentUrl":"https:\/\/secure.gravatar.com\/avatar\/caacf4dc1eedb68fab0df8e1ed46c448e578b2466351bbcb61e47d2ac0caaef0?s=96&d=mm&r=g","caption":"admin"},"sameAs":["https:\/\/radioportoseguro.com.br\/site"],"url":"https:\/\/radioportoseguro.com.br\/site\/author\/hezio\/"}]}},"_links":{"self":[{"href":"https:\/\/radioportoseguro.com.br\/site\/wp-json\/wp\/v2\/posts\/4396","targetHints":{"allow":["GET"]}}],"collection":[{"href":"https:\/\/radioportoseguro.com.br\/site\/wp-json\/wp\/v2\/posts"}],"about":[{"href":"https:\/\/radioportoseguro.com.br\/site\/wp-json\/wp\/v2\/types\/post"}],"author":[{"embeddable":true,"href":"https:\/\/radioportoseguro.com.br\/site\/wp-json\/wp\/v2\/users\/1"}],"replies":[{"embeddable":true,"href":"https:\/\/radioportoseguro.com.br\/site\/wp-json\/wp\/v2\/comments?post=4396"}],"version-history":[{"count":0,"href":"https:\/\/radioportoseguro.com.br\/site\/wp-json\/wp\/v2\/posts\/4396\/revisions"}],"wp:featuredmedia":[{"embeddable":true,"href":"https:\/\/radioportoseguro.com.br\/site\/wp-json\/wp\/v2\/media\/4397"}],"wp:attachment":[{"href":"https:\/\/radioportoseguro.com.br\/site\/wp-json\/wp\/v2\/media?parent=4396"}],"wp:term":[{"taxonomy":"category","embeddable":true,"href":"https:\/\/radioportoseguro.com.br\/site\/wp-json\/wp\/v2\/categories?post=4396"},{"taxonomy":"post_tag","embeddable":true,"href":"https:\/\/radioportoseguro.com.br\/site\/wp-json\/wp\/v2\/tags?post=4396"}],"curies":[{"name":"wp","href":"https:\/\/api.w.org\/{rel}","templated":true}]}}