{"id":4402,"date":"2026-02-26T11:50:13","date_gmt":"2026-02-26T14:50:13","guid":{"rendered":"https:\/\/radioportoseguro.com.br\/site\/2026\/02\/26\/chris-pratt-diz-que-quer-usar-fama-para-ser-luz-quero-levar-deus-as-pessoas\/"},"modified":"2026-02-26T11:50:13","modified_gmt":"2026-02-26T14:50:13","slug":"chris-pratt-diz-que-quer-usar-fama-para-ser-luz-quero-levar-deus-as-pessoas","status":"publish","type":"post","link":"https:\/\/radioportoseguro.com.br\/site\/2026\/02\/26\/chris-pratt-diz-que-quer-usar-fama-para-ser-luz-quero-levar-deus-as-pessoas\/","title":{"rendered":"Chris Pratt diz que quer usar fama para ser luz: \u2018Quero levar Deus \u00e0s pessoas\u2019"},"content":{"rendered":"<p><br \/>\n<br \/><\/p>\n<div>\n<p><span style=\"font-weight: 400;\">O ator <\/span><span style=\"color: #993300;\"><strong>Chris Pratt<\/strong><\/span><span style=\"font-weight: 400;\"> conhecido por seus trabalhos em Hollywood e por declarar publicamente sua f\u00e9 Jesus afirmou que tem um prop\u00f3sito: ser instrumento para aproximar pessoas de Deus.<\/span><\/p>\n<p><span style=\"font-weight: 400;\">Em uma entrevista recente, o ator que frequentemente compartilha sua f\u00e9 nas redes sociais, explicou porque n\u00e3o hesita em falar sobre sua f\u00e9 em p\u00fablico.<\/span><\/p>\n<p><span style=\"font-weight: 400;\">Chris citou o vers\u00edculo b\u00edblico de \u202d\u202dMateus\u202c \u202d5\u202c:\u202d14, que diz: \u201c<\/span><em><span style=\"font-weight: 400;\">Voc\u00eas s\u00e3o a luz do mundo. N\u00e3o se pode esconder uma cidade constru\u00edda sobre um monte<\/span><\/em><span style=\"font-weight: 400;\">\u201d.<\/span><\/p>\n<p><span style=\"font-weight: 400;\">\u201cEstou tentando ser uma luz\u201d, disse ele no podcast Relevant, acrescentando que se sente chamado a usar sua visibilidade para <\/span><span style=\"color: #993300;\"><strong>testemunhar sobre Jesus<\/strong><\/span><span style=\"font-weight: 400;\">.<\/span><\/p>\n<p><span style=\"font-weight: 400;\">\u201cPosso dizer que isso teve um impacto nas pessoas que vieram falar comigo na rua e disseram: &#8216;Ei, \u00e9 muito legal voc\u00ea dizer isso&#8217;\u201d, afirmou ele.<\/span><\/p>\n<blockquote class=\"instagram-media\" style=\"background: #FFF; border: 0; border-radius: 3px; box-shadow: 0 0 1px 0 rgba(0,0,0,0.5),0 1px 10px 0 rgba(0,0,0,0.15); margin: 1px; max-width: 540px; min-width: 326px; padding: 0; width: calc(100% - 2px);\" data-instgrm-permalink=\"https:\/\/www.instagram.com\/reel\/DUG5FgnET_-\/?utm_source=ig_embed&amp;utm_campaign=loading\" data-instgrm-version=\"14\"><p>&#13;<br \/>\n&#13;\n<\/p><\/blockquote>\n<p><span style=\"font-weight: 400;\">Em seguida, ele se referiu a passagem b\u00edblica de Lucas 15 que narra a hist\u00f3ria do pastor que tem 100 ovelhas e busca uma perdida:<\/span><\/p>\n<p><span style=\"font-weight: 400;\">\u201cTalvez eu esteja ajudando algumas das 99, mas tamb\u00e9m espero muito que haja algu\u00e9m por a\u00ed que esteja orando por um sinal, e veja um v\u00eddeo no Instagram e pense: &#8216;Talvez esse seja o sinal&#8217;\u201d.<\/span><\/p>\n<p><span style=\"font-weight: 400;\">E continuou: \u201cAdoro a ideia de que tudo isso foi feito para que eu pudesse ajudar a trazer Deus para a vida das pessoas. Acho que esse seria o melhor resultado poss\u00edvel\u201d.<\/span><\/p>\n<p><span style=\"font-weight: 400;\">\u201cMesmo que eu nunca mais trabalhasse naquilo pelo qual sou conhecido. Isso me faria sentir bem. Eu me sentiria muito bem com isso\u201d, destacou o ator.<\/span><\/p>\n<p><strong>Princ\u00edpio de sabedoria\u00a0<\/strong><\/p>\n<p><span style=\"font-weight: 400;\">Desde que come\u00e7ou a falar publicamente de sua f\u00e9, Chris tem impactado muitas vidas. No entanto, tamb\u00e9m passou a ser criticado por seus posicionamentos crist\u00e3os.<\/span><\/p>\n<p><span style=\"font-weight: 400;\">&#8220;Eu meio que me apoio na sabedoria b\u00edblica de Prov\u00e9rbios 26:20: &#8216;Sem lenha, o fogo se apaga; onde n\u00e3o h\u00e1 quem murmure, cessa a contenda\u2019. Ent\u00e3o, dou tempo ao tempo\u201d, explicou ele.\u00a0<\/span><\/p>\n<p><span style=\"font-weight: 400;\">Por fim, Chris observou que a cultura atual estimula julgamentos r\u00e1pidos e debates acalorados, mas ele procura se manter distante.\u00a0<\/span><\/p>\n<p><span style=\"font-weight: 400;\">\u201cJ\u00e1 houve casos em que precisei me pronunciar, mas, de resto, voc\u00ea precisa se distanciar um pouco e entender \u2014 como diz aquele prov\u00e9rbio \u2014 que n\u00e3o se apaga fogo com gasolina\u201d, concluiu.<\/span><\/p>\n<\/div>\n<p><script async src=\"\/\/www.instagram.com\/embed.js\"><\/script><br \/>\n<br \/><br \/>\n<br \/>Fonte: Guiame <\/p>\n","protected":false},"excerpt":{"rendered":"<p>O ator Chris Pratt conhecido por seus trabalhos em Hollywood e por declarar publicamente sua f\u00e9 Jesus afirmou que tem um prop\u00f3sito: ser instrumento para aproximar pessoas de Deus. Em uma entrevista recente, o ator que frequentemente compartilha sua f\u00e9 nas redes sociais, explicou porque n\u00e3o hesita em falar sobre sua f\u00e9 em p\u00fablico. Chris [&hellip;]<\/p>\n","protected":false},"author":1,"featured_media":4403,"comment_status":"","ping_status":"open","sticky":false,"template":"","format":"standard","meta":{"footnotes":""},"categories":[43],"tags":[],"class_list":["post-4402","post","type-post","status-publish","format-standard","has-post-thumbnail","hentry","category-destaques"],"yoast_head":"<!-- This site is optimized with the Yoast SEO plugin v26.8 - https:\/\/yoast.com\/product\/yoast-seo-wordpress\/ -->\n<title>Chris Pratt diz que quer usar fama para ser luz: \u2018Quero levar Deus \u00e0s pessoas\u2019 - R\u00e1dio Porto Seguro<\/title>\n<meta name=\"robots\" content=\"index, follow, max-snippet:-1, max-image-preview:large, max-video-preview:-1\" \/>\n<link rel=\"canonical\" href=\"https:\/\/radioportoseguro.com.br\/site\/2026\/02\/26\/chris-pratt-diz-que-quer-usar-fama-para-ser-luz-quero-levar-deus-as-pessoas\/\" \/>\n<meta property=\"og:locale\" content=\"pt_BR\" \/>\n<meta property=\"og:type\" content=\"article\" \/>\n<meta property=\"og:title\" content=\"Chris Pratt diz que quer usar fama para ser luz: \u2018Quero levar Deus \u00e0s pessoas\u2019 - R\u00e1dio Porto Seguro\" \/>\n<meta property=\"og:description\" content=\"O ator Chris Pratt conhecido por seus trabalhos em Hollywood e por declarar publicamente sua f\u00e9 Jesus afirmou que tem um prop\u00f3sito: ser instrumento para aproximar pessoas de Deus. Em uma entrevista recente, o ator que frequentemente compartilha sua f\u00e9 nas redes sociais, explicou porque n\u00e3o hesita em falar sobre sua f\u00e9 em p\u00fablico. Chris [&hellip;]\" \/>\n<meta property=\"og:url\" content=\"https:\/\/radioportoseguro.com.br\/site\/2026\/02\/26\/chris-pratt-diz-que-quer-usar-fama-para-ser-luz-quero-levar-deus-as-pessoas\/\" \/>\n<meta property=\"og:site_name\" content=\"R\u00e1dio Porto Seguro\" \/>\n<meta property=\"article:published_time\" content=\"2026-02-26T14:50:13+00:00\" \/>\n<meta property=\"og:image\" content=\"https:\/\/media.guiame.com.br\/archives\/2026\/02\/24\/1610721419-chris-pratt.jpeg\" \/>\n<meta name=\"author\" content=\"admin\" \/>\n<meta name=\"twitter:card\" content=\"summary_large_image\" \/>\n<meta name=\"twitter:label1\" content=\"Escrito por\" \/>\n\t<meta name=\"twitter:data1\" content=\"admin\" \/>\n\t<meta name=\"twitter:label2\" content=\"Est. tempo de leitura\" \/>\n\t<meta name=\"twitter:data2\" content=\"2 minutos\" \/>\n<script type=\"application\/ld+json\" class=\"yoast-schema-graph\">{\"@context\":\"https:\/\/schema.org\",\"@graph\":[{\"@type\":\"Article\",\"@id\":\"https:\/\/radioportoseguro.com.br\/site\/2026\/02\/26\/chris-pratt-diz-que-quer-usar-fama-para-ser-luz-quero-levar-deus-as-pessoas\/#article\",\"isPartOf\":{\"@id\":\"https:\/\/radioportoseguro.com.br\/site\/2026\/02\/26\/chris-pratt-diz-que-quer-usar-fama-para-ser-luz-quero-levar-deus-as-pessoas\/\"},\"author\":{\"name\":\"admin\",\"@id\":\"https:\/\/radioportoseguro.com.br\/site\/#\/schema\/person\/7630acdc320186f13639d3c067ec089b\"},\"headline\":\"Chris Pratt diz que quer usar fama para ser luz: \u2018Quero levar Deus \u00e0s pessoas\u2019\",\"datePublished\":\"2026-02-26T14:50:13+00:00\",\"mainEntityOfPage\":{\"@id\":\"https:\/\/radioportoseguro.com.br\/site\/2026\/02\/26\/chris-pratt-diz-que-quer-usar-fama-para-ser-luz-quero-levar-deus-as-pessoas\/\"},\"wordCount\":397,\"image\":{\"@id\":\"https:\/\/radioportoseguro.com.br\/site\/2026\/02\/26\/chris-pratt-diz-que-quer-usar-fama-para-ser-luz-quero-levar-deus-as-pessoas\/#primaryimage\"},\"thumbnailUrl\":\"https:\/\/radioportoseguro.com.br\/site\/wp-content\/uploads\/2026\/02\/1610721419-chris-pratt.jpeg\",\"articleSection\":[\"Destaques\"],\"inLanguage\":\"pt-BR\"},{\"@type\":\"WebPage\",\"@id\":\"https:\/\/radioportoseguro.com.br\/site\/2026\/02\/26\/chris-pratt-diz-que-quer-usar-fama-para-ser-luz-quero-levar-deus-as-pessoas\/\",\"url\":\"https:\/\/radioportoseguro.com.br\/site\/2026\/02\/26\/chris-pratt-diz-que-quer-usar-fama-para-ser-luz-quero-levar-deus-as-pessoas\/\",\"name\":\"Chris Pratt diz que quer usar fama para ser luz: \u2018Quero levar Deus \u00e0s pessoas\u2019 - R\u00e1dio Porto Seguro\",\"isPartOf\":{\"@id\":\"https:\/\/radioportoseguro.com.br\/site\/#website\"},\"primaryImageOfPage\":{\"@id\":\"https:\/\/radioportoseguro.com.br\/site\/2026\/02\/26\/chris-pratt-diz-que-quer-usar-fama-para-ser-luz-quero-levar-deus-as-pessoas\/#primaryimage\"},\"image\":{\"@id\":\"https:\/\/radioportoseguro.com.br\/site\/2026\/02\/26\/chris-pratt-diz-que-quer-usar-fama-para-ser-luz-quero-levar-deus-as-pessoas\/#primaryimage\"},\"thumbnailUrl\":\"https:\/\/radioportoseguro.com.br\/site\/wp-content\/uploads\/2026\/02\/1610721419-chris-pratt.jpeg\",\"datePublished\":\"2026-02-26T14:50:13+00:00\",\"author\":{\"@id\":\"https:\/\/radioportoseguro.com.br\/site\/#\/schema\/person\/7630acdc320186f13639d3c067ec089b\"},\"breadcrumb\":{\"@id\":\"https:\/\/radioportoseguro.com.br\/site\/2026\/02\/26\/chris-pratt-diz-que-quer-usar-fama-para-ser-luz-quero-levar-deus-as-pessoas\/#breadcrumb\"},\"inLanguage\":\"pt-BR\",\"potentialAction\":[{\"@type\":\"ReadAction\",\"target\":[\"https:\/\/radioportoseguro.com.br\/site\/2026\/02\/26\/chris-pratt-diz-que-quer-usar-fama-para-ser-luz-quero-levar-deus-as-pessoas\/\"]}]},{\"@type\":\"ImageObject\",\"inLanguage\":\"pt-BR\",\"@id\":\"https:\/\/radioportoseguro.com.br\/site\/2026\/02\/26\/chris-pratt-diz-que-quer-usar-fama-para-ser-luz-quero-levar-deus-as-pessoas\/#primaryimage\",\"url\":\"https:\/\/radioportoseguro.com.br\/site\/wp-content\/uploads\/2026\/02\/1610721419-chris-pratt.jpeg\",\"contentUrl\":\"https:\/\/radioportoseguro.com.br\/site\/wp-content\/uploads\/2026\/02\/1610721419-chris-pratt.jpeg\",\"width\":1200,\"height\":600},{\"@type\":\"BreadcrumbList\",\"@id\":\"https:\/\/radioportoseguro.com.br\/site\/2026\/02\/26\/chris-pratt-diz-que-quer-usar-fama-para-ser-luz-quero-levar-deus-as-pessoas\/#breadcrumb\",\"itemListElement\":[{\"@type\":\"ListItem\",\"position\":1,\"name\":\"In\u00edcio\",\"item\":\"https:\/\/radioportoseguro.com.br\/site\/\"},{\"@type\":\"ListItem\",\"position\":2,\"name\":\"Chris Pratt diz que quer usar fama para ser luz: \u2018Quero levar Deus \u00e0s pessoas\u2019\"}]},{\"@type\":\"WebSite\",\"@id\":\"https:\/\/radioportoseguro.com.br\/site\/#website\",\"url\":\"https:\/\/radioportoseguro.com.br\/site\/\",\"name\":\"R\u00e1dio Porto Seguro\",\"description\":\"\",\"potentialAction\":[{\"@type\":\"SearchAction\",\"target\":{\"@type\":\"EntryPoint\",\"urlTemplate\":\"https:\/\/radioportoseguro.com.br\/site\/?s={search_term_string}\"},\"query-input\":{\"@type\":\"PropertyValueSpecification\",\"valueRequired\":true,\"valueName\":\"search_term_string\"}}],\"inLanguage\":\"pt-BR\"},{\"@type\":\"Person\",\"@id\":\"https:\/\/radioportoseguro.com.br\/site\/#\/schema\/person\/7630acdc320186f13639d3c067ec089b\",\"name\":\"admin\",\"image\":{\"@type\":\"ImageObject\",\"inLanguage\":\"pt-BR\",\"@id\":\"https:\/\/radioportoseguro.com.br\/site\/#\/schema\/person\/image\/\",\"url\":\"https:\/\/secure.gravatar.com\/avatar\/caacf4dc1eedb68fab0df8e1ed46c448e578b2466351bbcb61e47d2ac0caaef0?s=96&d=mm&r=g\",\"contentUrl\":\"https:\/\/secure.gravatar.com\/avatar\/caacf4dc1eedb68fab0df8e1ed46c448e578b2466351bbcb61e47d2ac0caaef0?s=96&d=mm&r=g\",\"caption\":\"admin\"},\"sameAs\":[\"https:\/\/radioportoseguro.com.br\/site\"],\"url\":\"https:\/\/radioportoseguro.com.br\/site\/author\/hezio\/\"}]}<\/script>\n<!-- \/ Yoast SEO plugin. -->","yoast_head_json":{"title":"Chris Pratt diz que quer usar fama para ser luz: \u2018Quero levar Deus \u00e0s pessoas\u2019 - R\u00e1dio Porto Seguro","robots":{"index":"index","follow":"follow","max-snippet":"max-snippet:-1","max-image-preview":"max-image-preview:large","max-video-preview":"max-video-preview:-1"},"canonical":"https:\/\/radioportoseguro.com.br\/site\/2026\/02\/26\/chris-pratt-diz-que-quer-usar-fama-para-ser-luz-quero-levar-deus-as-pessoas\/","og_locale":"pt_BR","og_type":"article","og_title":"Chris Pratt diz que quer usar fama para ser luz: \u2018Quero levar Deus \u00e0s pessoas\u2019 - R\u00e1dio Porto Seguro","og_description":"O ator Chris Pratt conhecido por seus trabalhos em Hollywood e por declarar publicamente sua f\u00e9 Jesus afirmou que tem um prop\u00f3sito: ser instrumento para aproximar pessoas de Deus. Em uma entrevista recente, o ator que frequentemente compartilha sua f\u00e9 nas redes sociais, explicou porque n\u00e3o hesita em falar sobre sua f\u00e9 em p\u00fablico. Chris [&hellip;]","og_url":"https:\/\/radioportoseguro.com.br\/site\/2026\/02\/26\/chris-pratt-diz-que-quer-usar-fama-para-ser-luz-quero-levar-deus-as-pessoas\/","og_site_name":"R\u00e1dio Porto Seguro","article_published_time":"2026-02-26T14:50:13+00:00","og_image":[{"url":"https:\/\/media.guiame.com.br\/archives\/2026\/02\/24\/1610721419-chris-pratt.jpeg","type":"","width":"","height":""}],"author":"admin","twitter_card":"summary_large_image","twitter_misc":{"Escrito por":"admin","Est. tempo de leitura":"2 minutos"},"schema":{"@context":"https:\/\/schema.org","@graph":[{"@type":"Article","@id":"https:\/\/radioportoseguro.com.br\/site\/2026\/02\/26\/chris-pratt-diz-que-quer-usar-fama-para-ser-luz-quero-levar-deus-as-pessoas\/#article","isPartOf":{"@id":"https:\/\/radioportoseguro.com.br\/site\/2026\/02\/26\/chris-pratt-diz-que-quer-usar-fama-para-ser-luz-quero-levar-deus-as-pessoas\/"},"author":{"name":"admin","@id":"https:\/\/radioportoseguro.com.br\/site\/#\/schema\/person\/7630acdc320186f13639d3c067ec089b"},"headline":"Chris Pratt diz que quer usar fama para ser luz: \u2018Quero levar Deus \u00e0s pessoas\u2019","datePublished":"2026-02-26T14:50:13+00:00","mainEntityOfPage":{"@id":"https:\/\/radioportoseguro.com.br\/site\/2026\/02\/26\/chris-pratt-diz-que-quer-usar-fama-para-ser-luz-quero-levar-deus-as-pessoas\/"},"wordCount":397,"image":{"@id":"https:\/\/radioportoseguro.com.br\/site\/2026\/02\/26\/chris-pratt-diz-que-quer-usar-fama-para-ser-luz-quero-levar-deus-as-pessoas\/#primaryimage"},"thumbnailUrl":"https:\/\/radioportoseguro.com.br\/site\/wp-content\/uploads\/2026\/02\/1610721419-chris-pratt.jpeg","articleSection":["Destaques"],"inLanguage":"pt-BR"},{"@type":"WebPage","@id":"https:\/\/radioportoseguro.com.br\/site\/2026\/02\/26\/chris-pratt-diz-que-quer-usar-fama-para-ser-luz-quero-levar-deus-as-pessoas\/","url":"https:\/\/radioportoseguro.com.br\/site\/2026\/02\/26\/chris-pratt-diz-que-quer-usar-fama-para-ser-luz-quero-levar-deus-as-pessoas\/","name":"Chris Pratt diz que quer usar fama para ser luz: \u2018Quero levar Deus \u00e0s pessoas\u2019 - R\u00e1dio Porto Seguro","isPartOf":{"@id":"https:\/\/radioportoseguro.com.br\/site\/#website"},"primaryImageOfPage":{"@id":"https:\/\/radioportoseguro.com.br\/site\/2026\/02\/26\/chris-pratt-diz-que-quer-usar-fama-para-ser-luz-quero-levar-deus-as-pessoas\/#primaryimage"},"image":{"@id":"https:\/\/radioportoseguro.com.br\/site\/2026\/02\/26\/chris-pratt-diz-que-quer-usar-fama-para-ser-luz-quero-levar-deus-as-pessoas\/#primaryimage"},"thumbnailUrl":"https:\/\/radioportoseguro.com.br\/site\/wp-content\/uploads\/2026\/02\/1610721419-chris-pratt.jpeg","datePublished":"2026-02-26T14:50:13+00:00","author":{"@id":"https:\/\/radioportoseguro.com.br\/site\/#\/schema\/person\/7630acdc320186f13639d3c067ec089b"},"breadcrumb":{"@id":"https:\/\/radioportoseguro.com.br\/site\/2026\/02\/26\/chris-pratt-diz-que-quer-usar-fama-para-ser-luz-quero-levar-deus-as-pessoas\/#breadcrumb"},"inLanguage":"pt-BR","potentialAction":[{"@type":"ReadAction","target":["https:\/\/radioportoseguro.com.br\/site\/2026\/02\/26\/chris-pratt-diz-que-quer-usar-fama-para-ser-luz-quero-levar-deus-as-pessoas\/"]}]},{"@type":"ImageObject","inLanguage":"pt-BR","@id":"https:\/\/radioportoseguro.com.br\/site\/2026\/02\/26\/chris-pratt-diz-que-quer-usar-fama-para-ser-luz-quero-levar-deus-as-pessoas\/#primaryimage","url":"https:\/\/radioportoseguro.com.br\/site\/wp-content\/uploads\/2026\/02\/1610721419-chris-pratt.jpeg","contentUrl":"https:\/\/radioportoseguro.com.br\/site\/wp-content\/uploads\/2026\/02\/1610721419-chris-pratt.jpeg","width":1200,"height":600},{"@type":"BreadcrumbList","@id":"https:\/\/radioportoseguro.com.br\/site\/2026\/02\/26\/chris-pratt-diz-que-quer-usar-fama-para-ser-luz-quero-levar-deus-as-pessoas\/#breadcrumb","itemListElement":[{"@type":"ListItem","position":1,"name":"In\u00edcio","item":"https:\/\/radioportoseguro.com.br\/site\/"},{"@type":"ListItem","position":2,"name":"Chris Pratt diz que quer usar fama para ser luz: \u2018Quero levar Deus \u00e0s pessoas\u2019"}]},{"@type":"WebSite","@id":"https:\/\/radioportoseguro.com.br\/site\/#website","url":"https:\/\/radioportoseguro.com.br\/site\/","name":"R\u00e1dio Porto Seguro","description":"","potentialAction":[{"@type":"SearchAction","target":{"@type":"EntryPoint","urlTemplate":"https:\/\/radioportoseguro.com.br\/site\/?s={search_term_string}"},"query-input":{"@type":"PropertyValueSpecification","valueRequired":true,"valueName":"search_term_string"}}],"inLanguage":"pt-BR"},{"@type":"Person","@id":"https:\/\/radioportoseguro.com.br\/site\/#\/schema\/person\/7630acdc320186f13639d3c067ec089b","name":"admin","image":{"@type":"ImageObject","inLanguage":"pt-BR","@id":"https:\/\/radioportoseguro.com.br\/site\/#\/schema\/person\/image\/","url":"https:\/\/secure.gravatar.com\/avatar\/caacf4dc1eedb68fab0df8e1ed46c448e578b2466351bbcb61e47d2ac0caaef0?s=96&d=mm&r=g","contentUrl":"https:\/\/secure.gravatar.com\/avatar\/caacf4dc1eedb68fab0df8e1ed46c448e578b2466351bbcb61e47d2ac0caaef0?s=96&d=mm&r=g","caption":"admin"},"sameAs":["https:\/\/radioportoseguro.com.br\/site"],"url":"https:\/\/radioportoseguro.com.br\/site\/author\/hezio\/"}]}},"_links":{"self":[{"href":"https:\/\/radioportoseguro.com.br\/site\/wp-json\/wp\/v2\/posts\/4402","targetHints":{"allow":["GET"]}}],"collection":[{"href":"https:\/\/radioportoseguro.com.br\/site\/wp-json\/wp\/v2\/posts"}],"about":[{"href":"https:\/\/radioportoseguro.com.br\/site\/wp-json\/wp\/v2\/types\/post"}],"author":[{"embeddable":true,"href":"https:\/\/radioportoseguro.com.br\/site\/wp-json\/wp\/v2\/users\/1"}],"replies":[{"embeddable":true,"href":"https:\/\/radioportoseguro.com.br\/site\/wp-json\/wp\/v2\/comments?post=4402"}],"version-history":[{"count":0,"href":"https:\/\/radioportoseguro.com.br\/site\/wp-json\/wp\/v2\/posts\/4402\/revisions"}],"wp:featuredmedia":[{"embeddable":true,"href":"https:\/\/radioportoseguro.com.br\/site\/wp-json\/wp\/v2\/media\/4403"}],"wp:attachment":[{"href":"https:\/\/radioportoseguro.com.br\/site\/wp-json\/wp\/v2\/media?parent=4402"}],"wp:term":[{"taxonomy":"category","embeddable":true,"href":"https:\/\/radioportoseguro.com.br\/site\/wp-json\/wp\/v2\/categories?post=4402"},{"taxonomy":"post_tag","embeddable":true,"href":"https:\/\/radioportoseguro.com.br\/site\/wp-json\/wp\/v2\/tags?post=4402"}],"curies":[{"name":"wp","href":"https:\/\/api.w.org\/{rel}","templated":true}]}}