{"id":4404,"date":"2026-02-26T13:51:46","date_gmt":"2026-02-26T16:51:46","guid":{"rendered":"https:\/\/radioportoseguro.com.br\/site\/2026\/02\/26\/perseguicao-no-iemen-leva-cristao-a-decorar-versiculos-e-virar-biblia-ambulante\/"},"modified":"2026-02-26T13:51:46","modified_gmt":"2026-02-26T16:51:46","slug":"perseguicao-no-iemen-leva-cristao-a-decorar-versiculos-e-virar-biblia-ambulante","status":"publish","type":"post","link":"https:\/\/radioportoseguro.com.br\/site\/2026\/02\/26\/perseguicao-no-iemen-leva-cristao-a-decorar-versiculos-e-virar-biblia-ambulante\/","title":{"rendered":"Persegui\u00e7\u00e3o no I\u00eamen leva crist\u00e3o a decorar vers\u00edculos e virar \u201cB\u00edblia ambulante\u201d"},"content":{"rendered":"<p><br \/>\n<br \/><\/p>\n<div>\n<p>Em um dos pa\u00edses mais perigosos do mundo para quem decide seguir a f\u00e9 crist\u00e3, um l\u00edder convertido decidiu se preparar para a pris\u00e3o de uma forma incomum: memorizando a B\u00edblia.<\/p>\n<p>No I\u00eamen, onde a convers\u00e3o do islamismo pode trazer graves consequ\u00eancias, o crist\u00e3o conhecido como Majed* passou a decorar <span style=\"color: #800000;\"><strong>vers\u00edculos da B\u00edblia<\/strong><\/span> com o objetivo de continuar compartilhando o Evangelho mesmo se fosse detido.<\/p>\n<p>A igreja no I\u00eamen est\u00e1 enfrentando uma repress\u00e3o sem precedentes, com mais de 50 crentes presos nos \u00faltimos meses \u2013 incluindo Majed, que se preparou para sua pris\u00e3o inevit\u00e1vel.<\/p>\n<p>Segundo relatos de organiza\u00e7\u00f5es que acompanham a persegui\u00e7\u00e3o religiosa no pa\u00eds, Majed dizia que desejava se tornar uma \u201cB\u00edblia ambulante\u201d, pois sabia que seria preso.<\/p>\n<p>\u201cEu tamb\u00e9m serei levado, havia ve\u00edculos com agentes perguntando sobre mim apenas alguns dias atr\u00e1s\u201d, disse Majed aos parceiros locais da Open Doors no final do ano passado, quando a repress\u00e3o come\u00e7ou. Foi o \u00faltimo contato feito com ele.<\/p>\n<p>A express\u00e3o refletia seu prop\u00f3sito de guardar as Escrituras na mem\u00f3ria para poder cit\u00e1-las em qualquer circunst\u00e2ncia, inclusive dentro da pris\u00e3o, onde dificilmente teria acesso a um exemplar da B\u00edblia.<\/p>\n<p>\u201cSim, \u00e9 uma \u00e9poca dif\u00edcil que n\u00f3s, como igreja, estamos passando, mas somos filhos do Rei dos Reis. Jesus nos disse que neste mundo teremos problemas, mas Ele tamb\u00e9m nos prometeu a vit\u00f3ria nEle, e \u00e9 isso que nos mant\u00e9m, e eu inclu\u00eddo, indo\u201d, disse.<\/p>\n<p>Para Majed, isso inclu\u00eda a prepara\u00e7\u00e3o para o inevit\u00e1vel.<\/p>\n<p>\u201cEu sei que est\u00e1 chegando. Enquanto isso, estou tentando memorizar tantas passagens e vers\u00edculos da B\u00edblia quanto poss\u00edvel. Quero ser uma B\u00edblia ambulante, para que, onde quer que eu seja levado, eu possa compartilhar sobre Jesus. Que possamos ser espelhos de nosso Salvador, na maneira como falamos e agimos.\u201d<\/p>\n<p><strong>Repress\u00e3o crescente<\/strong><\/p>\n<p>A decis\u00e3o n\u00e3o era exagero. L\u00edderes crist\u00e3os locais j\u00e1 alertavam para uma crescente repress\u00e3o contra convertidos.<\/p>\n<p>Nas \u00faltimas semanas, dezenas de crist\u00e3os foram presos ou desapareceram ap\u00f3s opera\u00e7\u00f5es realizadas principalmente por autoridades ligadas ao <span style=\"color: #800000;\"><strong>grupo terrorista Houthi<\/strong><\/span>.<\/p>\n<p>Muitos s\u00e3o levados para locais desconhecidos e mantidos sem comunica\u00e7\u00e3o com familiares ou advogados.<\/p>\n<p>De acordo com relatos divulgados por minist\u00e9rios que apoiam a igreja perseguida, Majed j\u00e1 previa que poderia ser detido a qualquer momento. Ainda assim, decidiu permanecer no pa\u00eds.<\/p>\n<p>Em conversas com outros crist\u00e3os, ele afirmou que poderia deixar o I\u00eamen para viver com mais seguran\u00e7a, mas escolheu ficar.<\/p>\n<p>\u201cSe todos sa\u00edrem, quem ficar\u00e1?\u201d, teria dito ao explicar sua decis\u00e3o.<\/p>\n<p><strong>Dores e torturas<\/strong><\/p>\n<p>Em conversa com entidades crist\u00e3s locais, Majed explicou os desafios vividos por aqueles que se encontravam na pris\u00e3o \u2013 o que ele provavelmente tamb\u00e9m enfrentaria:<\/p>\n<p>\u201cAs pessoas que conhe\u00e7o muito bem est\u00e3o atualmente com dor, provavelmente sendo torturadas. Alguns tamb\u00e9m est\u00e3o assustados, sentados nas celas escuras da pris\u00e3o. No meu pa\u00eds, especialmente nesta regi\u00e3o [uma \u00e1rea controlada por Houthi], quando algu\u00e9m \u00e9 levado, eles podem desaparecer por meses \u2013 tr\u00eas, oito ou at\u00e9 mais \u2013 e podemos n\u00e3o saber nada sobre eles at\u00e9 que eles sejam libertados.\u201d<\/p>\n<p>Mesmo ap\u00f3s ser capturado, a paix\u00e3o de Majed pelo <span style=\"color: #800000;\"><strong>Evangelho<\/strong><\/span> e por sua na\u00e7\u00e3o permanece intacta, espelhando a extraordin\u00e1ria coragem de crist\u00e3os iemenitas em meio ao aumento da hostilidade.<\/p>\n<p>\u201cDeus nos chamou para sermos sal e luz, \u00e9 isso que eu oro para que eu possa ser\u201d, disse ele.<\/p>\n<p>\u201cQue Deus me use. Assim como Ele estava com Paulo e Silas na pris\u00e3o em Filipos, eu sei que Ele estar\u00e1 comigo. E se Ele est\u00e1 comigo, quem pode ser contra mim? Eles podem matar o corpo, sim, mas eu oro para que o minist\u00e9rio n\u00e3o pare, precisamos que o I\u00eamen seja para Cristo. Que Ele reine sobre o meu pa\u00eds.\u201d<\/p>\n<p>\u201cQue Deus intervenha, em meio aos problemas e \u00e0 dor, e que Ele nos conforte. Mesmo quando somos apanhados, oramos para que o trabalho continue. Pe\u00e7a a Deus para levantar outros que continuar\u00e3o compartilhando Sua luz com o povo iemenita, aqueles que vivem no escuro, eles merecem conhec\u00ea-Lo.\u201d<\/p>\n<p><strong>Conflitos pol\u00edticos e religiosos<\/strong><\/p>\n<p>O gesto revela o cen\u00e1rio enfrentado pelos crist\u00e3os iemenitas. Em uma sociedade majoritariamente mu\u00e7ulmana e profundamente marcada por conflitos pol\u00edticos e religiosos, a <span style=\"color: #800000;\"><strong>f\u00e9 crist\u00e3 costuma ser vivida em segredo<\/strong><\/span>.<\/p>\n<p>Reuni\u00f5es, discipulados e momentos de ora\u00e7\u00e3o frequentemente acontecem de forma clandestina para evitar repres\u00e1lias.<\/p>\n<p>Apesar da press\u00e3o crescente, l\u00edderes crist\u00e3os afirmam que o n\u00famero de pessoas interessadas no cristianismo continua aumentando no pa\u00eds.<\/p>\n<p>Paradoxalmente, esse crescimento \u00e9 apontado como uma das raz\u00f5es para a intensifica\u00e7\u00e3o das a\u00e7\u00f5es contra os convertidos.<\/p>\n<p>Organiza\u00e7\u00f5es internacionais classificam o I\u00eamen entre os lugares mais hostis para crist\u00e3os no mundo, especialmente para aqueles que abandonaram o islamismo.<\/p>\n<p>Ainda assim, hist\u00f3rias como a de Majed revelam a determina\u00e7\u00e3o de muitos em manter a f\u00e9 mesmo diante do risco.<\/p>\n<p>Enquanto seu paradeiro permanece incerto ap\u00f3s a recente onda de deten\u00e7\u00f5es, o testemunho do crist\u00e3o que desejava se tornar uma \u201cB\u00edblia ambulante\u201d continua circulando entre comunidades crist\u00e3s ao redor do mundo como s\u00edmbolo de coragem e perseveran\u00e7a.<\/p>\n<p>*Nome fict\u00edcio por motivo de seguran\u00e7a.<\/p>\n<\/div>\n<p><br \/>\n<br \/>Fonte: Guiame <\/p>\n","protected":false},"excerpt":{"rendered":"<p>Em um dos pa\u00edses mais perigosos do mundo para quem decide seguir a f\u00e9 crist\u00e3, um l\u00edder convertido decidiu se preparar para a pris\u00e3o de uma forma incomum: memorizando a B\u00edblia. No I\u00eamen, onde a convers\u00e3o do islamismo pode trazer graves consequ\u00eancias, o crist\u00e3o conhecido como Majed* passou a decorar vers\u00edculos da B\u00edblia com o [&hellip;]<\/p>\n","protected":false},"author":1,"featured_media":4405,"comment_status":"","ping_status":"open","sticky":false,"template":"","format":"standard","meta":{"footnotes":""},"categories":[43],"tags":[],"class_list":["post-4404","post","type-post","status-publish","format-standard","has-post-thumbnail","hentry","category-destaques"],"yoast_head":"<!-- This site is optimized with the Yoast SEO plugin v26.8 - https:\/\/yoast.com\/product\/yoast-seo-wordpress\/ -->\n<title>Persegui\u00e7\u00e3o no I\u00eamen leva crist\u00e3o a decorar vers\u00edculos e virar \u201cB\u00edblia ambulante\u201d - R\u00e1dio Porto Seguro<\/title>\n<meta name=\"robots\" content=\"index, follow, max-snippet:-1, max-image-preview:large, max-video-preview:-1\" \/>\n<link rel=\"canonical\" href=\"https:\/\/radioportoseguro.com.br\/site\/2026\/02\/26\/perseguicao-no-iemen-leva-cristao-a-decorar-versiculos-e-virar-biblia-ambulante\/\" \/>\n<meta property=\"og:locale\" content=\"pt_BR\" \/>\n<meta property=\"og:type\" content=\"article\" \/>\n<meta property=\"og:title\" content=\"Persegui\u00e7\u00e3o no I\u00eamen leva crist\u00e3o a decorar vers\u00edculos e virar \u201cB\u00edblia ambulante\u201d - R\u00e1dio Porto Seguro\" \/>\n<meta property=\"og:description\" content=\"Em um dos pa\u00edses mais perigosos do mundo para quem decide seguir a f\u00e9 crist\u00e3, um l\u00edder convertido decidiu se preparar para a pris\u00e3o de uma forma incomum: memorizando a B\u00edblia. No I\u00eamen, onde a convers\u00e3o do islamismo pode trazer graves consequ\u00eancias, o crist\u00e3o conhecido como Majed* passou a decorar vers\u00edculos da B\u00edblia com o [&hellip;]\" \/>\n<meta property=\"og:url\" content=\"https:\/\/radioportoseguro.com.br\/site\/2026\/02\/26\/perseguicao-no-iemen-leva-cristao-a-decorar-versiculos-e-virar-biblia-ambulante\/\" \/>\n<meta property=\"og:site_name\" content=\"R\u00e1dio Porto Seguro\" \/>\n<meta property=\"article:published_time\" content=\"2026-02-26T16:51:46+00:00\" \/>\n<meta property=\"og:image\" content=\"https:\/\/media.guiame.com.br\/archives\/2026\/02\/24\/547660756-cristao-iemen.png\" \/>\n<meta name=\"author\" content=\"admin\" \/>\n<meta name=\"twitter:card\" content=\"summary_large_image\" \/>\n<meta name=\"twitter:label1\" content=\"Escrito por\" \/>\n\t<meta name=\"twitter:data1\" content=\"admin\" \/>\n\t<meta name=\"twitter:label2\" content=\"Est. tempo de leitura\" \/>\n\t<meta name=\"twitter:data2\" content=\"5 minutos\" \/>\n<script type=\"application\/ld+json\" class=\"yoast-schema-graph\">{\"@context\":\"https:\/\/schema.org\",\"@graph\":[{\"@type\":\"Article\",\"@id\":\"https:\/\/radioportoseguro.com.br\/site\/2026\/02\/26\/perseguicao-no-iemen-leva-cristao-a-decorar-versiculos-e-virar-biblia-ambulante\/#article\",\"isPartOf\":{\"@id\":\"https:\/\/radioportoseguro.com.br\/site\/2026\/02\/26\/perseguicao-no-iemen-leva-cristao-a-decorar-versiculos-e-virar-biblia-ambulante\/\"},\"author\":{\"name\":\"admin\",\"@id\":\"https:\/\/radioportoseguro.com.br\/site\/#\/schema\/person\/7630acdc320186f13639d3c067ec089b\"},\"headline\":\"Persegui\u00e7\u00e3o no I\u00eamen leva crist\u00e3o a decorar vers\u00edculos e virar \u201cB\u00edblia ambulante\u201d\",\"datePublished\":\"2026-02-26T16:51:46+00:00\",\"mainEntityOfPage\":{\"@id\":\"https:\/\/radioportoseguro.com.br\/site\/2026\/02\/26\/perseguicao-no-iemen-leva-cristao-a-decorar-versiculos-e-virar-biblia-ambulante\/\"},\"wordCount\":946,\"image\":{\"@id\":\"https:\/\/radioportoseguro.com.br\/site\/2026\/02\/26\/perseguicao-no-iemen-leva-cristao-a-decorar-versiculos-e-virar-biblia-ambulante\/#primaryimage\"},\"thumbnailUrl\":\"https:\/\/radioportoseguro.com.br\/site\/wp-content\/uploads\/2026\/02\/547660756-cristao-iemen.png\",\"articleSection\":[\"Destaques\"],\"inLanguage\":\"pt-BR\"},{\"@type\":\"WebPage\",\"@id\":\"https:\/\/radioportoseguro.com.br\/site\/2026\/02\/26\/perseguicao-no-iemen-leva-cristao-a-decorar-versiculos-e-virar-biblia-ambulante\/\",\"url\":\"https:\/\/radioportoseguro.com.br\/site\/2026\/02\/26\/perseguicao-no-iemen-leva-cristao-a-decorar-versiculos-e-virar-biblia-ambulante\/\",\"name\":\"Persegui\u00e7\u00e3o no I\u00eamen leva crist\u00e3o a decorar vers\u00edculos e virar \u201cB\u00edblia ambulante\u201d - R\u00e1dio Porto Seguro\",\"isPartOf\":{\"@id\":\"https:\/\/radioportoseguro.com.br\/site\/#website\"},\"primaryImageOfPage\":{\"@id\":\"https:\/\/radioportoseguro.com.br\/site\/2026\/02\/26\/perseguicao-no-iemen-leva-cristao-a-decorar-versiculos-e-virar-biblia-ambulante\/#primaryimage\"},\"image\":{\"@id\":\"https:\/\/radioportoseguro.com.br\/site\/2026\/02\/26\/perseguicao-no-iemen-leva-cristao-a-decorar-versiculos-e-virar-biblia-ambulante\/#primaryimage\"},\"thumbnailUrl\":\"https:\/\/radioportoseguro.com.br\/site\/wp-content\/uploads\/2026\/02\/547660756-cristao-iemen.png\",\"datePublished\":\"2026-02-26T16:51:46+00:00\",\"author\":{\"@id\":\"https:\/\/radioportoseguro.com.br\/site\/#\/schema\/person\/7630acdc320186f13639d3c067ec089b\"},\"breadcrumb\":{\"@id\":\"https:\/\/radioportoseguro.com.br\/site\/2026\/02\/26\/perseguicao-no-iemen-leva-cristao-a-decorar-versiculos-e-virar-biblia-ambulante\/#breadcrumb\"},\"inLanguage\":\"pt-BR\",\"potentialAction\":[{\"@type\":\"ReadAction\",\"target\":[\"https:\/\/radioportoseguro.com.br\/site\/2026\/02\/26\/perseguicao-no-iemen-leva-cristao-a-decorar-versiculos-e-virar-biblia-ambulante\/\"]}]},{\"@type\":\"ImageObject\",\"inLanguage\":\"pt-BR\",\"@id\":\"https:\/\/radioportoseguro.com.br\/site\/2026\/02\/26\/perseguicao-no-iemen-leva-cristao-a-decorar-versiculos-e-virar-biblia-ambulante\/#primaryimage\",\"url\":\"https:\/\/radioportoseguro.com.br\/site\/wp-content\/uploads\/2026\/02\/547660756-cristao-iemen.png\",\"contentUrl\":\"https:\/\/radioportoseguro.com.br\/site\/wp-content\/uploads\/2026\/02\/547660756-cristao-iemen.png\",\"width\":1200,\"height\":600},{\"@type\":\"BreadcrumbList\",\"@id\":\"https:\/\/radioportoseguro.com.br\/site\/2026\/02\/26\/perseguicao-no-iemen-leva-cristao-a-decorar-versiculos-e-virar-biblia-ambulante\/#breadcrumb\",\"itemListElement\":[{\"@type\":\"ListItem\",\"position\":1,\"name\":\"In\u00edcio\",\"item\":\"https:\/\/radioportoseguro.com.br\/site\/\"},{\"@type\":\"ListItem\",\"position\":2,\"name\":\"Persegui\u00e7\u00e3o no I\u00eamen leva crist\u00e3o a decorar vers\u00edculos e virar \u201cB\u00edblia ambulante\u201d\"}]},{\"@type\":\"WebSite\",\"@id\":\"https:\/\/radioportoseguro.com.br\/site\/#website\",\"url\":\"https:\/\/radioportoseguro.com.br\/site\/\",\"name\":\"R\u00e1dio Porto Seguro\",\"description\":\"\",\"potentialAction\":[{\"@type\":\"SearchAction\",\"target\":{\"@type\":\"EntryPoint\",\"urlTemplate\":\"https:\/\/radioportoseguro.com.br\/site\/?s={search_term_string}\"},\"query-input\":{\"@type\":\"PropertyValueSpecification\",\"valueRequired\":true,\"valueName\":\"search_term_string\"}}],\"inLanguage\":\"pt-BR\"},{\"@type\":\"Person\",\"@id\":\"https:\/\/radioportoseguro.com.br\/site\/#\/schema\/person\/7630acdc320186f13639d3c067ec089b\",\"name\":\"admin\",\"image\":{\"@type\":\"ImageObject\",\"inLanguage\":\"pt-BR\",\"@id\":\"https:\/\/radioportoseguro.com.br\/site\/#\/schema\/person\/image\/\",\"url\":\"https:\/\/secure.gravatar.com\/avatar\/caacf4dc1eedb68fab0df8e1ed46c448e578b2466351bbcb61e47d2ac0caaef0?s=96&d=mm&r=g\",\"contentUrl\":\"https:\/\/secure.gravatar.com\/avatar\/caacf4dc1eedb68fab0df8e1ed46c448e578b2466351bbcb61e47d2ac0caaef0?s=96&d=mm&r=g\",\"caption\":\"admin\"},\"sameAs\":[\"https:\/\/radioportoseguro.com.br\/site\"],\"url\":\"https:\/\/radioportoseguro.com.br\/site\/author\/hezio\/\"}]}<\/script>\n<!-- \/ Yoast SEO plugin. -->","yoast_head_json":{"title":"Persegui\u00e7\u00e3o no I\u00eamen leva crist\u00e3o a decorar vers\u00edculos e virar \u201cB\u00edblia ambulante\u201d - R\u00e1dio Porto Seguro","robots":{"index":"index","follow":"follow","max-snippet":"max-snippet:-1","max-image-preview":"max-image-preview:large","max-video-preview":"max-video-preview:-1"},"canonical":"https:\/\/radioportoseguro.com.br\/site\/2026\/02\/26\/perseguicao-no-iemen-leva-cristao-a-decorar-versiculos-e-virar-biblia-ambulante\/","og_locale":"pt_BR","og_type":"article","og_title":"Persegui\u00e7\u00e3o no I\u00eamen leva crist\u00e3o a decorar vers\u00edculos e virar \u201cB\u00edblia ambulante\u201d - R\u00e1dio Porto Seguro","og_description":"Em um dos pa\u00edses mais perigosos do mundo para quem decide seguir a f\u00e9 crist\u00e3, um l\u00edder convertido decidiu se preparar para a pris\u00e3o de uma forma incomum: memorizando a B\u00edblia. No I\u00eamen, onde a convers\u00e3o do islamismo pode trazer graves consequ\u00eancias, o crist\u00e3o conhecido como Majed* passou a decorar vers\u00edculos da B\u00edblia com o [&hellip;]","og_url":"https:\/\/radioportoseguro.com.br\/site\/2026\/02\/26\/perseguicao-no-iemen-leva-cristao-a-decorar-versiculos-e-virar-biblia-ambulante\/","og_site_name":"R\u00e1dio Porto Seguro","article_published_time":"2026-02-26T16:51:46+00:00","og_image":[{"url":"https:\/\/media.guiame.com.br\/archives\/2026\/02\/24\/547660756-cristao-iemen.png","type":"","width":"","height":""}],"author":"admin","twitter_card":"summary_large_image","twitter_misc":{"Escrito por":"admin","Est. tempo de leitura":"5 minutos"},"schema":{"@context":"https:\/\/schema.org","@graph":[{"@type":"Article","@id":"https:\/\/radioportoseguro.com.br\/site\/2026\/02\/26\/perseguicao-no-iemen-leva-cristao-a-decorar-versiculos-e-virar-biblia-ambulante\/#article","isPartOf":{"@id":"https:\/\/radioportoseguro.com.br\/site\/2026\/02\/26\/perseguicao-no-iemen-leva-cristao-a-decorar-versiculos-e-virar-biblia-ambulante\/"},"author":{"name":"admin","@id":"https:\/\/radioportoseguro.com.br\/site\/#\/schema\/person\/7630acdc320186f13639d3c067ec089b"},"headline":"Persegui\u00e7\u00e3o no I\u00eamen leva crist\u00e3o a decorar vers\u00edculos e virar \u201cB\u00edblia ambulante\u201d","datePublished":"2026-02-26T16:51:46+00:00","mainEntityOfPage":{"@id":"https:\/\/radioportoseguro.com.br\/site\/2026\/02\/26\/perseguicao-no-iemen-leva-cristao-a-decorar-versiculos-e-virar-biblia-ambulante\/"},"wordCount":946,"image":{"@id":"https:\/\/radioportoseguro.com.br\/site\/2026\/02\/26\/perseguicao-no-iemen-leva-cristao-a-decorar-versiculos-e-virar-biblia-ambulante\/#primaryimage"},"thumbnailUrl":"https:\/\/radioportoseguro.com.br\/site\/wp-content\/uploads\/2026\/02\/547660756-cristao-iemen.png","articleSection":["Destaques"],"inLanguage":"pt-BR"},{"@type":"WebPage","@id":"https:\/\/radioportoseguro.com.br\/site\/2026\/02\/26\/perseguicao-no-iemen-leva-cristao-a-decorar-versiculos-e-virar-biblia-ambulante\/","url":"https:\/\/radioportoseguro.com.br\/site\/2026\/02\/26\/perseguicao-no-iemen-leva-cristao-a-decorar-versiculos-e-virar-biblia-ambulante\/","name":"Persegui\u00e7\u00e3o no I\u00eamen leva crist\u00e3o a decorar vers\u00edculos e virar \u201cB\u00edblia ambulante\u201d - R\u00e1dio Porto Seguro","isPartOf":{"@id":"https:\/\/radioportoseguro.com.br\/site\/#website"},"primaryImageOfPage":{"@id":"https:\/\/radioportoseguro.com.br\/site\/2026\/02\/26\/perseguicao-no-iemen-leva-cristao-a-decorar-versiculos-e-virar-biblia-ambulante\/#primaryimage"},"image":{"@id":"https:\/\/radioportoseguro.com.br\/site\/2026\/02\/26\/perseguicao-no-iemen-leva-cristao-a-decorar-versiculos-e-virar-biblia-ambulante\/#primaryimage"},"thumbnailUrl":"https:\/\/radioportoseguro.com.br\/site\/wp-content\/uploads\/2026\/02\/547660756-cristao-iemen.png","datePublished":"2026-02-26T16:51:46+00:00","author":{"@id":"https:\/\/radioportoseguro.com.br\/site\/#\/schema\/person\/7630acdc320186f13639d3c067ec089b"},"breadcrumb":{"@id":"https:\/\/radioportoseguro.com.br\/site\/2026\/02\/26\/perseguicao-no-iemen-leva-cristao-a-decorar-versiculos-e-virar-biblia-ambulante\/#breadcrumb"},"inLanguage":"pt-BR","potentialAction":[{"@type":"ReadAction","target":["https:\/\/radioportoseguro.com.br\/site\/2026\/02\/26\/perseguicao-no-iemen-leva-cristao-a-decorar-versiculos-e-virar-biblia-ambulante\/"]}]},{"@type":"ImageObject","inLanguage":"pt-BR","@id":"https:\/\/radioportoseguro.com.br\/site\/2026\/02\/26\/perseguicao-no-iemen-leva-cristao-a-decorar-versiculos-e-virar-biblia-ambulante\/#primaryimage","url":"https:\/\/radioportoseguro.com.br\/site\/wp-content\/uploads\/2026\/02\/547660756-cristao-iemen.png","contentUrl":"https:\/\/radioportoseguro.com.br\/site\/wp-content\/uploads\/2026\/02\/547660756-cristao-iemen.png","width":1200,"height":600},{"@type":"BreadcrumbList","@id":"https:\/\/radioportoseguro.com.br\/site\/2026\/02\/26\/perseguicao-no-iemen-leva-cristao-a-decorar-versiculos-e-virar-biblia-ambulante\/#breadcrumb","itemListElement":[{"@type":"ListItem","position":1,"name":"In\u00edcio","item":"https:\/\/radioportoseguro.com.br\/site\/"},{"@type":"ListItem","position":2,"name":"Persegui\u00e7\u00e3o no I\u00eamen leva crist\u00e3o a decorar vers\u00edculos e virar \u201cB\u00edblia ambulante\u201d"}]},{"@type":"WebSite","@id":"https:\/\/radioportoseguro.com.br\/site\/#website","url":"https:\/\/radioportoseguro.com.br\/site\/","name":"R\u00e1dio Porto Seguro","description":"","potentialAction":[{"@type":"SearchAction","target":{"@type":"EntryPoint","urlTemplate":"https:\/\/radioportoseguro.com.br\/site\/?s={search_term_string}"},"query-input":{"@type":"PropertyValueSpecification","valueRequired":true,"valueName":"search_term_string"}}],"inLanguage":"pt-BR"},{"@type":"Person","@id":"https:\/\/radioportoseguro.com.br\/site\/#\/schema\/person\/7630acdc320186f13639d3c067ec089b","name":"admin","image":{"@type":"ImageObject","inLanguage":"pt-BR","@id":"https:\/\/radioportoseguro.com.br\/site\/#\/schema\/person\/image\/","url":"https:\/\/secure.gravatar.com\/avatar\/caacf4dc1eedb68fab0df8e1ed46c448e578b2466351bbcb61e47d2ac0caaef0?s=96&d=mm&r=g","contentUrl":"https:\/\/secure.gravatar.com\/avatar\/caacf4dc1eedb68fab0df8e1ed46c448e578b2466351bbcb61e47d2ac0caaef0?s=96&d=mm&r=g","caption":"admin"},"sameAs":["https:\/\/radioportoseguro.com.br\/site"],"url":"https:\/\/radioportoseguro.com.br\/site\/author\/hezio\/"}]}},"_links":{"self":[{"href":"https:\/\/radioportoseguro.com.br\/site\/wp-json\/wp\/v2\/posts\/4404","targetHints":{"allow":["GET"]}}],"collection":[{"href":"https:\/\/radioportoseguro.com.br\/site\/wp-json\/wp\/v2\/posts"}],"about":[{"href":"https:\/\/radioportoseguro.com.br\/site\/wp-json\/wp\/v2\/types\/post"}],"author":[{"embeddable":true,"href":"https:\/\/radioportoseguro.com.br\/site\/wp-json\/wp\/v2\/users\/1"}],"replies":[{"embeddable":true,"href":"https:\/\/radioportoseguro.com.br\/site\/wp-json\/wp\/v2\/comments?post=4404"}],"version-history":[{"count":0,"href":"https:\/\/radioportoseguro.com.br\/site\/wp-json\/wp\/v2\/posts\/4404\/revisions"}],"wp:featuredmedia":[{"embeddable":true,"href":"https:\/\/radioportoseguro.com.br\/site\/wp-json\/wp\/v2\/media\/4405"}],"wp:attachment":[{"href":"https:\/\/radioportoseguro.com.br\/site\/wp-json\/wp\/v2\/media?parent=4404"}],"wp:term":[{"taxonomy":"category","embeddable":true,"href":"https:\/\/radioportoseguro.com.br\/site\/wp-json\/wp\/v2\/categories?post=4404"},{"taxonomy":"post_tag","embeddable":true,"href":"https:\/\/radioportoseguro.com.br\/site\/wp-json\/wp\/v2\/tags?post=4404"}],"curies":[{"name":"wp","href":"https:\/\/api.w.org\/{rel}","templated":true}]}}