{"id":4412,"date":"2026-02-26T18:01:48","date_gmt":"2026-02-26T21:01:48","guid":{"rendered":"https:\/\/radioportoseguro.com.br\/site\/2026\/02\/26\/ex-muculmano-relata-vida-de-cristaos-convertidos-no-marrocos-silencio-e-medo\/"},"modified":"2026-02-26T18:01:48","modified_gmt":"2026-02-26T21:01:48","slug":"ex-muculmano-relata-vida-de-cristaos-convertidos-no-marrocos-silencio-e-medo","status":"publish","type":"post","link":"https:\/\/radioportoseguro.com.br\/site\/2026\/02\/26\/ex-muculmano-relata-vida-de-cristaos-convertidos-no-marrocos-silencio-e-medo\/","title":{"rendered":"Ex-mu\u00e7ulmano relata vida de crist\u00e3os convertidos no Marrocos: \u2018Sil\u00eancio e medo\u2019"},"content":{"rendered":"<p><br \/>\n<\/p>\n<div>\n<p>Em um pa\u00eds onde o<span style=\"color: #800000;\"> <strong>Isl\u00e3<\/strong> <\/span>\u00e9 a religi\u00e3o predominante e a identidade religiosa est\u00e1 profundamente ligada \u00e0 cultura e ao Estado, marroquinos que se convertem ao Cristianismo enfrentam uma realidade marcada por medo, discri\u00e7\u00e3o e limita\u00e7\u00f5es.<\/p>\n<p>O relato do crist\u00e3o conhecido como <span style=\"color: #800000;\"><strong>Brother Rachid<\/strong> <\/span>(Rachid Hammami), criado em uma pequena vila no Marrocos e filho de um l\u00edder mu\u00e7ulmano que o preparava para seguir o mesmo caminho religioso, revela os desafios vividos por muitos convertidos.<\/p>\n<p>Segundo ele, sua convers\u00e3o n\u00e3o significou apenas uma mudan\u00e7a espiritual, mas tamb\u00e9m o in\u00edcio de uma vida de sil\u00eancio e cautela.<\/p>\n<p>\u201cEu era mu\u00e7ulmano e me converti ao Cristianismo. No entanto, fui obrigado a praticar minha f\u00e9 em total segredo durante anos, como se estivesse fazendo algo ilegal.\u201d<\/p>\n<p>De acordo com Rachid, a situa\u00e7\u00e3o n\u00e3o era isolada. Ao longo do tempo, ele descobriu que havia milhares de crist\u00e3os marroquinos de origem mu\u00e7ulmana vivendo nas mesmas condi\u00e7\u00f5es.<\/p>\n<p>\u201cDescobri que essa era a realidade de toda uma comunidade vivendo com medo \u2013 milhares de crist\u00e3os marroquinos de origem mu\u00e7ulmana.\u201d<\/p>\n<p><strong>Cultos clandestinos e limita\u00e7\u00f5es religiosas<\/strong><\/p>\n<p>Entre os principais desafios relatados est\u00e1 a impossibilidade de cultos p\u00fablicos. Sem reconhecimento oficial, encontros crist\u00e3os acabam acontecendo de forma clandestina, muitas vezes dentro de casas.<\/p>\n<p style=\"text-align: left;\">\u201cN\u00e3o pudemos nos reunir publicamente para o culto de domingo. Tivemos que nos reunir secretamente em casas porque o governo n\u00e3o permite.\u201d<\/p>\n<p><\/p>\n<p style=\"text-align: center;\"><span style=\"color: #808080;\"><sup>O evangelista marroquino \u2018Brother Rachid\u2019. (Foto: Reprodu\u00e7\u00e3o\/YouTube\/I Found The Truth)<\/sup><\/span><\/p>\n<p>Segundo Rachid, v\u00e1rias pr\u00e1ticas fundamentais da vida crist\u00e3 tamb\u00e9m ficam impedidas.<\/p>\n<p>\u201cN\u00e3o pod\u00edamos nomear pastores, realizar batismos, celebrar casamentos crist\u00e3os ou realizar cerim\u00f4nias f\u00fanebres crist\u00e3s. O governo nos v\u00ea como mu\u00e7ulmanos e n\u00e3o nos reconhece como crist\u00e3os.\u201d<\/p>\n<p><strong>Enterros e vida civil sob ritos isl\u00e2micos<\/strong><\/p>\n<p>A falta de reconhecimento religioso tamb\u00e9m afeta momentos importantes da vida familiar. Mesmo ap\u00f3s a morte, muitos convertidos n\u00e3o conseguem ter funerais de acordo com sua f\u00e9.<\/p>\n<p>\u201cQuando algu\u00e9m morre, somos obrigados a enterr\u00e1-lo de acordo com os ritos isl\u00e2micos.\u201d<\/p>\n<p>Rachid afirma que em diversos casos n\u00e3o h\u00e1 como impedir as pr\u00e1ticas isl\u00e2micas.<\/p>\n<p>\u201cMuitos s\u00e3o sepultados em cemit\u00e9rios isl\u00e2micos, com o <span style=\"color: #800000;\"><strong>Alcor\u00e3o<\/strong><\/span> recitado sobre seus corpos por cl\u00e9rigos mu\u00e7ulmanos locais presentes no enterro.\u201d<\/p>\n<p>Segundo ele, a press\u00e3o tamb\u00e9m aparece em registros civis e na cria\u00e7\u00e3o dos filhos.<\/p>\n<p>\u201cN\u00e3o podemos escolher nomes crist\u00e3os para nossos filhos.\u201d<\/p>\n<p>Embora n\u00e3o exista uma proibi\u00e7\u00e3o formal escrita, ele diz que as autoridades se recusam a registrar esses nomes.<\/p>\n<p><strong>Casamento e educa\u00e7\u00e3o<\/strong><\/p>\n<p>Outro ponto destacado \u00e9 o casamento. Como os convertidos continuam sendo oficialmente considerados mu\u00e7ulmanos pelo Estado, o casamento civil crist\u00e3o n\u00e3o \u00e9 permitido.<\/p>\n<p>\u201cN\u00e3o pod\u00edamos ter um casamento civil. Os casamentos tinham que ser realizados de acordo com a lei isl\u00e2mica.\u201d<\/p>\n<p>A situa\u00e7\u00e3o se estende \u00e0 educa\u00e7\u00e3o das crian\u00e7as.<\/p>\n<p>\u201cNossos filhos foram obrigados a estudar o Isl\u00e3 na escola. A educa\u00e7\u00e3o isl\u00e2mica e o Alcor\u00e3o s\u00e3o obrigat\u00f3rios.\u201d<\/p>\n<p>Mesmo quando os pais informam que a fam\u00edlia \u00e9 crist\u00e3, as aulas continuam sendo exigidas.<\/p>\n<p>\u201cEles s\u00e3o obrigados a repetir frases como \u2018Al\u00e1 disse\u2019 e \u2018o Profeta disse&#8230;\u2019.\u201d<\/p>\n<p><strong>B\u00edblias contrabandeadas e interven\u00e7\u00f5es policiais<\/strong><\/p>\n<p>Al\u00e9m das limita\u00e7\u00f5es legais e sociais, o acesso \u00e0 literatura crist\u00e3 tamb\u00e9m \u00e9 um desafio.<\/p>\n<p>\u201cN\u00e3o pod\u00edamos importar <span style=\"color: #800000;\"><strong>B\u00edblias<\/strong><\/span> em \u00e1rabe ou literatura crist\u00e3 legalmente.\u201d<\/p>\n<p>Por isso, segundo ele, muitos recorrem a m\u00e9todos informais.<\/p>\n<p>\u201cT\u00ednhamos que contrabande\u00e1-las ou pedir aos visitantes estrangeiros que trouxessem c\u00f3pias discretamente.\u201d<\/p>\n<p>O evangelista afirma ainda que reuni\u00f5es j\u00e1 foram interrompidas por autoridades.<\/p>\n<p>\u201cNo passado, muitas reuni\u00f5es foram invadidas pela pol\u00edcia.\u201d<\/p>\n<p>Durante essas a\u00e7\u00f5es, materiais foram apreendidos e participantes levados para interrogat\u00f3rio.<\/p>\n<p>\u201cB\u00edblias, laptops e literatura crist\u00e3 foram confiscados. As pessoas foram levadas para interrogat\u00f3rio, intimidadas, assediadas e humilhadas.\u201d<\/p>\n<p>Segundo ele, uma das \u00faltimas grandes opera\u00e7\u00f5es ocorreu em 2010.<\/p>\n<p><strong>Uma realidade pouco conhecida<\/strong><\/p>\n<p>Ao compartilhar sua hist\u00f3ria, Brother Rachid afirma que ainda h\u00e1 muito a ser dito sobre a situa\u00e7\u00e3o dos crist\u00e3os convertidos no pa\u00eds.<\/p>\n<p>\u201cEssas s\u00e3o apenas algumas das coisas que eu queria compartilhar. H\u00e1 mais, e compartilharei no futuro.\u201d<\/p>\n<p>O relato refor\u00e7a a exist\u00eancia de uma comunidade crist\u00e3 que vive discretamente dentro do <span style=\"color: #800000;\"><strong>Marrocos<\/strong><\/span>, tentando equilibrar f\u00e9, seguran\u00e7a e vida cotidiana em um ambiente onde a mudan\u00e7a de religi\u00e3o ainda gera tens\u00f5es sociais e legais.<\/p>\n<p>\u00a0<\/p>\n<\/div>\n<p><br \/>\n<br \/>Fonte: Guiame <\/p>\n","protected":false},"excerpt":{"rendered":"<p>Em um pa\u00eds onde o Isl\u00e3 \u00e9 a religi\u00e3o predominante e a identidade religiosa est\u00e1 profundamente ligada \u00e0 cultura e ao Estado, marroquinos que se convertem ao Cristianismo enfrentam uma realidade marcada por medo, discri\u00e7\u00e3o e limita\u00e7\u00f5es. O relato do crist\u00e3o conhecido como Brother Rachid (Rachid Hammami), criado em uma pequena vila no Marrocos e [&hellip;]<\/p>\n","protected":false},"author":1,"featured_media":4413,"comment_status":"","ping_status":"open","sticky":false,"template":"","format":"standard","meta":{"footnotes":""},"categories":[43],"tags":[],"class_list":["post-4412","post","type-post","status-publish","format-standard","has-post-thumbnail","hentry","category-destaques"],"yoast_head":"<!-- This site is optimized with the Yoast SEO plugin v26.8 - https:\/\/yoast.com\/product\/yoast-seo-wordpress\/ -->\n<title>Ex-mu\u00e7ulmano relata vida de crist\u00e3os convertidos no Marrocos: \u2018Sil\u00eancio e medo\u2019 - R\u00e1dio Porto Seguro<\/title>\n<meta name=\"robots\" content=\"index, follow, max-snippet:-1, max-image-preview:large, max-video-preview:-1\" \/>\n<link rel=\"canonical\" href=\"https:\/\/radioportoseguro.com.br\/site\/2026\/02\/26\/ex-muculmano-relata-vida-de-cristaos-convertidos-no-marrocos-silencio-e-medo\/\" \/>\n<meta property=\"og:locale\" content=\"pt_BR\" \/>\n<meta property=\"og:type\" content=\"article\" \/>\n<meta property=\"og:title\" content=\"Ex-mu\u00e7ulmano relata vida de crist\u00e3os convertidos no Marrocos: \u2018Sil\u00eancio e medo\u2019 - R\u00e1dio Porto Seguro\" \/>\n<meta property=\"og:description\" content=\"Em um pa\u00eds onde o Isl\u00e3 \u00e9 a religi\u00e3o predominante e a identidade religiosa est\u00e1 profundamente ligada \u00e0 cultura e ao Estado, marroquinos que se convertem ao Cristianismo enfrentam uma realidade marcada por medo, discri\u00e7\u00e3o e limita\u00e7\u00f5es. O relato do crist\u00e3o conhecido como Brother Rachid (Rachid Hammami), criado em uma pequena vila no Marrocos e [&hellip;]\" \/>\n<meta property=\"og:url\" content=\"https:\/\/radioportoseguro.com.br\/site\/2026\/02\/26\/ex-muculmano-relata-vida-de-cristaos-convertidos-no-marrocos-silencio-e-medo\/\" \/>\n<meta property=\"og:site_name\" content=\"R\u00e1dio Porto Seguro\" \/>\n<meta property=\"article:published_time\" content=\"2026-02-26T21:01:48+00:00\" \/>\n<meta property=\"og:image\" content=\"https:\/\/thumbor.guiame.com.br\/unsafe\/smart\/https:\/\/media.guiame.com.br\/archives\/2024\/10\/25\/3291305164-rachid.png\" \/>\n<meta name=\"author\" content=\"admin\" \/>\n<meta name=\"twitter:card\" content=\"summary_large_image\" \/>\n<meta name=\"twitter:label1\" content=\"Escrito por\" \/>\n\t<meta name=\"twitter:data1\" content=\"admin\" \/>\n\t<meta name=\"twitter:label2\" content=\"Est. tempo de leitura\" \/>\n\t<meta name=\"twitter:data2\" content=\"4 minutos\" \/>\n<script type=\"application\/ld+json\" class=\"yoast-schema-graph\">{\"@context\":\"https:\/\/schema.org\",\"@graph\":[{\"@type\":\"Article\",\"@id\":\"https:\/\/radioportoseguro.com.br\/site\/2026\/02\/26\/ex-muculmano-relata-vida-de-cristaos-convertidos-no-marrocos-silencio-e-medo\/#article\",\"isPartOf\":{\"@id\":\"https:\/\/radioportoseguro.com.br\/site\/2026\/02\/26\/ex-muculmano-relata-vida-de-cristaos-convertidos-no-marrocos-silencio-e-medo\/\"},\"author\":{\"name\":\"admin\",\"@id\":\"https:\/\/radioportoseguro.com.br\/site\/#\/schema\/person\/7630acdc320186f13639d3c067ec089b\"},\"headline\":\"Ex-mu\u00e7ulmano relata vida de crist\u00e3os convertidos no Marrocos: \u2018Sil\u00eancio e medo\u2019\",\"datePublished\":\"2026-02-26T21:01:48+00:00\",\"mainEntityOfPage\":{\"@id\":\"https:\/\/radioportoseguro.com.br\/site\/2026\/02\/26\/ex-muculmano-relata-vida-de-cristaos-convertidos-no-marrocos-silencio-e-medo\/\"},\"wordCount\":797,\"image\":{\"@id\":\"https:\/\/radioportoseguro.com.br\/site\/2026\/02\/26\/ex-muculmano-relata-vida-de-cristaos-convertidos-no-marrocos-silencio-e-medo\/#primaryimage\"},\"thumbnailUrl\":\"https:\/\/radioportoseguro.com.br\/site\/wp-content\/uploads\/2026\/02\/2228494649-cristaos-marrocos.jpg\",\"articleSection\":[\"Destaques\"],\"inLanguage\":\"pt-BR\"},{\"@type\":\"WebPage\",\"@id\":\"https:\/\/radioportoseguro.com.br\/site\/2026\/02\/26\/ex-muculmano-relata-vida-de-cristaos-convertidos-no-marrocos-silencio-e-medo\/\",\"url\":\"https:\/\/radioportoseguro.com.br\/site\/2026\/02\/26\/ex-muculmano-relata-vida-de-cristaos-convertidos-no-marrocos-silencio-e-medo\/\",\"name\":\"Ex-mu\u00e7ulmano relata vida de crist\u00e3os convertidos no Marrocos: \u2018Sil\u00eancio e medo\u2019 - R\u00e1dio Porto Seguro\",\"isPartOf\":{\"@id\":\"https:\/\/radioportoseguro.com.br\/site\/#website\"},\"primaryImageOfPage\":{\"@id\":\"https:\/\/radioportoseguro.com.br\/site\/2026\/02\/26\/ex-muculmano-relata-vida-de-cristaos-convertidos-no-marrocos-silencio-e-medo\/#primaryimage\"},\"image\":{\"@id\":\"https:\/\/radioportoseguro.com.br\/site\/2026\/02\/26\/ex-muculmano-relata-vida-de-cristaos-convertidos-no-marrocos-silencio-e-medo\/#primaryimage\"},\"thumbnailUrl\":\"https:\/\/radioportoseguro.com.br\/site\/wp-content\/uploads\/2026\/02\/2228494649-cristaos-marrocos.jpg\",\"datePublished\":\"2026-02-26T21:01:48+00:00\",\"author\":{\"@id\":\"https:\/\/radioportoseguro.com.br\/site\/#\/schema\/person\/7630acdc320186f13639d3c067ec089b\"},\"breadcrumb\":{\"@id\":\"https:\/\/radioportoseguro.com.br\/site\/2026\/02\/26\/ex-muculmano-relata-vida-de-cristaos-convertidos-no-marrocos-silencio-e-medo\/#breadcrumb\"},\"inLanguage\":\"pt-BR\",\"potentialAction\":[{\"@type\":\"ReadAction\",\"target\":[\"https:\/\/radioportoseguro.com.br\/site\/2026\/02\/26\/ex-muculmano-relata-vida-de-cristaos-convertidos-no-marrocos-silencio-e-medo\/\"]}]},{\"@type\":\"ImageObject\",\"inLanguage\":\"pt-BR\",\"@id\":\"https:\/\/radioportoseguro.com.br\/site\/2026\/02\/26\/ex-muculmano-relata-vida-de-cristaos-convertidos-no-marrocos-silencio-e-medo\/#primaryimage\",\"url\":\"https:\/\/radioportoseguro.com.br\/site\/wp-content\/uploads\/2026\/02\/2228494649-cristaos-marrocos.jpg\",\"contentUrl\":\"https:\/\/radioportoseguro.com.br\/site\/wp-content\/uploads\/2026\/02\/2228494649-cristaos-marrocos.jpg\",\"width\":1200,\"height\":600},{\"@type\":\"BreadcrumbList\",\"@id\":\"https:\/\/radioportoseguro.com.br\/site\/2026\/02\/26\/ex-muculmano-relata-vida-de-cristaos-convertidos-no-marrocos-silencio-e-medo\/#breadcrumb\",\"itemListElement\":[{\"@type\":\"ListItem\",\"position\":1,\"name\":\"In\u00edcio\",\"item\":\"https:\/\/radioportoseguro.com.br\/site\/\"},{\"@type\":\"ListItem\",\"position\":2,\"name\":\"Ex-mu\u00e7ulmano relata vida de crist\u00e3os convertidos no Marrocos: \u2018Sil\u00eancio e medo\u2019\"}]},{\"@type\":\"WebSite\",\"@id\":\"https:\/\/radioportoseguro.com.br\/site\/#website\",\"url\":\"https:\/\/radioportoseguro.com.br\/site\/\",\"name\":\"R\u00e1dio Porto Seguro\",\"description\":\"\",\"potentialAction\":[{\"@type\":\"SearchAction\",\"target\":{\"@type\":\"EntryPoint\",\"urlTemplate\":\"https:\/\/radioportoseguro.com.br\/site\/?s={search_term_string}\"},\"query-input\":{\"@type\":\"PropertyValueSpecification\",\"valueRequired\":true,\"valueName\":\"search_term_string\"}}],\"inLanguage\":\"pt-BR\"},{\"@type\":\"Person\",\"@id\":\"https:\/\/radioportoseguro.com.br\/site\/#\/schema\/person\/7630acdc320186f13639d3c067ec089b\",\"name\":\"admin\",\"image\":{\"@type\":\"ImageObject\",\"inLanguage\":\"pt-BR\",\"@id\":\"https:\/\/radioportoseguro.com.br\/site\/#\/schema\/person\/image\/\",\"url\":\"https:\/\/secure.gravatar.com\/avatar\/caacf4dc1eedb68fab0df8e1ed46c448e578b2466351bbcb61e47d2ac0caaef0?s=96&d=mm&r=g\",\"contentUrl\":\"https:\/\/secure.gravatar.com\/avatar\/caacf4dc1eedb68fab0df8e1ed46c448e578b2466351bbcb61e47d2ac0caaef0?s=96&d=mm&r=g\",\"caption\":\"admin\"},\"sameAs\":[\"https:\/\/radioportoseguro.com.br\/site\"],\"url\":\"https:\/\/radioportoseguro.com.br\/site\/author\/hezio\/\"}]}<\/script>\n<!-- \/ Yoast SEO plugin. -->","yoast_head_json":{"title":"Ex-mu\u00e7ulmano relata vida de crist\u00e3os convertidos no Marrocos: \u2018Sil\u00eancio e medo\u2019 - R\u00e1dio Porto Seguro","robots":{"index":"index","follow":"follow","max-snippet":"max-snippet:-1","max-image-preview":"max-image-preview:large","max-video-preview":"max-video-preview:-1"},"canonical":"https:\/\/radioportoseguro.com.br\/site\/2026\/02\/26\/ex-muculmano-relata-vida-de-cristaos-convertidos-no-marrocos-silencio-e-medo\/","og_locale":"pt_BR","og_type":"article","og_title":"Ex-mu\u00e7ulmano relata vida de crist\u00e3os convertidos no Marrocos: \u2018Sil\u00eancio e medo\u2019 - R\u00e1dio Porto Seguro","og_description":"Em um pa\u00eds onde o Isl\u00e3 \u00e9 a religi\u00e3o predominante e a identidade religiosa est\u00e1 profundamente ligada \u00e0 cultura e ao Estado, marroquinos que se convertem ao Cristianismo enfrentam uma realidade marcada por medo, discri\u00e7\u00e3o e limita\u00e7\u00f5es. O relato do crist\u00e3o conhecido como Brother Rachid (Rachid Hammami), criado em uma pequena vila no Marrocos e [&hellip;]","og_url":"https:\/\/radioportoseguro.com.br\/site\/2026\/02\/26\/ex-muculmano-relata-vida-de-cristaos-convertidos-no-marrocos-silencio-e-medo\/","og_site_name":"R\u00e1dio Porto Seguro","article_published_time":"2026-02-26T21:01:48+00:00","og_image":[{"url":"https:\/\/thumbor.guiame.com.br\/unsafe\/smart\/https:\/\/media.guiame.com.br\/archives\/2024\/10\/25\/3291305164-rachid.png","type":"","width":"","height":""}],"author":"admin","twitter_card":"summary_large_image","twitter_misc":{"Escrito por":"admin","Est. tempo de leitura":"4 minutos"},"schema":{"@context":"https:\/\/schema.org","@graph":[{"@type":"Article","@id":"https:\/\/radioportoseguro.com.br\/site\/2026\/02\/26\/ex-muculmano-relata-vida-de-cristaos-convertidos-no-marrocos-silencio-e-medo\/#article","isPartOf":{"@id":"https:\/\/radioportoseguro.com.br\/site\/2026\/02\/26\/ex-muculmano-relata-vida-de-cristaos-convertidos-no-marrocos-silencio-e-medo\/"},"author":{"name":"admin","@id":"https:\/\/radioportoseguro.com.br\/site\/#\/schema\/person\/7630acdc320186f13639d3c067ec089b"},"headline":"Ex-mu\u00e7ulmano relata vida de crist\u00e3os convertidos no Marrocos: \u2018Sil\u00eancio e medo\u2019","datePublished":"2026-02-26T21:01:48+00:00","mainEntityOfPage":{"@id":"https:\/\/radioportoseguro.com.br\/site\/2026\/02\/26\/ex-muculmano-relata-vida-de-cristaos-convertidos-no-marrocos-silencio-e-medo\/"},"wordCount":797,"image":{"@id":"https:\/\/radioportoseguro.com.br\/site\/2026\/02\/26\/ex-muculmano-relata-vida-de-cristaos-convertidos-no-marrocos-silencio-e-medo\/#primaryimage"},"thumbnailUrl":"https:\/\/radioportoseguro.com.br\/site\/wp-content\/uploads\/2026\/02\/2228494649-cristaos-marrocos.jpg","articleSection":["Destaques"],"inLanguage":"pt-BR"},{"@type":"WebPage","@id":"https:\/\/radioportoseguro.com.br\/site\/2026\/02\/26\/ex-muculmano-relata-vida-de-cristaos-convertidos-no-marrocos-silencio-e-medo\/","url":"https:\/\/radioportoseguro.com.br\/site\/2026\/02\/26\/ex-muculmano-relata-vida-de-cristaos-convertidos-no-marrocos-silencio-e-medo\/","name":"Ex-mu\u00e7ulmano relata vida de crist\u00e3os convertidos no Marrocos: \u2018Sil\u00eancio e medo\u2019 - R\u00e1dio Porto Seguro","isPartOf":{"@id":"https:\/\/radioportoseguro.com.br\/site\/#website"},"primaryImageOfPage":{"@id":"https:\/\/radioportoseguro.com.br\/site\/2026\/02\/26\/ex-muculmano-relata-vida-de-cristaos-convertidos-no-marrocos-silencio-e-medo\/#primaryimage"},"image":{"@id":"https:\/\/radioportoseguro.com.br\/site\/2026\/02\/26\/ex-muculmano-relata-vida-de-cristaos-convertidos-no-marrocos-silencio-e-medo\/#primaryimage"},"thumbnailUrl":"https:\/\/radioportoseguro.com.br\/site\/wp-content\/uploads\/2026\/02\/2228494649-cristaos-marrocos.jpg","datePublished":"2026-02-26T21:01:48+00:00","author":{"@id":"https:\/\/radioportoseguro.com.br\/site\/#\/schema\/person\/7630acdc320186f13639d3c067ec089b"},"breadcrumb":{"@id":"https:\/\/radioportoseguro.com.br\/site\/2026\/02\/26\/ex-muculmano-relata-vida-de-cristaos-convertidos-no-marrocos-silencio-e-medo\/#breadcrumb"},"inLanguage":"pt-BR","potentialAction":[{"@type":"ReadAction","target":["https:\/\/radioportoseguro.com.br\/site\/2026\/02\/26\/ex-muculmano-relata-vida-de-cristaos-convertidos-no-marrocos-silencio-e-medo\/"]}]},{"@type":"ImageObject","inLanguage":"pt-BR","@id":"https:\/\/radioportoseguro.com.br\/site\/2026\/02\/26\/ex-muculmano-relata-vida-de-cristaos-convertidos-no-marrocos-silencio-e-medo\/#primaryimage","url":"https:\/\/radioportoseguro.com.br\/site\/wp-content\/uploads\/2026\/02\/2228494649-cristaos-marrocos.jpg","contentUrl":"https:\/\/radioportoseguro.com.br\/site\/wp-content\/uploads\/2026\/02\/2228494649-cristaos-marrocos.jpg","width":1200,"height":600},{"@type":"BreadcrumbList","@id":"https:\/\/radioportoseguro.com.br\/site\/2026\/02\/26\/ex-muculmano-relata-vida-de-cristaos-convertidos-no-marrocos-silencio-e-medo\/#breadcrumb","itemListElement":[{"@type":"ListItem","position":1,"name":"In\u00edcio","item":"https:\/\/radioportoseguro.com.br\/site\/"},{"@type":"ListItem","position":2,"name":"Ex-mu\u00e7ulmano relata vida de crist\u00e3os convertidos no Marrocos: \u2018Sil\u00eancio e medo\u2019"}]},{"@type":"WebSite","@id":"https:\/\/radioportoseguro.com.br\/site\/#website","url":"https:\/\/radioportoseguro.com.br\/site\/","name":"R\u00e1dio Porto Seguro","description":"","potentialAction":[{"@type":"SearchAction","target":{"@type":"EntryPoint","urlTemplate":"https:\/\/radioportoseguro.com.br\/site\/?s={search_term_string}"},"query-input":{"@type":"PropertyValueSpecification","valueRequired":true,"valueName":"search_term_string"}}],"inLanguage":"pt-BR"},{"@type":"Person","@id":"https:\/\/radioportoseguro.com.br\/site\/#\/schema\/person\/7630acdc320186f13639d3c067ec089b","name":"admin","image":{"@type":"ImageObject","inLanguage":"pt-BR","@id":"https:\/\/radioportoseguro.com.br\/site\/#\/schema\/person\/image\/","url":"https:\/\/secure.gravatar.com\/avatar\/caacf4dc1eedb68fab0df8e1ed46c448e578b2466351bbcb61e47d2ac0caaef0?s=96&d=mm&r=g","contentUrl":"https:\/\/secure.gravatar.com\/avatar\/caacf4dc1eedb68fab0df8e1ed46c448e578b2466351bbcb61e47d2ac0caaef0?s=96&d=mm&r=g","caption":"admin"},"sameAs":["https:\/\/radioportoseguro.com.br\/site"],"url":"https:\/\/radioportoseguro.com.br\/site\/author\/hezio\/"}]}},"_links":{"self":[{"href":"https:\/\/radioportoseguro.com.br\/site\/wp-json\/wp\/v2\/posts\/4412","targetHints":{"allow":["GET"]}}],"collection":[{"href":"https:\/\/radioportoseguro.com.br\/site\/wp-json\/wp\/v2\/posts"}],"about":[{"href":"https:\/\/radioportoseguro.com.br\/site\/wp-json\/wp\/v2\/types\/post"}],"author":[{"embeddable":true,"href":"https:\/\/radioportoseguro.com.br\/site\/wp-json\/wp\/v2\/users\/1"}],"replies":[{"embeddable":true,"href":"https:\/\/radioportoseguro.com.br\/site\/wp-json\/wp\/v2\/comments?post=4412"}],"version-history":[{"count":0,"href":"https:\/\/radioportoseguro.com.br\/site\/wp-json\/wp\/v2\/posts\/4412\/revisions"}],"wp:featuredmedia":[{"embeddable":true,"href":"https:\/\/radioportoseguro.com.br\/site\/wp-json\/wp\/v2\/media\/4413"}],"wp:attachment":[{"href":"https:\/\/radioportoseguro.com.br\/site\/wp-json\/wp\/v2\/media?parent=4412"}],"wp:term":[{"taxonomy":"category","embeddable":true,"href":"https:\/\/radioportoseguro.com.br\/site\/wp-json\/wp\/v2\/categories?post=4412"},{"taxonomy":"post_tag","embeddable":true,"href":"https:\/\/radioportoseguro.com.br\/site\/wp-json\/wp\/v2\/tags?post=4412"}],"curies":[{"name":"wp","href":"https:\/\/api.w.org\/{rel}","templated":true}]}}