{"id":4417,"date":"2026-02-26T19:24:23","date_gmt":"2026-02-26T22:24:23","guid":{"rendered":"https:\/\/radioportoseguro.com.br\/site\/?p=4417"},"modified":"2026-02-26T19:53:31","modified_gmt":"2026-02-26T22:53:31","slug":"marine-friesen-lanca-fogo-de-deus-gravado-ao-vivo-no-rio-de-janeiro","status":"publish","type":"post","link":"https:\/\/radioportoseguro.com.br\/site\/2026\/02\/26\/marine-friesen-lanca-fogo-de-deus-gravado-ao-vivo-no-rio-de-janeiro\/","title":{"rendered":"Marine Friesen lan\u00e7a \u201cFogo de Deus\u201d gravado ao vivo no Rio de Janeiro"},"content":{"rendered":"<p>Nova can\u00e7\u00e3o d\u00e1 continuidade ao projeto lan\u00e7ado single a single e refor\u00e7a a atmosfera de adora\u00e7\u00e3o, presen\u00e7a e gl\u00f3ria que marca o novo tempo da cantora.<\/p>\n<p data-start=\"261\" data-end=\"657\">Na ter\u00e7a-feira (10), Marine Friesen apresentou ao p\u00fablico mais um cap\u00edtulo do seu novo EP JEOV\u00c1, projeto gravado ao vivo no Rio de Janeiro e que vem sendo lan\u00e7ado faixa a faixa. A novidade da vez \u00e9 o single\u00a0<a href=\"https:\/\/mkmusic.ffm.to\/fogodedeusaovivo\">\u201cFogo de Deus\u201d<\/a>, que chega ap\u00f3s a autoral \u201cFaz Chover de Novo\u201d, respons\u00e1vel por abrir o projeto, e da inspiradora \u201cGratid\u00e3o\u201d, lan\u00e7ada no encerramento de 2025.<\/p>\n<p data-start=\"659\" data-end=\"963\">Com produ\u00e7\u00e3o musical assinada por Daniel Friesen, o EP nasceu de um processo cuidadoso de busca, sensibilidade e dire\u00e7\u00e3o espiritual. Depois de um per\u00edodo sem grava\u00e7\u00f5es, Marine mergulhou em um tempo de pesquisa e ministra\u00e7\u00e3o at\u00e9 compreender claramente o que deveria ser comunicado neste novo trabalho.<\/p>\n<p data-start=\"965\" data-end=\"1452\">\u201cEsse novo \u00e1lbum foi constru\u00eddo de forma muito especial. J\u00e1 tinha um tempinho que eu n\u00e3o gravava, mas pesquisamos muito, ministramos bastante, para sentir o que Deus queria de n\u00f3s neste tempo. E Ele foi falando claramente. A confirma\u00e7\u00e3o de tudo vem atrav\u00e9s da repercuss\u00e3o e dos testemunhos que temos recebido desde a primeira can\u00e7\u00e3o. \u2018Fogo de Deus\u2019 fala sobre a presen\u00e7a do Senhor, sobre Sua gl\u00f3ria que nos envolve durante a adora\u00e7\u00e3o\u201d, compartilha Marine, que tamb\u00e9m assina a composi\u00e7\u00e3o.<\/p>\n<p data-start=\"1454\" data-end=\"1680\" data-is-last-node=\"\" data-is-only-node=\"\">\u201cFogo de Deus\u201d refor\u00e7a a identidade do EP JEOV\u00c1: can\u00e7\u00f5es que conduzem a igreja a um ambiente profundo de adora\u00e7\u00e3o, entrega e sensibilidade \u00e0 presen\u00e7a de Deus, conectando experi\u00eancia, verdade e prop\u00f3sito em cada lan\u00e7amento.<\/p>\n<p><div class=\"ose-youtube ose-uid-b7549caaed1448a88628b8745b1f1a6d ose-embedpress-responsive\" style=\"width:600px; height:600px; max-height:600px; max-width:100%; display:inline-block;\" data-embed-type=\"Youtube\"><iframe allowFullScreen=\"true\" title=\"Marine Friesen - Fogo de Deus (Ao Vivo) (Clipe Oficial MK Music)\" width=\"600\" height=\"600\" src=\"https:\/\/www.youtube.com\/embed\/jELqkEmR-qo?feature=oembed&color=red&rel=0&controls=1&start=&end=&fs=0&iv_load_policy=0&autoplay=0&mute=0&modestbranding=0&cc_load_policy=1&playsinline=1\" frameborder=\"0\" allow=\"accelerometer; encrypted-media;accelerometer;autoplay;clipboard-write;gyroscope;picture-in-picture clipboard-write; encrypted-media; gyroscope; picture-in-picture; web-share\" referrerpolicy=\"strict-origin-when-cross-origin\" allowfullscreen><\/iframe><\/div><\/p>\n<p data-start=\"1454\" data-end=\"1680\" data-is-last-node=\"\" data-is-only-node=\"\">Fonte: mkmusic<\/p>\n","protected":false},"excerpt":{"rendered":"<p>Nova can\u00e7\u00e3o d\u00e1 continuidade ao projeto lan\u00e7ado single a single e refor\u00e7a a atmosfera de adora\u00e7\u00e3o, presen\u00e7a e gl\u00f3ria que marca o novo tempo da cantora. Na ter\u00e7a-feira (10), Marine Friesen apresentou ao p\u00fablico mais um cap\u00edtulo do seu novo EP JEOV\u00c1, projeto gravado ao vivo no Rio de Janeiro e que vem sendo lan\u00e7ado [&hellip;]<\/p>\n","protected":false},"author":2,"featured_media":4438,"comment_status":"closed","ping_status":"open","sticky":false,"template":"","format":"standard","meta":{"footnotes":""},"categories":[4],"tags":[],"class_list":["post-4417","post","type-post","status-publish","format-standard","has-post-thumbnail","hentry","category-musica"],"yoast_head":"<!-- This site is optimized with the Yoast SEO plugin v26.8 - https:\/\/yoast.com\/product\/yoast-seo-wordpress\/ -->\n<title>Marine Friesen lan\u00e7a \u201cFogo de Deus\u201d gravado ao vivo no Rio de Janeiro - R\u00e1dio Porto Seguro<\/title>\n<meta name=\"robots\" content=\"index, follow, max-snippet:-1, max-image-preview:large, max-video-preview:-1\" \/>\n<link rel=\"canonical\" href=\"https:\/\/radioportoseguro.com.br\/site\/2026\/02\/26\/marine-friesen-lanca-fogo-de-deus-gravado-ao-vivo-no-rio-de-janeiro\/\" \/>\n<meta property=\"og:locale\" content=\"pt_BR\" \/>\n<meta property=\"og:type\" content=\"article\" \/>\n<meta property=\"og:title\" content=\"Marine Friesen lan\u00e7a \u201cFogo de Deus\u201d gravado ao vivo no Rio de Janeiro - R\u00e1dio Porto Seguro\" \/>\n<meta property=\"og:description\" content=\"Nova can\u00e7\u00e3o d\u00e1 continuidade ao projeto lan\u00e7ado single a single e refor\u00e7a a atmosfera de adora\u00e7\u00e3o, presen\u00e7a e gl\u00f3ria que marca o novo tempo da cantora. Na ter\u00e7a-feira (10), Marine Friesen apresentou ao p\u00fablico mais um cap\u00edtulo do seu novo EP JEOV\u00c1, projeto gravado ao vivo no Rio de Janeiro e que vem sendo lan\u00e7ado [&hellip;]\" \/>\n<meta property=\"og:url\" content=\"https:\/\/radioportoseguro.com.br\/site\/2026\/02\/26\/marine-friesen-lanca-fogo-de-deus-gravado-ao-vivo-no-rio-de-janeiro\/\" \/>\n<meta property=\"og:site_name\" content=\"R\u00e1dio Porto Seguro\" \/>\n<meta property=\"article:published_time\" content=\"2026-02-26T22:24:23+00:00\" \/>\n<meta property=\"article:modified_time\" content=\"2026-02-26T22:53:31+00:00\" \/>\n<meta property=\"og:image\" content=\"https:\/\/radioportoseguro.com.br\/site\/wp-content\/uploads\/2026\/02\/Marine-Friesen-1.jpg\" \/>\n\t<meta property=\"og:image:width\" content=\"1280\" \/>\n\t<meta property=\"og:image:height\" content=\"720\" \/>\n\t<meta property=\"og:image:type\" content=\"image\/jpeg\" \/>\n<meta name=\"author\" content=\"Leandro\" \/>\n<meta name=\"twitter:card\" content=\"summary_large_image\" \/>\n<meta name=\"twitter:label1\" content=\"Escrito por\" \/>\n\t<meta name=\"twitter:data1\" content=\"Leandro\" \/>\n\t<meta name=\"twitter:label2\" content=\"Est. tempo de leitura\" \/>\n\t<meta name=\"twitter:data2\" content=\"2 minutos\" \/>\n<script type=\"application\/ld+json\" class=\"yoast-schema-graph\">{\"@context\":\"https:\/\/schema.org\",\"@graph\":[{\"@type\":\"Article\",\"@id\":\"https:\/\/radioportoseguro.com.br\/site\/2026\/02\/26\/marine-friesen-lanca-fogo-de-deus-gravado-ao-vivo-no-rio-de-janeiro\/#article\",\"isPartOf\":{\"@id\":\"https:\/\/radioportoseguro.com.br\/site\/2026\/02\/26\/marine-friesen-lanca-fogo-de-deus-gravado-ao-vivo-no-rio-de-janeiro\/\"},\"author\":{\"name\":\"Leandro\",\"@id\":\"https:\/\/radioportoseguro.com.br\/site\/#\/schema\/person\/d1960d33baebee56275cbda6d8aef297\"},\"headline\":\"Marine Friesen lan\u00e7a \u201cFogo de Deus\u201d gravado ao vivo no Rio de Janeiro\",\"datePublished\":\"2026-02-26T22:24:23+00:00\",\"dateModified\":\"2026-02-26T22:53:31+00:00\",\"mainEntityOfPage\":{\"@id\":\"https:\/\/radioportoseguro.com.br\/site\/2026\/02\/26\/marine-friesen-lanca-fogo-de-deus-gravado-ao-vivo-no-rio-de-janeiro\/\"},\"wordCount\":309,\"image\":{\"@id\":\"https:\/\/radioportoseguro.com.br\/site\/2026\/02\/26\/marine-friesen-lanca-fogo-de-deus-gravado-ao-vivo-no-rio-de-janeiro\/#primaryimage\"},\"thumbnailUrl\":\"https:\/\/radioportoseguro.com.br\/site\/wp-content\/uploads\/2026\/02\/Marine-Friesen-1.jpg\",\"articleSection\":[\"M\u00fasica\"],\"inLanguage\":\"pt-BR\"},{\"@type\":\"WebPage\",\"@id\":\"https:\/\/radioportoseguro.com.br\/site\/2026\/02\/26\/marine-friesen-lanca-fogo-de-deus-gravado-ao-vivo-no-rio-de-janeiro\/\",\"url\":\"https:\/\/radioportoseguro.com.br\/site\/2026\/02\/26\/marine-friesen-lanca-fogo-de-deus-gravado-ao-vivo-no-rio-de-janeiro\/\",\"name\":\"Marine Friesen lan\u00e7a \u201cFogo de Deus\u201d gravado ao vivo no Rio de Janeiro - R\u00e1dio Porto Seguro\",\"isPartOf\":{\"@id\":\"https:\/\/radioportoseguro.com.br\/site\/#website\"},\"primaryImageOfPage\":{\"@id\":\"https:\/\/radioportoseguro.com.br\/site\/2026\/02\/26\/marine-friesen-lanca-fogo-de-deus-gravado-ao-vivo-no-rio-de-janeiro\/#primaryimage\"},\"image\":{\"@id\":\"https:\/\/radioportoseguro.com.br\/site\/2026\/02\/26\/marine-friesen-lanca-fogo-de-deus-gravado-ao-vivo-no-rio-de-janeiro\/#primaryimage\"},\"thumbnailUrl\":\"https:\/\/radioportoseguro.com.br\/site\/wp-content\/uploads\/2026\/02\/Marine-Friesen-1.jpg\",\"datePublished\":\"2026-02-26T22:24:23+00:00\",\"dateModified\":\"2026-02-26T22:53:31+00:00\",\"author\":{\"@id\":\"https:\/\/radioportoseguro.com.br\/site\/#\/schema\/person\/d1960d33baebee56275cbda6d8aef297\"},\"breadcrumb\":{\"@id\":\"https:\/\/radioportoseguro.com.br\/site\/2026\/02\/26\/marine-friesen-lanca-fogo-de-deus-gravado-ao-vivo-no-rio-de-janeiro\/#breadcrumb\"},\"inLanguage\":\"pt-BR\",\"potentialAction\":[{\"@type\":\"ReadAction\",\"target\":[\"https:\/\/radioportoseguro.com.br\/site\/2026\/02\/26\/marine-friesen-lanca-fogo-de-deus-gravado-ao-vivo-no-rio-de-janeiro\/\"]}]},{\"@type\":\"ImageObject\",\"inLanguage\":\"pt-BR\",\"@id\":\"https:\/\/radioportoseguro.com.br\/site\/2026\/02\/26\/marine-friesen-lanca-fogo-de-deus-gravado-ao-vivo-no-rio-de-janeiro\/#primaryimage\",\"url\":\"https:\/\/radioportoseguro.com.br\/site\/wp-content\/uploads\/2026\/02\/Marine-Friesen-1.jpg\",\"contentUrl\":\"https:\/\/radioportoseguro.com.br\/site\/wp-content\/uploads\/2026\/02\/Marine-Friesen-1.jpg\",\"width\":1280,\"height\":720},{\"@type\":\"BreadcrumbList\",\"@id\":\"https:\/\/radioportoseguro.com.br\/site\/2026\/02\/26\/marine-friesen-lanca-fogo-de-deus-gravado-ao-vivo-no-rio-de-janeiro\/#breadcrumb\",\"itemListElement\":[{\"@type\":\"ListItem\",\"position\":1,\"name\":\"In\u00edcio\",\"item\":\"https:\/\/radioportoseguro.com.br\/site\/\"},{\"@type\":\"ListItem\",\"position\":2,\"name\":\"Marine Friesen lan\u00e7a \u201cFogo de Deus\u201d gravado ao vivo no Rio de Janeiro\"}]},{\"@type\":\"WebSite\",\"@id\":\"https:\/\/radioportoseguro.com.br\/site\/#website\",\"url\":\"https:\/\/radioportoseguro.com.br\/site\/\",\"name\":\"R\u00e1dio Porto Seguro\",\"description\":\"\",\"potentialAction\":[{\"@type\":\"SearchAction\",\"target\":{\"@type\":\"EntryPoint\",\"urlTemplate\":\"https:\/\/radioportoseguro.com.br\/site\/?s={search_term_string}\"},\"query-input\":{\"@type\":\"PropertyValueSpecification\",\"valueRequired\":true,\"valueName\":\"search_term_string\"}}],\"inLanguage\":\"pt-BR\"},{\"@type\":\"Person\",\"@id\":\"https:\/\/radioportoseguro.com.br\/site\/#\/schema\/person\/d1960d33baebee56275cbda6d8aef297\",\"name\":\"Leandro\",\"image\":{\"@type\":\"ImageObject\",\"inLanguage\":\"pt-BR\",\"@id\":\"https:\/\/radioportoseguro.com.br\/site\/#\/schema\/person\/image\/\",\"url\":\"https:\/\/secure.gravatar.com\/avatar\/ef93c9092aa97a95069df7b16c09c8dbc33c82d44a4f084e05b8f74f7ee2dd04?s=96&d=mm&r=g\",\"contentUrl\":\"https:\/\/secure.gravatar.com\/avatar\/ef93c9092aa97a95069df7b16c09c8dbc33c82d44a4f084e05b8f74f7ee2dd04?s=96&d=mm&r=g\",\"caption\":\"Leandro\"},\"url\":\"https:\/\/radioportoseguro.com.br\/site\/author\/leandro\/\"}]}<\/script>\n<!-- \/ Yoast SEO plugin. -->","yoast_head_json":{"title":"Marine Friesen lan\u00e7a \u201cFogo de Deus\u201d gravado ao vivo no Rio de Janeiro - R\u00e1dio Porto Seguro","robots":{"index":"index","follow":"follow","max-snippet":"max-snippet:-1","max-image-preview":"max-image-preview:large","max-video-preview":"max-video-preview:-1"},"canonical":"https:\/\/radioportoseguro.com.br\/site\/2026\/02\/26\/marine-friesen-lanca-fogo-de-deus-gravado-ao-vivo-no-rio-de-janeiro\/","og_locale":"pt_BR","og_type":"article","og_title":"Marine Friesen lan\u00e7a \u201cFogo de Deus\u201d gravado ao vivo no Rio de Janeiro - R\u00e1dio Porto Seguro","og_description":"Nova can\u00e7\u00e3o d\u00e1 continuidade ao projeto lan\u00e7ado single a single e refor\u00e7a a atmosfera de adora\u00e7\u00e3o, presen\u00e7a e gl\u00f3ria que marca o novo tempo da cantora. Na ter\u00e7a-feira (10), Marine Friesen apresentou ao p\u00fablico mais um cap\u00edtulo do seu novo EP JEOV\u00c1, projeto gravado ao vivo no Rio de Janeiro e que vem sendo lan\u00e7ado [&hellip;]","og_url":"https:\/\/radioportoseguro.com.br\/site\/2026\/02\/26\/marine-friesen-lanca-fogo-de-deus-gravado-ao-vivo-no-rio-de-janeiro\/","og_site_name":"R\u00e1dio Porto Seguro","article_published_time":"2026-02-26T22:24:23+00:00","article_modified_time":"2026-02-26T22:53:31+00:00","og_image":[{"width":1280,"height":720,"url":"https:\/\/radioportoseguro.com.br\/site\/wp-content\/uploads\/2026\/02\/Marine-Friesen-1.jpg","type":"image\/jpeg"}],"author":"Leandro","twitter_card":"summary_large_image","twitter_misc":{"Escrito por":"Leandro","Est. tempo de leitura":"2 minutos"},"schema":{"@context":"https:\/\/schema.org","@graph":[{"@type":"Article","@id":"https:\/\/radioportoseguro.com.br\/site\/2026\/02\/26\/marine-friesen-lanca-fogo-de-deus-gravado-ao-vivo-no-rio-de-janeiro\/#article","isPartOf":{"@id":"https:\/\/radioportoseguro.com.br\/site\/2026\/02\/26\/marine-friesen-lanca-fogo-de-deus-gravado-ao-vivo-no-rio-de-janeiro\/"},"author":{"name":"Leandro","@id":"https:\/\/radioportoseguro.com.br\/site\/#\/schema\/person\/d1960d33baebee56275cbda6d8aef297"},"headline":"Marine Friesen lan\u00e7a \u201cFogo de Deus\u201d gravado ao vivo no Rio de Janeiro","datePublished":"2026-02-26T22:24:23+00:00","dateModified":"2026-02-26T22:53:31+00:00","mainEntityOfPage":{"@id":"https:\/\/radioportoseguro.com.br\/site\/2026\/02\/26\/marine-friesen-lanca-fogo-de-deus-gravado-ao-vivo-no-rio-de-janeiro\/"},"wordCount":309,"image":{"@id":"https:\/\/radioportoseguro.com.br\/site\/2026\/02\/26\/marine-friesen-lanca-fogo-de-deus-gravado-ao-vivo-no-rio-de-janeiro\/#primaryimage"},"thumbnailUrl":"https:\/\/radioportoseguro.com.br\/site\/wp-content\/uploads\/2026\/02\/Marine-Friesen-1.jpg","articleSection":["M\u00fasica"],"inLanguage":"pt-BR"},{"@type":"WebPage","@id":"https:\/\/radioportoseguro.com.br\/site\/2026\/02\/26\/marine-friesen-lanca-fogo-de-deus-gravado-ao-vivo-no-rio-de-janeiro\/","url":"https:\/\/radioportoseguro.com.br\/site\/2026\/02\/26\/marine-friesen-lanca-fogo-de-deus-gravado-ao-vivo-no-rio-de-janeiro\/","name":"Marine Friesen lan\u00e7a \u201cFogo de Deus\u201d gravado ao vivo no Rio de Janeiro - R\u00e1dio Porto Seguro","isPartOf":{"@id":"https:\/\/radioportoseguro.com.br\/site\/#website"},"primaryImageOfPage":{"@id":"https:\/\/radioportoseguro.com.br\/site\/2026\/02\/26\/marine-friesen-lanca-fogo-de-deus-gravado-ao-vivo-no-rio-de-janeiro\/#primaryimage"},"image":{"@id":"https:\/\/radioportoseguro.com.br\/site\/2026\/02\/26\/marine-friesen-lanca-fogo-de-deus-gravado-ao-vivo-no-rio-de-janeiro\/#primaryimage"},"thumbnailUrl":"https:\/\/radioportoseguro.com.br\/site\/wp-content\/uploads\/2026\/02\/Marine-Friesen-1.jpg","datePublished":"2026-02-26T22:24:23+00:00","dateModified":"2026-02-26T22:53:31+00:00","author":{"@id":"https:\/\/radioportoseguro.com.br\/site\/#\/schema\/person\/d1960d33baebee56275cbda6d8aef297"},"breadcrumb":{"@id":"https:\/\/radioportoseguro.com.br\/site\/2026\/02\/26\/marine-friesen-lanca-fogo-de-deus-gravado-ao-vivo-no-rio-de-janeiro\/#breadcrumb"},"inLanguage":"pt-BR","potentialAction":[{"@type":"ReadAction","target":["https:\/\/radioportoseguro.com.br\/site\/2026\/02\/26\/marine-friesen-lanca-fogo-de-deus-gravado-ao-vivo-no-rio-de-janeiro\/"]}]},{"@type":"ImageObject","inLanguage":"pt-BR","@id":"https:\/\/radioportoseguro.com.br\/site\/2026\/02\/26\/marine-friesen-lanca-fogo-de-deus-gravado-ao-vivo-no-rio-de-janeiro\/#primaryimage","url":"https:\/\/radioportoseguro.com.br\/site\/wp-content\/uploads\/2026\/02\/Marine-Friesen-1.jpg","contentUrl":"https:\/\/radioportoseguro.com.br\/site\/wp-content\/uploads\/2026\/02\/Marine-Friesen-1.jpg","width":1280,"height":720},{"@type":"BreadcrumbList","@id":"https:\/\/radioportoseguro.com.br\/site\/2026\/02\/26\/marine-friesen-lanca-fogo-de-deus-gravado-ao-vivo-no-rio-de-janeiro\/#breadcrumb","itemListElement":[{"@type":"ListItem","position":1,"name":"In\u00edcio","item":"https:\/\/radioportoseguro.com.br\/site\/"},{"@type":"ListItem","position":2,"name":"Marine Friesen lan\u00e7a \u201cFogo de Deus\u201d gravado ao vivo no Rio de Janeiro"}]},{"@type":"WebSite","@id":"https:\/\/radioportoseguro.com.br\/site\/#website","url":"https:\/\/radioportoseguro.com.br\/site\/","name":"R\u00e1dio Porto Seguro","description":"","potentialAction":[{"@type":"SearchAction","target":{"@type":"EntryPoint","urlTemplate":"https:\/\/radioportoseguro.com.br\/site\/?s={search_term_string}"},"query-input":{"@type":"PropertyValueSpecification","valueRequired":true,"valueName":"search_term_string"}}],"inLanguage":"pt-BR"},{"@type":"Person","@id":"https:\/\/radioportoseguro.com.br\/site\/#\/schema\/person\/d1960d33baebee56275cbda6d8aef297","name":"Leandro","image":{"@type":"ImageObject","inLanguage":"pt-BR","@id":"https:\/\/radioportoseguro.com.br\/site\/#\/schema\/person\/image\/","url":"https:\/\/secure.gravatar.com\/avatar\/ef93c9092aa97a95069df7b16c09c8dbc33c82d44a4f084e05b8f74f7ee2dd04?s=96&d=mm&r=g","contentUrl":"https:\/\/secure.gravatar.com\/avatar\/ef93c9092aa97a95069df7b16c09c8dbc33c82d44a4f084e05b8f74f7ee2dd04?s=96&d=mm&r=g","caption":"Leandro"},"url":"https:\/\/radioportoseguro.com.br\/site\/author\/leandro\/"}]}},"_links":{"self":[{"href":"https:\/\/radioportoseguro.com.br\/site\/wp-json\/wp\/v2\/posts\/4417","targetHints":{"allow":["GET"]}}],"collection":[{"href":"https:\/\/radioportoseguro.com.br\/site\/wp-json\/wp\/v2\/posts"}],"about":[{"href":"https:\/\/radioportoseguro.com.br\/site\/wp-json\/wp\/v2\/types\/post"}],"author":[{"embeddable":true,"href":"https:\/\/radioportoseguro.com.br\/site\/wp-json\/wp\/v2\/users\/2"}],"replies":[{"embeddable":true,"href":"https:\/\/radioportoseguro.com.br\/site\/wp-json\/wp\/v2\/comments?post=4417"}],"version-history":[{"count":4,"href":"https:\/\/radioportoseguro.com.br\/site\/wp-json\/wp\/v2\/posts\/4417\/revisions"}],"predecessor-version":[{"id":4439,"href":"https:\/\/radioportoseguro.com.br\/site\/wp-json\/wp\/v2\/posts\/4417\/revisions\/4439"}],"wp:featuredmedia":[{"embeddable":true,"href":"https:\/\/radioportoseguro.com.br\/site\/wp-json\/wp\/v2\/media\/4438"}],"wp:attachment":[{"href":"https:\/\/radioportoseguro.com.br\/site\/wp-json\/wp\/v2\/media?parent=4417"}],"wp:term":[{"taxonomy":"category","embeddable":true,"href":"https:\/\/radioportoseguro.com.br\/site\/wp-json\/wp\/v2\/categories?post=4417"},{"taxonomy":"post_tag","embeddable":true,"href":"https:\/\/radioportoseguro.com.br\/site\/wp-json\/wp\/v2\/tags?post=4417"}],"curies":[{"name":"wp","href":"https:\/\/api.w.org\/{rel}","templated":true}]}}