{"id":4423,"date":"2026-02-26T19:33:14","date_gmt":"2026-02-26T22:33:14","guid":{"rendered":"https:\/\/radioportoseguro.com.br\/site\/?p=4423"},"modified":"2026-02-26T19:50:30","modified_gmt":"2026-02-26T22:50:30","slug":"paulo-neto-apresenta-o-ceu-te-ve-em-parceria-com-clayton-queiroz","status":"publish","type":"post","link":"https:\/\/radioportoseguro.com.br\/site\/2026\/02\/26\/paulo-neto-apresenta-o-ceu-te-ve-em-parceria-com-clayton-queiroz\/","title":{"rendered":"Paulo Neto apresenta \u201cO C\u00e9u Te V\u00ea\u201d, em parceria com Clayton Queiroz"},"content":{"rendered":"<p data-start=\"241\" data-end=\"566\">Nesta sexta-feira (06), Paulo Neto chega com\u00a0<a href=\"https:\/\/mkmusic.ffm.to\/oceuteveaovivo\">\u201cO C\u00e9u Te V\u00ea\u201d<\/a>\u00a0que conta com a participa\u00e7\u00e3o especial de Clayton Queiroz e marca o encerramento de um projeto constru\u00eddo com intensidade, sensibilidade e muita verdade.<\/p>\n<p data-start=\"568\" data-end=\"888\">Ao longo dos lan\u00e7amentos, Paulo Neto tem compartilhado can\u00e7\u00f5es que nasceram de experi\u00eancias profundas com Deus e que t\u00eam gerado forte conex\u00e3o com o p\u00fablico. Agora, na faixa final, o cantor celebra n\u00e3o apenas a conclus\u00e3o do projeto, mas tamb\u00e9m o impacto que cada m\u00fasica tem causado na vida de quem acompanha esse caminho.<\/p>\n<p data-start=\"890\" data-end=\"1193\">\u201cGente, que alegria poder compartilhar com todos mais um projeto ao vivo. Deus foi mais uma vez generoso comigo e me inspirou para escrever can\u00e7\u00f5es que considero presentes. Desde a primeira faixa, tenho recebido muitas mensagens de pessoas sendo tocadas atrav\u00e9s dessas m\u00fasicas\u2026\u201d, compartilha Paulo Neto.<\/p>\n<p data-start=\"1195\" data-end=\"1548\">A participa\u00e7\u00e3o de Clayton Queiroz trouxe ainda mais significado \u00e0 can\u00e7\u00e3o. Segundo Paulo, dividir esse momento com o amigo foi especial e carregado de emo\u00e7\u00e3o. \u201cReceber meu amigo, meu irm\u00e3o Clayton Queiroz foi muito marcante. A vida dele j\u00e1 \u00e9 uma grande li\u00e7\u00e3o de supera\u00e7\u00e3o. Sua defici\u00eancia visual se transformou em testemunho de f\u00e9 e autoridade\u201d, destaca.<\/p>\n<p data-start=\"1550\" data-end=\"1801\">\u201cO C\u00e9u Te V\u00ea\u201d fala sobre o cuidado constante de Deus, mesmo em meio \u00e0s adversidades e quando tudo parece virar contra n\u00f3s. Uma can\u00e7\u00e3o que aponta para a esperan\u00e7a, para a confian\u00e7a e para a certeza de que o olhar de Deus permanece atento em todo tempo.<\/p>\n<p data-start=\"1803\" data-end=\"1954\" data-is-last-node=\"\" data-is-only-node=\"\">A produ\u00e7\u00e3o musical do projeto \u00e9 assinada por Ed Oliver, refor\u00e7ando a identidade sonora do EP e encerrando esse ciclo com excel\u00eancia e profundidade.<\/p>\n<p><div class=\"ose-youtube ose-uid-b7997bf18f7efc594f148d37f8872cda ose-embedpress-responsive\" style=\"width:600px; height:600px; max-height:600px; max-width:100%; display:inline-block;\" data-embed-type=\"Youtube\"><iframe allowFullScreen=\"true\" title=\"Paulo Neto e Clayton Queiroz - O C\u00e9u Te V\u00ea (Ao Vivo) (Clipe Oficial MK Music)\" width=\"600\" height=\"600\" src=\"https:\/\/www.youtube.com\/embed\/NUGG1ltBElQ?feature=oembed&color=red&rel=0&controls=1&start=&end=&fs=0&iv_load_policy=0&autoplay=0&mute=0&modestbranding=0&cc_load_policy=1&playsinline=1\" frameborder=\"0\" allow=\"accelerometer; encrypted-media;accelerometer;autoplay;clipboard-write;gyroscope;picture-in-picture clipboard-write; encrypted-media; gyroscope; picture-in-picture; web-share\" referrerpolicy=\"strict-origin-when-cross-origin\" allowfullscreen><\/iframe><\/div><\/p>\n<p data-start=\"1803\" data-end=\"1954\" data-is-last-node=\"\" data-is-only-node=\"\">Fonte: mkmusic<\/p>\n","protected":false},"excerpt":{"rendered":"<p>Nesta sexta-feira (06), Paulo Neto chega com\u00a0\u201cO C\u00e9u Te V\u00ea\u201d\u00a0que conta com a participa\u00e7\u00e3o especial de Clayton Queiroz e marca o encerramento de um projeto constru\u00eddo com intensidade, sensibilidade e muita verdade. Ao longo dos lan\u00e7amentos, Paulo Neto tem compartilhado can\u00e7\u00f5es que nasceram de experi\u00eancias profundas com Deus e que t\u00eam gerado forte conex\u00e3o com [&hellip;]<\/p>\n","protected":false},"author":2,"featured_media":4435,"comment_status":"closed","ping_status":"open","sticky":false,"template":"","format":"standard","meta":{"footnotes":""},"categories":[4],"tags":[],"class_list":["post-4423","post","type-post","status-publish","format-standard","has-post-thumbnail","hentry","category-musica"],"yoast_head":"<!-- This site is optimized with the Yoast SEO plugin v26.8 - https:\/\/yoast.com\/product\/yoast-seo-wordpress\/ -->\n<title>Paulo Neto apresenta \u201cO C\u00e9u Te V\u00ea\u201d, em parceria com Clayton Queiroz - R\u00e1dio Porto Seguro<\/title>\n<meta name=\"robots\" content=\"index, follow, max-snippet:-1, max-image-preview:large, max-video-preview:-1\" \/>\n<link rel=\"canonical\" href=\"https:\/\/radioportoseguro.com.br\/site\/2026\/02\/26\/paulo-neto-apresenta-o-ceu-te-ve-em-parceria-com-clayton-queiroz\/\" \/>\n<meta property=\"og:locale\" content=\"pt_BR\" \/>\n<meta property=\"og:type\" content=\"article\" \/>\n<meta property=\"og:title\" content=\"Paulo Neto apresenta \u201cO C\u00e9u Te V\u00ea\u201d, em parceria com Clayton Queiroz - R\u00e1dio Porto Seguro\" \/>\n<meta property=\"og:description\" content=\"Nesta sexta-feira (06), Paulo Neto chega com\u00a0\u201cO C\u00e9u Te V\u00ea\u201d\u00a0que conta com a participa\u00e7\u00e3o especial de Clayton Queiroz e marca o encerramento de um projeto constru\u00eddo com intensidade, sensibilidade e muita verdade. Ao longo dos lan\u00e7amentos, Paulo Neto tem compartilhado can\u00e7\u00f5es que nasceram de experi\u00eancias profundas com Deus e que t\u00eam gerado forte conex\u00e3o com [&hellip;]\" \/>\n<meta property=\"og:url\" content=\"https:\/\/radioportoseguro.com.br\/site\/2026\/02\/26\/paulo-neto-apresenta-o-ceu-te-ve-em-parceria-com-clayton-queiroz\/\" \/>\n<meta property=\"og:site_name\" content=\"R\u00e1dio Porto Seguro\" \/>\n<meta property=\"article:published_time\" content=\"2026-02-26T22:33:14+00:00\" \/>\n<meta property=\"article:modified_time\" content=\"2026-02-26T22:50:30+00:00\" \/>\n<meta property=\"og:image\" content=\"https:\/\/radioportoseguro.com.br\/site\/wp-content\/uploads\/2026\/02\/Paulo-Neto-com-Clayton-Queiroz-1.jpg\" \/>\n\t<meta property=\"og:image:width\" content=\"1024\" \/>\n\t<meta property=\"og:image:height\" content=\"576\" \/>\n\t<meta property=\"og:image:type\" content=\"image\/jpeg\" \/>\n<meta name=\"author\" content=\"Leandro\" \/>\n<meta name=\"twitter:card\" content=\"summary_large_image\" \/>\n<meta name=\"twitter:label1\" content=\"Escrito por\" \/>\n\t<meta name=\"twitter:data1\" content=\"Leandro\" \/>\n\t<meta name=\"twitter:label2\" content=\"Est. tempo de leitura\" \/>\n\t<meta name=\"twitter:data2\" content=\"2 minutos\" \/>\n<script type=\"application\/ld+json\" class=\"yoast-schema-graph\">{\"@context\":\"https:\/\/schema.org\",\"@graph\":[{\"@type\":\"Article\",\"@id\":\"https:\/\/radioportoseguro.com.br\/site\/2026\/02\/26\/paulo-neto-apresenta-o-ceu-te-ve-em-parceria-com-clayton-queiroz\/#article\",\"isPartOf\":{\"@id\":\"https:\/\/radioportoseguro.com.br\/site\/2026\/02\/26\/paulo-neto-apresenta-o-ceu-te-ve-em-parceria-com-clayton-queiroz\/\"},\"author\":{\"name\":\"Leandro\",\"@id\":\"https:\/\/radioportoseguro.com.br\/site\/#\/schema\/person\/d1960d33baebee56275cbda6d8aef297\"},\"headline\":\"Paulo Neto apresenta \u201cO C\u00e9u Te V\u00ea\u201d, em parceria com Clayton Queiroz\",\"datePublished\":\"2026-02-26T22:33:14+00:00\",\"dateModified\":\"2026-02-26T22:50:30+00:00\",\"mainEntityOfPage\":{\"@id\":\"https:\/\/radioportoseguro.com.br\/site\/2026\/02\/26\/paulo-neto-apresenta-o-ceu-te-ve-em-parceria-com-clayton-queiroz\/\"},\"wordCount\":315,\"image\":{\"@id\":\"https:\/\/radioportoseguro.com.br\/site\/2026\/02\/26\/paulo-neto-apresenta-o-ceu-te-ve-em-parceria-com-clayton-queiroz\/#primaryimage\"},\"thumbnailUrl\":\"https:\/\/radioportoseguro.com.br\/site\/wp-content\/uploads\/2026\/02\/Paulo-Neto-com-Clayton-Queiroz-1.jpg\",\"articleSection\":[\"M\u00fasica\"],\"inLanguage\":\"pt-BR\"},{\"@type\":\"WebPage\",\"@id\":\"https:\/\/radioportoseguro.com.br\/site\/2026\/02\/26\/paulo-neto-apresenta-o-ceu-te-ve-em-parceria-com-clayton-queiroz\/\",\"url\":\"https:\/\/radioportoseguro.com.br\/site\/2026\/02\/26\/paulo-neto-apresenta-o-ceu-te-ve-em-parceria-com-clayton-queiroz\/\",\"name\":\"Paulo Neto apresenta \u201cO C\u00e9u Te V\u00ea\u201d, em parceria com Clayton Queiroz - R\u00e1dio Porto Seguro\",\"isPartOf\":{\"@id\":\"https:\/\/radioportoseguro.com.br\/site\/#website\"},\"primaryImageOfPage\":{\"@id\":\"https:\/\/radioportoseguro.com.br\/site\/2026\/02\/26\/paulo-neto-apresenta-o-ceu-te-ve-em-parceria-com-clayton-queiroz\/#primaryimage\"},\"image\":{\"@id\":\"https:\/\/radioportoseguro.com.br\/site\/2026\/02\/26\/paulo-neto-apresenta-o-ceu-te-ve-em-parceria-com-clayton-queiroz\/#primaryimage\"},\"thumbnailUrl\":\"https:\/\/radioportoseguro.com.br\/site\/wp-content\/uploads\/2026\/02\/Paulo-Neto-com-Clayton-Queiroz-1.jpg\",\"datePublished\":\"2026-02-26T22:33:14+00:00\",\"dateModified\":\"2026-02-26T22:50:30+00:00\",\"author\":{\"@id\":\"https:\/\/radioportoseguro.com.br\/site\/#\/schema\/person\/d1960d33baebee56275cbda6d8aef297\"},\"breadcrumb\":{\"@id\":\"https:\/\/radioportoseguro.com.br\/site\/2026\/02\/26\/paulo-neto-apresenta-o-ceu-te-ve-em-parceria-com-clayton-queiroz\/#breadcrumb\"},\"inLanguage\":\"pt-BR\",\"potentialAction\":[{\"@type\":\"ReadAction\",\"target\":[\"https:\/\/radioportoseguro.com.br\/site\/2026\/02\/26\/paulo-neto-apresenta-o-ceu-te-ve-em-parceria-com-clayton-queiroz\/\"]}]},{\"@type\":\"ImageObject\",\"inLanguage\":\"pt-BR\",\"@id\":\"https:\/\/radioportoseguro.com.br\/site\/2026\/02\/26\/paulo-neto-apresenta-o-ceu-te-ve-em-parceria-com-clayton-queiroz\/#primaryimage\",\"url\":\"https:\/\/radioportoseguro.com.br\/site\/wp-content\/uploads\/2026\/02\/Paulo-Neto-com-Clayton-Queiroz-1.jpg\",\"contentUrl\":\"https:\/\/radioportoseguro.com.br\/site\/wp-content\/uploads\/2026\/02\/Paulo-Neto-com-Clayton-Queiroz-1.jpg\",\"width\":1024,\"height\":576},{\"@type\":\"BreadcrumbList\",\"@id\":\"https:\/\/radioportoseguro.com.br\/site\/2026\/02\/26\/paulo-neto-apresenta-o-ceu-te-ve-em-parceria-com-clayton-queiroz\/#breadcrumb\",\"itemListElement\":[{\"@type\":\"ListItem\",\"position\":1,\"name\":\"In\u00edcio\",\"item\":\"https:\/\/radioportoseguro.com.br\/site\/\"},{\"@type\":\"ListItem\",\"position\":2,\"name\":\"Paulo Neto apresenta \u201cO C\u00e9u Te V\u00ea\u201d, em parceria com Clayton Queiroz\"}]},{\"@type\":\"WebSite\",\"@id\":\"https:\/\/radioportoseguro.com.br\/site\/#website\",\"url\":\"https:\/\/radioportoseguro.com.br\/site\/\",\"name\":\"R\u00e1dio Porto Seguro\",\"description\":\"\",\"potentialAction\":[{\"@type\":\"SearchAction\",\"target\":{\"@type\":\"EntryPoint\",\"urlTemplate\":\"https:\/\/radioportoseguro.com.br\/site\/?s={search_term_string}\"},\"query-input\":{\"@type\":\"PropertyValueSpecification\",\"valueRequired\":true,\"valueName\":\"search_term_string\"}}],\"inLanguage\":\"pt-BR\"},{\"@type\":\"Person\",\"@id\":\"https:\/\/radioportoseguro.com.br\/site\/#\/schema\/person\/d1960d33baebee56275cbda6d8aef297\",\"name\":\"Leandro\",\"image\":{\"@type\":\"ImageObject\",\"inLanguage\":\"pt-BR\",\"@id\":\"https:\/\/radioportoseguro.com.br\/site\/#\/schema\/person\/image\/\",\"url\":\"https:\/\/secure.gravatar.com\/avatar\/ef93c9092aa97a95069df7b16c09c8dbc33c82d44a4f084e05b8f74f7ee2dd04?s=96&d=mm&r=g\",\"contentUrl\":\"https:\/\/secure.gravatar.com\/avatar\/ef93c9092aa97a95069df7b16c09c8dbc33c82d44a4f084e05b8f74f7ee2dd04?s=96&d=mm&r=g\",\"caption\":\"Leandro\"},\"url\":\"https:\/\/radioportoseguro.com.br\/site\/author\/leandro\/\"}]}<\/script>\n<!-- \/ Yoast SEO plugin. -->","yoast_head_json":{"title":"Paulo Neto apresenta \u201cO C\u00e9u Te V\u00ea\u201d, em parceria com Clayton Queiroz - R\u00e1dio Porto Seguro","robots":{"index":"index","follow":"follow","max-snippet":"max-snippet:-1","max-image-preview":"max-image-preview:large","max-video-preview":"max-video-preview:-1"},"canonical":"https:\/\/radioportoseguro.com.br\/site\/2026\/02\/26\/paulo-neto-apresenta-o-ceu-te-ve-em-parceria-com-clayton-queiroz\/","og_locale":"pt_BR","og_type":"article","og_title":"Paulo Neto apresenta \u201cO C\u00e9u Te V\u00ea\u201d, em parceria com Clayton Queiroz - R\u00e1dio Porto Seguro","og_description":"Nesta sexta-feira (06), Paulo Neto chega com\u00a0\u201cO C\u00e9u Te V\u00ea\u201d\u00a0que conta com a participa\u00e7\u00e3o especial de Clayton Queiroz e marca o encerramento de um projeto constru\u00eddo com intensidade, sensibilidade e muita verdade. Ao longo dos lan\u00e7amentos, Paulo Neto tem compartilhado can\u00e7\u00f5es que nasceram de experi\u00eancias profundas com Deus e que t\u00eam gerado forte conex\u00e3o com [&hellip;]","og_url":"https:\/\/radioportoseguro.com.br\/site\/2026\/02\/26\/paulo-neto-apresenta-o-ceu-te-ve-em-parceria-com-clayton-queiroz\/","og_site_name":"R\u00e1dio Porto Seguro","article_published_time":"2026-02-26T22:33:14+00:00","article_modified_time":"2026-02-26T22:50:30+00:00","og_image":[{"width":1024,"height":576,"url":"https:\/\/radioportoseguro.com.br\/site\/wp-content\/uploads\/2026\/02\/Paulo-Neto-com-Clayton-Queiroz-1.jpg","type":"image\/jpeg"}],"author":"Leandro","twitter_card":"summary_large_image","twitter_misc":{"Escrito por":"Leandro","Est. tempo de leitura":"2 minutos"},"schema":{"@context":"https:\/\/schema.org","@graph":[{"@type":"Article","@id":"https:\/\/radioportoseguro.com.br\/site\/2026\/02\/26\/paulo-neto-apresenta-o-ceu-te-ve-em-parceria-com-clayton-queiroz\/#article","isPartOf":{"@id":"https:\/\/radioportoseguro.com.br\/site\/2026\/02\/26\/paulo-neto-apresenta-o-ceu-te-ve-em-parceria-com-clayton-queiroz\/"},"author":{"name":"Leandro","@id":"https:\/\/radioportoseguro.com.br\/site\/#\/schema\/person\/d1960d33baebee56275cbda6d8aef297"},"headline":"Paulo Neto apresenta \u201cO C\u00e9u Te V\u00ea\u201d, em parceria com Clayton Queiroz","datePublished":"2026-02-26T22:33:14+00:00","dateModified":"2026-02-26T22:50:30+00:00","mainEntityOfPage":{"@id":"https:\/\/radioportoseguro.com.br\/site\/2026\/02\/26\/paulo-neto-apresenta-o-ceu-te-ve-em-parceria-com-clayton-queiroz\/"},"wordCount":315,"image":{"@id":"https:\/\/radioportoseguro.com.br\/site\/2026\/02\/26\/paulo-neto-apresenta-o-ceu-te-ve-em-parceria-com-clayton-queiroz\/#primaryimage"},"thumbnailUrl":"https:\/\/radioportoseguro.com.br\/site\/wp-content\/uploads\/2026\/02\/Paulo-Neto-com-Clayton-Queiroz-1.jpg","articleSection":["M\u00fasica"],"inLanguage":"pt-BR"},{"@type":"WebPage","@id":"https:\/\/radioportoseguro.com.br\/site\/2026\/02\/26\/paulo-neto-apresenta-o-ceu-te-ve-em-parceria-com-clayton-queiroz\/","url":"https:\/\/radioportoseguro.com.br\/site\/2026\/02\/26\/paulo-neto-apresenta-o-ceu-te-ve-em-parceria-com-clayton-queiroz\/","name":"Paulo Neto apresenta \u201cO C\u00e9u Te V\u00ea\u201d, em parceria com Clayton Queiroz - R\u00e1dio Porto Seguro","isPartOf":{"@id":"https:\/\/radioportoseguro.com.br\/site\/#website"},"primaryImageOfPage":{"@id":"https:\/\/radioportoseguro.com.br\/site\/2026\/02\/26\/paulo-neto-apresenta-o-ceu-te-ve-em-parceria-com-clayton-queiroz\/#primaryimage"},"image":{"@id":"https:\/\/radioportoseguro.com.br\/site\/2026\/02\/26\/paulo-neto-apresenta-o-ceu-te-ve-em-parceria-com-clayton-queiroz\/#primaryimage"},"thumbnailUrl":"https:\/\/radioportoseguro.com.br\/site\/wp-content\/uploads\/2026\/02\/Paulo-Neto-com-Clayton-Queiroz-1.jpg","datePublished":"2026-02-26T22:33:14+00:00","dateModified":"2026-02-26T22:50:30+00:00","author":{"@id":"https:\/\/radioportoseguro.com.br\/site\/#\/schema\/person\/d1960d33baebee56275cbda6d8aef297"},"breadcrumb":{"@id":"https:\/\/radioportoseguro.com.br\/site\/2026\/02\/26\/paulo-neto-apresenta-o-ceu-te-ve-em-parceria-com-clayton-queiroz\/#breadcrumb"},"inLanguage":"pt-BR","potentialAction":[{"@type":"ReadAction","target":["https:\/\/radioportoseguro.com.br\/site\/2026\/02\/26\/paulo-neto-apresenta-o-ceu-te-ve-em-parceria-com-clayton-queiroz\/"]}]},{"@type":"ImageObject","inLanguage":"pt-BR","@id":"https:\/\/radioportoseguro.com.br\/site\/2026\/02\/26\/paulo-neto-apresenta-o-ceu-te-ve-em-parceria-com-clayton-queiroz\/#primaryimage","url":"https:\/\/radioportoseguro.com.br\/site\/wp-content\/uploads\/2026\/02\/Paulo-Neto-com-Clayton-Queiroz-1.jpg","contentUrl":"https:\/\/radioportoseguro.com.br\/site\/wp-content\/uploads\/2026\/02\/Paulo-Neto-com-Clayton-Queiroz-1.jpg","width":1024,"height":576},{"@type":"BreadcrumbList","@id":"https:\/\/radioportoseguro.com.br\/site\/2026\/02\/26\/paulo-neto-apresenta-o-ceu-te-ve-em-parceria-com-clayton-queiroz\/#breadcrumb","itemListElement":[{"@type":"ListItem","position":1,"name":"In\u00edcio","item":"https:\/\/radioportoseguro.com.br\/site\/"},{"@type":"ListItem","position":2,"name":"Paulo Neto apresenta \u201cO C\u00e9u Te V\u00ea\u201d, em parceria com Clayton Queiroz"}]},{"@type":"WebSite","@id":"https:\/\/radioportoseguro.com.br\/site\/#website","url":"https:\/\/radioportoseguro.com.br\/site\/","name":"R\u00e1dio Porto Seguro","description":"","potentialAction":[{"@type":"SearchAction","target":{"@type":"EntryPoint","urlTemplate":"https:\/\/radioportoseguro.com.br\/site\/?s={search_term_string}"},"query-input":{"@type":"PropertyValueSpecification","valueRequired":true,"valueName":"search_term_string"}}],"inLanguage":"pt-BR"},{"@type":"Person","@id":"https:\/\/radioportoseguro.com.br\/site\/#\/schema\/person\/d1960d33baebee56275cbda6d8aef297","name":"Leandro","image":{"@type":"ImageObject","inLanguage":"pt-BR","@id":"https:\/\/radioportoseguro.com.br\/site\/#\/schema\/person\/image\/","url":"https:\/\/secure.gravatar.com\/avatar\/ef93c9092aa97a95069df7b16c09c8dbc33c82d44a4f084e05b8f74f7ee2dd04?s=96&d=mm&r=g","contentUrl":"https:\/\/secure.gravatar.com\/avatar\/ef93c9092aa97a95069df7b16c09c8dbc33c82d44a4f084e05b8f74f7ee2dd04?s=96&d=mm&r=g","caption":"Leandro"},"url":"https:\/\/radioportoseguro.com.br\/site\/author\/leandro\/"}]}},"_links":{"self":[{"href":"https:\/\/radioportoseguro.com.br\/site\/wp-json\/wp\/v2\/posts\/4423","targetHints":{"allow":["GET"]}}],"collection":[{"href":"https:\/\/radioportoseguro.com.br\/site\/wp-json\/wp\/v2\/posts"}],"about":[{"href":"https:\/\/radioportoseguro.com.br\/site\/wp-json\/wp\/v2\/types\/post"}],"author":[{"embeddable":true,"href":"https:\/\/radioportoseguro.com.br\/site\/wp-json\/wp\/v2\/users\/2"}],"replies":[{"embeddable":true,"href":"https:\/\/radioportoseguro.com.br\/site\/wp-json\/wp\/v2\/comments?post=4423"}],"version-history":[{"count":1,"href":"https:\/\/radioportoseguro.com.br\/site\/wp-json\/wp\/v2\/posts\/4423\/revisions"}],"predecessor-version":[{"id":4425,"href":"https:\/\/radioportoseguro.com.br\/site\/wp-json\/wp\/v2\/posts\/4423\/revisions\/4425"}],"wp:featuredmedia":[{"embeddable":true,"href":"https:\/\/radioportoseguro.com.br\/site\/wp-json\/wp\/v2\/media\/4435"}],"wp:attachment":[{"href":"https:\/\/radioportoseguro.com.br\/site\/wp-json\/wp\/v2\/media?parent=4423"}],"wp:term":[{"taxonomy":"category","embeddable":true,"href":"https:\/\/radioportoseguro.com.br\/site\/wp-json\/wp\/v2\/categories?post=4423"},{"taxonomy":"post_tag","embeddable":true,"href":"https:\/\/radioportoseguro.com.br\/site\/wp-json\/wp\/v2\/tags?post=4423"}],"curies":[{"name":"wp","href":"https:\/\/api.w.org\/{rel}","templated":true}]}}