{"id":4448,"date":"2026-02-27T00:12:55","date_gmt":"2026-02-27T03:12:55","guid":{"rendered":"https:\/\/radioportoseguro.com.br\/site\/2026\/02\/27\/prestes-a-tirar-a-vida-ateu-le-a-biblia-e-aceita-jesus-fui-restaurado\/"},"modified":"2026-02-27T00:12:55","modified_gmt":"2026-02-27T03:12:55","slug":"prestes-a-tirar-a-vida-ateu-le-a-biblia-e-aceita-jesus-fui-restaurado","status":"publish","type":"post","link":"https:\/\/radioportoseguro.com.br\/site\/2026\/02\/27\/prestes-a-tirar-a-vida-ateu-le-a-biblia-e-aceita-jesus-fui-restaurado\/","title":{"rendered":"Prestes a tirar a vida, ateu l\u00ea a B\u00edblia e aceita Jesus: \u201cFui restaurado\u201d"},"content":{"rendered":"<p><br \/>\n<br \/><\/p>\n<div>\n<p><span style=\"font-weight: 400;\">O brasileiro <\/span><span style=\"color: #800000;\"><strong>ateu<\/strong><\/span><span style=\"font-weight: 400;\"> Felipe Amorim havia acabado de se mudar para os Estados Unidos, quando enfrentou uma crise em sua sa\u00fade mental, aos 33 anos.<\/span><\/p>\n<p><span style=\"font-weight: 400;\">Quem olhava de fora, acreditava que Felipe tinha tudo, mas ele se sentia cada vez mais vazio.<\/span><\/p>\n<p><span style=\"font-weight: 400;\">\u201cEu sempre tive uma cabe\u00e7a muito cient\u00edfica, no sentido de sempre precisar muito de respostas. Eu sempre busquei resposta pra tudo. E eu vivi uma vida completamente louca, tinha um vazio existencial que nada preenchia. Eu experimentei de tudo e nada preenchia\u201d, contou Amorim, em v\u00eddeo no Instagram, no \u00faltimo domingo (22).<\/span><\/p>\n<p><span style=\"font-weight: 400;\">\u201cQuando eu cheguei nos EUA, alguns meses depois, eu ca\u00ed numa <\/span><span style=\"color: #800000;\"><strong>depress\u00e3o<\/strong><\/span><span style=\"font-weight: 400;\"> profunda. Eu j\u00e1 tinha tido outras crises, mas essa foi, de longe, a pior delas. J\u00e1 fazia mais de semanas que eu n\u00e3o conseguia fazer nada, n\u00e3o conseguia levantar, n\u00e3o conseguia trabalhar\u201d.<\/span><\/p>\n<p><span style=\"font-weight: 400;\">Certo dia, se sentindo completamente desesperado, Felipe decidiu que iria cometer <\/span><span style=\"color: #800000;\"><strong>suic\u00eddio<\/strong><\/span><span style=\"font-weight: 400;\">.\u00a0<\/span><\/p>\n<p><span style=\"font-weight: 400;\">\u201cLembro que eu estava sentado na sacada do meu apartamento com a minha esposa, chorando sem saber porqu\u00ea. Eu falei para ela: \u2018Eu espero que voc\u00ea e as crian\u00e7as me perdoem um dia, porque eu desisti, eu n\u00e3o aguento mais\u2019\u201d, relatou<\/span><\/p>\n<p><span style=\"font-weight: 400;\">E explicou: \u201cA dor de continuar vivendo, o medo de continuar vivendo era maior do que o medo de morrer\u201d.<\/span><\/p>\n<p><span style=\"font-weight: 400;\">Mesmo sendo ateu, Felipe chegou a dizer: \u201cSe Deus existe, est\u00e1 na hora Dele aparecer, porque eu n\u00e3o aguento mais\u201d.<\/span><\/p>\n<p><strong>Tentando provar que Deus n\u00e3o existe<\/strong><\/p>\n<p><span style=\"font-weight: 400;\">Pouco tempo depois, ele decidiu ler a B\u00edblia da esposa, que era crist\u00e3, para provar que Deus n\u00e3o era real.<\/span><\/p>\n<p><span style=\"font-weight: 400;\">\u201cFalei: \u2018Eu vou ler esse livro mais uma vez para provar pra ela que Deus n\u00e3o existe pela B\u00edblia. E quando eu provar pra ela, eu vou acabar com tudo isso\u2019\u201d, contou.<\/span><\/p>\n<p><span style=\"font-weight: 400;\">Entretanto, o ateu n\u00e3o conseguiu resistir ao poder da Palavra. \u201cAbri a B\u00edblia e comecei a ler. A\u00ed cheguei na parte em \u00caxodo, quando Mois\u00e9s pergunta pra Deus o seu nome. E Ele diz para Mois\u00e9s \u2018Eu sou quem Eu sou\u2019\u201d, afirmou.<\/span><\/p>\n<p><span style=\"font-weight: 400;\">\u201cQuando eu li aquilo, minha esposa conta que eu comecei a andar pelo quarto meio doido, e comecei a repetir: \u2018\u00c9 claro, Ele falou desde o in\u00edcio. \u00c9 l\u00f3gico, \u00e9 cient\u00edfico. Eu sou, Ele \u00e9, est\u00e1 aqui desde o in\u00edcio\u2019\u201d, comentou Felipe.<\/span><\/p>\n<p><span style=\"font-weight: 400;\">Naquela noite, pela primeira vez em sua vida, ele conseguiu dormir tranquilamente. \u201cEu apaguei, isso me marcou porque foi a primeira vez em 33 anos que eu dormi em paz. Eu sempre tive um sono muito conturbado, eu via e ouvia coisas. E desse dia em diante, eu nunca vi nem ouvi mais nada, e nunca mais pedi uma noite de sono\u201d, observou.<\/span><\/p>\n<p><strong>Transformado por Jesus<\/strong><\/p>\n<p><span style=\"font-weight: 400;\">No dia seguinte, Felipe acordou totalmente diferente e o vazio que sentia havia desaparecido.<\/span><\/p>\n<p><span style=\"font-weight: 400;\">\u201cAlguma coisa dentro de mim tinha sido preenchida, e eu j\u00e1 n\u00e3o dava falta de nada, como fala em Salmos: \u2018O Senhor \u00e9 meu pastor, e de nada dou falta\u2019\u201d, testemunhou.<\/span><\/p>\n<p><span style=\"font-weight: 400;\">O homem aceitou Jesus como seu Salvador, come\u00e7ou a frequentar uma igreja e a buscar ao Senhor.<\/span><\/p>\n<p><span style=\"font-weight: 400;\">\u201cHoje, Deus \u00e9 uma realidade absoluta pra mim, eu n\u00e3o tenho mais quest\u00f5es, eu n\u00e3o tenho mais d\u00favidas, Deus \u00e9\u201d, disse Felipe.<\/span><\/p>\n<p><span style=\"font-weight: 400;\">Ap\u00f3s se converter, o ex-ateu viu sua fam\u00edlia e seu casamento serem restaurados por Cristo.\u00a0<\/span><\/p>\n<p><span style=\"font-weight: 400;\">\u201cA minha paternidade foi restaurada, tudo da minha vida foi restaurado. Com miseric\u00f3rdia e um amor inexplic\u00e1veis, Ele me perdoou e me salvou. N\u00e3o tem nada mais importante do que entregar a vida por Aquele que morreu por mim sem eu merecer\u201d, declarou.<\/span><\/p>\n<p><span style=\"font-weight: 400;\">Felipe ainda incentivou as pessoas a encontrarem o verdadeiro sentido da vida em Jesus. \u201cEu digo pras pessoas que o seu cora\u00e7\u00e3o \u00e9 um tabern\u00e1culo, e n\u00e3o h\u00e1 nada que preencha um tabern\u00e1culo que n\u00e3o seja Deus. Ele pode estar cheio de pessoas ao redor, ser bonito, cheio de riquezas, se Deus n\u00e3o estiver l\u00e1 dentro, Ele continua vazio\u201d, finalizou.<\/span><\/p>\n<blockquote class=\"instagram-media\" style=\"background: #FFF; border: 0; border-radius: 3px; box-shadow: 0 0 1px 0 rgba(0,0,0,0.5),0 1px 10px 0 rgba(0,0,0,0.15); margin: 1px; max-width: 540px; min-width: 326px; padding: 0; width: calc(100% - 2px);\" data-instgrm-captioned=\"\" data-instgrm-permalink=\"https:\/\/www.instagram.com\/reel\/DT1FS97EdNM\/?utm_source=ig_embed&amp;utm_campaign=loading\" data-instgrm-version=\"14\"><p>&#13;<br \/>\n&#13;\n<\/p><\/blockquote>\n<p><strong>Caso voc\u00ea esteja pensando em cometer suic\u00eddio, procure ajuda especializada como o CVV e os CAPS (Centros de Aten\u00e7\u00e3o Psicossocial) da sua cidade.<\/strong><\/p>\n<p><strong>O CVV (https:\/\/www.cvv.org.br\/) funciona 24 horas por dia (inclusive aos feriados) pelo telefone 188, e tamb\u00e9m atende por e-mail, chat e pessoalmente. S\u00e3o mais de 120 postos de atendimento em todo o Brasil.<\/strong><\/p>\n<\/div>\n<p><script async src=\"\/\/www.instagram.com\/embed.js\"><\/script><br \/>\n<br \/><br \/>\n<br \/>Fonte: Guiame <\/p>\n","protected":false},"excerpt":{"rendered":"<p>O brasileiro ateu Felipe Amorim havia acabado de se mudar para os Estados Unidos, quando enfrentou uma crise em sua sa\u00fade mental, aos 33 anos. Quem olhava de fora, acreditava que Felipe tinha tudo, mas ele se sentia cada vez mais vazio. \u201cEu sempre tive uma cabe\u00e7a muito cient\u00edfica, no sentido de sempre precisar muito [&hellip;]<\/p>\n","protected":false},"author":1,"featured_media":4449,"comment_status":"","ping_status":"open","sticky":false,"template":"","format":"standard","meta":{"footnotes":""},"categories":[43],"tags":[],"class_list":["post-4448","post","type-post","status-publish","format-standard","has-post-thumbnail","hentry","category-destaques"],"yoast_head":"<!-- This site is optimized with the Yoast SEO plugin v26.8 - https:\/\/yoast.com\/product\/yoast-seo-wordpress\/ -->\n<title>Prestes a tirar a vida, ateu l\u00ea a B\u00edblia e aceita Jesus: \u201cFui restaurado\u201d - R\u00e1dio Porto Seguro<\/title>\n<meta name=\"robots\" content=\"index, follow, max-snippet:-1, max-image-preview:large, max-video-preview:-1\" \/>\n<link rel=\"canonical\" href=\"https:\/\/radioportoseguro.com.br\/site\/2026\/02\/27\/prestes-a-tirar-a-vida-ateu-le-a-biblia-e-aceita-jesus-fui-restaurado\/\" \/>\n<meta property=\"og:locale\" content=\"pt_BR\" \/>\n<meta property=\"og:type\" content=\"article\" \/>\n<meta property=\"og:title\" content=\"Prestes a tirar a vida, ateu l\u00ea a B\u00edblia e aceita Jesus: \u201cFui restaurado\u201d - R\u00e1dio Porto Seguro\" \/>\n<meta property=\"og:description\" content=\"O brasileiro ateu Felipe Amorim havia acabado de se mudar para os Estados Unidos, quando enfrentou uma crise em sua sa\u00fade mental, aos 33 anos. Quem olhava de fora, acreditava que Felipe tinha tudo, mas ele se sentia cada vez mais vazio. \u201cEu sempre tive uma cabe\u00e7a muito cient\u00edfica, no sentido de sempre precisar muito [&hellip;]\" \/>\n<meta property=\"og:url\" content=\"https:\/\/radioportoseguro.com.br\/site\/2026\/02\/27\/prestes-a-tirar-a-vida-ateu-le-a-biblia-e-aceita-jesus-fui-restaurado\/\" \/>\n<meta property=\"og:site_name\" content=\"R\u00e1dio Porto Seguro\" \/>\n<meta property=\"article:published_time\" content=\"2026-02-27T03:12:55+00:00\" \/>\n<meta property=\"og:image\" content=\"https:\/\/media.guiame.com.br\/archives\/2026\/02\/25\/1962584962-felipe.jpeg\" \/>\n<meta name=\"author\" content=\"admin\" \/>\n<meta name=\"twitter:card\" content=\"summary_large_image\" \/>\n<meta name=\"twitter:label1\" content=\"Escrito por\" \/>\n\t<meta name=\"twitter:data1\" content=\"admin\" \/>\n\t<meta name=\"twitter:label2\" content=\"Est. tempo de leitura\" \/>\n\t<meta name=\"twitter:data2\" content=\"4 minutos\" \/>\n<script type=\"application\/ld+json\" class=\"yoast-schema-graph\">{\"@context\":\"https:\/\/schema.org\",\"@graph\":[{\"@type\":\"Article\",\"@id\":\"https:\/\/radioportoseguro.com.br\/site\/2026\/02\/27\/prestes-a-tirar-a-vida-ateu-le-a-biblia-e-aceita-jesus-fui-restaurado\/#article\",\"isPartOf\":{\"@id\":\"https:\/\/radioportoseguro.com.br\/site\/2026\/02\/27\/prestes-a-tirar-a-vida-ateu-le-a-biblia-e-aceita-jesus-fui-restaurado\/\"},\"author\":{\"name\":\"admin\",\"@id\":\"https:\/\/radioportoseguro.com.br\/site\/#\/schema\/person\/7630acdc320186f13639d3c067ec089b\"},\"headline\":\"Prestes a tirar a vida, ateu l\u00ea a B\u00edblia e aceita Jesus: \u201cFui restaurado\u201d\",\"datePublished\":\"2026-02-27T03:12:55+00:00\",\"mainEntityOfPage\":{\"@id\":\"https:\/\/radioportoseguro.com.br\/site\/2026\/02\/27\/prestes-a-tirar-a-vida-ateu-le-a-biblia-e-aceita-jesus-fui-restaurado\/\"},\"wordCount\":752,\"image\":{\"@id\":\"https:\/\/radioportoseguro.com.br\/site\/2026\/02\/27\/prestes-a-tirar-a-vida-ateu-le-a-biblia-e-aceita-jesus-fui-restaurado\/#primaryimage\"},\"thumbnailUrl\":\"https:\/\/radioportoseguro.com.br\/site\/wp-content\/uploads\/2026\/02\/1962584962-felipe.jpeg\",\"articleSection\":[\"Destaques\"],\"inLanguage\":\"pt-BR\"},{\"@type\":\"WebPage\",\"@id\":\"https:\/\/radioportoseguro.com.br\/site\/2026\/02\/27\/prestes-a-tirar-a-vida-ateu-le-a-biblia-e-aceita-jesus-fui-restaurado\/\",\"url\":\"https:\/\/radioportoseguro.com.br\/site\/2026\/02\/27\/prestes-a-tirar-a-vida-ateu-le-a-biblia-e-aceita-jesus-fui-restaurado\/\",\"name\":\"Prestes a tirar a vida, ateu l\u00ea a B\u00edblia e aceita Jesus: \u201cFui restaurado\u201d - R\u00e1dio Porto Seguro\",\"isPartOf\":{\"@id\":\"https:\/\/radioportoseguro.com.br\/site\/#website\"},\"primaryImageOfPage\":{\"@id\":\"https:\/\/radioportoseguro.com.br\/site\/2026\/02\/27\/prestes-a-tirar-a-vida-ateu-le-a-biblia-e-aceita-jesus-fui-restaurado\/#primaryimage\"},\"image\":{\"@id\":\"https:\/\/radioportoseguro.com.br\/site\/2026\/02\/27\/prestes-a-tirar-a-vida-ateu-le-a-biblia-e-aceita-jesus-fui-restaurado\/#primaryimage\"},\"thumbnailUrl\":\"https:\/\/radioportoseguro.com.br\/site\/wp-content\/uploads\/2026\/02\/1962584962-felipe.jpeg\",\"datePublished\":\"2026-02-27T03:12:55+00:00\",\"author\":{\"@id\":\"https:\/\/radioportoseguro.com.br\/site\/#\/schema\/person\/7630acdc320186f13639d3c067ec089b\"},\"breadcrumb\":{\"@id\":\"https:\/\/radioportoseguro.com.br\/site\/2026\/02\/27\/prestes-a-tirar-a-vida-ateu-le-a-biblia-e-aceita-jesus-fui-restaurado\/#breadcrumb\"},\"inLanguage\":\"pt-BR\",\"potentialAction\":[{\"@type\":\"ReadAction\",\"target\":[\"https:\/\/radioportoseguro.com.br\/site\/2026\/02\/27\/prestes-a-tirar-a-vida-ateu-le-a-biblia-e-aceita-jesus-fui-restaurado\/\"]}]},{\"@type\":\"ImageObject\",\"inLanguage\":\"pt-BR\",\"@id\":\"https:\/\/radioportoseguro.com.br\/site\/2026\/02\/27\/prestes-a-tirar-a-vida-ateu-le-a-biblia-e-aceita-jesus-fui-restaurado\/#primaryimage\",\"url\":\"https:\/\/radioportoseguro.com.br\/site\/wp-content\/uploads\/2026\/02\/1962584962-felipe.jpeg\",\"contentUrl\":\"https:\/\/radioportoseguro.com.br\/site\/wp-content\/uploads\/2026\/02\/1962584962-felipe.jpeg\",\"width\":1200,\"height\":600},{\"@type\":\"BreadcrumbList\",\"@id\":\"https:\/\/radioportoseguro.com.br\/site\/2026\/02\/27\/prestes-a-tirar-a-vida-ateu-le-a-biblia-e-aceita-jesus-fui-restaurado\/#breadcrumb\",\"itemListElement\":[{\"@type\":\"ListItem\",\"position\":1,\"name\":\"In\u00edcio\",\"item\":\"https:\/\/radioportoseguro.com.br\/site\/\"},{\"@type\":\"ListItem\",\"position\":2,\"name\":\"Prestes a tirar a vida, ateu l\u00ea a B\u00edblia e aceita Jesus: \u201cFui restaurado\u201d\"}]},{\"@type\":\"WebSite\",\"@id\":\"https:\/\/radioportoseguro.com.br\/site\/#website\",\"url\":\"https:\/\/radioportoseguro.com.br\/site\/\",\"name\":\"R\u00e1dio Porto Seguro\",\"description\":\"\",\"potentialAction\":[{\"@type\":\"SearchAction\",\"target\":{\"@type\":\"EntryPoint\",\"urlTemplate\":\"https:\/\/radioportoseguro.com.br\/site\/?s={search_term_string}\"},\"query-input\":{\"@type\":\"PropertyValueSpecification\",\"valueRequired\":true,\"valueName\":\"search_term_string\"}}],\"inLanguage\":\"pt-BR\"},{\"@type\":\"Person\",\"@id\":\"https:\/\/radioportoseguro.com.br\/site\/#\/schema\/person\/7630acdc320186f13639d3c067ec089b\",\"name\":\"admin\",\"image\":{\"@type\":\"ImageObject\",\"inLanguage\":\"pt-BR\",\"@id\":\"https:\/\/radioportoseguro.com.br\/site\/#\/schema\/person\/image\/\",\"url\":\"https:\/\/secure.gravatar.com\/avatar\/caacf4dc1eedb68fab0df8e1ed46c448e578b2466351bbcb61e47d2ac0caaef0?s=96&d=mm&r=g\",\"contentUrl\":\"https:\/\/secure.gravatar.com\/avatar\/caacf4dc1eedb68fab0df8e1ed46c448e578b2466351bbcb61e47d2ac0caaef0?s=96&d=mm&r=g\",\"caption\":\"admin\"},\"sameAs\":[\"https:\/\/radioportoseguro.com.br\/site\"],\"url\":\"https:\/\/radioportoseguro.com.br\/site\/author\/hezio\/\"}]}<\/script>\n<!-- \/ Yoast SEO plugin. -->","yoast_head_json":{"title":"Prestes a tirar a vida, ateu l\u00ea a B\u00edblia e aceita Jesus: \u201cFui restaurado\u201d - R\u00e1dio Porto Seguro","robots":{"index":"index","follow":"follow","max-snippet":"max-snippet:-1","max-image-preview":"max-image-preview:large","max-video-preview":"max-video-preview:-1"},"canonical":"https:\/\/radioportoseguro.com.br\/site\/2026\/02\/27\/prestes-a-tirar-a-vida-ateu-le-a-biblia-e-aceita-jesus-fui-restaurado\/","og_locale":"pt_BR","og_type":"article","og_title":"Prestes a tirar a vida, ateu l\u00ea a B\u00edblia e aceita Jesus: \u201cFui restaurado\u201d - R\u00e1dio Porto Seguro","og_description":"O brasileiro ateu Felipe Amorim havia acabado de se mudar para os Estados Unidos, quando enfrentou uma crise em sua sa\u00fade mental, aos 33 anos. Quem olhava de fora, acreditava que Felipe tinha tudo, mas ele se sentia cada vez mais vazio. \u201cEu sempre tive uma cabe\u00e7a muito cient\u00edfica, no sentido de sempre precisar muito [&hellip;]","og_url":"https:\/\/radioportoseguro.com.br\/site\/2026\/02\/27\/prestes-a-tirar-a-vida-ateu-le-a-biblia-e-aceita-jesus-fui-restaurado\/","og_site_name":"R\u00e1dio Porto Seguro","article_published_time":"2026-02-27T03:12:55+00:00","og_image":[{"url":"https:\/\/media.guiame.com.br\/archives\/2026\/02\/25\/1962584962-felipe.jpeg","type":"","width":"","height":""}],"author":"admin","twitter_card":"summary_large_image","twitter_misc":{"Escrito por":"admin","Est. tempo de leitura":"4 minutos"},"schema":{"@context":"https:\/\/schema.org","@graph":[{"@type":"Article","@id":"https:\/\/radioportoseguro.com.br\/site\/2026\/02\/27\/prestes-a-tirar-a-vida-ateu-le-a-biblia-e-aceita-jesus-fui-restaurado\/#article","isPartOf":{"@id":"https:\/\/radioportoseguro.com.br\/site\/2026\/02\/27\/prestes-a-tirar-a-vida-ateu-le-a-biblia-e-aceita-jesus-fui-restaurado\/"},"author":{"name":"admin","@id":"https:\/\/radioportoseguro.com.br\/site\/#\/schema\/person\/7630acdc320186f13639d3c067ec089b"},"headline":"Prestes a tirar a vida, ateu l\u00ea a B\u00edblia e aceita Jesus: \u201cFui restaurado\u201d","datePublished":"2026-02-27T03:12:55+00:00","mainEntityOfPage":{"@id":"https:\/\/radioportoseguro.com.br\/site\/2026\/02\/27\/prestes-a-tirar-a-vida-ateu-le-a-biblia-e-aceita-jesus-fui-restaurado\/"},"wordCount":752,"image":{"@id":"https:\/\/radioportoseguro.com.br\/site\/2026\/02\/27\/prestes-a-tirar-a-vida-ateu-le-a-biblia-e-aceita-jesus-fui-restaurado\/#primaryimage"},"thumbnailUrl":"https:\/\/radioportoseguro.com.br\/site\/wp-content\/uploads\/2026\/02\/1962584962-felipe.jpeg","articleSection":["Destaques"],"inLanguage":"pt-BR"},{"@type":"WebPage","@id":"https:\/\/radioportoseguro.com.br\/site\/2026\/02\/27\/prestes-a-tirar-a-vida-ateu-le-a-biblia-e-aceita-jesus-fui-restaurado\/","url":"https:\/\/radioportoseguro.com.br\/site\/2026\/02\/27\/prestes-a-tirar-a-vida-ateu-le-a-biblia-e-aceita-jesus-fui-restaurado\/","name":"Prestes a tirar a vida, ateu l\u00ea a B\u00edblia e aceita Jesus: \u201cFui restaurado\u201d - R\u00e1dio Porto Seguro","isPartOf":{"@id":"https:\/\/radioportoseguro.com.br\/site\/#website"},"primaryImageOfPage":{"@id":"https:\/\/radioportoseguro.com.br\/site\/2026\/02\/27\/prestes-a-tirar-a-vida-ateu-le-a-biblia-e-aceita-jesus-fui-restaurado\/#primaryimage"},"image":{"@id":"https:\/\/radioportoseguro.com.br\/site\/2026\/02\/27\/prestes-a-tirar-a-vida-ateu-le-a-biblia-e-aceita-jesus-fui-restaurado\/#primaryimage"},"thumbnailUrl":"https:\/\/radioportoseguro.com.br\/site\/wp-content\/uploads\/2026\/02\/1962584962-felipe.jpeg","datePublished":"2026-02-27T03:12:55+00:00","author":{"@id":"https:\/\/radioportoseguro.com.br\/site\/#\/schema\/person\/7630acdc320186f13639d3c067ec089b"},"breadcrumb":{"@id":"https:\/\/radioportoseguro.com.br\/site\/2026\/02\/27\/prestes-a-tirar-a-vida-ateu-le-a-biblia-e-aceita-jesus-fui-restaurado\/#breadcrumb"},"inLanguage":"pt-BR","potentialAction":[{"@type":"ReadAction","target":["https:\/\/radioportoseguro.com.br\/site\/2026\/02\/27\/prestes-a-tirar-a-vida-ateu-le-a-biblia-e-aceita-jesus-fui-restaurado\/"]}]},{"@type":"ImageObject","inLanguage":"pt-BR","@id":"https:\/\/radioportoseguro.com.br\/site\/2026\/02\/27\/prestes-a-tirar-a-vida-ateu-le-a-biblia-e-aceita-jesus-fui-restaurado\/#primaryimage","url":"https:\/\/radioportoseguro.com.br\/site\/wp-content\/uploads\/2026\/02\/1962584962-felipe.jpeg","contentUrl":"https:\/\/radioportoseguro.com.br\/site\/wp-content\/uploads\/2026\/02\/1962584962-felipe.jpeg","width":1200,"height":600},{"@type":"BreadcrumbList","@id":"https:\/\/radioportoseguro.com.br\/site\/2026\/02\/27\/prestes-a-tirar-a-vida-ateu-le-a-biblia-e-aceita-jesus-fui-restaurado\/#breadcrumb","itemListElement":[{"@type":"ListItem","position":1,"name":"In\u00edcio","item":"https:\/\/radioportoseguro.com.br\/site\/"},{"@type":"ListItem","position":2,"name":"Prestes a tirar a vida, ateu l\u00ea a B\u00edblia e aceita Jesus: \u201cFui restaurado\u201d"}]},{"@type":"WebSite","@id":"https:\/\/radioportoseguro.com.br\/site\/#website","url":"https:\/\/radioportoseguro.com.br\/site\/","name":"R\u00e1dio Porto Seguro","description":"","potentialAction":[{"@type":"SearchAction","target":{"@type":"EntryPoint","urlTemplate":"https:\/\/radioportoseguro.com.br\/site\/?s={search_term_string}"},"query-input":{"@type":"PropertyValueSpecification","valueRequired":true,"valueName":"search_term_string"}}],"inLanguage":"pt-BR"},{"@type":"Person","@id":"https:\/\/radioportoseguro.com.br\/site\/#\/schema\/person\/7630acdc320186f13639d3c067ec089b","name":"admin","image":{"@type":"ImageObject","inLanguage":"pt-BR","@id":"https:\/\/radioportoseguro.com.br\/site\/#\/schema\/person\/image\/","url":"https:\/\/secure.gravatar.com\/avatar\/caacf4dc1eedb68fab0df8e1ed46c448e578b2466351bbcb61e47d2ac0caaef0?s=96&d=mm&r=g","contentUrl":"https:\/\/secure.gravatar.com\/avatar\/caacf4dc1eedb68fab0df8e1ed46c448e578b2466351bbcb61e47d2ac0caaef0?s=96&d=mm&r=g","caption":"admin"},"sameAs":["https:\/\/radioportoseguro.com.br\/site"],"url":"https:\/\/radioportoseguro.com.br\/site\/author\/hezio\/"}]}},"_links":{"self":[{"href":"https:\/\/radioportoseguro.com.br\/site\/wp-json\/wp\/v2\/posts\/4448","targetHints":{"allow":["GET"]}}],"collection":[{"href":"https:\/\/radioportoseguro.com.br\/site\/wp-json\/wp\/v2\/posts"}],"about":[{"href":"https:\/\/radioportoseguro.com.br\/site\/wp-json\/wp\/v2\/types\/post"}],"author":[{"embeddable":true,"href":"https:\/\/radioportoseguro.com.br\/site\/wp-json\/wp\/v2\/users\/1"}],"replies":[{"embeddable":true,"href":"https:\/\/radioportoseguro.com.br\/site\/wp-json\/wp\/v2\/comments?post=4448"}],"version-history":[{"count":0,"href":"https:\/\/radioportoseguro.com.br\/site\/wp-json\/wp\/v2\/posts\/4448\/revisions"}],"wp:featuredmedia":[{"embeddable":true,"href":"https:\/\/radioportoseguro.com.br\/site\/wp-json\/wp\/v2\/media\/4449"}],"wp:attachment":[{"href":"https:\/\/radioportoseguro.com.br\/site\/wp-json\/wp\/v2\/media?parent=4448"}],"wp:term":[{"taxonomy":"category","embeddable":true,"href":"https:\/\/radioportoseguro.com.br\/site\/wp-json\/wp\/v2\/categories?post=4448"},{"taxonomy":"post_tag","embeddable":true,"href":"https:\/\/radioportoseguro.com.br\/site\/wp-json\/wp\/v2\/tags?post=4448"}],"curies":[{"name":"wp","href":"https:\/\/api.w.org\/{rel}","templated":true}]}}