{"id":4450,"date":"2026-02-27T02:16:17","date_gmt":"2026-02-27T05:16:17","guid":{"rendered":"https:\/\/radioportoseguro.com.br\/site\/2026\/02\/27\/qualidade-de-segurado-versus-carencia-voce-sabe-a-diferenca\/"},"modified":"2026-02-27T02:16:17","modified_gmt":"2026-02-27T05:16:17","slug":"qualidade-de-segurado-versus-carencia-voce-sabe-a-diferenca","status":"publish","type":"post","link":"https:\/\/radioportoseguro.com.br\/site\/2026\/02\/27\/qualidade-de-segurado-versus-carencia-voce-sabe-a-diferenca\/","title":{"rendered":"Qualidade de segurado versus car\u00eancia: Voc\u00ea sabe a diferen\u00e7a?"},"content":{"rendered":"<p><br \/>\n<br \/><\/p>\n<div>\n<p>No universo previdenci\u00e1rio, \u00e9 comum encontrar segurados que, ap\u00f3s anos de contribui\u00e7\u00e3o, acreditam ter direito imediato a qualquer benef\u00edcio do INSS. Contudo, ao baterem \u00e0s portas da autarquia, deparam-se com negativas baseadas em termos t\u00e9cnicos: <strong>aus\u00eancia de qualidade de segurado<\/strong> ou <strong>falta de car\u00eancia<\/strong>. Embora pare\u00e7am similares, trata-se de requisitos distintos e cumulativos. Entender essa diferen\u00e7a \u00e9 o primeiro passo para garantir a prote\u00e7\u00e3o social.<\/p>\n<p>\u00a0<\/p>\n<p><strong>1. Qualidade de Segurado: O &#8220;V\u00ednculo&#8221; com o Sistema<\/strong><\/p>\n<p>A qualidade de segurado funciona como uma esp\u00e9cie de &#8220;assinatura&#8221; ativa com o INSS. \u00c9 a condi\u00e7\u00e3o jur\u00eddica de quem est\u00e1 inscrito no regime e realiza contribui\u00e7\u00f5es, ou de quem, mesmo sem contribuir, ainda est\u00e1 sob a prote\u00e7\u00e3o da lei.<\/p>\n<p>Enquanto voc\u00ea contribui, voc\u00ea \u00e9 um segurado. Se parar de contribuir, voc\u00ea entra no chamado <strong>Per\u00edodo de Gra\u00e7a<\/strong>. Durante esse tempo \u2014 que pode variar de 3 a 36 meses, dependendo do tempo de contribui\u00e7\u00e3o e de situa\u00e7\u00f5es como desemprego involunt\u00e1rio \u2014, voc\u00ea mant\u00e9m todos os seus direitos perante o INSS, mesmo sem desembolsar nenhum centavo.<\/p>\n<p><strong>&#8211; Perda da Qualidade:<\/strong> Ocorre quando o segurado deixa de contribuir e ultrapassa o prazo do per\u00edodo de gra\u00e7a. Nesse caso, dizemos que o v\u00ednculo foi rompido.<\/p>\n<p>\u00a0<\/p>\n<p><strong>2. Car\u00eancia: O &#8220;Ped\u00e1gio&#8221; para o Benef\u00edcio<\/strong><\/p>\n<p>Se a qualidade de segurado \u00e9 o v\u00ednculo, a car\u00eancia \u00e9 o <strong>n\u00famero m\u00ednimo de contribui\u00e7\u00f5es mensais<\/strong> <strong>PAGAS EM DIA<\/strong> necess\u00e1rias para que o segurado (ou seus dependentes) tenha direito a um benef\u00edcio espec\u00edfico. \u00c9 compar\u00e1vel \u00e0 car\u00eancia de um plano de sa\u00fade: voc\u00ea come\u00e7a a pagar hoje, mas s\u00f3 pode fazer uma cirurgia ap\u00f3s determinado tempo.<\/p>\n<p>Cada benef\u00edcio exige um tempo diferente:<\/p>\n<p style=\"padding-left: 30px;\"><strong>&#8211; Aux\u00edlio-doen\u00e7a e Aposentadoria por Incapacidade Permanente:<\/strong> Geralmente 12 meses.<\/p>\n<p style=\"padding-left: 30px;\"><strong>&#8211; Sal\u00e1rio-maternidade:<\/strong> 10 meses (para contribuintes individuais e facultativos).<\/p>\n<p style=\"padding-left: 30px;\"><strong>&#8211; Aposentadorias programadas:<\/strong> 180 meses.<\/p>\n<p style=\"padding-left: 30px;\"><strong>&#8211; Aux\u00edlio-reclus\u00e3o:<\/strong> 24 meses.<\/p>\n<p><strong>Importante:<\/strong> Existem exce\u00e7\u00f5es. Acidentes de qualquer natureza ou doen\u00e7as graves listadas pelo Minist\u00e9rio da Sa\u00fade e do Trabalho (como c\u00e2ncer ou esclerose m\u00faltipla) isentam o segurado do cumprimento da car\u00eancia, exigindo-se apenas a qualidade de segurado.<\/p>\n<p>\u00a0<\/p>\n<p><strong>3. Onde reside a confus\u00e3o?<\/strong><\/p>\n<p>A confus\u00e3o acontece porque ambos os requisitos lidam com contribui\u00e7\u00f5es, mas sob \u00f3ticas diferentes.<\/p>\n<p>Imagine um trabalhador que contribuiu por 15 anos (cumpriu a car\u00eancia para aposentadoria) e parou de pagar por outros 10 anos. Ele possui a car\u00eancia, mas <strong>perdeu a qualidade de segurado<\/strong>. Se ele sofrer um acidente hoje, n\u00e3o ter\u00e1 direito ao aux\u00edlio-doen\u00e7a, pois o evento ocorreu fora do per\u00edodo de cobertura do seguro social.<\/p>\n<p>Inversamente, um jovem que come\u00e7ou a trabalhar h\u00e1 dois meses tem qualidade de segurado, mas se ficar doente (por causa n\u00e3o acident\u00e1ria), n\u00e3o ter\u00e1 direito ao benef\u00edcio por n\u00e3o ter atingido os 12 meses de car\u00eancia.<\/p>\n<p>\u00a0<\/p>\n<p><strong>4. Conclus\u00e3o: O Equil\u00edbrio Necess\u00e1rio<\/strong><\/p>\n<p>Para o planejamento previdenci\u00e1rio, \u00e9 vital monitorar ambos. N\u00e3o basta ter &#8220;tempo de casa&#8221;; \u00e9 preciso estar &#8220;em dia&#8221;.<\/p>\n<p style=\"padding-left: 30px;\"><strong>1. Mantenha a qualidade:<\/strong> Nunca deixe o per\u00edodo de gra\u00e7a expirar sem realizar ao menos uma contribui\u00e7\u00e3o facultativa, se necess\u00e1rio.<\/p>\n<p style=\"padding-left: 30px;\"><strong>2. Aten\u00e7\u00e3o aos prazos:<\/strong> Verifique se o n\u00famero de contribui\u00e7\u00f5es acumuladas \u00e9 suficiente para o benef\u00edcio pretendido.<\/p>\n<p>A previd\u00eancia social \u00e9 um seguro. E, como todo seguro, as regras de cobertura e car\u00eancia s\u00e3o as garantias de que o sistema se mantenha sustent\u00e1vel para todos.<\/p>\n<p>\u00a0<\/p>\n<p><strong>Ailton Trento<\/strong> <strong>Jr.<\/strong> (@ailtontrentojradv) \u00e9 pastor, intercessor e advogado especialista em Direito Previdenci\u00e1rio. P\u00f3s-graduado em Direito da Assist\u00eancia Social e Pr\u00e1tica Previdenci\u00e1ria, atua como advogado prestando atendimentos online para todo o Brasil e presenciais na capital de S\u00e3o Paulo. \u00c9 casado com Claudia e pai de duas meninas, Kauanne\u00a0e\u00a0Giovanna.<\/p>\n<p><em>* O conte\u00fado do texto acima \u00e9 de colabora\u00e7\u00e3o volunt\u00e1ria, seu teor \u00e9 de total responsabilidade do autor e n\u00e3o reflete necessariamente a opini\u00e3o do Portal Guiame.<\/em><\/p>\n<p>Leia o artigo anterior: <span style=\"color: #800000;\"><strong>Aposentadoria Especial: Descanso antecipado para quem trabalhou em condi\u00e7\u00f5es de risco<\/strong><\/span><\/p>\n<p>\u00a0<\/p>\n<\/div>\n<p><br \/>\n<br \/>Fonte: Guiame <\/p>\n","protected":false},"excerpt":{"rendered":"<p>No universo previdenci\u00e1rio, \u00e9 comum encontrar segurados que, ap\u00f3s anos de contribui\u00e7\u00e3o, acreditam ter direito imediato a qualquer benef\u00edcio do INSS. Contudo, ao baterem \u00e0s portas da autarquia, deparam-se com negativas baseadas em termos t\u00e9cnicos: aus\u00eancia de qualidade de segurado ou falta de car\u00eancia. Embora pare\u00e7am similares, trata-se de requisitos distintos e cumulativos. Entender essa [&hellip;]<\/p>\n","protected":false},"author":1,"featured_media":4451,"comment_status":"","ping_status":"open","sticky":false,"template":"","format":"standard","meta":{"footnotes":""},"categories":[43],"tags":[],"class_list":["post-4450","post","type-post","status-publish","format-standard","has-post-thumbnail","hentry","category-destaques"],"yoast_head":"<!-- This site is optimized with the Yoast SEO plugin v26.8 - https:\/\/yoast.com\/product\/yoast-seo-wordpress\/ -->\n<title>Qualidade de segurado versus car\u00eancia: Voc\u00ea sabe a diferen\u00e7a? - R\u00e1dio Porto Seguro<\/title>\n<meta name=\"robots\" content=\"index, follow, max-snippet:-1, max-image-preview:large, max-video-preview:-1\" \/>\n<link rel=\"canonical\" href=\"https:\/\/radioportoseguro.com.br\/site\/2026\/02\/27\/qualidade-de-segurado-versus-carencia-voce-sabe-a-diferenca\/\" \/>\n<meta property=\"og:locale\" content=\"pt_BR\" \/>\n<meta property=\"og:type\" content=\"article\" \/>\n<meta property=\"og:title\" content=\"Qualidade de segurado versus car\u00eancia: Voc\u00ea sabe a diferen\u00e7a? - R\u00e1dio Porto Seguro\" \/>\n<meta property=\"og:description\" content=\"No universo previdenci\u00e1rio, \u00e9 comum encontrar segurados que, ap\u00f3s anos de contribui\u00e7\u00e3o, acreditam ter direito imediato a qualquer benef\u00edcio do INSS. Contudo, ao baterem \u00e0s portas da autarquia, deparam-se com negativas baseadas em termos t\u00e9cnicos: aus\u00eancia de qualidade de segurado ou falta de car\u00eancia. Embora pare\u00e7am similares, trata-se de requisitos distintos e cumulativos. Entender essa [&hellip;]\" \/>\n<meta property=\"og:url\" content=\"https:\/\/radioportoseguro.com.br\/site\/2026\/02\/27\/qualidade-de-segurado-versus-carencia-voce-sabe-a-diferenca\/\" \/>\n<meta property=\"og:site_name\" content=\"R\u00e1dio Porto Seguro\" \/>\n<meta property=\"article:published_time\" content=\"2026-02-27T05:16:17+00:00\" \/>\n<meta property=\"og:image\" content=\"https:\/\/media.guiame.com.br\/archives\/2026\/02\/25\/1692707358-aposentado.jpg\" \/>\n<meta name=\"author\" content=\"admin\" \/>\n<meta name=\"twitter:card\" content=\"summary_large_image\" \/>\n<meta name=\"twitter:label1\" content=\"Escrito por\" \/>\n\t<meta name=\"twitter:data1\" content=\"admin\" \/>\n\t<meta name=\"twitter:label2\" content=\"Est. tempo de leitura\" \/>\n\t<meta name=\"twitter:data2\" content=\"3 minutos\" \/>\n<script type=\"application\/ld+json\" class=\"yoast-schema-graph\">{\"@context\":\"https:\/\/schema.org\",\"@graph\":[{\"@type\":\"Article\",\"@id\":\"https:\/\/radioportoseguro.com.br\/site\/2026\/02\/27\/qualidade-de-segurado-versus-carencia-voce-sabe-a-diferenca\/#article\",\"isPartOf\":{\"@id\":\"https:\/\/radioportoseguro.com.br\/site\/2026\/02\/27\/qualidade-de-segurado-versus-carencia-voce-sabe-a-diferenca\/\"},\"author\":{\"name\":\"admin\",\"@id\":\"https:\/\/radioportoseguro.com.br\/site\/#\/schema\/person\/7630acdc320186f13639d3c067ec089b\"},\"headline\":\"Qualidade de segurado versus car\u00eancia: Voc\u00ea sabe a diferen\u00e7a?\",\"datePublished\":\"2026-02-27T05:16:17+00:00\",\"mainEntityOfPage\":{\"@id\":\"https:\/\/radioportoseguro.com.br\/site\/2026\/02\/27\/qualidade-de-segurado-versus-carencia-voce-sabe-a-diferenca\/\"},\"wordCount\":702,\"image\":{\"@id\":\"https:\/\/radioportoseguro.com.br\/site\/2026\/02\/27\/qualidade-de-segurado-versus-carencia-voce-sabe-a-diferenca\/#primaryimage\"},\"thumbnailUrl\":\"https:\/\/radioportoseguro.com.br\/site\/wp-content\/uploads\/2026\/02\/1692707358-aposentado.jpg\",\"articleSection\":[\"Destaques\"],\"inLanguage\":\"pt-BR\"},{\"@type\":\"WebPage\",\"@id\":\"https:\/\/radioportoseguro.com.br\/site\/2026\/02\/27\/qualidade-de-segurado-versus-carencia-voce-sabe-a-diferenca\/\",\"url\":\"https:\/\/radioportoseguro.com.br\/site\/2026\/02\/27\/qualidade-de-segurado-versus-carencia-voce-sabe-a-diferenca\/\",\"name\":\"Qualidade de segurado versus car\u00eancia: Voc\u00ea sabe a diferen\u00e7a? - R\u00e1dio Porto Seguro\",\"isPartOf\":{\"@id\":\"https:\/\/radioportoseguro.com.br\/site\/#website\"},\"primaryImageOfPage\":{\"@id\":\"https:\/\/radioportoseguro.com.br\/site\/2026\/02\/27\/qualidade-de-segurado-versus-carencia-voce-sabe-a-diferenca\/#primaryimage\"},\"image\":{\"@id\":\"https:\/\/radioportoseguro.com.br\/site\/2026\/02\/27\/qualidade-de-segurado-versus-carencia-voce-sabe-a-diferenca\/#primaryimage\"},\"thumbnailUrl\":\"https:\/\/radioportoseguro.com.br\/site\/wp-content\/uploads\/2026\/02\/1692707358-aposentado.jpg\",\"datePublished\":\"2026-02-27T05:16:17+00:00\",\"author\":{\"@id\":\"https:\/\/radioportoseguro.com.br\/site\/#\/schema\/person\/7630acdc320186f13639d3c067ec089b\"},\"breadcrumb\":{\"@id\":\"https:\/\/radioportoseguro.com.br\/site\/2026\/02\/27\/qualidade-de-segurado-versus-carencia-voce-sabe-a-diferenca\/#breadcrumb\"},\"inLanguage\":\"pt-BR\",\"potentialAction\":[{\"@type\":\"ReadAction\",\"target\":[\"https:\/\/radioportoseguro.com.br\/site\/2026\/02\/27\/qualidade-de-segurado-versus-carencia-voce-sabe-a-diferenca\/\"]}]},{\"@type\":\"ImageObject\",\"inLanguage\":\"pt-BR\",\"@id\":\"https:\/\/radioportoseguro.com.br\/site\/2026\/02\/27\/qualidade-de-segurado-versus-carencia-voce-sabe-a-diferenca\/#primaryimage\",\"url\":\"https:\/\/radioportoseguro.com.br\/site\/wp-content\/uploads\/2026\/02\/1692707358-aposentado.jpg\",\"contentUrl\":\"https:\/\/radioportoseguro.com.br\/site\/wp-content\/uploads\/2026\/02\/1692707358-aposentado.jpg\",\"width\":1200,\"height\":600},{\"@type\":\"BreadcrumbList\",\"@id\":\"https:\/\/radioportoseguro.com.br\/site\/2026\/02\/27\/qualidade-de-segurado-versus-carencia-voce-sabe-a-diferenca\/#breadcrumb\",\"itemListElement\":[{\"@type\":\"ListItem\",\"position\":1,\"name\":\"In\u00edcio\",\"item\":\"https:\/\/radioportoseguro.com.br\/site\/\"},{\"@type\":\"ListItem\",\"position\":2,\"name\":\"Qualidade de segurado versus car\u00eancia: Voc\u00ea sabe a diferen\u00e7a?\"}]},{\"@type\":\"WebSite\",\"@id\":\"https:\/\/radioportoseguro.com.br\/site\/#website\",\"url\":\"https:\/\/radioportoseguro.com.br\/site\/\",\"name\":\"R\u00e1dio Porto Seguro\",\"description\":\"\",\"potentialAction\":[{\"@type\":\"SearchAction\",\"target\":{\"@type\":\"EntryPoint\",\"urlTemplate\":\"https:\/\/radioportoseguro.com.br\/site\/?s={search_term_string}\"},\"query-input\":{\"@type\":\"PropertyValueSpecification\",\"valueRequired\":true,\"valueName\":\"search_term_string\"}}],\"inLanguage\":\"pt-BR\"},{\"@type\":\"Person\",\"@id\":\"https:\/\/radioportoseguro.com.br\/site\/#\/schema\/person\/7630acdc320186f13639d3c067ec089b\",\"name\":\"admin\",\"image\":{\"@type\":\"ImageObject\",\"inLanguage\":\"pt-BR\",\"@id\":\"https:\/\/radioportoseguro.com.br\/site\/#\/schema\/person\/image\/\",\"url\":\"https:\/\/secure.gravatar.com\/avatar\/caacf4dc1eedb68fab0df8e1ed46c448e578b2466351bbcb61e47d2ac0caaef0?s=96&d=mm&r=g\",\"contentUrl\":\"https:\/\/secure.gravatar.com\/avatar\/caacf4dc1eedb68fab0df8e1ed46c448e578b2466351bbcb61e47d2ac0caaef0?s=96&d=mm&r=g\",\"caption\":\"admin\"},\"sameAs\":[\"https:\/\/radioportoseguro.com.br\/site\"],\"url\":\"https:\/\/radioportoseguro.com.br\/site\/author\/hezio\/\"}]}<\/script>\n<!-- \/ Yoast SEO plugin. -->","yoast_head_json":{"title":"Qualidade de segurado versus car\u00eancia: Voc\u00ea sabe a diferen\u00e7a? - R\u00e1dio Porto Seguro","robots":{"index":"index","follow":"follow","max-snippet":"max-snippet:-1","max-image-preview":"max-image-preview:large","max-video-preview":"max-video-preview:-1"},"canonical":"https:\/\/radioportoseguro.com.br\/site\/2026\/02\/27\/qualidade-de-segurado-versus-carencia-voce-sabe-a-diferenca\/","og_locale":"pt_BR","og_type":"article","og_title":"Qualidade de segurado versus car\u00eancia: Voc\u00ea sabe a diferen\u00e7a? - R\u00e1dio Porto Seguro","og_description":"No universo previdenci\u00e1rio, \u00e9 comum encontrar segurados que, ap\u00f3s anos de contribui\u00e7\u00e3o, acreditam ter direito imediato a qualquer benef\u00edcio do INSS. Contudo, ao baterem \u00e0s portas da autarquia, deparam-se com negativas baseadas em termos t\u00e9cnicos: aus\u00eancia de qualidade de segurado ou falta de car\u00eancia. Embora pare\u00e7am similares, trata-se de requisitos distintos e cumulativos. Entender essa [&hellip;]","og_url":"https:\/\/radioportoseguro.com.br\/site\/2026\/02\/27\/qualidade-de-segurado-versus-carencia-voce-sabe-a-diferenca\/","og_site_name":"R\u00e1dio Porto Seguro","article_published_time":"2026-02-27T05:16:17+00:00","og_image":[{"url":"https:\/\/media.guiame.com.br\/archives\/2026\/02\/25\/1692707358-aposentado.jpg","type":"","width":"","height":""}],"author":"admin","twitter_card":"summary_large_image","twitter_misc":{"Escrito por":"admin","Est. tempo de leitura":"3 minutos"},"schema":{"@context":"https:\/\/schema.org","@graph":[{"@type":"Article","@id":"https:\/\/radioportoseguro.com.br\/site\/2026\/02\/27\/qualidade-de-segurado-versus-carencia-voce-sabe-a-diferenca\/#article","isPartOf":{"@id":"https:\/\/radioportoseguro.com.br\/site\/2026\/02\/27\/qualidade-de-segurado-versus-carencia-voce-sabe-a-diferenca\/"},"author":{"name":"admin","@id":"https:\/\/radioportoseguro.com.br\/site\/#\/schema\/person\/7630acdc320186f13639d3c067ec089b"},"headline":"Qualidade de segurado versus car\u00eancia: Voc\u00ea sabe a diferen\u00e7a?","datePublished":"2026-02-27T05:16:17+00:00","mainEntityOfPage":{"@id":"https:\/\/radioportoseguro.com.br\/site\/2026\/02\/27\/qualidade-de-segurado-versus-carencia-voce-sabe-a-diferenca\/"},"wordCount":702,"image":{"@id":"https:\/\/radioportoseguro.com.br\/site\/2026\/02\/27\/qualidade-de-segurado-versus-carencia-voce-sabe-a-diferenca\/#primaryimage"},"thumbnailUrl":"https:\/\/radioportoseguro.com.br\/site\/wp-content\/uploads\/2026\/02\/1692707358-aposentado.jpg","articleSection":["Destaques"],"inLanguage":"pt-BR"},{"@type":"WebPage","@id":"https:\/\/radioportoseguro.com.br\/site\/2026\/02\/27\/qualidade-de-segurado-versus-carencia-voce-sabe-a-diferenca\/","url":"https:\/\/radioportoseguro.com.br\/site\/2026\/02\/27\/qualidade-de-segurado-versus-carencia-voce-sabe-a-diferenca\/","name":"Qualidade de segurado versus car\u00eancia: Voc\u00ea sabe a diferen\u00e7a? - R\u00e1dio Porto Seguro","isPartOf":{"@id":"https:\/\/radioportoseguro.com.br\/site\/#website"},"primaryImageOfPage":{"@id":"https:\/\/radioportoseguro.com.br\/site\/2026\/02\/27\/qualidade-de-segurado-versus-carencia-voce-sabe-a-diferenca\/#primaryimage"},"image":{"@id":"https:\/\/radioportoseguro.com.br\/site\/2026\/02\/27\/qualidade-de-segurado-versus-carencia-voce-sabe-a-diferenca\/#primaryimage"},"thumbnailUrl":"https:\/\/radioportoseguro.com.br\/site\/wp-content\/uploads\/2026\/02\/1692707358-aposentado.jpg","datePublished":"2026-02-27T05:16:17+00:00","author":{"@id":"https:\/\/radioportoseguro.com.br\/site\/#\/schema\/person\/7630acdc320186f13639d3c067ec089b"},"breadcrumb":{"@id":"https:\/\/radioportoseguro.com.br\/site\/2026\/02\/27\/qualidade-de-segurado-versus-carencia-voce-sabe-a-diferenca\/#breadcrumb"},"inLanguage":"pt-BR","potentialAction":[{"@type":"ReadAction","target":["https:\/\/radioportoseguro.com.br\/site\/2026\/02\/27\/qualidade-de-segurado-versus-carencia-voce-sabe-a-diferenca\/"]}]},{"@type":"ImageObject","inLanguage":"pt-BR","@id":"https:\/\/radioportoseguro.com.br\/site\/2026\/02\/27\/qualidade-de-segurado-versus-carencia-voce-sabe-a-diferenca\/#primaryimage","url":"https:\/\/radioportoseguro.com.br\/site\/wp-content\/uploads\/2026\/02\/1692707358-aposentado.jpg","contentUrl":"https:\/\/radioportoseguro.com.br\/site\/wp-content\/uploads\/2026\/02\/1692707358-aposentado.jpg","width":1200,"height":600},{"@type":"BreadcrumbList","@id":"https:\/\/radioportoseguro.com.br\/site\/2026\/02\/27\/qualidade-de-segurado-versus-carencia-voce-sabe-a-diferenca\/#breadcrumb","itemListElement":[{"@type":"ListItem","position":1,"name":"In\u00edcio","item":"https:\/\/radioportoseguro.com.br\/site\/"},{"@type":"ListItem","position":2,"name":"Qualidade de segurado versus car\u00eancia: Voc\u00ea sabe a diferen\u00e7a?"}]},{"@type":"WebSite","@id":"https:\/\/radioportoseguro.com.br\/site\/#website","url":"https:\/\/radioportoseguro.com.br\/site\/","name":"R\u00e1dio Porto Seguro","description":"","potentialAction":[{"@type":"SearchAction","target":{"@type":"EntryPoint","urlTemplate":"https:\/\/radioportoseguro.com.br\/site\/?s={search_term_string}"},"query-input":{"@type":"PropertyValueSpecification","valueRequired":true,"valueName":"search_term_string"}}],"inLanguage":"pt-BR"},{"@type":"Person","@id":"https:\/\/radioportoseguro.com.br\/site\/#\/schema\/person\/7630acdc320186f13639d3c067ec089b","name":"admin","image":{"@type":"ImageObject","inLanguage":"pt-BR","@id":"https:\/\/radioportoseguro.com.br\/site\/#\/schema\/person\/image\/","url":"https:\/\/secure.gravatar.com\/avatar\/caacf4dc1eedb68fab0df8e1ed46c448e578b2466351bbcb61e47d2ac0caaef0?s=96&d=mm&r=g","contentUrl":"https:\/\/secure.gravatar.com\/avatar\/caacf4dc1eedb68fab0df8e1ed46c448e578b2466351bbcb61e47d2ac0caaef0?s=96&d=mm&r=g","caption":"admin"},"sameAs":["https:\/\/radioportoseguro.com.br\/site"],"url":"https:\/\/radioportoseguro.com.br\/site\/author\/hezio\/"}]}},"_links":{"self":[{"href":"https:\/\/radioportoseguro.com.br\/site\/wp-json\/wp\/v2\/posts\/4450","targetHints":{"allow":["GET"]}}],"collection":[{"href":"https:\/\/radioportoseguro.com.br\/site\/wp-json\/wp\/v2\/posts"}],"about":[{"href":"https:\/\/radioportoseguro.com.br\/site\/wp-json\/wp\/v2\/types\/post"}],"author":[{"embeddable":true,"href":"https:\/\/radioportoseguro.com.br\/site\/wp-json\/wp\/v2\/users\/1"}],"replies":[{"embeddable":true,"href":"https:\/\/radioportoseguro.com.br\/site\/wp-json\/wp\/v2\/comments?post=4450"}],"version-history":[{"count":0,"href":"https:\/\/radioportoseguro.com.br\/site\/wp-json\/wp\/v2\/posts\/4450\/revisions"}],"wp:featuredmedia":[{"embeddable":true,"href":"https:\/\/radioportoseguro.com.br\/site\/wp-json\/wp\/v2\/media\/4451"}],"wp:attachment":[{"href":"https:\/\/radioportoseguro.com.br\/site\/wp-json\/wp\/v2\/media?parent=4450"}],"wp:term":[{"taxonomy":"category","embeddable":true,"href":"https:\/\/radioportoseguro.com.br\/site\/wp-json\/wp\/v2\/categories?post=4450"},{"taxonomy":"post_tag","embeddable":true,"href":"https:\/\/radioportoseguro.com.br\/site\/wp-json\/wp\/v2\/tags?post=4450"}],"curies":[{"name":"wp","href":"https:\/\/api.w.org\/{rel}","templated":true}]}}