{"id":4456,"date":"2026-02-27T06:32:38","date_gmt":"2026-02-27T09:32:38","guid":{"rendered":"https:\/\/radioportoseguro.com.br\/site\/2026\/02\/27\/o-espelho-distorcido-autoimagem-beleza-e-a-busca-por-aprovacao\/"},"modified":"2026-02-27T06:32:38","modified_gmt":"2026-02-27T09:32:38","slug":"o-espelho-distorcido-autoimagem-beleza-e-a-busca-por-aprovacao","status":"publish","type":"post","link":"https:\/\/radioportoseguro.com.br\/site\/2026\/02\/27\/o-espelho-distorcido-autoimagem-beleza-e-a-busca-por-aprovacao\/","title":{"rendered":"O espelho distorcido: Autoimagem, beleza e a busca por aprova\u00e7\u00e3o"},"content":{"rendered":"<p><br \/>\n<br \/><\/p>\n<div>\n<p>O sofrimento est\u00e9tico de muitas mulheres n\u00e3o nasce no corpo, mas na percep\u00e7\u00e3o. Elas corrigem detalhes, mudam cabelo, emagrecem, fazem procedimentos \u2014 por\u00e9m o inc\u00f4modo interno permanece. A sensa\u00e7\u00e3o de insufici\u00eancia n\u00e3o desaparece porque a origem n\u00e3o \u00e9 f\u00edsica; \u00e9 ps\u00edquica.<\/p>\n<p>Clinicamente, afirmamos: <strong>o problema n\u00e3o est\u00e1 na forma do rosto, mas na forma da lente. <\/strong>Na Teopsicoterapia, tratamos essa lente distorcida: a depend\u00eancia da valida\u00e7\u00e3o externa que corr\u00f3i a identidade.<\/p>\n<p>\u00a0<\/p>\n<p><strong>1. Perspectiva Teol\u00f3gica: Corpo-Templo vs. Corpo-Vitrine<\/strong><\/p>\n<p>O Salmo 139 estabelece o fundamento espiritual da identidade: fomos formadas de modo intencional, digno e admir\u00e1vel. A cultura, por\u00e9m, deslocou esse fundamento.<\/p>\n<p style=\"padding-left: 30px;\"><strong>L\u00f3gica Cultural:<\/strong> O corpo \u00e9 vitrine. Deve ser exibido, medido, aprovado. Se n\u00e3o atende ao padr\u00e3o, \u00e9 descartado.<\/p>\n<p style=\"padding-left: 30px;\"><strong>L\u00f3gica de Deus:<\/strong> O corpo \u00e9 templo. Deve ser cuidado, honrado e mantido integral ao prop\u00f3sito divino.<\/p>\n<p>Quando o corpo \u00e9 vitrine, a mulher vive ref\u00e9m da performance est\u00e9tica. Quando \u00e9 templo, o cuidado \u00e9 respons\u00e1vel, n\u00e3o compulsivo. O valor deixa de oscilar. Sai do olhar p\u00fablico e volta para a identidade dada pelo Criador.<\/p>\n<p>\u00a0<\/p>\n<p><strong>2. Diagn\u00f3stico Psicanal\u00edtico: O Narcisismo Ferido e a Estrutura da Falta<\/strong><\/p>\n<p>A pergunta central \u00e9: <strong>por que a opini\u00e3o do outro pesa tanto?<\/strong><\/p>\n<p>Na psican\u00e1lise, a busca incessante por aprova\u00e7\u00e3o revela um d\u00e9ficit na constitui\u00e7\u00e3o do Eu. Frequentemente, \u00e9 rastreada a ambientes onde a crian\u00e7a s\u00f3 era reconhecida pelo que aparentava ou produzia, n\u00e3o por quem era.<\/p>\n<p>Esse cen\u00e1rio gera duas marcas estruturais:<\/p>\n<p style=\"padding-left: 30px;\"><strong>Falta (vazio afetivo):<\/strong> aus\u00eancia de confirma\u00e7\u00e3o interna.<\/p>\n<p style=\"padding-left: 30px;\"><strong>Depend\u00eancia do olhar externo:<\/strong> tentativa de suprir a falta com elogios, likes, coment\u00e1rios.<\/p>\n<p>O inconsciente opera assim: <em>\u201cSe eu for bela o suficiente, ningu\u00e9m me rejeitar\u00e1.\u201d<\/em><\/p>\n<p>\u00c9 um del\u00edrio narc\u00edsico funcional: parece funcionamento normal, mas sustenta um Eu fr\u00e1gil. A aprova\u00e7\u00e3o externa, por maior que seja, nunca cura a raiz da rejei\u00e7\u00e3o. \u00c9 um abastecimento r\u00e1pido, mas n\u00e3o sustentado. O espelho vira juiz. O olhar alheio vira alimento. E o Eu se torna ref\u00e9m.<\/p>\n<p>\u00a0<\/p>\n<p><strong>3. Pr\u00e1tica Teopsicoterap\u00eautica: Jejum de Compara\u00e7\u00e3o e Reeduca\u00e7\u00e3o da Percep\u00e7\u00e3o<\/strong><\/p>\n<p>A dismorfia \u2014 amplia\u00e7\u00e3o imagin\u00e1ria de defeitos \u2014 \u00e9 alimentada pelo ambiente visual.<\/p>\n<p>O algoritmo das redes sociais potencializa inadequa\u00e7\u00e3o. N\u00e3o \u00e9 fragilidade; \u00e9 condicionamento.<\/p>\n<p>Para reestruturar a percep\u00e7\u00e3o, orientamos tr\u00eas interven\u00e7\u00f5es:<\/p>\n<p style=\"padding-left: 30px;\"><strong>1. Jejum de Compara\u00e7\u00e3o<\/strong><\/p>\n<p style=\"padding-left: 30px;\">Interrompa o consumo de perfis que estimulam autocr\u00edtica. O &#8220;unfollow&#8221; \u00e9 interven\u00e7\u00e3o terap\u00eautica. Elimina gatilhos e estabiliza o Eu.<\/p>\n<p style=\"padding-left: 30px;\"><strong>2. Checagem de Realidade<\/strong><\/p>\n<p style=\"padding-left: 30px;\">O conte\u00fado das redes \u00e9 editado, filtrado e roteirizado. Comparar bastidores com palcos alheios intensifica a autoviol\u00eancia ps\u00edquica. \u00c9 preciso confrontar a fantasia com a realidade.<\/p>\n<p style=\"padding-left: 30px;\"><strong>3. Foco na Funcionalidade Corporal<\/strong><\/p>\n<p style=\"padding-left: 30px;\">O corpo n\u00e3o \u00e9 apenas imagem; \u00e9 instrumento. Reeduque a percep\u00e7\u00e3o:<br \/><em>\u201cMeu corpo me leva, me sustenta, me abra\u00e7a, me mant\u00e9m viva.\u201d<\/em><br \/>Esse deslocamento de valor estabiliza a autoestima e reduz obsess\u00f5es est\u00e9ticas.<\/p>\n<p><strong>Sua autoestima oscila conforme o Wi-Fi?<\/strong><\/p>\n<p>Se a sua identidade depende de curtidas, elogios imediatos e aprova\u00e7\u00e3o digital, h\u00e1 uma depend\u00eancia emocional instalada. Isso n\u00e3o \u00e9 beleza; \u00e9 cativeiro.<\/p>\n<p>A <strong>Teopsicoterapia<\/strong> trabalha na restitui\u00e7\u00e3o da identidade original \u2014 onde o valor n\u00e3o est\u00e1 no reflexo do espelho, mas no reflexo do Criador.<\/p>\n<p>Estou a sua disposi\u00e7\u00e3o, para atendimentos presenciais e On-Line, entre em contato comigo.<\/p>\n<p>\u00a0<\/p>\n<p><strong>N\u00e9ia Leite<\/strong> (@pastoraneialeite) Psicanalista, Teoterapeuta e Pastora. Atendimento de mulheres. P\u00f3s-graduada Teopsicoterapia, MBA em Teoterapia. Autora dos livros &#8220;Vencendo o Mal com a Palavra de Deus&#8221; e &#8220;Sobre Elas&#8221;. Trabalha profissionalmente no atendimento individual Teoterap\u00eautico e grupos para mulheres. Atendimento presencial\u00a0e\u00a0On-Line.<\/p>\n<p><em>* O conte\u00fado do texto acima \u00e9 de colabora\u00e7\u00e3o volunt\u00e1ria, seu teor \u00e9 de total responsabilidade do autor e n\u00e3o reflete necessariamente a opini\u00e3o do Portal Guiame.<\/em><\/p>\n<p>Leia o artigo anterior: <span style=\"color: #800000;\"><strong>A mulher que amava demais: Depend\u00eancia emocional n\u00e3o \u00e9 amor crist\u00e3o<\/strong><\/span><\/p>\n<p>\u00a0<\/p>\n<\/div>\n<p><br \/>\n<br \/>Fonte: Guiame <\/p>\n","protected":false},"excerpt":{"rendered":"<p>O sofrimento est\u00e9tico de muitas mulheres n\u00e3o nasce no corpo, mas na percep\u00e7\u00e3o. Elas corrigem detalhes, mudam cabelo, emagrecem, fazem procedimentos \u2014 por\u00e9m o inc\u00f4modo interno permanece. A sensa\u00e7\u00e3o de insufici\u00eancia n\u00e3o desaparece porque a origem n\u00e3o \u00e9 f\u00edsica; \u00e9 ps\u00edquica. Clinicamente, afirmamos: o problema n\u00e3o est\u00e1 na forma do rosto, mas na forma da [&hellip;]<\/p>\n","protected":false},"author":1,"featured_media":4457,"comment_status":"","ping_status":"open","sticky":false,"template":"","format":"standard","meta":{"footnotes":""},"categories":[43],"tags":[],"class_list":["post-4456","post","type-post","status-publish","format-standard","has-post-thumbnail","hentry","category-destaques"],"yoast_head":"<!-- This site is optimized with the Yoast SEO plugin v26.8 - https:\/\/yoast.com\/product\/yoast-seo-wordpress\/ -->\n<title>O espelho distorcido: Autoimagem, beleza e a busca por aprova\u00e7\u00e3o - R\u00e1dio Porto Seguro<\/title>\n<meta name=\"robots\" content=\"index, follow, max-snippet:-1, max-image-preview:large, max-video-preview:-1\" \/>\n<link rel=\"canonical\" href=\"https:\/\/radioportoseguro.com.br\/site\/2026\/02\/27\/o-espelho-distorcido-autoimagem-beleza-e-a-busca-por-aprovacao\/\" \/>\n<meta property=\"og:locale\" content=\"pt_BR\" \/>\n<meta property=\"og:type\" content=\"article\" \/>\n<meta property=\"og:title\" content=\"O espelho distorcido: Autoimagem, beleza e a busca por aprova\u00e7\u00e3o - R\u00e1dio Porto Seguro\" \/>\n<meta property=\"og:description\" content=\"O sofrimento est\u00e9tico de muitas mulheres n\u00e3o nasce no corpo, mas na percep\u00e7\u00e3o. Elas corrigem detalhes, mudam cabelo, emagrecem, fazem procedimentos \u2014 por\u00e9m o inc\u00f4modo interno permanece. A sensa\u00e7\u00e3o de insufici\u00eancia n\u00e3o desaparece porque a origem n\u00e3o \u00e9 f\u00edsica; \u00e9 ps\u00edquica. Clinicamente, afirmamos: o problema n\u00e3o est\u00e1 na forma do rosto, mas na forma da [&hellip;]\" \/>\n<meta property=\"og:url\" content=\"https:\/\/radioportoseguro.com.br\/site\/2026\/02\/27\/o-espelho-distorcido-autoimagem-beleza-e-a-busca-por-aprovacao\/\" \/>\n<meta property=\"og:site_name\" content=\"R\u00e1dio Porto Seguro\" \/>\n<meta property=\"article:published_time\" content=\"2026-02-27T09:32:38+00:00\" \/>\n<meta property=\"og:image\" content=\"https:\/\/media.guiame.com.br\/archives\/2026\/02\/25\/3077789899-espelho.png\" \/>\n<meta name=\"author\" content=\"admin\" \/>\n<meta name=\"twitter:card\" content=\"summary_large_image\" \/>\n<meta name=\"twitter:label1\" content=\"Escrito por\" \/>\n\t<meta name=\"twitter:data1\" content=\"admin\" \/>\n\t<meta name=\"twitter:label2\" content=\"Est. tempo de leitura\" \/>\n\t<meta name=\"twitter:data2\" content=\"3 minutos\" \/>\n<script type=\"application\/ld+json\" class=\"yoast-schema-graph\">{\"@context\":\"https:\/\/schema.org\",\"@graph\":[{\"@type\":\"Article\",\"@id\":\"https:\/\/radioportoseguro.com.br\/site\/2026\/02\/27\/o-espelho-distorcido-autoimagem-beleza-e-a-busca-por-aprovacao\/#article\",\"isPartOf\":{\"@id\":\"https:\/\/radioportoseguro.com.br\/site\/2026\/02\/27\/o-espelho-distorcido-autoimagem-beleza-e-a-busca-por-aprovacao\/\"},\"author\":{\"name\":\"admin\",\"@id\":\"https:\/\/radioportoseguro.com.br\/site\/#\/schema\/person\/7630acdc320186f13639d3c067ec089b\"},\"headline\":\"O espelho distorcido: Autoimagem, beleza e a busca por aprova\u00e7\u00e3o\",\"datePublished\":\"2026-02-27T09:32:38+00:00\",\"mainEntityOfPage\":{\"@id\":\"https:\/\/radioportoseguro.com.br\/site\/2026\/02\/27\/o-espelho-distorcido-autoimagem-beleza-e-a-busca-por-aprovacao\/\"},\"wordCount\":671,\"image\":{\"@id\":\"https:\/\/radioportoseguro.com.br\/site\/2026\/02\/27\/o-espelho-distorcido-autoimagem-beleza-e-a-busca-por-aprovacao\/#primaryimage\"},\"thumbnailUrl\":\"https:\/\/radioportoseguro.com.br\/site\/wp-content\/uploads\/2026\/02\/3077789899-espelho.png\",\"articleSection\":[\"Destaques\"],\"inLanguage\":\"pt-BR\"},{\"@type\":\"WebPage\",\"@id\":\"https:\/\/radioportoseguro.com.br\/site\/2026\/02\/27\/o-espelho-distorcido-autoimagem-beleza-e-a-busca-por-aprovacao\/\",\"url\":\"https:\/\/radioportoseguro.com.br\/site\/2026\/02\/27\/o-espelho-distorcido-autoimagem-beleza-e-a-busca-por-aprovacao\/\",\"name\":\"O espelho distorcido: Autoimagem, beleza e a busca por aprova\u00e7\u00e3o - R\u00e1dio Porto Seguro\",\"isPartOf\":{\"@id\":\"https:\/\/radioportoseguro.com.br\/site\/#website\"},\"primaryImageOfPage\":{\"@id\":\"https:\/\/radioportoseguro.com.br\/site\/2026\/02\/27\/o-espelho-distorcido-autoimagem-beleza-e-a-busca-por-aprovacao\/#primaryimage\"},\"image\":{\"@id\":\"https:\/\/radioportoseguro.com.br\/site\/2026\/02\/27\/o-espelho-distorcido-autoimagem-beleza-e-a-busca-por-aprovacao\/#primaryimage\"},\"thumbnailUrl\":\"https:\/\/radioportoseguro.com.br\/site\/wp-content\/uploads\/2026\/02\/3077789899-espelho.png\",\"datePublished\":\"2026-02-27T09:32:38+00:00\",\"author\":{\"@id\":\"https:\/\/radioportoseguro.com.br\/site\/#\/schema\/person\/7630acdc320186f13639d3c067ec089b\"},\"breadcrumb\":{\"@id\":\"https:\/\/radioportoseguro.com.br\/site\/2026\/02\/27\/o-espelho-distorcido-autoimagem-beleza-e-a-busca-por-aprovacao\/#breadcrumb\"},\"inLanguage\":\"pt-BR\",\"potentialAction\":[{\"@type\":\"ReadAction\",\"target\":[\"https:\/\/radioportoseguro.com.br\/site\/2026\/02\/27\/o-espelho-distorcido-autoimagem-beleza-e-a-busca-por-aprovacao\/\"]}]},{\"@type\":\"ImageObject\",\"inLanguage\":\"pt-BR\",\"@id\":\"https:\/\/radioportoseguro.com.br\/site\/2026\/02\/27\/o-espelho-distorcido-autoimagem-beleza-e-a-busca-por-aprovacao\/#primaryimage\",\"url\":\"https:\/\/radioportoseguro.com.br\/site\/wp-content\/uploads\/2026\/02\/3077789899-espelho.png\",\"contentUrl\":\"https:\/\/radioportoseguro.com.br\/site\/wp-content\/uploads\/2026\/02\/3077789899-espelho.png\",\"width\":1200,\"height\":600},{\"@type\":\"BreadcrumbList\",\"@id\":\"https:\/\/radioportoseguro.com.br\/site\/2026\/02\/27\/o-espelho-distorcido-autoimagem-beleza-e-a-busca-por-aprovacao\/#breadcrumb\",\"itemListElement\":[{\"@type\":\"ListItem\",\"position\":1,\"name\":\"In\u00edcio\",\"item\":\"https:\/\/radioportoseguro.com.br\/site\/\"},{\"@type\":\"ListItem\",\"position\":2,\"name\":\"O espelho distorcido: Autoimagem, beleza e a busca por aprova\u00e7\u00e3o\"}]},{\"@type\":\"WebSite\",\"@id\":\"https:\/\/radioportoseguro.com.br\/site\/#website\",\"url\":\"https:\/\/radioportoseguro.com.br\/site\/\",\"name\":\"R\u00e1dio Porto Seguro\",\"description\":\"\",\"potentialAction\":[{\"@type\":\"SearchAction\",\"target\":{\"@type\":\"EntryPoint\",\"urlTemplate\":\"https:\/\/radioportoseguro.com.br\/site\/?s={search_term_string}\"},\"query-input\":{\"@type\":\"PropertyValueSpecification\",\"valueRequired\":true,\"valueName\":\"search_term_string\"}}],\"inLanguage\":\"pt-BR\"},{\"@type\":\"Person\",\"@id\":\"https:\/\/radioportoseguro.com.br\/site\/#\/schema\/person\/7630acdc320186f13639d3c067ec089b\",\"name\":\"admin\",\"image\":{\"@type\":\"ImageObject\",\"inLanguage\":\"pt-BR\",\"@id\":\"https:\/\/radioportoseguro.com.br\/site\/#\/schema\/person\/image\/\",\"url\":\"https:\/\/secure.gravatar.com\/avatar\/caacf4dc1eedb68fab0df8e1ed46c448e578b2466351bbcb61e47d2ac0caaef0?s=96&d=mm&r=g\",\"contentUrl\":\"https:\/\/secure.gravatar.com\/avatar\/caacf4dc1eedb68fab0df8e1ed46c448e578b2466351bbcb61e47d2ac0caaef0?s=96&d=mm&r=g\",\"caption\":\"admin\"},\"sameAs\":[\"https:\/\/radioportoseguro.com.br\/site\"],\"url\":\"https:\/\/radioportoseguro.com.br\/site\/author\/hezio\/\"}]}<\/script>\n<!-- \/ Yoast SEO plugin. -->","yoast_head_json":{"title":"O espelho distorcido: Autoimagem, beleza e a busca por aprova\u00e7\u00e3o - R\u00e1dio Porto Seguro","robots":{"index":"index","follow":"follow","max-snippet":"max-snippet:-1","max-image-preview":"max-image-preview:large","max-video-preview":"max-video-preview:-1"},"canonical":"https:\/\/radioportoseguro.com.br\/site\/2026\/02\/27\/o-espelho-distorcido-autoimagem-beleza-e-a-busca-por-aprovacao\/","og_locale":"pt_BR","og_type":"article","og_title":"O espelho distorcido: Autoimagem, beleza e a busca por aprova\u00e7\u00e3o - R\u00e1dio Porto Seguro","og_description":"O sofrimento est\u00e9tico de muitas mulheres n\u00e3o nasce no corpo, mas na percep\u00e7\u00e3o. Elas corrigem detalhes, mudam cabelo, emagrecem, fazem procedimentos \u2014 por\u00e9m o inc\u00f4modo interno permanece. A sensa\u00e7\u00e3o de insufici\u00eancia n\u00e3o desaparece porque a origem n\u00e3o \u00e9 f\u00edsica; \u00e9 ps\u00edquica. Clinicamente, afirmamos: o problema n\u00e3o est\u00e1 na forma do rosto, mas na forma da [&hellip;]","og_url":"https:\/\/radioportoseguro.com.br\/site\/2026\/02\/27\/o-espelho-distorcido-autoimagem-beleza-e-a-busca-por-aprovacao\/","og_site_name":"R\u00e1dio Porto Seguro","article_published_time":"2026-02-27T09:32:38+00:00","og_image":[{"url":"https:\/\/media.guiame.com.br\/archives\/2026\/02\/25\/3077789899-espelho.png","type":"","width":"","height":""}],"author":"admin","twitter_card":"summary_large_image","twitter_misc":{"Escrito por":"admin","Est. tempo de leitura":"3 minutos"},"schema":{"@context":"https:\/\/schema.org","@graph":[{"@type":"Article","@id":"https:\/\/radioportoseguro.com.br\/site\/2026\/02\/27\/o-espelho-distorcido-autoimagem-beleza-e-a-busca-por-aprovacao\/#article","isPartOf":{"@id":"https:\/\/radioportoseguro.com.br\/site\/2026\/02\/27\/o-espelho-distorcido-autoimagem-beleza-e-a-busca-por-aprovacao\/"},"author":{"name":"admin","@id":"https:\/\/radioportoseguro.com.br\/site\/#\/schema\/person\/7630acdc320186f13639d3c067ec089b"},"headline":"O espelho distorcido: Autoimagem, beleza e a busca por aprova\u00e7\u00e3o","datePublished":"2026-02-27T09:32:38+00:00","mainEntityOfPage":{"@id":"https:\/\/radioportoseguro.com.br\/site\/2026\/02\/27\/o-espelho-distorcido-autoimagem-beleza-e-a-busca-por-aprovacao\/"},"wordCount":671,"image":{"@id":"https:\/\/radioportoseguro.com.br\/site\/2026\/02\/27\/o-espelho-distorcido-autoimagem-beleza-e-a-busca-por-aprovacao\/#primaryimage"},"thumbnailUrl":"https:\/\/radioportoseguro.com.br\/site\/wp-content\/uploads\/2026\/02\/3077789899-espelho.png","articleSection":["Destaques"],"inLanguage":"pt-BR"},{"@type":"WebPage","@id":"https:\/\/radioportoseguro.com.br\/site\/2026\/02\/27\/o-espelho-distorcido-autoimagem-beleza-e-a-busca-por-aprovacao\/","url":"https:\/\/radioportoseguro.com.br\/site\/2026\/02\/27\/o-espelho-distorcido-autoimagem-beleza-e-a-busca-por-aprovacao\/","name":"O espelho distorcido: Autoimagem, beleza e a busca por aprova\u00e7\u00e3o - R\u00e1dio Porto Seguro","isPartOf":{"@id":"https:\/\/radioportoseguro.com.br\/site\/#website"},"primaryImageOfPage":{"@id":"https:\/\/radioportoseguro.com.br\/site\/2026\/02\/27\/o-espelho-distorcido-autoimagem-beleza-e-a-busca-por-aprovacao\/#primaryimage"},"image":{"@id":"https:\/\/radioportoseguro.com.br\/site\/2026\/02\/27\/o-espelho-distorcido-autoimagem-beleza-e-a-busca-por-aprovacao\/#primaryimage"},"thumbnailUrl":"https:\/\/radioportoseguro.com.br\/site\/wp-content\/uploads\/2026\/02\/3077789899-espelho.png","datePublished":"2026-02-27T09:32:38+00:00","author":{"@id":"https:\/\/radioportoseguro.com.br\/site\/#\/schema\/person\/7630acdc320186f13639d3c067ec089b"},"breadcrumb":{"@id":"https:\/\/radioportoseguro.com.br\/site\/2026\/02\/27\/o-espelho-distorcido-autoimagem-beleza-e-a-busca-por-aprovacao\/#breadcrumb"},"inLanguage":"pt-BR","potentialAction":[{"@type":"ReadAction","target":["https:\/\/radioportoseguro.com.br\/site\/2026\/02\/27\/o-espelho-distorcido-autoimagem-beleza-e-a-busca-por-aprovacao\/"]}]},{"@type":"ImageObject","inLanguage":"pt-BR","@id":"https:\/\/radioportoseguro.com.br\/site\/2026\/02\/27\/o-espelho-distorcido-autoimagem-beleza-e-a-busca-por-aprovacao\/#primaryimage","url":"https:\/\/radioportoseguro.com.br\/site\/wp-content\/uploads\/2026\/02\/3077789899-espelho.png","contentUrl":"https:\/\/radioportoseguro.com.br\/site\/wp-content\/uploads\/2026\/02\/3077789899-espelho.png","width":1200,"height":600},{"@type":"BreadcrumbList","@id":"https:\/\/radioportoseguro.com.br\/site\/2026\/02\/27\/o-espelho-distorcido-autoimagem-beleza-e-a-busca-por-aprovacao\/#breadcrumb","itemListElement":[{"@type":"ListItem","position":1,"name":"In\u00edcio","item":"https:\/\/radioportoseguro.com.br\/site\/"},{"@type":"ListItem","position":2,"name":"O espelho distorcido: Autoimagem, beleza e a busca por aprova\u00e7\u00e3o"}]},{"@type":"WebSite","@id":"https:\/\/radioportoseguro.com.br\/site\/#website","url":"https:\/\/radioportoseguro.com.br\/site\/","name":"R\u00e1dio Porto Seguro","description":"","potentialAction":[{"@type":"SearchAction","target":{"@type":"EntryPoint","urlTemplate":"https:\/\/radioportoseguro.com.br\/site\/?s={search_term_string}"},"query-input":{"@type":"PropertyValueSpecification","valueRequired":true,"valueName":"search_term_string"}}],"inLanguage":"pt-BR"},{"@type":"Person","@id":"https:\/\/radioportoseguro.com.br\/site\/#\/schema\/person\/7630acdc320186f13639d3c067ec089b","name":"admin","image":{"@type":"ImageObject","inLanguage":"pt-BR","@id":"https:\/\/radioportoseguro.com.br\/site\/#\/schema\/person\/image\/","url":"https:\/\/secure.gravatar.com\/avatar\/caacf4dc1eedb68fab0df8e1ed46c448e578b2466351bbcb61e47d2ac0caaef0?s=96&d=mm&r=g","contentUrl":"https:\/\/secure.gravatar.com\/avatar\/caacf4dc1eedb68fab0df8e1ed46c448e578b2466351bbcb61e47d2ac0caaef0?s=96&d=mm&r=g","caption":"admin"},"sameAs":["https:\/\/radioportoseguro.com.br\/site"],"url":"https:\/\/radioportoseguro.com.br\/site\/author\/hezio\/"}]}},"_links":{"self":[{"href":"https:\/\/radioportoseguro.com.br\/site\/wp-json\/wp\/v2\/posts\/4456","targetHints":{"allow":["GET"]}}],"collection":[{"href":"https:\/\/radioportoseguro.com.br\/site\/wp-json\/wp\/v2\/posts"}],"about":[{"href":"https:\/\/radioportoseguro.com.br\/site\/wp-json\/wp\/v2\/types\/post"}],"author":[{"embeddable":true,"href":"https:\/\/radioportoseguro.com.br\/site\/wp-json\/wp\/v2\/users\/1"}],"replies":[{"embeddable":true,"href":"https:\/\/radioportoseguro.com.br\/site\/wp-json\/wp\/v2\/comments?post=4456"}],"version-history":[{"count":0,"href":"https:\/\/radioportoseguro.com.br\/site\/wp-json\/wp\/v2\/posts\/4456\/revisions"}],"wp:featuredmedia":[{"embeddable":true,"href":"https:\/\/radioportoseguro.com.br\/site\/wp-json\/wp\/v2\/media\/4457"}],"wp:attachment":[{"href":"https:\/\/radioportoseguro.com.br\/site\/wp-json\/wp\/v2\/media?parent=4456"}],"wp:term":[{"taxonomy":"category","embeddable":true,"href":"https:\/\/radioportoseguro.com.br\/site\/wp-json\/wp\/v2\/categories?post=4456"},{"taxonomy":"post_tag","embeddable":true,"href":"https:\/\/radioportoseguro.com.br\/site\/wp-json\/wp\/v2\/tags?post=4456"}],"curies":[{"name":"wp","href":"https:\/\/api.w.org\/{rel}","templated":true}]}}