{"id":4458,"date":"2026-02-27T08:39:02","date_gmt":"2026-02-27T11:39:02","guid":{"rendered":"https:\/\/radioportoseguro.com.br\/site\/2026\/02\/27\/brasileiros-usam-congregacao-movel-em-caminhao-para-alcancar-nomades-na-mongolia\/"},"modified":"2026-02-27T08:39:02","modified_gmt":"2026-02-27T11:39:02","slug":"brasileiros-usam-congregacao-movel-em-caminhao-para-alcancar-nomades-na-mongolia","status":"publish","type":"post","link":"https:\/\/radioportoseguro.com.br\/site\/2026\/02\/27\/brasileiros-usam-congregacao-movel-em-caminhao-para-alcancar-nomades-na-mongolia\/","title":{"rendered":"Brasileiros usam congrega\u00e7\u00e3o m\u00f3vel em caminh\u00e3o para alcan\u00e7ar n\u00f4mades na Mong\u00f3lia"},"content":{"rendered":"<p><br \/>\n<\/p>\n<div>\n<p><span style=\"font-weight: 400;\">O casal brasileiro Lucas e Juliana Oliveira foram literalmente at\u00e9 os confins da Terra para pregar o Evangelho.<\/span><\/p>\n<p><span style=\"font-weight: 400;\">H\u00e1 nove anos, eles<\/span><span style=\"font-weight: 400;\">\u00a0se mudaram para a <\/span><span style=\"color: #800000;\"><strong>Mong\u00f3lia<\/strong><\/span><span style=\"font-weight: 400;\">, um dos pa\u00edses mais isolados e frios do mundo, e que est\u00e1 dentro da Janela 10\/40 \u2013 a regi\u00e3o do mundo menos alcan\u00e7ada pelo Evangelho. Eles foram enviados pela Ag\u00eancia Presbiteriana de Miss\u00f5es Transculturais (APMT).<\/span><\/p>\n<p><span style=\"font-weight: 400;\">Um ter\u00e7o da popula\u00e7\u00e3o do pa\u00eds \u00e9 n\u00f4made, migrando de acordo com as condi\u00e7\u00f5es clim\u00e1ticas e agropecu\u00e1rias e vivendo em acampamentos provis\u00f3rios. O povo n\u00f4made mongol \u00e9 formado por cerca de 1 milh\u00e3o e 200 mil pessoas.<\/span><\/p>\n<p><span style=\"font-weight: 400;\">Lucas e Juliana, que possuem tr\u00eas filhos, t\u00eam\u00a0pregado principalmente esse grupo. Pregar e discipular os n\u00f4mades \u00e9 um grande desafio:\u00a0os crist\u00e3os\u00a0enfrentam o clima extremo e longas dist\u00e2ncias.<\/span><\/p>\n<p><span style=\"font-weight: 400;\">\u201cO isolamento geogr\u00e1fico, a barreira lingu\u00edstica e a pr\u00f3pria din\u00e2mica da vida n\u00f4made dificulta encontros regulares e o acompanhamento cont\u00ednuo. As fam\u00edlias n\u00e3o vivem em comunidades fixas, est\u00e3o em constante migra\u00e7\u00e3o e muitas habitam em regi\u00f5es de dif\u00edcil acesso, especialmente nas regi\u00f5es montanhosas, o que limita a frequ\u00eancia das visitas e o discipulado presencial\u201d, explicou Lucas, em entrevista ao<\/span><strong> Guiame<\/strong><span style=\"font-weight: 400;\">.<\/span><\/p>\n<p style=\"text-align: center;\"><span style=\"font-weight: 400;\"><br \/><\/span><sup><span style=\"font-weight: 400;\">Lucas (\u00e0 frente) e Juliana com os crist\u00e3os de sua congrega\u00e7\u00e3o. (Foto: Lucas Oliveira).<\/span><\/sup><\/p>\n<p><strong>Acampamentos n\u00f4mades<\/strong><\/p>\n<p><span style=\"font-weight: 400;\">Os\u00a0brasileiros tiveram a ideia de transformar um caminh\u00e3o em uma <\/span><span style=\"color: #000000;\"><span style=\"color: #800000;\">congrega\u00e7\u00e3o<\/span><\/span><span style=\"font-weight: 400;\">\u00a0m\u00f3vel para\u00a0pregar\u00a0\u00e0queles que ainda n\u00e3o conhecem Jesus e tamb\u00e9m discipular os n\u00f4mades que j\u00e1 s\u00e3o crist\u00e3os.\u00a0Atualmente, 10 fam\u00edlias n\u00f4mades fazem parte da congrega\u00e7\u00e3o e participam dos cultos.<\/span><\/p>\n<p><span style=\"font-weight: 400;\">\u201cVamos at\u00e9 onde os n\u00f4mades est\u00e3o. O caminh\u00e3o \u00e9 uma ferramenta essencial, pois nos permite viajar como fam\u00edlia e levar conosco uma estrutura que funciona como nossa pr\u00f3pria casa. Isso nos d\u00e1 condi\u00e7\u00f5es de permanecer mais tempo com eles, visitar fam\u00edlias distantes e ter momentos prolongados de discipulado\u201d, disse Lucas.<\/span><\/p>\n<p><span style=\"font-weight: 400;\">E ressaltou: \u201cO caminh\u00e3o tamb\u00e9m nos ajuda a alcan\u00e7ar regi\u00f5es onde seria praticamente imposs\u00edvel chegar de outra forma. A\u00a0congrega\u00e7\u00e3o n\u00e3o \u00e9 um pr\u00e9dio, mas o povo reunido \u2014 seja ao ar livre ou onde for poss\u00edvel\u201d.<\/span><\/p>\n<p style=\"text-align: center;\"><span style=\"font-weight: 400;\"><img decoding=\"async\" src=\"https:\/\/thumbor.guiame.com.br\/unsafe\/smart\/https:\/\/media.guiame.com.br\/archives\/2026\/02\/25\/69452158-.jpeg\" alt=\"\" width=\"600\"\/><br \/><\/span><span style=\"color: #808080;\"><sup><span style=\"font-weight: 400;\">Com o caminh\u00e3o, os brasileiros pregam nos\u00a0acampamentos n\u00f4mades. (Foto: Lucas Oliveira).<\/span><\/sup><\/span><\/p>\n<p><span style=\"font-weight: 400;\">Conforme o povo n\u00f4made se movimenta, os\u00a0crist\u00e3os os acompanham com o caminh\u00e3o.\u00a0<\/span><span style=\"font-weight: 400;\">Quando chegam nos acampamentos, eles montam uma grande tenda, que serve de casa para a fam\u00edlia e tamb\u00e9m de lugar de reuni\u00f5es.\u00a0<\/span><\/p>\n<p style=\"text-align: center;\"><span style=\"font-weight: 400;\"><img decoding=\"async\" src=\"https:\/\/thumbor.guiame.com.br\/unsafe\/smart\/https:\/\/media.guiame.com.br\/archives\/2026\/02\/25\/1830865130-.jpeg\" alt=\"\" width=\"600\"\/><br \/><\/span><span style=\"color: #808080;\"><sup>Os crist\u00e3os se reunem em uma tenda. (Foto: Lucas Oliveira).<\/sup><\/span><\/p>\n<p><span style=\"font-weight: 400;\">\u201cDesde 2024, iniciamos tamb\u00e9m viagens com os pr\u00f3prios irm\u00e3os n\u00f4mades para outras regi\u00f5es montanhosas, onde hoje j\u00e1 existem duas fam\u00edlias crentes entre o povo da etnia Tuvan\u201d, testemunhou Lucas.<\/span><\/p>\n<p><strong>Nutrindo relacionamentos<\/strong><\/p>\n<p><span style=\"font-weight: 400;\">A principal estrat\u00e9gia do casal para\u00a0pregar \u00e9 formar relacionamento com as pessoas. Para isso, eles chegam a ajudar no pastoreio dos animais dos n\u00f4mades.<\/span><\/p>\n<p><span style=\"font-weight: 400;\">\u201cCaminhamos junto com as fam\u00edlias em seu contexto di\u00e1rio. O discipulado acontece de forma simples, constante e contextualizada \u00e0 vida n\u00f4made\u201d, comentou Lucas.<\/span><\/p>\n<p><span style=\"font-weight: 400;\">Para ensinar a Palavra de Deus, eles usam B\u00edblias em \u00e1udio e v\u00eddeos evangel\u00edsticos. \u201cTem sido muito eficaz, especialmente entre pessoas com pouco acesso \u00e0 leitura ou que aprendem melhor de forma oral e visual\u201d, observou ele.<\/span><\/p>\n<p style=\"text-align: center;\"><span style=\"font-weight: 400;\"><img decoding=\"async\" src=\"https:\/\/thumbor.guiame.com.br\/unsafe\/smart\/https:\/\/media.guiame.com.br\/archives\/2026\/02\/25\/1878607922-.jpeg\" alt=\"\" width=\"600\"\/><br \/><\/span><span style=\"color: #808080;\"><sup><span style=\"font-weight: 400;\">Os crist\u00e3os se reunem em uma tenda. (Foto: Lucas Oliveira).<\/span><\/sup><\/span><\/p>\n<p><strong>Resist\u00eancia ao Evangelho<\/strong><\/p>\n<p><span style=\"font-weight: 400;\">Apesar de haver liberdade religiosa na Mong\u00f3lia, ainda h\u00e1 muita resist\u00eancia ao Evangelho. A maioria da popula\u00e7\u00e3o segue o budismo e o xamanismo, e menos de 1% dos mong\u00f3is s\u00e3o crist\u00e3os.<\/span><\/p>\n<p><span style=\"font-weight: 400;\">\u201cA resist\u00eancia \u00e9 real e intensa, especialmente no n\u00edvel familiar e espiritual. Quando algu\u00e9m se converte, \u00e9 comum que familiares e amigos amaldi\u00e7oem os novos crentes e os amedrontem, dizendo que os esp\u00edritos trar\u00e3o doen\u00e7as, perdas e todo tipo de maldi\u00e7\u00e3o como consequ\u00eancia da f\u00e9 em Jesus. Isso gera muito medo e press\u00e3o, exigindo acompanhamento pastoral pr\u00f3ximo e constante encorajamento na Palavra\u201d, relatou Lucas.<\/span><\/p>\n<p><span style=\"font-weight: 400;\">Lucas e Juliana abriram um caf\u00e9 pousada no pa\u00eds, que tamb\u00e9m \u00e9 uma ag\u00eancia de turismo. O neg\u00f3cio recebe turistas e contribuiu para o com\u00e9rcio local.<\/span><\/p>\n<p><span style=\"font-weight: 400;\">\u201cConciliar a gest\u00e3o desse empreendimento com a miss\u00e3o demanda tempo, recursos e equil\u00edbrio, mas tem sido tamb\u00e9m um meio pelo qual Deus abre portas na comunidade local e possibilita a continuidade do minist\u00e9rio\u201d, afirmou Lucas.<\/span><\/p>\n<\/div>\n<p><br \/>\n<br \/>Fonte: Guiame <\/p>\n","protected":false},"excerpt":{"rendered":"<p>O casal brasileiro Lucas e Juliana Oliveira foram literalmente at\u00e9 os confins da Terra para pregar o Evangelho. H\u00e1 nove anos, eles\u00a0se mudaram para a Mong\u00f3lia, um dos pa\u00edses mais isolados e frios do mundo, e que est\u00e1 dentro da Janela 10\/40 \u2013 a regi\u00e3o do mundo menos alcan\u00e7ada pelo Evangelho. Eles foram enviados pela [&hellip;]<\/p>\n","protected":false},"author":1,"featured_media":4459,"comment_status":"","ping_status":"open","sticky":false,"template":"","format":"standard","meta":{"footnotes":""},"categories":[43],"tags":[],"class_list":["post-4458","post","type-post","status-publish","format-standard","has-post-thumbnail","hentry","category-destaques"],"yoast_head":"<!-- This site is optimized with the Yoast SEO plugin v26.8 - https:\/\/yoast.com\/product\/yoast-seo-wordpress\/ -->\n<title>Brasileiros usam congrega\u00e7\u00e3o m\u00f3vel em caminh\u00e3o para alcan\u00e7ar n\u00f4mades na Mong\u00f3lia - R\u00e1dio Porto Seguro<\/title>\n<meta name=\"robots\" content=\"index, follow, max-snippet:-1, max-image-preview:large, max-video-preview:-1\" \/>\n<link rel=\"canonical\" href=\"https:\/\/radioportoseguro.com.br\/site\/2026\/02\/27\/brasileiros-usam-congregacao-movel-em-caminhao-para-alcancar-nomades-na-mongolia\/\" \/>\n<meta property=\"og:locale\" content=\"pt_BR\" \/>\n<meta property=\"og:type\" content=\"article\" \/>\n<meta property=\"og:title\" content=\"Brasileiros usam congrega\u00e7\u00e3o m\u00f3vel em caminh\u00e3o para alcan\u00e7ar n\u00f4mades na Mong\u00f3lia - R\u00e1dio Porto Seguro\" \/>\n<meta property=\"og:description\" content=\"O casal brasileiro Lucas e Juliana Oliveira foram literalmente at\u00e9 os confins da Terra para pregar o Evangelho. H\u00e1 nove anos, eles\u00a0se mudaram para a Mong\u00f3lia, um dos pa\u00edses mais isolados e frios do mundo, e que est\u00e1 dentro da Janela 10\/40 \u2013 a regi\u00e3o do mundo menos alcan\u00e7ada pelo Evangelho. Eles foram enviados pela [&hellip;]\" \/>\n<meta property=\"og:url\" content=\"https:\/\/radioportoseguro.com.br\/site\/2026\/02\/27\/brasileiros-usam-congregacao-movel-em-caminhao-para-alcancar-nomades-na-mongolia\/\" \/>\n<meta property=\"og:site_name\" content=\"R\u00e1dio Porto Seguro\" \/>\n<meta property=\"article:published_time\" content=\"2026-02-27T11:39:02+00:00\" \/>\n<meta property=\"og:image\" content=\"https:\/\/thumbor.guiame.com.br\/unsafe\/smart\/https:\/\/media.guiame.com.br\/archives\/2026\/02\/25\/757431488-.jpeg\" \/>\n<meta name=\"author\" content=\"admin\" \/>\n<meta name=\"twitter:card\" content=\"summary_large_image\" \/>\n<meta name=\"twitter:label1\" content=\"Escrito por\" \/>\n\t<meta name=\"twitter:data1\" content=\"admin\" \/>\n\t<meta name=\"twitter:label2\" content=\"Est. tempo de leitura\" \/>\n\t<meta name=\"twitter:data2\" content=\"4 minutos\" \/>\n<script type=\"application\/ld+json\" class=\"yoast-schema-graph\">{\"@context\":\"https:\/\/schema.org\",\"@graph\":[{\"@type\":\"Article\",\"@id\":\"https:\/\/radioportoseguro.com.br\/site\/2026\/02\/27\/brasileiros-usam-congregacao-movel-em-caminhao-para-alcancar-nomades-na-mongolia\/#article\",\"isPartOf\":{\"@id\":\"https:\/\/radioportoseguro.com.br\/site\/2026\/02\/27\/brasileiros-usam-congregacao-movel-em-caminhao-para-alcancar-nomades-na-mongolia\/\"},\"author\":{\"name\":\"admin\",\"@id\":\"https:\/\/radioportoseguro.com.br\/site\/#\/schema\/person\/7630acdc320186f13639d3c067ec089b\"},\"headline\":\"Brasileiros usam congrega\u00e7\u00e3o m\u00f3vel em caminh\u00e3o para alcan\u00e7ar n\u00f4mades na Mong\u00f3lia\",\"datePublished\":\"2026-02-27T11:39:02+00:00\",\"mainEntityOfPage\":{\"@id\":\"https:\/\/radioportoseguro.com.br\/site\/2026\/02\/27\/brasileiros-usam-congregacao-movel-em-caminhao-para-alcancar-nomades-na-mongolia\/\"},\"wordCount\":794,\"image\":{\"@id\":\"https:\/\/radioportoseguro.com.br\/site\/2026\/02\/27\/brasileiros-usam-congregacao-movel-em-caminhao-para-alcancar-nomades-na-mongolia\/#primaryimage\"},\"thumbnailUrl\":\"https:\/\/radioportoseguro.com.br\/site\/wp-content\/uploads\/2026\/02\/3727881131-caminhao.jpeg\",\"articleSection\":[\"Destaques\"],\"inLanguage\":\"pt-BR\"},{\"@type\":\"WebPage\",\"@id\":\"https:\/\/radioportoseguro.com.br\/site\/2026\/02\/27\/brasileiros-usam-congregacao-movel-em-caminhao-para-alcancar-nomades-na-mongolia\/\",\"url\":\"https:\/\/radioportoseguro.com.br\/site\/2026\/02\/27\/brasileiros-usam-congregacao-movel-em-caminhao-para-alcancar-nomades-na-mongolia\/\",\"name\":\"Brasileiros usam congrega\u00e7\u00e3o m\u00f3vel em caminh\u00e3o para alcan\u00e7ar n\u00f4mades na Mong\u00f3lia - R\u00e1dio Porto Seguro\",\"isPartOf\":{\"@id\":\"https:\/\/radioportoseguro.com.br\/site\/#website\"},\"primaryImageOfPage\":{\"@id\":\"https:\/\/radioportoseguro.com.br\/site\/2026\/02\/27\/brasileiros-usam-congregacao-movel-em-caminhao-para-alcancar-nomades-na-mongolia\/#primaryimage\"},\"image\":{\"@id\":\"https:\/\/radioportoseguro.com.br\/site\/2026\/02\/27\/brasileiros-usam-congregacao-movel-em-caminhao-para-alcancar-nomades-na-mongolia\/#primaryimage\"},\"thumbnailUrl\":\"https:\/\/radioportoseguro.com.br\/site\/wp-content\/uploads\/2026\/02\/3727881131-caminhao.jpeg\",\"datePublished\":\"2026-02-27T11:39:02+00:00\",\"author\":{\"@id\":\"https:\/\/radioportoseguro.com.br\/site\/#\/schema\/person\/7630acdc320186f13639d3c067ec089b\"},\"breadcrumb\":{\"@id\":\"https:\/\/radioportoseguro.com.br\/site\/2026\/02\/27\/brasileiros-usam-congregacao-movel-em-caminhao-para-alcancar-nomades-na-mongolia\/#breadcrumb\"},\"inLanguage\":\"pt-BR\",\"potentialAction\":[{\"@type\":\"ReadAction\",\"target\":[\"https:\/\/radioportoseguro.com.br\/site\/2026\/02\/27\/brasileiros-usam-congregacao-movel-em-caminhao-para-alcancar-nomades-na-mongolia\/\"]}]},{\"@type\":\"ImageObject\",\"inLanguage\":\"pt-BR\",\"@id\":\"https:\/\/radioportoseguro.com.br\/site\/2026\/02\/27\/brasileiros-usam-congregacao-movel-em-caminhao-para-alcancar-nomades-na-mongolia\/#primaryimage\",\"url\":\"https:\/\/radioportoseguro.com.br\/site\/wp-content\/uploads\/2026\/02\/3727881131-caminhao.jpeg\",\"contentUrl\":\"https:\/\/radioportoseguro.com.br\/site\/wp-content\/uploads\/2026\/02\/3727881131-caminhao.jpeg\",\"width\":1200,\"height\":600},{\"@type\":\"BreadcrumbList\",\"@id\":\"https:\/\/radioportoseguro.com.br\/site\/2026\/02\/27\/brasileiros-usam-congregacao-movel-em-caminhao-para-alcancar-nomades-na-mongolia\/#breadcrumb\",\"itemListElement\":[{\"@type\":\"ListItem\",\"position\":1,\"name\":\"In\u00edcio\",\"item\":\"https:\/\/radioportoseguro.com.br\/site\/\"},{\"@type\":\"ListItem\",\"position\":2,\"name\":\"Brasileiros usam congrega\u00e7\u00e3o m\u00f3vel em caminh\u00e3o para alcan\u00e7ar n\u00f4mades na Mong\u00f3lia\"}]},{\"@type\":\"WebSite\",\"@id\":\"https:\/\/radioportoseguro.com.br\/site\/#website\",\"url\":\"https:\/\/radioportoseguro.com.br\/site\/\",\"name\":\"R\u00e1dio Porto Seguro\",\"description\":\"\",\"potentialAction\":[{\"@type\":\"SearchAction\",\"target\":{\"@type\":\"EntryPoint\",\"urlTemplate\":\"https:\/\/radioportoseguro.com.br\/site\/?s={search_term_string}\"},\"query-input\":{\"@type\":\"PropertyValueSpecification\",\"valueRequired\":true,\"valueName\":\"search_term_string\"}}],\"inLanguage\":\"pt-BR\"},{\"@type\":\"Person\",\"@id\":\"https:\/\/radioportoseguro.com.br\/site\/#\/schema\/person\/7630acdc320186f13639d3c067ec089b\",\"name\":\"admin\",\"image\":{\"@type\":\"ImageObject\",\"inLanguage\":\"pt-BR\",\"@id\":\"https:\/\/radioportoseguro.com.br\/site\/#\/schema\/person\/image\/\",\"url\":\"https:\/\/secure.gravatar.com\/avatar\/caacf4dc1eedb68fab0df8e1ed46c448e578b2466351bbcb61e47d2ac0caaef0?s=96&d=mm&r=g\",\"contentUrl\":\"https:\/\/secure.gravatar.com\/avatar\/caacf4dc1eedb68fab0df8e1ed46c448e578b2466351bbcb61e47d2ac0caaef0?s=96&d=mm&r=g\",\"caption\":\"admin\"},\"sameAs\":[\"https:\/\/radioportoseguro.com.br\/site\"],\"url\":\"https:\/\/radioportoseguro.com.br\/site\/author\/hezio\/\"}]}<\/script>\n<!-- \/ Yoast SEO plugin. -->","yoast_head_json":{"title":"Brasileiros usam congrega\u00e7\u00e3o m\u00f3vel em caminh\u00e3o para alcan\u00e7ar n\u00f4mades na Mong\u00f3lia - R\u00e1dio Porto Seguro","robots":{"index":"index","follow":"follow","max-snippet":"max-snippet:-1","max-image-preview":"max-image-preview:large","max-video-preview":"max-video-preview:-1"},"canonical":"https:\/\/radioportoseguro.com.br\/site\/2026\/02\/27\/brasileiros-usam-congregacao-movel-em-caminhao-para-alcancar-nomades-na-mongolia\/","og_locale":"pt_BR","og_type":"article","og_title":"Brasileiros usam congrega\u00e7\u00e3o m\u00f3vel em caminh\u00e3o para alcan\u00e7ar n\u00f4mades na Mong\u00f3lia - R\u00e1dio Porto Seguro","og_description":"O casal brasileiro Lucas e Juliana Oliveira foram literalmente at\u00e9 os confins da Terra para pregar o Evangelho. H\u00e1 nove anos, eles\u00a0se mudaram para a Mong\u00f3lia, um dos pa\u00edses mais isolados e frios do mundo, e que est\u00e1 dentro da Janela 10\/40 \u2013 a regi\u00e3o do mundo menos alcan\u00e7ada pelo Evangelho. Eles foram enviados pela [&hellip;]","og_url":"https:\/\/radioportoseguro.com.br\/site\/2026\/02\/27\/brasileiros-usam-congregacao-movel-em-caminhao-para-alcancar-nomades-na-mongolia\/","og_site_name":"R\u00e1dio Porto Seguro","article_published_time":"2026-02-27T11:39:02+00:00","og_image":[{"url":"https:\/\/thumbor.guiame.com.br\/unsafe\/smart\/https:\/\/media.guiame.com.br\/archives\/2026\/02\/25\/757431488-.jpeg","type":"","width":"","height":""}],"author":"admin","twitter_card":"summary_large_image","twitter_misc":{"Escrito por":"admin","Est. tempo de leitura":"4 minutos"},"schema":{"@context":"https:\/\/schema.org","@graph":[{"@type":"Article","@id":"https:\/\/radioportoseguro.com.br\/site\/2026\/02\/27\/brasileiros-usam-congregacao-movel-em-caminhao-para-alcancar-nomades-na-mongolia\/#article","isPartOf":{"@id":"https:\/\/radioportoseguro.com.br\/site\/2026\/02\/27\/brasileiros-usam-congregacao-movel-em-caminhao-para-alcancar-nomades-na-mongolia\/"},"author":{"name":"admin","@id":"https:\/\/radioportoseguro.com.br\/site\/#\/schema\/person\/7630acdc320186f13639d3c067ec089b"},"headline":"Brasileiros usam congrega\u00e7\u00e3o m\u00f3vel em caminh\u00e3o para alcan\u00e7ar n\u00f4mades na Mong\u00f3lia","datePublished":"2026-02-27T11:39:02+00:00","mainEntityOfPage":{"@id":"https:\/\/radioportoseguro.com.br\/site\/2026\/02\/27\/brasileiros-usam-congregacao-movel-em-caminhao-para-alcancar-nomades-na-mongolia\/"},"wordCount":794,"image":{"@id":"https:\/\/radioportoseguro.com.br\/site\/2026\/02\/27\/brasileiros-usam-congregacao-movel-em-caminhao-para-alcancar-nomades-na-mongolia\/#primaryimage"},"thumbnailUrl":"https:\/\/radioportoseguro.com.br\/site\/wp-content\/uploads\/2026\/02\/3727881131-caminhao.jpeg","articleSection":["Destaques"],"inLanguage":"pt-BR"},{"@type":"WebPage","@id":"https:\/\/radioportoseguro.com.br\/site\/2026\/02\/27\/brasileiros-usam-congregacao-movel-em-caminhao-para-alcancar-nomades-na-mongolia\/","url":"https:\/\/radioportoseguro.com.br\/site\/2026\/02\/27\/brasileiros-usam-congregacao-movel-em-caminhao-para-alcancar-nomades-na-mongolia\/","name":"Brasileiros usam congrega\u00e7\u00e3o m\u00f3vel em caminh\u00e3o para alcan\u00e7ar n\u00f4mades na Mong\u00f3lia - R\u00e1dio Porto Seguro","isPartOf":{"@id":"https:\/\/radioportoseguro.com.br\/site\/#website"},"primaryImageOfPage":{"@id":"https:\/\/radioportoseguro.com.br\/site\/2026\/02\/27\/brasileiros-usam-congregacao-movel-em-caminhao-para-alcancar-nomades-na-mongolia\/#primaryimage"},"image":{"@id":"https:\/\/radioportoseguro.com.br\/site\/2026\/02\/27\/brasileiros-usam-congregacao-movel-em-caminhao-para-alcancar-nomades-na-mongolia\/#primaryimage"},"thumbnailUrl":"https:\/\/radioportoseguro.com.br\/site\/wp-content\/uploads\/2026\/02\/3727881131-caminhao.jpeg","datePublished":"2026-02-27T11:39:02+00:00","author":{"@id":"https:\/\/radioportoseguro.com.br\/site\/#\/schema\/person\/7630acdc320186f13639d3c067ec089b"},"breadcrumb":{"@id":"https:\/\/radioportoseguro.com.br\/site\/2026\/02\/27\/brasileiros-usam-congregacao-movel-em-caminhao-para-alcancar-nomades-na-mongolia\/#breadcrumb"},"inLanguage":"pt-BR","potentialAction":[{"@type":"ReadAction","target":["https:\/\/radioportoseguro.com.br\/site\/2026\/02\/27\/brasileiros-usam-congregacao-movel-em-caminhao-para-alcancar-nomades-na-mongolia\/"]}]},{"@type":"ImageObject","inLanguage":"pt-BR","@id":"https:\/\/radioportoseguro.com.br\/site\/2026\/02\/27\/brasileiros-usam-congregacao-movel-em-caminhao-para-alcancar-nomades-na-mongolia\/#primaryimage","url":"https:\/\/radioportoseguro.com.br\/site\/wp-content\/uploads\/2026\/02\/3727881131-caminhao.jpeg","contentUrl":"https:\/\/radioportoseguro.com.br\/site\/wp-content\/uploads\/2026\/02\/3727881131-caminhao.jpeg","width":1200,"height":600},{"@type":"BreadcrumbList","@id":"https:\/\/radioportoseguro.com.br\/site\/2026\/02\/27\/brasileiros-usam-congregacao-movel-em-caminhao-para-alcancar-nomades-na-mongolia\/#breadcrumb","itemListElement":[{"@type":"ListItem","position":1,"name":"In\u00edcio","item":"https:\/\/radioportoseguro.com.br\/site\/"},{"@type":"ListItem","position":2,"name":"Brasileiros usam congrega\u00e7\u00e3o m\u00f3vel em caminh\u00e3o para alcan\u00e7ar n\u00f4mades na Mong\u00f3lia"}]},{"@type":"WebSite","@id":"https:\/\/radioportoseguro.com.br\/site\/#website","url":"https:\/\/radioportoseguro.com.br\/site\/","name":"R\u00e1dio Porto Seguro","description":"","potentialAction":[{"@type":"SearchAction","target":{"@type":"EntryPoint","urlTemplate":"https:\/\/radioportoseguro.com.br\/site\/?s={search_term_string}"},"query-input":{"@type":"PropertyValueSpecification","valueRequired":true,"valueName":"search_term_string"}}],"inLanguage":"pt-BR"},{"@type":"Person","@id":"https:\/\/radioportoseguro.com.br\/site\/#\/schema\/person\/7630acdc320186f13639d3c067ec089b","name":"admin","image":{"@type":"ImageObject","inLanguage":"pt-BR","@id":"https:\/\/radioportoseguro.com.br\/site\/#\/schema\/person\/image\/","url":"https:\/\/secure.gravatar.com\/avatar\/caacf4dc1eedb68fab0df8e1ed46c448e578b2466351bbcb61e47d2ac0caaef0?s=96&d=mm&r=g","contentUrl":"https:\/\/secure.gravatar.com\/avatar\/caacf4dc1eedb68fab0df8e1ed46c448e578b2466351bbcb61e47d2ac0caaef0?s=96&d=mm&r=g","caption":"admin"},"sameAs":["https:\/\/radioportoseguro.com.br\/site"],"url":"https:\/\/radioportoseguro.com.br\/site\/author\/hezio\/"}]}},"_links":{"self":[{"href":"https:\/\/radioportoseguro.com.br\/site\/wp-json\/wp\/v2\/posts\/4458","targetHints":{"allow":["GET"]}}],"collection":[{"href":"https:\/\/radioportoseguro.com.br\/site\/wp-json\/wp\/v2\/posts"}],"about":[{"href":"https:\/\/radioportoseguro.com.br\/site\/wp-json\/wp\/v2\/types\/post"}],"author":[{"embeddable":true,"href":"https:\/\/radioportoseguro.com.br\/site\/wp-json\/wp\/v2\/users\/1"}],"replies":[{"embeddable":true,"href":"https:\/\/radioportoseguro.com.br\/site\/wp-json\/wp\/v2\/comments?post=4458"}],"version-history":[{"count":0,"href":"https:\/\/radioportoseguro.com.br\/site\/wp-json\/wp\/v2\/posts\/4458\/revisions"}],"wp:featuredmedia":[{"embeddable":true,"href":"https:\/\/radioportoseguro.com.br\/site\/wp-json\/wp\/v2\/media\/4459"}],"wp:attachment":[{"href":"https:\/\/radioportoseguro.com.br\/site\/wp-json\/wp\/v2\/media?parent=4458"}],"wp:term":[{"taxonomy":"category","embeddable":true,"href":"https:\/\/radioportoseguro.com.br\/site\/wp-json\/wp\/v2\/categories?post=4458"},{"taxonomy":"post_tag","embeddable":true,"href":"https:\/\/radioportoseguro.com.br\/site\/wp-json\/wp\/v2\/tags?post=4458"}],"curies":[{"name":"wp","href":"https:\/\/api.w.org\/{rel}","templated":true}]}}