{"id":4540,"date":"2026-02-28T02:56:42","date_gmt":"2026-02-28T05:56:42","guid":{"rendered":"https:\/\/radioportoseguro.com.br\/site\/2026\/02\/28\/a-teologia-da-identidade-crista-em-joseph-ratzinger\/"},"modified":"2026-02-28T02:56:42","modified_gmt":"2026-02-28T05:56:42","slug":"a-teologia-da-identidade-crista-em-joseph-ratzinger","status":"publish","type":"post","link":"https:\/\/radioportoseguro.com.br\/site\/2026\/02\/28\/a-teologia-da-identidade-crista-em-joseph-ratzinger\/","title":{"rendered":"A teologia da identidade crist\u00e3 em Joseph Ratzinger"},"content":{"rendered":"<p><br \/>\n<br \/><\/p>\n<div>\n<p><strong><em>1. Introdu\u00e7\u00e3o: O Contexto da Modernidade Tardia<\/em><\/strong><\/p>\n<p>A obra <strong><em>&#8220;Ser Crist\u00e3o na Era Neopag\u00e3&#8221; <\/em><\/strong>(originalmente uma colet\u00e2nea de discursos, homilias, debates e entrevistas concedidas pelo Cardeal Joseph Ratzinger \u2013 posteriormente Papa Bento XVI \u2013 entre 1986 e 2004) constitui um marco teol\u00f3gico na an\u00e1lise da crise de identidade eclesial e da f\u00e9 na modernidade tardia. Dirigido a um p\u00fablico que lida com as tens\u00f5es entre a fidelidade \u00e0 Tradi\u00e7\u00e3o e o di\u00e1logo com o mundo contempor\u00e2neo, o livro oferece uma eclesiologia de resist\u00eancia e uma cristologia existencial para um tempo que Ratzinger denomina &#8220;neopag\u00e3o&#8221;.<\/p>\n<p>O termo \u201cneopaganismo\u201d, cunhado por Ratzinger, n\u00e3o se refere a um culto expl\u00edcito a divindades antigas, mas sim \u00e0 dissolu\u00e7\u00e3o do fundamento metaf\u00edsico e \u00e9tico crist\u00e3o na cultura ocidental, resultando em uma sociedade que, embora tecnologicamente avan\u00e7ada, vive <em>aetheoi <\/em>\u2013 &#8220;sem esperan\u00e7a e sem Deus no mundo&#8221; (Ef\u00e9sisos 2,12), repetindo a crise dos deuses da Antiguidade. Este artigo visa explorar a tese central de Ratzinger, seu diagn\u00f3stico da crise e a solu\u00e7\u00e3o teol\u00f3gica proposta para o crist\u00e3o contempor\u00e2neo.<\/p>\n<p><strong><em>2. O Diagn\u00f3stico da Crise Neopag\u00e3 <\/em><\/strong><\/p>\n<p>Ratzinger identifica a era moderna como caracterizada por um processo de seculariza\u00e7\u00e3o radical e relativismo. A modernidade, em sua vers\u00e3o p\u00f3s-iluminista, busca a autossufici\u00eancia humana e a autonomia da raz\u00e3o (o <em>homo autonomus<\/em>), marginalizando a Deus e a Verdade objetiva.<\/p>\n<p style=\"padding-left: 30px;\"><strong>A. A Exclus\u00e3o da Verdade Metaf\u00edsica. <\/strong>A crise neopag\u00e3 reside na perda da capacidade de reconhecer a Verdade como algo objetivo e transcendente. Ratzinger argumenta que o relativismo \u00e9tico e epistemol\u00f3gico, ao negar a validade universal da raz\u00e3o e da moral, leva a um vazio espiritual que \u00e9 preenchido por formas de idolatria imanente \u2013 cultos \u00e0 t\u00e9cnica, ao consumo, ao individualismo subjetivista.<\/p>\n<p style=\"padding-left: 30px;\"><strong>B. O Individualismo e a Descorporifica\u00e7\u00e3o da F\u00e9. <\/strong>O neopaganismo tamb\u00e9m se manifesta na tentativa de reduzir a f\u00e9 crist\u00e3 a uma experi\u00eancia individualista e subjetiva (&#8220;pietismo rom\u00e2ntico&#8221; ou meramente \u00e9tico), desvinculada da estrutura eclesial (a comunh\u00e3o e a liturgia). Ratzinger reitera que o Cristianismo \u00e9 fundamentalmente corp\u00f3reo (a Encarna\u00e7\u00e3o) e comunit\u00e1rio (a Igreja, o Corpo de Cristo). O encontro com Cristo deve gerar a comunh\u00e3o com a Igreja e a viv\u00eancia da caridade.<\/p>\n<p><strong><em>3. A Solu\u00e7\u00e3o Teol\u00f3gica: A &#8220;Revolu\u00e7\u00e3o Copernicana&#8221; <\/em><\/strong><\/p>\n<p>Em resposta ao diagn\u00f3stico da crise, Ratzinger prop\u00f5e uma profunda reorienta\u00e7\u00e3o teol\u00f3gica e existencial para o crente, que ele compara \u00e0 revolu\u00e7\u00e3o copernicana no campo da f\u00e9.<\/p>\n<p style=\"text-align: left;\"><strong>A. A Centralidade de Cristo (Cristocentrismo). <\/strong>A tese central de Ratzinger \u00e9 que o crist\u00e3o deve realizar a &#8220;revolu\u00e7\u00e3o copernicana&#8221; em sua pr\u00f3pria vida. Assim como Cop\u00e9rnico tirou a Terra (o homem) do centro do universo para colocar o Sol (Deus\/Cristo), o crist\u00e3o deve deixar de ser o ponto central em torno do qual o universo e as escolhas giram.<\/p>\n<p style=\"padding-left: 60px;\">&#8220;Ser crist\u00e3o \u00e9 algo muito mais simples e, no entanto, muito mais revolucion\u00e1rio. \u00c9 fazer com que a revolu\u00e7\u00e3o copernicana aconte\u00e7a, deixando de nos considerarmos o ponto central do universo, em torno do qual devem girar os outros, porque n\u00f3s come\u00e7amos a reconhecer com toda a seriedade que somos apenas uma das muitas criaturas de Deus que se movem em torno d&#8217;Ele, que \u00e9 o verdadeiro centro.&#8221; (Ratzinger, <em>Ser Crist\u00e3o na Era Neopag\u00e3<\/em>)<\/p>\n<p>Essa <strong>centralidade de Cristo <\/strong>\u00e9 o ant\u00eddoto para o subjetivismo neopag\u00e3o. O amor crist\u00e3o e a conduta pessoal devem ser determinados por uma <strong>refer\u00eancia absoluta<\/strong>: Jesus Cristo, o <strong>Verdadeiro Deus e Verdadeiro Homem<\/strong>.<\/p>\n<p><strong>B. Liturgia e Beleza como L\u00f3cus da Verdade. <\/strong>Ratzinger recorrentemente aponta para a Liturgia e a Beleza como essenciais para a identidade crist\u00e3. A liturgia n\u00e3o \u00e9 um espet\u00e1culo autoreferencial, mas o encontro objetivo e p\u00fablico da Igreja com o Cristo ressuscitado.<\/p>\n<p>A orienta\u00e7\u00e3o da ora\u00e7\u00e3o lit\u00fargica (o <em>facing East<\/em>, ou <em>ad orientem<\/em>), abordada em seus textos, simboliza o descentramento do homem e a reorienta\u00e7\u00e3o para Deus.<\/p>\n<p>A Beleza (<em>pulchrum<\/em>) na f\u00e9 (na arte, na m\u00fasica e, sobretudo, na liturgia) \u00e9 o \u00faltimo caminho capaz de tocar a sensibilidade do homem moderno, que muitas vezes desconfia da verdade puramente racional.<\/p>\n<p><strong><em>4. Conclus\u00e3o: Teologia da Esperan\u00e7a e do Pequeno Rebanho <\/em><\/strong><\/p>\n<p><em>&#8220;Ser Crist\u00e3o na Era Neopag\u00e3&#8221; <\/em>\u00e9 uma obra de teologia prof\u00e9tica que convida \u00e0 lucidez e \u00e0 coragem. Ratzinger n\u00e3o prop\u00f5e uma estrat\u00e9gia pol\u00edtica para dominar a cultura, mas sim um retorno \u00e0s ess\u00eancias \u2013 \u00e0 Palavra \u00e1spera e cortante de Cristo e \u00e0 identidade eclesial aut\u00eantica.<\/p>\n<p>Ele prev\u00ea que o futuro do Cristianismo passar\u00e1 por ser um &#8220;pequeno rebanho&#8221; (a <em>pusillus grex<\/em>), purificado do formalismo e do sincretismo, mas intensamente fiel e radiante em sua vida. A obra desafia os p\u00f3s-graduandos em Teologia a uma f\u00e9 madura, que harmonize f\u00e9 e raz\u00e3o (<em>Fides et Ratio<\/em>), e que seja capaz de testemunhar a Verdade de Cristo como verdadeira filosofia e vida plena em um mundo que tenta viver <em>sola ratio <\/em>(somente a raz\u00e3o) e <em>sine Deo <\/em>(sem Deus).<\/p>\n<p style=\"text-align: left;\">Acesse mais sobre o assunto no podcast:<\/p>\n<div class=\"ose-youtube ose-uid-fd559be49a8eedf013c9acf5465d300c ose-embedpress-responsive\" style=\"width:600px; height:600px; max-height:600px; max-width:100%; display:inline-block;\" data-embed-type=\"Youtube\"><iframe allowFullScreen=\"true\" title=\"\ud83d\udce2#58 A Teologia da Identidade Crist\u00e3 em Joseph Ratzinger \u2013 An\u00e1lise de &quot;Ser Crist\u00e3o na Era Neopag\u00e3&quot;\" width=\"600\" height=\"600\" src=\"https:\/\/www.youtube.com\/embed\/3mEyhc2fGdI?feature=oembed&color=red&rel=0&controls=1&start=&end=&fs=0&iv_load_policy=0&autoplay=0&mute=0&modestbranding=0&cc_load_policy=1&playsinline=1\" frameborder=\"0\" allow=\"accelerometer; encrypted-media;accelerometer;autoplay;clipboard-write;gyroscope;picture-in-picture clipboard-write; encrypted-media; gyroscope; picture-in-picture; web-share\" referrerpolicy=\"strict-origin-when-cross-origin\" allowfullscreen><\/iframe><\/div>\n<p>\u00a0<\/p>\n<p><strong>Daniel Santos Ramos<\/strong> (@profdanielramos) \u00e9 professor (Portugu\u00eas\/Ingl\u00eas &#8211; SEE-MG, EJA\/EM\/EFII), colunista do Guia-me e professor de Teologia em diversos semin\u00e1rios. Possui Licenciatura em Letras (2024), Bacharelado\/Mestrado em Teologia (2013\/2015) e p\u00f3s-gradua\u00e7\u00e3o em Doc\u00eancia. Autor de 2 livros de Teologia, tem mais de 20 anos de experi\u00eancia ministerial e \u00e9 membro da Assembleia\u00a0de\u00a0Deus\u00a0em\u00a0BH.<\/p>\n<p><em>* O conte\u00fado do texto acima \u00e9 uma colabora\u00e7\u00e3o volunt\u00e1ria, de total responsabilidade do autor e n\u00e3o reflete necessariamente a opini\u00e3o do Portal Guiame.<\/em><\/p>\n<p>Leia o artigo anterior: <span style=\"color: #800000;\"><strong>As din\u00e2micas da vida espiritual em Richard F. Lovelace: O desafio de ser confrontado <\/strong><\/span><\/p>\n<\/div>\n<p><br \/>\n<br \/>Fonte: Guiame <\/p>\n","protected":false},"excerpt":{"rendered":"<p>1. Introdu\u00e7\u00e3o: O Contexto da Modernidade Tardia A obra &#8220;Ser Crist\u00e3o na Era Neopag\u00e3&#8221; (originalmente uma colet\u00e2nea de discursos, homilias, debates e entrevistas concedidas pelo Cardeal Joseph Ratzinger \u2013 posteriormente Papa Bento XVI \u2013 entre 1986 e 2004) constitui um marco teol\u00f3gico na an\u00e1lise da crise de identidade eclesial e da f\u00e9 na modernidade tardia. [&hellip;]<\/p>\n","protected":false},"author":1,"featured_media":4541,"comment_status":"","ping_status":"open","sticky":false,"template":"","format":"standard","meta":{"footnotes":""},"categories":[43],"tags":[],"class_list":["post-4540","post","type-post","status-publish","format-standard","has-post-thumbnail","hentry","category-destaques"],"yoast_head":"<!-- This site is optimized with the Yoast SEO plugin v26.8 - https:\/\/yoast.com\/product\/yoast-seo-wordpress\/ -->\n<title>A teologia da identidade crist\u00e3 em Joseph Ratzinger - R\u00e1dio Porto Seguro<\/title>\n<meta name=\"robots\" content=\"index, follow, max-snippet:-1, max-image-preview:large, max-video-preview:-1\" \/>\n<link rel=\"canonical\" href=\"https:\/\/radioportoseguro.com.br\/site\/2026\/02\/28\/a-teologia-da-identidade-crista-em-joseph-ratzinger\/\" \/>\n<meta property=\"og:locale\" content=\"pt_BR\" \/>\n<meta property=\"og:type\" content=\"article\" \/>\n<meta property=\"og:title\" content=\"A teologia da identidade crist\u00e3 em Joseph Ratzinger - R\u00e1dio Porto Seguro\" \/>\n<meta property=\"og:description\" content=\"1. Introdu\u00e7\u00e3o: O Contexto da Modernidade Tardia A obra &#8220;Ser Crist\u00e3o na Era Neopag\u00e3&#8221; (originalmente uma colet\u00e2nea de discursos, homilias, debates e entrevistas concedidas pelo Cardeal Joseph Ratzinger \u2013 posteriormente Papa Bento XVI \u2013 entre 1986 e 2004) constitui um marco teol\u00f3gico na an\u00e1lise da crise de identidade eclesial e da f\u00e9 na modernidade tardia. [&hellip;]\" \/>\n<meta property=\"og:url\" content=\"https:\/\/radioportoseguro.com.br\/site\/2026\/02\/28\/a-teologia-da-identidade-crista-em-joseph-ratzinger\/\" \/>\n<meta property=\"og:site_name\" content=\"R\u00e1dio Porto Seguro\" \/>\n<meta property=\"article:published_time\" content=\"2026-02-28T05:56:42+00:00\" \/>\n<meta property=\"og:image\" content=\"https:\/\/media.guiame.com.br\/archives\/2026\/02\/26\/1412546807-capa-livro.png\" \/>\n<meta name=\"author\" content=\"admin\" \/>\n<meta name=\"twitter:card\" content=\"summary_large_image\" \/>\n<meta name=\"twitter:label1\" content=\"Escrito por\" \/>\n\t<meta name=\"twitter:data1\" content=\"admin\" \/>\n\t<meta name=\"twitter:label2\" content=\"Est. tempo de leitura\" \/>\n\t<meta name=\"twitter:data2\" content=\"5 minutos\" \/>\n<script type=\"application\/ld+json\" class=\"yoast-schema-graph\">{\"@context\":\"https:\/\/schema.org\",\"@graph\":[{\"@type\":\"Article\",\"@id\":\"https:\/\/radioportoseguro.com.br\/site\/2026\/02\/28\/a-teologia-da-identidade-crista-em-joseph-ratzinger\/#article\",\"isPartOf\":{\"@id\":\"https:\/\/radioportoseguro.com.br\/site\/2026\/02\/28\/a-teologia-da-identidade-crista-em-joseph-ratzinger\/\"},\"author\":{\"name\":\"admin\",\"@id\":\"https:\/\/radioportoseguro.com.br\/site\/#\/schema\/person\/7630acdc320186f13639d3c067ec089b\"},\"headline\":\"A teologia da identidade crist\u00e3 em Joseph Ratzinger\",\"datePublished\":\"2026-02-28T05:56:42+00:00\",\"mainEntityOfPage\":{\"@id\":\"https:\/\/radioportoseguro.com.br\/site\/2026\/02\/28\/a-teologia-da-identidade-crista-em-joseph-ratzinger\/\"},\"wordCount\":992,\"image\":{\"@id\":\"https:\/\/radioportoseguro.com.br\/site\/2026\/02\/28\/a-teologia-da-identidade-crista-em-joseph-ratzinger\/#primaryimage\"},\"thumbnailUrl\":\"https:\/\/radioportoseguro.com.br\/site\/wp-content\/uploads\/2026\/02\/1412546807-capa-livro.png\",\"articleSection\":[\"Destaques\"],\"inLanguage\":\"pt-BR\"},{\"@type\":\"WebPage\",\"@id\":\"https:\/\/radioportoseguro.com.br\/site\/2026\/02\/28\/a-teologia-da-identidade-crista-em-joseph-ratzinger\/\",\"url\":\"https:\/\/radioportoseguro.com.br\/site\/2026\/02\/28\/a-teologia-da-identidade-crista-em-joseph-ratzinger\/\",\"name\":\"A teologia da identidade crist\u00e3 em Joseph Ratzinger - R\u00e1dio Porto Seguro\",\"isPartOf\":{\"@id\":\"https:\/\/radioportoseguro.com.br\/site\/#website\"},\"primaryImageOfPage\":{\"@id\":\"https:\/\/radioportoseguro.com.br\/site\/2026\/02\/28\/a-teologia-da-identidade-crista-em-joseph-ratzinger\/#primaryimage\"},\"image\":{\"@id\":\"https:\/\/radioportoseguro.com.br\/site\/2026\/02\/28\/a-teologia-da-identidade-crista-em-joseph-ratzinger\/#primaryimage\"},\"thumbnailUrl\":\"https:\/\/radioportoseguro.com.br\/site\/wp-content\/uploads\/2026\/02\/1412546807-capa-livro.png\",\"datePublished\":\"2026-02-28T05:56:42+00:00\",\"author\":{\"@id\":\"https:\/\/radioportoseguro.com.br\/site\/#\/schema\/person\/7630acdc320186f13639d3c067ec089b\"},\"breadcrumb\":{\"@id\":\"https:\/\/radioportoseguro.com.br\/site\/2026\/02\/28\/a-teologia-da-identidade-crista-em-joseph-ratzinger\/#breadcrumb\"},\"inLanguage\":\"pt-BR\",\"potentialAction\":[{\"@type\":\"ReadAction\",\"target\":[\"https:\/\/radioportoseguro.com.br\/site\/2026\/02\/28\/a-teologia-da-identidade-crista-em-joseph-ratzinger\/\"]}]},{\"@type\":\"ImageObject\",\"inLanguage\":\"pt-BR\",\"@id\":\"https:\/\/radioportoseguro.com.br\/site\/2026\/02\/28\/a-teologia-da-identidade-crista-em-joseph-ratzinger\/#primaryimage\",\"url\":\"https:\/\/radioportoseguro.com.br\/site\/wp-content\/uploads\/2026\/02\/1412546807-capa-livro.png\",\"contentUrl\":\"https:\/\/radioportoseguro.com.br\/site\/wp-content\/uploads\/2026\/02\/1412546807-capa-livro.png\",\"width\":1200,\"height\":600},{\"@type\":\"BreadcrumbList\",\"@id\":\"https:\/\/radioportoseguro.com.br\/site\/2026\/02\/28\/a-teologia-da-identidade-crista-em-joseph-ratzinger\/#breadcrumb\",\"itemListElement\":[{\"@type\":\"ListItem\",\"position\":1,\"name\":\"In\u00edcio\",\"item\":\"https:\/\/radioportoseguro.com.br\/site\/\"},{\"@type\":\"ListItem\",\"position\":2,\"name\":\"A teologia da identidade crist\u00e3 em Joseph Ratzinger\"}]},{\"@type\":\"WebSite\",\"@id\":\"https:\/\/radioportoseguro.com.br\/site\/#website\",\"url\":\"https:\/\/radioportoseguro.com.br\/site\/\",\"name\":\"R\u00e1dio Porto Seguro\",\"description\":\"\",\"potentialAction\":[{\"@type\":\"SearchAction\",\"target\":{\"@type\":\"EntryPoint\",\"urlTemplate\":\"https:\/\/radioportoseguro.com.br\/site\/?s={search_term_string}\"},\"query-input\":{\"@type\":\"PropertyValueSpecification\",\"valueRequired\":true,\"valueName\":\"search_term_string\"}}],\"inLanguage\":\"pt-BR\"},{\"@type\":\"Person\",\"@id\":\"https:\/\/radioportoseguro.com.br\/site\/#\/schema\/person\/7630acdc320186f13639d3c067ec089b\",\"name\":\"admin\",\"image\":{\"@type\":\"ImageObject\",\"inLanguage\":\"pt-BR\",\"@id\":\"https:\/\/radioportoseguro.com.br\/site\/#\/schema\/person\/image\/\",\"url\":\"https:\/\/secure.gravatar.com\/avatar\/caacf4dc1eedb68fab0df8e1ed46c448e578b2466351bbcb61e47d2ac0caaef0?s=96&d=mm&r=g\",\"contentUrl\":\"https:\/\/secure.gravatar.com\/avatar\/caacf4dc1eedb68fab0df8e1ed46c448e578b2466351bbcb61e47d2ac0caaef0?s=96&d=mm&r=g\",\"caption\":\"admin\"},\"sameAs\":[\"https:\/\/radioportoseguro.com.br\/site\"],\"url\":\"https:\/\/radioportoseguro.com.br\/site\/author\/hezio\/\"}]}<\/script>\n<!-- \/ Yoast SEO plugin. -->","yoast_head_json":{"title":"A teologia da identidade crist\u00e3 em Joseph Ratzinger - R\u00e1dio Porto Seguro","robots":{"index":"index","follow":"follow","max-snippet":"max-snippet:-1","max-image-preview":"max-image-preview:large","max-video-preview":"max-video-preview:-1"},"canonical":"https:\/\/radioportoseguro.com.br\/site\/2026\/02\/28\/a-teologia-da-identidade-crista-em-joseph-ratzinger\/","og_locale":"pt_BR","og_type":"article","og_title":"A teologia da identidade crist\u00e3 em Joseph Ratzinger - R\u00e1dio Porto Seguro","og_description":"1. Introdu\u00e7\u00e3o: O Contexto da Modernidade Tardia A obra &#8220;Ser Crist\u00e3o na Era Neopag\u00e3&#8221; (originalmente uma colet\u00e2nea de discursos, homilias, debates e entrevistas concedidas pelo Cardeal Joseph Ratzinger \u2013 posteriormente Papa Bento XVI \u2013 entre 1986 e 2004) constitui um marco teol\u00f3gico na an\u00e1lise da crise de identidade eclesial e da f\u00e9 na modernidade tardia. [&hellip;]","og_url":"https:\/\/radioportoseguro.com.br\/site\/2026\/02\/28\/a-teologia-da-identidade-crista-em-joseph-ratzinger\/","og_site_name":"R\u00e1dio Porto Seguro","article_published_time":"2026-02-28T05:56:42+00:00","og_image":[{"url":"https:\/\/media.guiame.com.br\/archives\/2026\/02\/26\/1412546807-capa-livro.png","type":"","width":"","height":""}],"author":"admin","twitter_card":"summary_large_image","twitter_misc":{"Escrito por":"admin","Est. tempo de leitura":"5 minutos"},"schema":{"@context":"https:\/\/schema.org","@graph":[{"@type":"Article","@id":"https:\/\/radioportoseguro.com.br\/site\/2026\/02\/28\/a-teologia-da-identidade-crista-em-joseph-ratzinger\/#article","isPartOf":{"@id":"https:\/\/radioportoseguro.com.br\/site\/2026\/02\/28\/a-teologia-da-identidade-crista-em-joseph-ratzinger\/"},"author":{"name":"admin","@id":"https:\/\/radioportoseguro.com.br\/site\/#\/schema\/person\/7630acdc320186f13639d3c067ec089b"},"headline":"A teologia da identidade crist\u00e3 em Joseph Ratzinger","datePublished":"2026-02-28T05:56:42+00:00","mainEntityOfPage":{"@id":"https:\/\/radioportoseguro.com.br\/site\/2026\/02\/28\/a-teologia-da-identidade-crista-em-joseph-ratzinger\/"},"wordCount":992,"image":{"@id":"https:\/\/radioportoseguro.com.br\/site\/2026\/02\/28\/a-teologia-da-identidade-crista-em-joseph-ratzinger\/#primaryimage"},"thumbnailUrl":"https:\/\/radioportoseguro.com.br\/site\/wp-content\/uploads\/2026\/02\/1412546807-capa-livro.png","articleSection":["Destaques"],"inLanguage":"pt-BR"},{"@type":"WebPage","@id":"https:\/\/radioportoseguro.com.br\/site\/2026\/02\/28\/a-teologia-da-identidade-crista-em-joseph-ratzinger\/","url":"https:\/\/radioportoseguro.com.br\/site\/2026\/02\/28\/a-teologia-da-identidade-crista-em-joseph-ratzinger\/","name":"A teologia da identidade crist\u00e3 em Joseph Ratzinger - R\u00e1dio Porto Seguro","isPartOf":{"@id":"https:\/\/radioportoseguro.com.br\/site\/#website"},"primaryImageOfPage":{"@id":"https:\/\/radioportoseguro.com.br\/site\/2026\/02\/28\/a-teologia-da-identidade-crista-em-joseph-ratzinger\/#primaryimage"},"image":{"@id":"https:\/\/radioportoseguro.com.br\/site\/2026\/02\/28\/a-teologia-da-identidade-crista-em-joseph-ratzinger\/#primaryimage"},"thumbnailUrl":"https:\/\/radioportoseguro.com.br\/site\/wp-content\/uploads\/2026\/02\/1412546807-capa-livro.png","datePublished":"2026-02-28T05:56:42+00:00","author":{"@id":"https:\/\/radioportoseguro.com.br\/site\/#\/schema\/person\/7630acdc320186f13639d3c067ec089b"},"breadcrumb":{"@id":"https:\/\/radioportoseguro.com.br\/site\/2026\/02\/28\/a-teologia-da-identidade-crista-em-joseph-ratzinger\/#breadcrumb"},"inLanguage":"pt-BR","potentialAction":[{"@type":"ReadAction","target":["https:\/\/radioportoseguro.com.br\/site\/2026\/02\/28\/a-teologia-da-identidade-crista-em-joseph-ratzinger\/"]}]},{"@type":"ImageObject","inLanguage":"pt-BR","@id":"https:\/\/radioportoseguro.com.br\/site\/2026\/02\/28\/a-teologia-da-identidade-crista-em-joseph-ratzinger\/#primaryimage","url":"https:\/\/radioportoseguro.com.br\/site\/wp-content\/uploads\/2026\/02\/1412546807-capa-livro.png","contentUrl":"https:\/\/radioportoseguro.com.br\/site\/wp-content\/uploads\/2026\/02\/1412546807-capa-livro.png","width":1200,"height":600},{"@type":"BreadcrumbList","@id":"https:\/\/radioportoseguro.com.br\/site\/2026\/02\/28\/a-teologia-da-identidade-crista-em-joseph-ratzinger\/#breadcrumb","itemListElement":[{"@type":"ListItem","position":1,"name":"In\u00edcio","item":"https:\/\/radioportoseguro.com.br\/site\/"},{"@type":"ListItem","position":2,"name":"A teologia da identidade crist\u00e3 em Joseph Ratzinger"}]},{"@type":"WebSite","@id":"https:\/\/radioportoseguro.com.br\/site\/#website","url":"https:\/\/radioportoseguro.com.br\/site\/","name":"R\u00e1dio Porto Seguro","description":"","potentialAction":[{"@type":"SearchAction","target":{"@type":"EntryPoint","urlTemplate":"https:\/\/radioportoseguro.com.br\/site\/?s={search_term_string}"},"query-input":{"@type":"PropertyValueSpecification","valueRequired":true,"valueName":"search_term_string"}}],"inLanguage":"pt-BR"},{"@type":"Person","@id":"https:\/\/radioportoseguro.com.br\/site\/#\/schema\/person\/7630acdc320186f13639d3c067ec089b","name":"admin","image":{"@type":"ImageObject","inLanguage":"pt-BR","@id":"https:\/\/radioportoseguro.com.br\/site\/#\/schema\/person\/image\/","url":"https:\/\/secure.gravatar.com\/avatar\/caacf4dc1eedb68fab0df8e1ed46c448e578b2466351bbcb61e47d2ac0caaef0?s=96&d=mm&r=g","contentUrl":"https:\/\/secure.gravatar.com\/avatar\/caacf4dc1eedb68fab0df8e1ed46c448e578b2466351bbcb61e47d2ac0caaef0?s=96&d=mm&r=g","caption":"admin"},"sameAs":["https:\/\/radioportoseguro.com.br\/site"],"url":"https:\/\/radioportoseguro.com.br\/site\/author\/hezio\/"}]}},"_links":{"self":[{"href":"https:\/\/radioportoseguro.com.br\/site\/wp-json\/wp\/v2\/posts\/4540","targetHints":{"allow":["GET"]}}],"collection":[{"href":"https:\/\/radioportoseguro.com.br\/site\/wp-json\/wp\/v2\/posts"}],"about":[{"href":"https:\/\/radioportoseguro.com.br\/site\/wp-json\/wp\/v2\/types\/post"}],"author":[{"embeddable":true,"href":"https:\/\/radioportoseguro.com.br\/site\/wp-json\/wp\/v2\/users\/1"}],"replies":[{"embeddable":true,"href":"https:\/\/radioportoseguro.com.br\/site\/wp-json\/wp\/v2\/comments?post=4540"}],"version-history":[{"count":0,"href":"https:\/\/radioportoseguro.com.br\/site\/wp-json\/wp\/v2\/posts\/4540\/revisions"}],"wp:featuredmedia":[{"embeddable":true,"href":"https:\/\/radioportoseguro.com.br\/site\/wp-json\/wp\/v2\/media\/4541"}],"wp:attachment":[{"href":"https:\/\/radioportoseguro.com.br\/site\/wp-json\/wp\/v2\/media?parent=4540"}],"wp:term":[{"taxonomy":"category","embeddable":true,"href":"https:\/\/radioportoseguro.com.br\/site\/wp-json\/wp\/v2\/categories?post=4540"},{"taxonomy":"post_tag","embeddable":true,"href":"https:\/\/radioportoseguro.com.br\/site\/wp-json\/wp\/v2\/tags?post=4540"}],"curies":[{"name":"wp","href":"https:\/\/api.w.org\/{rel}","templated":true}]}}