{"id":4560,"date":"2026-02-28T13:30:21","date_gmt":"2026-02-28T16:30:21","guid":{"rendered":"https:\/\/radioportoseguro.com.br\/site\/2026\/02\/28\/menino-impacta-passageiros-ao-pregar-em-onibus-jesus-ainda-acalma-a-tempestade\/"},"modified":"2026-02-28T13:30:21","modified_gmt":"2026-02-28T16:30:21","slug":"menino-impacta-passageiros-ao-pregar-em-onibus-jesus-ainda-acalma-a-tempestade","status":"publish","type":"post","link":"https:\/\/radioportoseguro.com.br\/site\/2026\/02\/28\/menino-impacta-passageiros-ao-pregar-em-onibus-jesus-ainda-acalma-a-tempestade\/","title":{"rendered":"Menino impacta passageiros ao pregar em \u00f4nibus: \u2018Jesus ainda acalma a tempestade\u2019"},"content":{"rendered":"<p><br \/>\n<br \/><\/p>\n<div>\n<p>Um v\u00eddeo publicado no Instagram mostra um jovem <span style=\"color: #800000;\"><strong>pregando dentro de um \u00f4nibus<\/strong><\/span> durante as primeiras horas da manh\u00e3 a trabalhadores, como ele identifica os passageiros.<\/p>\n<p>Com uma <span style=\"color: #800000;\"><strong>B\u00edblia nas m\u00e3os<\/strong><\/span>, Elias Dourado compartilha uma breve reflex\u00e3o baseada em Mateus 8:23\u201327, passagem em que Jesus acalma a tempestade.<\/p>\n<p>Ap\u00f3s ler o trecho b\u00edblico, o jovem \u2013 que se identifica na rede social como pregador dos \u00f4nibus e ganhador de almas \u2013 aplica a mensagem \u00e0 realidade das pessoas que estavam ali naquele momento, muitas delas iniciando mais um dia de rotina.<\/p>\n<p>\u201cPreste aten\u00e7\u00e3o nessa palavra que vou te dizer: eu n\u00e3o sei qual \u00e9 o teu estado nessa manh\u00e3, eu n\u00e3o sei como voc\u00ea se encontra, eu n\u00e3o sei qual \u00e9 o tamanho da tempestade que voc\u00ea tem enfrentado\u201d, diz ele.<\/p>\n<blockquote class=\"instagram-media\" style=\"background: #FFF; border: 0; border-radius: 3px; box-shadow: 0 0 1px 0 rgba(0,0,0,0.5),0 1px 10px 0 rgba(0,0,0,0.15); margin: 1px; max-width: 540px; min-width: 326px; padding: 0; width: calc(100% - 2px);\" data-instgrm-captioned=\"\" data-instgrm-permalink=\"https:\/\/www.instagram.com\/reel\/DUdiR3ECeBL\/?utm_source=ig_embed&amp;utm_campaign=loading\" data-instgrm-version=\"14\"><p>&#13;<br \/>\n&#13;\n<\/p><\/blockquote>\n<p>Em seguida, o pregador destaca que, no relato b\u00edblico, os disc\u00edpulos clamaram por Jesus em meio ao medo, e relaciona isso \u00e0s dificuldades enfrentadas no cotidiano.<\/p>\n<p>\u201cVoc\u00ea percebeu que nesta palavra Jesus s\u00f3 conseguiu acordar porque os disc\u00edpulos gritaram, porque os disc\u00edpulos clamaram o nome do Senhor Jesus? E com voc\u00ea n\u00e3o \u00e9 diferente, trabalhador. Jesus est\u00e1 te ouvindo.\u201d<\/p>\n<p>No v\u00eddeo, ele tamb\u00e9m cita a promessa b\u00edblica registrada em Isa\u00edas 59:1, de que Deus ouve o clamor de quem o busca.<\/p>\n<p>\u201cEis que a m\u00e3o do Senhor n\u00e3o est\u00e1 encolhida, para que n\u00e3o possa salvar; nem o seu ouvido, agravado, para que n\u00e3o possa ouvir.\u201d<\/p>\n<p>O jovem conclui incentivando os passageiros a n\u00e3o perderem a esperan\u00e7a mesmo em meio \u00e0s dificuldades.<\/p>\n<p>\u201cEnt\u00e3o o seu clamor, o seu grito, vai adiantar. O seu clamor est\u00e1 chegando no ouvido do Senhor e Ele vai se levantar e vai estender a m\u00e3o na sua vida. E voc\u00ea vai perceber que houve uma grande bonan\u00e7a, am\u00e9m, meus irm\u00e3os?\u201d<\/p>\n<p><strong>Aprova\u00e7\u00e3o<\/strong><\/p>\n<p>O momento compartilhado nas redes sociais, recebeu milhares coment\u00e1rios de aprova\u00e7\u00e3o:<\/p>\n<p>\u201cQue lindo v\u00ea um jovem pregar a palavra de Deus\u201d, escreveu um homem.<\/p>\n<p>Outro incentivou a atitude do garoto, dizendo: \u201cContinue sendo esse menino cheio de Deus, que Deus te aben\u00e7oe grandemente.\u201d<\/p>\n<p>\u201cEste menino com certeza \u00e9 um instrumento do Senhor Jesus\u201d, afirmou um seguidor.<\/p>\n<p>O v\u00eddeo recebeu mais de 87 mil curtidas at\u00e9 o fechamento desta mat\u00e9ria.<\/p>\n<\/div>\n<p><script async src=\"\/\/www.instagram.com\/embed.js\"><\/script><br \/>\n<br \/><br \/>\n<br \/>Fonte: Guiame <\/p>\n","protected":false},"excerpt":{"rendered":"<p>Um v\u00eddeo publicado no Instagram mostra um jovem pregando dentro de um \u00f4nibus durante as primeiras horas da manh\u00e3 a trabalhadores, como ele identifica os passageiros. Com uma B\u00edblia nas m\u00e3os, Elias Dourado compartilha uma breve reflex\u00e3o baseada em Mateus 8:23\u201327, passagem em que Jesus acalma a tempestade. Ap\u00f3s ler o trecho b\u00edblico, o jovem [&hellip;]<\/p>\n","protected":false},"author":1,"featured_media":4561,"comment_status":"","ping_status":"open","sticky":false,"template":"","format":"standard","meta":{"footnotes":""},"categories":[43],"tags":[],"class_list":["post-4560","post","type-post","status-publish","format-standard","has-post-thumbnail","hentry","category-destaques"],"yoast_head":"<!-- This site is optimized with the Yoast SEO plugin v26.8 - https:\/\/yoast.com\/product\/yoast-seo-wordpress\/ -->\n<title>Menino impacta passageiros ao pregar em \u00f4nibus: \u2018Jesus ainda acalma a tempestade\u2019 - R\u00e1dio Porto Seguro<\/title>\n<meta name=\"robots\" content=\"index, follow, max-snippet:-1, max-image-preview:large, max-video-preview:-1\" \/>\n<link rel=\"canonical\" href=\"https:\/\/radioportoseguro.com.br\/site\/2026\/02\/28\/menino-impacta-passageiros-ao-pregar-em-onibus-jesus-ainda-acalma-a-tempestade\/\" \/>\n<meta property=\"og:locale\" content=\"pt_BR\" \/>\n<meta property=\"og:type\" content=\"article\" \/>\n<meta property=\"og:title\" content=\"Menino impacta passageiros ao pregar em \u00f4nibus: \u2018Jesus ainda acalma a tempestade\u2019 - R\u00e1dio Porto Seguro\" \/>\n<meta property=\"og:description\" content=\"Um v\u00eddeo publicado no Instagram mostra um jovem pregando dentro de um \u00f4nibus durante as primeiras horas da manh\u00e3 a trabalhadores, como ele identifica os passageiros. Com uma B\u00edblia nas m\u00e3os, Elias Dourado compartilha uma breve reflex\u00e3o baseada em Mateus 8:23\u201327, passagem em que Jesus acalma a tempestade. Ap\u00f3s ler o trecho b\u00edblico, o jovem [&hellip;]\" \/>\n<meta property=\"og:url\" content=\"https:\/\/radioportoseguro.com.br\/site\/2026\/02\/28\/menino-impacta-passageiros-ao-pregar-em-onibus-jesus-ainda-acalma-a-tempestade\/\" \/>\n<meta property=\"og:site_name\" content=\"R\u00e1dio Porto Seguro\" \/>\n<meta property=\"article:published_time\" content=\"2026-02-28T16:30:21+00:00\" \/>\n<meta property=\"og:image\" content=\"https:\/\/media.guiame.com.br\/archives\/2026\/02\/26\/2360205046-elias-dourado.png\" \/>\n<meta name=\"author\" content=\"admin\" \/>\n<meta name=\"twitter:card\" content=\"summary_large_image\" \/>\n<meta name=\"twitter:label1\" content=\"Escrito por\" \/>\n\t<meta name=\"twitter:data1\" content=\"admin\" \/>\n\t<meta name=\"twitter:label2\" content=\"Est. tempo de leitura\" \/>\n\t<meta name=\"twitter:data2\" content=\"2 minutos\" \/>\n<script type=\"application\/ld+json\" class=\"yoast-schema-graph\">{\"@context\":\"https:\/\/schema.org\",\"@graph\":[{\"@type\":\"Article\",\"@id\":\"https:\/\/radioportoseguro.com.br\/site\/2026\/02\/28\/menino-impacta-passageiros-ao-pregar-em-onibus-jesus-ainda-acalma-a-tempestade\/#article\",\"isPartOf\":{\"@id\":\"https:\/\/radioportoseguro.com.br\/site\/2026\/02\/28\/menino-impacta-passageiros-ao-pregar-em-onibus-jesus-ainda-acalma-a-tempestade\/\"},\"author\":{\"name\":\"admin\",\"@id\":\"https:\/\/radioportoseguro.com.br\/site\/#\/schema\/person\/7630acdc320186f13639d3c067ec089b\"},\"headline\":\"Menino impacta passageiros ao pregar em \u00f4nibus: \u2018Jesus ainda acalma a tempestade\u2019\",\"datePublished\":\"2026-02-28T16:30:21+00:00\",\"mainEntityOfPage\":{\"@id\":\"https:\/\/radioportoseguro.com.br\/site\/2026\/02\/28\/menino-impacta-passageiros-ao-pregar-em-onibus-jesus-ainda-acalma-a-tempestade\/\"},\"wordCount\":407,\"image\":{\"@id\":\"https:\/\/radioportoseguro.com.br\/site\/2026\/02\/28\/menino-impacta-passageiros-ao-pregar-em-onibus-jesus-ainda-acalma-a-tempestade\/#primaryimage\"},\"thumbnailUrl\":\"https:\/\/radioportoseguro.com.br\/site\/wp-content\/uploads\/2026\/02\/2360205046-elias-dourado.png\",\"articleSection\":[\"Destaques\"],\"inLanguage\":\"pt-BR\"},{\"@type\":\"WebPage\",\"@id\":\"https:\/\/radioportoseguro.com.br\/site\/2026\/02\/28\/menino-impacta-passageiros-ao-pregar-em-onibus-jesus-ainda-acalma-a-tempestade\/\",\"url\":\"https:\/\/radioportoseguro.com.br\/site\/2026\/02\/28\/menino-impacta-passageiros-ao-pregar-em-onibus-jesus-ainda-acalma-a-tempestade\/\",\"name\":\"Menino impacta passageiros ao pregar em \u00f4nibus: \u2018Jesus ainda acalma a tempestade\u2019 - R\u00e1dio Porto Seguro\",\"isPartOf\":{\"@id\":\"https:\/\/radioportoseguro.com.br\/site\/#website\"},\"primaryImageOfPage\":{\"@id\":\"https:\/\/radioportoseguro.com.br\/site\/2026\/02\/28\/menino-impacta-passageiros-ao-pregar-em-onibus-jesus-ainda-acalma-a-tempestade\/#primaryimage\"},\"image\":{\"@id\":\"https:\/\/radioportoseguro.com.br\/site\/2026\/02\/28\/menino-impacta-passageiros-ao-pregar-em-onibus-jesus-ainda-acalma-a-tempestade\/#primaryimage\"},\"thumbnailUrl\":\"https:\/\/radioportoseguro.com.br\/site\/wp-content\/uploads\/2026\/02\/2360205046-elias-dourado.png\",\"datePublished\":\"2026-02-28T16:30:21+00:00\",\"author\":{\"@id\":\"https:\/\/radioportoseguro.com.br\/site\/#\/schema\/person\/7630acdc320186f13639d3c067ec089b\"},\"breadcrumb\":{\"@id\":\"https:\/\/radioportoseguro.com.br\/site\/2026\/02\/28\/menino-impacta-passageiros-ao-pregar-em-onibus-jesus-ainda-acalma-a-tempestade\/#breadcrumb\"},\"inLanguage\":\"pt-BR\",\"potentialAction\":[{\"@type\":\"ReadAction\",\"target\":[\"https:\/\/radioportoseguro.com.br\/site\/2026\/02\/28\/menino-impacta-passageiros-ao-pregar-em-onibus-jesus-ainda-acalma-a-tempestade\/\"]}]},{\"@type\":\"ImageObject\",\"inLanguage\":\"pt-BR\",\"@id\":\"https:\/\/radioportoseguro.com.br\/site\/2026\/02\/28\/menino-impacta-passageiros-ao-pregar-em-onibus-jesus-ainda-acalma-a-tempestade\/#primaryimage\",\"url\":\"https:\/\/radioportoseguro.com.br\/site\/wp-content\/uploads\/2026\/02\/2360205046-elias-dourado.png\",\"contentUrl\":\"https:\/\/radioportoseguro.com.br\/site\/wp-content\/uploads\/2026\/02\/2360205046-elias-dourado.png\",\"width\":1200,\"height\":600},{\"@type\":\"BreadcrumbList\",\"@id\":\"https:\/\/radioportoseguro.com.br\/site\/2026\/02\/28\/menino-impacta-passageiros-ao-pregar-em-onibus-jesus-ainda-acalma-a-tempestade\/#breadcrumb\",\"itemListElement\":[{\"@type\":\"ListItem\",\"position\":1,\"name\":\"In\u00edcio\",\"item\":\"https:\/\/radioportoseguro.com.br\/site\/\"},{\"@type\":\"ListItem\",\"position\":2,\"name\":\"Menino impacta passageiros ao pregar em \u00f4nibus: \u2018Jesus ainda acalma a tempestade\u2019\"}]},{\"@type\":\"WebSite\",\"@id\":\"https:\/\/radioportoseguro.com.br\/site\/#website\",\"url\":\"https:\/\/radioportoseguro.com.br\/site\/\",\"name\":\"R\u00e1dio Porto Seguro\",\"description\":\"\",\"potentialAction\":[{\"@type\":\"SearchAction\",\"target\":{\"@type\":\"EntryPoint\",\"urlTemplate\":\"https:\/\/radioportoseguro.com.br\/site\/?s={search_term_string}\"},\"query-input\":{\"@type\":\"PropertyValueSpecification\",\"valueRequired\":true,\"valueName\":\"search_term_string\"}}],\"inLanguage\":\"pt-BR\"},{\"@type\":\"Person\",\"@id\":\"https:\/\/radioportoseguro.com.br\/site\/#\/schema\/person\/7630acdc320186f13639d3c067ec089b\",\"name\":\"admin\",\"image\":{\"@type\":\"ImageObject\",\"inLanguage\":\"pt-BR\",\"@id\":\"https:\/\/radioportoseguro.com.br\/site\/#\/schema\/person\/image\/\",\"url\":\"https:\/\/secure.gravatar.com\/avatar\/caacf4dc1eedb68fab0df8e1ed46c448e578b2466351bbcb61e47d2ac0caaef0?s=96&d=mm&r=g\",\"contentUrl\":\"https:\/\/secure.gravatar.com\/avatar\/caacf4dc1eedb68fab0df8e1ed46c448e578b2466351bbcb61e47d2ac0caaef0?s=96&d=mm&r=g\",\"caption\":\"admin\"},\"sameAs\":[\"https:\/\/radioportoseguro.com.br\/site\"],\"url\":\"https:\/\/radioportoseguro.com.br\/site\/author\/hezio\/\"}]}<\/script>\n<!-- \/ Yoast SEO plugin. -->","yoast_head_json":{"title":"Menino impacta passageiros ao pregar em \u00f4nibus: \u2018Jesus ainda acalma a tempestade\u2019 - R\u00e1dio Porto Seguro","robots":{"index":"index","follow":"follow","max-snippet":"max-snippet:-1","max-image-preview":"max-image-preview:large","max-video-preview":"max-video-preview:-1"},"canonical":"https:\/\/radioportoseguro.com.br\/site\/2026\/02\/28\/menino-impacta-passageiros-ao-pregar-em-onibus-jesus-ainda-acalma-a-tempestade\/","og_locale":"pt_BR","og_type":"article","og_title":"Menino impacta passageiros ao pregar em \u00f4nibus: \u2018Jesus ainda acalma a tempestade\u2019 - R\u00e1dio Porto Seguro","og_description":"Um v\u00eddeo publicado no Instagram mostra um jovem pregando dentro de um \u00f4nibus durante as primeiras horas da manh\u00e3 a trabalhadores, como ele identifica os passageiros. Com uma B\u00edblia nas m\u00e3os, Elias Dourado compartilha uma breve reflex\u00e3o baseada em Mateus 8:23\u201327, passagem em que Jesus acalma a tempestade. Ap\u00f3s ler o trecho b\u00edblico, o jovem [&hellip;]","og_url":"https:\/\/radioportoseguro.com.br\/site\/2026\/02\/28\/menino-impacta-passageiros-ao-pregar-em-onibus-jesus-ainda-acalma-a-tempestade\/","og_site_name":"R\u00e1dio Porto Seguro","article_published_time":"2026-02-28T16:30:21+00:00","og_image":[{"url":"https:\/\/media.guiame.com.br\/archives\/2026\/02\/26\/2360205046-elias-dourado.png","type":"","width":"","height":""}],"author":"admin","twitter_card":"summary_large_image","twitter_misc":{"Escrito por":"admin","Est. tempo de leitura":"2 minutos"},"schema":{"@context":"https:\/\/schema.org","@graph":[{"@type":"Article","@id":"https:\/\/radioportoseguro.com.br\/site\/2026\/02\/28\/menino-impacta-passageiros-ao-pregar-em-onibus-jesus-ainda-acalma-a-tempestade\/#article","isPartOf":{"@id":"https:\/\/radioportoseguro.com.br\/site\/2026\/02\/28\/menino-impacta-passageiros-ao-pregar-em-onibus-jesus-ainda-acalma-a-tempestade\/"},"author":{"name":"admin","@id":"https:\/\/radioportoseguro.com.br\/site\/#\/schema\/person\/7630acdc320186f13639d3c067ec089b"},"headline":"Menino impacta passageiros ao pregar em \u00f4nibus: \u2018Jesus ainda acalma a tempestade\u2019","datePublished":"2026-02-28T16:30:21+00:00","mainEntityOfPage":{"@id":"https:\/\/radioportoseguro.com.br\/site\/2026\/02\/28\/menino-impacta-passageiros-ao-pregar-em-onibus-jesus-ainda-acalma-a-tempestade\/"},"wordCount":407,"image":{"@id":"https:\/\/radioportoseguro.com.br\/site\/2026\/02\/28\/menino-impacta-passageiros-ao-pregar-em-onibus-jesus-ainda-acalma-a-tempestade\/#primaryimage"},"thumbnailUrl":"https:\/\/radioportoseguro.com.br\/site\/wp-content\/uploads\/2026\/02\/2360205046-elias-dourado.png","articleSection":["Destaques"],"inLanguage":"pt-BR"},{"@type":"WebPage","@id":"https:\/\/radioportoseguro.com.br\/site\/2026\/02\/28\/menino-impacta-passageiros-ao-pregar-em-onibus-jesus-ainda-acalma-a-tempestade\/","url":"https:\/\/radioportoseguro.com.br\/site\/2026\/02\/28\/menino-impacta-passageiros-ao-pregar-em-onibus-jesus-ainda-acalma-a-tempestade\/","name":"Menino impacta passageiros ao pregar em \u00f4nibus: \u2018Jesus ainda acalma a tempestade\u2019 - R\u00e1dio Porto Seguro","isPartOf":{"@id":"https:\/\/radioportoseguro.com.br\/site\/#website"},"primaryImageOfPage":{"@id":"https:\/\/radioportoseguro.com.br\/site\/2026\/02\/28\/menino-impacta-passageiros-ao-pregar-em-onibus-jesus-ainda-acalma-a-tempestade\/#primaryimage"},"image":{"@id":"https:\/\/radioportoseguro.com.br\/site\/2026\/02\/28\/menino-impacta-passageiros-ao-pregar-em-onibus-jesus-ainda-acalma-a-tempestade\/#primaryimage"},"thumbnailUrl":"https:\/\/radioportoseguro.com.br\/site\/wp-content\/uploads\/2026\/02\/2360205046-elias-dourado.png","datePublished":"2026-02-28T16:30:21+00:00","author":{"@id":"https:\/\/radioportoseguro.com.br\/site\/#\/schema\/person\/7630acdc320186f13639d3c067ec089b"},"breadcrumb":{"@id":"https:\/\/radioportoseguro.com.br\/site\/2026\/02\/28\/menino-impacta-passageiros-ao-pregar-em-onibus-jesus-ainda-acalma-a-tempestade\/#breadcrumb"},"inLanguage":"pt-BR","potentialAction":[{"@type":"ReadAction","target":["https:\/\/radioportoseguro.com.br\/site\/2026\/02\/28\/menino-impacta-passageiros-ao-pregar-em-onibus-jesus-ainda-acalma-a-tempestade\/"]}]},{"@type":"ImageObject","inLanguage":"pt-BR","@id":"https:\/\/radioportoseguro.com.br\/site\/2026\/02\/28\/menino-impacta-passageiros-ao-pregar-em-onibus-jesus-ainda-acalma-a-tempestade\/#primaryimage","url":"https:\/\/radioportoseguro.com.br\/site\/wp-content\/uploads\/2026\/02\/2360205046-elias-dourado.png","contentUrl":"https:\/\/radioportoseguro.com.br\/site\/wp-content\/uploads\/2026\/02\/2360205046-elias-dourado.png","width":1200,"height":600},{"@type":"BreadcrumbList","@id":"https:\/\/radioportoseguro.com.br\/site\/2026\/02\/28\/menino-impacta-passageiros-ao-pregar-em-onibus-jesus-ainda-acalma-a-tempestade\/#breadcrumb","itemListElement":[{"@type":"ListItem","position":1,"name":"In\u00edcio","item":"https:\/\/radioportoseguro.com.br\/site\/"},{"@type":"ListItem","position":2,"name":"Menino impacta passageiros ao pregar em \u00f4nibus: \u2018Jesus ainda acalma a tempestade\u2019"}]},{"@type":"WebSite","@id":"https:\/\/radioportoseguro.com.br\/site\/#website","url":"https:\/\/radioportoseguro.com.br\/site\/","name":"R\u00e1dio Porto Seguro","description":"","potentialAction":[{"@type":"SearchAction","target":{"@type":"EntryPoint","urlTemplate":"https:\/\/radioportoseguro.com.br\/site\/?s={search_term_string}"},"query-input":{"@type":"PropertyValueSpecification","valueRequired":true,"valueName":"search_term_string"}}],"inLanguage":"pt-BR"},{"@type":"Person","@id":"https:\/\/radioportoseguro.com.br\/site\/#\/schema\/person\/7630acdc320186f13639d3c067ec089b","name":"admin","image":{"@type":"ImageObject","inLanguage":"pt-BR","@id":"https:\/\/radioportoseguro.com.br\/site\/#\/schema\/person\/image\/","url":"https:\/\/secure.gravatar.com\/avatar\/caacf4dc1eedb68fab0df8e1ed46c448e578b2466351bbcb61e47d2ac0caaef0?s=96&d=mm&r=g","contentUrl":"https:\/\/secure.gravatar.com\/avatar\/caacf4dc1eedb68fab0df8e1ed46c448e578b2466351bbcb61e47d2ac0caaef0?s=96&d=mm&r=g","caption":"admin"},"sameAs":["https:\/\/radioportoseguro.com.br\/site"],"url":"https:\/\/radioportoseguro.com.br\/site\/author\/hezio\/"}]}},"_links":{"self":[{"href":"https:\/\/radioportoseguro.com.br\/site\/wp-json\/wp\/v2\/posts\/4560","targetHints":{"allow":["GET"]}}],"collection":[{"href":"https:\/\/radioportoseguro.com.br\/site\/wp-json\/wp\/v2\/posts"}],"about":[{"href":"https:\/\/radioportoseguro.com.br\/site\/wp-json\/wp\/v2\/types\/post"}],"author":[{"embeddable":true,"href":"https:\/\/radioportoseguro.com.br\/site\/wp-json\/wp\/v2\/users\/1"}],"replies":[{"embeddable":true,"href":"https:\/\/radioportoseguro.com.br\/site\/wp-json\/wp\/v2\/comments?post=4560"}],"version-history":[{"count":0,"href":"https:\/\/radioportoseguro.com.br\/site\/wp-json\/wp\/v2\/posts\/4560\/revisions"}],"wp:featuredmedia":[{"embeddable":true,"href":"https:\/\/radioportoseguro.com.br\/site\/wp-json\/wp\/v2\/media\/4561"}],"wp:attachment":[{"href":"https:\/\/radioportoseguro.com.br\/site\/wp-json\/wp\/v2\/media?parent=4560"}],"wp:term":[{"taxonomy":"category","embeddable":true,"href":"https:\/\/radioportoseguro.com.br\/site\/wp-json\/wp\/v2\/categories?post=4560"},{"taxonomy":"post_tag","embeddable":true,"href":"https:\/\/radioportoseguro.com.br\/site\/wp-json\/wp\/v2\/tags?post=4560"}],"curies":[{"name":"wp","href":"https:\/\/api.w.org\/{rel}","templated":true}]}}