{"id":4679,"date":"2026-03-04T23:06:24","date_gmt":"2026-03-05T02:06:24","guid":{"rendered":"https:\/\/radioportoseguro.com.br\/site\/2026\/03\/04\/confederacao-israelita-do-brasil-manifesta-apoio-a-israel-contra-o-regime-do-ira\/"},"modified":"2026-03-04T23:06:24","modified_gmt":"2026-03-05T02:06:24","slug":"confederacao-israelita-do-brasil-manifesta-apoio-a-israel-contra-o-regime-do-ira","status":"publish","type":"post","link":"https:\/\/radioportoseguro.com.br\/site\/2026\/03\/04\/confederacao-israelita-do-brasil-manifesta-apoio-a-israel-contra-o-regime-do-ira\/","title":{"rendered":"Confedera\u00e7\u00e3o Israelita do Brasil manifesta apoio a Israel contra o regime do Ir\u00e3"},"content":{"rendered":"<p><br \/>\n<br \/><\/p>\n<div>\n<p>A Confedera\u00e7\u00e3o Israelita do Brasil (CONIB) manifesta seu apoio a Israel e a sua popula\u00e7\u00e3o neste momento em que os Estados Unidos, com apoio de Israel e aliados da regi\u00e3o e da Europa, lan\u00e7am opera\u00e7\u00f5es contra a ditadura teocr\u00e1tica do Ir\u00e3.<\/p>\n<p>H\u00e1 47 anos, o regime iraniano adota uma pol\u00edtica externa baseada na destrui\u00e7\u00e3o de Israel, na desestabiliza\u00e7\u00e3o regional, no financiamento de grupos terroristas e na promo\u00e7\u00e3o da viol\u00eancia contra seus vizinhos e contra o pr\u00f3prio povo iraniano.<\/p>\n<p>O regime iraniano \u00e9 hoje o principal patrocinador estatal do terrorismo, financiador do Hamas, do Hezbollah, dos Houthis, que n\u00e3o s\u00f3 buscam a destrui\u00e7\u00e3o de Israel e dos judeus como oprimem as pr\u00f3prias popula\u00e7\u00f5es sob seu dom\u00ednio.<\/p>\n<p>O cen\u00e1rio atual \u00e9 consequ\u00eancia direta dessa estrat\u00e9gia destrutiva do regime teocr\u00e1tico iraniano.<\/p>\n<p>\u00c9 fundamental distinguir o regime iraniano de seu povo, que recentemente se levantou contra o regime e foi brutalmente massacrado &#8211; com estimativas de mais de 30 mil iranianos mortos na repress\u00e3o.<\/p>\n<p>A CONIB segue defendendo o direito de Israel de combater o terrorismo e garantir a seguran\u00e7a de seus cidad\u00e3os.<\/p>\n<p>\u00a0<\/p>\n<p><strong>Silas Anast\u00e1cio<\/strong> \u00e9 fundador do Minist\u00e9rio Davar, evangelista e expositor b\u00edblico com s\u00f3lida atua\u00e7\u00e3o h\u00e1 mais de uma d\u00e9cada em temas relacionados ao Estado de Israel e \u00e0 comunidade judaica. Tamb\u00e9m desempenha papel estrat\u00e9gico nos bastidores da m\u00eddia evang\u00e9lica, contribuindo para a articula\u00e7\u00e3o e divulga\u00e7\u00e3o de conte\u00fados que fortalecem os valores\u00a0da\u00a0f\u00e9\u00a0crist\u00e3.<\/p>\n<p><em>* O conte\u00fado do texto acima \u00e9 de colabora\u00e7\u00e3o volunt\u00e1ria, seu teor \u00e9 de total responsabilidade do autor e n\u00e3o reflete necessariamente a opini\u00e3o do Portal Guiame.<\/em><\/p>\n<p>Leia o artigo anterior: <span style=\"color: #800000;\"><strong>Crist\u00e3os enfrentam maior persegui\u00e7\u00e3o da hist\u00f3ria, aponta relat\u00f3rio de 2026<\/strong><\/span><\/p>\n<\/div>\n<p><br \/>\n<br \/>Fonte: Guiame <\/p>\n","protected":false},"excerpt":{"rendered":"<p>A Confedera\u00e7\u00e3o Israelita do Brasil (CONIB) manifesta seu apoio a Israel e a sua popula\u00e7\u00e3o neste momento em que os Estados Unidos, com apoio de Israel e aliados da regi\u00e3o e da Europa, lan\u00e7am opera\u00e7\u00f5es contra a ditadura teocr\u00e1tica do Ir\u00e3. H\u00e1 47 anos, o regime iraniano adota uma pol\u00edtica externa baseada na destrui\u00e7\u00e3o de [&hellip;]<\/p>\n","protected":false},"author":1,"featured_media":4680,"comment_status":"","ping_status":"open","sticky":false,"template":"","format":"standard","meta":{"footnotes":""},"categories":[43],"tags":[],"class_list":["post-4679","post","type-post","status-publish","format-standard","has-post-thumbnail","hentry","category-destaques"],"yoast_head":"<!-- This site is optimized with the Yoast SEO plugin v26.8 - https:\/\/yoast.com\/product\/yoast-seo-wordpress\/ -->\n<title>Confedera\u00e7\u00e3o Israelita do Brasil manifesta apoio a Israel contra o regime do Ir\u00e3 - R\u00e1dio Porto Seguro<\/title>\n<meta name=\"robots\" content=\"index, follow, max-snippet:-1, max-image-preview:large, max-video-preview:-1\" \/>\n<link rel=\"canonical\" href=\"https:\/\/radioportoseguro.com.br\/site\/2026\/03\/04\/confederacao-israelita-do-brasil-manifesta-apoio-a-israel-contra-o-regime-do-ira\/\" \/>\n<meta property=\"og:locale\" content=\"pt_BR\" \/>\n<meta property=\"og:type\" content=\"article\" \/>\n<meta property=\"og:title\" content=\"Confedera\u00e7\u00e3o Israelita do Brasil manifesta apoio a Israel contra o regime do Ir\u00e3 - R\u00e1dio Porto Seguro\" \/>\n<meta property=\"og:description\" content=\"A Confedera\u00e7\u00e3o Israelita do Brasil (CONIB) manifesta seu apoio a Israel e a sua popula\u00e7\u00e3o neste momento em que os Estados Unidos, com apoio de Israel e aliados da regi\u00e3o e da Europa, lan\u00e7am opera\u00e7\u00f5es contra a ditadura teocr\u00e1tica do Ir\u00e3. H\u00e1 47 anos, o regime iraniano adota uma pol\u00edtica externa baseada na destrui\u00e7\u00e3o de [&hellip;]\" \/>\n<meta property=\"og:url\" content=\"https:\/\/radioportoseguro.com.br\/site\/2026\/03\/04\/confederacao-israelita-do-brasil-manifesta-apoio-a-israel-contra-o-regime-do-ira\/\" \/>\n<meta property=\"og:site_name\" content=\"R\u00e1dio Porto Seguro\" \/>\n<meta property=\"article:published_time\" content=\"2026-03-05T02:06:24+00:00\" \/>\n<meta property=\"og:image\" content=\"https:\/\/media.guiame.com.br\/archives\/2026\/03\/02\/2255761538-israel.png\" \/>\n<meta name=\"author\" content=\"admin\" \/>\n<meta name=\"twitter:card\" content=\"summary_large_image\" \/>\n<meta name=\"twitter:label1\" content=\"Escrito por\" \/>\n\t<meta name=\"twitter:data1\" content=\"admin\" \/>\n\t<meta name=\"twitter:label2\" content=\"Est. tempo de leitura\" \/>\n\t<meta name=\"twitter:data2\" content=\"2 minutos\" \/>\n<script type=\"application\/ld+json\" class=\"yoast-schema-graph\">{\"@context\":\"https:\/\/schema.org\",\"@graph\":[{\"@type\":\"Article\",\"@id\":\"https:\/\/radioportoseguro.com.br\/site\/2026\/03\/04\/confederacao-israelita-do-brasil-manifesta-apoio-a-israel-contra-o-regime-do-ira\/#article\",\"isPartOf\":{\"@id\":\"https:\/\/radioportoseguro.com.br\/site\/2026\/03\/04\/confederacao-israelita-do-brasil-manifesta-apoio-a-israel-contra-o-regime-do-ira\/\"},\"author\":{\"name\":\"admin\",\"@id\":\"https:\/\/radioportoseguro.com.br\/site\/#\/schema\/person\/7630acdc320186f13639d3c067ec089b\"},\"headline\":\"Confedera\u00e7\u00e3o Israelita do Brasil manifesta apoio a Israel contra o regime do Ir\u00e3\",\"datePublished\":\"2026-03-05T02:06:24+00:00\",\"mainEntityOfPage\":{\"@id\":\"https:\/\/radioportoseguro.com.br\/site\/2026\/03\/04\/confederacao-israelita-do-brasil-manifesta-apoio-a-israel-contra-o-regime-do-ira\/\"},\"wordCount\":327,\"image\":{\"@id\":\"https:\/\/radioportoseguro.com.br\/site\/2026\/03\/04\/confederacao-israelita-do-brasil-manifesta-apoio-a-israel-contra-o-regime-do-ira\/#primaryimage\"},\"thumbnailUrl\":\"https:\/\/radioportoseguro.com.br\/site\/wp-content\/uploads\/2026\/03\/2255761538-israel.png\",\"articleSection\":[\"Destaques\"],\"inLanguage\":\"pt-BR\"},{\"@type\":\"WebPage\",\"@id\":\"https:\/\/radioportoseguro.com.br\/site\/2026\/03\/04\/confederacao-israelita-do-brasil-manifesta-apoio-a-israel-contra-o-regime-do-ira\/\",\"url\":\"https:\/\/radioportoseguro.com.br\/site\/2026\/03\/04\/confederacao-israelita-do-brasil-manifesta-apoio-a-israel-contra-o-regime-do-ira\/\",\"name\":\"Confedera\u00e7\u00e3o Israelita do Brasil manifesta apoio a Israel contra o regime do Ir\u00e3 - R\u00e1dio Porto Seguro\",\"isPartOf\":{\"@id\":\"https:\/\/radioportoseguro.com.br\/site\/#website\"},\"primaryImageOfPage\":{\"@id\":\"https:\/\/radioportoseguro.com.br\/site\/2026\/03\/04\/confederacao-israelita-do-brasil-manifesta-apoio-a-israel-contra-o-regime-do-ira\/#primaryimage\"},\"image\":{\"@id\":\"https:\/\/radioportoseguro.com.br\/site\/2026\/03\/04\/confederacao-israelita-do-brasil-manifesta-apoio-a-israel-contra-o-regime-do-ira\/#primaryimage\"},\"thumbnailUrl\":\"https:\/\/radioportoseguro.com.br\/site\/wp-content\/uploads\/2026\/03\/2255761538-israel.png\",\"datePublished\":\"2026-03-05T02:06:24+00:00\",\"author\":{\"@id\":\"https:\/\/radioportoseguro.com.br\/site\/#\/schema\/person\/7630acdc320186f13639d3c067ec089b\"},\"breadcrumb\":{\"@id\":\"https:\/\/radioportoseguro.com.br\/site\/2026\/03\/04\/confederacao-israelita-do-brasil-manifesta-apoio-a-israel-contra-o-regime-do-ira\/#breadcrumb\"},\"inLanguage\":\"pt-BR\",\"potentialAction\":[{\"@type\":\"ReadAction\",\"target\":[\"https:\/\/radioportoseguro.com.br\/site\/2026\/03\/04\/confederacao-israelita-do-brasil-manifesta-apoio-a-israel-contra-o-regime-do-ira\/\"]}]},{\"@type\":\"ImageObject\",\"inLanguage\":\"pt-BR\",\"@id\":\"https:\/\/radioportoseguro.com.br\/site\/2026\/03\/04\/confederacao-israelita-do-brasil-manifesta-apoio-a-israel-contra-o-regime-do-ira\/#primaryimage\",\"url\":\"https:\/\/radioportoseguro.com.br\/site\/wp-content\/uploads\/2026\/03\/2255761538-israel.png\",\"contentUrl\":\"https:\/\/radioportoseguro.com.br\/site\/wp-content\/uploads\/2026\/03\/2255761538-israel.png\",\"width\":1200,\"height\":600},{\"@type\":\"BreadcrumbList\",\"@id\":\"https:\/\/radioportoseguro.com.br\/site\/2026\/03\/04\/confederacao-israelita-do-brasil-manifesta-apoio-a-israel-contra-o-regime-do-ira\/#breadcrumb\",\"itemListElement\":[{\"@type\":\"ListItem\",\"position\":1,\"name\":\"In\u00edcio\",\"item\":\"https:\/\/radioportoseguro.com.br\/site\/\"},{\"@type\":\"ListItem\",\"position\":2,\"name\":\"Confedera\u00e7\u00e3o Israelita do Brasil manifesta apoio a Israel contra o regime do Ir\u00e3\"}]},{\"@type\":\"WebSite\",\"@id\":\"https:\/\/radioportoseguro.com.br\/site\/#website\",\"url\":\"https:\/\/radioportoseguro.com.br\/site\/\",\"name\":\"R\u00e1dio Porto Seguro\",\"description\":\"\",\"potentialAction\":[{\"@type\":\"SearchAction\",\"target\":{\"@type\":\"EntryPoint\",\"urlTemplate\":\"https:\/\/radioportoseguro.com.br\/site\/?s={search_term_string}\"},\"query-input\":{\"@type\":\"PropertyValueSpecification\",\"valueRequired\":true,\"valueName\":\"search_term_string\"}}],\"inLanguage\":\"pt-BR\"},{\"@type\":\"Person\",\"@id\":\"https:\/\/radioportoseguro.com.br\/site\/#\/schema\/person\/7630acdc320186f13639d3c067ec089b\",\"name\":\"admin\",\"image\":{\"@type\":\"ImageObject\",\"inLanguage\":\"pt-BR\",\"@id\":\"https:\/\/radioportoseguro.com.br\/site\/#\/schema\/person\/image\/\",\"url\":\"https:\/\/secure.gravatar.com\/avatar\/caacf4dc1eedb68fab0df8e1ed46c448e578b2466351bbcb61e47d2ac0caaef0?s=96&d=mm&r=g\",\"contentUrl\":\"https:\/\/secure.gravatar.com\/avatar\/caacf4dc1eedb68fab0df8e1ed46c448e578b2466351bbcb61e47d2ac0caaef0?s=96&d=mm&r=g\",\"caption\":\"admin\"},\"sameAs\":[\"https:\/\/radioportoseguro.com.br\/site\"],\"url\":\"https:\/\/radioportoseguro.com.br\/site\/author\/hezio\/\"}]}<\/script>\n<!-- \/ Yoast SEO plugin. -->","yoast_head_json":{"title":"Confedera\u00e7\u00e3o Israelita do Brasil manifesta apoio a Israel contra o regime do Ir\u00e3 - R\u00e1dio Porto Seguro","robots":{"index":"index","follow":"follow","max-snippet":"max-snippet:-1","max-image-preview":"max-image-preview:large","max-video-preview":"max-video-preview:-1"},"canonical":"https:\/\/radioportoseguro.com.br\/site\/2026\/03\/04\/confederacao-israelita-do-brasil-manifesta-apoio-a-israel-contra-o-regime-do-ira\/","og_locale":"pt_BR","og_type":"article","og_title":"Confedera\u00e7\u00e3o Israelita do Brasil manifesta apoio a Israel contra o regime do Ir\u00e3 - R\u00e1dio Porto Seguro","og_description":"A Confedera\u00e7\u00e3o Israelita do Brasil (CONIB) manifesta seu apoio a Israel e a sua popula\u00e7\u00e3o neste momento em que os Estados Unidos, com apoio de Israel e aliados da regi\u00e3o e da Europa, lan\u00e7am opera\u00e7\u00f5es contra a ditadura teocr\u00e1tica do Ir\u00e3. H\u00e1 47 anos, o regime iraniano adota uma pol\u00edtica externa baseada na destrui\u00e7\u00e3o de [&hellip;]","og_url":"https:\/\/radioportoseguro.com.br\/site\/2026\/03\/04\/confederacao-israelita-do-brasil-manifesta-apoio-a-israel-contra-o-regime-do-ira\/","og_site_name":"R\u00e1dio Porto Seguro","article_published_time":"2026-03-05T02:06:24+00:00","og_image":[{"url":"https:\/\/media.guiame.com.br\/archives\/2026\/03\/02\/2255761538-israel.png","type":"","width":"","height":""}],"author":"admin","twitter_card":"summary_large_image","twitter_misc":{"Escrito por":"admin","Est. tempo de leitura":"2 minutos"},"schema":{"@context":"https:\/\/schema.org","@graph":[{"@type":"Article","@id":"https:\/\/radioportoseguro.com.br\/site\/2026\/03\/04\/confederacao-israelita-do-brasil-manifesta-apoio-a-israel-contra-o-regime-do-ira\/#article","isPartOf":{"@id":"https:\/\/radioportoseguro.com.br\/site\/2026\/03\/04\/confederacao-israelita-do-brasil-manifesta-apoio-a-israel-contra-o-regime-do-ira\/"},"author":{"name":"admin","@id":"https:\/\/radioportoseguro.com.br\/site\/#\/schema\/person\/7630acdc320186f13639d3c067ec089b"},"headline":"Confedera\u00e7\u00e3o Israelita do Brasil manifesta apoio a Israel contra o regime do Ir\u00e3","datePublished":"2026-03-05T02:06:24+00:00","mainEntityOfPage":{"@id":"https:\/\/radioportoseguro.com.br\/site\/2026\/03\/04\/confederacao-israelita-do-brasil-manifesta-apoio-a-israel-contra-o-regime-do-ira\/"},"wordCount":327,"image":{"@id":"https:\/\/radioportoseguro.com.br\/site\/2026\/03\/04\/confederacao-israelita-do-brasil-manifesta-apoio-a-israel-contra-o-regime-do-ira\/#primaryimage"},"thumbnailUrl":"https:\/\/radioportoseguro.com.br\/site\/wp-content\/uploads\/2026\/03\/2255761538-israel.png","articleSection":["Destaques"],"inLanguage":"pt-BR"},{"@type":"WebPage","@id":"https:\/\/radioportoseguro.com.br\/site\/2026\/03\/04\/confederacao-israelita-do-brasil-manifesta-apoio-a-israel-contra-o-regime-do-ira\/","url":"https:\/\/radioportoseguro.com.br\/site\/2026\/03\/04\/confederacao-israelita-do-brasil-manifesta-apoio-a-israel-contra-o-regime-do-ira\/","name":"Confedera\u00e7\u00e3o Israelita do Brasil manifesta apoio a Israel contra o regime do Ir\u00e3 - R\u00e1dio Porto Seguro","isPartOf":{"@id":"https:\/\/radioportoseguro.com.br\/site\/#website"},"primaryImageOfPage":{"@id":"https:\/\/radioportoseguro.com.br\/site\/2026\/03\/04\/confederacao-israelita-do-brasil-manifesta-apoio-a-israel-contra-o-regime-do-ira\/#primaryimage"},"image":{"@id":"https:\/\/radioportoseguro.com.br\/site\/2026\/03\/04\/confederacao-israelita-do-brasil-manifesta-apoio-a-israel-contra-o-regime-do-ira\/#primaryimage"},"thumbnailUrl":"https:\/\/radioportoseguro.com.br\/site\/wp-content\/uploads\/2026\/03\/2255761538-israel.png","datePublished":"2026-03-05T02:06:24+00:00","author":{"@id":"https:\/\/radioportoseguro.com.br\/site\/#\/schema\/person\/7630acdc320186f13639d3c067ec089b"},"breadcrumb":{"@id":"https:\/\/radioportoseguro.com.br\/site\/2026\/03\/04\/confederacao-israelita-do-brasil-manifesta-apoio-a-israel-contra-o-regime-do-ira\/#breadcrumb"},"inLanguage":"pt-BR","potentialAction":[{"@type":"ReadAction","target":["https:\/\/radioportoseguro.com.br\/site\/2026\/03\/04\/confederacao-israelita-do-brasil-manifesta-apoio-a-israel-contra-o-regime-do-ira\/"]}]},{"@type":"ImageObject","inLanguage":"pt-BR","@id":"https:\/\/radioportoseguro.com.br\/site\/2026\/03\/04\/confederacao-israelita-do-brasil-manifesta-apoio-a-israel-contra-o-regime-do-ira\/#primaryimage","url":"https:\/\/radioportoseguro.com.br\/site\/wp-content\/uploads\/2026\/03\/2255761538-israel.png","contentUrl":"https:\/\/radioportoseguro.com.br\/site\/wp-content\/uploads\/2026\/03\/2255761538-israel.png","width":1200,"height":600},{"@type":"BreadcrumbList","@id":"https:\/\/radioportoseguro.com.br\/site\/2026\/03\/04\/confederacao-israelita-do-brasil-manifesta-apoio-a-israel-contra-o-regime-do-ira\/#breadcrumb","itemListElement":[{"@type":"ListItem","position":1,"name":"In\u00edcio","item":"https:\/\/radioportoseguro.com.br\/site\/"},{"@type":"ListItem","position":2,"name":"Confedera\u00e7\u00e3o Israelita do Brasil manifesta apoio a Israel contra o regime do Ir\u00e3"}]},{"@type":"WebSite","@id":"https:\/\/radioportoseguro.com.br\/site\/#website","url":"https:\/\/radioportoseguro.com.br\/site\/","name":"R\u00e1dio Porto Seguro","description":"","potentialAction":[{"@type":"SearchAction","target":{"@type":"EntryPoint","urlTemplate":"https:\/\/radioportoseguro.com.br\/site\/?s={search_term_string}"},"query-input":{"@type":"PropertyValueSpecification","valueRequired":true,"valueName":"search_term_string"}}],"inLanguage":"pt-BR"},{"@type":"Person","@id":"https:\/\/radioportoseguro.com.br\/site\/#\/schema\/person\/7630acdc320186f13639d3c067ec089b","name":"admin","image":{"@type":"ImageObject","inLanguage":"pt-BR","@id":"https:\/\/radioportoseguro.com.br\/site\/#\/schema\/person\/image\/","url":"https:\/\/secure.gravatar.com\/avatar\/caacf4dc1eedb68fab0df8e1ed46c448e578b2466351bbcb61e47d2ac0caaef0?s=96&d=mm&r=g","contentUrl":"https:\/\/secure.gravatar.com\/avatar\/caacf4dc1eedb68fab0df8e1ed46c448e578b2466351bbcb61e47d2ac0caaef0?s=96&d=mm&r=g","caption":"admin"},"sameAs":["https:\/\/radioportoseguro.com.br\/site"],"url":"https:\/\/radioportoseguro.com.br\/site\/author\/hezio\/"}]}},"_links":{"self":[{"href":"https:\/\/radioportoseguro.com.br\/site\/wp-json\/wp\/v2\/posts\/4679","targetHints":{"allow":["GET"]}}],"collection":[{"href":"https:\/\/radioportoseguro.com.br\/site\/wp-json\/wp\/v2\/posts"}],"about":[{"href":"https:\/\/radioportoseguro.com.br\/site\/wp-json\/wp\/v2\/types\/post"}],"author":[{"embeddable":true,"href":"https:\/\/radioportoseguro.com.br\/site\/wp-json\/wp\/v2\/users\/1"}],"replies":[{"embeddable":true,"href":"https:\/\/radioportoseguro.com.br\/site\/wp-json\/wp\/v2\/comments?post=4679"}],"version-history":[{"count":0,"href":"https:\/\/radioportoseguro.com.br\/site\/wp-json\/wp\/v2\/posts\/4679\/revisions"}],"wp:featuredmedia":[{"embeddable":true,"href":"https:\/\/radioportoseguro.com.br\/site\/wp-json\/wp\/v2\/media\/4680"}],"wp:attachment":[{"href":"https:\/\/radioportoseguro.com.br\/site\/wp-json\/wp\/v2\/media?parent=4679"}],"wp:term":[{"taxonomy":"category","embeddable":true,"href":"https:\/\/radioportoseguro.com.br\/site\/wp-json\/wp\/v2\/categories?post=4679"},{"taxonomy":"post_tag","embeddable":true,"href":"https:\/\/radioportoseguro.com.br\/site\/wp-json\/wp\/v2\/tags?post=4679"}],"curies":[{"name":"wp","href":"https:\/\/api.w.org\/{rel}","templated":true}]}}