{"id":4685,"date":"2026-03-05T03:10:18","date_gmt":"2026-03-05T06:10:18","guid":{"rendered":"https:\/\/radioportoseguro.com.br\/site\/2026\/03\/05\/jesus-nao-precisou-curar-meu-corpo-e-sim-meu-coracao-diz-jovem-com-atrofia-muscular\/"},"modified":"2026-03-05T03:10:18","modified_gmt":"2026-03-05T06:10:18","slug":"jesus-nao-precisou-curar-meu-corpo-e-sim-meu-coracao-diz-jovem-com-atrofia-muscular","status":"publish","type":"post","link":"https:\/\/radioportoseguro.com.br\/site\/2026\/03\/05\/jesus-nao-precisou-curar-meu-corpo-e-sim-meu-coracao-diz-jovem-com-atrofia-muscular\/","title":{"rendered":"\u201cJesus n\u00e3o precisou curar meu corpo, e sim meu cora\u00e7\u00e3o\u201d, diz jovem com atrofia muscular"},"content":{"rendered":"<p><br \/>\n<br \/><\/p>\n<div>\n<p><span style=\"font-weight: 400;\">O evangelista americano <\/span><span style=\"color: #993300;\"><strong>Jamey Carrington<\/strong><\/span><span style=\"font-weight: 400;\">, diagnosticado com atrofia muscular espinhal tipo 2 \u2014 doen\u00e7a gen\u00e9tica que provoca fraqueza muscular desde a inf\u00e2ncia \u2014 voltou a falar sobre sua condi\u00e7\u00e3o e afirmou que foi curado por Jesus.<\/span><\/p>\n<p><span style=\"font-weight: 400;\">Em um v\u00eddeo no Instagram, Jamey aparece em sua scooter enquanto reflete sobre seu relacionamento com Deus. Ele explicou que o Senhor n\u00e3o lhe deu uma cura f\u00edsica, mas espiritual.<\/span><\/p>\n<p><span style=\"font-weight: 400;\">\u201cH\u00e1 alguns anos, fui curado por Jesus. E n\u00e3o, eu n\u00e3o sou esquizofr\u00eanico. Eu tenho uma defici\u00eancia, mas fui curado por Jesus\u201d, afirmou ele.<\/span><\/p>\n<p><span style=\"font-weight: 400;\">Em seguida, o jovem explicou que sua experi\u00eancia com Cristo transformou seu interior, mesmo que sua condi\u00e7\u00e3o f\u00edsica permane\u00e7a a mesma.<\/span><\/p>\n<p><span style=\"font-weight: 400;\">\u201cEle n\u00e3o curou a carne, ele n\u00e3o curou essa parte de mim, porque ela pode ser domada, mas n\u00e3o pode ser curada. A carne apenas se torna mais perversa, mais faminta e mais autodestrutiva\u201d, declarou ele.\u00a0<\/span><\/p>\n<p><span style=\"font-weight: 400;\">E continuou: \u201cMuitas vezes, quando oramos pela cura de algu\u00e9m, pensamos que s\u00e3o os problemas que precisam ser mudados, s\u00e3o as circunst\u00e2ncias que precisam ser mudadas, s\u00e3o os obst\u00e1culos que precisam ser superados, mas e se for o esp\u00edrito dentro da pessoa que precisa ser mudado? E se for o cora\u00e7\u00e3o que precisa ser mudado?\u201d.<\/span><\/p>\n<blockquote class=\"instagram-media\" style=\"background: #FFF; border: 0; border-radius: 3px; box-shadow: 0 0 1px 0 rgba(0,0,0,0.5),0 1px 10px 0 rgba(0,0,0,0.15); margin: 1px; max-width: 540px; min-width: 326px; padding: 0; width: calc(100% - 2px);\" data-instgrm-permalink=\"https:\/\/www.instagram.com\/reel\/DVNG3g6DWlo\/?utm_source=ig_embed&amp;utm_campaign=loading\" data-instgrm-version=\"14\"><p>&#13;<br \/>\n&#13;\n<\/p><\/blockquote>\n<p><span style=\"font-weight: 400;\">Citando o livro de Salmos, Jamey ressaltou que Deus \u201ccura os de cora\u00e7\u00e3o quebrantado\u201d e afirmou que experimentou essa cura de forma profunda.<\/span><\/p>\n<p><span style=\"font-weight: 400;\">\u201cDeus n\u00e3o cura apenas o exterior, mas tamb\u00e9m o interior. Ele n\u00e3o precisou curar meu corpo, eu n\u00e3o precisei pular desta cadeira, Ele s\u00f3 precisava curar meu cora\u00e7\u00e3o, e Ele curou\u201d, testemunhou ele.<\/span><\/p>\n<p><span style=\"font-weight: 400;\">Segundo Jamey, ele n\u00e3o deseja ter \u201cum corpo normal\u201d: \u201cEu n\u00e3o quero experimentar a vida que voc\u00ea tem, porque eu amo minha vida, eu amo meu Jesus. Deus te aben\u00e7oe\u201d.<\/span><\/p>\n<p><strong>Minist\u00e9rio<\/strong><\/p>\n<p><span style=\"font-weight: 400;\">Nascido com <\/span><span style=\"color: #993300;\"><strong>atrofia muscular espinhal<\/strong><\/span><span style=\"font-weight: 400;\">, Jamey enfrentou desafios f\u00edsicos desde a inf\u00e2ncia. Apesar de frequentar os cultos em sua igreja, ele n\u00e3o sentia que sua vida tinha prop\u00f3sito pois ainda n\u00e3o havia tido um encontro com Jesus.<\/span><\/p>\n<p><span style=\"font-weight: 400;\">No ensino m\u00e9dio, Jamey tentou preencher seu vazio com pornografia e passou por a ter pensamentos negativos sobre si mesmo.<\/span><\/p>\n<p><span style=\"font-weight: 400;\">Um dia, ele assistiu um v\u00eddeo sobre a B\u00edblia na internet que mudou sua vida e entendeu que precisava ter um relacionamento pessoal com Jesus. Depois disso, Jamey foi atra\u00eddo pela Palavra de Deus e come\u00e7ou a estudar teologia.\u00a0<\/span><\/p>\n<p><span style=\"font-weight: 400;\">Nos quatro anos seguintes, ele buscou a Deus e lutou contra opress\u00f5es em sua mente. Anos depois, Jamey passou a contar seu testemunho nas redes sociais e encorajar milhares de pessoas a seguir Jesus.<\/span><\/p>\n<\/div>\n<p><script async src=\"\/\/www.instagram.com\/embed.js\"><\/script><br \/>\n<br \/><br \/>\n<br \/>Fonte: Guiame <\/p>\n","protected":false},"excerpt":{"rendered":"<p>O evangelista americano Jamey Carrington, diagnosticado com atrofia muscular espinhal tipo 2 \u2014 doen\u00e7a gen\u00e9tica que provoca fraqueza muscular desde a inf\u00e2ncia \u2014 voltou a falar sobre sua condi\u00e7\u00e3o e afirmou que foi curado por Jesus. Em um v\u00eddeo no Instagram, Jamey aparece em sua scooter enquanto reflete sobre seu relacionamento com Deus. Ele explicou [&hellip;]<\/p>\n","protected":false},"author":1,"featured_media":4686,"comment_status":"","ping_status":"open","sticky":false,"template":"","format":"standard","meta":{"footnotes":""},"categories":[43],"tags":[],"class_list":["post-4685","post","type-post","status-publish","format-standard","has-post-thumbnail","hentry","category-destaques"],"yoast_head":"<!-- This site is optimized with the Yoast SEO plugin v26.8 - https:\/\/yoast.com\/product\/yoast-seo-wordpress\/ -->\n<title>\u201cJesus n\u00e3o precisou curar meu corpo, e sim meu cora\u00e7\u00e3o\u201d, diz jovem com atrofia muscular - R\u00e1dio Porto Seguro<\/title>\n<meta name=\"robots\" content=\"index, follow, max-snippet:-1, max-image-preview:large, max-video-preview:-1\" \/>\n<link rel=\"canonical\" href=\"https:\/\/radioportoseguro.com.br\/site\/2026\/03\/05\/jesus-nao-precisou-curar-meu-corpo-e-sim-meu-coracao-diz-jovem-com-atrofia-muscular\/\" \/>\n<meta property=\"og:locale\" content=\"pt_BR\" \/>\n<meta property=\"og:type\" content=\"article\" \/>\n<meta property=\"og:title\" content=\"\u201cJesus n\u00e3o precisou curar meu corpo, e sim meu cora\u00e7\u00e3o\u201d, diz jovem com atrofia muscular - R\u00e1dio Porto Seguro\" \/>\n<meta property=\"og:description\" content=\"O evangelista americano Jamey Carrington, diagnosticado com atrofia muscular espinhal tipo 2 \u2014 doen\u00e7a gen\u00e9tica que provoca fraqueza muscular desde a inf\u00e2ncia \u2014 voltou a falar sobre sua condi\u00e7\u00e3o e afirmou que foi curado por Jesus. Em um v\u00eddeo no Instagram, Jamey aparece em sua scooter enquanto reflete sobre seu relacionamento com Deus. Ele explicou [&hellip;]\" \/>\n<meta property=\"og:url\" content=\"https:\/\/radioportoseguro.com.br\/site\/2026\/03\/05\/jesus-nao-precisou-curar-meu-corpo-e-sim-meu-coracao-diz-jovem-com-atrofia-muscular\/\" \/>\n<meta property=\"og:site_name\" content=\"R\u00e1dio Porto Seguro\" \/>\n<meta property=\"article:published_time\" content=\"2026-03-05T06:10:18+00:00\" \/>\n<meta property=\"og:image\" content=\"https:\/\/media.guiame.com.br\/archives\/2026\/03\/02\/1722198031-jamey-carrington.jpeg\" \/>\n<meta name=\"author\" content=\"admin\" \/>\n<meta name=\"twitter:card\" content=\"summary_large_image\" \/>\n<meta name=\"twitter:label1\" content=\"Escrito por\" \/>\n\t<meta name=\"twitter:data1\" content=\"admin\" \/>\n\t<meta name=\"twitter:label2\" content=\"Est. tempo de leitura\" \/>\n\t<meta name=\"twitter:data2\" content=\"2 minutos\" \/>\n<script type=\"application\/ld+json\" class=\"yoast-schema-graph\">{\"@context\":\"https:\/\/schema.org\",\"@graph\":[{\"@type\":\"Article\",\"@id\":\"https:\/\/radioportoseguro.com.br\/site\/2026\/03\/05\/jesus-nao-precisou-curar-meu-corpo-e-sim-meu-coracao-diz-jovem-com-atrofia-muscular\/#article\",\"isPartOf\":{\"@id\":\"https:\/\/radioportoseguro.com.br\/site\/2026\/03\/05\/jesus-nao-precisou-curar-meu-corpo-e-sim-meu-coracao-diz-jovem-com-atrofia-muscular\/\"},\"author\":{\"name\":\"admin\",\"@id\":\"https:\/\/radioportoseguro.com.br\/site\/#\/schema\/person\/7630acdc320186f13639d3c067ec089b\"},\"headline\":\"\u201cJesus n\u00e3o precisou curar meu corpo, e sim meu cora\u00e7\u00e3o\u201d, diz jovem com atrofia muscular\",\"datePublished\":\"2026-03-05T06:10:18+00:00\",\"mainEntityOfPage\":{\"@id\":\"https:\/\/radioportoseguro.com.br\/site\/2026\/03\/05\/jesus-nao-precisou-curar-meu-corpo-e-sim-meu-coracao-diz-jovem-com-atrofia-muscular\/\"},\"wordCount\":484,\"image\":{\"@id\":\"https:\/\/radioportoseguro.com.br\/site\/2026\/03\/05\/jesus-nao-precisou-curar-meu-corpo-e-sim-meu-coracao-diz-jovem-com-atrofia-muscular\/#primaryimage\"},\"thumbnailUrl\":\"https:\/\/radioportoseguro.com.br\/site\/wp-content\/uploads\/2026\/03\/1722198031-jamey-carrington.jpeg\",\"articleSection\":[\"Destaques\"],\"inLanguage\":\"pt-BR\"},{\"@type\":\"WebPage\",\"@id\":\"https:\/\/radioportoseguro.com.br\/site\/2026\/03\/05\/jesus-nao-precisou-curar-meu-corpo-e-sim-meu-coracao-diz-jovem-com-atrofia-muscular\/\",\"url\":\"https:\/\/radioportoseguro.com.br\/site\/2026\/03\/05\/jesus-nao-precisou-curar-meu-corpo-e-sim-meu-coracao-diz-jovem-com-atrofia-muscular\/\",\"name\":\"\u201cJesus n\u00e3o precisou curar meu corpo, e sim meu cora\u00e7\u00e3o\u201d, diz jovem com atrofia muscular - R\u00e1dio Porto Seguro\",\"isPartOf\":{\"@id\":\"https:\/\/radioportoseguro.com.br\/site\/#website\"},\"primaryImageOfPage\":{\"@id\":\"https:\/\/radioportoseguro.com.br\/site\/2026\/03\/05\/jesus-nao-precisou-curar-meu-corpo-e-sim-meu-coracao-diz-jovem-com-atrofia-muscular\/#primaryimage\"},\"image\":{\"@id\":\"https:\/\/radioportoseguro.com.br\/site\/2026\/03\/05\/jesus-nao-precisou-curar-meu-corpo-e-sim-meu-coracao-diz-jovem-com-atrofia-muscular\/#primaryimage\"},\"thumbnailUrl\":\"https:\/\/radioportoseguro.com.br\/site\/wp-content\/uploads\/2026\/03\/1722198031-jamey-carrington.jpeg\",\"datePublished\":\"2026-03-05T06:10:18+00:00\",\"author\":{\"@id\":\"https:\/\/radioportoseguro.com.br\/site\/#\/schema\/person\/7630acdc320186f13639d3c067ec089b\"},\"breadcrumb\":{\"@id\":\"https:\/\/radioportoseguro.com.br\/site\/2026\/03\/05\/jesus-nao-precisou-curar-meu-corpo-e-sim-meu-coracao-diz-jovem-com-atrofia-muscular\/#breadcrumb\"},\"inLanguage\":\"pt-BR\",\"potentialAction\":[{\"@type\":\"ReadAction\",\"target\":[\"https:\/\/radioportoseguro.com.br\/site\/2026\/03\/05\/jesus-nao-precisou-curar-meu-corpo-e-sim-meu-coracao-diz-jovem-com-atrofia-muscular\/\"]}]},{\"@type\":\"ImageObject\",\"inLanguage\":\"pt-BR\",\"@id\":\"https:\/\/radioportoseguro.com.br\/site\/2026\/03\/05\/jesus-nao-precisou-curar-meu-corpo-e-sim-meu-coracao-diz-jovem-com-atrofia-muscular\/#primaryimage\",\"url\":\"https:\/\/radioportoseguro.com.br\/site\/wp-content\/uploads\/2026\/03\/1722198031-jamey-carrington.jpeg\",\"contentUrl\":\"https:\/\/radioportoseguro.com.br\/site\/wp-content\/uploads\/2026\/03\/1722198031-jamey-carrington.jpeg\",\"width\":1200,\"height\":600},{\"@type\":\"BreadcrumbList\",\"@id\":\"https:\/\/radioportoseguro.com.br\/site\/2026\/03\/05\/jesus-nao-precisou-curar-meu-corpo-e-sim-meu-coracao-diz-jovem-com-atrofia-muscular\/#breadcrumb\",\"itemListElement\":[{\"@type\":\"ListItem\",\"position\":1,\"name\":\"In\u00edcio\",\"item\":\"https:\/\/radioportoseguro.com.br\/site\/\"},{\"@type\":\"ListItem\",\"position\":2,\"name\":\"\u201cJesus n\u00e3o precisou curar meu corpo, e sim meu cora\u00e7\u00e3o\u201d, diz jovem com atrofia muscular\"}]},{\"@type\":\"WebSite\",\"@id\":\"https:\/\/radioportoseguro.com.br\/site\/#website\",\"url\":\"https:\/\/radioportoseguro.com.br\/site\/\",\"name\":\"R\u00e1dio Porto Seguro\",\"description\":\"\",\"potentialAction\":[{\"@type\":\"SearchAction\",\"target\":{\"@type\":\"EntryPoint\",\"urlTemplate\":\"https:\/\/radioportoseguro.com.br\/site\/?s={search_term_string}\"},\"query-input\":{\"@type\":\"PropertyValueSpecification\",\"valueRequired\":true,\"valueName\":\"search_term_string\"}}],\"inLanguage\":\"pt-BR\"},{\"@type\":\"Person\",\"@id\":\"https:\/\/radioportoseguro.com.br\/site\/#\/schema\/person\/7630acdc320186f13639d3c067ec089b\",\"name\":\"admin\",\"image\":{\"@type\":\"ImageObject\",\"inLanguage\":\"pt-BR\",\"@id\":\"https:\/\/radioportoseguro.com.br\/site\/#\/schema\/person\/image\/\",\"url\":\"https:\/\/secure.gravatar.com\/avatar\/caacf4dc1eedb68fab0df8e1ed46c448e578b2466351bbcb61e47d2ac0caaef0?s=96&d=mm&r=g\",\"contentUrl\":\"https:\/\/secure.gravatar.com\/avatar\/caacf4dc1eedb68fab0df8e1ed46c448e578b2466351bbcb61e47d2ac0caaef0?s=96&d=mm&r=g\",\"caption\":\"admin\"},\"sameAs\":[\"https:\/\/radioportoseguro.com.br\/site\"],\"url\":\"https:\/\/radioportoseguro.com.br\/site\/author\/hezio\/\"}]}<\/script>\n<!-- \/ Yoast SEO plugin. -->","yoast_head_json":{"title":"\u201cJesus n\u00e3o precisou curar meu corpo, e sim meu cora\u00e7\u00e3o\u201d, diz jovem com atrofia muscular - R\u00e1dio Porto Seguro","robots":{"index":"index","follow":"follow","max-snippet":"max-snippet:-1","max-image-preview":"max-image-preview:large","max-video-preview":"max-video-preview:-1"},"canonical":"https:\/\/radioportoseguro.com.br\/site\/2026\/03\/05\/jesus-nao-precisou-curar-meu-corpo-e-sim-meu-coracao-diz-jovem-com-atrofia-muscular\/","og_locale":"pt_BR","og_type":"article","og_title":"\u201cJesus n\u00e3o precisou curar meu corpo, e sim meu cora\u00e7\u00e3o\u201d, diz jovem com atrofia muscular - R\u00e1dio Porto Seguro","og_description":"O evangelista americano Jamey Carrington, diagnosticado com atrofia muscular espinhal tipo 2 \u2014 doen\u00e7a gen\u00e9tica que provoca fraqueza muscular desde a inf\u00e2ncia \u2014 voltou a falar sobre sua condi\u00e7\u00e3o e afirmou que foi curado por Jesus. Em um v\u00eddeo no Instagram, Jamey aparece em sua scooter enquanto reflete sobre seu relacionamento com Deus. Ele explicou [&hellip;]","og_url":"https:\/\/radioportoseguro.com.br\/site\/2026\/03\/05\/jesus-nao-precisou-curar-meu-corpo-e-sim-meu-coracao-diz-jovem-com-atrofia-muscular\/","og_site_name":"R\u00e1dio Porto Seguro","article_published_time":"2026-03-05T06:10:18+00:00","og_image":[{"url":"https:\/\/media.guiame.com.br\/archives\/2026\/03\/02\/1722198031-jamey-carrington.jpeg","type":"","width":"","height":""}],"author":"admin","twitter_card":"summary_large_image","twitter_misc":{"Escrito por":"admin","Est. tempo de leitura":"2 minutos"},"schema":{"@context":"https:\/\/schema.org","@graph":[{"@type":"Article","@id":"https:\/\/radioportoseguro.com.br\/site\/2026\/03\/05\/jesus-nao-precisou-curar-meu-corpo-e-sim-meu-coracao-diz-jovem-com-atrofia-muscular\/#article","isPartOf":{"@id":"https:\/\/radioportoseguro.com.br\/site\/2026\/03\/05\/jesus-nao-precisou-curar-meu-corpo-e-sim-meu-coracao-diz-jovem-com-atrofia-muscular\/"},"author":{"name":"admin","@id":"https:\/\/radioportoseguro.com.br\/site\/#\/schema\/person\/7630acdc320186f13639d3c067ec089b"},"headline":"\u201cJesus n\u00e3o precisou curar meu corpo, e sim meu cora\u00e7\u00e3o\u201d, diz jovem com atrofia muscular","datePublished":"2026-03-05T06:10:18+00:00","mainEntityOfPage":{"@id":"https:\/\/radioportoseguro.com.br\/site\/2026\/03\/05\/jesus-nao-precisou-curar-meu-corpo-e-sim-meu-coracao-diz-jovem-com-atrofia-muscular\/"},"wordCount":484,"image":{"@id":"https:\/\/radioportoseguro.com.br\/site\/2026\/03\/05\/jesus-nao-precisou-curar-meu-corpo-e-sim-meu-coracao-diz-jovem-com-atrofia-muscular\/#primaryimage"},"thumbnailUrl":"https:\/\/radioportoseguro.com.br\/site\/wp-content\/uploads\/2026\/03\/1722198031-jamey-carrington.jpeg","articleSection":["Destaques"],"inLanguage":"pt-BR"},{"@type":"WebPage","@id":"https:\/\/radioportoseguro.com.br\/site\/2026\/03\/05\/jesus-nao-precisou-curar-meu-corpo-e-sim-meu-coracao-diz-jovem-com-atrofia-muscular\/","url":"https:\/\/radioportoseguro.com.br\/site\/2026\/03\/05\/jesus-nao-precisou-curar-meu-corpo-e-sim-meu-coracao-diz-jovem-com-atrofia-muscular\/","name":"\u201cJesus n\u00e3o precisou curar meu corpo, e sim meu cora\u00e7\u00e3o\u201d, diz jovem com atrofia muscular - R\u00e1dio Porto Seguro","isPartOf":{"@id":"https:\/\/radioportoseguro.com.br\/site\/#website"},"primaryImageOfPage":{"@id":"https:\/\/radioportoseguro.com.br\/site\/2026\/03\/05\/jesus-nao-precisou-curar-meu-corpo-e-sim-meu-coracao-diz-jovem-com-atrofia-muscular\/#primaryimage"},"image":{"@id":"https:\/\/radioportoseguro.com.br\/site\/2026\/03\/05\/jesus-nao-precisou-curar-meu-corpo-e-sim-meu-coracao-diz-jovem-com-atrofia-muscular\/#primaryimage"},"thumbnailUrl":"https:\/\/radioportoseguro.com.br\/site\/wp-content\/uploads\/2026\/03\/1722198031-jamey-carrington.jpeg","datePublished":"2026-03-05T06:10:18+00:00","author":{"@id":"https:\/\/radioportoseguro.com.br\/site\/#\/schema\/person\/7630acdc320186f13639d3c067ec089b"},"breadcrumb":{"@id":"https:\/\/radioportoseguro.com.br\/site\/2026\/03\/05\/jesus-nao-precisou-curar-meu-corpo-e-sim-meu-coracao-diz-jovem-com-atrofia-muscular\/#breadcrumb"},"inLanguage":"pt-BR","potentialAction":[{"@type":"ReadAction","target":["https:\/\/radioportoseguro.com.br\/site\/2026\/03\/05\/jesus-nao-precisou-curar-meu-corpo-e-sim-meu-coracao-diz-jovem-com-atrofia-muscular\/"]}]},{"@type":"ImageObject","inLanguage":"pt-BR","@id":"https:\/\/radioportoseguro.com.br\/site\/2026\/03\/05\/jesus-nao-precisou-curar-meu-corpo-e-sim-meu-coracao-diz-jovem-com-atrofia-muscular\/#primaryimage","url":"https:\/\/radioportoseguro.com.br\/site\/wp-content\/uploads\/2026\/03\/1722198031-jamey-carrington.jpeg","contentUrl":"https:\/\/radioportoseguro.com.br\/site\/wp-content\/uploads\/2026\/03\/1722198031-jamey-carrington.jpeg","width":1200,"height":600},{"@type":"BreadcrumbList","@id":"https:\/\/radioportoseguro.com.br\/site\/2026\/03\/05\/jesus-nao-precisou-curar-meu-corpo-e-sim-meu-coracao-diz-jovem-com-atrofia-muscular\/#breadcrumb","itemListElement":[{"@type":"ListItem","position":1,"name":"In\u00edcio","item":"https:\/\/radioportoseguro.com.br\/site\/"},{"@type":"ListItem","position":2,"name":"\u201cJesus n\u00e3o precisou curar meu corpo, e sim meu cora\u00e7\u00e3o\u201d, diz jovem com atrofia muscular"}]},{"@type":"WebSite","@id":"https:\/\/radioportoseguro.com.br\/site\/#website","url":"https:\/\/radioportoseguro.com.br\/site\/","name":"R\u00e1dio Porto Seguro","description":"","potentialAction":[{"@type":"SearchAction","target":{"@type":"EntryPoint","urlTemplate":"https:\/\/radioportoseguro.com.br\/site\/?s={search_term_string}"},"query-input":{"@type":"PropertyValueSpecification","valueRequired":true,"valueName":"search_term_string"}}],"inLanguage":"pt-BR"},{"@type":"Person","@id":"https:\/\/radioportoseguro.com.br\/site\/#\/schema\/person\/7630acdc320186f13639d3c067ec089b","name":"admin","image":{"@type":"ImageObject","inLanguage":"pt-BR","@id":"https:\/\/radioportoseguro.com.br\/site\/#\/schema\/person\/image\/","url":"https:\/\/secure.gravatar.com\/avatar\/caacf4dc1eedb68fab0df8e1ed46c448e578b2466351bbcb61e47d2ac0caaef0?s=96&d=mm&r=g","contentUrl":"https:\/\/secure.gravatar.com\/avatar\/caacf4dc1eedb68fab0df8e1ed46c448e578b2466351bbcb61e47d2ac0caaef0?s=96&d=mm&r=g","caption":"admin"},"sameAs":["https:\/\/radioportoseguro.com.br\/site"],"url":"https:\/\/radioportoseguro.com.br\/site\/author\/hezio\/"}]}},"_links":{"self":[{"href":"https:\/\/radioportoseguro.com.br\/site\/wp-json\/wp\/v2\/posts\/4685","targetHints":{"allow":["GET"]}}],"collection":[{"href":"https:\/\/radioportoseguro.com.br\/site\/wp-json\/wp\/v2\/posts"}],"about":[{"href":"https:\/\/radioportoseguro.com.br\/site\/wp-json\/wp\/v2\/types\/post"}],"author":[{"embeddable":true,"href":"https:\/\/radioportoseguro.com.br\/site\/wp-json\/wp\/v2\/users\/1"}],"replies":[{"embeddable":true,"href":"https:\/\/radioportoseguro.com.br\/site\/wp-json\/wp\/v2\/comments?post=4685"}],"version-history":[{"count":0,"href":"https:\/\/radioportoseguro.com.br\/site\/wp-json\/wp\/v2\/posts\/4685\/revisions"}],"wp:featuredmedia":[{"embeddable":true,"href":"https:\/\/radioportoseguro.com.br\/site\/wp-json\/wp\/v2\/media\/4686"}],"wp:attachment":[{"href":"https:\/\/radioportoseguro.com.br\/site\/wp-json\/wp\/v2\/media?parent=4685"}],"wp:term":[{"taxonomy":"category","embeddable":true,"href":"https:\/\/radioportoseguro.com.br\/site\/wp-json\/wp\/v2\/categories?post=4685"},{"taxonomy":"post_tag","embeddable":true,"href":"https:\/\/radioportoseguro.com.br\/site\/wp-json\/wp\/v2\/tags?post=4685"}],"curies":[{"name":"wp","href":"https:\/\/api.w.org\/{rel}","templated":true}]}}