{"id":4703,"date":"2026-03-05T13:28:08","date_gmt":"2026-03-05T16:28:08","guid":{"rendered":"https:\/\/radioportoseguro.com.br\/site\/2026\/03\/05\/militantes-islamicos-matam-25-cristaos-no-norte-da-nigeria-campanha-de-exterminio\/"},"modified":"2026-03-05T13:28:08","modified_gmt":"2026-03-05T16:28:08","slug":"militantes-islamicos-matam-25-cristaos-no-norte-da-nigeria-campanha-de-exterminio","status":"publish","type":"post","link":"https:\/\/radioportoseguro.com.br\/site\/2026\/03\/05\/militantes-islamicos-matam-25-cristaos-no-norte-da-nigeria-campanha-de-exterminio\/","title":{"rendered":"Militantes isl\u00e2micos matam 25 crist\u00e3os no norte da Nig\u00e9ria: \u2018Campanha de exterm\u00ednio\u2019"},"content":{"rendered":"<p><br \/>\n<br \/><\/p>\n<div>\n<p>Grupos <span style=\"color: #800000;\"><strong>militantes isl\u00e2micos<\/strong><\/span> assassinaram 25 crist\u00e3os em uma sequ\u00eancia de ataques no estado de Adamawa, localizado na regi\u00e3o central da <span style=\"color: #800000;\"><strong>Nig\u00e9ria<\/strong><\/span>.<\/p>\n<p>A ofensiva mais recente aconteceu em 24 de fevereiro, quando entre 50 e 100 combatentes do Estado Isl\u00e2mico da Prov\u00edncia da \u00c1frica Ocidental (ISWAP), trajando uniformes camuflados do Ex\u00e9rcito nigeriano, invadiram simultaneamente duas comunidades agr\u00edcolas crist\u00e3s na \u00c1rea de Governo Local de Madagali.<\/p>\n<p>Dezoito crist\u00e3os foram assassinados em Kirchinga, enquanto outros sete perderam a vida em Garaha. Dois dias depois, mais quatro corpos foram localizados entre a vegeta\u00e7\u00e3o da regi\u00e3o.<\/p>\n<p>Este foi o quinto ataque desse tipo registrado desde outubro de 2025 em Madagali, cidade natal do governador do estado de Adamawa, Ahmadu Umaru Fintiri. Entre as v\u00edtimas estava Bademi Papka, l\u00edder da aldeia e primo do governador.<\/p>\n<p><strong>Estado Isl\u00e2mico <\/strong><\/p>\n<p>Testemunhas apontaram o ISWAP como o grupo respons\u00e1vel pelas mortes.<\/p>\n<p>\u201cEles come\u00e7aram a atirar nas pessoas que estavam sentadas sob uma \u00e1rvore perto do mercado. Muitas foram mortas a tiros enquanto corr\u00edamos em dire\u00e7\u00e3o \u00e0s montanhas\u201d, relatou um sobrevivente.<\/p>\n<p>\u201c\u00c9 o ISWAP que normalmente realiza esses ataques\u201d, afirmou, acrescentando: \u201cA marca registrada do ISWAP \u00e9 chegar a uma comunidade, reunir os crist\u00e3os e mat\u00e1\u2011los.\u201d<\/p>\n<p>Madagali \u00e9 um enclave majoritariamente crist\u00e3o e especialmente vulner\u00e1vel no estado de Adamawa, localizado entre o sul do estado de Borno e a fronteira com <span style=\"color: #800000;\"><strong>Camar\u00f5es<\/strong><\/span>.<\/p>\n<p><strong>Ataques padronizados<\/strong><\/p>\n<p>A cidade situa-se nas proximidades da Floresta de Sambisa, \u00e1rea a partir da qual tanto o ISWAP quanto o Boko Haram t\u00eam lan\u00e7ado ataques repetidos. Seu isolamento geogr\u00e1fico facilita a a\u00e7\u00e3o dos grupos armados, uma vez que o apoio militar enfrenta dificuldades para chegar rapidamente ao local em situa\u00e7\u00f5es de emerg\u00eancia.<\/p>\n<p>David Idah, diretor da Comiss\u00e3o Internacional de Direitos Humanos, foi categ\u00f3rico ao destacar a recorr\u00eancia e o padr\u00e3o dos ataques anteriores na regi\u00e3o.<\/p>\n<p>\u201cO que estamos vendo em Madagali n\u00e3o \u00e9 viol\u00eancia aleat\u00f3ria\u201d, afirmou. \u201cTrata\u2011se de uma a\u00e7\u00e3o sistem\u00e1tica, coordenada e direcionada contra comunidades agr\u00edcolas crist\u00e3s que n\u00e3o contam com nenhuma prote\u00e7\u00e3o efetiva.\u201d<\/p>\n<p>\u201cCinco ataques em cinco meses representam uma campanha estrat\u00e9gica de exterm\u00ednio.\u201d<\/p>\n<\/div>\n<p><br \/>\n<br \/>Fonte: Guiame <\/p>\n","protected":false},"excerpt":{"rendered":"<p>Grupos militantes isl\u00e2micos assassinaram 25 crist\u00e3os em uma sequ\u00eancia de ataques no estado de Adamawa, localizado na regi\u00e3o central da Nig\u00e9ria. A ofensiva mais recente aconteceu em 24 de fevereiro, quando entre 50 e 100 combatentes do Estado Isl\u00e2mico da Prov\u00edncia da \u00c1frica Ocidental (ISWAP), trajando uniformes camuflados do Ex\u00e9rcito nigeriano, invadiram simultaneamente duas comunidades [&hellip;]<\/p>\n","protected":false},"author":1,"featured_media":4704,"comment_status":"","ping_status":"open","sticky":false,"template":"","format":"standard","meta":{"footnotes":""},"categories":[43],"tags":[],"class_list":["post-4703","post","type-post","status-publish","format-standard","has-post-thumbnail","hentry","category-destaques"],"yoast_head":"<!-- This site is optimized with the Yoast SEO plugin v26.8 - https:\/\/yoast.com\/product\/yoast-seo-wordpress\/ -->\n<title>Militantes isl\u00e2micos matam 25 crist\u00e3os no norte da Nig\u00e9ria: \u2018Campanha de exterm\u00ednio\u2019 - R\u00e1dio Porto Seguro<\/title>\n<meta name=\"robots\" content=\"index, follow, max-snippet:-1, max-image-preview:large, max-video-preview:-1\" \/>\n<link rel=\"canonical\" href=\"https:\/\/radioportoseguro.com.br\/site\/2026\/03\/05\/militantes-islamicos-matam-25-cristaos-no-norte-da-nigeria-campanha-de-exterminio\/\" \/>\n<meta property=\"og:locale\" content=\"pt_BR\" \/>\n<meta property=\"og:type\" content=\"article\" \/>\n<meta property=\"og:title\" content=\"Militantes isl\u00e2micos matam 25 crist\u00e3os no norte da Nig\u00e9ria: \u2018Campanha de exterm\u00ednio\u2019 - R\u00e1dio Porto Seguro\" \/>\n<meta property=\"og:description\" content=\"Grupos militantes isl\u00e2micos assassinaram 25 crist\u00e3os em uma sequ\u00eancia de ataques no estado de Adamawa, localizado na regi\u00e3o central da Nig\u00e9ria. A ofensiva mais recente aconteceu em 24 de fevereiro, quando entre 50 e 100 combatentes do Estado Isl\u00e2mico da Prov\u00edncia da \u00c1frica Ocidental (ISWAP), trajando uniformes camuflados do Ex\u00e9rcito nigeriano, invadiram simultaneamente duas comunidades [&hellip;]\" \/>\n<meta property=\"og:url\" content=\"https:\/\/radioportoseguro.com.br\/site\/2026\/03\/05\/militantes-islamicos-matam-25-cristaos-no-norte-da-nigeria-campanha-de-exterminio\/\" \/>\n<meta property=\"og:site_name\" content=\"R\u00e1dio Porto Seguro\" \/>\n<meta property=\"article:published_time\" content=\"2026-03-05T16:28:08+00:00\" \/>\n<meta property=\"og:image\" content=\"https:\/\/media.guiame.com.br\/archives\/2026\/03\/04\/3152761964-vila-de-kirchinga.png\" \/>\n<meta name=\"author\" content=\"admin\" \/>\n<meta name=\"twitter:card\" content=\"summary_large_image\" \/>\n<meta name=\"twitter:label1\" content=\"Escrito por\" \/>\n\t<meta name=\"twitter:data1\" content=\"admin\" \/>\n\t<meta name=\"twitter:label2\" content=\"Est. tempo de leitura\" \/>\n\t<meta name=\"twitter:data2\" content=\"2 minutos\" \/>\n<script type=\"application\/ld+json\" class=\"yoast-schema-graph\">{\"@context\":\"https:\/\/schema.org\",\"@graph\":[{\"@type\":\"Article\",\"@id\":\"https:\/\/radioportoseguro.com.br\/site\/2026\/03\/05\/militantes-islamicos-matam-25-cristaos-no-norte-da-nigeria-campanha-de-exterminio\/#article\",\"isPartOf\":{\"@id\":\"https:\/\/radioportoseguro.com.br\/site\/2026\/03\/05\/militantes-islamicos-matam-25-cristaos-no-norte-da-nigeria-campanha-de-exterminio\/\"},\"author\":{\"name\":\"admin\",\"@id\":\"https:\/\/radioportoseguro.com.br\/site\/#\/schema\/person\/7630acdc320186f13639d3c067ec089b\"},\"headline\":\"Militantes isl\u00e2micos matam 25 crist\u00e3os no norte da Nig\u00e9ria: \u2018Campanha de exterm\u00ednio\u2019\",\"datePublished\":\"2026-03-05T16:28:08+00:00\",\"mainEntityOfPage\":{\"@id\":\"https:\/\/radioportoseguro.com.br\/site\/2026\/03\/05\/militantes-islamicos-matam-25-cristaos-no-norte-da-nigeria-campanha-de-exterminio\/\"},\"wordCount\":396,\"image\":{\"@id\":\"https:\/\/radioportoseguro.com.br\/site\/2026\/03\/05\/militantes-islamicos-matam-25-cristaos-no-norte-da-nigeria-campanha-de-exterminio\/#primaryimage\"},\"thumbnailUrl\":\"https:\/\/radioportoseguro.com.br\/site\/wp-content\/uploads\/2026\/03\/3152761964-vila-de-kirchinga.png\",\"articleSection\":[\"Destaques\"],\"inLanguage\":\"pt-BR\"},{\"@type\":\"WebPage\",\"@id\":\"https:\/\/radioportoseguro.com.br\/site\/2026\/03\/05\/militantes-islamicos-matam-25-cristaos-no-norte-da-nigeria-campanha-de-exterminio\/\",\"url\":\"https:\/\/radioportoseguro.com.br\/site\/2026\/03\/05\/militantes-islamicos-matam-25-cristaos-no-norte-da-nigeria-campanha-de-exterminio\/\",\"name\":\"Militantes isl\u00e2micos matam 25 crist\u00e3os no norte da Nig\u00e9ria: \u2018Campanha de exterm\u00ednio\u2019 - R\u00e1dio Porto Seguro\",\"isPartOf\":{\"@id\":\"https:\/\/radioportoseguro.com.br\/site\/#website\"},\"primaryImageOfPage\":{\"@id\":\"https:\/\/radioportoseguro.com.br\/site\/2026\/03\/05\/militantes-islamicos-matam-25-cristaos-no-norte-da-nigeria-campanha-de-exterminio\/#primaryimage\"},\"image\":{\"@id\":\"https:\/\/radioportoseguro.com.br\/site\/2026\/03\/05\/militantes-islamicos-matam-25-cristaos-no-norte-da-nigeria-campanha-de-exterminio\/#primaryimage\"},\"thumbnailUrl\":\"https:\/\/radioportoseguro.com.br\/site\/wp-content\/uploads\/2026\/03\/3152761964-vila-de-kirchinga.png\",\"datePublished\":\"2026-03-05T16:28:08+00:00\",\"author\":{\"@id\":\"https:\/\/radioportoseguro.com.br\/site\/#\/schema\/person\/7630acdc320186f13639d3c067ec089b\"},\"breadcrumb\":{\"@id\":\"https:\/\/radioportoseguro.com.br\/site\/2026\/03\/05\/militantes-islamicos-matam-25-cristaos-no-norte-da-nigeria-campanha-de-exterminio\/#breadcrumb\"},\"inLanguage\":\"pt-BR\",\"potentialAction\":[{\"@type\":\"ReadAction\",\"target\":[\"https:\/\/radioportoseguro.com.br\/site\/2026\/03\/05\/militantes-islamicos-matam-25-cristaos-no-norte-da-nigeria-campanha-de-exterminio\/\"]}]},{\"@type\":\"ImageObject\",\"inLanguage\":\"pt-BR\",\"@id\":\"https:\/\/radioportoseguro.com.br\/site\/2026\/03\/05\/militantes-islamicos-matam-25-cristaos-no-norte-da-nigeria-campanha-de-exterminio\/#primaryimage\",\"url\":\"https:\/\/radioportoseguro.com.br\/site\/wp-content\/uploads\/2026\/03\/3152761964-vila-de-kirchinga.png\",\"contentUrl\":\"https:\/\/radioportoseguro.com.br\/site\/wp-content\/uploads\/2026\/03\/3152761964-vila-de-kirchinga.png\",\"width\":1200,\"height\":600},{\"@type\":\"BreadcrumbList\",\"@id\":\"https:\/\/radioportoseguro.com.br\/site\/2026\/03\/05\/militantes-islamicos-matam-25-cristaos-no-norte-da-nigeria-campanha-de-exterminio\/#breadcrumb\",\"itemListElement\":[{\"@type\":\"ListItem\",\"position\":1,\"name\":\"In\u00edcio\",\"item\":\"https:\/\/radioportoseguro.com.br\/site\/\"},{\"@type\":\"ListItem\",\"position\":2,\"name\":\"Militantes isl\u00e2micos matam 25 crist\u00e3os no norte da Nig\u00e9ria: \u2018Campanha de exterm\u00ednio\u2019\"}]},{\"@type\":\"WebSite\",\"@id\":\"https:\/\/radioportoseguro.com.br\/site\/#website\",\"url\":\"https:\/\/radioportoseguro.com.br\/site\/\",\"name\":\"R\u00e1dio Porto Seguro\",\"description\":\"\",\"potentialAction\":[{\"@type\":\"SearchAction\",\"target\":{\"@type\":\"EntryPoint\",\"urlTemplate\":\"https:\/\/radioportoseguro.com.br\/site\/?s={search_term_string}\"},\"query-input\":{\"@type\":\"PropertyValueSpecification\",\"valueRequired\":true,\"valueName\":\"search_term_string\"}}],\"inLanguage\":\"pt-BR\"},{\"@type\":\"Person\",\"@id\":\"https:\/\/radioportoseguro.com.br\/site\/#\/schema\/person\/7630acdc320186f13639d3c067ec089b\",\"name\":\"admin\",\"image\":{\"@type\":\"ImageObject\",\"inLanguage\":\"pt-BR\",\"@id\":\"https:\/\/radioportoseguro.com.br\/site\/#\/schema\/person\/image\/\",\"url\":\"https:\/\/secure.gravatar.com\/avatar\/caacf4dc1eedb68fab0df8e1ed46c448e578b2466351bbcb61e47d2ac0caaef0?s=96&d=mm&r=g\",\"contentUrl\":\"https:\/\/secure.gravatar.com\/avatar\/caacf4dc1eedb68fab0df8e1ed46c448e578b2466351bbcb61e47d2ac0caaef0?s=96&d=mm&r=g\",\"caption\":\"admin\"},\"sameAs\":[\"https:\/\/radioportoseguro.com.br\/site\"],\"url\":\"https:\/\/radioportoseguro.com.br\/site\/author\/hezio\/\"}]}<\/script>\n<!-- \/ Yoast SEO plugin. -->","yoast_head_json":{"title":"Militantes isl\u00e2micos matam 25 crist\u00e3os no norte da Nig\u00e9ria: \u2018Campanha de exterm\u00ednio\u2019 - R\u00e1dio Porto Seguro","robots":{"index":"index","follow":"follow","max-snippet":"max-snippet:-1","max-image-preview":"max-image-preview:large","max-video-preview":"max-video-preview:-1"},"canonical":"https:\/\/radioportoseguro.com.br\/site\/2026\/03\/05\/militantes-islamicos-matam-25-cristaos-no-norte-da-nigeria-campanha-de-exterminio\/","og_locale":"pt_BR","og_type":"article","og_title":"Militantes isl\u00e2micos matam 25 crist\u00e3os no norte da Nig\u00e9ria: \u2018Campanha de exterm\u00ednio\u2019 - R\u00e1dio Porto Seguro","og_description":"Grupos militantes isl\u00e2micos assassinaram 25 crist\u00e3os em uma sequ\u00eancia de ataques no estado de Adamawa, localizado na regi\u00e3o central da Nig\u00e9ria. A ofensiva mais recente aconteceu em 24 de fevereiro, quando entre 50 e 100 combatentes do Estado Isl\u00e2mico da Prov\u00edncia da \u00c1frica Ocidental (ISWAP), trajando uniformes camuflados do Ex\u00e9rcito nigeriano, invadiram simultaneamente duas comunidades [&hellip;]","og_url":"https:\/\/radioportoseguro.com.br\/site\/2026\/03\/05\/militantes-islamicos-matam-25-cristaos-no-norte-da-nigeria-campanha-de-exterminio\/","og_site_name":"R\u00e1dio Porto Seguro","article_published_time":"2026-03-05T16:28:08+00:00","og_image":[{"url":"https:\/\/media.guiame.com.br\/archives\/2026\/03\/04\/3152761964-vila-de-kirchinga.png","type":"","width":"","height":""}],"author":"admin","twitter_card":"summary_large_image","twitter_misc":{"Escrito por":"admin","Est. tempo de leitura":"2 minutos"},"schema":{"@context":"https:\/\/schema.org","@graph":[{"@type":"Article","@id":"https:\/\/radioportoseguro.com.br\/site\/2026\/03\/05\/militantes-islamicos-matam-25-cristaos-no-norte-da-nigeria-campanha-de-exterminio\/#article","isPartOf":{"@id":"https:\/\/radioportoseguro.com.br\/site\/2026\/03\/05\/militantes-islamicos-matam-25-cristaos-no-norte-da-nigeria-campanha-de-exterminio\/"},"author":{"name":"admin","@id":"https:\/\/radioportoseguro.com.br\/site\/#\/schema\/person\/7630acdc320186f13639d3c067ec089b"},"headline":"Militantes isl\u00e2micos matam 25 crist\u00e3os no norte da Nig\u00e9ria: \u2018Campanha de exterm\u00ednio\u2019","datePublished":"2026-03-05T16:28:08+00:00","mainEntityOfPage":{"@id":"https:\/\/radioportoseguro.com.br\/site\/2026\/03\/05\/militantes-islamicos-matam-25-cristaos-no-norte-da-nigeria-campanha-de-exterminio\/"},"wordCount":396,"image":{"@id":"https:\/\/radioportoseguro.com.br\/site\/2026\/03\/05\/militantes-islamicos-matam-25-cristaos-no-norte-da-nigeria-campanha-de-exterminio\/#primaryimage"},"thumbnailUrl":"https:\/\/radioportoseguro.com.br\/site\/wp-content\/uploads\/2026\/03\/3152761964-vila-de-kirchinga.png","articleSection":["Destaques"],"inLanguage":"pt-BR"},{"@type":"WebPage","@id":"https:\/\/radioportoseguro.com.br\/site\/2026\/03\/05\/militantes-islamicos-matam-25-cristaos-no-norte-da-nigeria-campanha-de-exterminio\/","url":"https:\/\/radioportoseguro.com.br\/site\/2026\/03\/05\/militantes-islamicos-matam-25-cristaos-no-norte-da-nigeria-campanha-de-exterminio\/","name":"Militantes isl\u00e2micos matam 25 crist\u00e3os no norte da Nig\u00e9ria: \u2018Campanha de exterm\u00ednio\u2019 - R\u00e1dio Porto Seguro","isPartOf":{"@id":"https:\/\/radioportoseguro.com.br\/site\/#website"},"primaryImageOfPage":{"@id":"https:\/\/radioportoseguro.com.br\/site\/2026\/03\/05\/militantes-islamicos-matam-25-cristaos-no-norte-da-nigeria-campanha-de-exterminio\/#primaryimage"},"image":{"@id":"https:\/\/radioportoseguro.com.br\/site\/2026\/03\/05\/militantes-islamicos-matam-25-cristaos-no-norte-da-nigeria-campanha-de-exterminio\/#primaryimage"},"thumbnailUrl":"https:\/\/radioportoseguro.com.br\/site\/wp-content\/uploads\/2026\/03\/3152761964-vila-de-kirchinga.png","datePublished":"2026-03-05T16:28:08+00:00","author":{"@id":"https:\/\/radioportoseguro.com.br\/site\/#\/schema\/person\/7630acdc320186f13639d3c067ec089b"},"breadcrumb":{"@id":"https:\/\/radioportoseguro.com.br\/site\/2026\/03\/05\/militantes-islamicos-matam-25-cristaos-no-norte-da-nigeria-campanha-de-exterminio\/#breadcrumb"},"inLanguage":"pt-BR","potentialAction":[{"@type":"ReadAction","target":["https:\/\/radioportoseguro.com.br\/site\/2026\/03\/05\/militantes-islamicos-matam-25-cristaos-no-norte-da-nigeria-campanha-de-exterminio\/"]}]},{"@type":"ImageObject","inLanguage":"pt-BR","@id":"https:\/\/radioportoseguro.com.br\/site\/2026\/03\/05\/militantes-islamicos-matam-25-cristaos-no-norte-da-nigeria-campanha-de-exterminio\/#primaryimage","url":"https:\/\/radioportoseguro.com.br\/site\/wp-content\/uploads\/2026\/03\/3152761964-vila-de-kirchinga.png","contentUrl":"https:\/\/radioportoseguro.com.br\/site\/wp-content\/uploads\/2026\/03\/3152761964-vila-de-kirchinga.png","width":1200,"height":600},{"@type":"BreadcrumbList","@id":"https:\/\/radioportoseguro.com.br\/site\/2026\/03\/05\/militantes-islamicos-matam-25-cristaos-no-norte-da-nigeria-campanha-de-exterminio\/#breadcrumb","itemListElement":[{"@type":"ListItem","position":1,"name":"In\u00edcio","item":"https:\/\/radioportoseguro.com.br\/site\/"},{"@type":"ListItem","position":2,"name":"Militantes isl\u00e2micos matam 25 crist\u00e3os no norte da Nig\u00e9ria: \u2018Campanha de exterm\u00ednio\u2019"}]},{"@type":"WebSite","@id":"https:\/\/radioportoseguro.com.br\/site\/#website","url":"https:\/\/radioportoseguro.com.br\/site\/","name":"R\u00e1dio Porto Seguro","description":"","potentialAction":[{"@type":"SearchAction","target":{"@type":"EntryPoint","urlTemplate":"https:\/\/radioportoseguro.com.br\/site\/?s={search_term_string}"},"query-input":{"@type":"PropertyValueSpecification","valueRequired":true,"valueName":"search_term_string"}}],"inLanguage":"pt-BR"},{"@type":"Person","@id":"https:\/\/radioportoseguro.com.br\/site\/#\/schema\/person\/7630acdc320186f13639d3c067ec089b","name":"admin","image":{"@type":"ImageObject","inLanguage":"pt-BR","@id":"https:\/\/radioportoseguro.com.br\/site\/#\/schema\/person\/image\/","url":"https:\/\/secure.gravatar.com\/avatar\/caacf4dc1eedb68fab0df8e1ed46c448e578b2466351bbcb61e47d2ac0caaef0?s=96&d=mm&r=g","contentUrl":"https:\/\/secure.gravatar.com\/avatar\/caacf4dc1eedb68fab0df8e1ed46c448e578b2466351bbcb61e47d2ac0caaef0?s=96&d=mm&r=g","caption":"admin"},"sameAs":["https:\/\/radioportoseguro.com.br\/site"],"url":"https:\/\/radioportoseguro.com.br\/site\/author\/hezio\/"}]}},"_links":{"self":[{"href":"https:\/\/radioportoseguro.com.br\/site\/wp-json\/wp\/v2\/posts\/4703","targetHints":{"allow":["GET"]}}],"collection":[{"href":"https:\/\/radioportoseguro.com.br\/site\/wp-json\/wp\/v2\/posts"}],"about":[{"href":"https:\/\/radioportoseguro.com.br\/site\/wp-json\/wp\/v2\/types\/post"}],"author":[{"embeddable":true,"href":"https:\/\/radioportoseguro.com.br\/site\/wp-json\/wp\/v2\/users\/1"}],"replies":[{"embeddable":true,"href":"https:\/\/radioportoseguro.com.br\/site\/wp-json\/wp\/v2\/comments?post=4703"}],"version-history":[{"count":0,"href":"https:\/\/radioportoseguro.com.br\/site\/wp-json\/wp\/v2\/posts\/4703\/revisions"}],"wp:featuredmedia":[{"embeddable":true,"href":"https:\/\/radioportoseguro.com.br\/site\/wp-json\/wp\/v2\/media\/4704"}],"wp:attachment":[{"href":"https:\/\/radioportoseguro.com.br\/site\/wp-json\/wp\/v2\/media?parent=4703"}],"wp:term":[{"taxonomy":"category","embeddable":true,"href":"https:\/\/radioportoseguro.com.br\/site\/wp-json\/wp\/v2\/categories?post=4703"},{"taxonomy":"post_tag","embeddable":true,"href":"https:\/\/radioportoseguro.com.br\/site\/wp-json\/wp\/v2\/tags?post=4703"}],"curies":[{"name":"wp","href":"https:\/\/api.w.org\/{rel}","templated":true}]}}