{"id":4705,"date":"2026-03-05T15:32:28","date_gmt":"2026-03-05T18:32:28","guid":{"rendered":"https:\/\/radioportoseguro.com.br\/site\/2026\/03\/05\/apos-25-anos-luiza-possi-deixa-carreira-por-jesus-vou-cantar-para-o-meu-salvador\/"},"modified":"2026-03-05T15:32:28","modified_gmt":"2026-03-05T18:32:28","slug":"apos-25-anos-luiza-possi-deixa-carreira-por-jesus-vou-cantar-para-o-meu-salvador","status":"publish","type":"post","link":"https:\/\/radioportoseguro.com.br\/site\/2026\/03\/05\/apos-25-anos-luiza-possi-deixa-carreira-por-jesus-vou-cantar-para-o-meu-salvador\/","title":{"rendered":"Ap\u00f3s 25 anos, Luiza Possi deixa carreira por Jesus: \u201cVou cantar para o meu Salvador\u201d"},"content":{"rendered":"<p><br \/>\n<br \/><\/p>\n<div>\n<p><span style=\"font-weight: 400;\">Ap\u00f3s 25 anos de carreira, a cantora <\/span><span style=\"color: #993300;\"><strong>Luiza Possi<\/strong><\/span><span style=\"font-weight: 400;\"> anunciou que deixar\u00e1 a m\u00fasica secular para \u201ccantar o amor de Deus\u201d, em um v\u00eddeo compartilhado nas redes sociais na \u00faltima ter\u00e7a-feira (3).<\/span><\/p>\n<p><span style=\"font-weight: 400;\">\u201c\u00c9 o recado mais dif\u00edcil e importante que preciso dizer a voc\u00eas\u201d, afirmou Luiza no Instagram.<\/span><\/p>\n<p><span style=\"font-weight: 400;\">Filha da cantora Zizi Possi, Luiza seguiu a carreira art\u00edstica e, desde os 13 anos, \u00e9 conhecida por gravar can\u00e7\u00f5es rom\u00e2nticas na MPB, no pop e em diferentes idiomas, tendo conquistado diversos pr\u00eamios.<\/span><\/p>\n<p><span style=\"font-weight: 400;\">No entanto, ap\u00f3s <\/span><span style=\"color: #993300;\"><strong>se render a Jesus e ser batizada<\/strong><\/span><span style=\"font-weight: 400;\">, Deus a conduziu para o in\u00edcio de uma nova hist\u00f3ria em sua vida.\u00a0<\/span><\/p>\n<blockquote class=\"instagram-media\" style=\"background: #FFF; border: 0; border-radius: 3px; box-shadow: 0 0 1px 0 rgba(0,0,0,0.5),0 1px 10px 0 rgba(0,0,0,0.15); margin: 1px; max-width: 540px; min-width: 326px; padding: 0; width: calc(100% - 2px);\" data-instgrm-permalink=\"https:\/\/www.instagram.com\/reel\/DVb8UjjCWJn\/?utm_source=ig_embed&amp;utm_campaign=loading\" data-instgrm-version=\"14\"><p>&#13;<br \/>\n&#13;\n<\/p><\/blockquote>\n<p><span style=\"font-weight: 400;\">Ao anunciar seu novo \u00e1lbum \u201c\u00c9 S\u00f3 o Amor\u201d, Luiza veio a p\u00fablico e informou: \u201cSempre cantei o amor. Esse \u00e1lbum encerra um ciclo de 25 anos na minha vida e na minha carreira. Encerra uma esta\u00e7\u00e3o para que comece uma nova esta\u00e7\u00e3o onde eu vou cantar o meu amor pelo meu Salvador, Jesus Cristo\u201d.\u00a0<\/span><\/p>\n<p><span style=\"font-weight: 400;\">E continuou: \u201cEu vou cantar pelo amor de Deus. O Deus que hoje est\u00e1 em primeiro lugar na minha vida\u201d.\u00a0<\/span><\/p>\n<p><strong>\u2018Vou cumprir o chamado de Deus\u2019<\/strong><\/p>\n<p><span style=\"font-weight: 400;\">Luiza encorajou os f\u00e3s a acompanharem seu trabalho e explicou que sua transi\u00e7\u00e3o para a carreira gospel foi feita \u201ccom muito orgulho\u201d.<\/span><\/p>\n<p><span style=\"font-weight: 400;\">\u201cTransi\u00e7\u00e3o n\u00e3o porque precise, mas porque Deus me chama e eu vou cumprir esse chamado\u201d, declarou ela.\u00a0<\/span><\/p>\n<p><span style=\"font-weight: 400;\">Embora tenha reconhecido que n\u00e3o \u00e9 um caminho f\u00e1cil, Luiza afirmou: \u201cEssa \u00e9 a nova esta\u00e7\u00e3o da minha vida. E eu te convido para viver o fim de um ciclo e para entrar comigo no come\u00e7o de uma nova esta\u00e7\u00e3o, linda tamb\u00e9m, que vai ter muitos frutos. Eu sei disso. N\u00f3s vamos cantar um outro tipo de amor\u201d.<\/span><\/p>\n<p><span style=\"font-weight: 400;\">Nos coment\u00e1rios, Luiza recebeu o apoio de milhares de internautas e f\u00e3s, al\u00e9m de artistas crist\u00e3os, que a encorajaram a seguir a vontade de Deus.<\/span><\/p>\n<p><span style=\"font-weight: 400;\">\u201cSiga firme. Salmo 40.3: \u2018P\u00f4s um c\u00e2ntico novo na minha boca, um hino de louvor ao nosso Deus; muitos ver\u00e3o isso e temer\u00e3o, e confiar\u00e3o no Senhor\u2019\u201d, disse a apresentadora <\/span><span style=\"color: #993300;\"><strong>Karina Bacchi<\/strong><\/span><span style=\"font-weight: 400;\">.<\/span><\/p>\n<p><span style=\"font-weight: 400;\">J\u00e1 a cantora e pastora Na\u0303na Shara, acrescentou: \u201cQue ben\u00e7\u00e3o maravilhosa! Flua! Derrame esse amor do C\u00e9u pois a gl\u00f3ria de Deus ser\u00e1 manifesta atrav\u00e9s dos seus l\u00e1bios minha querida! Que orgulho estou de voc\u00ea. Gl\u00f3ria a Deus\u201d.<\/span><\/p>\n<p><span style=\"font-weight: 400;\">O ator da Globo <\/span><span style=\"color: #993300;\"><strong>Juliano Cazarr\u00e9<\/strong><\/span><span style=\"font-weight: 400;\">, declarou: &#8220;Deus aben\u00e7oe e santifique a tua caminhada. Parab\u00e9ns pela coragem, pelo amor\u201d.\u00a0<\/span><\/p>\n<\/div>\n<p><script async src=\"\/\/www.instagram.com\/embed.js\"><\/script><br \/>\n<br \/><br \/>\n<br \/>Fonte: Guiame <\/p>\n","protected":false},"excerpt":{"rendered":"<p>Ap\u00f3s 25 anos de carreira, a cantora Luiza Possi anunciou que deixar\u00e1 a m\u00fasica secular para \u201ccantar o amor de Deus\u201d, em um v\u00eddeo compartilhado nas redes sociais na \u00faltima ter\u00e7a-feira (3). \u201c\u00c9 o recado mais dif\u00edcil e importante que preciso dizer a voc\u00eas\u201d, afirmou Luiza no Instagram. Filha da cantora Zizi Possi, Luiza seguiu [&hellip;]<\/p>\n","protected":false},"author":1,"featured_media":4706,"comment_status":"","ping_status":"open","sticky":false,"template":"","format":"standard","meta":{"footnotes":""},"categories":[43],"tags":[],"class_list":["post-4705","post","type-post","status-publish","format-standard","has-post-thumbnail","hentry","category-destaques"],"yoast_head":"<!-- This site is optimized with the Yoast SEO plugin v26.8 - https:\/\/yoast.com\/product\/yoast-seo-wordpress\/ -->\n<title>Ap\u00f3s 25 anos, Luiza Possi deixa carreira por Jesus: \u201cVou cantar para o meu Salvador\u201d - R\u00e1dio Porto Seguro<\/title>\n<meta name=\"robots\" content=\"index, follow, max-snippet:-1, max-image-preview:large, max-video-preview:-1\" \/>\n<link rel=\"canonical\" href=\"https:\/\/radioportoseguro.com.br\/site\/2026\/03\/05\/apos-25-anos-luiza-possi-deixa-carreira-por-jesus-vou-cantar-para-o-meu-salvador\/\" \/>\n<meta property=\"og:locale\" content=\"pt_BR\" \/>\n<meta property=\"og:type\" content=\"article\" \/>\n<meta property=\"og:title\" content=\"Ap\u00f3s 25 anos, Luiza Possi deixa carreira por Jesus: \u201cVou cantar para o meu Salvador\u201d - R\u00e1dio Porto Seguro\" \/>\n<meta property=\"og:description\" content=\"Ap\u00f3s 25 anos de carreira, a cantora Luiza Possi anunciou que deixar\u00e1 a m\u00fasica secular para \u201ccantar o amor de Deus\u201d, em um v\u00eddeo compartilhado nas redes sociais na \u00faltima ter\u00e7a-feira (3). \u201c\u00c9 o recado mais dif\u00edcil e importante que preciso dizer a voc\u00eas\u201d, afirmou Luiza no Instagram. Filha da cantora Zizi Possi, Luiza seguiu [&hellip;]\" \/>\n<meta property=\"og:url\" content=\"https:\/\/radioportoseguro.com.br\/site\/2026\/03\/05\/apos-25-anos-luiza-possi-deixa-carreira-por-jesus-vou-cantar-para-o-meu-salvador\/\" \/>\n<meta property=\"og:site_name\" content=\"R\u00e1dio Porto Seguro\" \/>\n<meta property=\"article:published_time\" content=\"2026-03-05T18:32:28+00:00\" \/>\n<meta property=\"og:image\" content=\"https:\/\/media.guiame.com.br\/archives\/2026\/03\/04\/983535699-luiza-possi.jpeg\" \/>\n<meta name=\"author\" content=\"admin\" \/>\n<meta name=\"twitter:card\" content=\"summary_large_image\" \/>\n<meta name=\"twitter:label1\" content=\"Escrito por\" \/>\n\t<meta name=\"twitter:data1\" content=\"admin\" \/>\n\t<meta name=\"twitter:label2\" content=\"Est. tempo de leitura\" \/>\n\t<meta name=\"twitter:data2\" content=\"2 minutos\" \/>\n<script type=\"application\/ld+json\" class=\"yoast-schema-graph\">{\"@context\":\"https:\/\/schema.org\",\"@graph\":[{\"@type\":\"Article\",\"@id\":\"https:\/\/radioportoseguro.com.br\/site\/2026\/03\/05\/apos-25-anos-luiza-possi-deixa-carreira-por-jesus-vou-cantar-para-o-meu-salvador\/#article\",\"isPartOf\":{\"@id\":\"https:\/\/radioportoseguro.com.br\/site\/2026\/03\/05\/apos-25-anos-luiza-possi-deixa-carreira-por-jesus-vou-cantar-para-o-meu-salvador\/\"},\"author\":{\"name\":\"admin\",\"@id\":\"https:\/\/radioportoseguro.com.br\/site\/#\/schema\/person\/7630acdc320186f13639d3c067ec089b\"},\"headline\":\"Ap\u00f3s 25 anos, Luiza Possi deixa carreira por Jesus: \u201cVou cantar para o meu Salvador\u201d\",\"datePublished\":\"2026-03-05T18:32:28+00:00\",\"mainEntityOfPage\":{\"@id\":\"https:\/\/radioportoseguro.com.br\/site\/2026\/03\/05\/apos-25-anos-luiza-possi-deixa-carreira-por-jesus-vou-cantar-para-o-meu-salvador\/\"},\"wordCount\":450,\"image\":{\"@id\":\"https:\/\/radioportoseguro.com.br\/site\/2026\/03\/05\/apos-25-anos-luiza-possi-deixa-carreira-por-jesus-vou-cantar-para-o-meu-salvador\/#primaryimage\"},\"thumbnailUrl\":\"https:\/\/radioportoseguro.com.br\/site\/wp-content\/uploads\/2026\/03\/983535699-luiza-possi.jpeg\",\"articleSection\":[\"Destaques\"],\"inLanguage\":\"pt-BR\"},{\"@type\":\"WebPage\",\"@id\":\"https:\/\/radioportoseguro.com.br\/site\/2026\/03\/05\/apos-25-anos-luiza-possi-deixa-carreira-por-jesus-vou-cantar-para-o-meu-salvador\/\",\"url\":\"https:\/\/radioportoseguro.com.br\/site\/2026\/03\/05\/apos-25-anos-luiza-possi-deixa-carreira-por-jesus-vou-cantar-para-o-meu-salvador\/\",\"name\":\"Ap\u00f3s 25 anos, Luiza Possi deixa carreira por Jesus: \u201cVou cantar para o meu Salvador\u201d - R\u00e1dio Porto Seguro\",\"isPartOf\":{\"@id\":\"https:\/\/radioportoseguro.com.br\/site\/#website\"},\"primaryImageOfPage\":{\"@id\":\"https:\/\/radioportoseguro.com.br\/site\/2026\/03\/05\/apos-25-anos-luiza-possi-deixa-carreira-por-jesus-vou-cantar-para-o-meu-salvador\/#primaryimage\"},\"image\":{\"@id\":\"https:\/\/radioportoseguro.com.br\/site\/2026\/03\/05\/apos-25-anos-luiza-possi-deixa-carreira-por-jesus-vou-cantar-para-o-meu-salvador\/#primaryimage\"},\"thumbnailUrl\":\"https:\/\/radioportoseguro.com.br\/site\/wp-content\/uploads\/2026\/03\/983535699-luiza-possi.jpeg\",\"datePublished\":\"2026-03-05T18:32:28+00:00\",\"author\":{\"@id\":\"https:\/\/radioportoseguro.com.br\/site\/#\/schema\/person\/7630acdc320186f13639d3c067ec089b\"},\"breadcrumb\":{\"@id\":\"https:\/\/radioportoseguro.com.br\/site\/2026\/03\/05\/apos-25-anos-luiza-possi-deixa-carreira-por-jesus-vou-cantar-para-o-meu-salvador\/#breadcrumb\"},\"inLanguage\":\"pt-BR\",\"potentialAction\":[{\"@type\":\"ReadAction\",\"target\":[\"https:\/\/radioportoseguro.com.br\/site\/2026\/03\/05\/apos-25-anos-luiza-possi-deixa-carreira-por-jesus-vou-cantar-para-o-meu-salvador\/\"]}]},{\"@type\":\"ImageObject\",\"inLanguage\":\"pt-BR\",\"@id\":\"https:\/\/radioportoseguro.com.br\/site\/2026\/03\/05\/apos-25-anos-luiza-possi-deixa-carreira-por-jesus-vou-cantar-para-o-meu-salvador\/#primaryimage\",\"url\":\"https:\/\/radioportoseguro.com.br\/site\/wp-content\/uploads\/2026\/03\/983535699-luiza-possi.jpeg\",\"contentUrl\":\"https:\/\/radioportoseguro.com.br\/site\/wp-content\/uploads\/2026\/03\/983535699-luiza-possi.jpeg\",\"width\":1200,\"height\":600},{\"@type\":\"BreadcrumbList\",\"@id\":\"https:\/\/radioportoseguro.com.br\/site\/2026\/03\/05\/apos-25-anos-luiza-possi-deixa-carreira-por-jesus-vou-cantar-para-o-meu-salvador\/#breadcrumb\",\"itemListElement\":[{\"@type\":\"ListItem\",\"position\":1,\"name\":\"In\u00edcio\",\"item\":\"https:\/\/radioportoseguro.com.br\/site\/\"},{\"@type\":\"ListItem\",\"position\":2,\"name\":\"Ap\u00f3s 25 anos, Luiza Possi deixa carreira por Jesus: \u201cVou cantar para o meu Salvador\u201d\"}]},{\"@type\":\"WebSite\",\"@id\":\"https:\/\/radioportoseguro.com.br\/site\/#website\",\"url\":\"https:\/\/radioportoseguro.com.br\/site\/\",\"name\":\"R\u00e1dio Porto Seguro\",\"description\":\"\",\"potentialAction\":[{\"@type\":\"SearchAction\",\"target\":{\"@type\":\"EntryPoint\",\"urlTemplate\":\"https:\/\/radioportoseguro.com.br\/site\/?s={search_term_string}\"},\"query-input\":{\"@type\":\"PropertyValueSpecification\",\"valueRequired\":true,\"valueName\":\"search_term_string\"}}],\"inLanguage\":\"pt-BR\"},{\"@type\":\"Person\",\"@id\":\"https:\/\/radioportoseguro.com.br\/site\/#\/schema\/person\/7630acdc320186f13639d3c067ec089b\",\"name\":\"admin\",\"image\":{\"@type\":\"ImageObject\",\"inLanguage\":\"pt-BR\",\"@id\":\"https:\/\/radioportoseguro.com.br\/site\/#\/schema\/person\/image\/\",\"url\":\"https:\/\/secure.gravatar.com\/avatar\/caacf4dc1eedb68fab0df8e1ed46c448e578b2466351bbcb61e47d2ac0caaef0?s=96&d=mm&r=g\",\"contentUrl\":\"https:\/\/secure.gravatar.com\/avatar\/caacf4dc1eedb68fab0df8e1ed46c448e578b2466351bbcb61e47d2ac0caaef0?s=96&d=mm&r=g\",\"caption\":\"admin\"},\"sameAs\":[\"https:\/\/radioportoseguro.com.br\/site\"],\"url\":\"https:\/\/radioportoseguro.com.br\/site\/author\/hezio\/\"}]}<\/script>\n<!-- \/ Yoast SEO plugin. -->","yoast_head_json":{"title":"Ap\u00f3s 25 anos, Luiza Possi deixa carreira por Jesus: \u201cVou cantar para o meu Salvador\u201d - R\u00e1dio Porto Seguro","robots":{"index":"index","follow":"follow","max-snippet":"max-snippet:-1","max-image-preview":"max-image-preview:large","max-video-preview":"max-video-preview:-1"},"canonical":"https:\/\/radioportoseguro.com.br\/site\/2026\/03\/05\/apos-25-anos-luiza-possi-deixa-carreira-por-jesus-vou-cantar-para-o-meu-salvador\/","og_locale":"pt_BR","og_type":"article","og_title":"Ap\u00f3s 25 anos, Luiza Possi deixa carreira por Jesus: \u201cVou cantar para o meu Salvador\u201d - R\u00e1dio Porto Seguro","og_description":"Ap\u00f3s 25 anos de carreira, a cantora Luiza Possi anunciou que deixar\u00e1 a m\u00fasica secular para \u201ccantar o amor de Deus\u201d, em um v\u00eddeo compartilhado nas redes sociais na \u00faltima ter\u00e7a-feira (3). \u201c\u00c9 o recado mais dif\u00edcil e importante que preciso dizer a voc\u00eas\u201d, afirmou Luiza no Instagram. Filha da cantora Zizi Possi, Luiza seguiu [&hellip;]","og_url":"https:\/\/radioportoseguro.com.br\/site\/2026\/03\/05\/apos-25-anos-luiza-possi-deixa-carreira-por-jesus-vou-cantar-para-o-meu-salvador\/","og_site_name":"R\u00e1dio Porto Seguro","article_published_time":"2026-03-05T18:32:28+00:00","og_image":[{"url":"https:\/\/media.guiame.com.br\/archives\/2026\/03\/04\/983535699-luiza-possi.jpeg","type":"","width":"","height":""}],"author":"admin","twitter_card":"summary_large_image","twitter_misc":{"Escrito por":"admin","Est. tempo de leitura":"2 minutos"},"schema":{"@context":"https:\/\/schema.org","@graph":[{"@type":"Article","@id":"https:\/\/radioportoseguro.com.br\/site\/2026\/03\/05\/apos-25-anos-luiza-possi-deixa-carreira-por-jesus-vou-cantar-para-o-meu-salvador\/#article","isPartOf":{"@id":"https:\/\/radioportoseguro.com.br\/site\/2026\/03\/05\/apos-25-anos-luiza-possi-deixa-carreira-por-jesus-vou-cantar-para-o-meu-salvador\/"},"author":{"name":"admin","@id":"https:\/\/radioportoseguro.com.br\/site\/#\/schema\/person\/7630acdc320186f13639d3c067ec089b"},"headline":"Ap\u00f3s 25 anos, Luiza Possi deixa carreira por Jesus: \u201cVou cantar para o meu Salvador\u201d","datePublished":"2026-03-05T18:32:28+00:00","mainEntityOfPage":{"@id":"https:\/\/radioportoseguro.com.br\/site\/2026\/03\/05\/apos-25-anos-luiza-possi-deixa-carreira-por-jesus-vou-cantar-para-o-meu-salvador\/"},"wordCount":450,"image":{"@id":"https:\/\/radioportoseguro.com.br\/site\/2026\/03\/05\/apos-25-anos-luiza-possi-deixa-carreira-por-jesus-vou-cantar-para-o-meu-salvador\/#primaryimage"},"thumbnailUrl":"https:\/\/radioportoseguro.com.br\/site\/wp-content\/uploads\/2026\/03\/983535699-luiza-possi.jpeg","articleSection":["Destaques"],"inLanguage":"pt-BR"},{"@type":"WebPage","@id":"https:\/\/radioportoseguro.com.br\/site\/2026\/03\/05\/apos-25-anos-luiza-possi-deixa-carreira-por-jesus-vou-cantar-para-o-meu-salvador\/","url":"https:\/\/radioportoseguro.com.br\/site\/2026\/03\/05\/apos-25-anos-luiza-possi-deixa-carreira-por-jesus-vou-cantar-para-o-meu-salvador\/","name":"Ap\u00f3s 25 anos, Luiza Possi deixa carreira por Jesus: \u201cVou cantar para o meu Salvador\u201d - R\u00e1dio Porto Seguro","isPartOf":{"@id":"https:\/\/radioportoseguro.com.br\/site\/#website"},"primaryImageOfPage":{"@id":"https:\/\/radioportoseguro.com.br\/site\/2026\/03\/05\/apos-25-anos-luiza-possi-deixa-carreira-por-jesus-vou-cantar-para-o-meu-salvador\/#primaryimage"},"image":{"@id":"https:\/\/radioportoseguro.com.br\/site\/2026\/03\/05\/apos-25-anos-luiza-possi-deixa-carreira-por-jesus-vou-cantar-para-o-meu-salvador\/#primaryimage"},"thumbnailUrl":"https:\/\/radioportoseguro.com.br\/site\/wp-content\/uploads\/2026\/03\/983535699-luiza-possi.jpeg","datePublished":"2026-03-05T18:32:28+00:00","author":{"@id":"https:\/\/radioportoseguro.com.br\/site\/#\/schema\/person\/7630acdc320186f13639d3c067ec089b"},"breadcrumb":{"@id":"https:\/\/radioportoseguro.com.br\/site\/2026\/03\/05\/apos-25-anos-luiza-possi-deixa-carreira-por-jesus-vou-cantar-para-o-meu-salvador\/#breadcrumb"},"inLanguage":"pt-BR","potentialAction":[{"@type":"ReadAction","target":["https:\/\/radioportoseguro.com.br\/site\/2026\/03\/05\/apos-25-anos-luiza-possi-deixa-carreira-por-jesus-vou-cantar-para-o-meu-salvador\/"]}]},{"@type":"ImageObject","inLanguage":"pt-BR","@id":"https:\/\/radioportoseguro.com.br\/site\/2026\/03\/05\/apos-25-anos-luiza-possi-deixa-carreira-por-jesus-vou-cantar-para-o-meu-salvador\/#primaryimage","url":"https:\/\/radioportoseguro.com.br\/site\/wp-content\/uploads\/2026\/03\/983535699-luiza-possi.jpeg","contentUrl":"https:\/\/radioportoseguro.com.br\/site\/wp-content\/uploads\/2026\/03\/983535699-luiza-possi.jpeg","width":1200,"height":600},{"@type":"BreadcrumbList","@id":"https:\/\/radioportoseguro.com.br\/site\/2026\/03\/05\/apos-25-anos-luiza-possi-deixa-carreira-por-jesus-vou-cantar-para-o-meu-salvador\/#breadcrumb","itemListElement":[{"@type":"ListItem","position":1,"name":"In\u00edcio","item":"https:\/\/radioportoseguro.com.br\/site\/"},{"@type":"ListItem","position":2,"name":"Ap\u00f3s 25 anos, Luiza Possi deixa carreira por Jesus: \u201cVou cantar para o meu Salvador\u201d"}]},{"@type":"WebSite","@id":"https:\/\/radioportoseguro.com.br\/site\/#website","url":"https:\/\/radioportoseguro.com.br\/site\/","name":"R\u00e1dio Porto Seguro","description":"","potentialAction":[{"@type":"SearchAction","target":{"@type":"EntryPoint","urlTemplate":"https:\/\/radioportoseguro.com.br\/site\/?s={search_term_string}"},"query-input":{"@type":"PropertyValueSpecification","valueRequired":true,"valueName":"search_term_string"}}],"inLanguage":"pt-BR"},{"@type":"Person","@id":"https:\/\/radioportoseguro.com.br\/site\/#\/schema\/person\/7630acdc320186f13639d3c067ec089b","name":"admin","image":{"@type":"ImageObject","inLanguage":"pt-BR","@id":"https:\/\/radioportoseguro.com.br\/site\/#\/schema\/person\/image\/","url":"https:\/\/secure.gravatar.com\/avatar\/caacf4dc1eedb68fab0df8e1ed46c448e578b2466351bbcb61e47d2ac0caaef0?s=96&d=mm&r=g","contentUrl":"https:\/\/secure.gravatar.com\/avatar\/caacf4dc1eedb68fab0df8e1ed46c448e578b2466351bbcb61e47d2ac0caaef0?s=96&d=mm&r=g","caption":"admin"},"sameAs":["https:\/\/radioportoseguro.com.br\/site"],"url":"https:\/\/radioportoseguro.com.br\/site\/author\/hezio\/"}]}},"_links":{"self":[{"href":"https:\/\/radioportoseguro.com.br\/site\/wp-json\/wp\/v2\/posts\/4705","targetHints":{"allow":["GET"]}}],"collection":[{"href":"https:\/\/radioportoseguro.com.br\/site\/wp-json\/wp\/v2\/posts"}],"about":[{"href":"https:\/\/radioportoseguro.com.br\/site\/wp-json\/wp\/v2\/types\/post"}],"author":[{"embeddable":true,"href":"https:\/\/radioportoseguro.com.br\/site\/wp-json\/wp\/v2\/users\/1"}],"replies":[{"embeddable":true,"href":"https:\/\/radioportoseguro.com.br\/site\/wp-json\/wp\/v2\/comments?post=4705"}],"version-history":[{"count":0,"href":"https:\/\/radioportoseguro.com.br\/site\/wp-json\/wp\/v2\/posts\/4705\/revisions"}],"wp:featuredmedia":[{"embeddable":true,"href":"https:\/\/radioportoseguro.com.br\/site\/wp-json\/wp\/v2\/media\/4706"}],"wp:attachment":[{"href":"https:\/\/radioportoseguro.com.br\/site\/wp-json\/wp\/v2\/media?parent=4705"}],"wp:term":[{"taxonomy":"category","embeddable":true,"href":"https:\/\/radioportoseguro.com.br\/site\/wp-json\/wp\/v2\/categories?post=4705"},{"taxonomy":"post_tag","embeddable":true,"href":"https:\/\/radioportoseguro.com.br\/site\/wp-json\/wp\/v2\/tags?post=4705"}],"curies":[{"name":"wp","href":"https:\/\/api.w.org\/{rel}","templated":true}]}}