{"id":4736,"date":"2026-03-05T19:30:53","date_gmt":"2026-03-05T22:30:53","guid":{"rendered":"https:\/\/radioportoseguro.com.br\/site\/?p=4736"},"modified":"2026-03-05T19:37:22","modified_gmt":"2026-03-05T22:37:22","slug":"da-dor-a-superacao-pamela-lanca-meu-milagre-e-declara-fe-quando-a-vitoria-parecia-perdida","status":"publish","type":"post","link":"https:\/\/radioportoseguro.com.br\/site\/2026\/03\/05\/da-dor-a-superacao-pamela-lanca-meu-milagre-e-declara-fe-quando-a-vitoria-parecia-perdida\/","title":{"rendered":"Da dor \u00e0 Supera\u00e7\u00e3o: Pamela lan\u00e7a \u201cMeu Milagre\u201d e declara f\u00e9 quando a vit\u00f3ria parecia perdida"},"content":{"rendered":"<p class=\"has-text-align-center\"><em><strong>Segundo single pela Gra\u00e7a Music une emo\u00e7\u00e3o, experi\u00eancia pessoal e a assinatura de Marquinhos Gomes na composi\u00e7\u00e3o em uma mensagem de esperan\u00e7a para quem espera respostas.<\/strong><\/em><\/p>\n<figure class=\"wp-block-image size-large\"><img fetchpriority=\"high\" decoding=\"async\" class=\"wp-image-87700\" src=\"https:\/\/folhaevangelicafe.com.br\/wp-content\/uploads\/2026\/03\/CAPA-9-1024x1024.jpeg\" sizes=\"(max-width: 1024px) 100vw, 1024px\" srcset=\"https:\/\/folhaevangelicafe.com.br\/wp-content\/uploads\/2026\/03\/CAPA-9-1024x1024.jpeg 1024w, https:\/\/folhaevangelicafe.com.br\/wp-content\/uploads\/2026\/03\/CAPA-9-300x300.jpeg 300w, https:\/\/folhaevangelicafe.com.br\/wp-content\/uploads\/2026\/03\/CAPA-9-150x150.jpeg 150w, https:\/\/folhaevangelicafe.com.br\/wp-content\/uploads\/2026\/03\/CAPA-9-768x768.jpeg 768w, https:\/\/folhaevangelicafe.com.br\/wp-content\/uploads\/2026\/03\/CAPA-9-1536x1536.jpeg 1536w, https:\/\/folhaevangelicafe.com.br\/wp-content\/uploads\/2026\/03\/CAPA-9-2048x2048.jpeg 2048w, https:\/\/folhaevangelicafe.com.br\/wp-content\/uploads\/2026\/03\/CAPA-9-500x500.jpeg 500w\" alt=\"\" width=\"1024\" height=\"1024\" \/><figcaption class=\"wp-element-caption\"><strong>Fotos:\u00a0Chrix Pedretti.<\/strong><\/figcaption><\/figure>\n<p>A cantora Pamela apresenta ao p\u00fablico seu segundo lan\u00e7amento pela Gra\u00e7a Music: a emocionante can\u00e7\u00e3o \u201c<em>Meu Milagre<\/em>\u201d, composi\u00e7\u00e3o de Marquinhos Gomes, um dos maiores nomes da m\u00fasica crist\u00e3 nacional. \u201c<em>Meu Milagre<\/em>\u201d ganha a interpreta\u00e7\u00e3o intensa e pessoal de Pamela \u2014 e carrega uma hist\u00f3ria que ultrapassa os palcos e alcan\u00e7a a viv\u00eancia particular da artista.<\/p>\n<p>Uma can\u00e7\u00e3o que nasce da pr\u00f3pria caminhada da cantora. Para Pamela, gravar \u201c<em>Meu Milagre<\/em>\u201d foi mais do que interpretar uma composi\u00e7\u00e3o: foi declarar f\u00e9 em meio \u00e0 pr\u00f3pria luta. A m\u00fasica se conecta diretamente ao per\u00edodo mais desafiador de sua vida, o diagn\u00f3stico de autismo do filho, Theo.<\/p>\n<p>Depois da descoberta, a cantora enfrentou dias de incerteza, medo e profunda tristeza pela preocupa\u00e7\u00e3o com o futuro de Theo. Ela chegou a interromper agendas e compromissos ministeriais para se dedicar integralmente ao filho. Foi nesse processo que aprendeu que esperar o milagre tamb\u00e9m \u00e9 uma forma de viver a f\u00e9.<\/p>\n<figure class=\"wp-block-image size-large\"><img decoding=\"async\" class=\"wp-image-87701\" src=\"https:\/\/folhaevangelicafe.com.br\/wp-content\/uploads\/2026\/03\/Fotos_Chrix_Pedretti-1-1024x1024.png\" sizes=\"(max-width: 1024px) 100vw, 1024px\" srcset=\"https:\/\/folhaevangelicafe.com.br\/wp-content\/uploads\/2026\/03\/Fotos_Chrix_Pedretti-1-1024x1024.png 1024w, https:\/\/folhaevangelicafe.com.br\/wp-content\/uploads\/2026\/03\/Fotos_Chrix_Pedretti-1-300x300.png 300w, https:\/\/folhaevangelicafe.com.br\/wp-content\/uploads\/2026\/03\/Fotos_Chrix_Pedretti-1-150x150.png 150w, https:\/\/folhaevangelicafe.com.br\/wp-content\/uploads\/2026\/03\/Fotos_Chrix_Pedretti-1-768x768.png 768w, https:\/\/folhaevangelicafe.com.br\/wp-content\/uploads\/2026\/03\/Fotos_Chrix_Pedretti-1-500x500.png 500w, https:\/\/folhaevangelicafe.com.br\/wp-content\/uploads\/2026\/03\/Fotos_Chrix_Pedretti-1.png 1080w\" alt=\"\" width=\"1024\" height=\"1024\" \/><figcaption class=\"wp-element-caption\"><strong>Fotos:\u00a0Chrix Pedretti.<\/strong><\/figcaption><\/figure>\n<p>\u201c<em>Quando a f\u00e9 parece fraca e a vit\u00f3ria est\u00e1 perdida\u2026<\/em>\u201d, diz o in\u00edcio da can\u00e7\u00e3o \u2014 um verso que descreve exatamente o estado emocional que Pamela viveu naquele momento. A chave foi decidir como atravessar o processo: \u201c<em>Eu resolvi esperar o meu milagre vivendo da melhor forma poss\u00edvel: cuidando de mim e do meu filho, estando perto de pessoas que amo e declarando todos os dias que o milagre j\u00e1 estava a caminho. Foi quando comecei a agradecer a Deus antes mesmo de ver o sobrenatural de Deus acontecer para mim<\/em>.\u201d<\/p>\n<p>Para a cantora, a palavra que resume \u201c<em>Meu Milagre<\/em>\u201d \u00e9 supera\u00e7\u00e3o, \u201c<em>encontrar for\u00e7a onde aparentemente n\u00e3o existe, levantar-se todos os dias e declarar: \u2018Vou vencer mais um dia<\/em>\u2019\u201d. Um encontro com Marquinhos Gomes confirmou o prop\u00f3sito. Nos bastidores, um epis\u00f3dio marcou profundamente a decis\u00e3o de gravar a m\u00fasica. H\u00e1 dois anos, em um encontro inesperado em S\u00e3o Paulo, Marquinhos Gomes revelou \u00e0 cantora que Deus havia lhe entregue uma can\u00e7\u00e3o especialmente para ela. Ao ouvi-la pela primeira vez, Pamela n\u00e3o conteve as l\u00e1grimas. A m\u00fasica era exatamente a ora\u00e7\u00e3o que vinha fazendo em sil\u00eancio.<\/p>\n<p>Ali, ela teve a certeza de que \u201c<em>Meu Milagre<\/em>\u201d n\u00e3o era apenas uma grava\u00e7\u00e3o, mas sim uma miss\u00e3o. Uma mensagem para m\u00e3es, fam\u00edlias e todos que enfrentam diagn\u00f3sticos, lutas e processos desafiadores.<\/p>\n<p>A produ\u00e7\u00e3o musical de Wagner Carvalho tem identidade e prop\u00f3sito. A faixa traz uma pegada\u00a0<em>pop<\/em>\u00a0congregacional, pensada especialmente para ser cantada nas igrejas. E n\u00e3o foi por acaso que a grava\u00e7\u00e3o aconteceu em uma igreja, refor\u00e7ando a atmosfera de adora\u00e7\u00e3o coletiva.<\/p>\n<p>Visualmente, o projeto apresenta uma est\u00e9tica\u00a0<em>clean<\/em>\u00a0e ao mesmo tempo glamourosa, traduzindo a mensagem central da can\u00e7\u00e3o: for\u00e7a, f\u00e9 e esperan\u00e7a para quem est\u00e1 esperando o seu milagre. Um dos destaques desse trabalho \u00e9 a banda formada exclusivamente por mulheres \u2014 um sonho antigo de Pamela, que desejava valorizar as musicistas talentosas que atuam no cen\u00e1rio crist\u00e3o brasileiro.<\/p>\n<p>\u201c<em>Meu Milagre<\/em>\u201d chega na sequ\u00eancia de \u201c<em>Respirar<\/em>\u201d, primeiro lan\u00e7amento autoral de Pamela nesta nova fase de retomada ministerial. As duas can\u00e7\u00f5es se complementam e, juntas, contam uma hist\u00f3ria de reconstru\u00e7\u00e3o, f\u00e9 e maturidade espiritual. Pamela explica que a conex\u00e3o n\u00e3o poderia ser mais significativa: \u201c\u2018<em>Respirar\u2019 representa a pausa necess\u00e1ria ap\u00f3s o impacto do diagn\u00f3stico e o processo de reorganiza\u00e7\u00e3o emocional. \u2018Meu Milagre\u2019, por sua vez, \u00e9 a consequ\u00eancia de quem respira, confia e permanece firme e confiante em Deus<\/em>.\u201d<\/p>\n<p>\u201c<em>Se voc\u00ea estiver vivendo um processo dif\u00edcil, esperando ansiosamente uma resposta, um diagn\u00f3stico diferente ou simplesmente tentando entender o que Deus est\u00e1 fazendo, n\u00e3o desista. Declare o seu milagre mesmo quando a f\u00e9 parecer fraca. Segure nas m\u00e3os de Deus e caminhe, ainda que sem enxergar o ch\u00e3o. Eu estou vivendo isso todos os dias e posso afirmar: Ele \u00e9 capaz! Confie e prossiga<\/em>.\u201d (Pamela)<\/p>\n<p><strong>Assista ao videoclipe da can\u00e7\u00e3o \u201c<em>Meu Milagre<\/em>\u201d:<\/strong><\/p>\n<div class=\"ose-youtube ose-uid-1f644cd7b4f7d21ec025cd5219507df0 ose-embedpress-responsive\" style=\"width:600px; height:600px; max-height:600px; max-width:100%; display:inline-block;\" data-embed-type=\"Youtube\"><iframe allowFullScreen=\"true\" title=\"Pamela - Meu Milagre (Clipe Oficial)\" width=\"600\" height=\"600\" src=\"https:\/\/www.youtube.com\/embed\/gTCAXX3IA1M?feature=oembed&color=red&rel=0&controls=1&start=&end=&fs=0&iv_load_policy=0&autoplay=0&mute=0&modestbranding=0&cc_load_policy=1&playsinline=1\" frameborder=\"0\" allow=\"accelerometer; encrypted-media;accelerometer;autoplay;clipboard-write;gyroscope;picture-in-picture clipboard-write; encrypted-media; gyroscope; picture-in-picture; web-share\" referrerpolicy=\"strict-origin-when-cross-origin\" allowfullscreen><\/iframe><\/div>\n<p><strong><br \/>\nOu\u00e7a a can\u00e7\u00e3o \u201c<em>Meu Milagre<\/em>\u201d nas\u00a0<\/strong><strong>plataformas digitais. Adicione \u00e0 sua\u00a0<em>playlist<\/em><\/strong>:<\/p>\n<figure class=\"wp-block-embed is-type-rich is-provider-spotify wp-block-embed-spotify wp-embed-aspect-21-9 wp-has-aspect-ratio\">\n<div class=\"wp-block-embed__wrapper\"><iframe title=\"Spotify Embed: Meu Milagre\" src=\"https:\/\/open.spotify.com\/embed\/album\/4hQcR2x75hSAGqNBO6kqN7?si=1&amp;nd=1&amp;dlsi=962904691006433d&amp;utm_source=oembed\" width=\"100%\" height=\"352\" frameborder=\"0\" allowfullscreen=\"allowfullscreen\" data-mce-fragment=\"1\"><\/iframe><\/div>\n<\/figure>\n<p><strong>Instagrans!<br \/>\nPamela:<\/strong>\u00a0<a href=\"https:\/\/www.instagram.com\/pamelajardimoficial\">https:\/\/www.instagram.com\/pamelajardimoficial<\/a><br \/>\n<strong>Gra\u00e7a Music:\u00a0<\/strong><a href=\"https:\/\/www.instagram.com\/gracamusic\">https:\/\/www.instagram.com\/gracamusic<\/a><\/p>\n<p><strong>Por Ana Paula Costa<br \/>\nJornalista \u2013 Assessora de Imprensa Gravadora Gra\u00e7a Music<\/strong><\/p>\n","protected":false},"excerpt":{"rendered":"<p>Segundo single pela Gra\u00e7a Music une emo\u00e7\u00e3o, experi\u00eancia pessoal e a assinatura de Marquinhos Gomes na composi\u00e7\u00e3o em uma mensagem de esperan\u00e7a para quem espera respostas. Fotos:\u00a0Chrix Pedretti. A cantora Pamela apresenta ao p\u00fablico seu segundo lan\u00e7amento pela Gra\u00e7a Music: a emocionante can\u00e7\u00e3o \u201cMeu Milagre\u201d, composi\u00e7\u00e3o de Marquinhos Gomes, um dos maiores nomes da m\u00fasica [&hellip;]<\/p>\n","protected":false},"author":2,"featured_media":4737,"comment_status":"closed","ping_status":"open","sticky":false,"template":"","format":"standard","meta":{"footnotes":""},"categories":[4],"tags":[],"class_list":["post-4736","post","type-post","status-publish","format-standard","has-post-thumbnail","hentry","category-musica"],"yoast_head":"<!-- This site is optimized with the Yoast SEO plugin v26.8 - https:\/\/yoast.com\/product\/yoast-seo-wordpress\/ -->\n<title>Da dor \u00e0 Supera\u00e7\u00e3o: Pamela lan\u00e7a \u201cMeu Milagre\u201d e declara f\u00e9 quando a vit\u00f3ria parecia perdida - R\u00e1dio Porto Seguro<\/title>\n<meta name=\"robots\" content=\"index, follow, max-snippet:-1, max-image-preview:large, max-video-preview:-1\" \/>\n<link rel=\"canonical\" href=\"https:\/\/radioportoseguro.com.br\/site\/2026\/03\/05\/da-dor-a-superacao-pamela-lanca-meu-milagre-e-declara-fe-quando-a-vitoria-parecia-perdida\/\" \/>\n<meta property=\"og:locale\" content=\"pt_BR\" \/>\n<meta property=\"og:type\" content=\"article\" \/>\n<meta property=\"og:title\" content=\"Da dor \u00e0 Supera\u00e7\u00e3o: Pamela lan\u00e7a \u201cMeu Milagre\u201d e declara f\u00e9 quando a vit\u00f3ria parecia perdida - R\u00e1dio Porto Seguro\" \/>\n<meta property=\"og:description\" content=\"Segundo single pela Gra\u00e7a Music une emo\u00e7\u00e3o, experi\u00eancia pessoal e a assinatura de Marquinhos Gomes na composi\u00e7\u00e3o em uma mensagem de esperan\u00e7a para quem espera respostas. Fotos:\u00a0Chrix Pedretti. A cantora Pamela apresenta ao p\u00fablico seu segundo lan\u00e7amento pela Gra\u00e7a Music: a emocionante can\u00e7\u00e3o \u201cMeu Milagre\u201d, composi\u00e7\u00e3o de Marquinhos Gomes, um dos maiores nomes da m\u00fasica [&hellip;]\" \/>\n<meta property=\"og:url\" content=\"https:\/\/radioportoseguro.com.br\/site\/2026\/03\/05\/da-dor-a-superacao-pamela-lanca-meu-milagre-e-declara-fe-quando-a-vitoria-parecia-perdida\/\" \/>\n<meta property=\"og:site_name\" content=\"R\u00e1dio Porto Seguro\" \/>\n<meta property=\"article:published_time\" content=\"2026-03-05T22:30:53+00:00\" \/>\n<meta property=\"article:modified_time\" content=\"2026-03-05T22:37:22+00:00\" \/>\n<meta property=\"og:image\" content=\"https:\/\/radioportoseguro.com.br\/site\/wp-content\/uploads\/2026\/03\/Pamela-Meu-Milagre.jpeg\" \/>\n\t<meta property=\"og:image:width\" content=\"800\" \/>\n\t<meta property=\"og:image:height\" content=\"400\" \/>\n\t<meta property=\"og:image:type\" content=\"image\/jpeg\" \/>\n<meta name=\"author\" content=\"Leandro\" \/>\n<meta name=\"twitter:card\" content=\"summary_large_image\" \/>\n<meta name=\"twitter:label1\" content=\"Escrito por\" \/>\n\t<meta name=\"twitter:data1\" content=\"Leandro\" \/>\n\t<meta name=\"twitter:label2\" content=\"Est. tempo de leitura\" \/>\n\t<meta name=\"twitter:data2\" content=\"5 minutos\" \/>\n<script type=\"application\/ld+json\" class=\"yoast-schema-graph\">{\"@context\":\"https:\/\/schema.org\",\"@graph\":[{\"@type\":\"Article\",\"@id\":\"https:\/\/radioportoseguro.com.br\/site\/2026\/03\/05\/da-dor-a-superacao-pamela-lanca-meu-milagre-e-declara-fe-quando-a-vitoria-parecia-perdida\/#article\",\"isPartOf\":{\"@id\":\"https:\/\/radioportoseguro.com.br\/site\/2026\/03\/05\/da-dor-a-superacao-pamela-lanca-meu-milagre-e-declara-fe-quando-a-vitoria-parecia-perdida\/\"},\"author\":{\"name\":\"Leandro\",\"@id\":\"https:\/\/radioportoseguro.com.br\/site\/#\/schema\/person\/d1960d33baebee56275cbda6d8aef297\"},\"headline\":\"Da dor \u00e0 Supera\u00e7\u00e3o: Pamela lan\u00e7a \u201cMeu Milagre\u201d e declara f\u00e9 quando a vit\u00f3ria parecia perdida\",\"datePublished\":\"2026-03-05T22:30:53+00:00\",\"dateModified\":\"2026-03-05T22:37:22+00:00\",\"mainEntityOfPage\":{\"@id\":\"https:\/\/radioportoseguro.com.br\/site\/2026\/03\/05\/da-dor-a-superacao-pamela-lanca-meu-milagre-e-declara-fe-quando-a-vitoria-parecia-perdida\/\"},\"wordCount\":793,\"image\":{\"@id\":\"https:\/\/radioportoseguro.com.br\/site\/2026\/03\/05\/da-dor-a-superacao-pamela-lanca-meu-milagre-e-declara-fe-quando-a-vitoria-parecia-perdida\/#primaryimage\"},\"thumbnailUrl\":\"https:\/\/radioportoseguro.com.br\/site\/wp-content\/uploads\/2026\/03\/Pamela-Meu-Milagre.jpeg\",\"articleSection\":[\"M\u00fasica\"],\"inLanguage\":\"pt-BR\"},{\"@type\":\"WebPage\",\"@id\":\"https:\/\/radioportoseguro.com.br\/site\/2026\/03\/05\/da-dor-a-superacao-pamela-lanca-meu-milagre-e-declara-fe-quando-a-vitoria-parecia-perdida\/\",\"url\":\"https:\/\/radioportoseguro.com.br\/site\/2026\/03\/05\/da-dor-a-superacao-pamela-lanca-meu-milagre-e-declara-fe-quando-a-vitoria-parecia-perdida\/\",\"name\":\"Da dor \u00e0 Supera\u00e7\u00e3o: Pamela lan\u00e7a \u201cMeu Milagre\u201d e declara f\u00e9 quando a vit\u00f3ria parecia perdida - R\u00e1dio Porto Seguro\",\"isPartOf\":{\"@id\":\"https:\/\/radioportoseguro.com.br\/site\/#website\"},\"primaryImageOfPage\":{\"@id\":\"https:\/\/radioportoseguro.com.br\/site\/2026\/03\/05\/da-dor-a-superacao-pamela-lanca-meu-milagre-e-declara-fe-quando-a-vitoria-parecia-perdida\/#primaryimage\"},\"image\":{\"@id\":\"https:\/\/radioportoseguro.com.br\/site\/2026\/03\/05\/da-dor-a-superacao-pamela-lanca-meu-milagre-e-declara-fe-quando-a-vitoria-parecia-perdida\/#primaryimage\"},\"thumbnailUrl\":\"https:\/\/radioportoseguro.com.br\/site\/wp-content\/uploads\/2026\/03\/Pamela-Meu-Milagre.jpeg\",\"datePublished\":\"2026-03-05T22:30:53+00:00\",\"dateModified\":\"2026-03-05T22:37:22+00:00\",\"author\":{\"@id\":\"https:\/\/radioportoseguro.com.br\/site\/#\/schema\/person\/d1960d33baebee56275cbda6d8aef297\"},\"breadcrumb\":{\"@id\":\"https:\/\/radioportoseguro.com.br\/site\/2026\/03\/05\/da-dor-a-superacao-pamela-lanca-meu-milagre-e-declara-fe-quando-a-vitoria-parecia-perdida\/#breadcrumb\"},\"inLanguage\":\"pt-BR\",\"potentialAction\":[{\"@type\":\"ReadAction\",\"target\":[\"https:\/\/radioportoseguro.com.br\/site\/2026\/03\/05\/da-dor-a-superacao-pamela-lanca-meu-milagre-e-declara-fe-quando-a-vitoria-parecia-perdida\/\"]}]},{\"@type\":\"ImageObject\",\"inLanguage\":\"pt-BR\",\"@id\":\"https:\/\/radioportoseguro.com.br\/site\/2026\/03\/05\/da-dor-a-superacao-pamela-lanca-meu-milagre-e-declara-fe-quando-a-vitoria-parecia-perdida\/#primaryimage\",\"url\":\"https:\/\/radioportoseguro.com.br\/site\/wp-content\/uploads\/2026\/03\/Pamela-Meu-Milagre.jpeg\",\"contentUrl\":\"https:\/\/radioportoseguro.com.br\/site\/wp-content\/uploads\/2026\/03\/Pamela-Meu-Milagre.jpeg\",\"width\":800,\"height\":400},{\"@type\":\"BreadcrumbList\",\"@id\":\"https:\/\/radioportoseguro.com.br\/site\/2026\/03\/05\/da-dor-a-superacao-pamela-lanca-meu-milagre-e-declara-fe-quando-a-vitoria-parecia-perdida\/#breadcrumb\",\"itemListElement\":[{\"@type\":\"ListItem\",\"position\":1,\"name\":\"In\u00edcio\",\"item\":\"https:\/\/radioportoseguro.com.br\/site\/\"},{\"@type\":\"ListItem\",\"position\":2,\"name\":\"Da dor \u00e0 Supera\u00e7\u00e3o: Pamela lan\u00e7a \u201cMeu Milagre\u201d e declara f\u00e9 quando a vit\u00f3ria parecia perdida\"}]},{\"@type\":\"WebSite\",\"@id\":\"https:\/\/radioportoseguro.com.br\/site\/#website\",\"url\":\"https:\/\/radioportoseguro.com.br\/site\/\",\"name\":\"R\u00e1dio Porto Seguro\",\"description\":\"\",\"potentialAction\":[{\"@type\":\"SearchAction\",\"target\":{\"@type\":\"EntryPoint\",\"urlTemplate\":\"https:\/\/radioportoseguro.com.br\/site\/?s={search_term_string}\"},\"query-input\":{\"@type\":\"PropertyValueSpecification\",\"valueRequired\":true,\"valueName\":\"search_term_string\"}}],\"inLanguage\":\"pt-BR\"},{\"@type\":\"Person\",\"@id\":\"https:\/\/radioportoseguro.com.br\/site\/#\/schema\/person\/d1960d33baebee56275cbda6d8aef297\",\"name\":\"Leandro\",\"image\":{\"@type\":\"ImageObject\",\"inLanguage\":\"pt-BR\",\"@id\":\"https:\/\/radioportoseguro.com.br\/site\/#\/schema\/person\/image\/\",\"url\":\"https:\/\/secure.gravatar.com\/avatar\/ef93c9092aa97a95069df7b16c09c8dbc33c82d44a4f084e05b8f74f7ee2dd04?s=96&d=mm&r=g\",\"contentUrl\":\"https:\/\/secure.gravatar.com\/avatar\/ef93c9092aa97a95069df7b16c09c8dbc33c82d44a4f084e05b8f74f7ee2dd04?s=96&d=mm&r=g\",\"caption\":\"Leandro\"},\"url\":\"https:\/\/radioportoseguro.com.br\/site\/author\/leandro\/\"}]}<\/script>\n<!-- \/ Yoast SEO plugin. -->","yoast_head_json":{"title":"Da dor \u00e0 Supera\u00e7\u00e3o: Pamela lan\u00e7a \u201cMeu Milagre\u201d e declara f\u00e9 quando a vit\u00f3ria parecia perdida - R\u00e1dio Porto Seguro","robots":{"index":"index","follow":"follow","max-snippet":"max-snippet:-1","max-image-preview":"max-image-preview:large","max-video-preview":"max-video-preview:-1"},"canonical":"https:\/\/radioportoseguro.com.br\/site\/2026\/03\/05\/da-dor-a-superacao-pamela-lanca-meu-milagre-e-declara-fe-quando-a-vitoria-parecia-perdida\/","og_locale":"pt_BR","og_type":"article","og_title":"Da dor \u00e0 Supera\u00e7\u00e3o: Pamela lan\u00e7a \u201cMeu Milagre\u201d e declara f\u00e9 quando a vit\u00f3ria parecia perdida - R\u00e1dio Porto Seguro","og_description":"Segundo single pela Gra\u00e7a Music une emo\u00e7\u00e3o, experi\u00eancia pessoal e a assinatura de Marquinhos Gomes na composi\u00e7\u00e3o em uma mensagem de esperan\u00e7a para quem espera respostas. Fotos:\u00a0Chrix Pedretti. A cantora Pamela apresenta ao p\u00fablico seu segundo lan\u00e7amento pela Gra\u00e7a Music: a emocionante can\u00e7\u00e3o \u201cMeu Milagre\u201d, composi\u00e7\u00e3o de Marquinhos Gomes, um dos maiores nomes da m\u00fasica [&hellip;]","og_url":"https:\/\/radioportoseguro.com.br\/site\/2026\/03\/05\/da-dor-a-superacao-pamela-lanca-meu-milagre-e-declara-fe-quando-a-vitoria-parecia-perdida\/","og_site_name":"R\u00e1dio Porto Seguro","article_published_time":"2026-03-05T22:30:53+00:00","article_modified_time":"2026-03-05T22:37:22+00:00","og_image":[{"width":800,"height":400,"url":"https:\/\/radioportoseguro.com.br\/site\/wp-content\/uploads\/2026\/03\/Pamela-Meu-Milagre.jpeg","type":"image\/jpeg"}],"author":"Leandro","twitter_card":"summary_large_image","twitter_misc":{"Escrito por":"Leandro","Est. tempo de leitura":"5 minutos"},"schema":{"@context":"https:\/\/schema.org","@graph":[{"@type":"Article","@id":"https:\/\/radioportoseguro.com.br\/site\/2026\/03\/05\/da-dor-a-superacao-pamela-lanca-meu-milagre-e-declara-fe-quando-a-vitoria-parecia-perdida\/#article","isPartOf":{"@id":"https:\/\/radioportoseguro.com.br\/site\/2026\/03\/05\/da-dor-a-superacao-pamela-lanca-meu-milagre-e-declara-fe-quando-a-vitoria-parecia-perdida\/"},"author":{"name":"Leandro","@id":"https:\/\/radioportoseguro.com.br\/site\/#\/schema\/person\/d1960d33baebee56275cbda6d8aef297"},"headline":"Da dor \u00e0 Supera\u00e7\u00e3o: Pamela lan\u00e7a \u201cMeu Milagre\u201d e declara f\u00e9 quando a vit\u00f3ria parecia perdida","datePublished":"2026-03-05T22:30:53+00:00","dateModified":"2026-03-05T22:37:22+00:00","mainEntityOfPage":{"@id":"https:\/\/radioportoseguro.com.br\/site\/2026\/03\/05\/da-dor-a-superacao-pamela-lanca-meu-milagre-e-declara-fe-quando-a-vitoria-parecia-perdida\/"},"wordCount":793,"image":{"@id":"https:\/\/radioportoseguro.com.br\/site\/2026\/03\/05\/da-dor-a-superacao-pamela-lanca-meu-milagre-e-declara-fe-quando-a-vitoria-parecia-perdida\/#primaryimage"},"thumbnailUrl":"https:\/\/radioportoseguro.com.br\/site\/wp-content\/uploads\/2026\/03\/Pamela-Meu-Milagre.jpeg","articleSection":["M\u00fasica"],"inLanguage":"pt-BR"},{"@type":"WebPage","@id":"https:\/\/radioportoseguro.com.br\/site\/2026\/03\/05\/da-dor-a-superacao-pamela-lanca-meu-milagre-e-declara-fe-quando-a-vitoria-parecia-perdida\/","url":"https:\/\/radioportoseguro.com.br\/site\/2026\/03\/05\/da-dor-a-superacao-pamela-lanca-meu-milagre-e-declara-fe-quando-a-vitoria-parecia-perdida\/","name":"Da dor \u00e0 Supera\u00e7\u00e3o: Pamela lan\u00e7a \u201cMeu Milagre\u201d e declara f\u00e9 quando a vit\u00f3ria parecia perdida - R\u00e1dio Porto Seguro","isPartOf":{"@id":"https:\/\/radioportoseguro.com.br\/site\/#website"},"primaryImageOfPage":{"@id":"https:\/\/radioportoseguro.com.br\/site\/2026\/03\/05\/da-dor-a-superacao-pamela-lanca-meu-milagre-e-declara-fe-quando-a-vitoria-parecia-perdida\/#primaryimage"},"image":{"@id":"https:\/\/radioportoseguro.com.br\/site\/2026\/03\/05\/da-dor-a-superacao-pamela-lanca-meu-milagre-e-declara-fe-quando-a-vitoria-parecia-perdida\/#primaryimage"},"thumbnailUrl":"https:\/\/radioportoseguro.com.br\/site\/wp-content\/uploads\/2026\/03\/Pamela-Meu-Milagre.jpeg","datePublished":"2026-03-05T22:30:53+00:00","dateModified":"2026-03-05T22:37:22+00:00","author":{"@id":"https:\/\/radioportoseguro.com.br\/site\/#\/schema\/person\/d1960d33baebee56275cbda6d8aef297"},"breadcrumb":{"@id":"https:\/\/radioportoseguro.com.br\/site\/2026\/03\/05\/da-dor-a-superacao-pamela-lanca-meu-milagre-e-declara-fe-quando-a-vitoria-parecia-perdida\/#breadcrumb"},"inLanguage":"pt-BR","potentialAction":[{"@type":"ReadAction","target":["https:\/\/radioportoseguro.com.br\/site\/2026\/03\/05\/da-dor-a-superacao-pamela-lanca-meu-milagre-e-declara-fe-quando-a-vitoria-parecia-perdida\/"]}]},{"@type":"ImageObject","inLanguage":"pt-BR","@id":"https:\/\/radioportoseguro.com.br\/site\/2026\/03\/05\/da-dor-a-superacao-pamela-lanca-meu-milagre-e-declara-fe-quando-a-vitoria-parecia-perdida\/#primaryimage","url":"https:\/\/radioportoseguro.com.br\/site\/wp-content\/uploads\/2026\/03\/Pamela-Meu-Milagre.jpeg","contentUrl":"https:\/\/radioportoseguro.com.br\/site\/wp-content\/uploads\/2026\/03\/Pamela-Meu-Milagre.jpeg","width":800,"height":400},{"@type":"BreadcrumbList","@id":"https:\/\/radioportoseguro.com.br\/site\/2026\/03\/05\/da-dor-a-superacao-pamela-lanca-meu-milagre-e-declara-fe-quando-a-vitoria-parecia-perdida\/#breadcrumb","itemListElement":[{"@type":"ListItem","position":1,"name":"In\u00edcio","item":"https:\/\/radioportoseguro.com.br\/site\/"},{"@type":"ListItem","position":2,"name":"Da dor \u00e0 Supera\u00e7\u00e3o: Pamela lan\u00e7a \u201cMeu Milagre\u201d e declara f\u00e9 quando a vit\u00f3ria parecia perdida"}]},{"@type":"WebSite","@id":"https:\/\/radioportoseguro.com.br\/site\/#website","url":"https:\/\/radioportoseguro.com.br\/site\/","name":"R\u00e1dio Porto Seguro","description":"","potentialAction":[{"@type":"SearchAction","target":{"@type":"EntryPoint","urlTemplate":"https:\/\/radioportoseguro.com.br\/site\/?s={search_term_string}"},"query-input":{"@type":"PropertyValueSpecification","valueRequired":true,"valueName":"search_term_string"}}],"inLanguage":"pt-BR"},{"@type":"Person","@id":"https:\/\/radioportoseguro.com.br\/site\/#\/schema\/person\/d1960d33baebee56275cbda6d8aef297","name":"Leandro","image":{"@type":"ImageObject","inLanguage":"pt-BR","@id":"https:\/\/radioportoseguro.com.br\/site\/#\/schema\/person\/image\/","url":"https:\/\/secure.gravatar.com\/avatar\/ef93c9092aa97a95069df7b16c09c8dbc33c82d44a4f084e05b8f74f7ee2dd04?s=96&d=mm&r=g","contentUrl":"https:\/\/secure.gravatar.com\/avatar\/ef93c9092aa97a95069df7b16c09c8dbc33c82d44a4f084e05b8f74f7ee2dd04?s=96&d=mm&r=g","caption":"Leandro"},"url":"https:\/\/radioportoseguro.com.br\/site\/author\/leandro\/"}]}},"_links":{"self":[{"href":"https:\/\/radioportoseguro.com.br\/site\/wp-json\/wp\/v2\/posts\/4736","targetHints":{"allow":["GET"]}}],"collection":[{"href":"https:\/\/radioportoseguro.com.br\/site\/wp-json\/wp\/v2\/posts"}],"about":[{"href":"https:\/\/radioportoseguro.com.br\/site\/wp-json\/wp\/v2\/types\/post"}],"author":[{"embeddable":true,"href":"https:\/\/radioportoseguro.com.br\/site\/wp-json\/wp\/v2\/users\/2"}],"replies":[{"embeddable":true,"href":"https:\/\/radioportoseguro.com.br\/site\/wp-json\/wp\/v2\/comments?post=4736"}],"version-history":[{"count":5,"href":"https:\/\/radioportoseguro.com.br\/site\/wp-json\/wp\/v2\/posts\/4736\/revisions"}],"predecessor-version":[{"id":4746,"href":"https:\/\/radioportoseguro.com.br\/site\/wp-json\/wp\/v2\/posts\/4736\/revisions\/4746"}],"wp:featuredmedia":[{"embeddable":true,"href":"https:\/\/radioportoseguro.com.br\/site\/wp-json\/wp\/v2\/media\/4737"}],"wp:attachment":[{"href":"https:\/\/radioportoseguro.com.br\/site\/wp-json\/wp\/v2\/media?parent=4736"}],"wp:term":[{"taxonomy":"category","embeddable":true,"href":"https:\/\/radioportoseguro.com.br\/site\/wp-json\/wp\/v2\/categories?post=4736"},{"taxonomy":"post_tag","embeddable":true,"href":"https:\/\/radioportoseguro.com.br\/site\/wp-json\/wp\/v2\/tags?post=4736"}],"curies":[{"name":"wp","href":"https:\/\/api.w.org\/{rel}","templated":true}]}}