{"id":4758,"date":"2026-03-05T23:47:27","date_gmt":"2026-03-06T02:47:27","guid":{"rendered":"https:\/\/radioportoseguro.com.br\/site\/2026\/03\/05\/pastor-brasileiro-na-jordania-relata-tensao-no-oriente-medio-as-igrejas-estao-em-oracao\/"},"modified":"2026-03-05T23:47:27","modified_gmt":"2026-03-06T02:47:27","slug":"pastor-brasileiro-na-jordania-relata-tensao-no-oriente-medio-as-igrejas-estao-em-oracao","status":"publish","type":"post","link":"https:\/\/radioportoseguro.com.br\/site\/2026\/03\/05\/pastor-brasileiro-na-jordania-relata-tensao-no-oriente-medio-as-igrejas-estao-em-oracao\/","title":{"rendered":"Pastor brasileiro na Jord\u00e2nia relata tens\u00e3o no Oriente M\u00e9dio: \u2018As igrejas est\u00e3o em ora\u00e7\u00e3o\u2019"},"content":{"rendered":"<p><br \/>\n<\/p>\n<div>\n<p>A escalada do conflito no Oriente M\u00e9dio, envolvendo <span style=\"color: #800000;\"><strong>Israel, Ir\u00e3 e os EUA<\/strong><\/span>, tem provocado clima de tens\u00e3o tamb\u00e9m em pa\u00edses vizinhos.<\/p>\n<p>Na Jord\u00e2nia, o pastor brasileiro <span style=\"color: #800000;\"><strong>Homero Aziz<\/strong><\/span>, que vive no pa\u00eds h\u00e1 mais de uma d\u00e9cada, relatou momentos de apreens\u00e3o depois que foguetes atingiram \u00e1reas pr\u00f3ximas \u00e0 sua casa, na capital Am\u00e3.<\/p>\n<p>Segundo ele, a situa\u00e7\u00e3o no pa\u00eds \u00e9 marcada por vigil\u00e2ncia constante e preocupa\u00e7\u00e3o entre as fam\u00edlias, embora ainda n\u00e3o haja p\u00e2nico generalizado nas ruas.<\/p>\n<p>\u201cN\u00e3o h\u00e1 p\u00e2nico nas ruas, mas h\u00e1 uma consci\u00eancia coletiva de que a regi\u00e3o pode mudar da noite para o dia\u201d, afirmou o pastor ao comentar o clima no pa\u00eds diante da escalada militar na regi\u00e3o.<\/p>\n<p><strong>Foguete caiu pr\u00f3ximo da casa do pastor<\/strong><\/p>\n<p>Aziz relatou que tr\u00eas foguetes atingiram seu bairro, Marj el-Hamam, em Am\u00e3, e um deles caiu a cerca de um quil\u00f4metro de sua resid\u00eancia.<\/p>\n<p>\u201cUm foguete caiu a cerca de 1 km da minha casa. Conseguimos ver o local da janela\u201d, contou.<\/p>\n<p style=\"text-align: left;\">O pastor explica que a proximidade do conflito tem provocado ansiedade entre moradores, especialmente entre refugiados que j\u00e1 viveram outras guerras no Oriente M\u00e9dio. Em sua igreja, muitos fi\u00e9is s\u00e3o refugiados vindos do Iraque e da S\u00edria.<\/p>\n<p><\/p>\n<p style=\"text-align: center;\"><span style=\"color: #808080;\"><sup>Pastor Homero pregando recentemente na S\u00edria para um grupo de drusos. (Foto: Homero Aziz)<\/sup><\/span><\/p>\n<p>De acordo com ele, as sirenes t\u00eam sido ouvidas com frequ\u00eancia e as pessoas acompanham as not\u00edcias com aten\u00e7\u00e3o, enquanto empresas ajustam hor\u00e1rios de funcionamento e igrejas revisam planos de emerg\u00eancia.<\/p>\n<p><strong>Igrejas convocam reuni\u00f5es de ora\u00e7\u00e3o<\/strong><\/p>\n<p>Apesar da tens\u00e3o, a resposta da comunidade crist\u00e3 tem sido marcada pela ora\u00e7\u00e3o e pelo cuidado entre as pessoas.<\/p>\n<p>\u201cAs igrejas est\u00e3o convocando reuni\u00f5es de ora\u00e7\u00e3o focadas e encorajando os crentes a n\u00e3o espalhar rumores ou medo\u201d, afirmou Aziz.<\/p>\n<p>O l\u00edder evang\u00e9lico destacou que a comunidade crist\u00e3 na Jord\u00e2nia \u00e9 pequena, mas resiliente. Segundo ele, muitos crist\u00e3os da regi\u00e3o est\u00e3o acostumados a viver em meio \u00e0 instabilidade pol\u00edtica e mant\u00eam uma f\u00e9 pr\u00e1tica, expressa em solidariedade e servi\u00e7o.<\/p>\n<p>\u201cAqui a f\u00e9 n\u00e3o \u00e9 te\u00f3rica. Ela \u00e9 vivida\u201d, disse o pastor, acrescentando que a igreja continua ajudando fam\u00edlias refugiadas e mantendo suas atividades ministeriais mesmo em meio \u00e0 tens\u00e3o regional.<\/p>\n<p><strong>Rede de ora\u00e7\u00e3o no Oriente M\u00e9dio<\/strong><\/p>\n<p>Aziz tamb\u00e9m relatou que mant\u00e9m contato constante com crist\u00e3os de outros pa\u00edses do Oriente M\u00e9dio, como S\u00edria, Iraque, L\u00edbano e Israel. Segundo ele, quando a tens\u00e3o aumenta, l\u00edderes e igrejas passam a trocar mensagens para saber se todos est\u00e3o seguros.<\/p>\n<p>\u201cQuando a tens\u00e3o aumenta, come\u00e7am as mensagens: voc\u00eas est\u00e3o seguros? As igrejas est\u00e3o se reunindo?\u201d, explicou.<\/p>\n<p>Para o pastor, a situa\u00e7\u00e3o atual refor\u00e7a a interdepend\u00eancia da igreja na regi\u00e3o. \u201cQuando uma parte treme, todos sentem\u201d, afirmou.<\/p>\n<p>Enquanto o cen\u00e1rio geopol\u00edtico permanece incerto, l\u00edderes crist\u00e3os na Jord\u00e2nia continuam convocando os fi\u00e9is \u00e0 ora\u00e7\u00e3o e \u00e0 confian\u00e7a em Deus, mesmo diante da possibilidade de novos desdobramentos no conflito regional.<\/p>\n<\/div>\n<p><br \/>\n<br \/>Fonte: Guiame <\/p>\n","protected":false},"excerpt":{"rendered":"<p>A escalada do conflito no Oriente M\u00e9dio, envolvendo Israel, Ir\u00e3 e os EUA, tem provocado clima de tens\u00e3o tamb\u00e9m em pa\u00edses vizinhos. Na Jord\u00e2nia, o pastor brasileiro Homero Aziz, que vive no pa\u00eds h\u00e1 mais de uma d\u00e9cada, relatou momentos de apreens\u00e3o depois que foguetes atingiram \u00e1reas pr\u00f3ximas \u00e0 sua casa, na capital Am\u00e3. Segundo [&hellip;]<\/p>\n","protected":false},"author":1,"featured_media":4759,"comment_status":"","ping_status":"open","sticky":false,"template":"","format":"standard","meta":{"footnotes":""},"categories":[43],"tags":[],"class_list":["post-4758","post","type-post","status-publish","format-standard","has-post-thumbnail","hentry","category-destaques"],"yoast_head":"<!-- This site is optimized with the Yoast SEO plugin v26.8 - https:\/\/yoast.com\/product\/yoast-seo-wordpress\/ -->\n<title>Pastor brasileiro na Jord\u00e2nia relata tens\u00e3o no Oriente M\u00e9dio: \u2018As igrejas est\u00e3o em ora\u00e7\u00e3o\u2019 - R\u00e1dio Porto Seguro<\/title>\n<meta name=\"robots\" content=\"index, follow, max-snippet:-1, max-image-preview:large, max-video-preview:-1\" \/>\n<link rel=\"canonical\" href=\"https:\/\/radioportoseguro.com.br\/site\/2026\/03\/05\/pastor-brasileiro-na-jordania-relata-tensao-no-oriente-medio-as-igrejas-estao-em-oracao\/\" \/>\n<meta property=\"og:locale\" content=\"pt_BR\" \/>\n<meta property=\"og:type\" content=\"article\" \/>\n<meta property=\"og:title\" content=\"Pastor brasileiro na Jord\u00e2nia relata tens\u00e3o no Oriente M\u00e9dio: \u2018As igrejas est\u00e3o em ora\u00e7\u00e3o\u2019 - R\u00e1dio Porto Seguro\" \/>\n<meta property=\"og:description\" content=\"A escalada do conflito no Oriente M\u00e9dio, envolvendo Israel, Ir\u00e3 e os EUA, tem provocado clima de tens\u00e3o tamb\u00e9m em pa\u00edses vizinhos. Na Jord\u00e2nia, o pastor brasileiro Homero Aziz, que vive no pa\u00eds h\u00e1 mais de uma d\u00e9cada, relatou momentos de apreens\u00e3o depois que foguetes atingiram \u00e1reas pr\u00f3ximas \u00e0 sua casa, na capital Am\u00e3. Segundo [&hellip;]\" \/>\n<meta property=\"og:url\" content=\"https:\/\/radioportoseguro.com.br\/site\/2026\/03\/05\/pastor-brasileiro-na-jordania-relata-tensao-no-oriente-medio-as-igrejas-estao-em-oracao\/\" \/>\n<meta property=\"og:site_name\" content=\"R\u00e1dio Porto Seguro\" \/>\n<meta property=\"article:published_time\" content=\"2026-03-06T02:47:27+00:00\" \/>\n<meta property=\"og:image\" content=\"https:\/\/thumbor.guiame.com.br\/unsafe\/smart\/https:\/\/media.guiame.com.br\/archives\/2026\/03\/05\/1103519207-culto-siria.jpeg\" \/>\n<meta name=\"author\" content=\"admin\" \/>\n<meta name=\"twitter:card\" content=\"summary_large_image\" \/>\n<meta name=\"twitter:label1\" content=\"Escrito por\" \/>\n\t<meta name=\"twitter:data1\" content=\"admin\" \/>\n\t<meta name=\"twitter:label2\" content=\"Est. tempo de leitura\" \/>\n\t<meta name=\"twitter:data2\" content=\"3 minutos\" \/>\n<script type=\"application\/ld+json\" class=\"yoast-schema-graph\">{\"@context\":\"https:\/\/schema.org\",\"@graph\":[{\"@type\":\"Article\",\"@id\":\"https:\/\/radioportoseguro.com.br\/site\/2026\/03\/05\/pastor-brasileiro-na-jordania-relata-tensao-no-oriente-medio-as-igrejas-estao-em-oracao\/#article\",\"isPartOf\":{\"@id\":\"https:\/\/radioportoseguro.com.br\/site\/2026\/03\/05\/pastor-brasileiro-na-jordania-relata-tensao-no-oriente-medio-as-igrejas-estao-em-oracao\/\"},\"author\":{\"name\":\"admin\",\"@id\":\"https:\/\/radioportoseguro.com.br\/site\/#\/schema\/person\/7630acdc320186f13639d3c067ec089b\"},\"headline\":\"Pastor brasileiro na Jord\u00e2nia relata tens\u00e3o no Oriente M\u00e9dio: \u2018As igrejas est\u00e3o em ora\u00e7\u00e3o\u2019\",\"datePublished\":\"2026-03-06T02:47:27+00:00\",\"mainEntityOfPage\":{\"@id\":\"https:\/\/radioportoseguro.com.br\/site\/2026\/03\/05\/pastor-brasileiro-na-jordania-relata-tensao-no-oriente-medio-as-igrejas-estao-em-oracao\/\"},\"wordCount\":573,\"image\":{\"@id\":\"https:\/\/radioportoseguro.com.br\/site\/2026\/03\/05\/pastor-brasileiro-na-jordania-relata-tensao-no-oriente-medio-as-igrejas-estao-em-oracao\/#primaryimage\"},\"thumbnailUrl\":\"https:\/\/radioportoseguro.com.br\/site\/wp-content\/uploads\/2026\/03\/526029963-pr-aziz.png\",\"articleSection\":[\"Destaques\"],\"inLanguage\":\"pt-BR\"},{\"@type\":\"WebPage\",\"@id\":\"https:\/\/radioportoseguro.com.br\/site\/2026\/03\/05\/pastor-brasileiro-na-jordania-relata-tensao-no-oriente-medio-as-igrejas-estao-em-oracao\/\",\"url\":\"https:\/\/radioportoseguro.com.br\/site\/2026\/03\/05\/pastor-brasileiro-na-jordania-relata-tensao-no-oriente-medio-as-igrejas-estao-em-oracao\/\",\"name\":\"Pastor brasileiro na Jord\u00e2nia relata tens\u00e3o no Oriente M\u00e9dio: \u2018As igrejas est\u00e3o em ora\u00e7\u00e3o\u2019 - R\u00e1dio Porto Seguro\",\"isPartOf\":{\"@id\":\"https:\/\/radioportoseguro.com.br\/site\/#website\"},\"primaryImageOfPage\":{\"@id\":\"https:\/\/radioportoseguro.com.br\/site\/2026\/03\/05\/pastor-brasileiro-na-jordania-relata-tensao-no-oriente-medio-as-igrejas-estao-em-oracao\/#primaryimage\"},\"image\":{\"@id\":\"https:\/\/radioportoseguro.com.br\/site\/2026\/03\/05\/pastor-brasileiro-na-jordania-relata-tensao-no-oriente-medio-as-igrejas-estao-em-oracao\/#primaryimage\"},\"thumbnailUrl\":\"https:\/\/radioportoseguro.com.br\/site\/wp-content\/uploads\/2026\/03\/526029963-pr-aziz.png\",\"datePublished\":\"2026-03-06T02:47:27+00:00\",\"author\":{\"@id\":\"https:\/\/radioportoseguro.com.br\/site\/#\/schema\/person\/7630acdc320186f13639d3c067ec089b\"},\"breadcrumb\":{\"@id\":\"https:\/\/radioportoseguro.com.br\/site\/2026\/03\/05\/pastor-brasileiro-na-jordania-relata-tensao-no-oriente-medio-as-igrejas-estao-em-oracao\/#breadcrumb\"},\"inLanguage\":\"pt-BR\",\"potentialAction\":[{\"@type\":\"ReadAction\",\"target\":[\"https:\/\/radioportoseguro.com.br\/site\/2026\/03\/05\/pastor-brasileiro-na-jordania-relata-tensao-no-oriente-medio-as-igrejas-estao-em-oracao\/\"]}]},{\"@type\":\"ImageObject\",\"inLanguage\":\"pt-BR\",\"@id\":\"https:\/\/radioportoseguro.com.br\/site\/2026\/03\/05\/pastor-brasileiro-na-jordania-relata-tensao-no-oriente-medio-as-igrejas-estao-em-oracao\/#primaryimage\",\"url\":\"https:\/\/radioportoseguro.com.br\/site\/wp-content\/uploads\/2026\/03\/526029963-pr-aziz.png\",\"contentUrl\":\"https:\/\/radioportoseguro.com.br\/site\/wp-content\/uploads\/2026\/03\/526029963-pr-aziz.png\",\"width\":1200,\"height\":600},{\"@type\":\"BreadcrumbList\",\"@id\":\"https:\/\/radioportoseguro.com.br\/site\/2026\/03\/05\/pastor-brasileiro-na-jordania-relata-tensao-no-oriente-medio-as-igrejas-estao-em-oracao\/#breadcrumb\",\"itemListElement\":[{\"@type\":\"ListItem\",\"position\":1,\"name\":\"In\u00edcio\",\"item\":\"https:\/\/radioportoseguro.com.br\/site\/\"},{\"@type\":\"ListItem\",\"position\":2,\"name\":\"Pastor brasileiro na Jord\u00e2nia relata tens\u00e3o no Oriente M\u00e9dio: \u2018As igrejas est\u00e3o em ora\u00e7\u00e3o\u2019\"}]},{\"@type\":\"WebSite\",\"@id\":\"https:\/\/radioportoseguro.com.br\/site\/#website\",\"url\":\"https:\/\/radioportoseguro.com.br\/site\/\",\"name\":\"R\u00e1dio Porto Seguro\",\"description\":\"\",\"potentialAction\":[{\"@type\":\"SearchAction\",\"target\":{\"@type\":\"EntryPoint\",\"urlTemplate\":\"https:\/\/radioportoseguro.com.br\/site\/?s={search_term_string}\"},\"query-input\":{\"@type\":\"PropertyValueSpecification\",\"valueRequired\":true,\"valueName\":\"search_term_string\"}}],\"inLanguage\":\"pt-BR\"},{\"@type\":\"Person\",\"@id\":\"https:\/\/radioportoseguro.com.br\/site\/#\/schema\/person\/7630acdc320186f13639d3c067ec089b\",\"name\":\"admin\",\"image\":{\"@type\":\"ImageObject\",\"inLanguage\":\"pt-BR\",\"@id\":\"https:\/\/radioportoseguro.com.br\/site\/#\/schema\/person\/image\/\",\"url\":\"https:\/\/secure.gravatar.com\/avatar\/caacf4dc1eedb68fab0df8e1ed46c448e578b2466351bbcb61e47d2ac0caaef0?s=96&d=mm&r=g\",\"contentUrl\":\"https:\/\/secure.gravatar.com\/avatar\/caacf4dc1eedb68fab0df8e1ed46c448e578b2466351bbcb61e47d2ac0caaef0?s=96&d=mm&r=g\",\"caption\":\"admin\"},\"sameAs\":[\"https:\/\/radioportoseguro.com.br\/site\"],\"url\":\"https:\/\/radioportoseguro.com.br\/site\/author\/hezio\/\"}]}<\/script>\n<!-- \/ Yoast SEO plugin. -->","yoast_head_json":{"title":"Pastor brasileiro na Jord\u00e2nia relata tens\u00e3o no Oriente M\u00e9dio: \u2018As igrejas est\u00e3o em ora\u00e7\u00e3o\u2019 - R\u00e1dio Porto Seguro","robots":{"index":"index","follow":"follow","max-snippet":"max-snippet:-1","max-image-preview":"max-image-preview:large","max-video-preview":"max-video-preview:-1"},"canonical":"https:\/\/radioportoseguro.com.br\/site\/2026\/03\/05\/pastor-brasileiro-na-jordania-relata-tensao-no-oriente-medio-as-igrejas-estao-em-oracao\/","og_locale":"pt_BR","og_type":"article","og_title":"Pastor brasileiro na Jord\u00e2nia relata tens\u00e3o no Oriente M\u00e9dio: \u2018As igrejas est\u00e3o em ora\u00e7\u00e3o\u2019 - R\u00e1dio Porto Seguro","og_description":"A escalada do conflito no Oriente M\u00e9dio, envolvendo Israel, Ir\u00e3 e os EUA, tem provocado clima de tens\u00e3o tamb\u00e9m em pa\u00edses vizinhos. Na Jord\u00e2nia, o pastor brasileiro Homero Aziz, que vive no pa\u00eds h\u00e1 mais de uma d\u00e9cada, relatou momentos de apreens\u00e3o depois que foguetes atingiram \u00e1reas pr\u00f3ximas \u00e0 sua casa, na capital Am\u00e3. Segundo [&hellip;]","og_url":"https:\/\/radioportoseguro.com.br\/site\/2026\/03\/05\/pastor-brasileiro-na-jordania-relata-tensao-no-oriente-medio-as-igrejas-estao-em-oracao\/","og_site_name":"R\u00e1dio Porto Seguro","article_published_time":"2026-03-06T02:47:27+00:00","og_image":[{"url":"https:\/\/thumbor.guiame.com.br\/unsafe\/smart\/https:\/\/media.guiame.com.br\/archives\/2026\/03\/05\/1103519207-culto-siria.jpeg","type":"","width":"","height":""}],"author":"admin","twitter_card":"summary_large_image","twitter_misc":{"Escrito por":"admin","Est. tempo de leitura":"3 minutos"},"schema":{"@context":"https:\/\/schema.org","@graph":[{"@type":"Article","@id":"https:\/\/radioportoseguro.com.br\/site\/2026\/03\/05\/pastor-brasileiro-na-jordania-relata-tensao-no-oriente-medio-as-igrejas-estao-em-oracao\/#article","isPartOf":{"@id":"https:\/\/radioportoseguro.com.br\/site\/2026\/03\/05\/pastor-brasileiro-na-jordania-relata-tensao-no-oriente-medio-as-igrejas-estao-em-oracao\/"},"author":{"name":"admin","@id":"https:\/\/radioportoseguro.com.br\/site\/#\/schema\/person\/7630acdc320186f13639d3c067ec089b"},"headline":"Pastor brasileiro na Jord\u00e2nia relata tens\u00e3o no Oriente M\u00e9dio: \u2018As igrejas est\u00e3o em ora\u00e7\u00e3o\u2019","datePublished":"2026-03-06T02:47:27+00:00","mainEntityOfPage":{"@id":"https:\/\/radioportoseguro.com.br\/site\/2026\/03\/05\/pastor-brasileiro-na-jordania-relata-tensao-no-oriente-medio-as-igrejas-estao-em-oracao\/"},"wordCount":573,"image":{"@id":"https:\/\/radioportoseguro.com.br\/site\/2026\/03\/05\/pastor-brasileiro-na-jordania-relata-tensao-no-oriente-medio-as-igrejas-estao-em-oracao\/#primaryimage"},"thumbnailUrl":"https:\/\/radioportoseguro.com.br\/site\/wp-content\/uploads\/2026\/03\/526029963-pr-aziz.png","articleSection":["Destaques"],"inLanguage":"pt-BR"},{"@type":"WebPage","@id":"https:\/\/radioportoseguro.com.br\/site\/2026\/03\/05\/pastor-brasileiro-na-jordania-relata-tensao-no-oriente-medio-as-igrejas-estao-em-oracao\/","url":"https:\/\/radioportoseguro.com.br\/site\/2026\/03\/05\/pastor-brasileiro-na-jordania-relata-tensao-no-oriente-medio-as-igrejas-estao-em-oracao\/","name":"Pastor brasileiro na Jord\u00e2nia relata tens\u00e3o no Oriente M\u00e9dio: \u2018As igrejas est\u00e3o em ora\u00e7\u00e3o\u2019 - R\u00e1dio Porto Seguro","isPartOf":{"@id":"https:\/\/radioportoseguro.com.br\/site\/#website"},"primaryImageOfPage":{"@id":"https:\/\/radioportoseguro.com.br\/site\/2026\/03\/05\/pastor-brasileiro-na-jordania-relata-tensao-no-oriente-medio-as-igrejas-estao-em-oracao\/#primaryimage"},"image":{"@id":"https:\/\/radioportoseguro.com.br\/site\/2026\/03\/05\/pastor-brasileiro-na-jordania-relata-tensao-no-oriente-medio-as-igrejas-estao-em-oracao\/#primaryimage"},"thumbnailUrl":"https:\/\/radioportoseguro.com.br\/site\/wp-content\/uploads\/2026\/03\/526029963-pr-aziz.png","datePublished":"2026-03-06T02:47:27+00:00","author":{"@id":"https:\/\/radioportoseguro.com.br\/site\/#\/schema\/person\/7630acdc320186f13639d3c067ec089b"},"breadcrumb":{"@id":"https:\/\/radioportoseguro.com.br\/site\/2026\/03\/05\/pastor-brasileiro-na-jordania-relata-tensao-no-oriente-medio-as-igrejas-estao-em-oracao\/#breadcrumb"},"inLanguage":"pt-BR","potentialAction":[{"@type":"ReadAction","target":["https:\/\/radioportoseguro.com.br\/site\/2026\/03\/05\/pastor-brasileiro-na-jordania-relata-tensao-no-oriente-medio-as-igrejas-estao-em-oracao\/"]}]},{"@type":"ImageObject","inLanguage":"pt-BR","@id":"https:\/\/radioportoseguro.com.br\/site\/2026\/03\/05\/pastor-brasileiro-na-jordania-relata-tensao-no-oriente-medio-as-igrejas-estao-em-oracao\/#primaryimage","url":"https:\/\/radioportoseguro.com.br\/site\/wp-content\/uploads\/2026\/03\/526029963-pr-aziz.png","contentUrl":"https:\/\/radioportoseguro.com.br\/site\/wp-content\/uploads\/2026\/03\/526029963-pr-aziz.png","width":1200,"height":600},{"@type":"BreadcrumbList","@id":"https:\/\/radioportoseguro.com.br\/site\/2026\/03\/05\/pastor-brasileiro-na-jordania-relata-tensao-no-oriente-medio-as-igrejas-estao-em-oracao\/#breadcrumb","itemListElement":[{"@type":"ListItem","position":1,"name":"In\u00edcio","item":"https:\/\/radioportoseguro.com.br\/site\/"},{"@type":"ListItem","position":2,"name":"Pastor brasileiro na Jord\u00e2nia relata tens\u00e3o no Oriente M\u00e9dio: \u2018As igrejas est\u00e3o em ora\u00e7\u00e3o\u2019"}]},{"@type":"WebSite","@id":"https:\/\/radioportoseguro.com.br\/site\/#website","url":"https:\/\/radioportoseguro.com.br\/site\/","name":"R\u00e1dio Porto Seguro","description":"","potentialAction":[{"@type":"SearchAction","target":{"@type":"EntryPoint","urlTemplate":"https:\/\/radioportoseguro.com.br\/site\/?s={search_term_string}"},"query-input":{"@type":"PropertyValueSpecification","valueRequired":true,"valueName":"search_term_string"}}],"inLanguage":"pt-BR"},{"@type":"Person","@id":"https:\/\/radioportoseguro.com.br\/site\/#\/schema\/person\/7630acdc320186f13639d3c067ec089b","name":"admin","image":{"@type":"ImageObject","inLanguage":"pt-BR","@id":"https:\/\/radioportoseguro.com.br\/site\/#\/schema\/person\/image\/","url":"https:\/\/secure.gravatar.com\/avatar\/caacf4dc1eedb68fab0df8e1ed46c448e578b2466351bbcb61e47d2ac0caaef0?s=96&d=mm&r=g","contentUrl":"https:\/\/secure.gravatar.com\/avatar\/caacf4dc1eedb68fab0df8e1ed46c448e578b2466351bbcb61e47d2ac0caaef0?s=96&d=mm&r=g","caption":"admin"},"sameAs":["https:\/\/radioportoseguro.com.br\/site"],"url":"https:\/\/radioportoseguro.com.br\/site\/author\/hezio\/"}]}},"_links":{"self":[{"href":"https:\/\/radioportoseguro.com.br\/site\/wp-json\/wp\/v2\/posts\/4758","targetHints":{"allow":["GET"]}}],"collection":[{"href":"https:\/\/radioportoseguro.com.br\/site\/wp-json\/wp\/v2\/posts"}],"about":[{"href":"https:\/\/radioportoseguro.com.br\/site\/wp-json\/wp\/v2\/types\/post"}],"author":[{"embeddable":true,"href":"https:\/\/radioportoseguro.com.br\/site\/wp-json\/wp\/v2\/users\/1"}],"replies":[{"embeddable":true,"href":"https:\/\/radioportoseguro.com.br\/site\/wp-json\/wp\/v2\/comments?post=4758"}],"version-history":[{"count":0,"href":"https:\/\/radioportoseguro.com.br\/site\/wp-json\/wp\/v2\/posts\/4758\/revisions"}],"wp:featuredmedia":[{"embeddable":true,"href":"https:\/\/radioportoseguro.com.br\/site\/wp-json\/wp\/v2\/media\/4759"}],"wp:attachment":[{"href":"https:\/\/radioportoseguro.com.br\/site\/wp-json\/wp\/v2\/media?parent=4758"}],"wp:term":[{"taxonomy":"category","embeddable":true,"href":"https:\/\/radioportoseguro.com.br\/site\/wp-json\/wp\/v2\/categories?post=4758"},{"taxonomy":"post_tag","embeddable":true,"href":"https:\/\/radioportoseguro.com.br\/site\/wp-json\/wp\/v2\/tags?post=4758"}],"curies":[{"name":"wp","href":"https:\/\/api.w.org\/{rel}","templated":true}]}}