{"id":4778,"date":"2026-03-06T10:13:10","date_gmt":"2026-03-06T13:13:10","guid":{"rendered":"https:\/\/radioportoseguro.com.br\/site\/2026\/03\/06\/apos-3-anos-de-batalha-judicial-ex-gay-e-inocentado-por-compartilhar-testemunho-em-malta\/"},"modified":"2026-03-06T10:13:10","modified_gmt":"2026-03-06T13:13:10","slug":"apos-3-anos-de-batalha-judicial-ex-gay-e-inocentado-por-compartilhar-testemunho-em-malta","status":"publish","type":"post","link":"https:\/\/radioportoseguro.com.br\/site\/2026\/03\/06\/apos-3-anos-de-batalha-judicial-ex-gay-e-inocentado-por-compartilhar-testemunho-em-malta\/","title":{"rendered":"Ap\u00f3s 3 anos de batalha judicial, ex-gay \u00e9 inocentado por compartilhar testemunho em Malta"},"content":{"rendered":"<p><br \/>\n<br \/><\/p>\n<div>\n<p><span style=\"font-weight: 400;\">Um crist\u00e3o que deixou a homossexualidade ap\u00f3s aceitar Jesus foi declarado inocente, depois de tr\u00eas anos enfrentando acusa\u00e7\u00f5es de \u201cpromover terapias de convers\u00e3o\u201d em Malta.<\/span><\/p>\n<p><span style=\"color: #993300;\"><strong>Matthew Grech<\/strong><\/span><span style=\"font-weight: 400;\"> foi acusado de violar a lei que pro\u00edbe a chamada \u201cterapia de convers\u00e3o\u201d, pr\u00e1tica de tentar mudar a orienta\u00e7\u00e3o sexual ou identidade de g\u00eanero de uma pessoa.<\/span><\/p>\n<p><span style=\"font-weight: 400;\">O processo teve in\u00edcio ap\u00f3s uma entrevista, em 2022, ao portal PMnews Malta, na qual Matthew contou seu testemunho de reden\u00e7\u00e3o e afirmou que acredita na mudan\u00e7a da atra\u00e7\u00e3o por pessoas do mesmo sexo por meio da f\u00e9 e de acompanhamento terap\u00eautico.<\/span><\/p>\n<p><span style=\"font-weight: 400;\">&#8220;Os crist\u00e3os devem ter a liberdade de compartilhar seus testemunhos, compartilhar o que Deus fez em suas vidas, compartilhar seus pontos de vista sobre sexualidade e g\u00eanero e compartilhar a Palavra de Deus livremente, sem qualquer sentimento de intimida\u00e7\u00e3o, medo ou ass\u00e9dio&#8221;, disse ele fora do tribunal.<\/span><\/p>\n<p><span style=\"font-weight: 400;\">E continuou: &#8220;Os tribunais malteses decidiram a favor da liberdade de express\u00e3o, da liberdade religiosa, e estamos muito gratos por finalmente podermos vislumbrar um futuro onde possamos presenciar a restaura\u00e7\u00e3o de uma discuss\u00e3o saud\u00e1vel, um debate saud\u00e1vel em torno da sexualidade e do g\u00eanero&#8221;.<\/span><\/p>\n<p><span style=\"font-weight: 400;\">&#8220;E a verdade \u00e9: transforma\u00e7\u00e3o, mudan\u00e7a, \u00e9 real, \u00e9 poss\u00edvel, e \u00e9 hora de trazer a discuss\u00e3o de volta \u00e0 mesa&#8221;, acrescentou.<\/span><\/p>\n<p><strong>\u2018Uma arma nas m\u00e3os de ativistas\u2019<\/strong><\/p>\n<p><span style=\"font-weight: 400;\">Ap\u00f3s contar seu testemunho, Matthew <\/span><span style=\"color: #993300;\"><strong>foi a julgamento<\/strong><\/span><span style=\"font-weight: 400;\"> pela primeira vez e enfrentava uma pena de at\u00e9 cinco meses de pris\u00e3o e uma multa de at\u00e9 5.000 euros.\u00a0<\/span><\/p>\n<p><span style=\"font-weight: 400;\">As alega\u00e7\u00f5es finais foram feitas em fevereiro de 2025. A decis\u00e3o deveria ter sa\u00eddo at\u00e9 o fim daquele ano, mas acabou sendo adiada diversas vezes.<\/span><\/p>\n<p><span style=\"font-weight: 400;\">Nesta quarta-feira (4), Matthew foi finalmente declarado inocente: &#8220;\u00c9 uma vit\u00f3ria! Louvado seja Jesus!&#8221;, disse ele nas redes sociais.<\/span><\/p>\n<p><span style=\"font-weight: 400;\">Em Malta, desde 2016, existe uma lei que pro\u00edbe qualquer tratamento, pr\u00e1tica ou esfor\u00e7o cont\u00ednuo que tenha como objetivo alterar ou suprimir a orienta\u00e7\u00e3o sexual ou identidade de g\u00eanero de uma pessoa. O pa\u00eds foi o primeiro da Uni\u00e3o Europeia a aprovar esse tipo de legisla\u00e7\u00e3o.<\/span><\/p>\n<p><span style=\"font-weight: 400;\">Com base nisso, Matthew apelou ao governo malt\u00eas e \u00e0 Comiss\u00e3o Europeia para que revoguem a lei: \u201cTrata-se simplesmente de uma arma nas m\u00e3os de ativistas e precisa ser abolida&#8221;.\u00a0<\/span><\/p>\n<p><span style=\"font-weight: 400;\">E continuou: \u201cA lei jamais deve ser usada como arma para silenciar testemunhos crist\u00e3os leg\u00edtimos. Isso exp\u00f4s o perigo de leis penais com reda\u00e7\u00e3o vaga, que podem ser distorcidas e aplicadas arbitrariamente. Quando as leis s\u00e3o amb\u00edguas, elas se tornam ferramentas, e ferramentas em m\u00e3os erradas podem se tornar armas&#8221;. <\/span><span style=\"font-weight: 400;\"><br \/><\/span><span style=\"font-weight: 400;\"><br \/><\/span><span style=\"font-weight: 400;\">&#8220;Ao longo desses \u00faltimos tr\u00eas anos, o pr\u00f3prio processo se tornou a puni\u00e7\u00e3o. Sofri desgaste emocional, danos \u00e0 minha reputa\u00e7\u00e3o, preju\u00edzos financeiros e incerteza constante. Ningu\u00e9m deveria ter que viver sob o peso de acusa\u00e7\u00f5es criminais simplesmente por exercer seu direito \u00e0 liberdade de express\u00e3o\u201d, acrescentou.\u00a0<\/span><\/p>\n<p><strong>\u2018O qu\u00e3o absurdo e perigoso este caso se tornou\u2019<\/strong><\/p>\n<p><span style=\"font-weight: 400;\">Para Matthew, a vit\u00f3ria na justi\u00e7a n\u00e3o \u00e9 apenas uma repara\u00e7\u00e3o pessoal, mas uma \u201creafirma\u00e7\u00e3o de um princ\u00edpio fundamental: falar sobre a pr\u00f3pria experi\u00eancia de vida, incluindo o poder transformador de Cristo, n\u00e3o \u00e9 crime. O fato de isso ter acontecido em Malta, com o apoio da ampla rede pol\u00edtica europeia, deve servir de alerta para o mundo&#8221;.<\/span><\/p>\n<p><span style=\"font-weight: 400;\">Al\u00e9m dele, os dois jornalistas que o entrevistaram tamb\u00e9m foram processados e considerados inocentes. A advogada e CEO da organiza\u00e7\u00e3o jur\u00eddica Christian Legal Centre (CLC), Andrea Williams, que o auxiliou na defesa, disse:<\/span><\/p>\n<p><span style=\"font-weight: 400;\">&#8220;\u00c9 um grande dia para o Evangelho e um grande dia para mostrar que a mudan\u00e7a \u00e9 poss\u00edvel e para sermos livres para falar dessa mudan\u00e7a&#8221;.\u00a0<\/span><\/p>\n<p><span style=\"font-weight: 400;\">Andrea destacou que &#8220;terapia de convers\u00e3o&#8221; era &#8220;um termo indefinido, politicamente carregado e sem qualquer fundamento na realidade, e que nunca deveria ter sido usado para atacar um jovem simplesmente por compartilhar seu testemunho crist\u00e3o&#8221;.<\/span><\/p>\n<p><span style=\"font-weight: 400;\">&#8220;Matthew jamais deveria ter sido arrastado pelos tribunais criminais por descrever abertamente sua jornada de f\u00e9, uma decis\u00e3o pessoal e volunt\u00e1ria de seguir a Cristo. At\u00e9 mesmo os jornalistas que o confrontaram veementemente durante a entrevista foram processados, o que demonstra o qu\u00e3o absurdo e perigoso este caso se tornou&#8221;, relatou ela.<\/span><\/p>\n<p><span style=\"font-weight: 400;\">&#8220;A absolvi\u00e7\u00e3o de hoje envia uma mensagem inequ\u00edvoca: as tentativas de criminalizar o ensino e o testemunho crist\u00e3os n\u00e3o prevalecer\u00e3o. Esta \u00e9 uma vit\u00f3ria para Malta, para a Europa e para todos aqueles que se importam com a liberdade de express\u00e3o e a liberdade religiosa em todo o mundo&#8221;, concluiu.<\/span><\/p>\n<\/div>\n<p><br \/>\n<br \/>Fonte: Guiame <\/p>\n","protected":false},"excerpt":{"rendered":"<p>Um crist\u00e3o que deixou a homossexualidade ap\u00f3s aceitar Jesus foi declarado inocente, depois de tr\u00eas anos enfrentando acusa\u00e7\u00f5es de \u201cpromover terapias de convers\u00e3o\u201d em Malta. Matthew Grech foi acusado de violar a lei que pro\u00edbe a chamada \u201cterapia de convers\u00e3o\u201d, pr\u00e1tica de tentar mudar a orienta\u00e7\u00e3o sexual ou identidade de g\u00eanero de uma pessoa. O [&hellip;]<\/p>\n","protected":false},"author":1,"featured_media":4779,"comment_status":"","ping_status":"open","sticky":false,"template":"","format":"standard","meta":{"footnotes":""},"categories":[43],"tags":[],"class_list":["post-4778","post","type-post","status-publish","format-standard","has-post-thumbnail","hentry","category-destaques"],"yoast_head":"<!-- This site is optimized with the Yoast SEO plugin v26.8 - https:\/\/yoast.com\/product\/yoast-seo-wordpress\/ -->\n<title>Ap\u00f3s 3 anos de batalha judicial, ex-gay \u00e9 inocentado por compartilhar testemunho em Malta - R\u00e1dio Porto Seguro<\/title>\n<meta name=\"robots\" content=\"index, follow, max-snippet:-1, max-image-preview:large, max-video-preview:-1\" \/>\n<link rel=\"canonical\" href=\"https:\/\/radioportoseguro.com.br\/site\/2026\/03\/06\/apos-3-anos-de-batalha-judicial-ex-gay-e-inocentado-por-compartilhar-testemunho-em-malta\/\" \/>\n<meta property=\"og:locale\" content=\"pt_BR\" \/>\n<meta property=\"og:type\" content=\"article\" \/>\n<meta property=\"og:title\" content=\"Ap\u00f3s 3 anos de batalha judicial, ex-gay \u00e9 inocentado por compartilhar testemunho em Malta - R\u00e1dio Porto Seguro\" \/>\n<meta property=\"og:description\" content=\"Um crist\u00e3o que deixou a homossexualidade ap\u00f3s aceitar Jesus foi declarado inocente, depois de tr\u00eas anos enfrentando acusa\u00e7\u00f5es de \u201cpromover terapias de convers\u00e3o\u201d em Malta. Matthew Grech foi acusado de violar a lei que pro\u00edbe a chamada \u201cterapia de convers\u00e3o\u201d, pr\u00e1tica de tentar mudar a orienta\u00e7\u00e3o sexual ou identidade de g\u00eanero de uma pessoa. O [&hellip;]\" \/>\n<meta property=\"og:url\" content=\"https:\/\/radioportoseguro.com.br\/site\/2026\/03\/06\/apos-3-anos-de-batalha-judicial-ex-gay-e-inocentado-por-compartilhar-testemunho-em-malta\/\" \/>\n<meta property=\"og:site_name\" content=\"R\u00e1dio Porto Seguro\" \/>\n<meta property=\"article:published_time\" content=\"2026-03-06T13:13:10+00:00\" \/>\n<meta property=\"og:image\" content=\"https:\/\/media.guiame.com.br\/archives\/2026\/03\/04\/3302021290-matthew-grech.jpeg\" \/>\n<meta name=\"author\" content=\"admin\" \/>\n<meta name=\"twitter:card\" content=\"summary_large_image\" \/>\n<meta name=\"twitter:label1\" content=\"Escrito por\" \/>\n\t<meta name=\"twitter:data1\" content=\"admin\" \/>\n\t<meta name=\"twitter:label2\" content=\"Est. tempo de leitura\" \/>\n\t<meta name=\"twitter:data2\" content=\"4 minutos\" \/>\n<script type=\"application\/ld+json\" class=\"yoast-schema-graph\">{\"@context\":\"https:\/\/schema.org\",\"@graph\":[{\"@type\":\"Article\",\"@id\":\"https:\/\/radioportoseguro.com.br\/site\/2026\/03\/06\/apos-3-anos-de-batalha-judicial-ex-gay-e-inocentado-por-compartilhar-testemunho-em-malta\/#article\",\"isPartOf\":{\"@id\":\"https:\/\/radioportoseguro.com.br\/site\/2026\/03\/06\/apos-3-anos-de-batalha-judicial-ex-gay-e-inocentado-por-compartilhar-testemunho-em-malta\/\"},\"author\":{\"name\":\"admin\",\"@id\":\"https:\/\/radioportoseguro.com.br\/site\/#\/schema\/person\/7630acdc320186f13639d3c067ec089b\"},\"headline\":\"Ap\u00f3s 3 anos de batalha judicial, ex-gay \u00e9 inocentado por compartilhar testemunho em Malta\",\"datePublished\":\"2026-03-06T13:13:10+00:00\",\"mainEntityOfPage\":{\"@id\":\"https:\/\/radioportoseguro.com.br\/site\/2026\/03\/06\/apos-3-anos-de-batalha-judicial-ex-gay-e-inocentado-por-compartilhar-testemunho-em-malta\/\"},\"wordCount\":814,\"image\":{\"@id\":\"https:\/\/radioportoseguro.com.br\/site\/2026\/03\/06\/apos-3-anos-de-batalha-judicial-ex-gay-e-inocentado-por-compartilhar-testemunho-em-malta\/#primaryimage\"},\"thumbnailUrl\":\"https:\/\/radioportoseguro.com.br\/site\/wp-content\/uploads\/2026\/03\/3302021290-matthew-grech.jpeg\",\"articleSection\":[\"Destaques\"],\"inLanguage\":\"pt-BR\"},{\"@type\":\"WebPage\",\"@id\":\"https:\/\/radioportoseguro.com.br\/site\/2026\/03\/06\/apos-3-anos-de-batalha-judicial-ex-gay-e-inocentado-por-compartilhar-testemunho-em-malta\/\",\"url\":\"https:\/\/radioportoseguro.com.br\/site\/2026\/03\/06\/apos-3-anos-de-batalha-judicial-ex-gay-e-inocentado-por-compartilhar-testemunho-em-malta\/\",\"name\":\"Ap\u00f3s 3 anos de batalha judicial, ex-gay \u00e9 inocentado por compartilhar testemunho em Malta - R\u00e1dio Porto Seguro\",\"isPartOf\":{\"@id\":\"https:\/\/radioportoseguro.com.br\/site\/#website\"},\"primaryImageOfPage\":{\"@id\":\"https:\/\/radioportoseguro.com.br\/site\/2026\/03\/06\/apos-3-anos-de-batalha-judicial-ex-gay-e-inocentado-por-compartilhar-testemunho-em-malta\/#primaryimage\"},\"image\":{\"@id\":\"https:\/\/radioportoseguro.com.br\/site\/2026\/03\/06\/apos-3-anos-de-batalha-judicial-ex-gay-e-inocentado-por-compartilhar-testemunho-em-malta\/#primaryimage\"},\"thumbnailUrl\":\"https:\/\/radioportoseguro.com.br\/site\/wp-content\/uploads\/2026\/03\/3302021290-matthew-grech.jpeg\",\"datePublished\":\"2026-03-06T13:13:10+00:00\",\"author\":{\"@id\":\"https:\/\/radioportoseguro.com.br\/site\/#\/schema\/person\/7630acdc320186f13639d3c067ec089b\"},\"breadcrumb\":{\"@id\":\"https:\/\/radioportoseguro.com.br\/site\/2026\/03\/06\/apos-3-anos-de-batalha-judicial-ex-gay-e-inocentado-por-compartilhar-testemunho-em-malta\/#breadcrumb\"},\"inLanguage\":\"pt-BR\",\"potentialAction\":[{\"@type\":\"ReadAction\",\"target\":[\"https:\/\/radioportoseguro.com.br\/site\/2026\/03\/06\/apos-3-anos-de-batalha-judicial-ex-gay-e-inocentado-por-compartilhar-testemunho-em-malta\/\"]}]},{\"@type\":\"ImageObject\",\"inLanguage\":\"pt-BR\",\"@id\":\"https:\/\/radioportoseguro.com.br\/site\/2026\/03\/06\/apos-3-anos-de-batalha-judicial-ex-gay-e-inocentado-por-compartilhar-testemunho-em-malta\/#primaryimage\",\"url\":\"https:\/\/radioportoseguro.com.br\/site\/wp-content\/uploads\/2026\/03\/3302021290-matthew-grech.jpeg\",\"contentUrl\":\"https:\/\/radioportoseguro.com.br\/site\/wp-content\/uploads\/2026\/03\/3302021290-matthew-grech.jpeg\",\"width\":1200,\"height\":600},{\"@type\":\"BreadcrumbList\",\"@id\":\"https:\/\/radioportoseguro.com.br\/site\/2026\/03\/06\/apos-3-anos-de-batalha-judicial-ex-gay-e-inocentado-por-compartilhar-testemunho-em-malta\/#breadcrumb\",\"itemListElement\":[{\"@type\":\"ListItem\",\"position\":1,\"name\":\"In\u00edcio\",\"item\":\"https:\/\/radioportoseguro.com.br\/site\/\"},{\"@type\":\"ListItem\",\"position\":2,\"name\":\"Ap\u00f3s 3 anos de batalha judicial, ex-gay \u00e9 inocentado por compartilhar testemunho em Malta\"}]},{\"@type\":\"WebSite\",\"@id\":\"https:\/\/radioportoseguro.com.br\/site\/#website\",\"url\":\"https:\/\/radioportoseguro.com.br\/site\/\",\"name\":\"R\u00e1dio Porto Seguro\",\"description\":\"\",\"potentialAction\":[{\"@type\":\"SearchAction\",\"target\":{\"@type\":\"EntryPoint\",\"urlTemplate\":\"https:\/\/radioportoseguro.com.br\/site\/?s={search_term_string}\"},\"query-input\":{\"@type\":\"PropertyValueSpecification\",\"valueRequired\":true,\"valueName\":\"search_term_string\"}}],\"inLanguage\":\"pt-BR\"},{\"@type\":\"Person\",\"@id\":\"https:\/\/radioportoseguro.com.br\/site\/#\/schema\/person\/7630acdc320186f13639d3c067ec089b\",\"name\":\"admin\",\"image\":{\"@type\":\"ImageObject\",\"inLanguage\":\"pt-BR\",\"@id\":\"https:\/\/radioportoseguro.com.br\/site\/#\/schema\/person\/image\/\",\"url\":\"https:\/\/secure.gravatar.com\/avatar\/caacf4dc1eedb68fab0df8e1ed46c448e578b2466351bbcb61e47d2ac0caaef0?s=96&d=mm&r=g\",\"contentUrl\":\"https:\/\/secure.gravatar.com\/avatar\/caacf4dc1eedb68fab0df8e1ed46c448e578b2466351bbcb61e47d2ac0caaef0?s=96&d=mm&r=g\",\"caption\":\"admin\"},\"sameAs\":[\"https:\/\/radioportoseguro.com.br\/site\"],\"url\":\"https:\/\/radioportoseguro.com.br\/site\/author\/hezio\/\"}]}<\/script>\n<!-- \/ Yoast SEO plugin. -->","yoast_head_json":{"title":"Ap\u00f3s 3 anos de batalha judicial, ex-gay \u00e9 inocentado por compartilhar testemunho em Malta - R\u00e1dio Porto Seguro","robots":{"index":"index","follow":"follow","max-snippet":"max-snippet:-1","max-image-preview":"max-image-preview:large","max-video-preview":"max-video-preview:-1"},"canonical":"https:\/\/radioportoseguro.com.br\/site\/2026\/03\/06\/apos-3-anos-de-batalha-judicial-ex-gay-e-inocentado-por-compartilhar-testemunho-em-malta\/","og_locale":"pt_BR","og_type":"article","og_title":"Ap\u00f3s 3 anos de batalha judicial, ex-gay \u00e9 inocentado por compartilhar testemunho em Malta - R\u00e1dio Porto Seguro","og_description":"Um crist\u00e3o que deixou a homossexualidade ap\u00f3s aceitar Jesus foi declarado inocente, depois de tr\u00eas anos enfrentando acusa\u00e7\u00f5es de \u201cpromover terapias de convers\u00e3o\u201d em Malta. Matthew Grech foi acusado de violar a lei que pro\u00edbe a chamada \u201cterapia de convers\u00e3o\u201d, pr\u00e1tica de tentar mudar a orienta\u00e7\u00e3o sexual ou identidade de g\u00eanero de uma pessoa. O [&hellip;]","og_url":"https:\/\/radioportoseguro.com.br\/site\/2026\/03\/06\/apos-3-anos-de-batalha-judicial-ex-gay-e-inocentado-por-compartilhar-testemunho-em-malta\/","og_site_name":"R\u00e1dio Porto Seguro","article_published_time":"2026-03-06T13:13:10+00:00","og_image":[{"url":"https:\/\/media.guiame.com.br\/archives\/2026\/03\/04\/3302021290-matthew-grech.jpeg","type":"","width":"","height":""}],"author":"admin","twitter_card":"summary_large_image","twitter_misc":{"Escrito por":"admin","Est. tempo de leitura":"4 minutos"},"schema":{"@context":"https:\/\/schema.org","@graph":[{"@type":"Article","@id":"https:\/\/radioportoseguro.com.br\/site\/2026\/03\/06\/apos-3-anos-de-batalha-judicial-ex-gay-e-inocentado-por-compartilhar-testemunho-em-malta\/#article","isPartOf":{"@id":"https:\/\/radioportoseguro.com.br\/site\/2026\/03\/06\/apos-3-anos-de-batalha-judicial-ex-gay-e-inocentado-por-compartilhar-testemunho-em-malta\/"},"author":{"name":"admin","@id":"https:\/\/radioportoseguro.com.br\/site\/#\/schema\/person\/7630acdc320186f13639d3c067ec089b"},"headline":"Ap\u00f3s 3 anos de batalha judicial, ex-gay \u00e9 inocentado por compartilhar testemunho em Malta","datePublished":"2026-03-06T13:13:10+00:00","mainEntityOfPage":{"@id":"https:\/\/radioportoseguro.com.br\/site\/2026\/03\/06\/apos-3-anos-de-batalha-judicial-ex-gay-e-inocentado-por-compartilhar-testemunho-em-malta\/"},"wordCount":814,"image":{"@id":"https:\/\/radioportoseguro.com.br\/site\/2026\/03\/06\/apos-3-anos-de-batalha-judicial-ex-gay-e-inocentado-por-compartilhar-testemunho-em-malta\/#primaryimage"},"thumbnailUrl":"https:\/\/radioportoseguro.com.br\/site\/wp-content\/uploads\/2026\/03\/3302021290-matthew-grech.jpeg","articleSection":["Destaques"],"inLanguage":"pt-BR"},{"@type":"WebPage","@id":"https:\/\/radioportoseguro.com.br\/site\/2026\/03\/06\/apos-3-anos-de-batalha-judicial-ex-gay-e-inocentado-por-compartilhar-testemunho-em-malta\/","url":"https:\/\/radioportoseguro.com.br\/site\/2026\/03\/06\/apos-3-anos-de-batalha-judicial-ex-gay-e-inocentado-por-compartilhar-testemunho-em-malta\/","name":"Ap\u00f3s 3 anos de batalha judicial, ex-gay \u00e9 inocentado por compartilhar testemunho em Malta - R\u00e1dio Porto Seguro","isPartOf":{"@id":"https:\/\/radioportoseguro.com.br\/site\/#website"},"primaryImageOfPage":{"@id":"https:\/\/radioportoseguro.com.br\/site\/2026\/03\/06\/apos-3-anos-de-batalha-judicial-ex-gay-e-inocentado-por-compartilhar-testemunho-em-malta\/#primaryimage"},"image":{"@id":"https:\/\/radioportoseguro.com.br\/site\/2026\/03\/06\/apos-3-anos-de-batalha-judicial-ex-gay-e-inocentado-por-compartilhar-testemunho-em-malta\/#primaryimage"},"thumbnailUrl":"https:\/\/radioportoseguro.com.br\/site\/wp-content\/uploads\/2026\/03\/3302021290-matthew-grech.jpeg","datePublished":"2026-03-06T13:13:10+00:00","author":{"@id":"https:\/\/radioportoseguro.com.br\/site\/#\/schema\/person\/7630acdc320186f13639d3c067ec089b"},"breadcrumb":{"@id":"https:\/\/radioportoseguro.com.br\/site\/2026\/03\/06\/apos-3-anos-de-batalha-judicial-ex-gay-e-inocentado-por-compartilhar-testemunho-em-malta\/#breadcrumb"},"inLanguage":"pt-BR","potentialAction":[{"@type":"ReadAction","target":["https:\/\/radioportoseguro.com.br\/site\/2026\/03\/06\/apos-3-anos-de-batalha-judicial-ex-gay-e-inocentado-por-compartilhar-testemunho-em-malta\/"]}]},{"@type":"ImageObject","inLanguage":"pt-BR","@id":"https:\/\/radioportoseguro.com.br\/site\/2026\/03\/06\/apos-3-anos-de-batalha-judicial-ex-gay-e-inocentado-por-compartilhar-testemunho-em-malta\/#primaryimage","url":"https:\/\/radioportoseguro.com.br\/site\/wp-content\/uploads\/2026\/03\/3302021290-matthew-grech.jpeg","contentUrl":"https:\/\/radioportoseguro.com.br\/site\/wp-content\/uploads\/2026\/03\/3302021290-matthew-grech.jpeg","width":1200,"height":600},{"@type":"BreadcrumbList","@id":"https:\/\/radioportoseguro.com.br\/site\/2026\/03\/06\/apos-3-anos-de-batalha-judicial-ex-gay-e-inocentado-por-compartilhar-testemunho-em-malta\/#breadcrumb","itemListElement":[{"@type":"ListItem","position":1,"name":"In\u00edcio","item":"https:\/\/radioportoseguro.com.br\/site\/"},{"@type":"ListItem","position":2,"name":"Ap\u00f3s 3 anos de batalha judicial, ex-gay \u00e9 inocentado por compartilhar testemunho em Malta"}]},{"@type":"WebSite","@id":"https:\/\/radioportoseguro.com.br\/site\/#website","url":"https:\/\/radioportoseguro.com.br\/site\/","name":"R\u00e1dio Porto Seguro","description":"","potentialAction":[{"@type":"SearchAction","target":{"@type":"EntryPoint","urlTemplate":"https:\/\/radioportoseguro.com.br\/site\/?s={search_term_string}"},"query-input":{"@type":"PropertyValueSpecification","valueRequired":true,"valueName":"search_term_string"}}],"inLanguage":"pt-BR"},{"@type":"Person","@id":"https:\/\/radioportoseguro.com.br\/site\/#\/schema\/person\/7630acdc320186f13639d3c067ec089b","name":"admin","image":{"@type":"ImageObject","inLanguage":"pt-BR","@id":"https:\/\/radioportoseguro.com.br\/site\/#\/schema\/person\/image\/","url":"https:\/\/secure.gravatar.com\/avatar\/caacf4dc1eedb68fab0df8e1ed46c448e578b2466351bbcb61e47d2ac0caaef0?s=96&d=mm&r=g","contentUrl":"https:\/\/secure.gravatar.com\/avatar\/caacf4dc1eedb68fab0df8e1ed46c448e578b2466351bbcb61e47d2ac0caaef0?s=96&d=mm&r=g","caption":"admin"},"sameAs":["https:\/\/radioportoseguro.com.br\/site"],"url":"https:\/\/radioportoseguro.com.br\/site\/author\/hezio\/"}]}},"_links":{"self":[{"href":"https:\/\/radioportoseguro.com.br\/site\/wp-json\/wp\/v2\/posts\/4778","targetHints":{"allow":["GET"]}}],"collection":[{"href":"https:\/\/radioportoseguro.com.br\/site\/wp-json\/wp\/v2\/posts"}],"about":[{"href":"https:\/\/radioportoseguro.com.br\/site\/wp-json\/wp\/v2\/types\/post"}],"author":[{"embeddable":true,"href":"https:\/\/radioportoseguro.com.br\/site\/wp-json\/wp\/v2\/users\/1"}],"replies":[{"embeddable":true,"href":"https:\/\/radioportoseguro.com.br\/site\/wp-json\/wp\/v2\/comments?post=4778"}],"version-history":[{"count":0,"href":"https:\/\/radioportoseguro.com.br\/site\/wp-json\/wp\/v2\/posts\/4778\/revisions"}],"wp:featuredmedia":[{"embeddable":true,"href":"https:\/\/radioportoseguro.com.br\/site\/wp-json\/wp\/v2\/media\/4779"}],"wp:attachment":[{"href":"https:\/\/radioportoseguro.com.br\/site\/wp-json\/wp\/v2\/media?parent=4778"}],"wp:term":[{"taxonomy":"category","embeddable":true,"href":"https:\/\/radioportoseguro.com.br\/site\/wp-json\/wp\/v2\/categories?post=4778"},{"taxonomy":"post_tag","embeddable":true,"href":"https:\/\/radioportoseguro.com.br\/site\/wp-json\/wp\/v2\/tags?post=4778"}],"curies":[{"name":"wp","href":"https:\/\/api.w.org\/{rel}","templated":true}]}}