{"id":4786,"date":"2026-03-06T14:25:11","date_gmt":"2026-03-06T17:25:11","guid":{"rendered":"https:\/\/radioportoseguro.com.br\/site\/2026\/03\/06\/alunos-oram-por-pais-na-saida-de-escola-sentimos-a-presenca-de-deus\/"},"modified":"2026-03-06T14:25:11","modified_gmt":"2026-03-06T17:25:11","slug":"alunos-oram-por-pais-na-saida-de-escola-sentimos-a-presenca-de-deus","status":"publish","type":"post","link":"https:\/\/radioportoseguro.com.br\/site\/2026\/03\/06\/alunos-oram-por-pais-na-saida-de-escola-sentimos-a-presenca-de-deus\/","title":{"rendered":"Alunos oram por pais na sa\u00edda de escola: \u201cSentimos a presen\u00e7a de Deus\u201d"},"content":{"rendered":"<p><br \/>\n<br \/><\/p>\n<div>\n<p><span style=\"font-weight: 400;\">Alunos ofereceram <\/span><span style=\"color: #800000;\"><strong>ora\u00e7\u00f5es<\/strong><\/span><span style=\"font-weight: 400;\"> aos pais na sa\u00edda de uma <\/span><span style=\"color: #800000;\"><strong>escola<\/strong><\/span><span style=\"font-weight: 400;\"> crist\u00e3 em Maring\u00e1, no Paran\u00e1, na semana passada.<\/span><\/p>\n<p><span style=\"font-weight: 400;\">Um grupo de <\/span><span style=\"color: #800000;\"><strong>estudantes<\/strong><\/span><span style=\"font-weight: 400;\"> abordou os pais enquanto eles buscavam os filhos na escola para orar pelas fam\u00edlias.<\/span><\/p>\n<p><span style=\"font-weight: 400;\">Na cal\u00e7ada e na beira dos carros, os alunos oraram pelos pais e filhos, intercedendo pelas b\u00ean\u00e7\u00e3os do Senhor sobre cada fam\u00edlia.<\/span><\/p>\n<p><span style=\"font-weight: 400;\">O momento de f\u00e9 aconteceu no Col\u00e9gio Adventista de Maring\u00e1 e fez parte do projeto \u201c10 Dias de Ora\u00e7\u00e3o\u201d, promovido pela institui\u00e7\u00e3o durante o m\u00eas de fevereiro.<\/span><\/p>\n<blockquote class=\"instagram-media\" style=\"background: #FFF; border: 0; border-radius: 3px; box-shadow: 0 0 1px 0 rgba(0,0,0,0.5),0 1px 10px 0 rgba(0,0,0,0.15); margin: 1px; max-width: 540px; min-width: 326px; padding: 0; width: calc(100% - 2px);\" data-instgrm-captioned=\"\" data-instgrm-permalink=\"https:\/\/www.instagram.com\/p\/DVHEm18mnFd\/?utm_source=ig_embed&amp;utm_campaign=loading\" data-instgrm-version=\"14\"><p>&#13;<br \/>\n&#13;\n<\/p><\/blockquote>\n<p><span style=\"font-weight: 400;\">\u201cBom dia, tudo bem? Prazer, meu nome \u00e9 Felipe, eu sou estudante aqui do col\u00e9gio. A gente est\u00e1 dando um presente pras pessoas, o senhor aceita? Posso fazer uma ora\u00e7\u00e3o com o senhor\u201d, disse um dos alunos ao abordar um pai.<\/span><\/p>\n<p><span style=\"font-weight: 400;\">Em frente \u00e0 janela do carro, o adolescente orou: \u201cQuerido Deus, Pai de amor, muito obrigado por esse dia, estou aqui com o Jonathan, que o Senhor aben\u00e7oe ele, sua fam\u00edlia, derramando b\u00ean\u00e7\u00e3o sobre ele. \u00c9 isso que te pe\u00e7o no doce nome de Jesus, am\u00e9m\u201d.\u00a0<\/span><\/p>\n<p><span style=\"font-weight: 400;\">Durante a a\u00e7\u00e3o, os estudantes tamb\u00e9m distribu\u00edram aromatizadores de carro para os pais com quem oraram.<\/span><\/p>\n<p><span style=\"font-weight: 400;\">\u201cPequenos gestos que fortalecem a f\u00e9, aproximam fam\u00edlias e levam esperan\u00e7a para o dia a dia\u201d, afirmou o col\u00e9gio no Instagram.<\/span><\/p>\n<blockquote class=\"instagram-media\" style=\"background: #FFF; border: 0; border-radius: 3px; box-shadow: 0 0 1px 0 rgba(0,0,0,0.5),0 1px 10px 0 rgba(0,0,0,0.15); margin: 1px; max-width: 540px; min-width: 326px; padding: 0; width: calc(100% - 2px);\" data-instgrm-captioned=\"\" data-instgrm-permalink=\"https:\/\/www.instagram.com\/reel\/DVHVXGAAcy4\/?utm_source=ig_embed&amp;utm_campaign=loading\" data-instgrm-version=\"14\"><p>&#13;<br \/>\n&#13;\n<\/p><\/blockquote>\n<p><strong>10 Dias de Ora\u00e7\u00e3o<\/strong><\/p>\n<p><span style=\"font-weight: 400;\">O projeto \u201c10 Dias de Ora\u00e7\u00e3o\u201d contou com diversas a\u00e7\u00f5es e teve o prop\u00f3sito de interceder pelas fam\u00edlias da escola.<\/span><\/p>\n<p><span style=\"font-weight: 400;\">\u201cDurante esses dez dias n\u00f3s estamos vivendo algo muito especial aqui no nosso col\u00e9gio. N\u00f3s tivemos pelo menos duas paradas ao longo do dia, onde os alunos de manh\u00e3 e \u00e0 tarde tinham um momento de comunh\u00e3o com Deus. Tivemos momentos especiais de ora\u00e7\u00e3o com cada turma do nosso col\u00e9gio, desde os pequenos at\u00e9 os maiores\u201d, contou o pastor Jordann Britto, em v\u00eddeo compartilhado no Instagram do col\u00e9gio.<\/span><\/p>\n<p><span style=\"font-weight: 400;\">Os estudantes tamb\u00e9m fizeram ora\u00e7\u00f5es com pastores de Maring\u00e1 e com os funcion\u00e1rios da institui\u00e7\u00e3o.<\/span><\/p>\n<p><span style=\"font-weight: 400;\">\u201cTudo isso que vivemos ao longo desses dez dias foi muito especial, pois sentimos a presen\u00e7a de Deus aqui no nosso col\u00e9gio. E certamente, visualizamos um pouquinho aquilo que Deus pode fazer por meio da ora\u00e7\u00e3o\u201d, declarou o pastor.<\/span><\/p>\n<blockquote class=\"instagram-media\" style=\"background: #FFF; border: 0; border-radius: 3px; box-shadow: 0 0 1px 0 rgba(0,0,0,0.5),0 1px 10px 0 rgba(0,0,0,0.15); margin: 1px; max-width: 540px; min-width: 326px; padding: 0; width: calc(100% - 2px);\" data-instgrm-captioned=\"\" data-instgrm-permalink=\"https:\/\/www.instagram.com\/reel\/DVYnf5bjvlq\/?utm_source=ig_embed&amp;utm_campaign=loading\" data-instgrm-version=\"14\"><p>&#13;<br \/>\n&#13;\n<\/p><\/blockquote>\n<\/div>\n<p><script async src=\"\/\/www.instagram.com\/embed.js\"><\/script><br \/>\n<br \/><br \/>\n<br \/>Fonte: Guiame <\/p>\n","protected":false},"excerpt":{"rendered":"<p>Alunos ofereceram ora\u00e7\u00f5es aos pais na sa\u00edda de uma escola crist\u00e3 em Maring\u00e1, no Paran\u00e1, na semana passada. Um grupo de estudantes abordou os pais enquanto eles buscavam os filhos na escola para orar pelas fam\u00edlias. Na cal\u00e7ada e na beira dos carros, os alunos oraram pelos pais e filhos, intercedendo pelas b\u00ean\u00e7\u00e3os do Senhor [&hellip;]<\/p>\n","protected":false},"author":1,"featured_media":4787,"comment_status":"","ping_status":"open","sticky":false,"template":"","format":"standard","meta":{"footnotes":""},"categories":[43],"tags":[],"class_list":["post-4786","post","type-post","status-publish","format-standard","has-post-thumbnail","hentry","category-destaques"],"yoast_head":"<!-- This site is optimized with the Yoast SEO plugin v26.8 - https:\/\/yoast.com\/product\/yoast-seo-wordpress\/ -->\n<title>Alunos oram por pais na sa\u00edda de escola: \u201cSentimos a presen\u00e7a de Deus\u201d - R\u00e1dio Porto Seguro<\/title>\n<meta name=\"robots\" content=\"index, follow, max-snippet:-1, max-image-preview:large, max-video-preview:-1\" \/>\n<link rel=\"canonical\" href=\"https:\/\/radioportoseguro.com.br\/site\/2026\/03\/06\/alunos-oram-por-pais-na-saida-de-escola-sentimos-a-presenca-de-deus\/\" \/>\n<meta property=\"og:locale\" content=\"pt_BR\" \/>\n<meta property=\"og:type\" content=\"article\" \/>\n<meta property=\"og:title\" content=\"Alunos oram por pais na sa\u00edda de escola: \u201cSentimos a presen\u00e7a de Deus\u201d - R\u00e1dio Porto Seguro\" \/>\n<meta property=\"og:description\" content=\"Alunos ofereceram ora\u00e7\u00f5es aos pais na sa\u00edda de uma escola crist\u00e3 em Maring\u00e1, no Paran\u00e1, na semana passada. Um grupo de estudantes abordou os pais enquanto eles buscavam os filhos na escola para orar pelas fam\u00edlias. Na cal\u00e7ada e na beira dos carros, os alunos oraram pelos pais e filhos, intercedendo pelas b\u00ean\u00e7\u00e3os do Senhor [&hellip;]\" \/>\n<meta property=\"og:url\" content=\"https:\/\/radioportoseguro.com.br\/site\/2026\/03\/06\/alunos-oram-por-pais-na-saida-de-escola-sentimos-a-presenca-de-deus\/\" \/>\n<meta property=\"og:site_name\" content=\"R\u00e1dio Porto Seguro\" \/>\n<meta property=\"article:published_time\" content=\"2026-03-06T17:25:11+00:00\" \/>\n<meta property=\"og:image\" content=\"https:\/\/media.guiame.com.br\/archives\/2026\/03\/04\/3827827808-estudantes.jpeg\" \/>\n<meta name=\"author\" content=\"admin\" \/>\n<meta name=\"twitter:card\" content=\"summary_large_image\" \/>\n<meta name=\"twitter:label1\" content=\"Escrito por\" \/>\n\t<meta name=\"twitter:data1\" content=\"admin\" \/>\n\t<meta name=\"twitter:label2\" content=\"Est. tempo de leitura\" \/>\n\t<meta name=\"twitter:data2\" content=\"2 minutos\" \/>\n<script type=\"application\/ld+json\" class=\"yoast-schema-graph\">{\"@context\":\"https:\/\/schema.org\",\"@graph\":[{\"@type\":\"Article\",\"@id\":\"https:\/\/radioportoseguro.com.br\/site\/2026\/03\/06\/alunos-oram-por-pais-na-saida-de-escola-sentimos-a-presenca-de-deus\/#article\",\"isPartOf\":{\"@id\":\"https:\/\/radioportoseguro.com.br\/site\/2026\/03\/06\/alunos-oram-por-pais-na-saida-de-escola-sentimos-a-presenca-de-deus\/\"},\"author\":{\"name\":\"admin\",\"@id\":\"https:\/\/radioportoseguro.com.br\/site\/#\/schema\/person\/7630acdc320186f13639d3c067ec089b\"},\"headline\":\"Alunos oram por pais na sa\u00edda de escola: \u201cSentimos a presen\u00e7a de Deus\u201d\",\"datePublished\":\"2026-03-06T17:25:11+00:00\",\"mainEntityOfPage\":{\"@id\":\"https:\/\/radioportoseguro.com.br\/site\/2026\/03\/06\/alunos-oram-por-pais-na-saida-de-escola-sentimos-a-presenca-de-deus\/\"},\"wordCount\":412,\"image\":{\"@id\":\"https:\/\/radioportoseguro.com.br\/site\/2026\/03\/06\/alunos-oram-por-pais-na-saida-de-escola-sentimos-a-presenca-de-deus\/#primaryimage\"},\"thumbnailUrl\":\"https:\/\/radioportoseguro.com.br\/site\/wp-content\/uploads\/2026\/03\/3827827808-estudantes.jpeg\",\"articleSection\":[\"Destaques\"],\"inLanguage\":\"pt-BR\"},{\"@type\":\"WebPage\",\"@id\":\"https:\/\/radioportoseguro.com.br\/site\/2026\/03\/06\/alunos-oram-por-pais-na-saida-de-escola-sentimos-a-presenca-de-deus\/\",\"url\":\"https:\/\/radioportoseguro.com.br\/site\/2026\/03\/06\/alunos-oram-por-pais-na-saida-de-escola-sentimos-a-presenca-de-deus\/\",\"name\":\"Alunos oram por pais na sa\u00edda de escola: \u201cSentimos a presen\u00e7a de Deus\u201d - R\u00e1dio Porto Seguro\",\"isPartOf\":{\"@id\":\"https:\/\/radioportoseguro.com.br\/site\/#website\"},\"primaryImageOfPage\":{\"@id\":\"https:\/\/radioportoseguro.com.br\/site\/2026\/03\/06\/alunos-oram-por-pais-na-saida-de-escola-sentimos-a-presenca-de-deus\/#primaryimage\"},\"image\":{\"@id\":\"https:\/\/radioportoseguro.com.br\/site\/2026\/03\/06\/alunos-oram-por-pais-na-saida-de-escola-sentimos-a-presenca-de-deus\/#primaryimage\"},\"thumbnailUrl\":\"https:\/\/radioportoseguro.com.br\/site\/wp-content\/uploads\/2026\/03\/3827827808-estudantes.jpeg\",\"datePublished\":\"2026-03-06T17:25:11+00:00\",\"author\":{\"@id\":\"https:\/\/radioportoseguro.com.br\/site\/#\/schema\/person\/7630acdc320186f13639d3c067ec089b\"},\"breadcrumb\":{\"@id\":\"https:\/\/radioportoseguro.com.br\/site\/2026\/03\/06\/alunos-oram-por-pais-na-saida-de-escola-sentimos-a-presenca-de-deus\/#breadcrumb\"},\"inLanguage\":\"pt-BR\",\"potentialAction\":[{\"@type\":\"ReadAction\",\"target\":[\"https:\/\/radioportoseguro.com.br\/site\/2026\/03\/06\/alunos-oram-por-pais-na-saida-de-escola-sentimos-a-presenca-de-deus\/\"]}]},{\"@type\":\"ImageObject\",\"inLanguage\":\"pt-BR\",\"@id\":\"https:\/\/radioportoseguro.com.br\/site\/2026\/03\/06\/alunos-oram-por-pais-na-saida-de-escola-sentimos-a-presenca-de-deus\/#primaryimage\",\"url\":\"https:\/\/radioportoseguro.com.br\/site\/wp-content\/uploads\/2026\/03\/3827827808-estudantes.jpeg\",\"contentUrl\":\"https:\/\/radioportoseguro.com.br\/site\/wp-content\/uploads\/2026\/03\/3827827808-estudantes.jpeg\",\"width\":1200,\"height\":600},{\"@type\":\"BreadcrumbList\",\"@id\":\"https:\/\/radioportoseguro.com.br\/site\/2026\/03\/06\/alunos-oram-por-pais-na-saida-de-escola-sentimos-a-presenca-de-deus\/#breadcrumb\",\"itemListElement\":[{\"@type\":\"ListItem\",\"position\":1,\"name\":\"In\u00edcio\",\"item\":\"https:\/\/radioportoseguro.com.br\/site\/\"},{\"@type\":\"ListItem\",\"position\":2,\"name\":\"Alunos oram por pais na sa\u00edda de escola: \u201cSentimos a presen\u00e7a de Deus\u201d\"}]},{\"@type\":\"WebSite\",\"@id\":\"https:\/\/radioportoseguro.com.br\/site\/#website\",\"url\":\"https:\/\/radioportoseguro.com.br\/site\/\",\"name\":\"R\u00e1dio Porto Seguro\",\"description\":\"\",\"potentialAction\":[{\"@type\":\"SearchAction\",\"target\":{\"@type\":\"EntryPoint\",\"urlTemplate\":\"https:\/\/radioportoseguro.com.br\/site\/?s={search_term_string}\"},\"query-input\":{\"@type\":\"PropertyValueSpecification\",\"valueRequired\":true,\"valueName\":\"search_term_string\"}}],\"inLanguage\":\"pt-BR\"},{\"@type\":\"Person\",\"@id\":\"https:\/\/radioportoseguro.com.br\/site\/#\/schema\/person\/7630acdc320186f13639d3c067ec089b\",\"name\":\"admin\",\"image\":{\"@type\":\"ImageObject\",\"inLanguage\":\"pt-BR\",\"@id\":\"https:\/\/radioportoseguro.com.br\/site\/#\/schema\/person\/image\/\",\"url\":\"https:\/\/secure.gravatar.com\/avatar\/caacf4dc1eedb68fab0df8e1ed46c448e578b2466351bbcb61e47d2ac0caaef0?s=96&d=mm&r=g\",\"contentUrl\":\"https:\/\/secure.gravatar.com\/avatar\/caacf4dc1eedb68fab0df8e1ed46c448e578b2466351bbcb61e47d2ac0caaef0?s=96&d=mm&r=g\",\"caption\":\"admin\"},\"sameAs\":[\"https:\/\/radioportoseguro.com.br\/site\"],\"url\":\"https:\/\/radioportoseguro.com.br\/site\/author\/hezio\/\"}]}<\/script>\n<!-- \/ Yoast SEO plugin. -->","yoast_head_json":{"title":"Alunos oram por pais na sa\u00edda de escola: \u201cSentimos a presen\u00e7a de Deus\u201d - R\u00e1dio Porto Seguro","robots":{"index":"index","follow":"follow","max-snippet":"max-snippet:-1","max-image-preview":"max-image-preview:large","max-video-preview":"max-video-preview:-1"},"canonical":"https:\/\/radioportoseguro.com.br\/site\/2026\/03\/06\/alunos-oram-por-pais-na-saida-de-escola-sentimos-a-presenca-de-deus\/","og_locale":"pt_BR","og_type":"article","og_title":"Alunos oram por pais na sa\u00edda de escola: \u201cSentimos a presen\u00e7a de Deus\u201d - R\u00e1dio Porto Seguro","og_description":"Alunos ofereceram ora\u00e7\u00f5es aos pais na sa\u00edda de uma escola crist\u00e3 em Maring\u00e1, no Paran\u00e1, na semana passada. Um grupo de estudantes abordou os pais enquanto eles buscavam os filhos na escola para orar pelas fam\u00edlias. Na cal\u00e7ada e na beira dos carros, os alunos oraram pelos pais e filhos, intercedendo pelas b\u00ean\u00e7\u00e3os do Senhor [&hellip;]","og_url":"https:\/\/radioportoseguro.com.br\/site\/2026\/03\/06\/alunos-oram-por-pais-na-saida-de-escola-sentimos-a-presenca-de-deus\/","og_site_name":"R\u00e1dio Porto Seguro","article_published_time":"2026-03-06T17:25:11+00:00","og_image":[{"url":"https:\/\/media.guiame.com.br\/archives\/2026\/03\/04\/3827827808-estudantes.jpeg","type":"","width":"","height":""}],"author":"admin","twitter_card":"summary_large_image","twitter_misc":{"Escrito por":"admin","Est. tempo de leitura":"2 minutos"},"schema":{"@context":"https:\/\/schema.org","@graph":[{"@type":"Article","@id":"https:\/\/radioportoseguro.com.br\/site\/2026\/03\/06\/alunos-oram-por-pais-na-saida-de-escola-sentimos-a-presenca-de-deus\/#article","isPartOf":{"@id":"https:\/\/radioportoseguro.com.br\/site\/2026\/03\/06\/alunos-oram-por-pais-na-saida-de-escola-sentimos-a-presenca-de-deus\/"},"author":{"name":"admin","@id":"https:\/\/radioportoseguro.com.br\/site\/#\/schema\/person\/7630acdc320186f13639d3c067ec089b"},"headline":"Alunos oram por pais na sa\u00edda de escola: \u201cSentimos a presen\u00e7a de Deus\u201d","datePublished":"2026-03-06T17:25:11+00:00","mainEntityOfPage":{"@id":"https:\/\/radioportoseguro.com.br\/site\/2026\/03\/06\/alunos-oram-por-pais-na-saida-de-escola-sentimos-a-presenca-de-deus\/"},"wordCount":412,"image":{"@id":"https:\/\/radioportoseguro.com.br\/site\/2026\/03\/06\/alunos-oram-por-pais-na-saida-de-escola-sentimos-a-presenca-de-deus\/#primaryimage"},"thumbnailUrl":"https:\/\/radioportoseguro.com.br\/site\/wp-content\/uploads\/2026\/03\/3827827808-estudantes.jpeg","articleSection":["Destaques"],"inLanguage":"pt-BR"},{"@type":"WebPage","@id":"https:\/\/radioportoseguro.com.br\/site\/2026\/03\/06\/alunos-oram-por-pais-na-saida-de-escola-sentimos-a-presenca-de-deus\/","url":"https:\/\/radioportoseguro.com.br\/site\/2026\/03\/06\/alunos-oram-por-pais-na-saida-de-escola-sentimos-a-presenca-de-deus\/","name":"Alunos oram por pais na sa\u00edda de escola: \u201cSentimos a presen\u00e7a de Deus\u201d - R\u00e1dio Porto Seguro","isPartOf":{"@id":"https:\/\/radioportoseguro.com.br\/site\/#website"},"primaryImageOfPage":{"@id":"https:\/\/radioportoseguro.com.br\/site\/2026\/03\/06\/alunos-oram-por-pais-na-saida-de-escola-sentimos-a-presenca-de-deus\/#primaryimage"},"image":{"@id":"https:\/\/radioportoseguro.com.br\/site\/2026\/03\/06\/alunos-oram-por-pais-na-saida-de-escola-sentimos-a-presenca-de-deus\/#primaryimage"},"thumbnailUrl":"https:\/\/radioportoseguro.com.br\/site\/wp-content\/uploads\/2026\/03\/3827827808-estudantes.jpeg","datePublished":"2026-03-06T17:25:11+00:00","author":{"@id":"https:\/\/radioportoseguro.com.br\/site\/#\/schema\/person\/7630acdc320186f13639d3c067ec089b"},"breadcrumb":{"@id":"https:\/\/radioportoseguro.com.br\/site\/2026\/03\/06\/alunos-oram-por-pais-na-saida-de-escola-sentimos-a-presenca-de-deus\/#breadcrumb"},"inLanguage":"pt-BR","potentialAction":[{"@type":"ReadAction","target":["https:\/\/radioportoseguro.com.br\/site\/2026\/03\/06\/alunos-oram-por-pais-na-saida-de-escola-sentimos-a-presenca-de-deus\/"]}]},{"@type":"ImageObject","inLanguage":"pt-BR","@id":"https:\/\/radioportoseguro.com.br\/site\/2026\/03\/06\/alunos-oram-por-pais-na-saida-de-escola-sentimos-a-presenca-de-deus\/#primaryimage","url":"https:\/\/radioportoseguro.com.br\/site\/wp-content\/uploads\/2026\/03\/3827827808-estudantes.jpeg","contentUrl":"https:\/\/radioportoseguro.com.br\/site\/wp-content\/uploads\/2026\/03\/3827827808-estudantes.jpeg","width":1200,"height":600},{"@type":"BreadcrumbList","@id":"https:\/\/radioportoseguro.com.br\/site\/2026\/03\/06\/alunos-oram-por-pais-na-saida-de-escola-sentimos-a-presenca-de-deus\/#breadcrumb","itemListElement":[{"@type":"ListItem","position":1,"name":"In\u00edcio","item":"https:\/\/radioportoseguro.com.br\/site\/"},{"@type":"ListItem","position":2,"name":"Alunos oram por pais na sa\u00edda de escola: \u201cSentimos a presen\u00e7a de Deus\u201d"}]},{"@type":"WebSite","@id":"https:\/\/radioportoseguro.com.br\/site\/#website","url":"https:\/\/radioportoseguro.com.br\/site\/","name":"R\u00e1dio Porto Seguro","description":"","potentialAction":[{"@type":"SearchAction","target":{"@type":"EntryPoint","urlTemplate":"https:\/\/radioportoseguro.com.br\/site\/?s={search_term_string}"},"query-input":{"@type":"PropertyValueSpecification","valueRequired":true,"valueName":"search_term_string"}}],"inLanguage":"pt-BR"},{"@type":"Person","@id":"https:\/\/radioportoseguro.com.br\/site\/#\/schema\/person\/7630acdc320186f13639d3c067ec089b","name":"admin","image":{"@type":"ImageObject","inLanguage":"pt-BR","@id":"https:\/\/radioportoseguro.com.br\/site\/#\/schema\/person\/image\/","url":"https:\/\/secure.gravatar.com\/avatar\/caacf4dc1eedb68fab0df8e1ed46c448e578b2466351bbcb61e47d2ac0caaef0?s=96&d=mm&r=g","contentUrl":"https:\/\/secure.gravatar.com\/avatar\/caacf4dc1eedb68fab0df8e1ed46c448e578b2466351bbcb61e47d2ac0caaef0?s=96&d=mm&r=g","caption":"admin"},"sameAs":["https:\/\/radioportoseguro.com.br\/site"],"url":"https:\/\/radioportoseguro.com.br\/site\/author\/hezio\/"}]}},"_links":{"self":[{"href":"https:\/\/radioportoseguro.com.br\/site\/wp-json\/wp\/v2\/posts\/4786","targetHints":{"allow":["GET"]}}],"collection":[{"href":"https:\/\/radioportoseguro.com.br\/site\/wp-json\/wp\/v2\/posts"}],"about":[{"href":"https:\/\/radioportoseguro.com.br\/site\/wp-json\/wp\/v2\/types\/post"}],"author":[{"embeddable":true,"href":"https:\/\/radioportoseguro.com.br\/site\/wp-json\/wp\/v2\/users\/1"}],"replies":[{"embeddable":true,"href":"https:\/\/radioportoseguro.com.br\/site\/wp-json\/wp\/v2\/comments?post=4786"}],"version-history":[{"count":0,"href":"https:\/\/radioportoseguro.com.br\/site\/wp-json\/wp\/v2\/posts\/4786\/revisions"}],"wp:featuredmedia":[{"embeddable":true,"href":"https:\/\/radioportoseguro.com.br\/site\/wp-json\/wp\/v2\/media\/4787"}],"wp:attachment":[{"href":"https:\/\/radioportoseguro.com.br\/site\/wp-json\/wp\/v2\/media?parent=4786"}],"wp:term":[{"taxonomy":"category","embeddable":true,"href":"https:\/\/radioportoseguro.com.br\/site\/wp-json\/wp\/v2\/categories?post=4786"},{"taxonomy":"post_tag","embeddable":true,"href":"https:\/\/radioportoseguro.com.br\/site\/wp-json\/wp\/v2\/tags?post=4786"}],"curies":[{"name":"wp","href":"https:\/\/api.w.org\/{rel}","templated":true}]}}