{"id":4788,"date":"2026-03-06T16:29:39","date_gmt":"2026-03-06T19:29:39","guid":{"rendered":"https:\/\/radioportoseguro.com.br\/site\/2026\/03\/06\/criador-de-the-chosen-revela-batalha-espiritual-nos-bastidores-a-guerra-e-real\/"},"modified":"2026-03-06T16:29:39","modified_gmt":"2026-03-06T19:29:39","slug":"criador-de-the-chosen-revela-batalha-espiritual-nos-bastidores-a-guerra-e-real","status":"publish","type":"post","link":"https:\/\/radioportoseguro.com.br\/site\/2026\/03\/06\/criador-de-the-chosen-revela-batalha-espiritual-nos-bastidores-a-guerra-e-real\/","title":{"rendered":"Criador de The Chosen revela batalha espiritual nos bastidores: \u2018A guerra \u00e9 real\u2019"},"content":{"rendered":"<p><br \/>\n<br \/><\/p>\n<div>\n<p><span style=\"font-weight: 400;\">Durante um evento para os f\u00e3s de <\/span><span style=\"color: #993300;\"><strong>The Chosen<\/strong><\/span><span style=\"font-weight: 400;\">, nos Estados Unidos, o criador da s\u00e9rie, <\/span><span style=\"color: #993300;\"><strong>Dallas Jenkins<\/strong><\/span><span style=\"font-weight: 400;\">, revelou que a produ\u00e7\u00e3o tem enfrentado uma intensa batalha espiritual nos bastidores.<\/span><\/p>\n<p><span style=\"font-weight: 400;\">Mais de 4.500 pessoas participaram da ChosenCon, realizada de 19 a 21 de fevereiro, que reuniu f\u00e3s e o elenco da s\u00e9rie para celebrar o alcance global da produ\u00e7\u00e3o crist\u00e3.<\/span><\/p>\n<p><span style=\"font-weight: 400;\">Na ocasi\u00e3o, Dallas agradeceu ao p\u00fablico pelas ora\u00e7\u00f5es e apoio que ajudaram a transformar uma s\u00e9rie financiada coletivamente em um fen\u00f4meno global.<\/span><\/p>\n<p><span style=\"font-weight: 400;\">\u201cO que torna isso t\u00e3o grandioso, eu acredito, \u00e9 a paix\u00e3o. N\u00e3o \u00e9 uma coisa de celebridade. J\u00e1 estive em conven\u00e7\u00f5es de f\u00e3s onde as pessoas gritam porque veem algu\u00e9m. Isso \u00e9 diferente. Aqui \u00e9 uma verdadeira demonstra\u00e7\u00e3o de carinho, porque temos a oportunidade de agradecer uns aos outros\u201d, disse Dallas ao The Christian Post.<\/span><\/p>\n<p><span style=\"font-weight: 400;\">O evento tamb\u00e9m oferece aos f\u00e3s pr\u00e9vias exclusivas, intera\u00e7\u00f5es com o elenco, encontros de adora\u00e7\u00e3o e discuss\u00f5es sobre os bastidores da s\u00e9rie: \u201cA intensidade das pessoas e o amor que elas t\u00eam pela Palavra de Deus as impactaram t\u00e3o profundamente, \u00e9 isso que torna tudo diferente\u201d.\u00a0<\/span><\/p>\n<p><strong>Batalha espiritual<\/strong><\/p>\n<p><span style=\"font-weight: 400;\">Segundo Dallas, desde o in\u00edcio do projeto, sua fam\u00edlia enfrentou muitos desafios, incluindo a luta cont\u00ednua de sua esposa contra o c\u00e2ncer ap\u00f3s uma mastectomia dupla recente.\u00a0<\/span><\/p>\n<p><span style=\"font-weight: 400;\">\u201cDesde o primeiro dia de &#8216;The Chosen&#8217;, nossas vidas t\u00eam sido 10 vezes mais desafiadoras do que antes. Estamos passando por experi\u00eancias extremamente desafiadoras em meio \u00e0s filmagens. Acredito que a guerra espiritual \u00e9 real. O inimigo n\u00e3o quer que a s\u00e9rie seja um sucesso. Mas tamb\u00e9m acredito que Deus est\u00e1 presente nisso\u201d, declarou ele.<\/span><\/p>\n<p><span style=\"font-weight: 400;\">No entanto, os desafios enfrentados pela equipe fortaleceram a f\u00e9 e a depend\u00eancia no Senhor: \u201cDeus muitas vezes nos d\u00e1 intencionalmente mais do que podemos suportar para que possamos levantar as m\u00e3os para Ele e dizer: &#8216;Eu preciso de Voc\u00ea&#8217;. Essa tem sido toda essa experi\u00eancia\u201d.<\/span><\/p>\n<p><span style=\"font-weight: 400;\">O ator <\/span><span style=\"color: #993300;\"><strong>Jonathan Roumie<\/strong><\/span><span style=\"font-weight: 400;\">, que interpreta Jesus na s\u00e9rie, tamb\u00e9m falou sobre os desafios durante a produ\u00e7\u00e3o, particularmente durante as filmagens da 6\u00aa temporada, que narra a crucifica\u00e7\u00e3o de Cristo.<\/span><\/p>\n<p><span style=\"font-weight: 400;\">\u201cSempre que havia uma oportunidade para algo dar errado, podia dar e dava. Todo tipo de coisa causava dor, ansiedade, frustra\u00e7\u00e3o ou fadiga\u201d, contou ele.\u00a0<\/span><\/p>\n<p><span style=\"font-weight: 400;\">Jonathan descreveu contratempos log\u00edsticos, complica\u00e7\u00f5es nas filmagens e exaust\u00e3o f\u00edsica durante as filmagens.\u00a0<\/span><\/p>\n<p><span style=\"font-weight: 400;\">Ainda assim, ele destacou que as dificuldades fortaleceram a f\u00e9 do elenco que perseveraram em ora\u00e7\u00e3o:\u00a0<\/span><\/p>\n<p><span style=\"font-weight: 400;\">\u201cContinuem orando. S\u00f3 posso dar gl\u00f3ria a Deus. Ele me colocou nesta posi\u00e7\u00e3o e me deu esta oportunidade de desenvolver um personagem que significa muito para mim como pessoa. Jesus \u00e9 a prioridade na minha vida, e compartilhar minha interpreta\u00e7\u00e3o atrav\u00e9s do contexto da s\u00e9rie tem sido \u00e9pico para mim em muitos n\u00edveis\u201d.<\/span><\/p>\n<p><strong>A 6\u00aa temporada de &#8220;The Chosen&#8221;<\/strong><\/p>\n<p><span style=\"font-weight: 400;\">A sexta temporada de &#8220;The Chosen&#8221; ter\u00e1 seus seis primeiros epis\u00f3dios lan\u00e7ados exclusivamente no Prime Video em outono de 2026.<\/span><\/p>\n<p><span style=\"font-weight: 400;\">De acordo com Dallas, o epis\u00f3dio final da temporada ser\u00e1 lan\u00e7ado mundialmente nos cinemas em 2027, em v\u00e1rios idiomas simultaneamente.<\/span><\/p>\n<p><span style=\"font-weight: 400;\">\u201cA sexta temporada \u00e9 a maior que j\u00e1 fizemos, sem nenhuma outra que chegue perto. Foi a que levou mais tempo para ser filmada. Os efeitos visuais, especialmente as tradu\u00e7\u00f5es, levam pelo menos duas a tr\u00eas vezes mais tempo do que em qualquer outra temporada\u201d, explicou ele.<\/span><\/p>\n<p><span style=\"font-weight: 400;\">E continuou: \u201cPela primeira vez, estamos lan\u00e7ando os epis\u00f3dios de um a seis em plataformas de streaming e, em seguida, o epis\u00f3dio final nos cinemas, em todos esses idiomas simultaneamente. Portanto, a tradu\u00e7\u00e3o leva algum tempo. Pe\u00e7o apenas a sua compreens\u00e3o e paci\u00eancia. Valer\u00e1 a pena, mas esta temporada exigiu muito de n\u00f3s\u201d.<\/span><\/p>\n<p><span style=\"font-weight: 400;\">Recentemente, Dallas concluiu as filmagens da 6\u00aa temporada e est\u00e1 se preparando para come\u00e7ar a produ\u00e7\u00e3o da 7\u00aa, que ir\u00e1 narrar a crucifica\u00e7\u00e3o e ressurrei\u00e7\u00e3o de Jesus.<\/span><\/p>\n<\/div>\n<p><br \/>\n<br \/>Fonte: Guiame <\/p>\n","protected":false},"excerpt":{"rendered":"<p>Durante um evento para os f\u00e3s de The Chosen, nos Estados Unidos, o criador da s\u00e9rie, Dallas Jenkins, revelou que a produ\u00e7\u00e3o tem enfrentado uma intensa batalha espiritual nos bastidores. Mais de 4.500 pessoas participaram da ChosenCon, realizada de 19 a 21 de fevereiro, que reuniu f\u00e3s e o elenco da s\u00e9rie para celebrar o [&hellip;]<\/p>\n","protected":false},"author":1,"featured_media":4789,"comment_status":"","ping_status":"open","sticky":false,"template":"","format":"standard","meta":{"footnotes":""},"categories":[43],"tags":[],"class_list":["post-4788","post","type-post","status-publish","format-standard","has-post-thumbnail","hentry","category-destaques"],"yoast_head":"<!-- This site is optimized with the Yoast SEO plugin v26.8 - https:\/\/yoast.com\/product\/yoast-seo-wordpress\/ -->\n<title>Criador de The Chosen revela batalha espiritual nos bastidores: \u2018A guerra \u00e9 real\u2019 - R\u00e1dio Porto Seguro<\/title>\n<meta name=\"robots\" content=\"index, follow, max-snippet:-1, max-image-preview:large, max-video-preview:-1\" \/>\n<link rel=\"canonical\" href=\"https:\/\/radioportoseguro.com.br\/site\/2026\/03\/06\/criador-de-the-chosen-revela-batalha-espiritual-nos-bastidores-a-guerra-e-real\/\" \/>\n<meta property=\"og:locale\" content=\"pt_BR\" \/>\n<meta property=\"og:type\" content=\"article\" \/>\n<meta property=\"og:title\" content=\"Criador de The Chosen revela batalha espiritual nos bastidores: \u2018A guerra \u00e9 real\u2019 - R\u00e1dio Porto Seguro\" \/>\n<meta property=\"og:description\" content=\"Durante um evento para os f\u00e3s de The Chosen, nos Estados Unidos, o criador da s\u00e9rie, Dallas Jenkins, revelou que a produ\u00e7\u00e3o tem enfrentado uma intensa batalha espiritual nos bastidores. Mais de 4.500 pessoas participaram da ChosenCon, realizada de 19 a 21 de fevereiro, que reuniu f\u00e3s e o elenco da s\u00e9rie para celebrar o [&hellip;]\" \/>\n<meta property=\"og:url\" content=\"https:\/\/radioportoseguro.com.br\/site\/2026\/03\/06\/criador-de-the-chosen-revela-batalha-espiritual-nos-bastidores-a-guerra-e-real\/\" \/>\n<meta property=\"og:site_name\" content=\"R\u00e1dio Porto Seguro\" \/>\n<meta property=\"article:published_time\" content=\"2026-03-06T19:29:39+00:00\" \/>\n<meta property=\"og:image\" content=\"https:\/\/media.guiame.com.br\/archives\/2026\/03\/04\/691818693-dallas-jenkins.png\" \/>\n<meta name=\"author\" content=\"admin\" \/>\n<meta name=\"twitter:card\" content=\"summary_large_image\" \/>\n<meta name=\"twitter:label1\" content=\"Escrito por\" \/>\n\t<meta name=\"twitter:data1\" content=\"admin\" \/>\n\t<meta name=\"twitter:label2\" content=\"Est. tempo de leitura\" \/>\n\t<meta name=\"twitter:data2\" content=\"3 minutos\" \/>\n<script type=\"application\/ld+json\" class=\"yoast-schema-graph\">{\"@context\":\"https:\/\/schema.org\",\"@graph\":[{\"@type\":\"Article\",\"@id\":\"https:\/\/radioportoseguro.com.br\/site\/2026\/03\/06\/criador-de-the-chosen-revela-batalha-espiritual-nos-bastidores-a-guerra-e-real\/#article\",\"isPartOf\":{\"@id\":\"https:\/\/radioportoseguro.com.br\/site\/2026\/03\/06\/criador-de-the-chosen-revela-batalha-espiritual-nos-bastidores-a-guerra-e-real\/\"},\"author\":{\"name\":\"admin\",\"@id\":\"https:\/\/radioportoseguro.com.br\/site\/#\/schema\/person\/7630acdc320186f13639d3c067ec089b\"},\"headline\":\"Criador de The Chosen revela batalha espiritual nos bastidores: \u2018A guerra \u00e9 real\u2019\",\"datePublished\":\"2026-03-06T19:29:39+00:00\",\"mainEntityOfPage\":{\"@id\":\"https:\/\/radioportoseguro.com.br\/site\/2026\/03\/06\/criador-de-the-chosen-revela-batalha-espiritual-nos-bastidores-a-guerra-e-real\/\"},\"wordCount\":696,\"image\":{\"@id\":\"https:\/\/radioportoseguro.com.br\/site\/2026\/03\/06\/criador-de-the-chosen-revela-batalha-espiritual-nos-bastidores-a-guerra-e-real\/#primaryimage\"},\"thumbnailUrl\":\"https:\/\/radioportoseguro.com.br\/site\/wp-content\/uploads\/2026\/03\/691818693-dallas-jenkins.png\",\"articleSection\":[\"Destaques\"],\"inLanguage\":\"pt-BR\"},{\"@type\":\"WebPage\",\"@id\":\"https:\/\/radioportoseguro.com.br\/site\/2026\/03\/06\/criador-de-the-chosen-revela-batalha-espiritual-nos-bastidores-a-guerra-e-real\/\",\"url\":\"https:\/\/radioportoseguro.com.br\/site\/2026\/03\/06\/criador-de-the-chosen-revela-batalha-espiritual-nos-bastidores-a-guerra-e-real\/\",\"name\":\"Criador de The Chosen revela batalha espiritual nos bastidores: \u2018A guerra \u00e9 real\u2019 - R\u00e1dio Porto Seguro\",\"isPartOf\":{\"@id\":\"https:\/\/radioportoseguro.com.br\/site\/#website\"},\"primaryImageOfPage\":{\"@id\":\"https:\/\/radioportoseguro.com.br\/site\/2026\/03\/06\/criador-de-the-chosen-revela-batalha-espiritual-nos-bastidores-a-guerra-e-real\/#primaryimage\"},\"image\":{\"@id\":\"https:\/\/radioportoseguro.com.br\/site\/2026\/03\/06\/criador-de-the-chosen-revela-batalha-espiritual-nos-bastidores-a-guerra-e-real\/#primaryimage\"},\"thumbnailUrl\":\"https:\/\/radioportoseguro.com.br\/site\/wp-content\/uploads\/2026\/03\/691818693-dallas-jenkins.png\",\"datePublished\":\"2026-03-06T19:29:39+00:00\",\"author\":{\"@id\":\"https:\/\/radioportoseguro.com.br\/site\/#\/schema\/person\/7630acdc320186f13639d3c067ec089b\"},\"breadcrumb\":{\"@id\":\"https:\/\/radioportoseguro.com.br\/site\/2026\/03\/06\/criador-de-the-chosen-revela-batalha-espiritual-nos-bastidores-a-guerra-e-real\/#breadcrumb\"},\"inLanguage\":\"pt-BR\",\"potentialAction\":[{\"@type\":\"ReadAction\",\"target\":[\"https:\/\/radioportoseguro.com.br\/site\/2026\/03\/06\/criador-de-the-chosen-revela-batalha-espiritual-nos-bastidores-a-guerra-e-real\/\"]}]},{\"@type\":\"ImageObject\",\"inLanguage\":\"pt-BR\",\"@id\":\"https:\/\/radioportoseguro.com.br\/site\/2026\/03\/06\/criador-de-the-chosen-revela-batalha-espiritual-nos-bastidores-a-guerra-e-real\/#primaryimage\",\"url\":\"https:\/\/radioportoseguro.com.br\/site\/wp-content\/uploads\/2026\/03\/691818693-dallas-jenkins.png\",\"contentUrl\":\"https:\/\/radioportoseguro.com.br\/site\/wp-content\/uploads\/2026\/03\/691818693-dallas-jenkins.png\",\"width\":1200,\"height\":600},{\"@type\":\"BreadcrumbList\",\"@id\":\"https:\/\/radioportoseguro.com.br\/site\/2026\/03\/06\/criador-de-the-chosen-revela-batalha-espiritual-nos-bastidores-a-guerra-e-real\/#breadcrumb\",\"itemListElement\":[{\"@type\":\"ListItem\",\"position\":1,\"name\":\"In\u00edcio\",\"item\":\"https:\/\/radioportoseguro.com.br\/site\/\"},{\"@type\":\"ListItem\",\"position\":2,\"name\":\"Criador de The Chosen revela batalha espiritual nos bastidores: \u2018A guerra \u00e9 real\u2019\"}]},{\"@type\":\"WebSite\",\"@id\":\"https:\/\/radioportoseguro.com.br\/site\/#website\",\"url\":\"https:\/\/radioportoseguro.com.br\/site\/\",\"name\":\"R\u00e1dio Porto Seguro\",\"description\":\"\",\"potentialAction\":[{\"@type\":\"SearchAction\",\"target\":{\"@type\":\"EntryPoint\",\"urlTemplate\":\"https:\/\/radioportoseguro.com.br\/site\/?s={search_term_string}\"},\"query-input\":{\"@type\":\"PropertyValueSpecification\",\"valueRequired\":true,\"valueName\":\"search_term_string\"}}],\"inLanguage\":\"pt-BR\"},{\"@type\":\"Person\",\"@id\":\"https:\/\/radioportoseguro.com.br\/site\/#\/schema\/person\/7630acdc320186f13639d3c067ec089b\",\"name\":\"admin\",\"image\":{\"@type\":\"ImageObject\",\"inLanguage\":\"pt-BR\",\"@id\":\"https:\/\/radioportoseguro.com.br\/site\/#\/schema\/person\/image\/\",\"url\":\"https:\/\/secure.gravatar.com\/avatar\/caacf4dc1eedb68fab0df8e1ed46c448e578b2466351bbcb61e47d2ac0caaef0?s=96&d=mm&r=g\",\"contentUrl\":\"https:\/\/secure.gravatar.com\/avatar\/caacf4dc1eedb68fab0df8e1ed46c448e578b2466351bbcb61e47d2ac0caaef0?s=96&d=mm&r=g\",\"caption\":\"admin\"},\"sameAs\":[\"https:\/\/radioportoseguro.com.br\/site\"],\"url\":\"https:\/\/radioportoseguro.com.br\/site\/author\/hezio\/\"}]}<\/script>\n<!-- \/ Yoast SEO plugin. -->","yoast_head_json":{"title":"Criador de The Chosen revela batalha espiritual nos bastidores: \u2018A guerra \u00e9 real\u2019 - R\u00e1dio Porto Seguro","robots":{"index":"index","follow":"follow","max-snippet":"max-snippet:-1","max-image-preview":"max-image-preview:large","max-video-preview":"max-video-preview:-1"},"canonical":"https:\/\/radioportoseguro.com.br\/site\/2026\/03\/06\/criador-de-the-chosen-revela-batalha-espiritual-nos-bastidores-a-guerra-e-real\/","og_locale":"pt_BR","og_type":"article","og_title":"Criador de The Chosen revela batalha espiritual nos bastidores: \u2018A guerra \u00e9 real\u2019 - R\u00e1dio Porto Seguro","og_description":"Durante um evento para os f\u00e3s de The Chosen, nos Estados Unidos, o criador da s\u00e9rie, Dallas Jenkins, revelou que a produ\u00e7\u00e3o tem enfrentado uma intensa batalha espiritual nos bastidores. Mais de 4.500 pessoas participaram da ChosenCon, realizada de 19 a 21 de fevereiro, que reuniu f\u00e3s e o elenco da s\u00e9rie para celebrar o [&hellip;]","og_url":"https:\/\/radioportoseguro.com.br\/site\/2026\/03\/06\/criador-de-the-chosen-revela-batalha-espiritual-nos-bastidores-a-guerra-e-real\/","og_site_name":"R\u00e1dio Porto Seguro","article_published_time":"2026-03-06T19:29:39+00:00","og_image":[{"url":"https:\/\/media.guiame.com.br\/archives\/2026\/03\/04\/691818693-dallas-jenkins.png","type":"","width":"","height":""}],"author":"admin","twitter_card":"summary_large_image","twitter_misc":{"Escrito por":"admin","Est. tempo de leitura":"3 minutos"},"schema":{"@context":"https:\/\/schema.org","@graph":[{"@type":"Article","@id":"https:\/\/radioportoseguro.com.br\/site\/2026\/03\/06\/criador-de-the-chosen-revela-batalha-espiritual-nos-bastidores-a-guerra-e-real\/#article","isPartOf":{"@id":"https:\/\/radioportoseguro.com.br\/site\/2026\/03\/06\/criador-de-the-chosen-revela-batalha-espiritual-nos-bastidores-a-guerra-e-real\/"},"author":{"name":"admin","@id":"https:\/\/radioportoseguro.com.br\/site\/#\/schema\/person\/7630acdc320186f13639d3c067ec089b"},"headline":"Criador de The Chosen revela batalha espiritual nos bastidores: \u2018A guerra \u00e9 real\u2019","datePublished":"2026-03-06T19:29:39+00:00","mainEntityOfPage":{"@id":"https:\/\/radioportoseguro.com.br\/site\/2026\/03\/06\/criador-de-the-chosen-revela-batalha-espiritual-nos-bastidores-a-guerra-e-real\/"},"wordCount":696,"image":{"@id":"https:\/\/radioportoseguro.com.br\/site\/2026\/03\/06\/criador-de-the-chosen-revela-batalha-espiritual-nos-bastidores-a-guerra-e-real\/#primaryimage"},"thumbnailUrl":"https:\/\/radioportoseguro.com.br\/site\/wp-content\/uploads\/2026\/03\/691818693-dallas-jenkins.png","articleSection":["Destaques"],"inLanguage":"pt-BR"},{"@type":"WebPage","@id":"https:\/\/radioportoseguro.com.br\/site\/2026\/03\/06\/criador-de-the-chosen-revela-batalha-espiritual-nos-bastidores-a-guerra-e-real\/","url":"https:\/\/radioportoseguro.com.br\/site\/2026\/03\/06\/criador-de-the-chosen-revela-batalha-espiritual-nos-bastidores-a-guerra-e-real\/","name":"Criador de The Chosen revela batalha espiritual nos bastidores: \u2018A guerra \u00e9 real\u2019 - R\u00e1dio Porto Seguro","isPartOf":{"@id":"https:\/\/radioportoseguro.com.br\/site\/#website"},"primaryImageOfPage":{"@id":"https:\/\/radioportoseguro.com.br\/site\/2026\/03\/06\/criador-de-the-chosen-revela-batalha-espiritual-nos-bastidores-a-guerra-e-real\/#primaryimage"},"image":{"@id":"https:\/\/radioportoseguro.com.br\/site\/2026\/03\/06\/criador-de-the-chosen-revela-batalha-espiritual-nos-bastidores-a-guerra-e-real\/#primaryimage"},"thumbnailUrl":"https:\/\/radioportoseguro.com.br\/site\/wp-content\/uploads\/2026\/03\/691818693-dallas-jenkins.png","datePublished":"2026-03-06T19:29:39+00:00","author":{"@id":"https:\/\/radioportoseguro.com.br\/site\/#\/schema\/person\/7630acdc320186f13639d3c067ec089b"},"breadcrumb":{"@id":"https:\/\/radioportoseguro.com.br\/site\/2026\/03\/06\/criador-de-the-chosen-revela-batalha-espiritual-nos-bastidores-a-guerra-e-real\/#breadcrumb"},"inLanguage":"pt-BR","potentialAction":[{"@type":"ReadAction","target":["https:\/\/radioportoseguro.com.br\/site\/2026\/03\/06\/criador-de-the-chosen-revela-batalha-espiritual-nos-bastidores-a-guerra-e-real\/"]}]},{"@type":"ImageObject","inLanguage":"pt-BR","@id":"https:\/\/radioportoseguro.com.br\/site\/2026\/03\/06\/criador-de-the-chosen-revela-batalha-espiritual-nos-bastidores-a-guerra-e-real\/#primaryimage","url":"https:\/\/radioportoseguro.com.br\/site\/wp-content\/uploads\/2026\/03\/691818693-dallas-jenkins.png","contentUrl":"https:\/\/radioportoseguro.com.br\/site\/wp-content\/uploads\/2026\/03\/691818693-dallas-jenkins.png","width":1200,"height":600},{"@type":"BreadcrumbList","@id":"https:\/\/radioportoseguro.com.br\/site\/2026\/03\/06\/criador-de-the-chosen-revela-batalha-espiritual-nos-bastidores-a-guerra-e-real\/#breadcrumb","itemListElement":[{"@type":"ListItem","position":1,"name":"In\u00edcio","item":"https:\/\/radioportoseguro.com.br\/site\/"},{"@type":"ListItem","position":2,"name":"Criador de The Chosen revela batalha espiritual nos bastidores: \u2018A guerra \u00e9 real\u2019"}]},{"@type":"WebSite","@id":"https:\/\/radioportoseguro.com.br\/site\/#website","url":"https:\/\/radioportoseguro.com.br\/site\/","name":"R\u00e1dio Porto Seguro","description":"","potentialAction":[{"@type":"SearchAction","target":{"@type":"EntryPoint","urlTemplate":"https:\/\/radioportoseguro.com.br\/site\/?s={search_term_string}"},"query-input":{"@type":"PropertyValueSpecification","valueRequired":true,"valueName":"search_term_string"}}],"inLanguage":"pt-BR"},{"@type":"Person","@id":"https:\/\/radioportoseguro.com.br\/site\/#\/schema\/person\/7630acdc320186f13639d3c067ec089b","name":"admin","image":{"@type":"ImageObject","inLanguage":"pt-BR","@id":"https:\/\/radioportoseguro.com.br\/site\/#\/schema\/person\/image\/","url":"https:\/\/secure.gravatar.com\/avatar\/caacf4dc1eedb68fab0df8e1ed46c448e578b2466351bbcb61e47d2ac0caaef0?s=96&d=mm&r=g","contentUrl":"https:\/\/secure.gravatar.com\/avatar\/caacf4dc1eedb68fab0df8e1ed46c448e578b2466351bbcb61e47d2ac0caaef0?s=96&d=mm&r=g","caption":"admin"},"sameAs":["https:\/\/radioportoseguro.com.br\/site"],"url":"https:\/\/radioportoseguro.com.br\/site\/author\/hezio\/"}]}},"_links":{"self":[{"href":"https:\/\/radioportoseguro.com.br\/site\/wp-json\/wp\/v2\/posts\/4788","targetHints":{"allow":["GET"]}}],"collection":[{"href":"https:\/\/radioportoseguro.com.br\/site\/wp-json\/wp\/v2\/posts"}],"about":[{"href":"https:\/\/radioportoseguro.com.br\/site\/wp-json\/wp\/v2\/types\/post"}],"author":[{"embeddable":true,"href":"https:\/\/radioportoseguro.com.br\/site\/wp-json\/wp\/v2\/users\/1"}],"replies":[{"embeddable":true,"href":"https:\/\/radioportoseguro.com.br\/site\/wp-json\/wp\/v2\/comments?post=4788"}],"version-history":[{"count":0,"href":"https:\/\/radioportoseguro.com.br\/site\/wp-json\/wp\/v2\/posts\/4788\/revisions"}],"wp:featuredmedia":[{"embeddable":true,"href":"https:\/\/radioportoseguro.com.br\/site\/wp-json\/wp\/v2\/media\/4789"}],"wp:attachment":[{"href":"https:\/\/radioportoseguro.com.br\/site\/wp-json\/wp\/v2\/media?parent=4788"}],"wp:term":[{"taxonomy":"category","embeddable":true,"href":"https:\/\/radioportoseguro.com.br\/site\/wp-json\/wp\/v2\/categories?post=4788"},{"taxonomy":"post_tag","embeddable":true,"href":"https:\/\/radioportoseguro.com.br\/site\/wp-json\/wp\/v2\/tags?post=4788"}],"curies":[{"name":"wp","href":"https:\/\/api.w.org\/{rel}","templated":true}]}}