{"id":4792,"date":"2026-03-06T18:31:13","date_gmt":"2026-03-06T21:31:13","guid":{"rendered":"https:\/\/radioportoseguro.com.br\/site\/2026\/03\/06\/pastores-se-recusam-deixar-igrejas-em-meio-a-bombardeios-no-libano-ficamos-com-o-rebanho\/"},"modified":"2026-03-06T18:31:13","modified_gmt":"2026-03-06T21:31:13","slug":"pastores-se-recusam-deixar-igrejas-em-meio-a-bombardeios-no-libano-ficamos-com-o-rebanho","status":"publish","type":"post","link":"https:\/\/radioportoseguro.com.br\/site\/2026\/03\/06\/pastores-se-recusam-deixar-igrejas-em-meio-a-bombardeios-no-libano-ficamos-com-o-rebanho\/","title":{"rendered":"Pastores se recusam deixar igrejas em meio a bombardeios no L\u00edbano: \u2018Ficamos com o rebanho\u2019"},"content":{"rendered":"<p><br \/>\n<br \/><\/p>\n<div>\n<p><span style=\"font-weight: 400;\">Pastores do L\u00edbano est\u00e3o se recusando a fugir da guerra e deixar suas <\/span><span style=\"color: #800000;\"><strong>igrejas<\/strong><\/span><span style=\"font-weight: 400;\">, durante o conflito em andamento no <\/span><span style=\"color: #800000;\"><strong>Oriente M\u00e9dio<\/strong><\/span><span style=\"font-weight: 400;\">.<\/span><\/p>\n<p><span style=\"font-weight: 400;\">O pastor brasileiro Elias Dantas, fundador da rede de igrejas Global Kingdom Partnership Network (GKPN), contou que entrou em contato com l\u00edderes locais para saberem como est\u00e3o em meio a <\/span><span style=\"color: #800000;\"><strong>guerra dos EUA e de Israel contra o Ir\u00e3<\/strong><\/span><span style=\"font-weight: 400;\">.\u00a0<\/span><\/p>\n<p><span style=\"font-weight: 400;\">Na quinta-feira (5), Israel lan\u00e7ou um ataque contra o grupo terrorista Hezbollah, que est\u00e1 baseado no L\u00edbano e \u00e9 aliado do Ir\u00e3.<\/span><\/p>\n<p><span style=\"font-weight: 400;\">\u201cO pastor Girard Haddad, que pastoreia a Igreja Batista da Videira Verdadeira, na cidade de Zahler, me disse: \u2018Hoje caiu uma bomba. Eu estava dirigindo e uma bomba de um avi\u00e3o israelita caiu a 200 metros do meu carro. A situa\u00e7\u00e3o n\u00e3o est\u00e1 f\u00e1cil, h\u00e1 uma destrui\u00e7\u00e3o geral, muita tristeza, muita luta\u2019\u201d, contou Elias, em v\u00eddeo no Instagram, nesta sexta-feira (6).<\/span><\/p>\n<p><span style=\"font-weight: 400;\">Mesmo em meio aos perigos do conflito, o pastor Gerard afirmou que n\u00e3o pretende sair do L\u00edbano para continuar cumprindo seu chamado.<\/span><\/p>\n<p><span style=\"font-weight: 400;\">\u201cEle estava para vir a Houston (EUA) na semana que vem para a reuni\u00e3o mundial do Global Kingdom. E eu perguntei para ele: \u2018O que voc\u00ea pretende fazer?\u2019. Ele falou: \u2018Eu n\u00e3o posso sair, porque o bom pastor tem que estar junto para dar a vida pelas ovelhas\u2019\u201d, afirmou Elias.<\/span><\/p>\n<p><span style=\"font-weight: 400;\">No mesmo dia, Dantas tamb\u00e9m ligou para o pastor Hickmat, l\u00edder da Batista Central Ressurrei\u00e7\u00e3o na capital libanesa Beirute, que falou o mesmo.<\/span><\/p>\n<p><span style=\"font-weight: 400;\">\u201cAs bombas ca\u00edram no pr\u00e9dio ao lado do dele. Ele disse a mesma coisa: \u2018Desculpa, n\u00e3o vou, porque a minha preocupa\u00e7\u00e3o no momento \u00e9 com o meu rebanho\u2019\u201d, relatou.<\/span><\/p>\n<p><span style=\"font-weight: 400;\">Elias elogiou a coragem e a f\u00e9 dos pastores que sofrem junto com suas congrega\u00e7\u00f5es durante o conflito no Oriente M\u00e9dio.<\/span><\/p>\n<p><span style=\"font-weight: 400;\">\u201cIsso \u00e9 um modelo de rebanho, n\u00e3o tendo a vida preciosa para si mesmo, contanto que complete a carreira\u201d, declarou.<\/span><\/p>\n<p><span style=\"font-weight: 400;\">\u201cAh, meus irm\u00e3os, que coisa maravilhosa. Se todos n\u00f3s tivermos este mesmo comprometimento de terminar bem, dando a vida pelas ovelhas para a honra de Deus, a Igreja ser\u00e1 maravilhosa e gloriosa sempre\u201d.<\/span><\/p>\n<blockquote class=\"instagram-media\" style=\"background: #FFF; border: 0; border-radius: 3px; box-shadow: 0 0 1px 0 rgba(0,0,0,0.5),0 1px 10px 0 rgba(0,0,0,0.15); margin: 1px; max-width: 540px; min-width: 326px; padding: 0; width: calc(100% - 2px);\" data-instgrm-captioned=\"\" data-instgrm-permalink=\"https:\/\/www.instagram.com\/reel\/DVioHc7jrFp\/?utm_source=ig_embed&amp;utm_campaign=loading\" data-instgrm-version=\"14\"><p>&#13;<br \/>\n&#13;\n<\/p><\/blockquote>\n<p><strong>Bombardeios no L\u00edbano<\/strong><\/p>\n<p><span style=\"font-weight: 400;\">O ataque israelense no L\u00edbano foi uma resposta aos m\u00edsseis e drones lan\u00e7ados pelo Hezbollah contra o norte de Israel na segunda-feira (2).<\/span><\/p>\n<p><span style=\"font-weight: 400;\">Segundo a Ag\u00eancia Brasil, o grupo terrorista afirmou que o ataque foi uma vingan\u00e7a pelo assassinato do aitol\u00e1 Ali Khamenei pelos EUA e Israel no Ir\u00e3.<\/span><\/p>\n<p><span style=\"font-weight: 400;\">Antes de iniciar os ataques no L\u00edbano na quinta-feira (5), as For\u00e7as de Defesa de Israel emitiram uma ordem de evacua\u00e7\u00e3o para os sub\u00farbios ao sul de Beirute, considerado o reduto do Hezbollah.<\/span><\/p>\n<\/div>\n<p><script async src=\"\/\/www.instagram.com\/embed.js\"><\/script><br \/>\n<br \/><br \/>\n<br \/>Fonte: Guiame <\/p>\n","protected":false},"excerpt":{"rendered":"<p>Pastores do L\u00edbano est\u00e3o se recusando a fugir da guerra e deixar suas igrejas, durante o conflito em andamento no Oriente M\u00e9dio. O pastor brasileiro Elias Dantas, fundador da rede de igrejas Global Kingdom Partnership Network (GKPN), contou que entrou em contato com l\u00edderes locais para saberem como est\u00e3o em meio a guerra dos EUA [&hellip;]<\/p>\n","protected":false},"author":1,"featured_media":4793,"comment_status":"","ping_status":"open","sticky":false,"template":"","format":"standard","meta":{"footnotes":""},"categories":[43],"tags":[],"class_list":["post-4792","post","type-post","status-publish","format-standard","has-post-thumbnail","hentry","category-destaques"],"yoast_head":"<!-- This site is optimized with the Yoast SEO plugin v26.8 - https:\/\/yoast.com\/product\/yoast-seo-wordpress\/ -->\n<title>Pastores se recusam deixar igrejas em meio a bombardeios no L\u00edbano: \u2018Ficamos com o rebanho\u2019 - R\u00e1dio Porto Seguro<\/title>\n<meta name=\"robots\" content=\"index, follow, max-snippet:-1, max-image-preview:large, max-video-preview:-1\" \/>\n<link rel=\"canonical\" href=\"https:\/\/radioportoseguro.com.br\/site\/2026\/03\/06\/pastores-se-recusam-deixar-igrejas-em-meio-a-bombardeios-no-libano-ficamos-com-o-rebanho\/\" \/>\n<meta property=\"og:locale\" content=\"pt_BR\" \/>\n<meta property=\"og:type\" content=\"article\" \/>\n<meta property=\"og:title\" content=\"Pastores se recusam deixar igrejas em meio a bombardeios no L\u00edbano: \u2018Ficamos com o rebanho\u2019 - R\u00e1dio Porto Seguro\" \/>\n<meta property=\"og:description\" content=\"Pastores do L\u00edbano est\u00e3o se recusando a fugir da guerra e deixar suas igrejas, durante o conflito em andamento no Oriente M\u00e9dio. O pastor brasileiro Elias Dantas, fundador da rede de igrejas Global Kingdom Partnership Network (GKPN), contou que entrou em contato com l\u00edderes locais para saberem como est\u00e3o em meio a guerra dos EUA [&hellip;]\" \/>\n<meta property=\"og:url\" content=\"https:\/\/radioportoseguro.com.br\/site\/2026\/03\/06\/pastores-se-recusam-deixar-igrejas-em-meio-a-bombardeios-no-libano-ficamos-com-o-rebanho\/\" \/>\n<meta property=\"og:site_name\" content=\"R\u00e1dio Porto Seguro\" \/>\n<meta property=\"article:published_time\" content=\"2026-03-06T21:31:13+00:00\" \/>\n<meta property=\"og:image\" content=\"https:\/\/media.guiame.com.br\/archives\/2026\/03\/06\/3350927744-libano.jpeg\" \/>\n<meta name=\"author\" content=\"admin\" \/>\n<meta name=\"twitter:card\" content=\"summary_large_image\" \/>\n<meta name=\"twitter:label1\" content=\"Escrito por\" \/>\n\t<meta name=\"twitter:data1\" content=\"admin\" \/>\n\t<meta name=\"twitter:label2\" content=\"Est. tempo de leitura\" \/>\n\t<meta name=\"twitter:data2\" content=\"2 minutos\" \/>\n<script type=\"application\/ld+json\" class=\"yoast-schema-graph\">{\"@context\":\"https:\/\/schema.org\",\"@graph\":[{\"@type\":\"Article\",\"@id\":\"https:\/\/radioportoseguro.com.br\/site\/2026\/03\/06\/pastores-se-recusam-deixar-igrejas-em-meio-a-bombardeios-no-libano-ficamos-com-o-rebanho\/#article\",\"isPartOf\":{\"@id\":\"https:\/\/radioportoseguro.com.br\/site\/2026\/03\/06\/pastores-se-recusam-deixar-igrejas-em-meio-a-bombardeios-no-libano-ficamos-com-o-rebanho\/\"},\"author\":{\"name\":\"admin\",\"@id\":\"https:\/\/radioportoseguro.com.br\/site\/#\/schema\/person\/7630acdc320186f13639d3c067ec089b\"},\"headline\":\"Pastores se recusam deixar igrejas em meio a bombardeios no L\u00edbano: \u2018Ficamos com o rebanho\u2019\",\"datePublished\":\"2026-03-06T21:31:13+00:00\",\"mainEntityOfPage\":{\"@id\":\"https:\/\/radioportoseguro.com.br\/site\/2026\/03\/06\/pastores-se-recusam-deixar-igrejas-em-meio-a-bombardeios-no-libano-ficamos-com-o-rebanho\/\"},\"wordCount\":478,\"image\":{\"@id\":\"https:\/\/radioportoseguro.com.br\/site\/2026\/03\/06\/pastores-se-recusam-deixar-igrejas-em-meio-a-bombardeios-no-libano-ficamos-com-o-rebanho\/#primaryimage\"},\"thumbnailUrl\":\"https:\/\/radioportoseguro.com.br\/site\/wp-content\/uploads\/2026\/03\/3350927744-libano.jpeg\",\"articleSection\":[\"Destaques\"],\"inLanguage\":\"pt-BR\"},{\"@type\":\"WebPage\",\"@id\":\"https:\/\/radioportoseguro.com.br\/site\/2026\/03\/06\/pastores-se-recusam-deixar-igrejas-em-meio-a-bombardeios-no-libano-ficamos-com-o-rebanho\/\",\"url\":\"https:\/\/radioportoseguro.com.br\/site\/2026\/03\/06\/pastores-se-recusam-deixar-igrejas-em-meio-a-bombardeios-no-libano-ficamos-com-o-rebanho\/\",\"name\":\"Pastores se recusam deixar igrejas em meio a bombardeios no L\u00edbano: \u2018Ficamos com o rebanho\u2019 - R\u00e1dio Porto Seguro\",\"isPartOf\":{\"@id\":\"https:\/\/radioportoseguro.com.br\/site\/#website\"},\"primaryImageOfPage\":{\"@id\":\"https:\/\/radioportoseguro.com.br\/site\/2026\/03\/06\/pastores-se-recusam-deixar-igrejas-em-meio-a-bombardeios-no-libano-ficamos-com-o-rebanho\/#primaryimage\"},\"image\":{\"@id\":\"https:\/\/radioportoseguro.com.br\/site\/2026\/03\/06\/pastores-se-recusam-deixar-igrejas-em-meio-a-bombardeios-no-libano-ficamos-com-o-rebanho\/#primaryimage\"},\"thumbnailUrl\":\"https:\/\/radioportoseguro.com.br\/site\/wp-content\/uploads\/2026\/03\/3350927744-libano.jpeg\",\"datePublished\":\"2026-03-06T21:31:13+00:00\",\"author\":{\"@id\":\"https:\/\/radioportoseguro.com.br\/site\/#\/schema\/person\/7630acdc320186f13639d3c067ec089b\"},\"breadcrumb\":{\"@id\":\"https:\/\/radioportoseguro.com.br\/site\/2026\/03\/06\/pastores-se-recusam-deixar-igrejas-em-meio-a-bombardeios-no-libano-ficamos-com-o-rebanho\/#breadcrumb\"},\"inLanguage\":\"pt-BR\",\"potentialAction\":[{\"@type\":\"ReadAction\",\"target\":[\"https:\/\/radioportoseguro.com.br\/site\/2026\/03\/06\/pastores-se-recusam-deixar-igrejas-em-meio-a-bombardeios-no-libano-ficamos-com-o-rebanho\/\"]}]},{\"@type\":\"ImageObject\",\"inLanguage\":\"pt-BR\",\"@id\":\"https:\/\/radioportoseguro.com.br\/site\/2026\/03\/06\/pastores-se-recusam-deixar-igrejas-em-meio-a-bombardeios-no-libano-ficamos-com-o-rebanho\/#primaryimage\",\"url\":\"https:\/\/radioportoseguro.com.br\/site\/wp-content\/uploads\/2026\/03\/3350927744-libano.jpeg\",\"contentUrl\":\"https:\/\/radioportoseguro.com.br\/site\/wp-content\/uploads\/2026\/03\/3350927744-libano.jpeg\",\"width\":1200,\"height\":600},{\"@type\":\"BreadcrumbList\",\"@id\":\"https:\/\/radioportoseguro.com.br\/site\/2026\/03\/06\/pastores-se-recusam-deixar-igrejas-em-meio-a-bombardeios-no-libano-ficamos-com-o-rebanho\/#breadcrumb\",\"itemListElement\":[{\"@type\":\"ListItem\",\"position\":1,\"name\":\"In\u00edcio\",\"item\":\"https:\/\/radioportoseguro.com.br\/site\/\"},{\"@type\":\"ListItem\",\"position\":2,\"name\":\"Pastores se recusam deixar igrejas em meio a bombardeios no L\u00edbano: \u2018Ficamos com o rebanho\u2019\"}]},{\"@type\":\"WebSite\",\"@id\":\"https:\/\/radioportoseguro.com.br\/site\/#website\",\"url\":\"https:\/\/radioportoseguro.com.br\/site\/\",\"name\":\"R\u00e1dio Porto Seguro\",\"description\":\"\",\"potentialAction\":[{\"@type\":\"SearchAction\",\"target\":{\"@type\":\"EntryPoint\",\"urlTemplate\":\"https:\/\/radioportoseguro.com.br\/site\/?s={search_term_string}\"},\"query-input\":{\"@type\":\"PropertyValueSpecification\",\"valueRequired\":true,\"valueName\":\"search_term_string\"}}],\"inLanguage\":\"pt-BR\"},{\"@type\":\"Person\",\"@id\":\"https:\/\/radioportoseguro.com.br\/site\/#\/schema\/person\/7630acdc320186f13639d3c067ec089b\",\"name\":\"admin\",\"image\":{\"@type\":\"ImageObject\",\"inLanguage\":\"pt-BR\",\"@id\":\"https:\/\/radioportoseguro.com.br\/site\/#\/schema\/person\/image\/\",\"url\":\"https:\/\/secure.gravatar.com\/avatar\/caacf4dc1eedb68fab0df8e1ed46c448e578b2466351bbcb61e47d2ac0caaef0?s=96&d=mm&r=g\",\"contentUrl\":\"https:\/\/secure.gravatar.com\/avatar\/caacf4dc1eedb68fab0df8e1ed46c448e578b2466351bbcb61e47d2ac0caaef0?s=96&d=mm&r=g\",\"caption\":\"admin\"},\"sameAs\":[\"https:\/\/radioportoseguro.com.br\/site\"],\"url\":\"https:\/\/radioportoseguro.com.br\/site\/author\/hezio\/\"}]}<\/script>\n<!-- \/ Yoast SEO plugin. -->","yoast_head_json":{"title":"Pastores se recusam deixar igrejas em meio a bombardeios no L\u00edbano: \u2018Ficamos com o rebanho\u2019 - R\u00e1dio Porto Seguro","robots":{"index":"index","follow":"follow","max-snippet":"max-snippet:-1","max-image-preview":"max-image-preview:large","max-video-preview":"max-video-preview:-1"},"canonical":"https:\/\/radioportoseguro.com.br\/site\/2026\/03\/06\/pastores-se-recusam-deixar-igrejas-em-meio-a-bombardeios-no-libano-ficamos-com-o-rebanho\/","og_locale":"pt_BR","og_type":"article","og_title":"Pastores se recusam deixar igrejas em meio a bombardeios no L\u00edbano: \u2018Ficamos com o rebanho\u2019 - R\u00e1dio Porto Seguro","og_description":"Pastores do L\u00edbano est\u00e3o se recusando a fugir da guerra e deixar suas igrejas, durante o conflito em andamento no Oriente M\u00e9dio. O pastor brasileiro Elias Dantas, fundador da rede de igrejas Global Kingdom Partnership Network (GKPN), contou que entrou em contato com l\u00edderes locais para saberem como est\u00e3o em meio a guerra dos EUA [&hellip;]","og_url":"https:\/\/radioportoseguro.com.br\/site\/2026\/03\/06\/pastores-se-recusam-deixar-igrejas-em-meio-a-bombardeios-no-libano-ficamos-com-o-rebanho\/","og_site_name":"R\u00e1dio Porto Seguro","article_published_time":"2026-03-06T21:31:13+00:00","og_image":[{"url":"https:\/\/media.guiame.com.br\/archives\/2026\/03\/06\/3350927744-libano.jpeg","type":"","width":"","height":""}],"author":"admin","twitter_card":"summary_large_image","twitter_misc":{"Escrito por":"admin","Est. tempo de leitura":"2 minutos"},"schema":{"@context":"https:\/\/schema.org","@graph":[{"@type":"Article","@id":"https:\/\/radioportoseguro.com.br\/site\/2026\/03\/06\/pastores-se-recusam-deixar-igrejas-em-meio-a-bombardeios-no-libano-ficamos-com-o-rebanho\/#article","isPartOf":{"@id":"https:\/\/radioportoseguro.com.br\/site\/2026\/03\/06\/pastores-se-recusam-deixar-igrejas-em-meio-a-bombardeios-no-libano-ficamos-com-o-rebanho\/"},"author":{"name":"admin","@id":"https:\/\/radioportoseguro.com.br\/site\/#\/schema\/person\/7630acdc320186f13639d3c067ec089b"},"headline":"Pastores se recusam deixar igrejas em meio a bombardeios no L\u00edbano: \u2018Ficamos com o rebanho\u2019","datePublished":"2026-03-06T21:31:13+00:00","mainEntityOfPage":{"@id":"https:\/\/radioportoseguro.com.br\/site\/2026\/03\/06\/pastores-se-recusam-deixar-igrejas-em-meio-a-bombardeios-no-libano-ficamos-com-o-rebanho\/"},"wordCount":478,"image":{"@id":"https:\/\/radioportoseguro.com.br\/site\/2026\/03\/06\/pastores-se-recusam-deixar-igrejas-em-meio-a-bombardeios-no-libano-ficamos-com-o-rebanho\/#primaryimage"},"thumbnailUrl":"https:\/\/radioportoseguro.com.br\/site\/wp-content\/uploads\/2026\/03\/3350927744-libano.jpeg","articleSection":["Destaques"],"inLanguage":"pt-BR"},{"@type":"WebPage","@id":"https:\/\/radioportoseguro.com.br\/site\/2026\/03\/06\/pastores-se-recusam-deixar-igrejas-em-meio-a-bombardeios-no-libano-ficamos-com-o-rebanho\/","url":"https:\/\/radioportoseguro.com.br\/site\/2026\/03\/06\/pastores-se-recusam-deixar-igrejas-em-meio-a-bombardeios-no-libano-ficamos-com-o-rebanho\/","name":"Pastores se recusam deixar igrejas em meio a bombardeios no L\u00edbano: \u2018Ficamos com o rebanho\u2019 - R\u00e1dio Porto Seguro","isPartOf":{"@id":"https:\/\/radioportoseguro.com.br\/site\/#website"},"primaryImageOfPage":{"@id":"https:\/\/radioportoseguro.com.br\/site\/2026\/03\/06\/pastores-se-recusam-deixar-igrejas-em-meio-a-bombardeios-no-libano-ficamos-com-o-rebanho\/#primaryimage"},"image":{"@id":"https:\/\/radioportoseguro.com.br\/site\/2026\/03\/06\/pastores-se-recusam-deixar-igrejas-em-meio-a-bombardeios-no-libano-ficamos-com-o-rebanho\/#primaryimage"},"thumbnailUrl":"https:\/\/radioportoseguro.com.br\/site\/wp-content\/uploads\/2026\/03\/3350927744-libano.jpeg","datePublished":"2026-03-06T21:31:13+00:00","author":{"@id":"https:\/\/radioportoseguro.com.br\/site\/#\/schema\/person\/7630acdc320186f13639d3c067ec089b"},"breadcrumb":{"@id":"https:\/\/radioportoseguro.com.br\/site\/2026\/03\/06\/pastores-se-recusam-deixar-igrejas-em-meio-a-bombardeios-no-libano-ficamos-com-o-rebanho\/#breadcrumb"},"inLanguage":"pt-BR","potentialAction":[{"@type":"ReadAction","target":["https:\/\/radioportoseguro.com.br\/site\/2026\/03\/06\/pastores-se-recusam-deixar-igrejas-em-meio-a-bombardeios-no-libano-ficamos-com-o-rebanho\/"]}]},{"@type":"ImageObject","inLanguage":"pt-BR","@id":"https:\/\/radioportoseguro.com.br\/site\/2026\/03\/06\/pastores-se-recusam-deixar-igrejas-em-meio-a-bombardeios-no-libano-ficamos-com-o-rebanho\/#primaryimage","url":"https:\/\/radioportoseguro.com.br\/site\/wp-content\/uploads\/2026\/03\/3350927744-libano.jpeg","contentUrl":"https:\/\/radioportoseguro.com.br\/site\/wp-content\/uploads\/2026\/03\/3350927744-libano.jpeg","width":1200,"height":600},{"@type":"BreadcrumbList","@id":"https:\/\/radioportoseguro.com.br\/site\/2026\/03\/06\/pastores-se-recusam-deixar-igrejas-em-meio-a-bombardeios-no-libano-ficamos-com-o-rebanho\/#breadcrumb","itemListElement":[{"@type":"ListItem","position":1,"name":"In\u00edcio","item":"https:\/\/radioportoseguro.com.br\/site\/"},{"@type":"ListItem","position":2,"name":"Pastores se recusam deixar igrejas em meio a bombardeios no L\u00edbano: \u2018Ficamos com o rebanho\u2019"}]},{"@type":"WebSite","@id":"https:\/\/radioportoseguro.com.br\/site\/#website","url":"https:\/\/radioportoseguro.com.br\/site\/","name":"R\u00e1dio Porto Seguro","description":"","potentialAction":[{"@type":"SearchAction","target":{"@type":"EntryPoint","urlTemplate":"https:\/\/radioportoseguro.com.br\/site\/?s={search_term_string}"},"query-input":{"@type":"PropertyValueSpecification","valueRequired":true,"valueName":"search_term_string"}}],"inLanguage":"pt-BR"},{"@type":"Person","@id":"https:\/\/radioportoseguro.com.br\/site\/#\/schema\/person\/7630acdc320186f13639d3c067ec089b","name":"admin","image":{"@type":"ImageObject","inLanguage":"pt-BR","@id":"https:\/\/radioportoseguro.com.br\/site\/#\/schema\/person\/image\/","url":"https:\/\/secure.gravatar.com\/avatar\/caacf4dc1eedb68fab0df8e1ed46c448e578b2466351bbcb61e47d2ac0caaef0?s=96&d=mm&r=g","contentUrl":"https:\/\/secure.gravatar.com\/avatar\/caacf4dc1eedb68fab0df8e1ed46c448e578b2466351bbcb61e47d2ac0caaef0?s=96&d=mm&r=g","caption":"admin"},"sameAs":["https:\/\/radioportoseguro.com.br\/site"],"url":"https:\/\/radioportoseguro.com.br\/site\/author\/hezio\/"}]}},"_links":{"self":[{"href":"https:\/\/radioportoseguro.com.br\/site\/wp-json\/wp\/v2\/posts\/4792","targetHints":{"allow":["GET"]}}],"collection":[{"href":"https:\/\/radioportoseguro.com.br\/site\/wp-json\/wp\/v2\/posts"}],"about":[{"href":"https:\/\/radioportoseguro.com.br\/site\/wp-json\/wp\/v2\/types\/post"}],"author":[{"embeddable":true,"href":"https:\/\/radioportoseguro.com.br\/site\/wp-json\/wp\/v2\/users\/1"}],"replies":[{"embeddable":true,"href":"https:\/\/radioportoseguro.com.br\/site\/wp-json\/wp\/v2\/comments?post=4792"}],"version-history":[{"count":0,"href":"https:\/\/radioportoseguro.com.br\/site\/wp-json\/wp\/v2\/posts\/4792\/revisions"}],"wp:featuredmedia":[{"embeddable":true,"href":"https:\/\/radioportoseguro.com.br\/site\/wp-json\/wp\/v2\/media\/4793"}],"wp:attachment":[{"href":"https:\/\/radioportoseguro.com.br\/site\/wp-json\/wp\/v2\/media?parent=4792"}],"wp:term":[{"taxonomy":"category","embeddable":true,"href":"https:\/\/radioportoseguro.com.br\/site\/wp-json\/wp\/v2\/categories?post=4792"},{"taxonomy":"post_tag","embeddable":true,"href":"https:\/\/radioportoseguro.com.br\/site\/wp-json\/wp\/v2\/tags?post=4792"}],"curies":[{"name":"wp","href":"https:\/\/api.w.org\/{rel}","templated":true}]}}