{"id":4796,"date":"2026-03-06T20:34:11","date_gmt":"2026-03-06T23:34:11","guid":{"rendered":"https:\/\/radioportoseguro.com.br\/site\/2026\/03\/06\/mulher-com-quadro-terminal-se-despede-da-familia-mas-vive-milagre-sem-deus-nao-viveria\/"},"modified":"2026-03-06T20:34:11","modified_gmt":"2026-03-06T23:34:11","slug":"mulher-com-quadro-terminal-se-despede-da-familia-mas-vive-milagre-sem-deus-nao-viveria","status":"publish","type":"post","link":"https:\/\/radioportoseguro.com.br\/site\/2026\/03\/06\/mulher-com-quadro-terminal-se-despede-da-familia-mas-vive-milagre-sem-deus-nao-viveria\/","title":{"rendered":"Mulher com quadro terminal se despede da fam\u00edlia, mas vive milagre: \u2018Sem Deus n\u00e3o viveria\u2019"},"content":{"rendered":"<p><br \/>\n<br \/><\/p>\n<div>\n<p><span style=\"font-weight: 400;\">Depois de 15 anos convivendo com <\/span><span style=\"color: #993300;\"><strong>insufici\u00eancia card\u00edaca<\/strong><\/span><span style=\"font-weight: 400;\">, tomando nove medicamentos por dia, passando por v\u00e1rias interna\u00e7\u00f5es e at\u00e9 uma cirurgia cerebral de emerg\u00eancia ap\u00f3s sofrer um ataque card\u00edaco, parecia que as op\u00e7\u00f5es de tratamento para Monica McFarlan tinham se esgotado.<\/span><\/p>\n<p><span style=\"font-weight: 400;\">Ela recebeu o diagn\u00f3stico quando tinha apenas 37 anos e lutou pela vida durante muitos anos. Mas depois de ser avaliada em v\u00e1rios centros de transplante nos Estados Unidos, sua fam\u00edlia recebeu uma not\u00edcia devastadora: n\u00e3o havia mais nada que os m\u00e9dicos pudessem fazer.<\/span><\/p>\n<p><span style=\"font-weight: 400;\">\u201cEu tinha entre dois dias e duas semanas de vida para me despedir\u201d, contou Monica \u00e0 emissora americana 11 Alive.<\/span><\/p>\n<p><span style=\"font-weight: 400;\">Os m\u00e9dicos explicaram que um transplante de cora\u00e7\u00e3o tradicional n\u00e3o era poss\u00edvel. O corpo dela tinha altos n\u00edveis de anticorpos, prote\u00ednas de defesa do organismo que poderiam atacar e rejeitar rapidamente um novo cora\u00e7\u00e3o.<\/span><\/p>\n<p><span style=\"font-weight: 400;\">Com isso, a equipe m\u00e9dica come\u00e7ou a discutir cuidados paliativos, que s\u00e3o oferecidos quando n\u00e3o h\u00e1 mais tratamento para curar a doen\u00e7a. A fam\u00edlia se preparava para o pior.<\/span><\/p>\n<p><span style=\"font-weight: 400;\">Foi ent\u00e3o que surgiu uma pergunta inesperada:<\/span><\/p>\n<p><span style=\"font-weight: 400;\">\u201cVoc\u00ea j\u00e1 ouviu falar do procedimento HALT?\u201d<\/span><\/p>\n<p><span style=\"font-weight: 400;\">O HALT \u2014 sigla em ingl\u00eas para <\/span><em><span style=\"font-weight: 400;\">Heart After Liver Transplant<\/span><\/em><span style=\"font-weight: 400;\"> (Cora\u00e7\u00e3o ap\u00f3s Transplante de F\u00edgado) \u2014 \u00e9 uma nova estrat\u00e9gia cir\u00fargica. Nesse m\u00e9todo, o paciente recebe primeiro um transplante de f\u00edgado e depois um transplante de cora\u00e7\u00e3o, ambos do mesmo doador.<\/span><\/p>\n<p><span style=\"font-weight: 400;\">O motivo \u00e9 surpreendente: o f\u00edgado funciona como um \u201cescudo\u201d dentro do corpo, ajudando a neutralizar os anticorpos que poderiam atacar o novo cora\u00e7\u00e3o. Assim, o risco de rejei\u00e7\u00e3o diminui.<\/span><\/p>\n<p><span style=\"font-weight: 400;\">Para Monica, era uma esperan\u00e7a quando j\u00e1 parecia n\u00e3o existir mais nenhuma.<\/span><\/p>\n<p><strong>Milagre atrav\u00e9s da medicina<\/strong><\/p>\n<p><span style=\"font-weight: 400;\">O Dr. Victor Pretorius, diretor cir\u00fargico de transplante card\u00edaco da Emory University, explicou o desafio.<\/span><\/p>\n<p><span style=\"font-weight: 400;\">\u201cN\u00f3s t\u00ednhamos uma boa compatibilidade entre doador e paciente, mas sab\u00edamos que o cora\u00e7\u00e3o seria rejeitado se n\u00e3o us\u00e1ssemos essa estrat\u00e9gia\u201d, disse ele. \u201cFoi um procedimento enorme. A cirurgia durou 16 horas. Mas a biologia por tr\u00e1s disso \u00e9 incr\u00edvel. O transplante combinado de f\u00edgado e cora\u00e7\u00e3o oferece prote\u00e7\u00e3o ao cora\u00e7\u00e3o novo e pode dar ao paciente um futuro.\u201d<\/span><\/p>\n<p><span style=\"font-weight: 400;\">O detalhe \u00e9 que essa t\u00e9cnica s\u00f3 havia sido desenvolvida em 2023. Antes disso, Monica j\u00e1 havia sido recusada por todos os centros de transplante que seus m\u00e9dicos procuraram.<\/span><\/p>\n<p><span style=\"font-weight: 400;\">\u201cDepois de tentar v\u00e1rios hospitais pelo pa\u00eds, todos negaram o transplante\u201d, explicou o m\u00e9dico. \u201cA \u00fanica op\u00e7\u00e3o que restava era encaminh\u00e1-la para cuidados de fim de vida. Ela j\u00e1 estava se preparando para isso quando nossa equipe decidiu tentar.\u201d<\/span><\/p>\n<p><span style=\"font-weight: 400;\">A cirurgia de 16 horas foi um sucesso.<\/span><\/p>\n<p><span style=\"font-weight: 400;\">O caso marcou a primeira vez que o procedimento HALT foi realizado no estado da Ge\u00f3rgia e apenas a segunda vez em todo os Estados Unidos.<\/span><\/p>\n<p><span style=\"font-weight: 400;\">Tr\u00eas meses depois, Monica n\u00e3o est\u00e1 apenas viva \u2014 ela est\u00e1 vivendo bem novamente.<\/span><\/p>\n<p><span style=\"font-weight: 400;\">\u201c\u00c9 muito bom voltar a rir e voltar a me sentir eu mesma\u201d, disse.<\/span><\/p>\n<p><span style=\"font-weight: 400;\">Ela deixa claro: se est\u00e1 viva, \u00e9 por um milagre de Deus.<\/span><\/p>\n<p><span style=\"font-weight: 400;\">\u201cEu sa\u00ed do ponto mais baixo da minha vida, quando estava me despedindo dos meus filhos, do meu marido e da minha m\u00e3e, para o ponto mais alto\u201d, contou.\u00a0<\/span><\/p>\n<p><span style=\"font-weight: 400;\">\u201cGanhei uma segunda chance, uma terceira, uma quarta! Sou muito grata. Agrade\u00e7o a Deus todos os dias. Minha f\u00e9 ficou muito mais forte, porque sem Deus eu n\u00e3o estaria aqui.\u201d<\/span><\/p>\n<p><span style=\"font-weight: 400;\">E a hist\u00f3ria ainda teve um detalhe extraordin\u00e1rio.<\/span><\/p>\n<p><span style=\"font-weight: 400;\">O f\u00edgado original de Monica, que estava saud\u00e1vel, p\u00f4de ser doado para outro paciente com insufici\u00eancia card\u00edaca, ajudando a salvar mais uma vida.<\/span><\/p>\n<p style=\"text-align: center;\"><span style=\"font-weight: 400;\"><div class=\"ose-youtube ose-uid-44915f2bf3950a91fce68885c29f965c ose-embedpress-responsive\" style=\"width:600px; height:600px; max-height:600px; max-width:100%; display:inline-block;\" data-embed-type=\"Youtube\"><iframe allowFullScreen=\"true\" title=\"Groundbreaking surgery gives Georgia mom second chance at life\" width=\"600\" height=\"600\" src=\"https:\/\/www.youtube.com\/embed\/a1N3DRyf_GI?feature=oembed&color=red&rel=0&controls=1&start=&end=&fs=0&iv_load_policy=0&autoplay=0&mute=0&modestbranding=0&cc_load_policy=1&playsinline=1\" frameborder=\"0\" allow=\"accelerometer; encrypted-media;accelerometer;autoplay;clipboard-write;gyroscope;picture-in-picture clipboard-write; encrypted-media; gyroscope; picture-in-picture; web-share\" referrerpolicy=\"strict-origin-when-cross-origin\" allowfullscreen><\/iframe><\/div><\/span><\/p>\n<\/div>\n<p><br \/>\n<br \/>Fonte: Guiame <\/p>\n","protected":false},"excerpt":{"rendered":"<p>Depois de 15 anos convivendo com insufici\u00eancia card\u00edaca, tomando nove medicamentos por dia, passando por v\u00e1rias interna\u00e7\u00f5es e at\u00e9 uma cirurgia cerebral de emerg\u00eancia ap\u00f3s sofrer um ataque card\u00edaco, parecia que as op\u00e7\u00f5es de tratamento para Monica McFarlan tinham se esgotado. Ela recebeu o diagn\u00f3stico quando tinha apenas 37 anos e lutou pela vida durante [&hellip;]<\/p>\n","protected":false},"author":1,"featured_media":4797,"comment_status":"","ping_status":"open","sticky":false,"template":"","format":"standard","meta":{"footnotes":""},"categories":[43],"tags":[],"class_list":["post-4796","post","type-post","status-publish","format-standard","has-post-thumbnail","hentry","category-destaques"],"yoast_head":"<!-- This site is optimized with the Yoast SEO plugin v26.8 - https:\/\/yoast.com\/product\/yoast-seo-wordpress\/ -->\n<title>Mulher com quadro terminal se despede da fam\u00edlia, mas vive milagre: \u2018Sem Deus n\u00e3o viveria\u2019 - R\u00e1dio Porto Seguro<\/title>\n<meta name=\"robots\" content=\"index, follow, max-snippet:-1, max-image-preview:large, max-video-preview:-1\" \/>\n<link rel=\"canonical\" href=\"https:\/\/radioportoseguro.com.br\/site\/2026\/03\/06\/mulher-com-quadro-terminal-se-despede-da-familia-mas-vive-milagre-sem-deus-nao-viveria\/\" \/>\n<meta property=\"og:locale\" content=\"pt_BR\" \/>\n<meta property=\"og:type\" content=\"article\" \/>\n<meta property=\"og:title\" content=\"Mulher com quadro terminal se despede da fam\u00edlia, mas vive milagre: \u2018Sem Deus n\u00e3o viveria\u2019 - R\u00e1dio Porto Seguro\" \/>\n<meta property=\"og:description\" content=\"Depois de 15 anos convivendo com insufici\u00eancia card\u00edaca, tomando nove medicamentos por dia, passando por v\u00e1rias interna\u00e7\u00f5es e at\u00e9 uma cirurgia cerebral de emerg\u00eancia ap\u00f3s sofrer um ataque card\u00edaco, parecia que as op\u00e7\u00f5es de tratamento para Monica McFarlan tinham se esgotado. Ela recebeu o diagn\u00f3stico quando tinha apenas 37 anos e lutou pela vida durante [&hellip;]\" \/>\n<meta property=\"og:url\" content=\"https:\/\/radioportoseguro.com.br\/site\/2026\/03\/06\/mulher-com-quadro-terminal-se-despede-da-familia-mas-vive-milagre-sem-deus-nao-viveria\/\" \/>\n<meta property=\"og:site_name\" content=\"R\u00e1dio Porto Seguro\" \/>\n<meta property=\"article:published_time\" content=\"2026-03-06T23:34:11+00:00\" \/>\n<meta property=\"og:image\" content=\"https:\/\/media.guiame.com.br\/archives\/2026\/03\/06\/3063164531-monica-mcfarlan.jpg\" \/>\n<meta name=\"author\" content=\"admin\" \/>\n<meta name=\"twitter:card\" content=\"summary_large_image\" \/>\n<meta name=\"twitter:label1\" content=\"Escrito por\" \/>\n\t<meta name=\"twitter:data1\" content=\"admin\" \/>\n\t<meta name=\"twitter:label2\" content=\"Est. tempo de leitura\" \/>\n\t<meta name=\"twitter:data2\" content=\"3 minutos\" \/>\n<script type=\"application\/ld+json\" class=\"yoast-schema-graph\">{\"@context\":\"https:\/\/schema.org\",\"@graph\":[{\"@type\":\"Article\",\"@id\":\"https:\/\/radioportoseguro.com.br\/site\/2026\/03\/06\/mulher-com-quadro-terminal-se-despede-da-familia-mas-vive-milagre-sem-deus-nao-viveria\/#article\",\"isPartOf\":{\"@id\":\"https:\/\/radioportoseguro.com.br\/site\/2026\/03\/06\/mulher-com-quadro-terminal-se-despede-da-familia-mas-vive-milagre-sem-deus-nao-viveria\/\"},\"author\":{\"name\":\"admin\",\"@id\":\"https:\/\/radioportoseguro.com.br\/site\/#\/schema\/person\/7630acdc320186f13639d3c067ec089b\"},\"headline\":\"Mulher com quadro terminal se despede da fam\u00edlia, mas vive milagre: \u2018Sem Deus n\u00e3o viveria\u2019\",\"datePublished\":\"2026-03-06T23:34:11+00:00\",\"mainEntityOfPage\":{\"@id\":\"https:\/\/radioportoseguro.com.br\/site\/2026\/03\/06\/mulher-com-quadro-terminal-se-despede-da-familia-mas-vive-milagre-sem-deus-nao-viveria\/\"},\"wordCount\":671,\"image\":{\"@id\":\"https:\/\/radioportoseguro.com.br\/site\/2026\/03\/06\/mulher-com-quadro-terminal-se-despede-da-familia-mas-vive-milagre-sem-deus-nao-viveria\/#primaryimage\"},\"thumbnailUrl\":\"https:\/\/radioportoseguro.com.br\/site\/wp-content\/uploads\/2026\/03\/3063164531-monica-mcfarlan.jpg\",\"articleSection\":[\"Destaques\"],\"inLanguage\":\"pt-BR\"},{\"@type\":\"WebPage\",\"@id\":\"https:\/\/radioportoseguro.com.br\/site\/2026\/03\/06\/mulher-com-quadro-terminal-se-despede-da-familia-mas-vive-milagre-sem-deus-nao-viveria\/\",\"url\":\"https:\/\/radioportoseguro.com.br\/site\/2026\/03\/06\/mulher-com-quadro-terminal-se-despede-da-familia-mas-vive-milagre-sem-deus-nao-viveria\/\",\"name\":\"Mulher com quadro terminal se despede da fam\u00edlia, mas vive milagre: \u2018Sem Deus n\u00e3o viveria\u2019 - R\u00e1dio Porto Seguro\",\"isPartOf\":{\"@id\":\"https:\/\/radioportoseguro.com.br\/site\/#website\"},\"primaryImageOfPage\":{\"@id\":\"https:\/\/radioportoseguro.com.br\/site\/2026\/03\/06\/mulher-com-quadro-terminal-se-despede-da-familia-mas-vive-milagre-sem-deus-nao-viveria\/#primaryimage\"},\"image\":{\"@id\":\"https:\/\/radioportoseguro.com.br\/site\/2026\/03\/06\/mulher-com-quadro-terminal-se-despede-da-familia-mas-vive-milagre-sem-deus-nao-viveria\/#primaryimage\"},\"thumbnailUrl\":\"https:\/\/radioportoseguro.com.br\/site\/wp-content\/uploads\/2026\/03\/3063164531-monica-mcfarlan.jpg\",\"datePublished\":\"2026-03-06T23:34:11+00:00\",\"author\":{\"@id\":\"https:\/\/radioportoseguro.com.br\/site\/#\/schema\/person\/7630acdc320186f13639d3c067ec089b\"},\"breadcrumb\":{\"@id\":\"https:\/\/radioportoseguro.com.br\/site\/2026\/03\/06\/mulher-com-quadro-terminal-se-despede-da-familia-mas-vive-milagre-sem-deus-nao-viveria\/#breadcrumb\"},\"inLanguage\":\"pt-BR\",\"potentialAction\":[{\"@type\":\"ReadAction\",\"target\":[\"https:\/\/radioportoseguro.com.br\/site\/2026\/03\/06\/mulher-com-quadro-terminal-se-despede-da-familia-mas-vive-milagre-sem-deus-nao-viveria\/\"]}]},{\"@type\":\"ImageObject\",\"inLanguage\":\"pt-BR\",\"@id\":\"https:\/\/radioportoseguro.com.br\/site\/2026\/03\/06\/mulher-com-quadro-terminal-se-despede-da-familia-mas-vive-milagre-sem-deus-nao-viveria\/#primaryimage\",\"url\":\"https:\/\/radioportoseguro.com.br\/site\/wp-content\/uploads\/2026\/03\/3063164531-monica-mcfarlan.jpg\",\"contentUrl\":\"https:\/\/radioportoseguro.com.br\/site\/wp-content\/uploads\/2026\/03\/3063164531-monica-mcfarlan.jpg\",\"width\":1200,\"height\":600},{\"@type\":\"BreadcrumbList\",\"@id\":\"https:\/\/radioportoseguro.com.br\/site\/2026\/03\/06\/mulher-com-quadro-terminal-se-despede-da-familia-mas-vive-milagre-sem-deus-nao-viveria\/#breadcrumb\",\"itemListElement\":[{\"@type\":\"ListItem\",\"position\":1,\"name\":\"In\u00edcio\",\"item\":\"https:\/\/radioportoseguro.com.br\/site\/\"},{\"@type\":\"ListItem\",\"position\":2,\"name\":\"Mulher com quadro terminal se despede da fam\u00edlia, mas vive milagre: \u2018Sem Deus n\u00e3o viveria\u2019\"}]},{\"@type\":\"WebSite\",\"@id\":\"https:\/\/radioportoseguro.com.br\/site\/#website\",\"url\":\"https:\/\/radioportoseguro.com.br\/site\/\",\"name\":\"R\u00e1dio Porto Seguro\",\"description\":\"\",\"potentialAction\":[{\"@type\":\"SearchAction\",\"target\":{\"@type\":\"EntryPoint\",\"urlTemplate\":\"https:\/\/radioportoseguro.com.br\/site\/?s={search_term_string}\"},\"query-input\":{\"@type\":\"PropertyValueSpecification\",\"valueRequired\":true,\"valueName\":\"search_term_string\"}}],\"inLanguage\":\"pt-BR\"},{\"@type\":\"Person\",\"@id\":\"https:\/\/radioportoseguro.com.br\/site\/#\/schema\/person\/7630acdc320186f13639d3c067ec089b\",\"name\":\"admin\",\"image\":{\"@type\":\"ImageObject\",\"inLanguage\":\"pt-BR\",\"@id\":\"https:\/\/radioportoseguro.com.br\/site\/#\/schema\/person\/image\/\",\"url\":\"https:\/\/secure.gravatar.com\/avatar\/caacf4dc1eedb68fab0df8e1ed46c448e578b2466351bbcb61e47d2ac0caaef0?s=96&d=mm&r=g\",\"contentUrl\":\"https:\/\/secure.gravatar.com\/avatar\/caacf4dc1eedb68fab0df8e1ed46c448e578b2466351bbcb61e47d2ac0caaef0?s=96&d=mm&r=g\",\"caption\":\"admin\"},\"sameAs\":[\"https:\/\/radioportoseguro.com.br\/site\"],\"url\":\"https:\/\/radioportoseguro.com.br\/site\/author\/hezio\/\"}]}<\/script>\n<!-- \/ Yoast SEO plugin. -->","yoast_head_json":{"title":"Mulher com quadro terminal se despede da fam\u00edlia, mas vive milagre: \u2018Sem Deus n\u00e3o viveria\u2019 - R\u00e1dio Porto Seguro","robots":{"index":"index","follow":"follow","max-snippet":"max-snippet:-1","max-image-preview":"max-image-preview:large","max-video-preview":"max-video-preview:-1"},"canonical":"https:\/\/radioportoseguro.com.br\/site\/2026\/03\/06\/mulher-com-quadro-terminal-se-despede-da-familia-mas-vive-milagre-sem-deus-nao-viveria\/","og_locale":"pt_BR","og_type":"article","og_title":"Mulher com quadro terminal se despede da fam\u00edlia, mas vive milagre: \u2018Sem Deus n\u00e3o viveria\u2019 - R\u00e1dio Porto Seguro","og_description":"Depois de 15 anos convivendo com insufici\u00eancia card\u00edaca, tomando nove medicamentos por dia, passando por v\u00e1rias interna\u00e7\u00f5es e at\u00e9 uma cirurgia cerebral de emerg\u00eancia ap\u00f3s sofrer um ataque card\u00edaco, parecia que as op\u00e7\u00f5es de tratamento para Monica McFarlan tinham se esgotado. Ela recebeu o diagn\u00f3stico quando tinha apenas 37 anos e lutou pela vida durante [&hellip;]","og_url":"https:\/\/radioportoseguro.com.br\/site\/2026\/03\/06\/mulher-com-quadro-terminal-se-despede-da-familia-mas-vive-milagre-sem-deus-nao-viveria\/","og_site_name":"R\u00e1dio Porto Seguro","article_published_time":"2026-03-06T23:34:11+00:00","og_image":[{"url":"https:\/\/media.guiame.com.br\/archives\/2026\/03\/06\/3063164531-monica-mcfarlan.jpg","type":"","width":"","height":""}],"author":"admin","twitter_card":"summary_large_image","twitter_misc":{"Escrito por":"admin","Est. tempo de leitura":"3 minutos"},"schema":{"@context":"https:\/\/schema.org","@graph":[{"@type":"Article","@id":"https:\/\/radioportoseguro.com.br\/site\/2026\/03\/06\/mulher-com-quadro-terminal-se-despede-da-familia-mas-vive-milagre-sem-deus-nao-viveria\/#article","isPartOf":{"@id":"https:\/\/radioportoseguro.com.br\/site\/2026\/03\/06\/mulher-com-quadro-terminal-se-despede-da-familia-mas-vive-milagre-sem-deus-nao-viveria\/"},"author":{"name":"admin","@id":"https:\/\/radioportoseguro.com.br\/site\/#\/schema\/person\/7630acdc320186f13639d3c067ec089b"},"headline":"Mulher com quadro terminal se despede da fam\u00edlia, mas vive milagre: \u2018Sem Deus n\u00e3o viveria\u2019","datePublished":"2026-03-06T23:34:11+00:00","mainEntityOfPage":{"@id":"https:\/\/radioportoseguro.com.br\/site\/2026\/03\/06\/mulher-com-quadro-terminal-se-despede-da-familia-mas-vive-milagre-sem-deus-nao-viveria\/"},"wordCount":671,"image":{"@id":"https:\/\/radioportoseguro.com.br\/site\/2026\/03\/06\/mulher-com-quadro-terminal-se-despede-da-familia-mas-vive-milagre-sem-deus-nao-viveria\/#primaryimage"},"thumbnailUrl":"https:\/\/radioportoseguro.com.br\/site\/wp-content\/uploads\/2026\/03\/3063164531-monica-mcfarlan.jpg","articleSection":["Destaques"],"inLanguage":"pt-BR"},{"@type":"WebPage","@id":"https:\/\/radioportoseguro.com.br\/site\/2026\/03\/06\/mulher-com-quadro-terminal-se-despede-da-familia-mas-vive-milagre-sem-deus-nao-viveria\/","url":"https:\/\/radioportoseguro.com.br\/site\/2026\/03\/06\/mulher-com-quadro-terminal-se-despede-da-familia-mas-vive-milagre-sem-deus-nao-viveria\/","name":"Mulher com quadro terminal se despede da fam\u00edlia, mas vive milagre: \u2018Sem Deus n\u00e3o viveria\u2019 - R\u00e1dio Porto Seguro","isPartOf":{"@id":"https:\/\/radioportoseguro.com.br\/site\/#website"},"primaryImageOfPage":{"@id":"https:\/\/radioportoseguro.com.br\/site\/2026\/03\/06\/mulher-com-quadro-terminal-se-despede-da-familia-mas-vive-milagre-sem-deus-nao-viveria\/#primaryimage"},"image":{"@id":"https:\/\/radioportoseguro.com.br\/site\/2026\/03\/06\/mulher-com-quadro-terminal-se-despede-da-familia-mas-vive-milagre-sem-deus-nao-viveria\/#primaryimage"},"thumbnailUrl":"https:\/\/radioportoseguro.com.br\/site\/wp-content\/uploads\/2026\/03\/3063164531-monica-mcfarlan.jpg","datePublished":"2026-03-06T23:34:11+00:00","author":{"@id":"https:\/\/radioportoseguro.com.br\/site\/#\/schema\/person\/7630acdc320186f13639d3c067ec089b"},"breadcrumb":{"@id":"https:\/\/radioportoseguro.com.br\/site\/2026\/03\/06\/mulher-com-quadro-terminal-se-despede-da-familia-mas-vive-milagre-sem-deus-nao-viveria\/#breadcrumb"},"inLanguage":"pt-BR","potentialAction":[{"@type":"ReadAction","target":["https:\/\/radioportoseguro.com.br\/site\/2026\/03\/06\/mulher-com-quadro-terminal-se-despede-da-familia-mas-vive-milagre-sem-deus-nao-viveria\/"]}]},{"@type":"ImageObject","inLanguage":"pt-BR","@id":"https:\/\/radioportoseguro.com.br\/site\/2026\/03\/06\/mulher-com-quadro-terminal-se-despede-da-familia-mas-vive-milagre-sem-deus-nao-viveria\/#primaryimage","url":"https:\/\/radioportoseguro.com.br\/site\/wp-content\/uploads\/2026\/03\/3063164531-monica-mcfarlan.jpg","contentUrl":"https:\/\/radioportoseguro.com.br\/site\/wp-content\/uploads\/2026\/03\/3063164531-monica-mcfarlan.jpg","width":1200,"height":600},{"@type":"BreadcrumbList","@id":"https:\/\/radioportoseguro.com.br\/site\/2026\/03\/06\/mulher-com-quadro-terminal-se-despede-da-familia-mas-vive-milagre-sem-deus-nao-viveria\/#breadcrumb","itemListElement":[{"@type":"ListItem","position":1,"name":"In\u00edcio","item":"https:\/\/radioportoseguro.com.br\/site\/"},{"@type":"ListItem","position":2,"name":"Mulher com quadro terminal se despede da fam\u00edlia, mas vive milagre: \u2018Sem Deus n\u00e3o viveria\u2019"}]},{"@type":"WebSite","@id":"https:\/\/radioportoseguro.com.br\/site\/#website","url":"https:\/\/radioportoseguro.com.br\/site\/","name":"R\u00e1dio Porto Seguro","description":"","potentialAction":[{"@type":"SearchAction","target":{"@type":"EntryPoint","urlTemplate":"https:\/\/radioportoseguro.com.br\/site\/?s={search_term_string}"},"query-input":{"@type":"PropertyValueSpecification","valueRequired":true,"valueName":"search_term_string"}}],"inLanguage":"pt-BR"},{"@type":"Person","@id":"https:\/\/radioportoseguro.com.br\/site\/#\/schema\/person\/7630acdc320186f13639d3c067ec089b","name":"admin","image":{"@type":"ImageObject","inLanguage":"pt-BR","@id":"https:\/\/radioportoseguro.com.br\/site\/#\/schema\/person\/image\/","url":"https:\/\/secure.gravatar.com\/avatar\/caacf4dc1eedb68fab0df8e1ed46c448e578b2466351bbcb61e47d2ac0caaef0?s=96&d=mm&r=g","contentUrl":"https:\/\/secure.gravatar.com\/avatar\/caacf4dc1eedb68fab0df8e1ed46c448e578b2466351bbcb61e47d2ac0caaef0?s=96&d=mm&r=g","caption":"admin"},"sameAs":["https:\/\/radioportoseguro.com.br\/site"],"url":"https:\/\/radioportoseguro.com.br\/site\/author\/hezio\/"}]}},"_links":{"self":[{"href":"https:\/\/radioportoseguro.com.br\/site\/wp-json\/wp\/v2\/posts\/4796","targetHints":{"allow":["GET"]}}],"collection":[{"href":"https:\/\/radioportoseguro.com.br\/site\/wp-json\/wp\/v2\/posts"}],"about":[{"href":"https:\/\/radioportoseguro.com.br\/site\/wp-json\/wp\/v2\/types\/post"}],"author":[{"embeddable":true,"href":"https:\/\/radioportoseguro.com.br\/site\/wp-json\/wp\/v2\/users\/1"}],"replies":[{"embeddable":true,"href":"https:\/\/radioportoseguro.com.br\/site\/wp-json\/wp\/v2\/comments?post=4796"}],"version-history":[{"count":0,"href":"https:\/\/radioportoseguro.com.br\/site\/wp-json\/wp\/v2\/posts\/4796\/revisions"}],"wp:featuredmedia":[{"embeddable":true,"href":"https:\/\/radioportoseguro.com.br\/site\/wp-json\/wp\/v2\/media\/4797"}],"wp:attachment":[{"href":"https:\/\/radioportoseguro.com.br\/site\/wp-json\/wp\/v2\/media?parent=4796"}],"wp:term":[{"taxonomy":"category","embeddable":true,"href":"https:\/\/radioportoseguro.com.br\/site\/wp-json\/wp\/v2\/categories?post=4796"},{"taxonomy":"post_tag","embeddable":true,"href":"https:\/\/radioportoseguro.com.br\/site\/wp-json\/wp\/v2\/tags?post=4796"}],"curies":[{"name":"wp","href":"https:\/\/api.w.org\/{rel}","templated":true}]}}