{"id":4806,"date":"2026-03-07T02:46:40","date_gmt":"2026-03-07T05:46:40","guid":{"rendered":"https:\/\/radioportoseguro.com.br\/site\/2026\/03\/07\/fala-iluminada-a-vida-que-vem-de-jesus\/"},"modified":"2026-03-07T02:46:40","modified_gmt":"2026-03-07T05:46:40","slug":"fala-iluminada-a-vida-que-vem-de-jesus","status":"publish","type":"post","link":"https:\/\/radioportoseguro.com.br\/site\/2026\/03\/07\/fala-iluminada-a-vida-que-vem-de-jesus\/","title":{"rendered":"Fala iluminada: A vida que vem de Jesus"},"content":{"rendered":"<p><br \/>\n<br \/><\/p>\n<div>\n<p>Falar n\u00e3o \u00e9 apenas uma ideia que se clarifica, mas uma intui\u00e7\u00e3o interna que ilumina. Essa intui\u00e7\u00e3o \u00e9 a manifesta\u00e7\u00e3o espiritual do humano. Quando algu\u00e9m fala \u00e9 conduzido pela intui\u00e7\u00e3o. O canto, por sua vez tamb\u00e9m \u00e9 riqu\u00edssimo: quando algu\u00e9m canta, \u00e9 conduzido pela m\u00fasica.<\/p>\n<p>Ao se tentar, de algum modo, controlar o que se diz, surge uma forma obsessiva de express\u00e3o que recha\u00e7a a intui\u00e7\u00e3o. Busca-se dizer algo independente do que se est\u00e1 sentindo.<\/p>\n<p>Jesus, ao falar, expressava espontaneamente a palavra que \u00e9 a vida presente nele mesmo. De repente, percebeu o que estavam obsessivamente pensando: queriam mat\u00e1-lo. Quando a vida se revela, pode incomodar, porque a palavra \u00e9 iluminada pela intui\u00e7\u00e3o, que se contrap\u00f5e ao discurso institu\u00eddo pelas representa\u00e7\u00f5es e performances do espet\u00e1culo.<\/p>\n<p>A palavra que nasce da intui\u00e7\u00e3o n\u00e3o busca convencer, mas revelar. N\u00e3o busca criar experi\u00eancias sensoriais, mas desperta transforma\u00e7\u00f5es vitais. Ela brota como vida que se oferece, sem c\u00e1lculo, sem espet\u00e1culo, sem a obsess\u00e3o de controlar o pr\u00f3prio dizer. Quando essa palavra emerge, desarma discursos e exp\u00f5e o que est\u00e1 oculto, porque toca o lugar onde o humano \u00e9 mais verdadeiro. E \u00e9 justamente a\u00ed que sua for\u00e7a se manifesta: na coragem de deixar que a vida fale por si, iluminando o que somos e o que tememos ver.<\/p>\n<p>&#8212;&#8212;&#8211;<\/p>\n<p>Texto de Carlos Jos\u00e9 Hern\u00e1ndez (m\u00e9dico psiquiatra e doutor em medicina) e Clarice Ebert (psic\u00f3loga &#8211; CRP08\/14038, terapeuta familiar e de casais, e mestre em teologia)<\/p>\n<p>\u00a0<\/p>\n<p><strong>Clarice Ebert<\/strong> (@clariceebert) \u00e9 psic\u00f3loga (CRP0814038), Terapeuta Familiar, Mestre em Teologia, Professora, Palestrante, Escritora. S\u00f3cia do Instituto Phileo de Psicologia, onde atua como profissional da psicologia em atendimentos presenciais e online (individual, de casal e de fam\u00edlia). Membro e docente de EIRENE do Brasil.<\/p>\n<p><em>* O conte\u00fado do texto acima \u00e9 uma colabora\u00e7\u00e3o volunt\u00e1ria, de total responsabilidade do autor e n\u00e3o reflete necessariamente a opini\u00e3o do Portal Guiame.<\/em><\/p>\n<p>Leia o artigo anterior: <span style=\"color: #800000;\"><strong>Cicatrizes que se abra\u00e7am<\/strong><\/span><\/p>\n<\/div>\n<p><br \/>\n<br \/>Fonte: Guiame <\/p>\n","protected":false},"excerpt":{"rendered":"<p>Falar n\u00e3o \u00e9 apenas uma ideia que se clarifica, mas uma intui\u00e7\u00e3o interna que ilumina. Essa intui\u00e7\u00e3o \u00e9 a manifesta\u00e7\u00e3o espiritual do humano. Quando algu\u00e9m fala \u00e9 conduzido pela intui\u00e7\u00e3o. O canto, por sua vez tamb\u00e9m \u00e9 riqu\u00edssimo: quando algu\u00e9m canta, \u00e9 conduzido pela m\u00fasica. Ao se tentar, de algum modo, controlar o que se [&hellip;]<\/p>\n","protected":false},"author":1,"featured_media":4807,"comment_status":"","ping_status":"open","sticky":false,"template":"","format":"standard","meta":{"footnotes":""},"categories":[43],"tags":[],"class_list":["post-4806","post","type-post","status-publish","format-standard","has-post-thumbnail","hentry","category-destaques"],"yoast_head":"<!-- This site is optimized with the Yoast SEO plugin v26.8 - https:\/\/yoast.com\/product\/yoast-seo-wordpress\/ -->\n<title>Fala iluminada: A vida que vem de Jesus - R\u00e1dio Porto Seguro<\/title>\n<meta name=\"robots\" content=\"index, follow, max-snippet:-1, max-image-preview:large, max-video-preview:-1\" \/>\n<link rel=\"canonical\" href=\"https:\/\/radioportoseguro.com.br\/site\/2026\/03\/07\/fala-iluminada-a-vida-que-vem-de-jesus\/\" \/>\n<meta property=\"og:locale\" content=\"pt_BR\" \/>\n<meta property=\"og:type\" content=\"article\" \/>\n<meta property=\"og:title\" content=\"Fala iluminada: A vida que vem de Jesus - R\u00e1dio Porto Seguro\" \/>\n<meta property=\"og:description\" content=\"Falar n\u00e3o \u00e9 apenas uma ideia que se clarifica, mas uma intui\u00e7\u00e3o interna que ilumina. Essa intui\u00e7\u00e3o \u00e9 a manifesta\u00e7\u00e3o espiritual do humano. Quando algu\u00e9m fala \u00e9 conduzido pela intui\u00e7\u00e3o. O canto, por sua vez tamb\u00e9m \u00e9 riqu\u00edssimo: quando algu\u00e9m canta, \u00e9 conduzido pela m\u00fasica. Ao se tentar, de algum modo, controlar o que se [&hellip;]\" \/>\n<meta property=\"og:url\" content=\"https:\/\/radioportoseguro.com.br\/site\/2026\/03\/07\/fala-iluminada-a-vida-que-vem-de-jesus\/\" \/>\n<meta property=\"og:site_name\" content=\"R\u00e1dio Porto Seguro\" \/>\n<meta property=\"article:published_time\" content=\"2026-03-07T05:46:40+00:00\" \/>\n<meta property=\"og:image\" content=\"https:\/\/media.guiame.com.br\/archives\/2026\/03\/06\/3397084519-mulher.png\" \/>\n<meta name=\"author\" content=\"admin\" \/>\n<meta name=\"twitter:card\" content=\"summary_large_image\" \/>\n<meta name=\"twitter:label1\" content=\"Escrito por\" \/>\n\t<meta name=\"twitter:data1\" content=\"admin\" \/>\n\t<meta name=\"twitter:label2\" content=\"Est. tempo de leitura\" \/>\n\t<meta name=\"twitter:data2\" content=\"2 minutos\" \/>\n<script type=\"application\/ld+json\" class=\"yoast-schema-graph\">{\"@context\":\"https:\/\/schema.org\",\"@graph\":[{\"@type\":\"Article\",\"@id\":\"https:\/\/radioportoseguro.com.br\/site\/2026\/03\/07\/fala-iluminada-a-vida-que-vem-de-jesus\/#article\",\"isPartOf\":{\"@id\":\"https:\/\/radioportoseguro.com.br\/site\/2026\/03\/07\/fala-iluminada-a-vida-que-vem-de-jesus\/\"},\"author\":{\"name\":\"admin\",\"@id\":\"https:\/\/radioportoseguro.com.br\/site\/#\/schema\/person\/7630acdc320186f13639d3c067ec089b\"},\"headline\":\"Fala iluminada: A vida que vem de Jesus\",\"datePublished\":\"2026-03-07T05:46:40+00:00\",\"mainEntityOfPage\":{\"@id\":\"https:\/\/radioportoseguro.com.br\/site\/2026\/03\/07\/fala-iluminada-a-vida-que-vem-de-jesus\/\"},\"wordCount\":359,\"image\":{\"@id\":\"https:\/\/radioportoseguro.com.br\/site\/2026\/03\/07\/fala-iluminada-a-vida-que-vem-de-jesus\/#primaryimage\"},\"thumbnailUrl\":\"https:\/\/radioportoseguro.com.br\/site\/wp-content\/uploads\/2026\/03\/3397084519-mulher.png\",\"articleSection\":[\"Destaques\"],\"inLanguage\":\"pt-BR\"},{\"@type\":\"WebPage\",\"@id\":\"https:\/\/radioportoseguro.com.br\/site\/2026\/03\/07\/fala-iluminada-a-vida-que-vem-de-jesus\/\",\"url\":\"https:\/\/radioportoseguro.com.br\/site\/2026\/03\/07\/fala-iluminada-a-vida-que-vem-de-jesus\/\",\"name\":\"Fala iluminada: A vida que vem de Jesus - R\u00e1dio Porto Seguro\",\"isPartOf\":{\"@id\":\"https:\/\/radioportoseguro.com.br\/site\/#website\"},\"primaryImageOfPage\":{\"@id\":\"https:\/\/radioportoseguro.com.br\/site\/2026\/03\/07\/fala-iluminada-a-vida-que-vem-de-jesus\/#primaryimage\"},\"image\":{\"@id\":\"https:\/\/radioportoseguro.com.br\/site\/2026\/03\/07\/fala-iluminada-a-vida-que-vem-de-jesus\/#primaryimage\"},\"thumbnailUrl\":\"https:\/\/radioportoseguro.com.br\/site\/wp-content\/uploads\/2026\/03\/3397084519-mulher.png\",\"datePublished\":\"2026-03-07T05:46:40+00:00\",\"author\":{\"@id\":\"https:\/\/radioportoseguro.com.br\/site\/#\/schema\/person\/7630acdc320186f13639d3c067ec089b\"},\"breadcrumb\":{\"@id\":\"https:\/\/radioportoseguro.com.br\/site\/2026\/03\/07\/fala-iluminada-a-vida-que-vem-de-jesus\/#breadcrumb\"},\"inLanguage\":\"pt-BR\",\"potentialAction\":[{\"@type\":\"ReadAction\",\"target\":[\"https:\/\/radioportoseguro.com.br\/site\/2026\/03\/07\/fala-iluminada-a-vida-que-vem-de-jesus\/\"]}]},{\"@type\":\"ImageObject\",\"inLanguage\":\"pt-BR\",\"@id\":\"https:\/\/radioportoseguro.com.br\/site\/2026\/03\/07\/fala-iluminada-a-vida-que-vem-de-jesus\/#primaryimage\",\"url\":\"https:\/\/radioportoseguro.com.br\/site\/wp-content\/uploads\/2026\/03\/3397084519-mulher.png\",\"contentUrl\":\"https:\/\/radioportoseguro.com.br\/site\/wp-content\/uploads\/2026\/03\/3397084519-mulher.png\",\"width\":1200,\"height\":600},{\"@type\":\"BreadcrumbList\",\"@id\":\"https:\/\/radioportoseguro.com.br\/site\/2026\/03\/07\/fala-iluminada-a-vida-que-vem-de-jesus\/#breadcrumb\",\"itemListElement\":[{\"@type\":\"ListItem\",\"position\":1,\"name\":\"In\u00edcio\",\"item\":\"https:\/\/radioportoseguro.com.br\/site\/\"},{\"@type\":\"ListItem\",\"position\":2,\"name\":\"Fala iluminada: A vida que vem de Jesus\"}]},{\"@type\":\"WebSite\",\"@id\":\"https:\/\/radioportoseguro.com.br\/site\/#website\",\"url\":\"https:\/\/radioportoseguro.com.br\/site\/\",\"name\":\"R\u00e1dio Porto Seguro\",\"description\":\"\",\"potentialAction\":[{\"@type\":\"SearchAction\",\"target\":{\"@type\":\"EntryPoint\",\"urlTemplate\":\"https:\/\/radioportoseguro.com.br\/site\/?s={search_term_string}\"},\"query-input\":{\"@type\":\"PropertyValueSpecification\",\"valueRequired\":true,\"valueName\":\"search_term_string\"}}],\"inLanguage\":\"pt-BR\"},{\"@type\":\"Person\",\"@id\":\"https:\/\/radioportoseguro.com.br\/site\/#\/schema\/person\/7630acdc320186f13639d3c067ec089b\",\"name\":\"admin\",\"image\":{\"@type\":\"ImageObject\",\"inLanguage\":\"pt-BR\",\"@id\":\"https:\/\/radioportoseguro.com.br\/site\/#\/schema\/person\/image\/\",\"url\":\"https:\/\/secure.gravatar.com\/avatar\/caacf4dc1eedb68fab0df8e1ed46c448e578b2466351bbcb61e47d2ac0caaef0?s=96&d=mm&r=g\",\"contentUrl\":\"https:\/\/secure.gravatar.com\/avatar\/caacf4dc1eedb68fab0df8e1ed46c448e578b2466351bbcb61e47d2ac0caaef0?s=96&d=mm&r=g\",\"caption\":\"admin\"},\"sameAs\":[\"https:\/\/radioportoseguro.com.br\/site\"],\"url\":\"https:\/\/radioportoseguro.com.br\/site\/author\/hezio\/\"}]}<\/script>\n<!-- \/ Yoast SEO plugin. -->","yoast_head_json":{"title":"Fala iluminada: A vida que vem de Jesus - R\u00e1dio Porto Seguro","robots":{"index":"index","follow":"follow","max-snippet":"max-snippet:-1","max-image-preview":"max-image-preview:large","max-video-preview":"max-video-preview:-1"},"canonical":"https:\/\/radioportoseguro.com.br\/site\/2026\/03\/07\/fala-iluminada-a-vida-que-vem-de-jesus\/","og_locale":"pt_BR","og_type":"article","og_title":"Fala iluminada: A vida que vem de Jesus - R\u00e1dio Porto Seguro","og_description":"Falar n\u00e3o \u00e9 apenas uma ideia que se clarifica, mas uma intui\u00e7\u00e3o interna que ilumina. Essa intui\u00e7\u00e3o \u00e9 a manifesta\u00e7\u00e3o espiritual do humano. Quando algu\u00e9m fala \u00e9 conduzido pela intui\u00e7\u00e3o. O canto, por sua vez tamb\u00e9m \u00e9 riqu\u00edssimo: quando algu\u00e9m canta, \u00e9 conduzido pela m\u00fasica. Ao se tentar, de algum modo, controlar o que se [&hellip;]","og_url":"https:\/\/radioportoseguro.com.br\/site\/2026\/03\/07\/fala-iluminada-a-vida-que-vem-de-jesus\/","og_site_name":"R\u00e1dio Porto Seguro","article_published_time":"2026-03-07T05:46:40+00:00","og_image":[{"url":"https:\/\/media.guiame.com.br\/archives\/2026\/03\/06\/3397084519-mulher.png","type":"","width":"","height":""}],"author":"admin","twitter_card":"summary_large_image","twitter_misc":{"Escrito por":"admin","Est. tempo de leitura":"2 minutos"},"schema":{"@context":"https:\/\/schema.org","@graph":[{"@type":"Article","@id":"https:\/\/radioportoseguro.com.br\/site\/2026\/03\/07\/fala-iluminada-a-vida-que-vem-de-jesus\/#article","isPartOf":{"@id":"https:\/\/radioportoseguro.com.br\/site\/2026\/03\/07\/fala-iluminada-a-vida-que-vem-de-jesus\/"},"author":{"name":"admin","@id":"https:\/\/radioportoseguro.com.br\/site\/#\/schema\/person\/7630acdc320186f13639d3c067ec089b"},"headline":"Fala iluminada: A vida que vem de Jesus","datePublished":"2026-03-07T05:46:40+00:00","mainEntityOfPage":{"@id":"https:\/\/radioportoseguro.com.br\/site\/2026\/03\/07\/fala-iluminada-a-vida-que-vem-de-jesus\/"},"wordCount":359,"image":{"@id":"https:\/\/radioportoseguro.com.br\/site\/2026\/03\/07\/fala-iluminada-a-vida-que-vem-de-jesus\/#primaryimage"},"thumbnailUrl":"https:\/\/radioportoseguro.com.br\/site\/wp-content\/uploads\/2026\/03\/3397084519-mulher.png","articleSection":["Destaques"],"inLanguage":"pt-BR"},{"@type":"WebPage","@id":"https:\/\/radioportoseguro.com.br\/site\/2026\/03\/07\/fala-iluminada-a-vida-que-vem-de-jesus\/","url":"https:\/\/radioportoseguro.com.br\/site\/2026\/03\/07\/fala-iluminada-a-vida-que-vem-de-jesus\/","name":"Fala iluminada: A vida que vem de Jesus - R\u00e1dio Porto Seguro","isPartOf":{"@id":"https:\/\/radioportoseguro.com.br\/site\/#website"},"primaryImageOfPage":{"@id":"https:\/\/radioportoseguro.com.br\/site\/2026\/03\/07\/fala-iluminada-a-vida-que-vem-de-jesus\/#primaryimage"},"image":{"@id":"https:\/\/radioportoseguro.com.br\/site\/2026\/03\/07\/fala-iluminada-a-vida-que-vem-de-jesus\/#primaryimage"},"thumbnailUrl":"https:\/\/radioportoseguro.com.br\/site\/wp-content\/uploads\/2026\/03\/3397084519-mulher.png","datePublished":"2026-03-07T05:46:40+00:00","author":{"@id":"https:\/\/radioportoseguro.com.br\/site\/#\/schema\/person\/7630acdc320186f13639d3c067ec089b"},"breadcrumb":{"@id":"https:\/\/radioportoseguro.com.br\/site\/2026\/03\/07\/fala-iluminada-a-vida-que-vem-de-jesus\/#breadcrumb"},"inLanguage":"pt-BR","potentialAction":[{"@type":"ReadAction","target":["https:\/\/radioportoseguro.com.br\/site\/2026\/03\/07\/fala-iluminada-a-vida-que-vem-de-jesus\/"]}]},{"@type":"ImageObject","inLanguage":"pt-BR","@id":"https:\/\/radioportoseguro.com.br\/site\/2026\/03\/07\/fala-iluminada-a-vida-que-vem-de-jesus\/#primaryimage","url":"https:\/\/radioportoseguro.com.br\/site\/wp-content\/uploads\/2026\/03\/3397084519-mulher.png","contentUrl":"https:\/\/radioportoseguro.com.br\/site\/wp-content\/uploads\/2026\/03\/3397084519-mulher.png","width":1200,"height":600},{"@type":"BreadcrumbList","@id":"https:\/\/radioportoseguro.com.br\/site\/2026\/03\/07\/fala-iluminada-a-vida-que-vem-de-jesus\/#breadcrumb","itemListElement":[{"@type":"ListItem","position":1,"name":"In\u00edcio","item":"https:\/\/radioportoseguro.com.br\/site\/"},{"@type":"ListItem","position":2,"name":"Fala iluminada: A vida que vem de Jesus"}]},{"@type":"WebSite","@id":"https:\/\/radioportoseguro.com.br\/site\/#website","url":"https:\/\/radioportoseguro.com.br\/site\/","name":"R\u00e1dio Porto Seguro","description":"","potentialAction":[{"@type":"SearchAction","target":{"@type":"EntryPoint","urlTemplate":"https:\/\/radioportoseguro.com.br\/site\/?s={search_term_string}"},"query-input":{"@type":"PropertyValueSpecification","valueRequired":true,"valueName":"search_term_string"}}],"inLanguage":"pt-BR"},{"@type":"Person","@id":"https:\/\/radioportoseguro.com.br\/site\/#\/schema\/person\/7630acdc320186f13639d3c067ec089b","name":"admin","image":{"@type":"ImageObject","inLanguage":"pt-BR","@id":"https:\/\/radioportoseguro.com.br\/site\/#\/schema\/person\/image\/","url":"https:\/\/secure.gravatar.com\/avatar\/caacf4dc1eedb68fab0df8e1ed46c448e578b2466351bbcb61e47d2ac0caaef0?s=96&d=mm&r=g","contentUrl":"https:\/\/secure.gravatar.com\/avatar\/caacf4dc1eedb68fab0df8e1ed46c448e578b2466351bbcb61e47d2ac0caaef0?s=96&d=mm&r=g","caption":"admin"},"sameAs":["https:\/\/radioportoseguro.com.br\/site"],"url":"https:\/\/radioportoseguro.com.br\/site\/author\/hezio\/"}]}},"_links":{"self":[{"href":"https:\/\/radioportoseguro.com.br\/site\/wp-json\/wp\/v2\/posts\/4806","targetHints":{"allow":["GET"]}}],"collection":[{"href":"https:\/\/radioportoseguro.com.br\/site\/wp-json\/wp\/v2\/posts"}],"about":[{"href":"https:\/\/radioportoseguro.com.br\/site\/wp-json\/wp\/v2\/types\/post"}],"author":[{"embeddable":true,"href":"https:\/\/radioportoseguro.com.br\/site\/wp-json\/wp\/v2\/users\/1"}],"replies":[{"embeddable":true,"href":"https:\/\/radioportoseguro.com.br\/site\/wp-json\/wp\/v2\/comments?post=4806"}],"version-history":[{"count":0,"href":"https:\/\/radioportoseguro.com.br\/site\/wp-json\/wp\/v2\/posts\/4806\/revisions"}],"wp:featuredmedia":[{"embeddable":true,"href":"https:\/\/radioportoseguro.com.br\/site\/wp-json\/wp\/v2\/media\/4807"}],"wp:attachment":[{"href":"https:\/\/radioportoseguro.com.br\/site\/wp-json\/wp\/v2\/media?parent=4806"}],"wp:term":[{"taxonomy":"category","embeddable":true,"href":"https:\/\/radioportoseguro.com.br\/site\/wp-json\/wp\/v2\/categories?post=4806"},{"taxonomy":"post_tag","embeddable":true,"href":"https:\/\/radioportoseguro.com.br\/site\/wp-json\/wp\/v2\/tags?post=4806"}],"curies":[{"name":"wp","href":"https:\/\/api.w.org\/{rel}","templated":true}]}}