{"id":4808,"date":"2026-03-07T04:52:10","date_gmt":"2026-03-07T07:52:10","guid":{"rendered":"https:\/\/radioportoseguro.com.br\/site\/2026\/03\/07\/especialista-em-profecias-biblicas-aponta-conexoes-entre-guerra-no-ira-e-o-fim-dos-tempos\/"},"modified":"2026-03-07T04:52:10","modified_gmt":"2026-03-07T07:52:10","slug":"especialista-em-profecias-biblicas-aponta-conexoes-entre-guerra-no-ira-e-o-fim-dos-tempos","status":"publish","type":"post","link":"https:\/\/radioportoseguro.com.br\/site\/2026\/03\/07\/especialista-em-profecias-biblicas-aponta-conexoes-entre-guerra-no-ira-e-o-fim-dos-tempos\/","title":{"rendered":"Especialista em profecias b\u00edblicas aponta conex\u00f5es entre guerra no Ir\u00e3 e o fim dos tempos"},"content":{"rendered":"<p><br \/>\n<br \/><\/p>\n<div>\n<p><span style=\"font-weight: 400;\">Desde o in\u00edcio da guerra no Ir\u00e3, muitos crist\u00e3os t\u00eam buscado entender se o conflito pode ter alguma rela\u00e7\u00e3o com profecias b\u00edblicas sobre o fim dos tempos. Ao comentar o cen\u00e1rio atual, o pastor americano <span style=\"color: #993300;\"><strong>Jack Hibbs<\/strong><\/span>, especialista em profecias b\u00edblicas, apontou v\u00e1rias passagens da B\u00edblia que podem estar conectadas aos acontecimentos no Oriente M\u00e9dio.<\/span><\/p>\n<p><span style=\"font-weight: 400;\">Um dos pontos destacados pelo pastor envolve a previs\u00e3o de Jesus sobre guerras no fim dos tempos. Em Mateus 24:6, Jesus disse:\u00a0<\/span><\/p>\n<p><em><span style=\"font-weight: 400;\">\u201cVoc\u00eas ouvir\u00e3o falar de guerras e rumores de guerras. Fiquem atentos e n\u00e3o se assustem, porque \u00e9 necess\u00e1rio que isso aconte\u00e7a, mas ainda n\u00e3o \u00e9 o fim.\u201d<\/span><\/em><\/p>\n<p><span style=\"font-weight: 400;\">Para Hibbs, essa advert\u00eancia de Jesus mostra que os crist\u00e3os n\u00e3o devem ser surpreendidos pelas guerras ao redor do mundo.<\/span><\/p>\n<p><span style=\"font-weight: 400;\">O pastor tamb\u00e9m destacou que as profecias b\u00edblicas s\u00e3o dadas com anteced\u00eancia para fortalecer a f\u00e9 das pessoas quando os <span style=\"color: #993300;\"><strong>acontecimentos<\/strong><\/span> se cumprem.<\/span><\/p>\n<p><span style=\"font-weight: 400;\">\u201cJesus disse em Jo\u00e3o 14:29: \u201c\u2018Isso eu falei agora, antes que aconte\u00e7a, para que, quando acontecer, voc\u00eas creiam\u2019\u201d, afirmou Hibbs \u00e0 CBN News.<\/span><\/p>\n<p><strong>Profecias e os conflitos no Oriente M\u00e9dio<\/strong><span style=\"font-weight: 400;\">\u00a0<\/span><\/p>\n<p><span style=\"font-weight: 400;\">O pastor lembra que, na B\u00edblia, Deus se refere ao povo israelense como \u201ca menina dos meus olhos\u201d \u2014 por isso, os acontecimentos envolvendo Israel sempre t\u00eam grande relev\u00e2ncia dentro da interpreta\u00e7\u00e3o prof\u00e9tica das Escrituras.<\/span><\/p>\n<p><span style=\"font-weight: 400;\">O pastor tamb\u00e9m chamou aten\u00e7\u00e3o para uma antiga profecia registrada no livro de Jeremias. A passagem menciona El\u00e3o, uma regi\u00e3o que fazia parte do antigo Imp\u00e9rio Persa \u2014 territ\u00f3rio que hoje corresponde ao Ir\u00e3.<\/span><\/p>\n<p><em><span style=\"font-weight: 400;\">\u201cAssim diz o Senhor dos Ex\u00e9rcitos: \u2014 Eis que eu quebrarei o arco de El\u00e3o, a fonte do seu poder. Trarei sobre El\u00e3o os quatro ventos dos quatro cantos da terra e os dispersarei na dire\u00e7\u00e3o de todos esses ventos; e n\u00e3o haver\u00e1 pa\u00eds aonde n\u00e3o cheguem os fugitivos de El\u00e3o. Farei com que o povo de El\u00e3o trema diante dos seus inimigos e diante dos que querem mat\u00e1-los. Farei vir sobre os elamitas o mal, o furor da minha ira, diz o Senhor; e enviarei a espada ap\u00f3s eles, at\u00e9 que eu os tenha destru\u00eddo. Porei o meu trono em El\u00e3o e destruirei dali o rei e os oficiais, diz o Senhor. Mas, nos \u00faltimos dias, mudarei a sorte de El\u00e3o, diz o Senhor.\u201d (\u202d\u202dJeremias\u202c \u202d49\u202c:\u202d35\u202c-\u202d39\u202c)<\/span><\/em><\/p>\n<p><span style=\"font-weight: 400;\">Segundo Hibbs, a profecia pode estar relacionada \u00e0 di\u00e1spora iraniana iniciada ap\u00f3s a Revolu\u00e7\u00e3o Isl\u00e2mica de 1979, quando mais de um milh\u00e3o de persas deixaram o pa\u00eds.<\/span><\/p>\n<p><span style=\"font-weight: 400;\">\u201cSer\u00e1 poss\u00edvel que estejamos vendo o cumprimento de Jeremias 49:35\u201339, onde Deus agora est\u00e1 destruindo o rei e seus pr\u00edncipes \u2014 seus descendentes \u2014 e Ele vai trazer de volta todos aqueles que foram expulsos?\u201d, questionou o pastor.<\/span><\/p>\n<p><span style=\"font-weight: 400;\">Outro texto prof\u00e9tico citado pelo pastor \u00e9 \u202d\u202dEzequiel\u202c \u202d38\u202c:\u202d14\u202c-\u202d16:<\/span><\/p>\n<p><span style=\"font-weight: 400;\">\u201cAssim diz o Senhor Deus: \u2018Ser\u00e1 que, naquele dia, quando o meu povo de Israel estiver vivendo em seguran\u00e7a, voc\u00ea n\u00e3o ficar\u00e1 sabendo? Voc\u00ea vir\u00e1 do seu lugar, dos lados do Norte, voc\u00ea e muitos povos com voc\u00ea, todos montados em cavalos, uma grande multid\u00e3o e um poderoso ex\u00e9rcito. Voc\u00ea subir\u00e1 contra o meu povo de Israel, como nuvem, para cobrir a terra. Nos \u00faltimos dias, trarei voc\u00ea contra a minha terra, para que as na\u00e7\u00f5es me conhe\u00e7am, quando eu tiver revelado a minha santidade em voc\u00ea, \u00f3 Gogue, diante das na\u00e7\u00f5es.\u2019\u201d<\/span><\/p>\n<p><span style=\"font-weight: 400;\">Hibbs observa que, nos \u00faltimos anos, Israel tem neutralizado suas amea\u00e7as, como Hamas e Hezbollah. Ele acredita que, caso haja uma mudan\u00e7a no governo iraniano, Israel poderia viver um per\u00edodo de maior estabilidade \u2014 e isso poderia criar o cen\u00e1rio descrito na profecia de Ezequiel.<\/span><\/p>\n<p><span style=\"font-weight: 400;\">Outra passagem b\u00edblica est\u00e1 em Isa\u00edas 17, que descreve a profecia sobre a destrui\u00e7\u00e3o de Damasco, na S\u00edria.<\/span><\/p>\n<p><em><span style=\"font-weight: 400;\">\u201cDamasco deixar\u00e1 de ser cidade; ela se tornar\u00e1 um monte de ru\u00ednas. As cidades de Aroer ser\u00e3o abandonadas; ser\u00e3o dos rebanhos que ali se deitar\u00e3o, e ningu\u00e9m os espantar\u00e1.\u201d (\u202d\u202dIsa\u00edas\u202c \u202d17\u202c:\u202d1\u202c-\u202d2\u202c)<\/span><\/em><\/p>\n<p><span style=\"font-weight: 400;\">Ele destaca que a profecia diz que a cidade deixar\u00e1 de existir como um local habitado \u2014 algo que, segundo Hibbs, nunca ocorreu na hist\u00f3ria.<\/span><\/p>\n<p><span style=\"font-weight: 400;\">Por isso, ele faz um alerta: \u201cSempre mantenha os olhos em Isa\u00edas 17\u201d.<\/span><\/p>\n<p><strong>Batalha espiritual por tr\u00e1s das guerras<\/strong><\/p>\n<p><span style=\"font-weight: 400;\">Al\u00e9m das quest\u00f5es pol\u00edticas e militares, Hibbs enfatizou que a B\u00edblia tamb\u00e9m apresenta uma dimens\u00e3o espiritual por tr\u00e1s dos acontecimentos mundiais.<\/span><\/p>\n<p><span style=\"font-weight: 400;\">Ele citou o livro de \u202d\u202dDaniel\u202c \u202d10\u202c:\u202d13\u202c, que menciona o \u201cpr\u00edncipe do reino da P\u00e9rsia\u201d resistindo ao anjo Miguel, enviado por Deus.<\/span><\/p>\n<p><span style=\"font-weight: 400;\">\u201cExistem principados espirituais designados sobre na\u00e7\u00f5es\u201d, explicou o pastor.<\/span><\/p>\n<p><strong>Crescimento do cristianismo no Ir\u00e3\u00a0<\/strong><\/p>\n<p><span style=\"font-weight: 400;\">Apesar das tens\u00f5es no Oriente M\u00e9dio, Hibbs tamb\u00e9m destacou sinais de crescimento do cristianismo dentro do pr\u00f3prio Ir\u00e3.<\/span><\/p>\n<p><span style=\"font-weight: 400;\">Ele observa que, nos \u00faltimos anos, houve \u201cum grande n\u00famero de downloads de B\u00edblias e materiais crist\u00e3os no pa\u00eds\u201d. Al\u00e9m disso, h\u00e1 ind\u00edcios de que a igreja iraniana est\u00e1 entre as que mais crescem no mundo atualmente.<\/span><\/p>\n<p><span style=\"font-weight: 400;\">Hibbs tamb\u00e9m comentou que os ataques promovidos pelo regime iraniano possuem uma forte motiva\u00e7\u00e3o religiosa \u2014 muitos l\u00edderes mu\u00e7ulmanos no Ir\u00e3 acreditam que provocar um grande conflito global poderia acelerar a vinda do Mahdi, figura considerada o messias no islamismo xiita.<\/span><\/p>\n<p><span style=\"font-weight: 400;\">O pastor afirmou que, segundo essa cren\u00e7a, gerar caos e destrui\u00e7\u00e3o poderia \u201cacelerar\u201d o surgimento do \u201cmessias isl\u00e2mico\u201d.<\/span><\/p>\n<\/div>\n<p><br \/>\n<br \/>Fonte: Guiame <\/p>\n","protected":false},"excerpt":{"rendered":"<p>Desde o in\u00edcio da guerra no Ir\u00e3, muitos crist\u00e3os t\u00eam buscado entender se o conflito pode ter alguma rela\u00e7\u00e3o com profecias b\u00edblicas sobre o fim dos tempos. Ao comentar o cen\u00e1rio atual, o pastor americano Jack Hibbs, especialista em profecias b\u00edblicas, apontou v\u00e1rias passagens da B\u00edblia que podem estar conectadas aos acontecimentos no Oriente M\u00e9dio. [&hellip;]<\/p>\n","protected":false},"author":1,"featured_media":4809,"comment_status":"","ping_status":"open","sticky":false,"template":"","format":"standard","meta":{"footnotes":""},"categories":[43],"tags":[],"class_list":["post-4808","post","type-post","status-publish","format-standard","has-post-thumbnail","hentry","category-destaques"],"yoast_head":"<!-- This site is optimized with the Yoast SEO plugin v26.8 - https:\/\/yoast.com\/product\/yoast-seo-wordpress\/ -->\n<title>Especialista em profecias b\u00edblicas aponta conex\u00f5es entre guerra no Ir\u00e3 e o fim dos tempos - R\u00e1dio Porto Seguro<\/title>\n<meta name=\"robots\" content=\"index, follow, max-snippet:-1, max-image-preview:large, max-video-preview:-1\" \/>\n<link rel=\"canonical\" href=\"https:\/\/radioportoseguro.com.br\/site\/2026\/03\/07\/especialista-em-profecias-biblicas-aponta-conexoes-entre-guerra-no-ira-e-o-fim-dos-tempos\/\" \/>\n<meta property=\"og:locale\" content=\"pt_BR\" \/>\n<meta property=\"og:type\" content=\"article\" \/>\n<meta property=\"og:title\" content=\"Especialista em profecias b\u00edblicas aponta conex\u00f5es entre guerra no Ir\u00e3 e o fim dos tempos - R\u00e1dio Porto Seguro\" \/>\n<meta property=\"og:description\" content=\"Desde o in\u00edcio da guerra no Ir\u00e3, muitos crist\u00e3os t\u00eam buscado entender se o conflito pode ter alguma rela\u00e7\u00e3o com profecias b\u00edblicas sobre o fim dos tempos. Ao comentar o cen\u00e1rio atual, o pastor americano Jack Hibbs, especialista em profecias b\u00edblicas, apontou v\u00e1rias passagens da B\u00edblia que podem estar conectadas aos acontecimentos no Oriente M\u00e9dio. [&hellip;]\" \/>\n<meta property=\"og:url\" content=\"https:\/\/radioportoseguro.com.br\/site\/2026\/03\/07\/especialista-em-profecias-biblicas-aponta-conexoes-entre-guerra-no-ira-e-o-fim-dos-tempos\/\" \/>\n<meta property=\"og:site_name\" content=\"R\u00e1dio Porto Seguro\" \/>\n<meta property=\"article:published_time\" content=\"2026-03-07T07:52:10+00:00\" \/>\n<meta property=\"og:image\" content=\"https:\/\/media.guiame.com.br\/archives\/2026\/03\/06\/1706571248-jack-hibbs.jpg\" \/>\n<meta name=\"author\" content=\"admin\" \/>\n<meta name=\"twitter:card\" content=\"summary_large_image\" \/>\n<meta name=\"twitter:label1\" content=\"Escrito por\" \/>\n\t<meta name=\"twitter:data1\" content=\"admin\" \/>\n\t<meta name=\"twitter:label2\" content=\"Est. tempo de leitura\" \/>\n\t<meta name=\"twitter:data2\" content=\"5 minutos\" \/>\n<script type=\"application\/ld+json\" class=\"yoast-schema-graph\">{\"@context\":\"https:\/\/schema.org\",\"@graph\":[{\"@type\":\"Article\",\"@id\":\"https:\/\/radioportoseguro.com.br\/site\/2026\/03\/07\/especialista-em-profecias-biblicas-aponta-conexoes-entre-guerra-no-ira-e-o-fim-dos-tempos\/#article\",\"isPartOf\":{\"@id\":\"https:\/\/radioportoseguro.com.br\/site\/2026\/03\/07\/especialista-em-profecias-biblicas-aponta-conexoes-entre-guerra-no-ira-e-o-fim-dos-tempos\/\"},\"author\":{\"name\":\"admin\",\"@id\":\"https:\/\/radioportoseguro.com.br\/site\/#\/schema\/person\/7630acdc320186f13639d3c067ec089b\"},\"headline\":\"Especialista em profecias b\u00edblicas aponta conex\u00f5es entre guerra no Ir\u00e3 e o fim dos tempos\",\"datePublished\":\"2026-03-07T07:52:10+00:00\",\"mainEntityOfPage\":{\"@id\":\"https:\/\/radioportoseguro.com.br\/site\/2026\/03\/07\/especialista-em-profecias-biblicas-aponta-conexoes-entre-guerra-no-ira-e-o-fim-dos-tempos\/\"},\"wordCount\":961,\"image\":{\"@id\":\"https:\/\/radioportoseguro.com.br\/site\/2026\/03\/07\/especialista-em-profecias-biblicas-aponta-conexoes-entre-guerra-no-ira-e-o-fim-dos-tempos\/#primaryimage\"},\"thumbnailUrl\":\"https:\/\/radioportoseguro.com.br\/site\/wp-content\/uploads\/2026\/03\/1706571248-jack-hibbs.jpg\",\"articleSection\":[\"Destaques\"],\"inLanguage\":\"pt-BR\"},{\"@type\":\"WebPage\",\"@id\":\"https:\/\/radioportoseguro.com.br\/site\/2026\/03\/07\/especialista-em-profecias-biblicas-aponta-conexoes-entre-guerra-no-ira-e-o-fim-dos-tempos\/\",\"url\":\"https:\/\/radioportoseguro.com.br\/site\/2026\/03\/07\/especialista-em-profecias-biblicas-aponta-conexoes-entre-guerra-no-ira-e-o-fim-dos-tempos\/\",\"name\":\"Especialista em profecias b\u00edblicas aponta conex\u00f5es entre guerra no Ir\u00e3 e o fim dos tempos - R\u00e1dio Porto Seguro\",\"isPartOf\":{\"@id\":\"https:\/\/radioportoseguro.com.br\/site\/#website\"},\"primaryImageOfPage\":{\"@id\":\"https:\/\/radioportoseguro.com.br\/site\/2026\/03\/07\/especialista-em-profecias-biblicas-aponta-conexoes-entre-guerra-no-ira-e-o-fim-dos-tempos\/#primaryimage\"},\"image\":{\"@id\":\"https:\/\/radioportoseguro.com.br\/site\/2026\/03\/07\/especialista-em-profecias-biblicas-aponta-conexoes-entre-guerra-no-ira-e-o-fim-dos-tempos\/#primaryimage\"},\"thumbnailUrl\":\"https:\/\/radioportoseguro.com.br\/site\/wp-content\/uploads\/2026\/03\/1706571248-jack-hibbs.jpg\",\"datePublished\":\"2026-03-07T07:52:10+00:00\",\"author\":{\"@id\":\"https:\/\/radioportoseguro.com.br\/site\/#\/schema\/person\/7630acdc320186f13639d3c067ec089b\"},\"breadcrumb\":{\"@id\":\"https:\/\/radioportoseguro.com.br\/site\/2026\/03\/07\/especialista-em-profecias-biblicas-aponta-conexoes-entre-guerra-no-ira-e-o-fim-dos-tempos\/#breadcrumb\"},\"inLanguage\":\"pt-BR\",\"potentialAction\":[{\"@type\":\"ReadAction\",\"target\":[\"https:\/\/radioportoseguro.com.br\/site\/2026\/03\/07\/especialista-em-profecias-biblicas-aponta-conexoes-entre-guerra-no-ira-e-o-fim-dos-tempos\/\"]}]},{\"@type\":\"ImageObject\",\"inLanguage\":\"pt-BR\",\"@id\":\"https:\/\/radioportoseguro.com.br\/site\/2026\/03\/07\/especialista-em-profecias-biblicas-aponta-conexoes-entre-guerra-no-ira-e-o-fim-dos-tempos\/#primaryimage\",\"url\":\"https:\/\/radioportoseguro.com.br\/site\/wp-content\/uploads\/2026\/03\/1706571248-jack-hibbs.jpg\",\"contentUrl\":\"https:\/\/radioportoseguro.com.br\/site\/wp-content\/uploads\/2026\/03\/1706571248-jack-hibbs.jpg\",\"width\":1200,\"height\":600},{\"@type\":\"BreadcrumbList\",\"@id\":\"https:\/\/radioportoseguro.com.br\/site\/2026\/03\/07\/especialista-em-profecias-biblicas-aponta-conexoes-entre-guerra-no-ira-e-o-fim-dos-tempos\/#breadcrumb\",\"itemListElement\":[{\"@type\":\"ListItem\",\"position\":1,\"name\":\"In\u00edcio\",\"item\":\"https:\/\/radioportoseguro.com.br\/site\/\"},{\"@type\":\"ListItem\",\"position\":2,\"name\":\"Especialista em profecias b\u00edblicas aponta conex\u00f5es entre guerra no Ir\u00e3 e o fim dos tempos\"}]},{\"@type\":\"WebSite\",\"@id\":\"https:\/\/radioportoseguro.com.br\/site\/#website\",\"url\":\"https:\/\/radioportoseguro.com.br\/site\/\",\"name\":\"R\u00e1dio Porto Seguro\",\"description\":\"\",\"potentialAction\":[{\"@type\":\"SearchAction\",\"target\":{\"@type\":\"EntryPoint\",\"urlTemplate\":\"https:\/\/radioportoseguro.com.br\/site\/?s={search_term_string}\"},\"query-input\":{\"@type\":\"PropertyValueSpecification\",\"valueRequired\":true,\"valueName\":\"search_term_string\"}}],\"inLanguage\":\"pt-BR\"},{\"@type\":\"Person\",\"@id\":\"https:\/\/radioportoseguro.com.br\/site\/#\/schema\/person\/7630acdc320186f13639d3c067ec089b\",\"name\":\"admin\",\"image\":{\"@type\":\"ImageObject\",\"inLanguage\":\"pt-BR\",\"@id\":\"https:\/\/radioportoseguro.com.br\/site\/#\/schema\/person\/image\/\",\"url\":\"https:\/\/secure.gravatar.com\/avatar\/caacf4dc1eedb68fab0df8e1ed46c448e578b2466351bbcb61e47d2ac0caaef0?s=96&d=mm&r=g\",\"contentUrl\":\"https:\/\/secure.gravatar.com\/avatar\/caacf4dc1eedb68fab0df8e1ed46c448e578b2466351bbcb61e47d2ac0caaef0?s=96&d=mm&r=g\",\"caption\":\"admin\"},\"sameAs\":[\"https:\/\/radioportoseguro.com.br\/site\"],\"url\":\"https:\/\/radioportoseguro.com.br\/site\/author\/hezio\/\"}]}<\/script>\n<!-- \/ Yoast SEO plugin. -->","yoast_head_json":{"title":"Especialista em profecias b\u00edblicas aponta conex\u00f5es entre guerra no Ir\u00e3 e o fim dos tempos - R\u00e1dio Porto Seguro","robots":{"index":"index","follow":"follow","max-snippet":"max-snippet:-1","max-image-preview":"max-image-preview:large","max-video-preview":"max-video-preview:-1"},"canonical":"https:\/\/radioportoseguro.com.br\/site\/2026\/03\/07\/especialista-em-profecias-biblicas-aponta-conexoes-entre-guerra-no-ira-e-o-fim-dos-tempos\/","og_locale":"pt_BR","og_type":"article","og_title":"Especialista em profecias b\u00edblicas aponta conex\u00f5es entre guerra no Ir\u00e3 e o fim dos tempos - R\u00e1dio Porto Seguro","og_description":"Desde o in\u00edcio da guerra no Ir\u00e3, muitos crist\u00e3os t\u00eam buscado entender se o conflito pode ter alguma rela\u00e7\u00e3o com profecias b\u00edblicas sobre o fim dos tempos. Ao comentar o cen\u00e1rio atual, o pastor americano Jack Hibbs, especialista em profecias b\u00edblicas, apontou v\u00e1rias passagens da B\u00edblia que podem estar conectadas aos acontecimentos no Oriente M\u00e9dio. [&hellip;]","og_url":"https:\/\/radioportoseguro.com.br\/site\/2026\/03\/07\/especialista-em-profecias-biblicas-aponta-conexoes-entre-guerra-no-ira-e-o-fim-dos-tempos\/","og_site_name":"R\u00e1dio Porto Seguro","article_published_time":"2026-03-07T07:52:10+00:00","og_image":[{"url":"https:\/\/media.guiame.com.br\/archives\/2026\/03\/06\/1706571248-jack-hibbs.jpg","type":"","width":"","height":""}],"author":"admin","twitter_card":"summary_large_image","twitter_misc":{"Escrito por":"admin","Est. tempo de leitura":"5 minutos"},"schema":{"@context":"https:\/\/schema.org","@graph":[{"@type":"Article","@id":"https:\/\/radioportoseguro.com.br\/site\/2026\/03\/07\/especialista-em-profecias-biblicas-aponta-conexoes-entre-guerra-no-ira-e-o-fim-dos-tempos\/#article","isPartOf":{"@id":"https:\/\/radioportoseguro.com.br\/site\/2026\/03\/07\/especialista-em-profecias-biblicas-aponta-conexoes-entre-guerra-no-ira-e-o-fim-dos-tempos\/"},"author":{"name":"admin","@id":"https:\/\/radioportoseguro.com.br\/site\/#\/schema\/person\/7630acdc320186f13639d3c067ec089b"},"headline":"Especialista em profecias b\u00edblicas aponta conex\u00f5es entre guerra no Ir\u00e3 e o fim dos tempos","datePublished":"2026-03-07T07:52:10+00:00","mainEntityOfPage":{"@id":"https:\/\/radioportoseguro.com.br\/site\/2026\/03\/07\/especialista-em-profecias-biblicas-aponta-conexoes-entre-guerra-no-ira-e-o-fim-dos-tempos\/"},"wordCount":961,"image":{"@id":"https:\/\/radioportoseguro.com.br\/site\/2026\/03\/07\/especialista-em-profecias-biblicas-aponta-conexoes-entre-guerra-no-ira-e-o-fim-dos-tempos\/#primaryimage"},"thumbnailUrl":"https:\/\/radioportoseguro.com.br\/site\/wp-content\/uploads\/2026\/03\/1706571248-jack-hibbs.jpg","articleSection":["Destaques"],"inLanguage":"pt-BR"},{"@type":"WebPage","@id":"https:\/\/radioportoseguro.com.br\/site\/2026\/03\/07\/especialista-em-profecias-biblicas-aponta-conexoes-entre-guerra-no-ira-e-o-fim-dos-tempos\/","url":"https:\/\/radioportoseguro.com.br\/site\/2026\/03\/07\/especialista-em-profecias-biblicas-aponta-conexoes-entre-guerra-no-ira-e-o-fim-dos-tempos\/","name":"Especialista em profecias b\u00edblicas aponta conex\u00f5es entre guerra no Ir\u00e3 e o fim dos tempos - R\u00e1dio Porto Seguro","isPartOf":{"@id":"https:\/\/radioportoseguro.com.br\/site\/#website"},"primaryImageOfPage":{"@id":"https:\/\/radioportoseguro.com.br\/site\/2026\/03\/07\/especialista-em-profecias-biblicas-aponta-conexoes-entre-guerra-no-ira-e-o-fim-dos-tempos\/#primaryimage"},"image":{"@id":"https:\/\/radioportoseguro.com.br\/site\/2026\/03\/07\/especialista-em-profecias-biblicas-aponta-conexoes-entre-guerra-no-ira-e-o-fim-dos-tempos\/#primaryimage"},"thumbnailUrl":"https:\/\/radioportoseguro.com.br\/site\/wp-content\/uploads\/2026\/03\/1706571248-jack-hibbs.jpg","datePublished":"2026-03-07T07:52:10+00:00","author":{"@id":"https:\/\/radioportoseguro.com.br\/site\/#\/schema\/person\/7630acdc320186f13639d3c067ec089b"},"breadcrumb":{"@id":"https:\/\/radioportoseguro.com.br\/site\/2026\/03\/07\/especialista-em-profecias-biblicas-aponta-conexoes-entre-guerra-no-ira-e-o-fim-dos-tempos\/#breadcrumb"},"inLanguage":"pt-BR","potentialAction":[{"@type":"ReadAction","target":["https:\/\/radioportoseguro.com.br\/site\/2026\/03\/07\/especialista-em-profecias-biblicas-aponta-conexoes-entre-guerra-no-ira-e-o-fim-dos-tempos\/"]}]},{"@type":"ImageObject","inLanguage":"pt-BR","@id":"https:\/\/radioportoseguro.com.br\/site\/2026\/03\/07\/especialista-em-profecias-biblicas-aponta-conexoes-entre-guerra-no-ira-e-o-fim-dos-tempos\/#primaryimage","url":"https:\/\/radioportoseguro.com.br\/site\/wp-content\/uploads\/2026\/03\/1706571248-jack-hibbs.jpg","contentUrl":"https:\/\/radioportoseguro.com.br\/site\/wp-content\/uploads\/2026\/03\/1706571248-jack-hibbs.jpg","width":1200,"height":600},{"@type":"BreadcrumbList","@id":"https:\/\/radioportoseguro.com.br\/site\/2026\/03\/07\/especialista-em-profecias-biblicas-aponta-conexoes-entre-guerra-no-ira-e-o-fim-dos-tempos\/#breadcrumb","itemListElement":[{"@type":"ListItem","position":1,"name":"In\u00edcio","item":"https:\/\/radioportoseguro.com.br\/site\/"},{"@type":"ListItem","position":2,"name":"Especialista em profecias b\u00edblicas aponta conex\u00f5es entre guerra no Ir\u00e3 e o fim dos tempos"}]},{"@type":"WebSite","@id":"https:\/\/radioportoseguro.com.br\/site\/#website","url":"https:\/\/radioportoseguro.com.br\/site\/","name":"R\u00e1dio Porto Seguro","description":"","potentialAction":[{"@type":"SearchAction","target":{"@type":"EntryPoint","urlTemplate":"https:\/\/radioportoseguro.com.br\/site\/?s={search_term_string}"},"query-input":{"@type":"PropertyValueSpecification","valueRequired":true,"valueName":"search_term_string"}}],"inLanguage":"pt-BR"},{"@type":"Person","@id":"https:\/\/radioportoseguro.com.br\/site\/#\/schema\/person\/7630acdc320186f13639d3c067ec089b","name":"admin","image":{"@type":"ImageObject","inLanguage":"pt-BR","@id":"https:\/\/radioportoseguro.com.br\/site\/#\/schema\/person\/image\/","url":"https:\/\/secure.gravatar.com\/avatar\/caacf4dc1eedb68fab0df8e1ed46c448e578b2466351bbcb61e47d2ac0caaef0?s=96&d=mm&r=g","contentUrl":"https:\/\/secure.gravatar.com\/avatar\/caacf4dc1eedb68fab0df8e1ed46c448e578b2466351bbcb61e47d2ac0caaef0?s=96&d=mm&r=g","caption":"admin"},"sameAs":["https:\/\/radioportoseguro.com.br\/site"],"url":"https:\/\/radioportoseguro.com.br\/site\/author\/hezio\/"}]}},"_links":{"self":[{"href":"https:\/\/radioportoseguro.com.br\/site\/wp-json\/wp\/v2\/posts\/4808","targetHints":{"allow":["GET"]}}],"collection":[{"href":"https:\/\/radioportoseguro.com.br\/site\/wp-json\/wp\/v2\/posts"}],"about":[{"href":"https:\/\/radioportoseguro.com.br\/site\/wp-json\/wp\/v2\/types\/post"}],"author":[{"embeddable":true,"href":"https:\/\/radioportoseguro.com.br\/site\/wp-json\/wp\/v2\/users\/1"}],"replies":[{"embeddable":true,"href":"https:\/\/radioportoseguro.com.br\/site\/wp-json\/wp\/v2\/comments?post=4808"}],"version-history":[{"count":0,"href":"https:\/\/radioportoseguro.com.br\/site\/wp-json\/wp\/v2\/posts\/4808\/revisions"}],"wp:featuredmedia":[{"embeddable":true,"href":"https:\/\/radioportoseguro.com.br\/site\/wp-json\/wp\/v2\/media\/4809"}],"wp:attachment":[{"href":"https:\/\/radioportoseguro.com.br\/site\/wp-json\/wp\/v2\/media?parent=4808"}],"wp:term":[{"taxonomy":"category","embeddable":true,"href":"https:\/\/radioportoseguro.com.br\/site\/wp-json\/wp\/v2\/categories?post=4808"},{"taxonomy":"post_tag","embeddable":true,"href":"https:\/\/radioportoseguro.com.br\/site\/wp-json\/wp\/v2\/tags?post=4808"}],"curies":[{"name":"wp","href":"https:\/\/api.w.org\/{rel}","templated":true}]}}