{"id":4814,"date":"2026-03-07T11:01:45","date_gmt":"2026-03-07T14:01:45","guid":{"rendered":"https:\/\/radioportoseguro.com.br\/site\/2026\/03\/07\/pastores-oram-por-trump-na-casa-branca-em-meio-a-guerra-contra-o-ira-graca-e-protecao\/"},"modified":"2026-03-07T11:01:45","modified_gmt":"2026-03-07T14:01:45","slug":"pastores-oram-por-trump-na-casa-branca-em-meio-a-guerra-contra-o-ira-graca-e-protecao","status":"publish","type":"post","link":"https:\/\/radioportoseguro.com.br\/site\/2026\/03\/07\/pastores-oram-por-trump-na-casa-branca-em-meio-a-guerra-contra-o-ira-graca-e-protecao\/","title":{"rendered":"Pastores oram por Trump na Casa Branca em meio \u00e0 guerra contra o Ir\u00e3: \u201cGra\u00e7a e prote\u00e7\u00e3o\u201d"},"content":{"rendered":"<p><br \/>\n<br \/><\/p>\n<div>\n<p><span style=\"font-weight: 400;\">L\u00edderes evang\u00e9licos se reuniram com o presidente<\/span><span style=\"color: #800000;\"><strong> Donald Trump<\/strong><\/span><span style=\"font-weight: 400;\"> na Casa Branca, em Washington, para um momento de <\/span><span style=\"color: #800000;\"><strong>ora\u00e7\u00e3o<\/strong><\/span><span style=\"font-weight: 400;\">, na quinta-feira (5).<\/span><\/p>\n<p><span style=\"font-weight: 400;\">No Sal\u00e3o Oval, cerca de 20 pastores intercederam pelo sucesso dos Estados Unidos na <\/span><span style=\"color: #800000;\"><strong>guerra contra o Ir\u00e3<\/strong><\/span><span style=\"font-weight: 400;\">.<\/span><\/p>\n<p><span style=\"font-weight: 400;\">O momento foi compartilhado pela Assessora de Comunica\u00e7\u00e3o, Margo Martin, no X. Sentado em sua mesa, Trump recebeu ora\u00e7\u00e3o dos l\u00edderes.<\/span><\/p>\n<p><span style=\"font-weight: 400;\">Tom Mullins, pastor da Christ Fellowship, guiou a intercess\u00e3o: \u201cEu oro pela Sua gra\u00e7a e Sua prote\u00e7\u00e3o sobre ele. Oro por gra\u00e7a e prote\u00e7\u00e3o sobre nossas tropas e todos os homens e mulheres que servem em nossas for\u00e7as armadas. E, Pai, simplesmente oramos para que continue dando ao nosso presidente a for\u00e7a que ele precisa para liderar nossa na\u00e7\u00e3o enquanto voltamos a ser uma s\u00f3 na\u00e7\u00e3o sob Deus\u201d.<\/span><\/p>\n<blockquote class=\"instagram-media\" style=\"background: #FFF; border: 0; border-radius: 3px; box-shadow: 0 0 1px 0 rgba(0,0,0,0.5),0 1px 10px 0 rgba(0,0,0,0.15); margin: 1px; max-width: 540px; min-width: 326px; padding: 0; width: calc(100% - 2px);\" data-instgrm-captioned=\"\" data-instgrm-permalink=\"https:\/\/www.instagram.com\/reel\/DVha9rnkbcd\/?utm_source=ig_embed&amp;utm_campaign=loading\" data-instgrm-version=\"14\"><p>&#13;<br \/>\n&#13;\n<\/p><\/blockquote>\n<p><span style=\"font-weight: 400;\">Entre os l\u00edderes que participaram do momento estavam Greg Laurie, Robert Jeffress, Ralph Reed, da Faith and Freedom Coalition, e Gary Bauer, do Family Research Council, e Samuel Rodriguez, presidente da Confer\u00eancia Nacional de Lideran\u00e7a Crist\u00e3 Hisp\u00e2nica.<\/span><\/p>\n<p><span style=\"font-weight: 400;\">&#8220;Sou grato ao presidente Trump por sua corajosa decis\u00e3o de atacar o regime terrorista no Ir\u00e3. \u00c9 uma honra para mim orar por ele e por nossas for\u00e7as armadas na Casa Branca. Que Deus conceda vit\u00f3ria e liberdade ao povo iraniano\u201d, declarou o pastor Ralph Reed.<\/span><\/p>\n<p><strong>Import\u00e2ncia da ora\u00e7\u00e3o<\/strong><\/p>\n<p><span style=\"font-weight: 400;\">Em postagem no X, o pastor Samuel Rodriguez destacou a import\u00e2ncia da ora\u00e7\u00e3o para uma na\u00e7\u00e3o.<\/span><\/p>\n<p><span style=\"font-weight: 400;\">\u201cMesmo em meio a conflitos globais e imensa responsabilidade, paramos para buscar a sabedoria e a cobertura de Deus. Liderar no mais alto n\u00edvel exige humildade, discernimento e depend\u00eancia de Deus\u201d, escreveu.<\/span><\/p>\n<p><span style=\"font-weight: 400;\">&#8220;Oramos pelo presidente, pelos Estados Unidos, por nosso pessoal militar e pela paz por meio da for\u00e7a nesta hora cr\u00edtica. Momentos como este servem como um lembrete poderoso de que a f\u00e9 ainda tem lugar nas mais altas salas de lideran\u00e7a e que a ora\u00e7\u00e3o continua sendo um dos atos mais significativos que podemos oferecer em nome da nossa na\u00e7\u00e3o\u201d, afirmou.<\/span><\/p>\n<\/div>\n<p><script async src=\"\/\/www.instagram.com\/embed.js\"><\/script><br \/>\n<br \/><br \/>\n<br \/>Fonte: Guiame <\/p>\n","protected":false},"excerpt":{"rendered":"<p>L\u00edderes evang\u00e9licos se reuniram com o presidente Donald Trump na Casa Branca, em Washington, para um momento de ora\u00e7\u00e3o, na quinta-feira (5). No Sal\u00e3o Oval, cerca de 20 pastores intercederam pelo sucesso dos Estados Unidos na guerra contra o Ir\u00e3. O momento foi compartilhado pela Assessora de Comunica\u00e7\u00e3o, Margo Martin, no X. Sentado em sua [&hellip;]<\/p>\n","protected":false},"author":1,"featured_media":4815,"comment_status":"","ping_status":"open","sticky":false,"template":"","format":"standard","meta":{"footnotes":""},"categories":[43],"tags":[],"class_list":["post-4814","post","type-post","status-publish","format-standard","has-post-thumbnail","hentry","category-destaques"],"yoast_head":"<!-- This site is optimized with the Yoast SEO plugin v26.8 - https:\/\/yoast.com\/product\/yoast-seo-wordpress\/ -->\n<title>Pastores oram por Trump na Casa Branca em meio \u00e0 guerra contra o Ir\u00e3: \u201cGra\u00e7a e prote\u00e7\u00e3o\u201d - R\u00e1dio Porto Seguro<\/title>\n<meta name=\"robots\" content=\"index, follow, max-snippet:-1, max-image-preview:large, max-video-preview:-1\" \/>\n<link rel=\"canonical\" href=\"https:\/\/radioportoseguro.com.br\/site\/2026\/03\/07\/pastores-oram-por-trump-na-casa-branca-em-meio-a-guerra-contra-o-ira-graca-e-protecao\/\" \/>\n<meta property=\"og:locale\" content=\"pt_BR\" \/>\n<meta property=\"og:type\" content=\"article\" \/>\n<meta property=\"og:title\" content=\"Pastores oram por Trump na Casa Branca em meio \u00e0 guerra contra o Ir\u00e3: \u201cGra\u00e7a e prote\u00e7\u00e3o\u201d - R\u00e1dio Porto Seguro\" \/>\n<meta property=\"og:description\" content=\"L\u00edderes evang\u00e9licos se reuniram com o presidente Donald Trump na Casa Branca, em Washington, para um momento de ora\u00e7\u00e3o, na quinta-feira (5). No Sal\u00e3o Oval, cerca de 20 pastores intercederam pelo sucesso dos Estados Unidos na guerra contra o Ir\u00e3. O momento foi compartilhado pela Assessora de Comunica\u00e7\u00e3o, Margo Martin, no X. Sentado em sua [&hellip;]\" \/>\n<meta property=\"og:url\" content=\"https:\/\/radioportoseguro.com.br\/site\/2026\/03\/07\/pastores-oram-por-trump-na-casa-branca-em-meio-a-guerra-contra-o-ira-graca-e-protecao\/\" \/>\n<meta property=\"og:site_name\" content=\"R\u00e1dio Porto Seguro\" \/>\n<meta property=\"article:published_time\" content=\"2026-03-07T14:01:45+00:00\" \/>\n<meta property=\"og:image\" content=\"https:\/\/media.guiame.com.br\/archives\/2026\/03\/06\/562771697-donald.JPG\" \/>\n<meta name=\"author\" content=\"admin\" \/>\n<meta name=\"twitter:card\" content=\"summary_large_image\" \/>\n<meta name=\"twitter:label1\" content=\"Escrito por\" \/>\n\t<meta name=\"twitter:data1\" content=\"admin\" \/>\n\t<meta name=\"twitter:label2\" content=\"Est. tempo de leitura\" \/>\n\t<meta name=\"twitter:data2\" content=\"2 minutos\" \/>\n<script type=\"application\/ld+json\" class=\"yoast-schema-graph\">{\"@context\":\"https:\/\/schema.org\",\"@graph\":[{\"@type\":\"Article\",\"@id\":\"https:\/\/radioportoseguro.com.br\/site\/2026\/03\/07\/pastores-oram-por-trump-na-casa-branca-em-meio-a-guerra-contra-o-ira-graca-e-protecao\/#article\",\"isPartOf\":{\"@id\":\"https:\/\/radioportoseguro.com.br\/site\/2026\/03\/07\/pastores-oram-por-trump-na-casa-branca-em-meio-a-guerra-contra-o-ira-graca-e-protecao\/\"},\"author\":{\"name\":\"admin\",\"@id\":\"https:\/\/radioportoseguro.com.br\/site\/#\/schema\/person\/7630acdc320186f13639d3c067ec089b\"},\"headline\":\"Pastores oram por Trump na Casa Branca em meio \u00e0 guerra contra o Ir\u00e3: \u201cGra\u00e7a e prote\u00e7\u00e3o\u201d\",\"datePublished\":\"2026-03-07T14:01:45+00:00\",\"mainEntityOfPage\":{\"@id\":\"https:\/\/radioportoseguro.com.br\/site\/2026\/03\/07\/pastores-oram-por-trump-na-casa-branca-em-meio-a-guerra-contra-o-ira-graca-e-protecao\/\"},\"wordCount\":378,\"image\":{\"@id\":\"https:\/\/radioportoseguro.com.br\/site\/2026\/03\/07\/pastores-oram-por-trump-na-casa-branca-em-meio-a-guerra-contra-o-ira-graca-e-protecao\/#primaryimage\"},\"thumbnailUrl\":\"https:\/\/radioportoseguro.com.br\/site\/wp-content\/uploads\/2026\/03\/562771697-donald.JPG\",\"articleSection\":[\"Destaques\"],\"inLanguage\":\"pt-BR\"},{\"@type\":\"WebPage\",\"@id\":\"https:\/\/radioportoseguro.com.br\/site\/2026\/03\/07\/pastores-oram-por-trump-na-casa-branca-em-meio-a-guerra-contra-o-ira-graca-e-protecao\/\",\"url\":\"https:\/\/radioportoseguro.com.br\/site\/2026\/03\/07\/pastores-oram-por-trump-na-casa-branca-em-meio-a-guerra-contra-o-ira-graca-e-protecao\/\",\"name\":\"Pastores oram por Trump na Casa Branca em meio \u00e0 guerra contra o Ir\u00e3: \u201cGra\u00e7a e prote\u00e7\u00e3o\u201d - R\u00e1dio Porto Seguro\",\"isPartOf\":{\"@id\":\"https:\/\/radioportoseguro.com.br\/site\/#website\"},\"primaryImageOfPage\":{\"@id\":\"https:\/\/radioportoseguro.com.br\/site\/2026\/03\/07\/pastores-oram-por-trump-na-casa-branca-em-meio-a-guerra-contra-o-ira-graca-e-protecao\/#primaryimage\"},\"image\":{\"@id\":\"https:\/\/radioportoseguro.com.br\/site\/2026\/03\/07\/pastores-oram-por-trump-na-casa-branca-em-meio-a-guerra-contra-o-ira-graca-e-protecao\/#primaryimage\"},\"thumbnailUrl\":\"https:\/\/radioportoseguro.com.br\/site\/wp-content\/uploads\/2026\/03\/562771697-donald.JPG\",\"datePublished\":\"2026-03-07T14:01:45+00:00\",\"author\":{\"@id\":\"https:\/\/radioportoseguro.com.br\/site\/#\/schema\/person\/7630acdc320186f13639d3c067ec089b\"},\"breadcrumb\":{\"@id\":\"https:\/\/radioportoseguro.com.br\/site\/2026\/03\/07\/pastores-oram-por-trump-na-casa-branca-em-meio-a-guerra-contra-o-ira-graca-e-protecao\/#breadcrumb\"},\"inLanguage\":\"pt-BR\",\"potentialAction\":[{\"@type\":\"ReadAction\",\"target\":[\"https:\/\/radioportoseguro.com.br\/site\/2026\/03\/07\/pastores-oram-por-trump-na-casa-branca-em-meio-a-guerra-contra-o-ira-graca-e-protecao\/\"]}]},{\"@type\":\"ImageObject\",\"inLanguage\":\"pt-BR\",\"@id\":\"https:\/\/radioportoseguro.com.br\/site\/2026\/03\/07\/pastores-oram-por-trump-na-casa-branca-em-meio-a-guerra-contra-o-ira-graca-e-protecao\/#primaryimage\",\"url\":\"https:\/\/radioportoseguro.com.br\/site\/wp-content\/uploads\/2026\/03\/562771697-donald.JPG\",\"contentUrl\":\"https:\/\/radioportoseguro.com.br\/site\/wp-content\/uploads\/2026\/03\/562771697-donald.JPG\",\"width\":1200,\"height\":600},{\"@type\":\"BreadcrumbList\",\"@id\":\"https:\/\/radioportoseguro.com.br\/site\/2026\/03\/07\/pastores-oram-por-trump-na-casa-branca-em-meio-a-guerra-contra-o-ira-graca-e-protecao\/#breadcrumb\",\"itemListElement\":[{\"@type\":\"ListItem\",\"position\":1,\"name\":\"In\u00edcio\",\"item\":\"https:\/\/radioportoseguro.com.br\/site\/\"},{\"@type\":\"ListItem\",\"position\":2,\"name\":\"Pastores oram por Trump na Casa Branca em meio \u00e0 guerra contra o Ir\u00e3: \u201cGra\u00e7a e prote\u00e7\u00e3o\u201d\"}]},{\"@type\":\"WebSite\",\"@id\":\"https:\/\/radioportoseguro.com.br\/site\/#website\",\"url\":\"https:\/\/radioportoseguro.com.br\/site\/\",\"name\":\"R\u00e1dio Porto Seguro\",\"description\":\"\",\"potentialAction\":[{\"@type\":\"SearchAction\",\"target\":{\"@type\":\"EntryPoint\",\"urlTemplate\":\"https:\/\/radioportoseguro.com.br\/site\/?s={search_term_string}\"},\"query-input\":{\"@type\":\"PropertyValueSpecification\",\"valueRequired\":true,\"valueName\":\"search_term_string\"}}],\"inLanguage\":\"pt-BR\"},{\"@type\":\"Person\",\"@id\":\"https:\/\/radioportoseguro.com.br\/site\/#\/schema\/person\/7630acdc320186f13639d3c067ec089b\",\"name\":\"admin\",\"image\":{\"@type\":\"ImageObject\",\"inLanguage\":\"pt-BR\",\"@id\":\"https:\/\/radioportoseguro.com.br\/site\/#\/schema\/person\/image\/\",\"url\":\"https:\/\/secure.gravatar.com\/avatar\/caacf4dc1eedb68fab0df8e1ed46c448e578b2466351bbcb61e47d2ac0caaef0?s=96&d=mm&r=g\",\"contentUrl\":\"https:\/\/secure.gravatar.com\/avatar\/caacf4dc1eedb68fab0df8e1ed46c448e578b2466351bbcb61e47d2ac0caaef0?s=96&d=mm&r=g\",\"caption\":\"admin\"},\"sameAs\":[\"https:\/\/radioportoseguro.com.br\/site\"],\"url\":\"https:\/\/radioportoseguro.com.br\/site\/author\/hezio\/\"}]}<\/script>\n<!-- \/ Yoast SEO plugin. -->","yoast_head_json":{"title":"Pastores oram por Trump na Casa Branca em meio \u00e0 guerra contra o Ir\u00e3: \u201cGra\u00e7a e prote\u00e7\u00e3o\u201d - R\u00e1dio Porto Seguro","robots":{"index":"index","follow":"follow","max-snippet":"max-snippet:-1","max-image-preview":"max-image-preview:large","max-video-preview":"max-video-preview:-1"},"canonical":"https:\/\/radioportoseguro.com.br\/site\/2026\/03\/07\/pastores-oram-por-trump-na-casa-branca-em-meio-a-guerra-contra-o-ira-graca-e-protecao\/","og_locale":"pt_BR","og_type":"article","og_title":"Pastores oram por Trump na Casa Branca em meio \u00e0 guerra contra o Ir\u00e3: \u201cGra\u00e7a e prote\u00e7\u00e3o\u201d - R\u00e1dio Porto Seguro","og_description":"L\u00edderes evang\u00e9licos se reuniram com o presidente Donald Trump na Casa Branca, em Washington, para um momento de ora\u00e7\u00e3o, na quinta-feira (5). No Sal\u00e3o Oval, cerca de 20 pastores intercederam pelo sucesso dos Estados Unidos na guerra contra o Ir\u00e3. O momento foi compartilhado pela Assessora de Comunica\u00e7\u00e3o, Margo Martin, no X. Sentado em sua [&hellip;]","og_url":"https:\/\/radioportoseguro.com.br\/site\/2026\/03\/07\/pastores-oram-por-trump-na-casa-branca-em-meio-a-guerra-contra-o-ira-graca-e-protecao\/","og_site_name":"R\u00e1dio Porto Seguro","article_published_time":"2026-03-07T14:01:45+00:00","og_image":[{"url":"https:\/\/media.guiame.com.br\/archives\/2026\/03\/06\/562771697-donald.JPG","type":"","width":"","height":""}],"author":"admin","twitter_card":"summary_large_image","twitter_misc":{"Escrito por":"admin","Est. tempo de leitura":"2 minutos"},"schema":{"@context":"https:\/\/schema.org","@graph":[{"@type":"Article","@id":"https:\/\/radioportoseguro.com.br\/site\/2026\/03\/07\/pastores-oram-por-trump-na-casa-branca-em-meio-a-guerra-contra-o-ira-graca-e-protecao\/#article","isPartOf":{"@id":"https:\/\/radioportoseguro.com.br\/site\/2026\/03\/07\/pastores-oram-por-trump-na-casa-branca-em-meio-a-guerra-contra-o-ira-graca-e-protecao\/"},"author":{"name":"admin","@id":"https:\/\/radioportoseguro.com.br\/site\/#\/schema\/person\/7630acdc320186f13639d3c067ec089b"},"headline":"Pastores oram por Trump na Casa Branca em meio \u00e0 guerra contra o Ir\u00e3: \u201cGra\u00e7a e prote\u00e7\u00e3o\u201d","datePublished":"2026-03-07T14:01:45+00:00","mainEntityOfPage":{"@id":"https:\/\/radioportoseguro.com.br\/site\/2026\/03\/07\/pastores-oram-por-trump-na-casa-branca-em-meio-a-guerra-contra-o-ira-graca-e-protecao\/"},"wordCount":378,"image":{"@id":"https:\/\/radioportoseguro.com.br\/site\/2026\/03\/07\/pastores-oram-por-trump-na-casa-branca-em-meio-a-guerra-contra-o-ira-graca-e-protecao\/#primaryimage"},"thumbnailUrl":"https:\/\/radioportoseguro.com.br\/site\/wp-content\/uploads\/2026\/03\/562771697-donald.JPG","articleSection":["Destaques"],"inLanguage":"pt-BR"},{"@type":"WebPage","@id":"https:\/\/radioportoseguro.com.br\/site\/2026\/03\/07\/pastores-oram-por-trump-na-casa-branca-em-meio-a-guerra-contra-o-ira-graca-e-protecao\/","url":"https:\/\/radioportoseguro.com.br\/site\/2026\/03\/07\/pastores-oram-por-trump-na-casa-branca-em-meio-a-guerra-contra-o-ira-graca-e-protecao\/","name":"Pastores oram por Trump na Casa Branca em meio \u00e0 guerra contra o Ir\u00e3: \u201cGra\u00e7a e prote\u00e7\u00e3o\u201d - R\u00e1dio Porto Seguro","isPartOf":{"@id":"https:\/\/radioportoseguro.com.br\/site\/#website"},"primaryImageOfPage":{"@id":"https:\/\/radioportoseguro.com.br\/site\/2026\/03\/07\/pastores-oram-por-trump-na-casa-branca-em-meio-a-guerra-contra-o-ira-graca-e-protecao\/#primaryimage"},"image":{"@id":"https:\/\/radioportoseguro.com.br\/site\/2026\/03\/07\/pastores-oram-por-trump-na-casa-branca-em-meio-a-guerra-contra-o-ira-graca-e-protecao\/#primaryimage"},"thumbnailUrl":"https:\/\/radioportoseguro.com.br\/site\/wp-content\/uploads\/2026\/03\/562771697-donald.JPG","datePublished":"2026-03-07T14:01:45+00:00","author":{"@id":"https:\/\/radioportoseguro.com.br\/site\/#\/schema\/person\/7630acdc320186f13639d3c067ec089b"},"breadcrumb":{"@id":"https:\/\/radioportoseguro.com.br\/site\/2026\/03\/07\/pastores-oram-por-trump-na-casa-branca-em-meio-a-guerra-contra-o-ira-graca-e-protecao\/#breadcrumb"},"inLanguage":"pt-BR","potentialAction":[{"@type":"ReadAction","target":["https:\/\/radioportoseguro.com.br\/site\/2026\/03\/07\/pastores-oram-por-trump-na-casa-branca-em-meio-a-guerra-contra-o-ira-graca-e-protecao\/"]}]},{"@type":"ImageObject","inLanguage":"pt-BR","@id":"https:\/\/radioportoseguro.com.br\/site\/2026\/03\/07\/pastores-oram-por-trump-na-casa-branca-em-meio-a-guerra-contra-o-ira-graca-e-protecao\/#primaryimage","url":"https:\/\/radioportoseguro.com.br\/site\/wp-content\/uploads\/2026\/03\/562771697-donald.JPG","contentUrl":"https:\/\/radioportoseguro.com.br\/site\/wp-content\/uploads\/2026\/03\/562771697-donald.JPG","width":1200,"height":600},{"@type":"BreadcrumbList","@id":"https:\/\/radioportoseguro.com.br\/site\/2026\/03\/07\/pastores-oram-por-trump-na-casa-branca-em-meio-a-guerra-contra-o-ira-graca-e-protecao\/#breadcrumb","itemListElement":[{"@type":"ListItem","position":1,"name":"In\u00edcio","item":"https:\/\/radioportoseguro.com.br\/site\/"},{"@type":"ListItem","position":2,"name":"Pastores oram por Trump na Casa Branca em meio \u00e0 guerra contra o Ir\u00e3: \u201cGra\u00e7a e prote\u00e7\u00e3o\u201d"}]},{"@type":"WebSite","@id":"https:\/\/radioportoseguro.com.br\/site\/#website","url":"https:\/\/radioportoseguro.com.br\/site\/","name":"R\u00e1dio Porto Seguro","description":"","potentialAction":[{"@type":"SearchAction","target":{"@type":"EntryPoint","urlTemplate":"https:\/\/radioportoseguro.com.br\/site\/?s={search_term_string}"},"query-input":{"@type":"PropertyValueSpecification","valueRequired":true,"valueName":"search_term_string"}}],"inLanguage":"pt-BR"},{"@type":"Person","@id":"https:\/\/radioportoseguro.com.br\/site\/#\/schema\/person\/7630acdc320186f13639d3c067ec089b","name":"admin","image":{"@type":"ImageObject","inLanguage":"pt-BR","@id":"https:\/\/radioportoseguro.com.br\/site\/#\/schema\/person\/image\/","url":"https:\/\/secure.gravatar.com\/avatar\/caacf4dc1eedb68fab0df8e1ed46c448e578b2466351bbcb61e47d2ac0caaef0?s=96&d=mm&r=g","contentUrl":"https:\/\/secure.gravatar.com\/avatar\/caacf4dc1eedb68fab0df8e1ed46c448e578b2466351bbcb61e47d2ac0caaef0?s=96&d=mm&r=g","caption":"admin"},"sameAs":["https:\/\/radioportoseguro.com.br\/site"],"url":"https:\/\/radioportoseguro.com.br\/site\/author\/hezio\/"}]}},"_links":{"self":[{"href":"https:\/\/radioportoseguro.com.br\/site\/wp-json\/wp\/v2\/posts\/4814","targetHints":{"allow":["GET"]}}],"collection":[{"href":"https:\/\/radioportoseguro.com.br\/site\/wp-json\/wp\/v2\/posts"}],"about":[{"href":"https:\/\/radioportoseguro.com.br\/site\/wp-json\/wp\/v2\/types\/post"}],"author":[{"embeddable":true,"href":"https:\/\/radioportoseguro.com.br\/site\/wp-json\/wp\/v2\/users\/1"}],"replies":[{"embeddable":true,"href":"https:\/\/radioportoseguro.com.br\/site\/wp-json\/wp\/v2\/comments?post=4814"}],"version-history":[{"count":0,"href":"https:\/\/radioportoseguro.com.br\/site\/wp-json\/wp\/v2\/posts\/4814\/revisions"}],"wp:featuredmedia":[{"embeddable":true,"href":"https:\/\/radioportoseguro.com.br\/site\/wp-json\/wp\/v2\/media\/4815"}],"wp:attachment":[{"href":"https:\/\/radioportoseguro.com.br\/site\/wp-json\/wp\/v2\/media?parent=4814"}],"wp:term":[{"taxonomy":"category","embeddable":true,"href":"https:\/\/radioportoseguro.com.br\/site\/wp-json\/wp\/v2\/categories?post=4814"},{"taxonomy":"post_tag","embeddable":true,"href":"https:\/\/radioportoseguro.com.br\/site\/wp-json\/wp\/v2\/tags?post=4814"}],"curies":[{"name":"wp","href":"https:\/\/api.w.org\/{rel}","templated":true}]}}