{"id":4816,"date":"2026-03-07T13:08:52","date_gmt":"2026-03-07T16:08:52","guid":{"rendered":"https:\/\/radioportoseguro.com.br\/site\/2026\/03\/07\/mulher-e-curada-da-depressao-apos-clamar-a-deus-orava-todos-os-dias\/"},"modified":"2026-03-07T13:08:52","modified_gmt":"2026-03-07T16:08:52","slug":"mulher-e-curada-da-depressao-apos-clamar-a-deus-orava-todos-os-dias","status":"publish","type":"post","link":"https:\/\/radioportoseguro.com.br\/site\/2026\/03\/07\/mulher-e-curada-da-depressao-apos-clamar-a-deus-orava-todos-os-dias\/","title":{"rendered":"Mulher \u00e9 curada da depress\u00e3o ap\u00f3s clamar a Deus: &#8220;Orava todos os dias\u201d"},"content":{"rendered":"<p><br \/>\n<br \/><\/p>\n<div>\n<p><span style=\"font-weight: 400;\">A crist\u00e3 J\u00e2nia Carvalho, de Teresina, Piau\u00ed, batalhou contra a <\/span><span style=\"color: #800000;\"><strong>depress\u00e3o<\/strong><\/span><span style=\"font-weight: 400;\"> por mais de 15 anos de sua vida.<\/span><\/p>\n<p><span style=\"font-weight: 400;\">\u201cHouve um tempo em que eu estava cercada de pessoas, mas me sentia completamente sozinha. Eu sorria, cumpria meus compromissos, cantava, mas por dentro havia uma dor silenciosa que ningu\u00e9m via\u201d, revelou ela, ao Site Mulher Crist\u00e3.<\/span><\/p>\n<p><span style=\"font-weight: 400;\">A doen\u00e7a iniciou em um quadro depressivo que evoluiu quando J\u00e2nia perdeu o irm\u00e3o de forma tr\u00e1gica em 2003.<\/span><\/p>\n<p><span style=\"font-weight: 400;\">\u201cDesde ent\u00e3o, passei a n\u00e3o querer viver. Tudo era muito cinza, sem cheiro, sem cor, sem vida. A depress\u00e3o n\u00e3o chegou de repente. Ela foi tomando espa\u00e7o aos poucos: roubando minha alegria, meus sonhos e at\u00e9 a vontade de levantar da cama\u201d, contou.<\/span><\/p>\n<p><span style=\"font-weight: 400;\">Mesmo em meio a dor, a crist\u00e3 testemunhou o cuidado de Deus em sua vida. Ela se casou e gravou seu primeiro \u00e1lbum gospel. \u201cAs can\u00e7\u00f5es me faziam sentir o desejo de viver e continuar louvando ao Senhor\u201d, disse.<\/span><\/p>\n<p><span style=\"font-weight: 400;\">\u201cA depress\u00e3o me impedia de engravidar, pois eu estava sempre sob o efeito de rem\u00e9dios. Passei tr\u00eas anos orando ao Senhor para ter um filho. Ap\u00f3s esse lan\u00e7amento, engravidei do meu primeiro filho, e tudo se fez novo na minha vida\u201d.<\/span><\/p>\n<p><span style=\"font-weight: 400;\">J\u00e2nia continuou lutando com sua sa\u00fade mental e passou por diversos tratamentos. \u201cDeus colocou um psiquiatra muito bom para me acompanhar. As medica\u00e7\u00f5es foram muito importantes para meu tratamento, e minha fam\u00edlia foi um pilar que me sustentou, passamos de m\u00e3os dadas durante esse processo\u201d, destacou.<\/span><\/p>\n<p><strong>Orando com f\u00e9<\/strong><\/p>\n<p><span style=\"font-weight: 400;\">Com o passar dos anos, a mulher chegou ao limite e j\u00e1 n\u00e3o aguentava tantas crises e medica\u00e7\u00f5es. Foi ent\u00e3o que J\u00e2nia passou a orar por uma <\/span><span style=\"color: #800000;\"><strong>cura sobrenatural<\/strong><\/span><span style=\"font-weight: 400;\">.<\/span><\/p>\n<p><span style=\"font-weight: 400;\">\u201cComecei a clamar a Deus por um milagre. Minha ora\u00e7\u00e3o, todos os dias, era para ser curada\u201d, afirmou.<\/span><\/p>\n<p><span style=\"font-weight: 400;\">At\u00e9 que, certo dia, ela estava em sua igreja local, recebeu uma ora\u00e7\u00e3o do pastor e foi curada no mesmo momento.\u00a0<\/span><\/p>\n<p><span style=\"font-weight: 400;\">\u201cEle repreendeu toda enfermidade e tomei posse daquelas palavras. Deus fez o milagre que eu tanto esperava, fui curada por completo da depress\u00e3o\u201d, testemunhou J\u00e2nia.<\/span><\/p>\n<p><span style=\"font-weight: 400;\">\u201cA partir daquele dia, nunca mais fiz uso de rem\u00e9dios para depress\u00e3o. As crises foram embora para a gl\u00f3ria de Deus, e hoje vivo em paz, consigo dormir bem e realizar minhas atividades normalmente\u201d.<\/span><\/p>\n<p><span style=\"font-weight: 400;\">E enfatizou: \u201cDeus continua fazendo milagres. Ele n\u00e3o mudou, \u00e9 o mesmo ontem, hoje e eternamente\u201d.<\/span><\/p>\n<\/div>\n<p><br \/>\n<br \/>Fonte: Guiame <\/p>\n","protected":false},"excerpt":{"rendered":"<p>A crist\u00e3 J\u00e2nia Carvalho, de Teresina, Piau\u00ed, batalhou contra a depress\u00e3o por mais de 15 anos de sua vida. \u201cHouve um tempo em que eu estava cercada de pessoas, mas me sentia completamente sozinha. Eu sorria, cumpria meus compromissos, cantava, mas por dentro havia uma dor silenciosa que ningu\u00e9m via\u201d, revelou ela, ao Site Mulher [&hellip;]<\/p>\n","protected":false},"author":1,"featured_media":4817,"comment_status":"","ping_status":"open","sticky":false,"template":"","format":"standard","meta":{"footnotes":""},"categories":[43],"tags":[],"class_list":["post-4816","post","type-post","status-publish","format-standard","has-post-thumbnail","hentry","category-destaques"],"yoast_head":"<!-- This site is optimized with the Yoast SEO plugin v26.8 - https:\/\/yoast.com\/product\/yoast-seo-wordpress\/ -->\n<title>Mulher \u00e9 curada da depress\u00e3o ap\u00f3s clamar a Deus: &quot;Orava todos os dias\u201d - R\u00e1dio Porto Seguro<\/title>\n<meta name=\"robots\" content=\"index, follow, max-snippet:-1, max-image-preview:large, max-video-preview:-1\" \/>\n<link rel=\"canonical\" href=\"https:\/\/radioportoseguro.com.br\/site\/2026\/03\/07\/mulher-e-curada-da-depressao-apos-clamar-a-deus-orava-todos-os-dias\/\" \/>\n<meta property=\"og:locale\" content=\"pt_BR\" \/>\n<meta property=\"og:type\" content=\"article\" \/>\n<meta property=\"og:title\" content=\"Mulher \u00e9 curada da depress\u00e3o ap\u00f3s clamar a Deus: &quot;Orava todos os dias\u201d - R\u00e1dio Porto Seguro\" \/>\n<meta property=\"og:description\" content=\"A crist\u00e3 J\u00e2nia Carvalho, de Teresina, Piau\u00ed, batalhou contra a depress\u00e3o por mais de 15 anos de sua vida. \u201cHouve um tempo em que eu estava cercada de pessoas, mas me sentia completamente sozinha. Eu sorria, cumpria meus compromissos, cantava, mas por dentro havia uma dor silenciosa que ningu\u00e9m via\u201d, revelou ela, ao Site Mulher [&hellip;]\" \/>\n<meta property=\"og:url\" content=\"https:\/\/radioportoseguro.com.br\/site\/2026\/03\/07\/mulher-e-curada-da-depressao-apos-clamar-a-deus-orava-todos-os-dias\/\" \/>\n<meta property=\"og:site_name\" content=\"R\u00e1dio Porto Seguro\" \/>\n<meta property=\"article:published_time\" content=\"2026-03-07T16:08:52+00:00\" \/>\n<meta property=\"og:image\" content=\"https:\/\/media.guiame.com.br\/archives\/2026\/03\/05\/2825832475-jania.png\" \/>\n<meta name=\"author\" content=\"admin\" \/>\n<meta name=\"twitter:card\" content=\"summary_large_image\" \/>\n<meta name=\"twitter:label1\" content=\"Escrito por\" \/>\n\t<meta name=\"twitter:data1\" content=\"admin\" \/>\n\t<meta name=\"twitter:label2\" content=\"Est. tempo de leitura\" \/>\n\t<meta name=\"twitter:data2\" content=\"2 minutos\" \/>\n<script type=\"application\/ld+json\" class=\"yoast-schema-graph\">{\"@context\":\"https:\/\/schema.org\",\"@graph\":[{\"@type\":\"Article\",\"@id\":\"https:\/\/radioportoseguro.com.br\/site\/2026\/03\/07\/mulher-e-curada-da-depressao-apos-clamar-a-deus-orava-todos-os-dias\/#article\",\"isPartOf\":{\"@id\":\"https:\/\/radioportoseguro.com.br\/site\/2026\/03\/07\/mulher-e-curada-da-depressao-apos-clamar-a-deus-orava-todos-os-dias\/\"},\"author\":{\"name\":\"admin\",\"@id\":\"https:\/\/radioportoseguro.com.br\/site\/#\/schema\/person\/7630acdc320186f13639d3c067ec089b\"},\"headline\":\"Mulher \u00e9 curada da depress\u00e3o ap\u00f3s clamar a Deus: &#8220;Orava todos os dias\u201d\",\"datePublished\":\"2026-03-07T16:08:52+00:00\",\"mainEntityOfPage\":{\"@id\":\"https:\/\/radioportoseguro.com.br\/site\/2026\/03\/07\/mulher-e-curada-da-depressao-apos-clamar-a-deus-orava-todos-os-dias\/\"},\"wordCount\":440,\"image\":{\"@id\":\"https:\/\/radioportoseguro.com.br\/site\/2026\/03\/07\/mulher-e-curada-da-depressao-apos-clamar-a-deus-orava-todos-os-dias\/#primaryimage\"},\"thumbnailUrl\":\"https:\/\/radioportoseguro.com.br\/site\/wp-content\/uploads\/2026\/03\/2825832475-jania.png\",\"articleSection\":[\"Destaques\"],\"inLanguage\":\"pt-BR\"},{\"@type\":\"WebPage\",\"@id\":\"https:\/\/radioportoseguro.com.br\/site\/2026\/03\/07\/mulher-e-curada-da-depressao-apos-clamar-a-deus-orava-todos-os-dias\/\",\"url\":\"https:\/\/radioportoseguro.com.br\/site\/2026\/03\/07\/mulher-e-curada-da-depressao-apos-clamar-a-deus-orava-todos-os-dias\/\",\"name\":\"Mulher \u00e9 curada da depress\u00e3o ap\u00f3s clamar a Deus: \\\"Orava todos os dias\u201d - R\u00e1dio Porto Seguro\",\"isPartOf\":{\"@id\":\"https:\/\/radioportoseguro.com.br\/site\/#website\"},\"primaryImageOfPage\":{\"@id\":\"https:\/\/radioportoseguro.com.br\/site\/2026\/03\/07\/mulher-e-curada-da-depressao-apos-clamar-a-deus-orava-todos-os-dias\/#primaryimage\"},\"image\":{\"@id\":\"https:\/\/radioportoseguro.com.br\/site\/2026\/03\/07\/mulher-e-curada-da-depressao-apos-clamar-a-deus-orava-todos-os-dias\/#primaryimage\"},\"thumbnailUrl\":\"https:\/\/radioportoseguro.com.br\/site\/wp-content\/uploads\/2026\/03\/2825832475-jania.png\",\"datePublished\":\"2026-03-07T16:08:52+00:00\",\"author\":{\"@id\":\"https:\/\/radioportoseguro.com.br\/site\/#\/schema\/person\/7630acdc320186f13639d3c067ec089b\"},\"breadcrumb\":{\"@id\":\"https:\/\/radioportoseguro.com.br\/site\/2026\/03\/07\/mulher-e-curada-da-depressao-apos-clamar-a-deus-orava-todos-os-dias\/#breadcrumb\"},\"inLanguage\":\"pt-BR\",\"potentialAction\":[{\"@type\":\"ReadAction\",\"target\":[\"https:\/\/radioportoseguro.com.br\/site\/2026\/03\/07\/mulher-e-curada-da-depressao-apos-clamar-a-deus-orava-todos-os-dias\/\"]}]},{\"@type\":\"ImageObject\",\"inLanguage\":\"pt-BR\",\"@id\":\"https:\/\/radioportoseguro.com.br\/site\/2026\/03\/07\/mulher-e-curada-da-depressao-apos-clamar-a-deus-orava-todos-os-dias\/#primaryimage\",\"url\":\"https:\/\/radioportoseguro.com.br\/site\/wp-content\/uploads\/2026\/03\/2825832475-jania.png\",\"contentUrl\":\"https:\/\/radioportoseguro.com.br\/site\/wp-content\/uploads\/2026\/03\/2825832475-jania.png\",\"width\":1200,\"height\":600},{\"@type\":\"BreadcrumbList\",\"@id\":\"https:\/\/radioportoseguro.com.br\/site\/2026\/03\/07\/mulher-e-curada-da-depressao-apos-clamar-a-deus-orava-todos-os-dias\/#breadcrumb\",\"itemListElement\":[{\"@type\":\"ListItem\",\"position\":1,\"name\":\"In\u00edcio\",\"item\":\"https:\/\/radioportoseguro.com.br\/site\/\"},{\"@type\":\"ListItem\",\"position\":2,\"name\":\"Mulher \u00e9 curada da depress\u00e3o ap\u00f3s clamar a Deus: &#8220;Orava todos os dias\u201d\"}]},{\"@type\":\"WebSite\",\"@id\":\"https:\/\/radioportoseguro.com.br\/site\/#website\",\"url\":\"https:\/\/radioportoseguro.com.br\/site\/\",\"name\":\"R\u00e1dio Porto Seguro\",\"description\":\"\",\"potentialAction\":[{\"@type\":\"SearchAction\",\"target\":{\"@type\":\"EntryPoint\",\"urlTemplate\":\"https:\/\/radioportoseguro.com.br\/site\/?s={search_term_string}\"},\"query-input\":{\"@type\":\"PropertyValueSpecification\",\"valueRequired\":true,\"valueName\":\"search_term_string\"}}],\"inLanguage\":\"pt-BR\"},{\"@type\":\"Person\",\"@id\":\"https:\/\/radioportoseguro.com.br\/site\/#\/schema\/person\/7630acdc320186f13639d3c067ec089b\",\"name\":\"admin\",\"image\":{\"@type\":\"ImageObject\",\"inLanguage\":\"pt-BR\",\"@id\":\"https:\/\/radioportoseguro.com.br\/site\/#\/schema\/person\/image\/\",\"url\":\"https:\/\/secure.gravatar.com\/avatar\/caacf4dc1eedb68fab0df8e1ed46c448e578b2466351bbcb61e47d2ac0caaef0?s=96&d=mm&r=g\",\"contentUrl\":\"https:\/\/secure.gravatar.com\/avatar\/caacf4dc1eedb68fab0df8e1ed46c448e578b2466351bbcb61e47d2ac0caaef0?s=96&d=mm&r=g\",\"caption\":\"admin\"},\"sameAs\":[\"https:\/\/radioportoseguro.com.br\/site\"],\"url\":\"https:\/\/radioportoseguro.com.br\/site\/author\/hezio\/\"}]}<\/script>\n<!-- \/ Yoast SEO plugin. -->","yoast_head_json":{"title":"Mulher \u00e9 curada da depress\u00e3o ap\u00f3s clamar a Deus: \"Orava todos os dias\u201d - R\u00e1dio Porto Seguro","robots":{"index":"index","follow":"follow","max-snippet":"max-snippet:-1","max-image-preview":"max-image-preview:large","max-video-preview":"max-video-preview:-1"},"canonical":"https:\/\/radioportoseguro.com.br\/site\/2026\/03\/07\/mulher-e-curada-da-depressao-apos-clamar-a-deus-orava-todos-os-dias\/","og_locale":"pt_BR","og_type":"article","og_title":"Mulher \u00e9 curada da depress\u00e3o ap\u00f3s clamar a Deus: \"Orava todos os dias\u201d - R\u00e1dio Porto Seguro","og_description":"A crist\u00e3 J\u00e2nia Carvalho, de Teresina, Piau\u00ed, batalhou contra a depress\u00e3o por mais de 15 anos de sua vida. \u201cHouve um tempo em que eu estava cercada de pessoas, mas me sentia completamente sozinha. Eu sorria, cumpria meus compromissos, cantava, mas por dentro havia uma dor silenciosa que ningu\u00e9m via\u201d, revelou ela, ao Site Mulher [&hellip;]","og_url":"https:\/\/radioportoseguro.com.br\/site\/2026\/03\/07\/mulher-e-curada-da-depressao-apos-clamar-a-deus-orava-todos-os-dias\/","og_site_name":"R\u00e1dio Porto Seguro","article_published_time":"2026-03-07T16:08:52+00:00","og_image":[{"url":"https:\/\/media.guiame.com.br\/archives\/2026\/03\/05\/2825832475-jania.png","type":"","width":"","height":""}],"author":"admin","twitter_card":"summary_large_image","twitter_misc":{"Escrito por":"admin","Est. tempo de leitura":"2 minutos"},"schema":{"@context":"https:\/\/schema.org","@graph":[{"@type":"Article","@id":"https:\/\/radioportoseguro.com.br\/site\/2026\/03\/07\/mulher-e-curada-da-depressao-apos-clamar-a-deus-orava-todos-os-dias\/#article","isPartOf":{"@id":"https:\/\/radioportoseguro.com.br\/site\/2026\/03\/07\/mulher-e-curada-da-depressao-apos-clamar-a-deus-orava-todos-os-dias\/"},"author":{"name":"admin","@id":"https:\/\/radioportoseguro.com.br\/site\/#\/schema\/person\/7630acdc320186f13639d3c067ec089b"},"headline":"Mulher \u00e9 curada da depress\u00e3o ap\u00f3s clamar a Deus: &#8220;Orava todos os dias\u201d","datePublished":"2026-03-07T16:08:52+00:00","mainEntityOfPage":{"@id":"https:\/\/radioportoseguro.com.br\/site\/2026\/03\/07\/mulher-e-curada-da-depressao-apos-clamar-a-deus-orava-todos-os-dias\/"},"wordCount":440,"image":{"@id":"https:\/\/radioportoseguro.com.br\/site\/2026\/03\/07\/mulher-e-curada-da-depressao-apos-clamar-a-deus-orava-todos-os-dias\/#primaryimage"},"thumbnailUrl":"https:\/\/radioportoseguro.com.br\/site\/wp-content\/uploads\/2026\/03\/2825832475-jania.png","articleSection":["Destaques"],"inLanguage":"pt-BR"},{"@type":"WebPage","@id":"https:\/\/radioportoseguro.com.br\/site\/2026\/03\/07\/mulher-e-curada-da-depressao-apos-clamar-a-deus-orava-todos-os-dias\/","url":"https:\/\/radioportoseguro.com.br\/site\/2026\/03\/07\/mulher-e-curada-da-depressao-apos-clamar-a-deus-orava-todos-os-dias\/","name":"Mulher \u00e9 curada da depress\u00e3o ap\u00f3s clamar a Deus: \"Orava todos os dias\u201d - R\u00e1dio Porto Seguro","isPartOf":{"@id":"https:\/\/radioportoseguro.com.br\/site\/#website"},"primaryImageOfPage":{"@id":"https:\/\/radioportoseguro.com.br\/site\/2026\/03\/07\/mulher-e-curada-da-depressao-apos-clamar-a-deus-orava-todos-os-dias\/#primaryimage"},"image":{"@id":"https:\/\/radioportoseguro.com.br\/site\/2026\/03\/07\/mulher-e-curada-da-depressao-apos-clamar-a-deus-orava-todos-os-dias\/#primaryimage"},"thumbnailUrl":"https:\/\/radioportoseguro.com.br\/site\/wp-content\/uploads\/2026\/03\/2825832475-jania.png","datePublished":"2026-03-07T16:08:52+00:00","author":{"@id":"https:\/\/radioportoseguro.com.br\/site\/#\/schema\/person\/7630acdc320186f13639d3c067ec089b"},"breadcrumb":{"@id":"https:\/\/radioportoseguro.com.br\/site\/2026\/03\/07\/mulher-e-curada-da-depressao-apos-clamar-a-deus-orava-todos-os-dias\/#breadcrumb"},"inLanguage":"pt-BR","potentialAction":[{"@type":"ReadAction","target":["https:\/\/radioportoseguro.com.br\/site\/2026\/03\/07\/mulher-e-curada-da-depressao-apos-clamar-a-deus-orava-todos-os-dias\/"]}]},{"@type":"ImageObject","inLanguage":"pt-BR","@id":"https:\/\/radioportoseguro.com.br\/site\/2026\/03\/07\/mulher-e-curada-da-depressao-apos-clamar-a-deus-orava-todos-os-dias\/#primaryimage","url":"https:\/\/radioportoseguro.com.br\/site\/wp-content\/uploads\/2026\/03\/2825832475-jania.png","contentUrl":"https:\/\/radioportoseguro.com.br\/site\/wp-content\/uploads\/2026\/03\/2825832475-jania.png","width":1200,"height":600},{"@type":"BreadcrumbList","@id":"https:\/\/radioportoseguro.com.br\/site\/2026\/03\/07\/mulher-e-curada-da-depressao-apos-clamar-a-deus-orava-todos-os-dias\/#breadcrumb","itemListElement":[{"@type":"ListItem","position":1,"name":"In\u00edcio","item":"https:\/\/radioportoseguro.com.br\/site\/"},{"@type":"ListItem","position":2,"name":"Mulher \u00e9 curada da depress\u00e3o ap\u00f3s clamar a Deus: &#8220;Orava todos os dias\u201d"}]},{"@type":"WebSite","@id":"https:\/\/radioportoseguro.com.br\/site\/#website","url":"https:\/\/radioportoseguro.com.br\/site\/","name":"R\u00e1dio Porto Seguro","description":"","potentialAction":[{"@type":"SearchAction","target":{"@type":"EntryPoint","urlTemplate":"https:\/\/radioportoseguro.com.br\/site\/?s={search_term_string}"},"query-input":{"@type":"PropertyValueSpecification","valueRequired":true,"valueName":"search_term_string"}}],"inLanguage":"pt-BR"},{"@type":"Person","@id":"https:\/\/radioportoseguro.com.br\/site\/#\/schema\/person\/7630acdc320186f13639d3c067ec089b","name":"admin","image":{"@type":"ImageObject","inLanguage":"pt-BR","@id":"https:\/\/radioportoseguro.com.br\/site\/#\/schema\/person\/image\/","url":"https:\/\/secure.gravatar.com\/avatar\/caacf4dc1eedb68fab0df8e1ed46c448e578b2466351bbcb61e47d2ac0caaef0?s=96&d=mm&r=g","contentUrl":"https:\/\/secure.gravatar.com\/avatar\/caacf4dc1eedb68fab0df8e1ed46c448e578b2466351bbcb61e47d2ac0caaef0?s=96&d=mm&r=g","caption":"admin"},"sameAs":["https:\/\/radioportoseguro.com.br\/site"],"url":"https:\/\/radioportoseguro.com.br\/site\/author\/hezio\/"}]}},"_links":{"self":[{"href":"https:\/\/radioportoseguro.com.br\/site\/wp-json\/wp\/v2\/posts\/4816","targetHints":{"allow":["GET"]}}],"collection":[{"href":"https:\/\/radioportoseguro.com.br\/site\/wp-json\/wp\/v2\/posts"}],"about":[{"href":"https:\/\/radioportoseguro.com.br\/site\/wp-json\/wp\/v2\/types\/post"}],"author":[{"embeddable":true,"href":"https:\/\/radioportoseguro.com.br\/site\/wp-json\/wp\/v2\/users\/1"}],"replies":[{"embeddable":true,"href":"https:\/\/radioportoseguro.com.br\/site\/wp-json\/wp\/v2\/comments?post=4816"}],"version-history":[{"count":0,"href":"https:\/\/radioportoseguro.com.br\/site\/wp-json\/wp\/v2\/posts\/4816\/revisions"}],"wp:featuredmedia":[{"embeddable":true,"href":"https:\/\/radioportoseguro.com.br\/site\/wp-json\/wp\/v2\/media\/4817"}],"wp:attachment":[{"href":"https:\/\/radioportoseguro.com.br\/site\/wp-json\/wp\/v2\/media?parent=4816"}],"wp:term":[{"taxonomy":"category","embeddable":true,"href":"https:\/\/radioportoseguro.com.br\/site\/wp-json\/wp\/v2\/categories?post=4816"},{"taxonomy":"post_tag","embeddable":true,"href":"https:\/\/radioportoseguro.com.br\/site\/wp-json\/wp\/v2\/tags?post=4816"}],"curies":[{"name":"wp","href":"https:\/\/api.w.org\/{rel}","templated":true}]}}